{"id":245855,"date":"2025-03-28T08:00:00","date_gmt":"2025-03-28T11:00:00","guid":{"rendered":"https:\/\/www.gaveanews.com\/?p=245855"},"modified":"2025-03-28T07:13:11","modified_gmt":"2025-03-28T10:13:11","slug":"retorno-de-arrascaeta-confirmado-divida-total-e-revelada-e-declaracao-de-danilo-as-ultimas-noticias-do-flamengo","status":"publish","type":"post","link":"https:\/\/www.gaveanews.com\/index.php\/2025\/03\/28\/retorno-de-arrascaeta-confirmado-divida-total-e-revelada-e-declaracao-de-danilo-as-ultimas-noticias-do-flamengo\/","title":{"rendered":"Retorno de Arrascaeta confirmado, d\u00edvida total \u00e9 revelada e declara\u00e7\u00e3o de Danilo: as \u00faltimas not\u00edcias do Flamengo"},"content":{"rendered":"\n<p>Nas \u00faltimas horas, o foco das not\u00edcias sobre o Flamengo se concentram nos bastidores do clube, com destaques do dia a dia do time.<\/p>\n\n\n\n<p>Por conta deste contexto, leia abaixo um resumo preparado pela equipe do portal G\u00e1vea News para lhe manter muito bem informado!<\/p>\n\n\n\n<div class=\"wp-block-group\"><div class=\"wp-block-group__inner-container is-layout-constrained wp-block-group-is-layout-constrained\">\n<h2 class=\"wp-block-heading\" id=\"h-declaracao-de-danilo\">Declara\u00e7\u00e3o de Danilo<\/h2>\n\n\n\n<p>Danilo, rec\u00e9m-chegado ao Flamengo ap\u00f3s passagem pela Juventus, j\u00e1 coleciona conquistas e destaque no clube carioca. O zagueiro se adaptou rapidamente ao ambiente rubro-negro, conquistando tr\u00eas t\u00edtulos em pouco tempo e ganhando o respeito da torcida e dos colegas. Em entrevista \u00e0 Flamengo TV, o defensor relatou sua satisfa\u00e7\u00e3o em fazer parte do grupo, ressaltando o quanto valoriza a conviv\u00eancia com todos no clube, desde os jogadores at\u00e9 os funcion\u00e1rios dos bastidores <strong><a href=\"https:\/\/www.gaveanews.com\/index.php\/2025\/03\/24\/a-declaracao-de-danilo-sobre-sua-chegada-ao-flamengo-eu-aprendi\/\">(leia a mat\u00e9ria completa).<\/a><\/strong><\/p>\n\n\n\n<figure class=\"wp-block-image size-full\"><img loading=\"lazy\" decoding=\"async\" width=\"622\" height=\"519\" src=\"http:\/\/www.gaveanews.com\/wp-content\/uploads\/Danilo-pelo-Flamengo.webp\" alt=\"\" class=\"wp-image-222093\"\/><figcaption class=\"wp-element-caption\">Danilo pelo Flamengo (Foto: Divulga\u00e7\u00e3o\/Flamengo)<\/figcaption><\/figure>\n\n\n\n<p>Adotando uma postura observadora nas primeiras semanas, Danilo afirmou que buscou entender a rotina e a cultura do time antes de exercer qualquer tipo de protagonismo. <\/p>\n\n\n\n<p>A conex\u00e3o com o ambiente, segundo ele, foi fundamental para que se sentisse \u00e0 vontade e pudesse contribuir com sua experi\u00eancia e mentalidade. Mesmo em tom descontra\u00eddo ao falar sobre os t\u00edtulos, o atleta demonstrou comprometimento com o grupo e o desejo de crescer junto com o Flamengo.<\/p>\n\n\n\n<p>No momento, o zagueiro passa por um processo de recupera\u00e7\u00e3o de uma les\u00e3o muscular, que o tirou das finais do Campeonato Carioca. A pausa para a Data FIFA tem sido essencial para sua reabilita\u00e7\u00e3o, visando a estreia do Brasileir\u00e3o, onde o Flamengo enfrentar\u00e1 o Internacional. Enquanto isso, o elenco segue treinando intensamente para dar continuidade \u00e0 sequ\u00eancia positiva de resultados, enquanto Danilo se prepara para retornar aos gramados em plena forma.<\/p>\n\n\n\n<h2 class=\"wp-block-heading\" id=\"h-divida-total-e-revelada\">D\u00edvida total \u00e9 revelada<\/h2>\n\n\n\n<p>Durante reuni\u00e3o com o Conselho Deliberativo, o presidente do Flamengo, Luiz Eduardo Baptista, apresentou um panorama da situa\u00e7\u00e3o financeira do clube. Um dos pontos de maior destaque foi o crescimento expressivo da d\u00edvida, que saltou de R$ 48 milh\u00f5es para R$ 346 milh\u00f5es em pouco menos de tr\u00eas meses. A justificativa apresentada para esse aumento envolve investimentos em infraestrutura e contrata\u00e7\u00f5es de atletas, decis\u00f5es que geraram discuss\u00f5es sobre os riscos e benef\u00edcios no m\u00e9dio e longo prazo para o Rubro-Negro <strong><a href=\"https:\/\/www.gaveanews.com\/index.php\/2025\/03\/24\/veja-o-valor-total-da-divida-do-flamengo\/\">(leia a mat\u00e9ria completa).<\/a><\/strong><\/p>\n\n\n\n<figure class=\"wp-block-image size-large\"><img loading=\"lazy\" decoding=\"async\" width=\"1024\" height=\"576\" src=\"http:\/\/www.gaveanews.com\/wp-content\/uploads\/Futebol-e-dinheiro-1-1024x576.webp\" alt=\"\" class=\"wp-image-167418\" srcset=\"https:\/\/www.gaveanews.com\/wp-content\/uploads\/Futebol-e-dinheiro-1-1024x576.webp 1024w, https:\/\/www.gaveanews.com\/wp-content\/uploads\/Futebol-e-dinheiro-1-300x169.webp 300w, https:\/\/www.gaveanews.com\/wp-content\/uploads\/Futebol-e-dinheiro-1-768x432.webp 768w, https:\/\/www.gaveanews.com\/wp-content\/uploads\/Futebol-e-dinheiro-1-747x420.webp 747w, https:\/\/www.gaveanews.com\/wp-content\/uploads\/Futebol-e-dinheiro-1-640x360.webp 640w, https:\/\/www.gaveanews.com\/wp-content\/uploads\/Futebol-e-dinheiro-1-681x383.webp 681w, https:\/\/www.gaveanews.com\/wp-content\/uploads\/Futebol-e-dinheiro-1-100x56.webp 100w, https:\/\/www.gaveanews.com\/wp-content\/uploads\/Futebol-e-dinheiro-1.webp 1280w\" sizes=\"auto, (max-width: 1024px) 100vw, 1024px\" \/><figcaption class=\"wp-element-caption\">Futebol e dinheiro (Imagem: Editoria de arte\/G\u00e1vea News\/Henrique Machado)<\/figcaption><\/figure>\n\n\n\n<p>Segundo Bap, os recursos foram aplicados principalmente na compra do terreno do Gas\u00f4metro, onde ser\u00e1 constru\u00eddo o est\u00e1dio pr\u00f3prio do clube, al\u00e9m da aquisi\u00e7\u00e3o de jogadores como Alcaraz e Plata. O presidente defendeu essa estrat\u00e9gia como essencial para fortalecer a competitividade e o protagonismo da equipe. Ele tamb\u00e9m revelou uma mudan\u00e7a no modelo financeiro: ao contr\u00e1rio de anos anteriores, quando o clube vendia antes de comprar, a ordem foi invertida, o que impactou diretamente no balan\u00e7o financeiro.<\/p>\n\n\n\n<p>Apesar do cen\u00e1rio preocupante com o aumento da d\u00edvida, um dado positivo foi apontado: a recupera\u00e7\u00e3o significativa do caixa do Flamengo no fim de 2024. A expectativa de ter apenas R$ 3,3 milh\u00f5es foi superada com um saldo de R$ 69,8 milh\u00f5es em dezembro, resultado de medidas de renegocia\u00e7\u00e3o e ajustes internos. A gest\u00e3o segue apostando em grandes investimentos como alicerce para alcan\u00e7ar um futuro financeiramente s\u00f3lido e consolidar o clube entre os maiores do continente.<\/p>\n\n\n\n<h2 class=\"wp-block-heading\" id=\"h-retorno-de-arrascaeta-confirmado\">Retorno de Arrascaeta confirmado<\/h2>\n\n\n\n<p>Ap\u00f3s a conquista do Campeonato Carioca de 2025, o Flamengo direciona suas aten\u00e7\u00f5es para o in\u00edcio do Brasileir\u00e3o, mas enfrenta uma preocupa\u00e7\u00e3o com o meia Arrascaeta. Durante um amistoso entre Uruguai e Argentina, o jogador sentiu um desconforto muscular que o tirou de campo ainda no primeiro tempo, levantando d\u00favidas sobre sua participa\u00e7\u00e3o na estreia do campeonato nacional. A situa\u00e7\u00e3o mobilizou a comiss\u00e3o t\u00e9cnica rubro-negra, que aguarda a chegada do atleta ao clube para dar sequ\u00eancia ao tratamento <strong><a href=\"https:\/\/www.gaveanews.com\/index.php\/2025\/03\/24\/arrascaeta-ganha-data-para-retornar-ao-flamengo\/\">(leia a mat\u00e9ria completa).<\/a><\/strong><\/p>\n\n\n\n<figure class=\"wp-block-image size-large\"><img loading=\"lazy\" decoding=\"async\" width=\"1024\" height=\"671\" src=\"http:\/\/www.gaveanews.com\/wp-content\/uploads\/Arrascaeta-em-acao-pelo-Flamengo-1-1024x671.webp\" alt=\"\" class=\"wp-image-169509\" srcset=\"https:\/\/www.gaveanews.com\/wp-content\/uploads\/Arrascaeta-em-acao-pelo-Flamengo-1-1024x671.webp 1024w, https:\/\/www.gaveanews.com\/wp-content\/uploads\/Arrascaeta-em-acao-pelo-Flamengo-1-300x197.webp 300w, https:\/\/www.gaveanews.com\/wp-content\/uploads\/Arrascaeta-em-acao-pelo-Flamengo-1-768x503.webp 768w, https:\/\/www.gaveanews.com\/wp-content\/uploads\/Arrascaeta-em-acao-pelo-Flamengo-1-641x420.webp 641w, https:\/\/www.gaveanews.com\/wp-content\/uploads\/Arrascaeta-em-acao-pelo-Flamengo-1-640x420.webp 640w, https:\/\/www.gaveanews.com\/wp-content\/uploads\/Arrascaeta-em-acao-pelo-Flamengo-1-681x446.webp 681w, https:\/\/www.gaveanews.com\/wp-content\/uploads\/Arrascaeta-em-acao-pelo-Flamengo-1-100x66.webp 100w, https:\/\/www.gaveanews.com\/wp-content\/uploads\/Arrascaeta-em-acao-pelo-Flamengo-1.webp 1170w\" sizes=\"auto, (max-width: 1024px) 100vw, 1024px\" \/><figcaption class=\"wp-element-caption\">Arrascaeta em a\u00e7\u00e3o pelo Flamengo (Foto: Gilvan de Souza\/CRF)<\/figcaption><\/figure>\n\n\n\n<p>O jogador permanece com a delega\u00e7\u00e3o uruguaia at\u00e9 o dia 24 de mar\u00e7o, realizando os primeiros cuidados m\u00e9dicos antes de retornar ao Flamengo em 25 de mar\u00e7o. A inten\u00e7\u00e3o \u00e9 acelerar a recupera\u00e7\u00e3o ainda em ambiente de sele\u00e7\u00e3o, garantindo que ele volte ao clube em melhores condi\u00e7\u00f5es f\u00edsicas. Enquanto isso, outro nome importante do elenco, De La Cruz, tamb\u00e9m convocado pelo Uruguai, retorna sem les\u00f5es, estando j\u00e1 \u00e0 disposi\u00e7\u00e3o do t\u00e9cnico Filipe Lu\u00eds para os pr\u00f3ximos compromissos.<\/p>\n\n\n\n<p>A estreia do Flamengo no Campeonato Brasileiro ser\u00e1 contra o Internacional, no Maracan\u00e3, e o clube ainda n\u00e3o sabe se poder\u00e1 contar com Arrascaeta. A indefini\u00e7\u00e3o sobre sua presen\u00e7a \u00e9 um desafio para o time, que busca iniciar a campanha com for\u00e7a total. A expectativa em torno da competi\u00e7\u00e3o \u00e9 alta, e o elenco precisa demonstrar consist\u00eancia, mesmo com eventuais desfalques, para manter o desempenho vitorioso da temporada.<\/p>\n<\/div><\/div>\n","protected":false},"excerpt":{"rendered":"<p>Nas \u00faltimas horas, o foco das not\u00edcias sobre o Flamengo se concentram nos bastidores do clube, com destaques do dia a dia do time. Por conta deste contexto, leia abaixo um resumo preparado pela equipe do portal G\u00e1vea News para lhe manter muito bem informado! Declara\u00e7\u00e3o de Danilo Danilo, rec\u00e9m-chegado ao Flamengo ap\u00f3s passagem pela [&hellip;]<\/p>\n","protected":false},"author":33,"featured_media":101250,"comment_status":"open","ping_status":"closed","sticky":false,"template":"","format":"standard","meta":{"footnotes":""},"categories":[1],"tags":[],"class_list":["post-245855","post","type-post","status-publish","format-standard","has-post-thumbnail","hentry","category-flamengo"],"yoast_head":"<!-- This site is optimized with the Yoast SEO Premium plugin v24.2 (Yoast SEO v26.9) - https:\/\/yoast.com\/product\/yoast-seo-premium-wordpress\/ -->\n<title>Retorno de Arrascaeta confirmado, d\u00edvida total \u00e9 revelada e declara\u00e7\u00e3o de Danilo: as \u00faltimas not\u00edcias do Flamengo<\/title>\n<meta name=\"robots\" content=\"index, follow, max-snippet:-1, max-image-preview:large, max-video-preview:-1\" \/>\n<link rel=\"canonical\" href=\"https:\/\/www.gaveanews.com\/index.php\/2025\/03\/28\/retorno-de-arrascaeta-confirmado-divida-total-e-revelada-e-declaracao-de-danilo-as-ultimas-noticias-do-flamengo\/\" \/>\n<meta property=\"og:locale\" content=\"pt_BR\" \/>\n<meta property=\"og:type\" content=\"article\" \/>\n<meta property=\"og:title\" content=\"Retorno de Arrascaeta confirmado, d\u00edvida total \u00e9 revelada e declara\u00e7\u00e3o de Danilo: as \u00faltimas not\u00edcias do Flamengo\" \/>\n<meta property=\"og:description\" content=\"Nas \u00faltimas horas, o foco das not\u00edcias sobre o Flamengo se concentram nos bastidores do clube, com destaques do dia a dia do time. Por conta deste contexto, leia abaixo um resumo preparado pela equipe do portal G\u00e1vea News para lhe manter muito bem informado! Declara\u00e7\u00e3o de Danilo Danilo, rec\u00e9m-chegado ao Flamengo ap\u00f3s passagem pela [&hellip;]\" \/>\n<meta property=\"og:url\" content=\"https:\/\/www.gaveanews.com\/index.php\/2025\/03\/28\/retorno-de-arrascaeta-confirmado-divida-total-e-revelada-e-declaracao-de-danilo-as-ultimas-noticias-do-flamengo\/\" \/>\n<meta property=\"og:site_name\" content=\"G\u00e1vea News\" \/>\n<meta property=\"article:publisher\" content=\"https:\/\/facebook.com\/gaveaNews\/\" \/>\n<meta property=\"article:published_time\" content=\"2025-03-28T11:00:00+00:00\" \/>\n<meta property=\"og:image\" content=\"https:\/\/www.gaveanews.com\/wp-content\/uploads\/Maracanao-escudo-Flamengo.webp\" \/>\n\t<meta property=\"og:image:width\" content=\"640\" \/>\n\t<meta property=\"og:image:height\" content=\"427\" \/>\n\t<meta property=\"og:image:type\" content=\"image\/jpeg\" \/>\n<meta name=\"author\" content=\"Brenda Cezillo\" \/>\n<meta name=\"twitter:card\" content=\"summary_large_image\" \/>\n<meta name=\"twitter:label1\" content=\"Escrito por\" \/>\n\t<meta name=\"twitter:data1\" content=\"Brenda Cezillo\" \/>\n\t<meta name=\"twitter:label2\" content=\"Est. tempo de leitura\" \/>\n\t<meta name=\"twitter:data2\" content=\"6 minutos\" \/>\n<script type=\"application\/ld+json\" class=\"yoast-schema-graph\">{\"@context\":\"https:\/\/schema.org\",\"@graph\":[{\"@type\":\"NewsArticle\",\"@id\":\"https:\/\/www.gaveanews.com\/index.php\/2025\/03\/28\/retorno-de-arrascaeta-confirmado-divida-total-e-revelada-e-declaracao-de-danilo-as-ultimas-noticias-do-flamengo\/#article\",\"isPartOf\":{\"@id\":\"https:\/\/www.gaveanews.com\/index.php\/2025\/03\/28\/retorno-de-arrascaeta-confirmado-divida-total-e-revelada-e-declaracao-de-danilo-as-ultimas-noticias-do-flamengo\/\"},\"author\":{\"name\":\"Brenda Cezillo\",\"@id\":\"https:\/\/www.gaveanews.com\/#\/schema\/person\/c79759ca337c40791ae8d08e2923d403\"},\"headline\":\"Retorno de Arrascaeta confirmado, d\u00edvida total \u00e9 revelada e declara\u00e7\u00e3o de Danilo: as \u00faltimas not\u00edcias do Flamengo\",\"datePublished\":\"2025-03-28T11:00:00+00:00\",\"mainEntityOfPage\":{\"@id\":\"https:\/\/www.gaveanews.com\/index.php\/2025\/03\/28\/retorno-de-arrascaeta-confirmado-divida-total-e-revelada-e-declaracao-de-danilo-as-ultimas-noticias-do-flamengo\/\"},\"wordCount\":860,\"commentCount\":0,\"image\":{\"@id\":\"https:\/\/www.gaveanews.com\/index.php\/2025\/03\/28\/retorno-de-arrascaeta-confirmado-divida-total-e-revelada-e-declaracao-de-danilo-as-ultimas-noticias-do-flamengo\/#primaryimage\"},\"thumbnailUrl\":\"https:\/\/www.gaveanews.com\/wp-content\/uploads\/Maracanao-escudo-Flamengo.webp\",\"articleSection\":[\"Flamengo\"],\"inLanguage\":\"pt-BR\",\"potentialAction\":[{\"@type\":\"CommentAction\",\"name\":\"Comment\",\"target\":[\"https:\/\/www.gaveanews.com\/index.php\/2025\/03\/28\/retorno-de-arrascaeta-confirmado-divida-total-e-revelada-e-declaracao-de-danilo-as-ultimas-noticias-do-flamengo\/#respond\"]}],\"copyrightYear\":\"2025\",\"copyrightHolder\":{\"@id\":\"https:\/\/www.gaveanews.com\/#organization\"}},{\"@type\":\"WebPage\",\"@id\":\"https:\/\/www.gaveanews.com\/index.php\/2025\/03\/28\/retorno-de-arrascaeta-confirmado-divida-total-e-revelada-e-declaracao-de-danilo-as-ultimas-noticias-do-flamengo\/\",\"url\":\"https:\/\/www.gaveanews.com\/index.php\/2025\/03\/28\/retorno-de-arrascaeta-confirmado-divida-total-e-revelada-e-declaracao-de-danilo-as-ultimas-noticias-do-flamengo\/\",\"name\":\"Retorno de Arrascaeta confirmado, d\u00edvida total \u00e9 revelada e declara\u00e7\u00e3o de Danilo: as \u00faltimas not\u00edcias do Flamengo\",\"isPartOf\":{\"@id\":\"https:\/\/www.gaveanews.com\/#website\"},\"primaryImageOfPage\":{\"@id\":\"https:\/\/www.gaveanews.com\/index.php\/2025\/03\/28\/retorno-de-arrascaeta-confirmado-divida-total-e-revelada-e-declaracao-de-danilo-as-ultimas-noticias-do-flamengo\/#primaryimage\"},\"image\":{\"@id\":\"https:\/\/www.gaveanews.com\/index.php\/2025\/03\/28\/retorno-de-arrascaeta-confirmado-divida-total-e-revelada-e-declaracao-de-danilo-as-ultimas-noticias-do-flamengo\/#primaryimage\"},\"thumbnailUrl\":\"https:\/\/www.gaveanews.com\/wp-content\/uploads\/Maracanao-escudo-Flamengo.webp\",\"datePublished\":\"2025-03-28T11:00:00+00:00\",\"author\":{\"@id\":\"https:\/\/www.gaveanews.com\/#\/schema\/person\/c79759ca337c40791ae8d08e2923d403\"},\"breadcrumb\":{\"@id\":\"https:\/\/www.gaveanews.com\/index.php\/2025\/03\/28\/retorno-de-arrascaeta-confirmado-divida-total-e-revelada-e-declaracao-de-danilo-as-ultimas-noticias-do-flamengo\/#breadcrumb\"},\"inLanguage\":\"pt-BR\",\"potentialAction\":[{\"@type\":\"ReadAction\",\"target\":[\"https:\/\/www.gaveanews.com\/index.php\/2025\/03\/28\/retorno-de-arrascaeta-confirmado-divida-total-e-revelada-e-declaracao-de-danilo-as-ultimas-noticias-do-flamengo\/\"]}]},{\"@type\":\"ImageObject\",\"inLanguage\":\"pt-BR\",\"@id\":\"https:\/\/www.gaveanews.com\/index.php\/2025\/03\/28\/retorno-de-arrascaeta-confirmado-divida-total-e-revelada-e-declaracao-de-danilo-as-ultimas-noticias-do-flamengo\/#primaryimage\",\"url\":\"https:\/\/www.gaveanews.com\/wp-content\/uploads\/Maracanao-escudo-Flamengo.webp\",\"contentUrl\":\"https:\/\/www.gaveanews.com\/wp-content\/uploads\/Maracanao-escudo-Flamengo.webp\",\"width\":640,\"height\":427,\"caption\":\"Escudo do Flamengo no gramado do Maracan\u00e3 (Foto: Reprodu\u00e7\u00e3o)\"},{\"@type\":\"BreadcrumbList\",\"@id\":\"https:\/\/www.gaveanews.com\/index.php\/2025\/03\/28\/retorno-de-arrascaeta-confirmado-divida-total-e-revelada-e-declaracao-de-danilo-as-ultimas-noticias-do-flamengo\/#breadcrumb\",\"itemListElement\":[{\"@type\":\"ListItem\",\"position\":1,\"name\":\"Home\",\"item\":\"https:\/\/www.gaveanews.com\/\"},{\"@type\":\"ListItem\",\"position\":2,\"name\":\"Retorno de Arrascaeta confirmado, d\u00edvida total \u00e9 revelada e declara\u00e7\u00e3o de Danilo: as \u00faltimas not\u00edcias do Flamengo\"}]},{\"@type\":\"WebSite\",\"@id\":\"https:\/\/www.gaveanews.com\/#website\",\"url\":\"https:\/\/www.gaveanews.com\/\",\"name\":\"G\u00e1vea News\",\"description\":\"Veja todas as not\u00edcias sobre o Flamengo: Contrata\u00e7\u00f5es, categorias de base, resultados das partidas, tabela de classifica\u00e7\u00e3o, pr\u00f3ximos jogos!\",\"potentialAction\":[{\"@type\":\"SearchAction\",\"target\":{\"@type\":\"EntryPoint\",\"urlTemplate\":\"https:\/\/www.gaveanews.com\/?s={search_term_string}\"},\"query-input\":{\"@type\":\"PropertyValueSpecification\",\"valueRequired\":true,\"valueName\":\"search_term_string\"}}],\"inLanguage\":\"pt-BR\"},{\"@type\":\"Person\",\"@id\":\"https:\/\/www.gaveanews.com\/#\/schema\/person\/c79759ca337c40791ae8d08e2923d403\",\"name\":\"Brenda Cezillo\",\"image\":{\"@type\":\"ImageObject\",\"inLanguage\":\"pt-BR\",\"@id\":\"https:\/\/www.gaveanews.com\/#\/schema\/person\/image\/\",\"url\":\"https:\/\/secure.gravatar.com\/avatar\/1738d75cee7317f9c29ae61dd67620c5883d80a92e42a6fff88ae5d527af217a?s=96&d=mm&r=g\",\"contentUrl\":\"https:\/\/secure.gravatar.com\/avatar\/1738d75cee7317f9c29ae61dd67620c5883d80a92e42a6fff88ae5d527af217a?s=96&d=mm&r=g\",\"caption\":\"Brenda Cezillo\"}}]}<\/script>\n<!-- \/ Yoast SEO Premium plugin. -->","yoast_head_json":{"title":"Retorno de Arrascaeta confirmado, d\u00edvida total \u00e9 revelada e declara\u00e7\u00e3o de Danilo: as \u00faltimas not\u00edcias do Flamengo","robots":{"index":"index","follow":"follow","max-snippet":"max-snippet:-1","max-image-preview":"max-image-preview:large","max-video-preview":"max-video-preview:-1"},"canonical":"https:\/\/www.gaveanews.com\/index.php\/2025\/03\/28\/retorno-de-arrascaeta-confirmado-divida-total-e-revelada-e-declaracao-de-danilo-as-ultimas-noticias-do-flamengo\/","og_locale":"pt_BR","og_type":"article","og_title":"Retorno de Arrascaeta confirmado, d\u00edvida total \u00e9 revelada e declara\u00e7\u00e3o de Danilo: as \u00faltimas not\u00edcias do Flamengo","og_description":"Nas \u00faltimas horas, o foco das not\u00edcias sobre o Flamengo se concentram nos bastidores do clube, com destaques do dia a dia do time. Por conta deste contexto, leia abaixo um resumo preparado pela equipe do portal G\u00e1vea News para lhe manter muito bem informado! Declara\u00e7\u00e3o de Danilo Danilo, rec\u00e9m-chegado ao Flamengo ap\u00f3s passagem pela [&hellip;]","og_url":"https:\/\/www.gaveanews.com\/index.php\/2025\/03\/28\/retorno-de-arrascaeta-confirmado-divida-total-e-revelada-e-declaracao-de-danilo-as-ultimas-noticias-do-flamengo\/","og_site_name":"G\u00e1vea News","article_publisher":"https:\/\/facebook.com\/gaveaNews\/","article_published_time":"2025-03-28T11:00:00+00:00","og_image":[{"width":640,"height":427,"url":"https:\/\/www.gaveanews.com\/wp-content\/uploads\/Maracanao-escudo-Flamengo.webp","type":"image\/jpeg"}],"author":"Brenda Cezillo","twitter_card":"summary_large_image","twitter_misc":{"Escrito por":"Brenda Cezillo","Est. tempo de leitura":"6 minutos"},"schema":{"@context":"https:\/\/schema.org","@graph":[{"@type":"NewsArticle","@id":"https:\/\/www.gaveanews.com\/index.php\/2025\/03\/28\/retorno-de-arrascaeta-confirmado-divida-total-e-revelada-e-declaracao-de-danilo-as-ultimas-noticias-do-flamengo\/#article","isPartOf":{"@id":"https:\/\/www.gaveanews.com\/index.php\/2025\/03\/28\/retorno-de-arrascaeta-confirmado-divida-total-e-revelada-e-declaracao-de-danilo-as-ultimas-noticias-do-flamengo\/"},"author":{"name":"Brenda Cezillo","@id":"https:\/\/www.gaveanews.com\/#\/schema\/person\/c79759ca337c40791ae8d08e2923d403"},"headline":"Retorno de Arrascaeta confirmado, d\u00edvida total \u00e9 revelada e declara\u00e7\u00e3o de Danilo: as \u00faltimas not\u00edcias do Flamengo","datePublished":"2025-03-28T11:00:00+00:00","mainEntityOfPage":{"@id":"https:\/\/www.gaveanews.com\/index.php\/2025\/03\/28\/retorno-de-arrascaeta-confirmado-divida-total-e-revelada-e-declaracao-de-danilo-as-ultimas-noticias-do-flamengo\/"},"wordCount":860,"commentCount":0,"image":{"@id":"https:\/\/www.gaveanews.com\/index.php\/2025\/03\/28\/retorno-de-arrascaeta-confirmado-divida-total-e-revelada-e-declaracao-de-danilo-as-ultimas-noticias-do-flamengo\/#primaryimage"},"thumbnailUrl":"https:\/\/www.gaveanews.com\/wp-content\/uploads\/Maracanao-escudo-Flamengo.webp","articleSection":["Flamengo"],"inLanguage":"pt-BR","potentialAction":[{"@type":"CommentAction","name":"Comment","target":["https:\/\/www.gaveanews.com\/index.php\/2025\/03\/28\/retorno-de-arrascaeta-confirmado-divida-total-e-revelada-e-declaracao-de-danilo-as-ultimas-noticias-do-flamengo\/#respond"]}],"copyrightYear":"2025","copyrightHolder":{"@id":"https:\/\/www.gaveanews.com\/#organization"}},{"@type":"WebPage","@id":"https:\/\/www.gaveanews.com\/index.php\/2025\/03\/28\/retorno-de-arrascaeta-confirmado-divida-total-e-revelada-e-declaracao-de-danilo-as-ultimas-noticias-do-flamengo\/","url":"https:\/\/www.gaveanews.com\/index.php\/2025\/03\/28\/retorno-de-arrascaeta-confirmado-divida-total-e-revelada-e-declaracao-de-danilo-as-ultimas-noticias-do-flamengo\/","name":"Retorno de Arrascaeta confirmado, d\u00edvida total \u00e9 revelada e declara\u00e7\u00e3o de Danilo: as \u00faltimas not\u00edcias do Flamengo","isPartOf":{"@id":"https:\/\/www.gaveanews.com\/#website"},"primaryImageOfPage":{"@id":"https:\/\/www.gaveanews.com\/index.php\/2025\/03\/28\/retorno-de-arrascaeta-confirmado-divida-total-e-revelada-e-declaracao-de-danilo-as-ultimas-noticias-do-flamengo\/#primaryimage"},"image":{"@id":"https:\/\/www.gaveanews.com\/index.php\/2025\/03\/28\/retorno-de-arrascaeta-confirmado-divida-total-e-revelada-e-declaracao-de-danilo-as-ultimas-noticias-do-flamengo\/#primaryimage"},"thumbnailUrl":"https:\/\/www.gaveanews.com\/wp-content\/uploads\/Maracanao-escudo-Flamengo.webp","datePublished":"2025-03-28T11:00:00+00:00","author":{"@id":"https:\/\/www.gaveanews.com\/#\/schema\/person\/c79759ca337c40791ae8d08e2923d403"},"breadcrumb":{"@id":"https:\/\/www.gaveanews.com\/index.php\/2025\/03\/28\/retorno-de-arrascaeta-confirmado-divida-total-e-revelada-e-declaracao-de-danilo-as-ultimas-noticias-do-flamengo\/#breadcrumb"},"inLanguage":"pt-BR","potentialAction":[{"@type":"ReadAction","target":["https:\/\/www.gaveanews.com\/index.php\/2025\/03\/28\/retorno-de-arrascaeta-confirmado-divida-total-e-revelada-e-declaracao-de-danilo-as-ultimas-noticias-do-flamengo\/"]}]},{"@type":"ImageObject","inLanguage":"pt-BR","@id":"https:\/\/www.gaveanews.com\/index.php\/2025\/03\/28\/retorno-de-arrascaeta-confirmado-divida-total-e-revelada-e-declaracao-de-danilo-as-ultimas-noticias-do-flamengo\/#primaryimage","url":"https:\/\/www.gaveanews.com\/wp-content\/uploads\/Maracanao-escudo-Flamengo.webp","contentUrl":"https:\/\/www.gaveanews.com\/wp-content\/uploads\/Maracanao-escudo-Flamengo.webp","width":640,"height":427,"caption":"Escudo do Flamengo no gramado do Maracan\u00e3 (Foto: Reprodu\u00e7\u00e3o)"},{"@type":"BreadcrumbList","@id":"https:\/\/www.gaveanews.com\/index.php\/2025\/03\/28\/retorno-de-arrascaeta-confirmado-divida-total-e-revelada-e-declaracao-de-danilo-as-ultimas-noticias-do-flamengo\/#breadcrumb","itemListElement":[{"@type":"ListItem","position":1,"name":"Home","item":"https:\/\/www.gaveanews.com\/"},{"@type":"ListItem","position":2,"name":"Retorno de Arrascaeta confirmado, d\u00edvida total \u00e9 revelada e declara\u00e7\u00e3o de Danilo: as \u00faltimas not\u00edcias do Flamengo"}]},{"@type":"WebSite","@id":"https:\/\/www.gaveanews.com\/#website","url":"https:\/\/www.gaveanews.com\/","name":"G\u00e1vea News","description":"Veja todas as not\u00edcias sobre o Flamengo: Contrata\u00e7\u00f5es, categorias de base, resultados das partidas, tabela de classifica\u00e7\u00e3o, pr\u00f3ximos jogos!","potentialAction":[{"@type":"SearchAction","target":{"@type":"EntryPoint","urlTemplate":"https:\/\/www.gaveanews.com\/?s={search_term_string}"},"query-input":{"@type":"PropertyValueSpecification","valueRequired":true,"valueName":"search_term_string"}}],"inLanguage":"pt-BR"},{"@type":"Person","@id":"https:\/\/www.gaveanews.com\/#\/schema\/person\/c79759ca337c40791ae8d08e2923d403","name":"Brenda Cezillo","image":{"@type":"ImageObject","inLanguage":"pt-BR","@id":"https:\/\/www.gaveanews.com\/#\/schema\/person\/image\/","url":"https:\/\/secure.gravatar.com\/avatar\/1738d75cee7317f9c29ae61dd67620c5883d80a92e42a6fff88ae5d527af217a?s=96&d=mm&r=g","contentUrl":"https:\/\/secure.gravatar.com\/avatar\/1738d75cee7317f9c29ae61dd67620c5883d80a92e42a6fff88ae5d527af217a?s=96&d=mm&r=g","caption":"Brenda Cezillo"}}]}},"_links":{"self":[{"href":"https:\/\/www.gaveanews.com\/index.php\/wp-json\/wp\/v2\/posts\/245855","targetHints":{"allow":["GET"]}}],"collection":[{"href":"https:\/\/www.gaveanews.com\/index.php\/wp-json\/wp\/v2\/posts"}],"about":[{"href":"https:\/\/www.gaveanews.com\/index.php\/wp-json\/wp\/v2\/types\/post"}],"author":[{"embeddable":true,"href":"https:\/\/www.gaveanews.com\/index.php\/wp-json\/wp\/v2\/users\/33"}],"replies":[{"embeddable":true,"href":"https:\/\/www.gaveanews.com\/index.php\/wp-json\/wp\/v2\/comments?post=245855"}],"version-history":[{"count":1,"href":"https:\/\/www.gaveanews.com\/index.php\/wp-json\/wp\/v2\/posts\/245855\/revisions"}],"predecessor-version":[{"id":245858,"href":"https:\/\/www.gaveanews.com\/index.php\/wp-json\/wp\/v2\/posts\/245855\/revisions\/245858"}],"wp:featuredmedia":[{"embeddable":true,"href":"https:\/\/www.gaveanews.com\/index.php\/wp-json\/wp\/v2\/media\/101250"}],"wp:attachment":[{"href":"https:\/\/www.gaveanews.com\/index.php\/wp-json\/wp\/v2\/media?parent=245855"}],"wp:term":[{"taxonomy":"category","embeddable":true,"href":"https:\/\/www.gaveanews.com\/index.php\/wp-json\/wp\/v2\/categories?post=245855"},{"taxonomy":"post_tag","embeddable":true,"href":"https:\/\/www.gaveanews.com\/index.php\/wp-json\/wp\/v2\/tags?post=245855"}],"curies":[{"name":"wp","href":"https:\/\/api.w.org\/{rel}","templated":true}]}}