{"id":245857,"date":"2025-03-28T09:00:00","date_gmt":"2025-03-28T12:00:00","guid":{"rendered":"https:\/\/www.gaveanews.com\/?p=245857"},"modified":"2025-03-28T07:23:51","modified_gmt":"2025-03-28T10:23:51","slug":"jorginho-toma-decisao-danilo-faz-cobranca-e-declaracao-de-vene-casagrande-as-ultimas-noticias-do-flamengo","status":"publish","type":"post","link":"https:\/\/www.gaveanews.com\/index.php\/2025\/03\/28\/jorginho-toma-decisao-danilo-faz-cobranca-e-declaracao-de-vene-casagrande-as-ultimas-noticias-do-flamengo\/","title":{"rendered":"Jorginho toma decis\u00e3o, Danilo faz cobran\u00e7a e declara\u00e7\u00e3o de Ven\u00ea Casagrande: as \u00faltimas not\u00edcias do Flamengo"},"content":{"rendered":"\n<p>Nas \u00faltimas horas, o foco das not\u00edcias sobre o Flamengo se concentram nos bastidores do clube, com destaques do dia a dia do time.<\/p>\n\n\n\n<p>Por conta deste contexto, leia abaixo um resumo preparado pela equipe do portal G\u00e1vea News para lhe manter muito bem informado!<\/p>\n\n\n\n<div class=\"wp-block-group\"><div class=\"wp-block-group__inner-container is-layout-constrained wp-block-group-is-layout-constrained\">\n<h2 class=\"wp-block-heading\" id=\"h-declaracao-de-vene-casagrande\">Declara\u00e7\u00e3o de Ven\u00ea Casagrande<\/h2>\n\n\n\n<p>O jornalista Ven\u00ea Casagrande elogiou enfaticamente o trabalho de Filipe Lu\u00eds \u00e0 frente do Flamengo, destacando seu desempenho como t\u00e9cnico e a crescente press\u00e3o para que ele assuma a Sele\u00e7\u00e3o Brasileira. Com 27 partidas no comando do time rubro-negro, Filipe acumula n\u00fameros expressivos: 19 vit\u00f3rias, sete empates e apenas uma derrota, al\u00e9m de tr\u00eas t\u00edtulos conquistados. Sua evolu\u00e7\u00e3o no cargo tem sido t\u00e3o impactante que seu nome j\u00e1 come\u00e7a a circular como poss\u00edvel sucessor de Dorival J\u00fanior no comando da sele\u00e7\u00e3o nacional <strong><a href=\"https:\/\/www.gaveanews.com\/index.php\/2025\/03\/24\/a-declaracao-de-vene-casagrande-direcionada-a-filipe-luis\/\">(leia a mat\u00e9ria completa).<\/a><\/strong><\/p>\n\n\n\n<figure class=\"wp-block-image size-large\"><img loading=\"lazy\" decoding=\"async\" width=\"1024\" height=\"683\" src=\"http:\/\/www.gaveanews.com\/wp-content\/uploads\/Filipe-Luis-como-tecnico-do-Flamengo-em-2024-1024x683.webp\" alt=\"\" class=\"wp-image-171213\" srcset=\"https:\/\/www.gaveanews.com\/wp-content\/uploads\/Filipe-Luis-como-tecnico-do-Flamengo-em-2024-1024x683.webp 1024w, https:\/\/www.gaveanews.com\/wp-content\/uploads\/Filipe-Luis-como-tecnico-do-Flamengo-em-2024-300x200.webp 300w, https:\/\/www.gaveanews.com\/wp-content\/uploads\/Filipe-Luis-como-tecnico-do-Flamengo-em-2024-768x512.webp 768w, https:\/\/www.gaveanews.com\/wp-content\/uploads\/Filipe-Luis-como-tecnico-do-Flamengo-em-2024-630x420.webp 630w, https:\/\/www.gaveanews.com\/wp-content\/uploads\/Filipe-Luis-como-tecnico-do-Flamengo-em-2024-640x427.webp 640w, https:\/\/www.gaveanews.com\/wp-content\/uploads\/Filipe-Luis-como-tecnico-do-Flamengo-em-2024-681x454.webp 681w, https:\/\/www.gaveanews.com\/wp-content\/uploads\/Filipe-Luis-como-tecnico-do-Flamengo-em-2024-100x67.webp 100w, https:\/\/www.gaveanews.com\/wp-content\/uploads\/Filipe-Luis-como-tecnico-do-Flamengo-em-2024.webp 1065w\" sizes=\"auto, (max-width: 1024px) 100vw, 1024px\" \/><figcaption class=\"wp-element-caption\">Filipe Lu\u00eds como t\u00e9cnico do Flamengo em 2024 (Foto: Gilvan de Souza e Marcelo Cortes \/ CRF)<\/figcaption><\/figure>\n\n\n\n<p>Desde que assumiu o Flamengo, Filipe Lu\u00eds transformou o rendimento da equipe, levando-a ao pentacampeonato da Copa do Brasil e \u00e0 conquista da Supercopa do Brasil sobre o Botafogo. <\/p>\n\n\n\n<p>Em 2025, manteve o alto n\u00edvel de performance, com dez vit\u00f3rias e dois empates em doze jogos, inclusive garantindo o t\u00edtulo do Campeonato Carioca diante do Fluminense. Esse hist\u00f3rico consistente refor\u00e7a a confian\u00e7a da torcida e da imprensa esportiva em seu potencial como treinador.<\/p>\n\n\n\n<p>Mesmo com a vit\u00f3ria recente do Brasil sobre a Col\u00f4mbia nas Eliminat\u00f3rias, Dorival J\u00fanior continua sob press\u00e3o. O desempenho da Sele\u00e7\u00e3o est\u00e1 aqu\u00e9m do esperado, ocupando a terceira coloca\u00e7\u00e3o na tabela, e o pr\u00f3ximo confronto, contra a l\u00edder Argentina, ser\u00e1 decisivo. Em meio a esse cen\u00e1rio, Filipe Lu\u00eds surge como um nome forte, gra\u00e7as \u00e0 sua trajet\u00f3ria promissora, e seu trabalho no Flamengo passa a ser visto como uma poss\u00edvel solu\u00e7\u00e3o para o comando t\u00e9cnico da sele\u00e7\u00e3o nacional.<\/p>\n\n\n\n<h2 class=\"wp-block-heading\" id=\"h-danilo-faz-cobranca\">Danilo faz cobran\u00e7a<\/h2>\n\n\n\n<p>O zagueiro Danilo, rec\u00e9m-contratado pelo Flamengo, tem se destacado n\u00e3o apenas pela sua presen\u00e7a em campo, mas tamb\u00e9m por levantar quest\u00f5es importantes fora dele. Em entrevista ao jornal <em>The Guardian<\/em>, o defensor cobrou uma postura mais ativa dos clubes brasileiros no cuidado com a sa\u00fade mental dos jogadores. Segundo ele, o tema ainda \u00e9 negligenciado e s\u00f3 receber\u00e1 a devida aten\u00e7\u00e3o quando os preju\u00edzos financeiros forem percebidos pelas institui\u00e7\u00f5es <strong><a href=\"https:\/\/www.gaveanews.com\/index.php\/2025\/03\/24\/danilo-do-flamengo-faz-cobranca-importante-nos-bastidores\/\">(leia a mat\u00e9ria completa).<\/a><\/strong><\/p>\n\n\n\n<figure class=\"wp-block-image size-full\"><img loading=\"lazy\" decoding=\"async\" width=\"1280\" height=\"1600\" src=\"http:\/\/www.gaveanews.com\/wp-content\/uploads\/Danilo-em-apresentacao-no-Flamengo.webp\" alt=\"\" class=\"wp-image-220905\"\/><figcaption class=\"wp-element-caption\">Danilo em apresenta\u00e7\u00e3o no Flamengo  (Foto: Paula Reis \/ CRF)<\/figcaption><\/figure>\n\n\n\n<p>Danilo foi enf\u00e1tico ao citar o impacto das cr\u00edticas excessivas sobre jovens atletas e o despreparo emocional que muitos enfrentam ao lidar com fama, dinheiro e press\u00e3o. Ele alertou para a quantidade de talentos que se perdem antes mesmo de alcan\u00e7ar o profissional, justamente por n\u00e3o receberem o suporte necess\u00e1rio. O jogador tamb\u00e9m fez cr\u00edticas \u00e0 falta de medidas concretas e responsabilizou os clubes por tratarem o assunto de forma superficial.<\/p>\n\n\n\n<p>Apesar disso, o Flamengo tem dado sinais de mudan\u00e7a. A gest\u00e3o atual, liderada por Luiz Eduardo Baptista, passou a incluir atendimento psicol\u00f3gico para o elenco principal com o profissional Paulo Ribeiro, ampliando um servi\u00e7o que antes era restrito \u00e0s categorias de base. Danilo, que se recupera de uma les\u00e3o na coxa, espera estar \u00e0 disposi\u00e7\u00e3o na estreia do Campeonato Brasileiro, contra o Internacional, e seguir contribuindo com lideran\u00e7a dentro e fora das quatro linhas.<\/p>\n\n\n\n<h2 class=\"wp-block-heading\" id=\"h-jorginho-toma-decisao\">Jorginho toma decis\u00e3o<\/h2>\n\n\n\n<p>A diretoria do Flamengo segue firme na tentativa de refor\u00e7ar o elenco para os desafios da temporada, e o volante Jorginho, atualmente no Arsenal, est\u00e1 no centro dessa movimenta\u00e7\u00e3o. O jogador demonstrou interesse concreto em atuar pelo clube carioca e, de acordo com informa\u00e7\u00f5es recentes, tomou uma decis\u00e3o que pode acelerar sua chegada. Ele pretende solicitar uma rescis\u00e3o amig\u00e1vel de contrato com o clube ingl\u00eas para antecipar sua vinda ao Brasil, mesmo com o v\u00ednculo atual v\u00e1lido at\u00e9 junho<strong><a href=\"https:\/\/www.gaveanews.com\/index.php\/2025\/03\/24\/flamengo-jorginho-toma-decisao-importante\/\"> (leia a mat\u00e9ria completa).<\/a><\/strong><\/p>\n\n\n\n<figure class=\"wp-block-image size-full\"><img loading=\"lazy\" decoding=\"async\" width=\"720\" height=\"480\" src=\"http:\/\/www.gaveanews.com\/wp-content\/uploads\/jorginhofrello_1706562684408-edited.webp\" alt=\"\" class=\"wp-image-124380\" srcset=\"https:\/\/www.gaveanews.com\/wp-content\/uploads\/jorginhofrello_1706562684408-edited.webp 720w, https:\/\/www.gaveanews.com\/wp-content\/uploads\/jorginhofrello_1706562684408-edited-300x200.webp 300w, https:\/\/www.gaveanews.com\/wp-content\/uploads\/jorginhofrello_1706562684408-edited-630x420.webp 630w, https:\/\/www.gaveanews.com\/wp-content\/uploads\/jorginhofrello_1706562684408-edited-640x427.webp 640w, https:\/\/www.gaveanews.com\/wp-content\/uploads\/jorginhofrello_1706562684408-edited-681x454.webp 681w, https:\/\/www.gaveanews.com\/wp-content\/uploads\/jorginhofrello_1706562684408-edited-100x67.webp 100w\" sizes=\"auto, (max-width: 720px) 100vw, 720px\" \/><figcaption class=\"wp-element-caption\">Jorginho pela sele\u00e7\u00e3o da It\u00e1lia (Foto: Reprodu\u00e7\u00e3o\/Instagram)<\/figcaption><\/figure>\n\n\n\n<p>A decis\u00e3o foi tomada ap\u00f3s uma visita ao Rio de Janeiro, onde tanto ele quanto sua esposa ficaram encantados com a cidade e com a paix\u00e3o da torcida rubro-negra. Jorginho pretende tirar um per\u00edodo curto de f\u00e9rias e, em seguida, se apresentar ao t\u00e9cnico Filipe Lu\u00eds em maio. O objetivo \u00e9 estar inscrito na janela extra da FIFA, entre os dias 2 e 10 de junho, a tempo de disputar o Super Mundial. Sua chegada \u00e9 vista como estrat\u00e9gica para fortalecer o meio-campo em uma temporada exigente e cheia de competi\u00e7\u00f5es importantes.<\/p>\n\n\n\n<p>O volante, com passagens de destaque pela sele\u00e7\u00e3o italiana e pelo futebol europeu, \u00e9 considerado uma pe\u00e7a de alto impacto no elenco. Al\u00e9m dele, o Flamengo continua monitorando o mercado em busca de novos refor\u00e7os. Ainda assim, a contrata\u00e7\u00e3o de Jorginho \u00e9 tratada internamente como prioridade absoluta, tanto pelo perfil do atleta quanto pelo potencial imediato de contribui\u00e7\u00e3o ao grupo. A expectativa \u00e9 grande, e o clube trabalha nos bastidores para concretizar o acordo o quanto antes.<\/p>\n<\/div><\/div>\n","protected":false},"excerpt":{"rendered":"<p>Nas \u00faltimas horas, o foco das not\u00edcias sobre o Flamengo se concentram nos bastidores do clube, com destaques do dia a dia do time. Por conta deste contexto, leia abaixo um resumo preparado pela equipe do portal G\u00e1vea News para lhe manter muito bem informado! Declara\u00e7\u00e3o de Ven\u00ea Casagrande O jornalista Ven\u00ea Casagrande elogiou enfaticamente [&hellip;]<\/p>\n","protected":false},"author":33,"featured_media":121425,"comment_status":"open","ping_status":"closed","sticky":false,"template":"","format":"standard","meta":{"footnotes":""},"categories":[1],"tags":[],"class_list":["post-245857","post","type-post","status-publish","format-standard","has-post-thumbnail","hentry","category-flamengo"],"yoast_head":"<!-- This site is optimized with the Yoast SEO Premium plugin v24.2 (Yoast SEO v26.9) - https:\/\/yoast.com\/product\/yoast-seo-premium-wordpress\/ -->\n<title>Jorginho toma decis\u00e3o, Danilo faz cobran\u00e7a e declara\u00e7\u00e3o de Ven\u00ea Casagrande: as \u00faltimas not\u00edcias do Flamengo<\/title>\n<meta name=\"robots\" content=\"index, follow, max-snippet:-1, max-image-preview:large, max-video-preview:-1\" \/>\n<link rel=\"canonical\" href=\"https:\/\/www.gaveanews.com\/index.php\/2025\/03\/28\/jorginho-toma-decisao-danilo-faz-cobranca-e-declaracao-de-vene-casagrande-as-ultimas-noticias-do-flamengo\/\" \/>\n<meta property=\"og:locale\" content=\"pt_BR\" \/>\n<meta property=\"og:type\" content=\"article\" \/>\n<meta property=\"og:title\" content=\"Jorginho toma decis\u00e3o, Danilo faz cobran\u00e7a e declara\u00e7\u00e3o de Ven\u00ea Casagrande: as \u00faltimas not\u00edcias do Flamengo\" \/>\n<meta property=\"og:description\" content=\"Nas \u00faltimas horas, o foco das not\u00edcias sobre o Flamengo se concentram nos bastidores do clube, com destaques do dia a dia do time. Por conta deste contexto, leia abaixo um resumo preparado pela equipe do portal G\u00e1vea News para lhe manter muito bem informado! Declara\u00e7\u00e3o de Ven\u00ea Casagrande O jornalista Ven\u00ea Casagrande elogiou enfaticamente [&hellip;]\" \/>\n<meta property=\"og:url\" content=\"https:\/\/www.gaveanews.com\/index.php\/2025\/03\/28\/jorginho-toma-decisao-danilo-faz-cobranca-e-declaracao-de-vene-casagrande-as-ultimas-noticias-do-flamengo\/\" \/>\n<meta property=\"og:site_name\" content=\"G\u00e1vea News\" \/>\n<meta property=\"article:publisher\" content=\"https:\/\/facebook.com\/gaveaNews\/\" \/>\n<meta property=\"article:published_time\" content=\"2025-03-28T12:00:00+00:00\" \/>\n<meta property=\"og:image\" content=\"https:\/\/www.gaveanews.com\/wp-content\/uploads\/escudoFLA.webp\" \/>\n\t<meta property=\"og:image:width\" content=\"900\" \/>\n\t<meta property=\"og:image:height\" content=\"530\" \/>\n\t<meta property=\"og:image:type\" content=\"image\/webp\" \/>\n<meta name=\"author\" content=\"Brenda Cezillo\" \/>\n<meta name=\"twitter:card\" content=\"summary_large_image\" \/>\n<meta name=\"twitter:label1\" content=\"Escrito por\" \/>\n\t<meta name=\"twitter:data1\" content=\"Brenda Cezillo\" \/>\n\t<meta name=\"twitter:label2\" content=\"Est. tempo de leitura\" \/>\n\t<meta name=\"twitter:data2\" content=\"6 minutos\" \/>\n<script type=\"application\/ld+json\" class=\"yoast-schema-graph\">{\"@context\":\"https:\/\/schema.org\",\"@graph\":[{\"@type\":\"NewsArticle\",\"@id\":\"https:\/\/www.gaveanews.com\/index.php\/2025\/03\/28\/jorginho-toma-decisao-danilo-faz-cobranca-e-declaracao-de-vene-casagrande-as-ultimas-noticias-do-flamengo\/#article\",\"isPartOf\":{\"@id\":\"https:\/\/www.gaveanews.com\/index.php\/2025\/03\/28\/jorginho-toma-decisao-danilo-faz-cobranca-e-declaracao-de-vene-casagrande-as-ultimas-noticias-do-flamengo\/\"},\"author\":{\"name\":\"Brenda Cezillo\",\"@id\":\"https:\/\/www.gaveanews.com\/#\/schema\/person\/c79759ca337c40791ae8d08e2923d403\"},\"headline\":\"Jorginho toma decis\u00e3o, Danilo faz cobran\u00e7a e declara\u00e7\u00e3o de Ven\u00ea Casagrande: as \u00faltimas not\u00edcias do Flamengo\",\"datePublished\":\"2025-03-28T12:00:00+00:00\",\"mainEntityOfPage\":{\"@id\":\"https:\/\/www.gaveanews.com\/index.php\/2025\/03\/28\/jorginho-toma-decisao-danilo-faz-cobranca-e-declaracao-de-vene-casagrande-as-ultimas-noticias-do-flamengo\/\"},\"wordCount\":900,\"commentCount\":0,\"image\":{\"@id\":\"https:\/\/www.gaveanews.com\/index.php\/2025\/03\/28\/jorginho-toma-decisao-danilo-faz-cobranca-e-declaracao-de-vene-casagrande-as-ultimas-noticias-do-flamengo\/#primaryimage\"},\"thumbnailUrl\":\"https:\/\/www.gaveanews.com\/wp-content\/uploads\/escudoFLA.webp\",\"articleSection\":[\"Flamengo\"],\"inLanguage\":\"pt-BR\",\"potentialAction\":[{\"@type\":\"CommentAction\",\"name\":\"Comment\",\"target\":[\"https:\/\/www.gaveanews.com\/index.php\/2025\/03\/28\/jorginho-toma-decisao-danilo-faz-cobranca-e-declaracao-de-vene-casagrande-as-ultimas-noticias-do-flamengo\/#respond\"]}],\"copyrightYear\":\"2025\",\"copyrightHolder\":{\"@id\":\"https:\/\/www.gaveanews.com\/#organization\"}},{\"@type\":\"WebPage\",\"@id\":\"https:\/\/www.gaveanews.com\/index.php\/2025\/03\/28\/jorginho-toma-decisao-danilo-faz-cobranca-e-declaracao-de-vene-casagrande-as-ultimas-noticias-do-flamengo\/\",\"url\":\"https:\/\/www.gaveanews.com\/index.php\/2025\/03\/28\/jorginho-toma-decisao-danilo-faz-cobranca-e-declaracao-de-vene-casagrande-as-ultimas-noticias-do-flamengo\/\",\"name\":\"Jorginho toma decis\u00e3o, Danilo faz cobran\u00e7a e declara\u00e7\u00e3o de Ven\u00ea Casagrande: as \u00faltimas not\u00edcias do Flamengo\",\"isPartOf\":{\"@id\":\"https:\/\/www.gaveanews.com\/#website\"},\"primaryImageOfPage\":{\"@id\":\"https:\/\/www.gaveanews.com\/index.php\/2025\/03\/28\/jorginho-toma-decisao-danilo-faz-cobranca-e-declaracao-de-vene-casagrande-as-ultimas-noticias-do-flamengo\/#primaryimage\"},\"image\":{\"@id\":\"https:\/\/www.gaveanews.com\/index.php\/2025\/03\/28\/jorginho-toma-decisao-danilo-faz-cobranca-e-declaracao-de-vene-casagrande-as-ultimas-noticias-do-flamengo\/#primaryimage\"},\"thumbnailUrl\":\"https:\/\/www.gaveanews.com\/wp-content\/uploads\/escudoFLA.webp\",\"datePublished\":\"2025-03-28T12:00:00+00:00\",\"author\":{\"@id\":\"https:\/\/www.gaveanews.com\/#\/schema\/person\/c79759ca337c40791ae8d08e2923d403\"},\"breadcrumb\":{\"@id\":\"https:\/\/www.gaveanews.com\/index.php\/2025\/03\/28\/jorginho-toma-decisao-danilo-faz-cobranca-e-declaracao-de-vene-casagrande-as-ultimas-noticias-do-flamengo\/#breadcrumb\"},\"inLanguage\":\"pt-BR\",\"potentialAction\":[{\"@type\":\"ReadAction\",\"target\":[\"https:\/\/www.gaveanews.com\/index.php\/2025\/03\/28\/jorginho-toma-decisao-danilo-faz-cobranca-e-declaracao-de-vene-casagrande-as-ultimas-noticias-do-flamengo\/\"]}]},{\"@type\":\"ImageObject\",\"inLanguage\":\"pt-BR\",\"@id\":\"https:\/\/www.gaveanews.com\/index.php\/2025\/03\/28\/jorginho-toma-decisao-danilo-faz-cobranca-e-declaracao-de-vene-casagrande-as-ultimas-noticias-do-flamengo\/#primaryimage\",\"url\":\"https:\/\/www.gaveanews.com\/wp-content\/uploads\/escudoFLA.webp\",\"contentUrl\":\"https:\/\/www.gaveanews.com\/wp-content\/uploads\/escudoFLA.webp\",\"width\":900,\"height\":530,\"caption\":\"Escudo do Flamengo (Foto: Reprodu\u00e7\u00e3o)\"},{\"@type\":\"BreadcrumbList\",\"@id\":\"https:\/\/www.gaveanews.com\/index.php\/2025\/03\/28\/jorginho-toma-decisao-danilo-faz-cobranca-e-declaracao-de-vene-casagrande-as-ultimas-noticias-do-flamengo\/#breadcrumb\",\"itemListElement\":[{\"@type\":\"ListItem\",\"position\":1,\"name\":\"Home\",\"item\":\"https:\/\/www.gaveanews.com\/\"},{\"@type\":\"ListItem\",\"position\":2,\"name\":\"Jorginho toma decis\u00e3o, Danilo faz cobran\u00e7a e declara\u00e7\u00e3o de Ven\u00ea Casagrande: as \u00faltimas not\u00edcias do Flamengo\"}]},{\"@type\":\"WebSite\",\"@id\":\"https:\/\/www.gaveanews.com\/#website\",\"url\":\"https:\/\/www.gaveanews.com\/\",\"name\":\"G\u00e1vea News\",\"description\":\"Veja todas as not\u00edcias sobre o Flamengo: Contrata\u00e7\u00f5es, categorias de base, resultados das partidas, tabela de classifica\u00e7\u00e3o, pr\u00f3ximos jogos!\",\"potentialAction\":[{\"@type\":\"SearchAction\",\"target\":{\"@type\":\"EntryPoint\",\"urlTemplate\":\"https:\/\/www.gaveanews.com\/?s={search_term_string}\"},\"query-input\":{\"@type\":\"PropertyValueSpecification\",\"valueRequired\":true,\"valueName\":\"search_term_string\"}}],\"inLanguage\":\"pt-BR\"},{\"@type\":\"Person\",\"@id\":\"https:\/\/www.gaveanews.com\/#\/schema\/person\/c79759ca337c40791ae8d08e2923d403\",\"name\":\"Brenda Cezillo\",\"image\":{\"@type\":\"ImageObject\",\"inLanguage\":\"pt-BR\",\"@id\":\"https:\/\/www.gaveanews.com\/#\/schema\/person\/image\/\",\"url\":\"https:\/\/secure.gravatar.com\/avatar\/1738d75cee7317f9c29ae61dd67620c5883d80a92e42a6fff88ae5d527af217a?s=96&d=mm&r=g\",\"contentUrl\":\"https:\/\/secure.gravatar.com\/avatar\/1738d75cee7317f9c29ae61dd67620c5883d80a92e42a6fff88ae5d527af217a?s=96&d=mm&r=g\",\"caption\":\"Brenda Cezillo\"}}]}<\/script>\n<!-- \/ Yoast SEO Premium plugin. -->","yoast_head_json":{"title":"Jorginho toma decis\u00e3o, Danilo faz cobran\u00e7a e declara\u00e7\u00e3o de Ven\u00ea Casagrande: as \u00faltimas not\u00edcias do Flamengo","robots":{"index":"index","follow":"follow","max-snippet":"max-snippet:-1","max-image-preview":"max-image-preview:large","max-video-preview":"max-video-preview:-1"},"canonical":"https:\/\/www.gaveanews.com\/index.php\/2025\/03\/28\/jorginho-toma-decisao-danilo-faz-cobranca-e-declaracao-de-vene-casagrande-as-ultimas-noticias-do-flamengo\/","og_locale":"pt_BR","og_type":"article","og_title":"Jorginho toma decis\u00e3o, Danilo faz cobran\u00e7a e declara\u00e7\u00e3o de Ven\u00ea Casagrande: as \u00faltimas not\u00edcias do Flamengo","og_description":"Nas \u00faltimas horas, o foco das not\u00edcias sobre o Flamengo se concentram nos bastidores do clube, com destaques do dia a dia do time. Por conta deste contexto, leia abaixo um resumo preparado pela equipe do portal G\u00e1vea News para lhe manter muito bem informado! Declara\u00e7\u00e3o de Ven\u00ea Casagrande O jornalista Ven\u00ea Casagrande elogiou enfaticamente [&hellip;]","og_url":"https:\/\/www.gaveanews.com\/index.php\/2025\/03\/28\/jorginho-toma-decisao-danilo-faz-cobranca-e-declaracao-de-vene-casagrande-as-ultimas-noticias-do-flamengo\/","og_site_name":"G\u00e1vea News","article_publisher":"https:\/\/facebook.com\/gaveaNews\/","article_published_time":"2025-03-28T12:00:00+00:00","og_image":[{"width":900,"height":530,"url":"https:\/\/www.gaveanews.com\/wp-content\/uploads\/escudoFLA.webp","type":"image\/webp"}],"author":"Brenda Cezillo","twitter_card":"summary_large_image","twitter_misc":{"Escrito por":"Brenda Cezillo","Est. tempo de leitura":"6 minutos"},"schema":{"@context":"https:\/\/schema.org","@graph":[{"@type":"NewsArticle","@id":"https:\/\/www.gaveanews.com\/index.php\/2025\/03\/28\/jorginho-toma-decisao-danilo-faz-cobranca-e-declaracao-de-vene-casagrande-as-ultimas-noticias-do-flamengo\/#article","isPartOf":{"@id":"https:\/\/www.gaveanews.com\/index.php\/2025\/03\/28\/jorginho-toma-decisao-danilo-faz-cobranca-e-declaracao-de-vene-casagrande-as-ultimas-noticias-do-flamengo\/"},"author":{"name":"Brenda Cezillo","@id":"https:\/\/www.gaveanews.com\/#\/schema\/person\/c79759ca337c40791ae8d08e2923d403"},"headline":"Jorginho toma decis\u00e3o, Danilo faz cobran\u00e7a e declara\u00e7\u00e3o de Ven\u00ea Casagrande: as \u00faltimas not\u00edcias do Flamengo","datePublished":"2025-03-28T12:00:00+00:00","mainEntityOfPage":{"@id":"https:\/\/www.gaveanews.com\/index.php\/2025\/03\/28\/jorginho-toma-decisao-danilo-faz-cobranca-e-declaracao-de-vene-casagrande-as-ultimas-noticias-do-flamengo\/"},"wordCount":900,"commentCount":0,"image":{"@id":"https:\/\/www.gaveanews.com\/index.php\/2025\/03\/28\/jorginho-toma-decisao-danilo-faz-cobranca-e-declaracao-de-vene-casagrande-as-ultimas-noticias-do-flamengo\/#primaryimage"},"thumbnailUrl":"https:\/\/www.gaveanews.com\/wp-content\/uploads\/escudoFLA.webp","articleSection":["Flamengo"],"inLanguage":"pt-BR","potentialAction":[{"@type":"CommentAction","name":"Comment","target":["https:\/\/www.gaveanews.com\/index.php\/2025\/03\/28\/jorginho-toma-decisao-danilo-faz-cobranca-e-declaracao-de-vene-casagrande-as-ultimas-noticias-do-flamengo\/#respond"]}],"copyrightYear":"2025","copyrightHolder":{"@id":"https:\/\/www.gaveanews.com\/#organization"}},{"@type":"WebPage","@id":"https:\/\/www.gaveanews.com\/index.php\/2025\/03\/28\/jorginho-toma-decisao-danilo-faz-cobranca-e-declaracao-de-vene-casagrande-as-ultimas-noticias-do-flamengo\/","url":"https:\/\/www.gaveanews.com\/index.php\/2025\/03\/28\/jorginho-toma-decisao-danilo-faz-cobranca-e-declaracao-de-vene-casagrande-as-ultimas-noticias-do-flamengo\/","name":"Jorginho toma decis\u00e3o, Danilo faz cobran\u00e7a e declara\u00e7\u00e3o de Ven\u00ea Casagrande: as \u00faltimas not\u00edcias do Flamengo","isPartOf":{"@id":"https:\/\/www.gaveanews.com\/#website"},"primaryImageOfPage":{"@id":"https:\/\/www.gaveanews.com\/index.php\/2025\/03\/28\/jorginho-toma-decisao-danilo-faz-cobranca-e-declaracao-de-vene-casagrande-as-ultimas-noticias-do-flamengo\/#primaryimage"},"image":{"@id":"https:\/\/www.gaveanews.com\/index.php\/2025\/03\/28\/jorginho-toma-decisao-danilo-faz-cobranca-e-declaracao-de-vene-casagrande-as-ultimas-noticias-do-flamengo\/#primaryimage"},"thumbnailUrl":"https:\/\/www.gaveanews.com\/wp-content\/uploads\/escudoFLA.webp","datePublished":"2025-03-28T12:00:00+00:00","author":{"@id":"https:\/\/www.gaveanews.com\/#\/schema\/person\/c79759ca337c40791ae8d08e2923d403"},"breadcrumb":{"@id":"https:\/\/www.gaveanews.com\/index.php\/2025\/03\/28\/jorginho-toma-decisao-danilo-faz-cobranca-e-declaracao-de-vene-casagrande-as-ultimas-noticias-do-flamengo\/#breadcrumb"},"inLanguage":"pt-BR","potentialAction":[{"@type":"ReadAction","target":["https:\/\/www.gaveanews.com\/index.php\/2025\/03\/28\/jorginho-toma-decisao-danilo-faz-cobranca-e-declaracao-de-vene-casagrande-as-ultimas-noticias-do-flamengo\/"]}]},{"@type":"ImageObject","inLanguage":"pt-BR","@id":"https:\/\/www.gaveanews.com\/index.php\/2025\/03\/28\/jorginho-toma-decisao-danilo-faz-cobranca-e-declaracao-de-vene-casagrande-as-ultimas-noticias-do-flamengo\/#primaryimage","url":"https:\/\/www.gaveanews.com\/wp-content\/uploads\/escudoFLA.webp","contentUrl":"https:\/\/www.gaveanews.com\/wp-content\/uploads\/escudoFLA.webp","width":900,"height":530,"caption":"Escudo do Flamengo (Foto: Reprodu\u00e7\u00e3o)"},{"@type":"BreadcrumbList","@id":"https:\/\/www.gaveanews.com\/index.php\/2025\/03\/28\/jorginho-toma-decisao-danilo-faz-cobranca-e-declaracao-de-vene-casagrande-as-ultimas-noticias-do-flamengo\/#breadcrumb","itemListElement":[{"@type":"ListItem","position":1,"name":"Home","item":"https:\/\/www.gaveanews.com\/"},{"@type":"ListItem","position":2,"name":"Jorginho toma decis\u00e3o, Danilo faz cobran\u00e7a e declara\u00e7\u00e3o de Ven\u00ea Casagrande: as \u00faltimas not\u00edcias do Flamengo"}]},{"@type":"WebSite","@id":"https:\/\/www.gaveanews.com\/#website","url":"https:\/\/www.gaveanews.com\/","name":"G\u00e1vea News","description":"Veja todas as not\u00edcias sobre o Flamengo: Contrata\u00e7\u00f5es, categorias de base, resultados das partidas, tabela de classifica\u00e7\u00e3o, pr\u00f3ximos jogos!","potentialAction":[{"@type":"SearchAction","target":{"@type":"EntryPoint","urlTemplate":"https:\/\/www.gaveanews.com\/?s={search_term_string}"},"query-input":{"@type":"PropertyValueSpecification","valueRequired":true,"valueName":"search_term_string"}}],"inLanguage":"pt-BR"},{"@type":"Person","@id":"https:\/\/www.gaveanews.com\/#\/schema\/person\/c79759ca337c40791ae8d08e2923d403","name":"Brenda Cezillo","image":{"@type":"ImageObject","inLanguage":"pt-BR","@id":"https:\/\/www.gaveanews.com\/#\/schema\/person\/image\/","url":"https:\/\/secure.gravatar.com\/avatar\/1738d75cee7317f9c29ae61dd67620c5883d80a92e42a6fff88ae5d527af217a?s=96&d=mm&r=g","contentUrl":"https:\/\/secure.gravatar.com\/avatar\/1738d75cee7317f9c29ae61dd67620c5883d80a92e42a6fff88ae5d527af217a?s=96&d=mm&r=g","caption":"Brenda Cezillo"}}]}},"_links":{"self":[{"href":"https:\/\/www.gaveanews.com\/index.php\/wp-json\/wp\/v2\/posts\/245857","targetHints":{"allow":["GET"]}}],"collection":[{"href":"https:\/\/www.gaveanews.com\/index.php\/wp-json\/wp\/v2\/posts"}],"about":[{"href":"https:\/\/www.gaveanews.com\/index.php\/wp-json\/wp\/v2\/types\/post"}],"author":[{"embeddable":true,"href":"https:\/\/www.gaveanews.com\/index.php\/wp-json\/wp\/v2\/users\/33"}],"replies":[{"embeddable":true,"href":"https:\/\/www.gaveanews.com\/index.php\/wp-json\/wp\/v2\/comments?post=245857"}],"version-history":[{"count":1,"href":"https:\/\/www.gaveanews.com\/index.php\/wp-json\/wp\/v2\/posts\/245857\/revisions"}],"predecessor-version":[{"id":245862,"href":"https:\/\/www.gaveanews.com\/index.php\/wp-json\/wp\/v2\/posts\/245857\/revisions\/245862"}],"wp:featuredmedia":[{"embeddable":true,"href":"https:\/\/www.gaveanews.com\/index.php\/wp-json\/wp\/v2\/media\/121425"}],"wp:attachment":[{"href":"https:\/\/www.gaveanews.com\/index.php\/wp-json\/wp\/v2\/media?parent=245857"}],"wp:term":[{"taxonomy":"category","embeddable":true,"href":"https:\/\/www.gaveanews.com\/index.php\/wp-json\/wp\/v2\/categories?post=245857"},{"taxonomy":"post_tag","embeddable":true,"href":"https:\/\/www.gaveanews.com\/index.php\/wp-json\/wp\/v2\/tags?post=245857"}],"curies":[{"name":"wp","href":"https:\/\/api.w.org\/{rel}","templated":true}]}}