{"id":245859,"date":"2025-03-28T09:30:00","date_gmt":"2025-03-28T12:30:00","guid":{"rendered":"https:\/\/www.gaveanews.com\/?p=245859"},"modified":"2025-03-28T07:28:56","modified_gmt":"2025-03-28T10:28:56","slug":"filipe-luis-na-selecao-danilo-e-sincero-e-declaracao-de-vene-casagrande-as-ultimas-noticias-do-flamengo","status":"publish","type":"post","link":"https:\/\/www.gaveanews.com\/index.php\/2025\/03\/28\/filipe-luis-na-selecao-danilo-e-sincero-e-declaracao-de-vene-casagrande-as-ultimas-noticias-do-flamengo\/","title":{"rendered":"Filipe Lu\u00eds na Sele\u00e7\u00e3o, Danilo \u00e9 sincero e declara\u00e7\u00e3o de Ven\u00ea Casagrande: as \u00faltimas not\u00edcias do Flamengo"},"content":{"rendered":"\n<p>Nas \u00faltimas horas, o foco das not\u00edcias sobre o Flamengo se concentram nos bastidores do clube, com destaques do dia a dia do time.<\/p>\n\n\n\n<p>Por conta deste contexto, leia abaixo um resumo preparado pela equipe do portal G\u00e1vea News para lhe manter muito bem informado!<\/p>\n\n\n\n<div class=\"wp-block-group\"><div class=\"wp-block-group__inner-container is-layout-constrained wp-block-group-is-layout-constrained\">\n<h2 class=\"wp-block-heading\" id=\"h-declaracao-de-vene-casagrande\">Declara\u00e7\u00e3o de Ven\u00ea Casagrande<\/h2>\n\n\n\n<p>O jornalista Ven\u00ea Casagrande trouxe \u00e0 tona uma an\u00e1lise sobre o momento atual de Arrascaeta no Flamengo, destacando a import\u00e2ncia do meia uruguaio na hist\u00f3ria recente do clube, mas tamb\u00e9m alertando para os desafios f\u00edsicos enfrentados pelo jogador. Sem pedir sua sa\u00edda, Ven\u00ea prop\u00f5e uma reflex\u00e3o sobre a necessidade de preservar o atleta, que desde 2022 tem lidado com limita\u00e7\u00f5es f\u00edsicas recorrentes. Diante de uma temporada intensa em 2025, a preocupa\u00e7\u00e3o com o desgaste se torna ainda mais relevante<strong><a href=\"https:\/\/www.gaveanews.com\/index.php\/2025\/03\/24\/video-a-declaracao-de-vene-casagrande-para-arrascaeta\/\"> (leia a mat\u00e9ria completa).<\/a><\/strong><\/p>\n\n\n\n<figure class=\"wp-block-image size-large\"><img loading=\"lazy\" decoding=\"async\" width=\"1024\" height=\"631\" src=\"http:\/\/www.gaveanews.com\/wp-content\/uploads\/Vene-Casagrande-durante-a-programacao-do-SBT-1024x631.webp\" alt=\"\" class=\"wp-image-105168\" srcset=\"https:\/\/www.gaveanews.com\/wp-content\/uploads\/Vene-Casagrande-durante-a-programacao-do-SBT-1024x631.webp 1024w, https:\/\/www.gaveanews.com\/wp-content\/uploads\/Vene-Casagrande-durante-a-programacao-do-SBT-300x185.webp 300w, https:\/\/www.gaveanews.com\/wp-content\/uploads\/Vene-Casagrande-durante-a-programacao-do-SBT-768x474.webp 768w, https:\/\/www.gaveanews.com\/wp-content\/uploads\/Vene-Casagrande-durante-a-programacao-do-SBT-681x420.webp 681w, https:\/\/www.gaveanews.com\/wp-content\/uploads\/Vene-Casagrande-durante-a-programacao-do-SBT-640x395.webp 640w, https:\/\/www.gaveanews.com\/wp-content\/uploads\/Vene-Casagrande-durante-a-programacao-do-SBT-100x62.webp 100w, https:\/\/www.gaveanews.com\/wp-content\/uploads\/Vene-Casagrande-durante-a-programacao-do-SBT.webp 1200w\" sizes=\"auto, (max-width: 1024px) 100vw, 1024px\" \/><figcaption class=\"wp-element-caption\">Ven\u00ea Casagrande durante a programa\u00e7\u00e3o do SBT (Foto: Reprodu\u00e7\u00e3o)<\/figcaption><\/figure>\n\n\n\n<p>Segundo Ven\u00ea, \u00e9 evidente que Arrascaeta n\u00e3o conseguir\u00e1 manter o ritmo exigido pela maratona de jogos que o Flamengo enfrentar\u00e1. <\/p>\n\n\n\n<p>Por isso, ele sugere que a diretoria busque um substituto \u00e0 altura, capaz de dividir as responsabilidades no meio-campo. A ideia n\u00e3o \u00e9 diminuir a import\u00e2ncia do uruguaio, mas sim garantir que sua qualidade t\u00e9cnica seja preservada com um planejamento f\u00edsico adequado e com menos sobrecarga.<\/p>\n\n\n\n<p>Essa reflex\u00e3o refor\u00e7a a necessidade de um elenco equilibrado, que possa sustentar o alto n\u00edvel de competitividade do clube nas diversas competi\u00e7\u00f5es do ano. Ao propor essa medida preventiva, Casagrande se antecipa a poss\u00edveis les\u00f5es e defende um olhar mais estrat\u00e9gico da diretoria. Assim, o Flamengo poder\u00e1 proteger seus principais jogadores e manter o rendimento coletivo, sem abrir m\u00e3o do protagonismo de \u00eddolos como Arrascaeta.<\/p>\n\n\n\n<h2 class=\"wp-block-heading\" id=\"h-danilo-e-sincero\">Danilo \u00e9 sincero<\/h2>\n\n\n\n<p>Danilo, rec\u00e9m-apresentado pelo Flamengo, revelou sua prefer\u00eancia por atuar como zagueiro central, embora tenha versatilidade para jogar tamb\u00e9m nas laterais e at\u00e9 no meio-campo. Em entrevista \u00e0 Flamengo TV, o jogador destacou que essa posi\u00e7\u00e3o o permite entregar seu melhor desempenho, algo que j\u00e1 vinha fazendo desde sua passagem pelo Manchester City. A comiss\u00e3o t\u00e9cnica, liderada por Filipe Lu\u00eds, j\u00e1 deixou claro que ele foi contratado para essa fun\u00e7\u00e3o, mas Danilo segue disposto a colaborar onde for necess\u00e1rio <strong><a href=\"https:\/\/www.gaveanews.com\/index.php\/2025\/03\/24\/danilo-revela-qual-posicao-prefere-jogar-no-flamengo\/\">(leia a mat\u00e9ria completa).<\/a><\/strong><\/p>\n\n\n\n<figure class=\"wp-block-image size-full\"><img loading=\"lazy\" decoding=\"async\" width=\"1279\" height=\"1521\" src=\"http:\/\/www.gaveanews.com\/wp-content\/uploads\/Danilo-apresentado-pelo-Flamengo.webp\" alt=\"\" class=\"wp-image-220898\"\/><figcaption class=\"wp-element-caption\">Danilo apresentado pelo Flamengo (Foto: Paula Reis \/ CRF)<\/figcaption><\/figure>\n\n\n\n<p>Apesar de ter sido amplamente reconhecido como lateral na Sele\u00e7\u00e3o Brasileira, Danilo refor\u00e7ou que sua atua\u00e7\u00e3o como zagueiro vem sendo constante nos \u00faltimos anos. A mudan\u00e7a de posi\u00e7\u00e3o, segundo ele, foi natural e permitiu explorar melhor suas qualidades t\u00e9cnicas e t\u00e1ticas. O defensor tamb\u00e9m mostrou entusiasmo com o desafio de conquistar o Campeonato Brasileiro, competi\u00e7\u00e3o que considera extremamente equilibrada e imprevis\u00edvel.<\/p>\n\n\n\n<p>Atualmente em recupera\u00e7\u00e3o de uma les\u00e3o muscular na coxa direita, Danilo foi cortado da convoca\u00e7\u00e3o da Sele\u00e7\u00e3o em mar\u00e7o, mas trabalha para estar apto para a estreia do Brasileir\u00e3o, no dia 29, contra o Internacional. O jogador encara essa fase com otimismo e ambi\u00e7\u00e3o, afirmando que vencer a competi\u00e7\u00e3o nacional seria mais uma grande conquista para sua carreira, j\u00e1 marcada por passagens vitoriosas por grandes clubes europeus.<\/p>\n\n\n\n<h2 class=\"wp-block-heading\" id=\"h-filipe-luis-na-selecao\">Filipe Lu\u00eds na Sele\u00e7\u00e3o<\/h2>\n\n\n\n<p>Filipe Lu\u00eds vem ganhando destaque no cen\u00e1rio esportivo nacional n\u00e3o apenas pelos resultados dentro de campo, mas tamb\u00e9m pela maneira como tem conduzido o Flamengo desde que assumiu o comando t\u00e9cnico em outubro de 2024. O treinador soma n\u00fameros expressivos: 27 jogos, 19 vit\u00f3rias, sete empates e apenas uma derrota. Com um t\u00edtulo j\u00e1 conquistado em 2025, o Campeonato Carioca, Filipe se consolida como um dos profissionais mais promissores da nova gera\u00e7\u00e3o de t\u00e9cnicos brasileiros <strong><a href=\"https:\/\/www.gaveanews.com\/index.php\/2025\/03\/24\/filipe-luis-e-o-favorito-para-assumir-selecao-brasileira-afirma-jornalista\/\">(leia a mat\u00e9ria completa).<\/a><\/strong><\/p>\n\n\n\n<figure class=\"wp-block-image size-full\"><img loading=\"lazy\" decoding=\"async\" width=\"742\" height=\"493\" src=\"http:\/\/www.gaveanews.com\/wp-content\/uploads\/Filipe-Luis-durante-jogo-entre-Flamengo-e-Corinthians-pela-semifinal-da-Copa-do-Brasil-no-Maracana.webp\" alt=\"\" class=\"wp-image-171103\" srcset=\"https:\/\/www.gaveanews.com\/wp-content\/uploads\/Filipe-Luis-durante-jogo-entre-Flamengo-e-Corinthians-pela-semifinal-da-Copa-do-Brasil-no-Maracana.webp 742w, https:\/\/www.gaveanews.com\/wp-content\/uploads\/Filipe-Luis-durante-jogo-entre-Flamengo-e-Corinthians-pela-semifinal-da-Copa-do-Brasil-no-Maracana-300x199.webp 300w, https:\/\/www.gaveanews.com\/wp-content\/uploads\/Filipe-Luis-durante-jogo-entre-Flamengo-e-Corinthians-pela-semifinal-da-Copa-do-Brasil-no-Maracana-632x420.webp 632w, https:\/\/www.gaveanews.com\/wp-content\/uploads\/Filipe-Luis-durante-jogo-entre-Flamengo-e-Corinthians-pela-semifinal-da-Copa-do-Brasil-no-Maracana-640x425.webp 640w, https:\/\/www.gaveanews.com\/wp-content\/uploads\/Filipe-Luis-durante-jogo-entre-Flamengo-e-Corinthians-pela-semifinal-da-Copa-do-Brasil-no-Maracana-681x452.webp 681w, https:\/\/www.gaveanews.com\/wp-content\/uploads\/Filipe-Luis-durante-jogo-entre-Flamengo-e-Corinthians-pela-semifinal-da-Copa-do-Brasil-no-Maracana-100x66.webp 100w\" sizes=\"auto, (max-width: 742px) 100vw, 742px\" \/><figcaption class=\"wp-element-caption\">Filipe Lu\u00eds durante jogo entre Flamengo e Corinthians, pela semifinal da Copa do Brasil, no Maracan\u00e3 (Foto: Gilvan de Souza\/Flamengo)<\/figcaption><\/figure>\n\n\n\n<p>A performance \u00e0 frente do Flamengo despertou a aten\u00e7\u00e3o da imprensa e de dirigentes ligados \u00e0 Sele\u00e7\u00e3o Brasileira. O jornalista Ricardo Kotscho o apontou como o nome favorito para substituir Dorival J\u00fanior no comando da equipe nacional. O feito de possuir mais trof\u00e9us que derrotas no clube, algo que apenas Jorge Jesus havia conseguido anteriormente, refor\u00e7a a tese de que Filipe Lu\u00eds pode ser um candidato natural e preparado para o desafio de liderar o Brasil no cen\u00e1rio internacional.<\/p>\n\n\n\n<p>Mesmo com o poss\u00edvel interesse da CBF, o t\u00e9cnico segue focado em seus objetivos no Flamengo. Ele j\u00e1 tra\u00e7a planos para a sequ\u00eancia da temporada, que incluem refor\u00e7ar o elenco e manter o time competitivo em todas as frentes. O futuro de Filipe Lu\u00eds, seja no clube ou na Sele\u00e7\u00e3o, parece promissor, e o trabalho consistente \u00e0 frente do Rubro-Negro o coloca em posi\u00e7\u00e3o de destaque entre os t\u00e9cnicos mais respeitados do futebol brasileiro na atualidade.<\/p>\n<\/div><\/div>\n","protected":false},"excerpt":{"rendered":"<p>Nas \u00faltimas horas, o foco das not\u00edcias sobre o Flamengo se concentram nos bastidores do clube, com destaques do dia a dia do time. Por conta deste contexto, leia abaixo um resumo preparado pela equipe do portal G\u00e1vea News para lhe manter muito bem informado! Declara\u00e7\u00e3o de Ven\u00ea Casagrande O jornalista Ven\u00ea Casagrande trouxe \u00e0 [&hellip;]<\/p>\n","protected":false},"author":33,"featured_media":64001,"comment_status":"open","ping_status":"closed","sticky":false,"template":"","format":"standard","meta":{"footnotes":""},"categories":[1],"tags":[],"class_list":["post-245859","post","type-post","status-publish","format-standard","has-post-thumbnail","hentry","category-flamengo"],"yoast_head":"<!-- This site is optimized with the Yoast SEO Premium plugin v24.2 (Yoast SEO v26.9) - https:\/\/yoast.com\/product\/yoast-seo-premium-wordpress\/ -->\n<title>Filipe Lu\u00eds na Sele\u00e7\u00e3o, Danilo \u00e9 sincero e declara\u00e7\u00e3o de Ven\u00ea Casagrande: as \u00faltimas not\u00edcias do Flamengo<\/title>\n<meta name=\"robots\" content=\"index, follow, max-snippet:-1, max-image-preview:large, max-video-preview:-1\" \/>\n<link rel=\"canonical\" href=\"https:\/\/www.gaveanews.com\/index.php\/2025\/03\/28\/filipe-luis-na-selecao-danilo-e-sincero-e-declaracao-de-vene-casagrande-as-ultimas-noticias-do-flamengo\/\" \/>\n<meta property=\"og:locale\" content=\"pt_BR\" \/>\n<meta property=\"og:type\" content=\"article\" \/>\n<meta property=\"og:title\" content=\"Filipe Lu\u00eds na Sele\u00e7\u00e3o, Danilo \u00e9 sincero e declara\u00e7\u00e3o de Ven\u00ea Casagrande: as \u00faltimas not\u00edcias do Flamengo\" \/>\n<meta property=\"og:description\" content=\"Nas \u00faltimas horas, o foco das not\u00edcias sobre o Flamengo se concentram nos bastidores do clube, com destaques do dia a dia do time. Por conta deste contexto, leia abaixo um resumo preparado pela equipe do portal G\u00e1vea News para lhe manter muito bem informado! Declara\u00e7\u00e3o de Ven\u00ea Casagrande O jornalista Ven\u00ea Casagrande trouxe \u00e0 [&hellip;]\" \/>\n<meta property=\"og:url\" content=\"https:\/\/www.gaveanews.com\/index.php\/2025\/03\/28\/filipe-luis-na-selecao-danilo-e-sincero-e-declaracao-de-vene-casagrande-as-ultimas-noticias-do-flamengo\/\" \/>\n<meta property=\"og:site_name\" content=\"G\u00e1vea News\" \/>\n<meta property=\"article:publisher\" content=\"https:\/\/facebook.com\/gaveaNews\/\" \/>\n<meta property=\"article:published_time\" content=\"2025-03-28T12:30:00+00:00\" \/>\n<meta property=\"og:image\" content=\"https:\/\/www.gaveanews.com\/wp-content\/uploads\/Bandeira-do-Flamengo-no-estadio-do-Corinthians-antes-do-jogo-contra-o-Fluminense-pelo-Campeonato-Brasileiro-de-2021.webp\" \/>\n\t<meta property=\"og:image:width\" content=\"799\" \/>\n\t<meta property=\"og:image:height\" content=\"532\" \/>\n\t<meta property=\"og:image:type\" content=\"image\/jpeg\" \/>\n<meta name=\"author\" content=\"Brenda Cezillo\" \/>\n<meta name=\"twitter:card\" content=\"summary_large_image\" \/>\n<meta name=\"twitter:label1\" content=\"Escrito por\" \/>\n\t<meta name=\"twitter:data1\" content=\"Brenda Cezillo\" \/>\n\t<meta name=\"twitter:label2\" content=\"Est. tempo de leitura\" \/>\n\t<meta name=\"twitter:data2\" content=\"5 minutos\" \/>\n<script type=\"application\/ld+json\" class=\"yoast-schema-graph\">{\"@context\":\"https:\/\/schema.org\",\"@graph\":[{\"@type\":\"NewsArticle\",\"@id\":\"https:\/\/www.gaveanews.com\/index.php\/2025\/03\/28\/filipe-luis-na-selecao-danilo-e-sincero-e-declaracao-de-vene-casagrande-as-ultimas-noticias-do-flamengo\/#article\",\"isPartOf\":{\"@id\":\"https:\/\/www.gaveanews.com\/index.php\/2025\/03\/28\/filipe-luis-na-selecao-danilo-e-sincero-e-declaracao-de-vene-casagrande-as-ultimas-noticias-do-flamengo\/\"},\"author\":{\"name\":\"Brenda Cezillo\",\"@id\":\"https:\/\/www.gaveanews.com\/#\/schema\/person\/c79759ca337c40791ae8d08e2923d403\"},\"headline\":\"Filipe Lu\u00eds na Sele\u00e7\u00e3o, Danilo \u00e9 sincero e declara\u00e7\u00e3o de Ven\u00ea Casagrande: as \u00faltimas not\u00edcias do Flamengo\",\"datePublished\":\"2025-03-28T12:30:00+00:00\",\"mainEntityOfPage\":{\"@id\":\"https:\/\/www.gaveanews.com\/index.php\/2025\/03\/28\/filipe-luis-na-selecao-danilo-e-sincero-e-declaracao-de-vene-casagrande-as-ultimas-noticias-do-flamengo\/\"},\"wordCount\":844,\"commentCount\":0,\"image\":{\"@id\":\"https:\/\/www.gaveanews.com\/index.php\/2025\/03\/28\/filipe-luis-na-selecao-danilo-e-sincero-e-declaracao-de-vene-casagrande-as-ultimas-noticias-do-flamengo\/#primaryimage\"},\"thumbnailUrl\":\"https:\/\/www.gaveanews.com\/wp-content\/uploads\/Bandeira-do-Flamengo-no-estadio-do-Corinthians-antes-do-jogo-contra-o-Fluminense-pelo-Campeonato-Brasileiro-de-2021.webp\",\"articleSection\":[\"Flamengo\"],\"inLanguage\":\"pt-BR\",\"potentialAction\":[{\"@type\":\"CommentAction\",\"name\":\"Comment\",\"target\":[\"https:\/\/www.gaveanews.com\/index.php\/2025\/03\/28\/filipe-luis-na-selecao-danilo-e-sincero-e-declaracao-de-vene-casagrande-as-ultimas-noticias-do-flamengo\/#respond\"]}],\"copyrightYear\":\"2025\",\"copyrightHolder\":{\"@id\":\"https:\/\/www.gaveanews.com\/#organization\"}},{\"@type\":\"WebPage\",\"@id\":\"https:\/\/www.gaveanews.com\/index.php\/2025\/03\/28\/filipe-luis-na-selecao-danilo-e-sincero-e-declaracao-de-vene-casagrande-as-ultimas-noticias-do-flamengo\/\",\"url\":\"https:\/\/www.gaveanews.com\/index.php\/2025\/03\/28\/filipe-luis-na-selecao-danilo-e-sincero-e-declaracao-de-vene-casagrande-as-ultimas-noticias-do-flamengo\/\",\"name\":\"Filipe Lu\u00eds na Sele\u00e7\u00e3o, Danilo \u00e9 sincero e declara\u00e7\u00e3o de Ven\u00ea Casagrande: as \u00faltimas not\u00edcias do Flamengo\",\"isPartOf\":{\"@id\":\"https:\/\/www.gaveanews.com\/#website\"},\"primaryImageOfPage\":{\"@id\":\"https:\/\/www.gaveanews.com\/index.php\/2025\/03\/28\/filipe-luis-na-selecao-danilo-e-sincero-e-declaracao-de-vene-casagrande-as-ultimas-noticias-do-flamengo\/#primaryimage\"},\"image\":{\"@id\":\"https:\/\/www.gaveanews.com\/index.php\/2025\/03\/28\/filipe-luis-na-selecao-danilo-e-sincero-e-declaracao-de-vene-casagrande-as-ultimas-noticias-do-flamengo\/#primaryimage\"},\"thumbnailUrl\":\"https:\/\/www.gaveanews.com\/wp-content\/uploads\/Bandeira-do-Flamengo-no-estadio-do-Corinthians-antes-do-jogo-contra-o-Fluminense-pelo-Campeonato-Brasileiro-de-2021.webp\",\"datePublished\":\"2025-03-28T12:30:00+00:00\",\"author\":{\"@id\":\"https:\/\/www.gaveanews.com\/#\/schema\/person\/c79759ca337c40791ae8d08e2923d403\"},\"breadcrumb\":{\"@id\":\"https:\/\/www.gaveanews.com\/index.php\/2025\/03\/28\/filipe-luis-na-selecao-danilo-e-sincero-e-declaracao-de-vene-casagrande-as-ultimas-noticias-do-flamengo\/#breadcrumb\"},\"inLanguage\":\"pt-BR\",\"potentialAction\":[{\"@type\":\"ReadAction\",\"target\":[\"https:\/\/www.gaveanews.com\/index.php\/2025\/03\/28\/filipe-luis-na-selecao-danilo-e-sincero-e-declaracao-de-vene-casagrande-as-ultimas-noticias-do-flamengo\/\"]}]},{\"@type\":\"ImageObject\",\"inLanguage\":\"pt-BR\",\"@id\":\"https:\/\/www.gaveanews.com\/index.php\/2025\/03\/28\/filipe-luis-na-selecao-danilo-e-sincero-e-declaracao-de-vene-casagrande-as-ultimas-noticias-do-flamengo\/#primaryimage\",\"url\":\"https:\/\/www.gaveanews.com\/wp-content\/uploads\/Bandeira-do-Flamengo-no-estadio-do-Corinthians-antes-do-jogo-contra-o-Fluminense-pelo-Campeonato-Brasileiro-de-2021.webp\",\"contentUrl\":\"https:\/\/www.gaveanews.com\/wp-content\/uploads\/Bandeira-do-Flamengo-no-estadio-do-Corinthians-antes-do-jogo-contra-o-Fluminense-pelo-Campeonato-Brasileiro-de-2021.webp\",\"width\":799,\"height\":532,\"caption\":\"Bandeira do Flamengo no est\u00e1dio do Corinthians antes do jogo contra o Fluminense pelo Campeonato Brasileiro de 2021 (Foto: Alexandre Vidal\/Flamengo)\"},{\"@type\":\"BreadcrumbList\",\"@id\":\"https:\/\/www.gaveanews.com\/index.php\/2025\/03\/28\/filipe-luis-na-selecao-danilo-e-sincero-e-declaracao-de-vene-casagrande-as-ultimas-noticias-do-flamengo\/#breadcrumb\",\"itemListElement\":[{\"@type\":\"ListItem\",\"position\":1,\"name\":\"Home\",\"item\":\"https:\/\/www.gaveanews.com\/\"},{\"@type\":\"ListItem\",\"position\":2,\"name\":\"Filipe Lu\u00eds na Sele\u00e7\u00e3o, Danilo \u00e9 sincero e declara\u00e7\u00e3o de Ven\u00ea Casagrande: as \u00faltimas not\u00edcias do Flamengo\"}]},{\"@type\":\"WebSite\",\"@id\":\"https:\/\/www.gaveanews.com\/#website\",\"url\":\"https:\/\/www.gaveanews.com\/\",\"name\":\"G\u00e1vea News\",\"description\":\"Veja todas as not\u00edcias sobre o Flamengo: Contrata\u00e7\u00f5es, categorias de base, resultados das partidas, tabela de classifica\u00e7\u00e3o, pr\u00f3ximos jogos!\",\"potentialAction\":[{\"@type\":\"SearchAction\",\"target\":{\"@type\":\"EntryPoint\",\"urlTemplate\":\"https:\/\/www.gaveanews.com\/?s={search_term_string}\"},\"query-input\":{\"@type\":\"PropertyValueSpecification\",\"valueRequired\":true,\"valueName\":\"search_term_string\"}}],\"inLanguage\":\"pt-BR\"},{\"@type\":\"Person\",\"@id\":\"https:\/\/www.gaveanews.com\/#\/schema\/person\/c79759ca337c40791ae8d08e2923d403\",\"name\":\"Brenda Cezillo\",\"image\":{\"@type\":\"ImageObject\",\"inLanguage\":\"pt-BR\",\"@id\":\"https:\/\/www.gaveanews.com\/#\/schema\/person\/image\/\",\"url\":\"https:\/\/secure.gravatar.com\/avatar\/1738d75cee7317f9c29ae61dd67620c5883d80a92e42a6fff88ae5d527af217a?s=96&d=mm&r=g\",\"contentUrl\":\"https:\/\/secure.gravatar.com\/avatar\/1738d75cee7317f9c29ae61dd67620c5883d80a92e42a6fff88ae5d527af217a?s=96&d=mm&r=g\",\"caption\":\"Brenda Cezillo\"}}]}<\/script>\n<!-- \/ Yoast SEO Premium plugin. -->","yoast_head_json":{"title":"Filipe Lu\u00eds na Sele\u00e7\u00e3o, Danilo \u00e9 sincero e declara\u00e7\u00e3o de Ven\u00ea Casagrande: as \u00faltimas not\u00edcias do Flamengo","robots":{"index":"index","follow":"follow","max-snippet":"max-snippet:-1","max-image-preview":"max-image-preview:large","max-video-preview":"max-video-preview:-1"},"canonical":"https:\/\/www.gaveanews.com\/index.php\/2025\/03\/28\/filipe-luis-na-selecao-danilo-e-sincero-e-declaracao-de-vene-casagrande-as-ultimas-noticias-do-flamengo\/","og_locale":"pt_BR","og_type":"article","og_title":"Filipe Lu\u00eds na Sele\u00e7\u00e3o, Danilo \u00e9 sincero e declara\u00e7\u00e3o de Ven\u00ea Casagrande: as \u00faltimas not\u00edcias do Flamengo","og_description":"Nas \u00faltimas horas, o foco das not\u00edcias sobre o Flamengo se concentram nos bastidores do clube, com destaques do dia a dia do time. Por conta deste contexto, leia abaixo um resumo preparado pela equipe do portal G\u00e1vea News para lhe manter muito bem informado! Declara\u00e7\u00e3o de Ven\u00ea Casagrande O jornalista Ven\u00ea Casagrande trouxe \u00e0 [&hellip;]","og_url":"https:\/\/www.gaveanews.com\/index.php\/2025\/03\/28\/filipe-luis-na-selecao-danilo-e-sincero-e-declaracao-de-vene-casagrande-as-ultimas-noticias-do-flamengo\/","og_site_name":"G\u00e1vea News","article_publisher":"https:\/\/facebook.com\/gaveaNews\/","article_published_time":"2025-03-28T12:30:00+00:00","og_image":[{"width":799,"height":532,"url":"https:\/\/www.gaveanews.com\/wp-content\/uploads\/Bandeira-do-Flamengo-no-estadio-do-Corinthians-antes-do-jogo-contra-o-Fluminense-pelo-Campeonato-Brasileiro-de-2021.webp","type":"image\/jpeg"}],"author":"Brenda Cezillo","twitter_card":"summary_large_image","twitter_misc":{"Escrito por":"Brenda Cezillo","Est. tempo de leitura":"5 minutos"},"schema":{"@context":"https:\/\/schema.org","@graph":[{"@type":"NewsArticle","@id":"https:\/\/www.gaveanews.com\/index.php\/2025\/03\/28\/filipe-luis-na-selecao-danilo-e-sincero-e-declaracao-de-vene-casagrande-as-ultimas-noticias-do-flamengo\/#article","isPartOf":{"@id":"https:\/\/www.gaveanews.com\/index.php\/2025\/03\/28\/filipe-luis-na-selecao-danilo-e-sincero-e-declaracao-de-vene-casagrande-as-ultimas-noticias-do-flamengo\/"},"author":{"name":"Brenda Cezillo","@id":"https:\/\/www.gaveanews.com\/#\/schema\/person\/c79759ca337c40791ae8d08e2923d403"},"headline":"Filipe Lu\u00eds na Sele\u00e7\u00e3o, Danilo \u00e9 sincero e declara\u00e7\u00e3o de Ven\u00ea Casagrande: as \u00faltimas not\u00edcias do Flamengo","datePublished":"2025-03-28T12:30:00+00:00","mainEntityOfPage":{"@id":"https:\/\/www.gaveanews.com\/index.php\/2025\/03\/28\/filipe-luis-na-selecao-danilo-e-sincero-e-declaracao-de-vene-casagrande-as-ultimas-noticias-do-flamengo\/"},"wordCount":844,"commentCount":0,"image":{"@id":"https:\/\/www.gaveanews.com\/index.php\/2025\/03\/28\/filipe-luis-na-selecao-danilo-e-sincero-e-declaracao-de-vene-casagrande-as-ultimas-noticias-do-flamengo\/#primaryimage"},"thumbnailUrl":"https:\/\/www.gaveanews.com\/wp-content\/uploads\/Bandeira-do-Flamengo-no-estadio-do-Corinthians-antes-do-jogo-contra-o-Fluminense-pelo-Campeonato-Brasileiro-de-2021.webp","articleSection":["Flamengo"],"inLanguage":"pt-BR","potentialAction":[{"@type":"CommentAction","name":"Comment","target":["https:\/\/www.gaveanews.com\/index.php\/2025\/03\/28\/filipe-luis-na-selecao-danilo-e-sincero-e-declaracao-de-vene-casagrande-as-ultimas-noticias-do-flamengo\/#respond"]}],"copyrightYear":"2025","copyrightHolder":{"@id":"https:\/\/www.gaveanews.com\/#organization"}},{"@type":"WebPage","@id":"https:\/\/www.gaveanews.com\/index.php\/2025\/03\/28\/filipe-luis-na-selecao-danilo-e-sincero-e-declaracao-de-vene-casagrande-as-ultimas-noticias-do-flamengo\/","url":"https:\/\/www.gaveanews.com\/index.php\/2025\/03\/28\/filipe-luis-na-selecao-danilo-e-sincero-e-declaracao-de-vene-casagrande-as-ultimas-noticias-do-flamengo\/","name":"Filipe Lu\u00eds na Sele\u00e7\u00e3o, Danilo \u00e9 sincero e declara\u00e7\u00e3o de Ven\u00ea Casagrande: as \u00faltimas not\u00edcias do Flamengo","isPartOf":{"@id":"https:\/\/www.gaveanews.com\/#website"},"primaryImageOfPage":{"@id":"https:\/\/www.gaveanews.com\/index.php\/2025\/03\/28\/filipe-luis-na-selecao-danilo-e-sincero-e-declaracao-de-vene-casagrande-as-ultimas-noticias-do-flamengo\/#primaryimage"},"image":{"@id":"https:\/\/www.gaveanews.com\/index.php\/2025\/03\/28\/filipe-luis-na-selecao-danilo-e-sincero-e-declaracao-de-vene-casagrande-as-ultimas-noticias-do-flamengo\/#primaryimage"},"thumbnailUrl":"https:\/\/www.gaveanews.com\/wp-content\/uploads\/Bandeira-do-Flamengo-no-estadio-do-Corinthians-antes-do-jogo-contra-o-Fluminense-pelo-Campeonato-Brasileiro-de-2021.webp","datePublished":"2025-03-28T12:30:00+00:00","author":{"@id":"https:\/\/www.gaveanews.com\/#\/schema\/person\/c79759ca337c40791ae8d08e2923d403"},"breadcrumb":{"@id":"https:\/\/www.gaveanews.com\/index.php\/2025\/03\/28\/filipe-luis-na-selecao-danilo-e-sincero-e-declaracao-de-vene-casagrande-as-ultimas-noticias-do-flamengo\/#breadcrumb"},"inLanguage":"pt-BR","potentialAction":[{"@type":"ReadAction","target":["https:\/\/www.gaveanews.com\/index.php\/2025\/03\/28\/filipe-luis-na-selecao-danilo-e-sincero-e-declaracao-de-vene-casagrande-as-ultimas-noticias-do-flamengo\/"]}]},{"@type":"ImageObject","inLanguage":"pt-BR","@id":"https:\/\/www.gaveanews.com\/index.php\/2025\/03\/28\/filipe-luis-na-selecao-danilo-e-sincero-e-declaracao-de-vene-casagrande-as-ultimas-noticias-do-flamengo\/#primaryimage","url":"https:\/\/www.gaveanews.com\/wp-content\/uploads\/Bandeira-do-Flamengo-no-estadio-do-Corinthians-antes-do-jogo-contra-o-Fluminense-pelo-Campeonato-Brasileiro-de-2021.webp","contentUrl":"https:\/\/www.gaveanews.com\/wp-content\/uploads\/Bandeira-do-Flamengo-no-estadio-do-Corinthians-antes-do-jogo-contra-o-Fluminense-pelo-Campeonato-Brasileiro-de-2021.webp","width":799,"height":532,"caption":"Bandeira do Flamengo no est\u00e1dio do Corinthians antes do jogo contra o Fluminense pelo Campeonato Brasileiro de 2021 (Foto: Alexandre Vidal\/Flamengo)"},{"@type":"BreadcrumbList","@id":"https:\/\/www.gaveanews.com\/index.php\/2025\/03\/28\/filipe-luis-na-selecao-danilo-e-sincero-e-declaracao-de-vene-casagrande-as-ultimas-noticias-do-flamengo\/#breadcrumb","itemListElement":[{"@type":"ListItem","position":1,"name":"Home","item":"https:\/\/www.gaveanews.com\/"},{"@type":"ListItem","position":2,"name":"Filipe Lu\u00eds na Sele\u00e7\u00e3o, Danilo \u00e9 sincero e declara\u00e7\u00e3o de Ven\u00ea Casagrande: as \u00faltimas not\u00edcias do Flamengo"}]},{"@type":"WebSite","@id":"https:\/\/www.gaveanews.com\/#website","url":"https:\/\/www.gaveanews.com\/","name":"G\u00e1vea News","description":"Veja todas as not\u00edcias sobre o Flamengo: Contrata\u00e7\u00f5es, categorias de base, resultados das partidas, tabela de classifica\u00e7\u00e3o, pr\u00f3ximos jogos!","potentialAction":[{"@type":"SearchAction","target":{"@type":"EntryPoint","urlTemplate":"https:\/\/www.gaveanews.com\/?s={search_term_string}"},"query-input":{"@type":"PropertyValueSpecification","valueRequired":true,"valueName":"search_term_string"}}],"inLanguage":"pt-BR"},{"@type":"Person","@id":"https:\/\/www.gaveanews.com\/#\/schema\/person\/c79759ca337c40791ae8d08e2923d403","name":"Brenda Cezillo","image":{"@type":"ImageObject","inLanguage":"pt-BR","@id":"https:\/\/www.gaveanews.com\/#\/schema\/person\/image\/","url":"https:\/\/secure.gravatar.com\/avatar\/1738d75cee7317f9c29ae61dd67620c5883d80a92e42a6fff88ae5d527af217a?s=96&d=mm&r=g","contentUrl":"https:\/\/secure.gravatar.com\/avatar\/1738d75cee7317f9c29ae61dd67620c5883d80a92e42a6fff88ae5d527af217a?s=96&d=mm&r=g","caption":"Brenda Cezillo"}}]}},"_links":{"self":[{"href":"https:\/\/www.gaveanews.com\/index.php\/wp-json\/wp\/v2\/posts\/245859","targetHints":{"allow":["GET"]}}],"collection":[{"href":"https:\/\/www.gaveanews.com\/index.php\/wp-json\/wp\/v2\/posts"}],"about":[{"href":"https:\/\/www.gaveanews.com\/index.php\/wp-json\/wp\/v2\/types\/post"}],"author":[{"embeddable":true,"href":"https:\/\/www.gaveanews.com\/index.php\/wp-json\/wp\/v2\/users\/33"}],"replies":[{"embeddable":true,"href":"https:\/\/www.gaveanews.com\/index.php\/wp-json\/wp\/v2\/comments?post=245859"}],"version-history":[{"count":1,"href":"https:\/\/www.gaveanews.com\/index.php\/wp-json\/wp\/v2\/posts\/245859\/revisions"}],"predecessor-version":[{"id":245864,"href":"https:\/\/www.gaveanews.com\/index.php\/wp-json\/wp\/v2\/posts\/245859\/revisions\/245864"}],"wp:featuredmedia":[{"embeddable":true,"href":"https:\/\/www.gaveanews.com\/index.php\/wp-json\/wp\/v2\/media\/64001"}],"wp:attachment":[{"href":"https:\/\/www.gaveanews.com\/index.php\/wp-json\/wp\/v2\/media?parent=245859"}],"wp:term":[{"taxonomy":"category","embeddable":true,"href":"https:\/\/www.gaveanews.com\/index.php\/wp-json\/wp\/v2\/categories?post=245859"},{"taxonomy":"post_tag","embeddable":true,"href":"https:\/\/www.gaveanews.com\/index.php\/wp-json\/wp\/v2\/tags?post=245859"}],"curies":[{"name":"wp","href":"https:\/\/api.w.org\/{rel}","templated":true}]}}