{"id":245865,"date":"2025-03-28T11:00:00","date_gmt":"2025-03-28T14:00:00","guid":{"rendered":"https:\/\/www.gaveanews.com\/?p=245865"},"modified":"2025-03-28T08:08:30","modified_gmt":"2025-03-28T11:08:30","slug":"reforco-chegando-por-r-87-milhoes-campeao-pelo-flamengo-e-jogado-para-escanteio-e-declaracao-de-danilo-as-ultimas-noticias-do-mais-querido","status":"publish","type":"post","link":"https:\/\/www.gaveanews.com\/index.php\/2025\/03\/28\/reforco-chegando-por-r-87-milhoes-campeao-pelo-flamengo-e-jogado-para-escanteio-e-declaracao-de-danilo-as-ultimas-noticias-do-mais-querido\/","title":{"rendered":"Refor\u00e7o chegando por R$ 87 milh\u00f5es, campe\u00e3o pelo Flamengo \u00e9 jogado para escanteio e declara\u00e7\u00e3o de Danilo: as \u00faltimas not\u00edcias do Mais Querido"},"content":{"rendered":"\n<p>Nas \u00faltimas horas, o foco das not\u00edcias sobre o Flamengo se concentram nos bastidores do clube, com destaques do dia a dia do time.<\/p>\n\n\n\n<p>Por conta deste contexto, leia abaixo um resumo preparado pela equipe do portal G\u00e1vea News para lhe manter muito bem informado!<\/p>\n\n\n\n<div class=\"wp-block-group\"><div class=\"wp-block-group__inner-container is-layout-constrained wp-block-group-is-layout-constrained\">\n<h2 class=\"wp-block-heading\" id=\"h-declaracao-de-danilo\">Declara\u00e7\u00e3o de Danilo<\/h2>\n\n\n\n<p>O lateral-direito Danilo, atualmente no Flamengo, relembrou sua passagem pelo futebol europeu e destacou a profunda influ\u00eancia que Pep Guardiola teve em sua carreira durante o per\u00edodo no Manchester City. Em entrevista recente, o jogador classificou sua viv\u00eancia sob o comando do treinador espanhol como uma verdadeira \u201clavagem cerebral\u201d, comparando o aprendizado com uma experi\u00eancia universit\u00e1ria. Danilo afirmou que passou a enxergar o futebol de maneira muito mais t\u00e1tica e detalhista, especialmente em rela\u00e7\u00e3o \u00e0 posse de bola, movimenta\u00e7\u00f5es e ocupa\u00e7\u00e3o de espa\u00e7os<strong><a href=\"https:\/\/www.gaveanews.com\/index.php\/2025\/03\/25\/a-declaracao-de-danilo-direcionada-a-guardiola-lavagem-cerebral\/\"> (leia a mat\u00e9ria completa).<\/a><\/strong><\/p>\n\n\n\n<figure class=\"wp-block-image size-full\"><img loading=\"lazy\" decoding=\"async\" width=\"1279\" height=\"1521\" src=\"http:\/\/www.gaveanews.com\/wp-content\/uploads\/Danilo-apresentado-pelo-Flamengo.webp\" alt=\"\" class=\"wp-image-220898\"\/><figcaption class=\"wp-element-caption\">Danilo apresentado pelo Flamengo (Foto: Paula Reis \/ CRF)<\/figcaption><\/figure>\n\n\n\n<p>Antes de atuar pelo clube ingl\u00eas, Danilo teve momentos dif\u00edceis no Real Madrid, onde n\u00e3o conseguiu corresponder \u00e0s expectativas e sofreu forte press\u00e3o nas redes sociais. <\/p>\n\n\n\n<p>Ele chegou a desativar suas contas e buscou apoio psicol\u00f3gico, revelando o impacto que a cobran\u00e7a teve sobre sua sa\u00fade mental. A partir dessa viv\u00eancia, o atleta defende que os clubes devem oferecer suporte emocional mais estruturado, principalmente para os jogadores mais jovens que enfrentam esse tipo de adversidade logo no in\u00edcio da carreira.<\/p>\n\n\n\n<p>No Flamengo, o objetivo de Danilo \u00e9 conquistar t\u00edtulos e buscar uma vaga na Copa do Mundo de 2026. Apesar do desejo de seguir competitivo, o jogador j\u00e1 declarou que n\u00e3o pretende estender sua carreira at\u00e9 os 40 anos, tampouco seguir como t\u00e9cnico. Seus planos incluem estudar psicologia e comunica\u00e7\u00e3o ap\u00f3s a aposentadoria. Agora, ele encara essa nova etapa no futebol brasileiro como uma oportunidade de recome\u00e7o, com foco em desempenho, equil\u00edbrio e contribui\u00e7\u00e3o ao elenco rubro-negro.<\/p>\n\n\n\n<h2 class=\"wp-block-heading\" id=\"h-campeao-pelo-flamengo-e-jogado-para-escanteio\">Campe\u00e3o pelo Flamengo \u00e9 jogado para escanteio<\/h2>\n\n\n\n<p>Mesmo ap\u00f3s conquistar a Libertadores Sub-20 com o Flamengo, o t\u00e9cnico Cleber dos Santos n\u00e3o permanecer\u00e1 \u00e0 frente da equipe principal da base. O clube j\u00e1 havia acertado a chegada do portugu\u00eas Nuno Campos, que assume o comando do time que disputar\u00e1 o Brasileir\u00e3o da categoria. Com isso, Cleber ser\u00e1 realocado para o sub-20 B, onde continuar\u00e1 contribuindo ao lado do auxiliar Sandro Gomes, assumindo um novo desafio dentro da estrutura rubro-negra<strong><a href=\"https:\/\/www.gaveanews.com\/index.php\/2025\/03\/25\/ele-foi-campeao-pelo-flamengo-mas-vai-ser-manejado-para-o-time-b\/\"> (leia a mat\u00e9ria completa).<\/a><\/strong><\/p>\n\n\n\n<blockquote class=\"instagram-media\" data-instgrm-permalink=\"https:\/\/www.instagram.com\/p\/DHXJNeIM0UR\/?utm_source=ig_embed&amp;utm_campaign=loading\" data-instgrm-version=\"14\" style=\" background:#FFF; border:0; border-radius:3px; box-shadow:0 0 1px 0 rgba(0,0,0,0.5),0 1px 10px 0 rgba(0,0,0,0.15); margin: 1px; max-width:540px; min-width:326px; padding:0; width:99.375%; width:-webkit-calc(100% - 2px); width:calc(100% - 2px);\"><div style=\"padding:16px;\"> <a href=\"https:\/\/www.instagram.com\/p\/DHXJNeIM0UR\/?utm_source=ig_embed&amp;utm_campaign=loading\" style=\" background:#FFFFFF; line-height:0; padding:0 0; text-align:center; text-decoration:none; width:100%;\" target=\"_blank\"> <div style=\" display: flex; flex-direction: row; align-items: center;\"> <div style=\"background-color: #F4F4F4; border-radius: 50%; flex-grow: 0; height: 40px; margin-right: 14px; width: 40px;\"><\/div> <div style=\"display: flex; flex-direction: column; flex-grow: 1; justify-content: center;\"> <div style=\" background-color: #F4F4F4; border-radius: 4px; flex-grow: 0; height: 14px; margin-bottom: 6px; width: 100px;\"><\/div> <div style=\" background-color: #F4F4F4; border-radius: 4px; flex-grow: 0; height: 14px; width: 60px;\"><\/div><\/div><\/div><div style=\"padding: 19% 0;\"><\/div> <div style=\"display:block; height:50px; margin:0 auto 12px; width:50px;\"><svg width=\"50px\" height=\"50px\" viewBox=\"0 0 60 60\" version=\"1.1\" xmlns=\"https:\/\/www.w3.org\/2000\/svg\" xmlns:xlink=\"https:\/\/www.w3.org\/1999\/xlink\"><g stroke=\"none\" stroke-width=\"1\" fill=\"none\" fill-rule=\"evenodd\"><g transform=\"translate(-511.000000, -20.000000)\" fill=\"#000000\"><g><path d=\"M556.869,30.41 C554.814,30.41 553.148,32.076 553.148,34.131 C553.148,36.186 554.814,37.852 556.869,37.852 C558.924,37.852 560.59,36.186 560.59,34.131 C560.59,32.076 558.924,30.41 556.869,30.41 M541,60.657 C535.114,60.657 530.342,55.887 530.342,50 C530.342,44.114 535.114,39.342 541,39.342 C546.887,39.342 551.658,44.114 551.658,50 C551.658,55.887 546.887,60.657 541,60.657 M541,33.886 C532.1,33.886 524.886,41.1 524.886,50 C524.886,58.899 532.1,66.113 541,66.113 C549.9,66.113 557.115,58.899 557.115,50 C557.115,41.1 549.9,33.886 541,33.886 M565.378,62.101 C565.244,65.022 564.756,66.606 564.346,67.663 C563.803,69.06 563.154,70.057 562.106,71.106 C561.058,72.155 560.06,72.803 558.662,73.347 C557.607,73.757 556.021,74.244 553.102,74.378 C549.944,74.521 548.997,74.552 541,74.552 C533.003,74.552 532.056,74.521 528.898,74.378 C525.979,74.244 524.393,73.757 523.338,73.347 C521.94,72.803 520.942,72.155 519.894,71.106 C518.846,70.057 518.197,69.06 517.654,67.663 C517.244,66.606 516.755,65.022 516.623,62.101 C516.479,58.943 516.448,57.996 516.448,50 C516.448,42.003 516.479,41.056 516.623,37.899 C516.755,34.978 517.244,33.391 517.654,32.338 C518.197,30.938 518.846,29.942 519.894,28.894 C520.942,27.846 521.94,27.196 523.338,26.654 C524.393,26.244 525.979,25.756 528.898,25.623 C532.057,25.479 533.004,25.448 541,25.448 C548.997,25.448 549.943,25.479 553.102,25.623 C556.021,25.756 557.607,26.244 558.662,26.654 C560.06,27.196 561.058,27.846 562.106,28.894 C563.154,29.942 563.803,30.938 564.346,32.338 C564.756,33.391 565.244,34.978 565.378,37.899 C565.522,41.056 565.552,42.003 565.552,50 C565.552,57.996 565.522,58.943 565.378,62.101 M570.82,37.631 C570.674,34.438 570.167,32.258 569.425,30.349 C568.659,28.377 567.633,26.702 565.965,25.035 C564.297,23.368 562.623,22.342 560.652,21.575 C558.743,20.834 556.562,20.326 553.369,20.18 C550.169,20.033 549.148,20 541,20 C532.853,20 531.831,20.033 528.631,20.18 C525.438,20.326 523.257,20.834 521.349,21.575 C519.376,22.342 517.703,23.368 516.035,25.035 C514.368,26.702 513.342,28.377 512.574,30.349 C511.834,32.258 511.326,34.438 511.181,37.631 C511.035,40.831 511,41.851 511,50 C511,58.147 511.035,59.17 511.181,62.369 C511.326,65.562 511.834,67.743 512.574,69.651 C513.342,71.625 514.368,73.296 516.035,74.965 C517.703,76.634 519.376,77.658 521.349,78.425 C523.257,79.167 525.438,79.673 528.631,79.82 C531.831,79.965 532.853,80.001 541,80.001 C549.148,80.001 550.169,79.965 553.369,79.82 C556.562,79.673 558.743,79.167 560.652,78.425 C562.623,77.658 564.297,76.634 565.965,74.965 C567.633,73.296 568.659,71.625 569.425,69.651 C570.167,67.743 570.674,65.562 570.82,62.369 C570.966,59.17 571,58.147 571,50 C571,41.851 570.966,40.831 570.82,37.631\"><\/path><\/g><\/g><\/g><\/svg><\/div><div style=\"padding-top: 8px;\"> <div style=\" color:#3897f0; font-family:Arial,sans-serif; font-size:14px; font-style:normal; font-weight:550; line-height:18px;\">Ver essa foto no Instagram<\/div><\/div><div style=\"padding: 12.5% 0;\"><\/div> <div style=\"display: flex; flex-direction: row; margin-bottom: 14px; align-items: center;\"><div> <div style=\"background-color: #F4F4F4; border-radius: 50%; height: 12.5px; width: 12.5px; transform: translateX(0px) translateY(7px);\"><\/div> <div style=\"background-color: #F4F4F4; height: 12.5px; transform: rotate(-45deg) translateX(3px) translateY(1px); width: 12.5px; flex-grow: 0; margin-right: 14px; margin-left: 2px;\"><\/div> <div style=\"background-color: #F4F4F4; border-radius: 50%; height: 12.5px; width: 12.5px; transform: translateX(9px) translateY(-18px);\"><\/div><\/div><div style=\"margin-left: 8px;\"> <div style=\" background-color: #F4F4F4; border-radius: 50%; flex-grow: 0; height: 20px; width: 20px;\"><\/div> <div style=\" width: 0; height: 0; border-top: 2px solid transparent; border-left: 6px solid #f4f4f4; border-bottom: 2px solid transparent; transform: translateX(16px) translateY(-4px) rotate(30deg)\"><\/div><\/div><div style=\"margin-left: auto;\"> <div style=\" width: 0px; border-top: 8px solid #F4F4F4; border-right: 8px solid transparent; transform: translateY(16px);\"><\/div> <div style=\" background-color: #F4F4F4; flex-grow: 0; height: 12px; width: 16px; transform: translateY(-4px);\"><\/div> <div style=\" width: 0; height: 0; border-top: 8px solid #F4F4F4; border-left: 8px solid transparent; transform: translateY(-4px) translateX(8px);\"><\/div><\/div><\/div> <div style=\"display: flex; flex-direction: column; flex-grow: 1; justify-content: center; margin-bottom: 24px;\"> <div style=\" background-color: #F4F4F4; border-radius: 4px; flex-grow: 0; height: 14px; margin-bottom: 6px; width: 224px;\"><\/div> <div style=\" background-color: #F4F4F4; border-radius: 4px; flex-grow: 0; height: 14px; width: 144px;\"><\/div><\/div><\/a><p style=\" color:#c9c8cd; font-family:Arial,sans-serif; font-size:14px; line-height:17px; margin-bottom:0; margin-top:8px; overflow:hidden; padding:8px 0 7px; text-align:center; text-overflow:ellipsis; white-space:nowrap;\"><a href=\"https:\/\/www.instagram.com\/p\/DHXJNeIM0UR\/?utm_source=ig_embed&amp;utm_campaign=loading\" style=\" color:#c9c8cd; font-family:Arial,sans-serif; font-size:14px; font-style:normal; font-weight:normal; line-height:17px; text-decoration:none;\" target=\"_blank\">Uma publica\u00e7\u00e3o compartilhada por Cleber Dos Santos (@cleberdossantosjr)<\/a><\/p><\/div><\/blockquote>\n<script async src=\"\/\/www.instagram.com\/embed.js\"><\/script>\n\n\n\n<p>Cleber expressou surpresa com a falta de comunica\u00e7\u00e3o da diretoria ap\u00f3s o t\u00edtulo, revelando que n\u00e3o foi procurado por ningu\u00e9m do clube at\u00e9 ent\u00e3o. Apesar disso, demonstrou profissionalismo e afirmou que seguiria normalmente com suas atividades. Com uma trajet\u00f3ria de 14 anos no Flamengo, Cleber comandou a equipe em diferentes contextos, incluindo a Copinha, a Libertadores Sub-20 e at\u00e9 a pr\u00e9-temporada do time profissional no Carioca.<\/p>\n\n\n\n<p>A chegada de Nuno Campos, respaldada pelo diretor t\u00e9cnico Jos\u00e9 Boto, refor\u00e7a a aposta do Flamengo em um projeto mais internacional para as categorias de base. Com passagens por clubes da Europa e Am\u00e9rica, o portugu\u00eas estreia no dia 28 de mar\u00e7o, em cl\u00e1ssico contra o Vasco. A decis\u00e3o da diretoria mostra um planejamento estrat\u00e9gico que busca manter Cleber no clube, ainda que fora do holofote principal, valorizando sua experi\u00eancia e import\u00e2ncia na forma\u00e7\u00e3o de novos talentos.<\/p>\n\n\n\n<h2 class=\"wp-block-heading\" id=\"h-reforco-chegando-por-r-87-milhoes\">Refor\u00e7o chegando por R$ 87 milh\u00f5es<\/h2>\n\n\n\n<p>O Flamengo est\u00e1 pr\u00f3ximo de anunciar a contrata\u00e7\u00e3o de Jorginho, volante \u00edtalo-brasileiro que deixar\u00e1 o Arsenal. Embora a transfer\u00eancia ocorra sem custos de aquisi\u00e7\u00e3o junto ao clube ingl\u00eas, a negocia\u00e7\u00e3o exigir\u00e1 um investimento elevado do Rubro-Negro: cerca de R$ 87 milh\u00f5es, incluindo luvas, bonifica\u00e7\u00f5es e direitos de imagem. Esse montante torna a chegada de Jorginho a maior contrata\u00e7\u00e3o da gest\u00e3o de Rodolfo Landim e Bap, e um marco da nova pol\u00edtica do departamento de futebol sob comando de Jos\u00e9 Boto e do t\u00e9cnico Filipe Lu\u00eds<strong><a href=\"https:\/\/www.gaveanews.com\/index.php\/2025\/03\/25\/flamengo-vai-pagar-r-87-milhoes-para-fechar-com-novo-reforco\/\"> (leia a mat\u00e9ria completa).<\/a><\/strong><\/p>\n\n\n\n<figure class=\"wp-block-image size-large\"><img loading=\"lazy\" decoding=\"async\" width=\"1024\" height=\"576\" src=\"http:\/\/www.gaveanews.com\/wp-content\/uploads\/Futebol-e-dinheiro-1-1024x576.webp\" alt=\"\" class=\"wp-image-167418\" srcset=\"https:\/\/www.gaveanews.com\/wp-content\/uploads\/Futebol-e-dinheiro-1-1024x576.webp 1024w, https:\/\/www.gaveanews.com\/wp-content\/uploads\/Futebol-e-dinheiro-1-300x169.webp 300w, https:\/\/www.gaveanews.com\/wp-content\/uploads\/Futebol-e-dinheiro-1-768x432.webp 768w, https:\/\/www.gaveanews.com\/wp-content\/uploads\/Futebol-e-dinheiro-1-747x420.webp 747w, https:\/\/www.gaveanews.com\/wp-content\/uploads\/Futebol-e-dinheiro-1-640x360.webp 640w, https:\/\/www.gaveanews.com\/wp-content\/uploads\/Futebol-e-dinheiro-1-681x383.webp 681w, https:\/\/www.gaveanews.com\/wp-content\/uploads\/Futebol-e-dinheiro-1-100x56.webp 100w, https:\/\/www.gaveanews.com\/wp-content\/uploads\/Futebol-e-dinheiro-1.webp 1280w\" sizes=\"auto, (max-width: 1024px) 100vw, 1024px\" \/><figcaption class=\"wp-element-caption\">Futebol e dinheiro (Imagem: Editoria de arte\/G\u00e1vea News\/Henrique Machado)<\/figcaption><\/figure>\n\n\n\n<p>A nova abordagem adotada pela diretoria do Flamengo prioriza atletas com perfil t\u00e9cnico ajustado ao modelo de jogo, deixando de lado contrata\u00e7\u00f5es de cunho midi\u00e1tico. Jos\u00e9 Boto, com perfil mais reservado, trabalha em conjunto com Filipe Lu\u00eds, que tem participa\u00e7\u00e3o ativa no planejamento do elenco. Essa parceria j\u00e1 mostra seus efeitos, com refor\u00e7os sendo avaliados de forma estrat\u00e9gica, dentro de uma proposta de equil\u00edbrio entre performance e sustentabilidade financeira.<\/p>\n\n\n\n<p>Mesmo sem custo de transfer\u00eancia, o investimento em Jorginho \u00e9 robusto. A dire\u00e7\u00e3o aposta no retorno esportivo imediato do jogador, que chega como pe\u00e7a-chave para fortalecer o meio-campo visando competi\u00e7\u00f5es como o Super Mundial e o Brasileir\u00e3o. A contrata\u00e7\u00e3o reflete o novo momento do clube, que busca refor\u00e7os pontuais e de alto rendimento, mesmo que isso envolva cifras elevadas. A expectativa da torcida \u00e9 alta, e a diretoria trabalha para oficializar o acordo em breve.<\/p>\n<\/div><\/div>\n","protected":false},"excerpt":{"rendered":"<p>Nas \u00faltimas horas, o foco das not\u00edcias sobre o Flamengo se concentram nos bastidores do clube, com destaques do dia a dia do time. Por conta deste contexto, leia abaixo um resumo preparado pela equipe do portal G\u00e1vea News para lhe manter muito bem informado! Declara\u00e7\u00e3o de Danilo O lateral-direito Danilo, atualmente no Flamengo, relembrou [&hellip;]<\/p>\n","protected":false},"author":33,"featured_media":126591,"comment_status":"open","ping_status":"closed","sticky":false,"template":"","format":"standard","meta":{"footnotes":""},"categories":[1],"tags":[],"class_list":["post-245865","post","type-post","status-publish","format-standard","has-post-thumbnail","hentry","category-flamengo"],"yoast_head":"<!-- This site is optimized with the Yoast SEO Premium plugin v24.2 (Yoast SEO v26.9) - https:\/\/yoast.com\/product\/yoast-seo-premium-wordpress\/ -->\n<title>Refor\u00e7o chegando por R$ 87 milh\u00f5es, campe\u00e3o pelo Flamengo \u00e9 jogado para escanteio e declara\u00e7\u00e3o de Danilo: as \u00faltimas not\u00edcias do Mais Querido<\/title>\n<meta name=\"robots\" content=\"index, follow, max-snippet:-1, max-image-preview:large, max-video-preview:-1\" \/>\n<link rel=\"canonical\" href=\"https:\/\/www.gaveanews.com\/index.php\/2025\/03\/28\/reforco-chegando-por-r-87-milhoes-campeao-pelo-flamengo-e-jogado-para-escanteio-e-declaracao-de-danilo-as-ultimas-noticias-do-mais-querido\/\" \/>\n<meta property=\"og:locale\" content=\"pt_BR\" \/>\n<meta property=\"og:type\" content=\"article\" \/>\n<meta property=\"og:title\" content=\"Refor\u00e7o chegando por R$ 87 milh\u00f5es, campe\u00e3o pelo Flamengo \u00e9 jogado para escanteio e declara\u00e7\u00e3o de Danilo: as \u00faltimas not\u00edcias do Mais Querido\" \/>\n<meta property=\"og:description\" content=\"Nas \u00faltimas horas, o foco das not\u00edcias sobre o Flamengo se concentram nos bastidores do clube, com destaques do dia a dia do time. Por conta deste contexto, leia abaixo um resumo preparado pela equipe do portal G\u00e1vea News para lhe manter muito bem informado! Declara\u00e7\u00e3o de Danilo O lateral-direito Danilo, atualmente no Flamengo, relembrou [&hellip;]\" \/>\n<meta property=\"og:url\" content=\"https:\/\/www.gaveanews.com\/index.php\/2025\/03\/28\/reforco-chegando-por-r-87-milhoes-campeao-pelo-flamengo-e-jogado-para-escanteio-e-declaracao-de-danilo-as-ultimas-noticias-do-mais-querido\/\" \/>\n<meta property=\"og:site_name\" content=\"G\u00e1vea News\" \/>\n<meta property=\"article:publisher\" content=\"https:\/\/facebook.com\/gaveaNews\/\" \/>\n<meta property=\"article:published_time\" content=\"2025-03-28T14:00:00+00:00\" \/>\n<meta property=\"og:image\" content=\"https:\/\/www.gaveanews.com\/wp-content\/uploads\/escudoDoFlamengo.webp\" \/>\n\t<meta property=\"og:image:width\" content=\"1000\" \/>\n\t<meta property=\"og:image:height\" content=\"667\" \/>\n\t<meta property=\"og:image:type\" content=\"image\/jpeg\" \/>\n<meta name=\"author\" content=\"Brenda Cezillo\" \/>\n<meta name=\"twitter:card\" content=\"summary_large_image\" \/>\n<meta name=\"twitter:label1\" content=\"Escrito por\" \/>\n\t<meta name=\"twitter:data1\" content=\"Brenda Cezillo\" \/>\n\t<meta name=\"twitter:label2\" content=\"Est. tempo de leitura\" \/>\n\t<meta name=\"twitter:data2\" content=\"5 minutos\" \/>\n<script type=\"application\/ld+json\" class=\"yoast-schema-graph\">{\"@context\":\"https:\/\/schema.org\",\"@graph\":[{\"@type\":\"NewsArticle\",\"@id\":\"https:\/\/www.gaveanews.com\/index.php\/2025\/03\/28\/reforco-chegando-por-r-87-milhoes-campeao-pelo-flamengo-e-jogado-para-escanteio-e-declaracao-de-danilo-as-ultimas-noticias-do-mais-querido\/#article\",\"isPartOf\":{\"@id\":\"https:\/\/www.gaveanews.com\/index.php\/2025\/03\/28\/reforco-chegando-por-r-87-milhoes-campeao-pelo-flamengo-e-jogado-para-escanteio-e-declaracao-de-danilo-as-ultimas-noticias-do-mais-querido\/\"},\"author\":{\"name\":\"Brenda Cezillo\",\"@id\":\"https:\/\/www.gaveanews.com\/#\/schema\/person\/c79759ca337c40791ae8d08e2923d403\"},\"headline\":\"Refor\u00e7o chegando por R$ 87 milh\u00f5es, campe\u00e3o pelo Flamengo \u00e9 jogado para escanteio e declara\u00e7\u00e3o de Danilo: as \u00faltimas not\u00edcias do Mais Querido\",\"datePublished\":\"2025-03-28T14:00:00+00:00\",\"mainEntityOfPage\":{\"@id\":\"https:\/\/www.gaveanews.com\/index.php\/2025\/03\/28\/reforco-chegando-por-r-87-milhoes-campeao-pelo-flamengo-e-jogado-para-escanteio-e-declaracao-de-danilo-as-ultimas-noticias-do-mais-querido\/\"},\"wordCount\":893,\"commentCount\":0,\"image\":{\"@id\":\"https:\/\/www.gaveanews.com\/index.php\/2025\/03\/28\/reforco-chegando-por-r-87-milhoes-campeao-pelo-flamengo-e-jogado-para-escanteio-e-declaracao-de-danilo-as-ultimas-noticias-do-mais-querido\/#primaryimage\"},\"thumbnailUrl\":\"https:\/\/www.gaveanews.com\/wp-content\/uploads\/escudoDoFlamengo.webp\",\"articleSection\":[\"Flamengo\"],\"inLanguage\":\"pt-BR\",\"potentialAction\":[{\"@type\":\"CommentAction\",\"name\":\"Comment\",\"target\":[\"https:\/\/www.gaveanews.com\/index.php\/2025\/03\/28\/reforco-chegando-por-r-87-milhoes-campeao-pelo-flamengo-e-jogado-para-escanteio-e-declaracao-de-danilo-as-ultimas-noticias-do-mais-querido\/#respond\"]}],\"copyrightYear\":\"2025\",\"copyrightHolder\":{\"@id\":\"https:\/\/www.gaveanews.com\/#organization\"}},{\"@type\":\"WebPage\",\"@id\":\"https:\/\/www.gaveanews.com\/index.php\/2025\/03\/28\/reforco-chegando-por-r-87-milhoes-campeao-pelo-flamengo-e-jogado-para-escanteio-e-declaracao-de-danilo-as-ultimas-noticias-do-mais-querido\/\",\"url\":\"https:\/\/www.gaveanews.com\/index.php\/2025\/03\/28\/reforco-chegando-por-r-87-milhoes-campeao-pelo-flamengo-e-jogado-para-escanteio-e-declaracao-de-danilo-as-ultimas-noticias-do-mais-querido\/\",\"name\":\"Refor\u00e7o chegando por R$ 87 milh\u00f5es, campe\u00e3o pelo Flamengo \u00e9 jogado para escanteio e declara\u00e7\u00e3o de Danilo: as \u00faltimas not\u00edcias do Mais Querido\",\"isPartOf\":{\"@id\":\"https:\/\/www.gaveanews.com\/#website\"},\"primaryImageOfPage\":{\"@id\":\"https:\/\/www.gaveanews.com\/index.php\/2025\/03\/28\/reforco-chegando-por-r-87-milhoes-campeao-pelo-flamengo-e-jogado-para-escanteio-e-declaracao-de-danilo-as-ultimas-noticias-do-mais-querido\/#primaryimage\"},\"image\":{\"@id\":\"https:\/\/www.gaveanews.com\/index.php\/2025\/03\/28\/reforco-chegando-por-r-87-milhoes-campeao-pelo-flamengo-e-jogado-para-escanteio-e-declaracao-de-danilo-as-ultimas-noticias-do-mais-querido\/#primaryimage\"},\"thumbnailUrl\":\"https:\/\/www.gaveanews.com\/wp-content\/uploads\/escudoDoFlamengo.webp\",\"datePublished\":\"2025-03-28T14:00:00+00:00\",\"author\":{\"@id\":\"https:\/\/www.gaveanews.com\/#\/schema\/person\/c79759ca337c40791ae8d08e2923d403\"},\"breadcrumb\":{\"@id\":\"https:\/\/www.gaveanews.com\/index.php\/2025\/03\/28\/reforco-chegando-por-r-87-milhoes-campeao-pelo-flamengo-e-jogado-para-escanteio-e-declaracao-de-danilo-as-ultimas-noticias-do-mais-querido\/#breadcrumb\"},\"inLanguage\":\"pt-BR\",\"potentialAction\":[{\"@type\":\"ReadAction\",\"target\":[\"https:\/\/www.gaveanews.com\/index.php\/2025\/03\/28\/reforco-chegando-por-r-87-milhoes-campeao-pelo-flamengo-e-jogado-para-escanteio-e-declaracao-de-danilo-as-ultimas-noticias-do-mais-querido\/\"]}]},{\"@type\":\"ImageObject\",\"inLanguage\":\"pt-BR\",\"@id\":\"https:\/\/www.gaveanews.com\/index.php\/2025\/03\/28\/reforco-chegando-por-r-87-milhoes-campeao-pelo-flamengo-e-jogado-para-escanteio-e-declaracao-de-danilo-as-ultimas-noticias-do-mais-querido\/#primaryimage\",\"url\":\"https:\/\/www.gaveanews.com\/wp-content\/uploads\/escudoDoFlamengo.webp\",\"contentUrl\":\"https:\/\/www.gaveanews.com\/wp-content\/uploads\/escudoDoFlamengo.webp\",\"width\":1000,\"height\":667,\"caption\":\"Escudo do Flamengo (Foto: Reprodu\u00e7\u00e3o)\"},{\"@type\":\"BreadcrumbList\",\"@id\":\"https:\/\/www.gaveanews.com\/index.php\/2025\/03\/28\/reforco-chegando-por-r-87-milhoes-campeao-pelo-flamengo-e-jogado-para-escanteio-e-declaracao-de-danilo-as-ultimas-noticias-do-mais-querido\/#breadcrumb\",\"itemListElement\":[{\"@type\":\"ListItem\",\"position\":1,\"name\":\"Home\",\"item\":\"https:\/\/www.gaveanews.com\/\"},{\"@type\":\"ListItem\",\"position\":2,\"name\":\"Refor\u00e7o chegando por R$ 87 milh\u00f5es, campe\u00e3o pelo Flamengo \u00e9 jogado para escanteio e declara\u00e7\u00e3o de Danilo: as \u00faltimas not\u00edcias do Mais Querido\"}]},{\"@type\":\"WebSite\",\"@id\":\"https:\/\/www.gaveanews.com\/#website\",\"url\":\"https:\/\/www.gaveanews.com\/\",\"name\":\"G\u00e1vea News\",\"description\":\"Veja todas as not\u00edcias sobre o Flamengo: Contrata\u00e7\u00f5es, categorias de base, resultados das partidas, tabela de classifica\u00e7\u00e3o, pr\u00f3ximos jogos!\",\"potentialAction\":[{\"@type\":\"SearchAction\",\"target\":{\"@type\":\"EntryPoint\",\"urlTemplate\":\"https:\/\/www.gaveanews.com\/?s={search_term_string}\"},\"query-input\":{\"@type\":\"PropertyValueSpecification\",\"valueRequired\":true,\"valueName\":\"search_term_string\"}}],\"inLanguage\":\"pt-BR\"},{\"@type\":\"Person\",\"@id\":\"https:\/\/www.gaveanews.com\/#\/schema\/person\/c79759ca337c40791ae8d08e2923d403\",\"name\":\"Brenda Cezillo\",\"image\":{\"@type\":\"ImageObject\",\"inLanguage\":\"pt-BR\",\"@id\":\"https:\/\/www.gaveanews.com\/#\/schema\/person\/image\/\",\"url\":\"https:\/\/secure.gravatar.com\/avatar\/1738d75cee7317f9c29ae61dd67620c5883d80a92e42a6fff88ae5d527af217a?s=96&d=mm&r=g\",\"contentUrl\":\"https:\/\/secure.gravatar.com\/avatar\/1738d75cee7317f9c29ae61dd67620c5883d80a92e42a6fff88ae5d527af217a?s=96&d=mm&r=g\",\"caption\":\"Brenda Cezillo\"}}]}<\/script>\n<!-- \/ Yoast SEO Premium plugin. -->","yoast_head_json":{"title":"Refor\u00e7o chegando por R$ 87 milh\u00f5es, campe\u00e3o pelo Flamengo \u00e9 jogado para escanteio e declara\u00e7\u00e3o de Danilo: as \u00faltimas not\u00edcias do Mais Querido","robots":{"index":"index","follow":"follow","max-snippet":"max-snippet:-1","max-image-preview":"max-image-preview:large","max-video-preview":"max-video-preview:-1"},"canonical":"https:\/\/www.gaveanews.com\/index.php\/2025\/03\/28\/reforco-chegando-por-r-87-milhoes-campeao-pelo-flamengo-e-jogado-para-escanteio-e-declaracao-de-danilo-as-ultimas-noticias-do-mais-querido\/","og_locale":"pt_BR","og_type":"article","og_title":"Refor\u00e7o chegando por R$ 87 milh\u00f5es, campe\u00e3o pelo Flamengo \u00e9 jogado para escanteio e declara\u00e7\u00e3o de Danilo: as \u00faltimas not\u00edcias do Mais Querido","og_description":"Nas \u00faltimas horas, o foco das not\u00edcias sobre o Flamengo se concentram nos bastidores do clube, com destaques do dia a dia do time. Por conta deste contexto, leia abaixo um resumo preparado pela equipe do portal G\u00e1vea News para lhe manter muito bem informado! Declara\u00e7\u00e3o de Danilo O lateral-direito Danilo, atualmente no Flamengo, relembrou [&hellip;]","og_url":"https:\/\/www.gaveanews.com\/index.php\/2025\/03\/28\/reforco-chegando-por-r-87-milhoes-campeao-pelo-flamengo-e-jogado-para-escanteio-e-declaracao-de-danilo-as-ultimas-noticias-do-mais-querido\/","og_site_name":"G\u00e1vea News","article_publisher":"https:\/\/facebook.com\/gaveaNews\/","article_published_time":"2025-03-28T14:00:00+00:00","og_image":[{"width":1000,"height":667,"url":"https:\/\/www.gaveanews.com\/wp-content\/uploads\/escudoDoFlamengo.webp","type":"image\/jpeg"}],"author":"Brenda Cezillo","twitter_card":"summary_large_image","twitter_misc":{"Escrito por":"Brenda Cezillo","Est. tempo de leitura":"5 minutos"},"schema":{"@context":"https:\/\/schema.org","@graph":[{"@type":"NewsArticle","@id":"https:\/\/www.gaveanews.com\/index.php\/2025\/03\/28\/reforco-chegando-por-r-87-milhoes-campeao-pelo-flamengo-e-jogado-para-escanteio-e-declaracao-de-danilo-as-ultimas-noticias-do-mais-querido\/#article","isPartOf":{"@id":"https:\/\/www.gaveanews.com\/index.php\/2025\/03\/28\/reforco-chegando-por-r-87-milhoes-campeao-pelo-flamengo-e-jogado-para-escanteio-e-declaracao-de-danilo-as-ultimas-noticias-do-mais-querido\/"},"author":{"name":"Brenda Cezillo","@id":"https:\/\/www.gaveanews.com\/#\/schema\/person\/c79759ca337c40791ae8d08e2923d403"},"headline":"Refor\u00e7o chegando por R$ 87 milh\u00f5es, campe\u00e3o pelo Flamengo \u00e9 jogado para escanteio e declara\u00e7\u00e3o de Danilo: as \u00faltimas not\u00edcias do Mais Querido","datePublished":"2025-03-28T14:00:00+00:00","mainEntityOfPage":{"@id":"https:\/\/www.gaveanews.com\/index.php\/2025\/03\/28\/reforco-chegando-por-r-87-milhoes-campeao-pelo-flamengo-e-jogado-para-escanteio-e-declaracao-de-danilo-as-ultimas-noticias-do-mais-querido\/"},"wordCount":893,"commentCount":0,"image":{"@id":"https:\/\/www.gaveanews.com\/index.php\/2025\/03\/28\/reforco-chegando-por-r-87-milhoes-campeao-pelo-flamengo-e-jogado-para-escanteio-e-declaracao-de-danilo-as-ultimas-noticias-do-mais-querido\/#primaryimage"},"thumbnailUrl":"https:\/\/www.gaveanews.com\/wp-content\/uploads\/escudoDoFlamengo.webp","articleSection":["Flamengo"],"inLanguage":"pt-BR","potentialAction":[{"@type":"CommentAction","name":"Comment","target":["https:\/\/www.gaveanews.com\/index.php\/2025\/03\/28\/reforco-chegando-por-r-87-milhoes-campeao-pelo-flamengo-e-jogado-para-escanteio-e-declaracao-de-danilo-as-ultimas-noticias-do-mais-querido\/#respond"]}],"copyrightYear":"2025","copyrightHolder":{"@id":"https:\/\/www.gaveanews.com\/#organization"}},{"@type":"WebPage","@id":"https:\/\/www.gaveanews.com\/index.php\/2025\/03\/28\/reforco-chegando-por-r-87-milhoes-campeao-pelo-flamengo-e-jogado-para-escanteio-e-declaracao-de-danilo-as-ultimas-noticias-do-mais-querido\/","url":"https:\/\/www.gaveanews.com\/index.php\/2025\/03\/28\/reforco-chegando-por-r-87-milhoes-campeao-pelo-flamengo-e-jogado-para-escanteio-e-declaracao-de-danilo-as-ultimas-noticias-do-mais-querido\/","name":"Refor\u00e7o chegando por R$ 87 milh\u00f5es, campe\u00e3o pelo Flamengo \u00e9 jogado para escanteio e declara\u00e7\u00e3o de Danilo: as \u00faltimas not\u00edcias do Mais Querido","isPartOf":{"@id":"https:\/\/www.gaveanews.com\/#website"},"primaryImageOfPage":{"@id":"https:\/\/www.gaveanews.com\/index.php\/2025\/03\/28\/reforco-chegando-por-r-87-milhoes-campeao-pelo-flamengo-e-jogado-para-escanteio-e-declaracao-de-danilo-as-ultimas-noticias-do-mais-querido\/#primaryimage"},"image":{"@id":"https:\/\/www.gaveanews.com\/index.php\/2025\/03\/28\/reforco-chegando-por-r-87-milhoes-campeao-pelo-flamengo-e-jogado-para-escanteio-e-declaracao-de-danilo-as-ultimas-noticias-do-mais-querido\/#primaryimage"},"thumbnailUrl":"https:\/\/www.gaveanews.com\/wp-content\/uploads\/escudoDoFlamengo.webp","datePublished":"2025-03-28T14:00:00+00:00","author":{"@id":"https:\/\/www.gaveanews.com\/#\/schema\/person\/c79759ca337c40791ae8d08e2923d403"},"breadcrumb":{"@id":"https:\/\/www.gaveanews.com\/index.php\/2025\/03\/28\/reforco-chegando-por-r-87-milhoes-campeao-pelo-flamengo-e-jogado-para-escanteio-e-declaracao-de-danilo-as-ultimas-noticias-do-mais-querido\/#breadcrumb"},"inLanguage":"pt-BR","potentialAction":[{"@type":"ReadAction","target":["https:\/\/www.gaveanews.com\/index.php\/2025\/03\/28\/reforco-chegando-por-r-87-milhoes-campeao-pelo-flamengo-e-jogado-para-escanteio-e-declaracao-de-danilo-as-ultimas-noticias-do-mais-querido\/"]}]},{"@type":"ImageObject","inLanguage":"pt-BR","@id":"https:\/\/www.gaveanews.com\/index.php\/2025\/03\/28\/reforco-chegando-por-r-87-milhoes-campeao-pelo-flamengo-e-jogado-para-escanteio-e-declaracao-de-danilo-as-ultimas-noticias-do-mais-querido\/#primaryimage","url":"https:\/\/www.gaveanews.com\/wp-content\/uploads\/escudoDoFlamengo.webp","contentUrl":"https:\/\/www.gaveanews.com\/wp-content\/uploads\/escudoDoFlamengo.webp","width":1000,"height":667,"caption":"Escudo do Flamengo (Foto: Reprodu\u00e7\u00e3o)"},{"@type":"BreadcrumbList","@id":"https:\/\/www.gaveanews.com\/index.php\/2025\/03\/28\/reforco-chegando-por-r-87-milhoes-campeao-pelo-flamengo-e-jogado-para-escanteio-e-declaracao-de-danilo-as-ultimas-noticias-do-mais-querido\/#breadcrumb","itemListElement":[{"@type":"ListItem","position":1,"name":"Home","item":"https:\/\/www.gaveanews.com\/"},{"@type":"ListItem","position":2,"name":"Refor\u00e7o chegando por R$ 87 milh\u00f5es, campe\u00e3o pelo Flamengo \u00e9 jogado para escanteio e declara\u00e7\u00e3o de Danilo: as \u00faltimas not\u00edcias do Mais Querido"}]},{"@type":"WebSite","@id":"https:\/\/www.gaveanews.com\/#website","url":"https:\/\/www.gaveanews.com\/","name":"G\u00e1vea News","description":"Veja todas as not\u00edcias sobre o Flamengo: Contrata\u00e7\u00f5es, categorias de base, resultados das partidas, tabela de classifica\u00e7\u00e3o, pr\u00f3ximos jogos!","potentialAction":[{"@type":"SearchAction","target":{"@type":"EntryPoint","urlTemplate":"https:\/\/www.gaveanews.com\/?s={search_term_string}"},"query-input":{"@type":"PropertyValueSpecification","valueRequired":true,"valueName":"search_term_string"}}],"inLanguage":"pt-BR"},{"@type":"Person","@id":"https:\/\/www.gaveanews.com\/#\/schema\/person\/c79759ca337c40791ae8d08e2923d403","name":"Brenda Cezillo","image":{"@type":"ImageObject","inLanguage":"pt-BR","@id":"https:\/\/www.gaveanews.com\/#\/schema\/person\/image\/","url":"https:\/\/secure.gravatar.com\/avatar\/1738d75cee7317f9c29ae61dd67620c5883d80a92e42a6fff88ae5d527af217a?s=96&d=mm&r=g","contentUrl":"https:\/\/secure.gravatar.com\/avatar\/1738d75cee7317f9c29ae61dd67620c5883d80a92e42a6fff88ae5d527af217a?s=96&d=mm&r=g","caption":"Brenda Cezillo"}}]}},"_links":{"self":[{"href":"https:\/\/www.gaveanews.com\/index.php\/wp-json\/wp\/v2\/posts\/245865","targetHints":{"allow":["GET"]}}],"collection":[{"href":"https:\/\/www.gaveanews.com\/index.php\/wp-json\/wp\/v2\/posts"}],"about":[{"href":"https:\/\/www.gaveanews.com\/index.php\/wp-json\/wp\/v2\/types\/post"}],"author":[{"embeddable":true,"href":"https:\/\/www.gaveanews.com\/index.php\/wp-json\/wp\/v2\/users\/33"}],"replies":[{"embeddable":true,"href":"https:\/\/www.gaveanews.com\/index.php\/wp-json\/wp\/v2\/comments?post=245865"}],"version-history":[{"count":1,"href":"https:\/\/www.gaveanews.com\/index.php\/wp-json\/wp\/v2\/posts\/245865\/revisions"}],"predecessor-version":[{"id":245870,"href":"https:\/\/www.gaveanews.com\/index.php\/wp-json\/wp\/v2\/posts\/245865\/revisions\/245870"}],"wp:featuredmedia":[{"embeddable":true,"href":"https:\/\/www.gaveanews.com\/index.php\/wp-json\/wp\/v2\/media\/126591"}],"wp:attachment":[{"href":"https:\/\/www.gaveanews.com\/index.php\/wp-json\/wp\/v2\/media?parent=245865"}],"wp:term":[{"taxonomy":"category","embeddable":true,"href":"https:\/\/www.gaveanews.com\/index.php\/wp-json\/wp\/v2\/categories?post=245865"},{"taxonomy":"post_tag","embeddable":true,"href":"https:\/\/www.gaveanews.com\/index.php\/wp-json\/wp\/v2\/tags?post=245865"}],"curies":[{"name":"wp","href":"https:\/\/api.w.org\/{rel}","templated":true}]}}