{"id":245868,"date":"2025-03-28T11:30:00","date_gmt":"2025-03-28T14:30:00","guid":{"rendered":"https:\/\/www.gaveanews.com\/?p=245868"},"modified":"2025-03-28T08:33:04","modified_gmt":"2025-03-28T11:33:04","slug":"contratacao-e-reprovada-flamengo-descarta-jogador-e-palmeiras-vai-atras-e-gerson-manda-recado-para-wesley-as-ultimas-noticias-do-mengao","status":"publish","type":"post","link":"https:\/\/www.gaveanews.com\/index.php\/2025\/03\/28\/contratacao-e-reprovada-flamengo-descarta-jogador-e-palmeiras-vai-atras-e-gerson-manda-recado-para-wesley-as-ultimas-noticias-do-mengao\/","title":{"rendered":"Contrata\u00e7\u00e3o \u00e9 reprovada, Flamengo descarta jogador e Palmeiras vai atr\u00e1s e Gerson manda recado para Wesley: as \u00faltimas not\u00edcias do Meng\u00e3o"},"content":{"rendered":"\n<p>Nas \u00faltimas horas, o foco das not\u00edcias sobre o Flamengo se concentram nos bastidores do clube, com destaques do dia a dia do time.<\/p>\n\n\n\n<p>Por conta deste contexto, leia abaixo um resumo preparado pela equipe do portal G\u00e1vea News para lhe manter muito bem informado!<\/p>\n\n\n\n<h2 class=\"wp-block-heading\" id=\"h-gerson-manda-recado-para-wesley\">Gerson manda recado para Wesley<\/h2>\n\n\n\n<p>Apesar da vit\u00f3ria da Sele\u00e7\u00e3o Brasileira por 2 a 1 sobre a Col\u00f4mbia, o desempenho da equipe gerou cr\u00edticas por parte do ex-jogador Gerson \u2018Canhotinha de Ouro\u2019. Em sua an\u00e1lise, ele destacou a queda de rendimento do time durante a partida e apontou a entrada dos jogadores do Flamengo, Gerson e Wesley, como fatores determinantes para a melhora nos minutos finais. O comentarista exaltou especialmente a atua\u00e7\u00e3o do lateral-direito Wesley, que, segundo ele, deu nova energia ao setor ofensivo da equipe <strong><a href=\"https:\/\/www.gaveanews.com\/index.php\/2025\/03\/25\/a-declaracao-de-gerson-direcionada-a-wesley-do-flamengo-na-selecao-brasileira\/\">(leia a mat\u00e9ria completa).<\/a><\/strong><\/p>\n\n\n\n<figure class=\"wp-block-image size-large\"><img loading=\"lazy\" decoding=\"async\" width=\"1024\" height=\"576\" src=\"http:\/\/www.gaveanews.com\/wp-content\/uploads\/GgZnA0yXYAAykTp-1024x576.webp\" alt=\"Lateral Wesley, do Flamengo\" class=\"wp-image-207524\" srcset=\"https:\/\/www.gaveanews.com\/wp-content\/uploads\/GgZnA0yXYAAykTp-1024x576.webp 1024w, https:\/\/www.gaveanews.com\/wp-content\/uploads\/GgZnA0yXYAAykTp-300x169.webp 300w, https:\/\/www.gaveanews.com\/wp-content\/uploads\/GgZnA0yXYAAykTp-768x432.webp 768w, https:\/\/www.gaveanews.com\/wp-content\/uploads\/GgZnA0yXYAAykTp-1536x864.webp 1536w, https:\/\/www.gaveanews.com\/wp-content\/uploads\/GgZnA0yXYAAykTp-747x420.webp 747w, https:\/\/www.gaveanews.com\/wp-content\/uploads\/GgZnA0yXYAAykTp-1493x840.webp 1493w, https:\/\/www.gaveanews.com\/wp-content\/uploads\/GgZnA0yXYAAykTp-640x360.webp 640w, https:\/\/www.gaveanews.com\/wp-content\/uploads\/GgZnA0yXYAAykTp-1280x720.webp 1280w, https:\/\/www.gaveanews.com\/wp-content\/uploads\/GgZnA0yXYAAykTp-681x383.webp 681w, https:\/\/www.gaveanews.com\/wp-content\/uploads\/GgZnA0yXYAAykTp-1362x766.webp 1362w, https:\/\/www.gaveanews.com\/wp-content\/uploads\/GgZnA0yXYAAykTp-100x56.webp 100w, https:\/\/www.gaveanews.com\/wp-content\/uploads\/GgZnA0yXYAAykTp.webp 1920w\" sizes=\"auto, (max-width: 1024px) 100vw, 1024px\" \/><figcaption class=\"wp-element-caption\">Lateral Wesley, do Flamengo (Foto: Divulga\u00e7\u00e3o)<\/figcaption><\/figure>\n\n\n\n<p>Gerson, que come\u00e7ou como titular, precisou ser substitu\u00eddo cedo devido a dores musculares, mas ainda assim foi elogiado por sua contribui\u00e7\u00e3o em campo. <\/p>\n\n\n\n<p>J\u00e1 Wesley entrou nos instantes finais e conseguiu causar impacto suficiente para ganhar destaque na imprensa e entre os companheiros de equipe. Sua performance chamou a aten\u00e7\u00e3o do t\u00e9cnico Dorival J\u00fanior, que decidiu escal\u00e1-lo como titular no pr\u00f3ximo confronto, contra a Argentina, v\u00e1lido pela 14\u00aa rodada das Eliminat\u00f3rias da Copa do Mundo.<\/p>\n\n\n\n<p>A expectativa \u00e9 alta para o cl\u00e1ssico sul-americano, que acontece no Est\u00e1dio Monumental de N\u00fa\u00f1ez. A atua\u00e7\u00e3o de Wesley ser\u00e1 observada de perto, visto que ele come\u00e7a a se consolidar como uma op\u00e7\u00e3o confi\u00e1vel na lateral-direita da Sele\u00e7\u00e3o. A declara\u00e7\u00e3o de Gerson refor\u00e7a a confian\u00e7a no talento do jovem jogador do Flamengo, que agora ter\u00e1 uma chance valiosa para se firmar de vez no cen\u00e1rio internacional.<\/p>\n\n\n\n<h2 class=\"wp-block-heading\" id=\"h-flamengo-descarta-jogador-e-palmeiras-vai-atras\">Flamengo descarta jogador e Palmeiras vai atr\u00e1s<\/h2>\n\n\n\n<p>O lateral-direito Gast\u00f3n Martirena, atualmente no Racing, voltou a ganhar destaque no mercado da bola e agora desperta o interesse do Palmeiras. O jogador uruguaio j\u00e1 havia sido especulado no Flamengo durante a \u00e9poca em que Filipe Lu\u00eds atuava como membro da comiss\u00e3o t\u00e9cnica, mas os rumores n\u00e3o avan\u00e7aram. Agora, Martirena \u00e9 cogitado como poss\u00edvel refor\u00e7o para o elenco de Abel Ferreira, que segue em busca de alternativas para fortalecer o setor defensivo<strong><a href=\"https:\/\/www.gaveanews.com\/index.php\/2025\/03\/25\/ele-foi-especulado-no-flamengo-mas-agora-e-desejado-pelo-palmeiras\/\"> (leia a mat\u00e9ria completa).<\/a><\/strong><\/p>\n\n\n\n<figure class=\"wp-block-image size-full\"><img loading=\"lazy\" decoding=\"async\" width=\"1023\" height=\"767\" src=\"http:\/\/www.gaveanews.com\/wp-content\/uploads\/Allianz-Parque-estadio-do-Palmeiras.webp\" alt=\"\" class=\"wp-image-155182\" srcset=\"https:\/\/www.gaveanews.com\/wp-content\/uploads\/Allianz-Parque-estadio-do-Palmeiras.webp 1023w, https:\/\/www.gaveanews.com\/wp-content\/uploads\/Allianz-Parque-estadio-do-Palmeiras-300x225.webp 300w, https:\/\/www.gaveanews.com\/wp-content\/uploads\/Allianz-Parque-estadio-do-Palmeiras-768x576.webp 768w, https:\/\/www.gaveanews.com\/wp-content\/uploads\/Allianz-Parque-estadio-do-Palmeiras-560x420.webp 560w, https:\/\/www.gaveanews.com\/wp-content\/uploads\/Allianz-Parque-estadio-do-Palmeiras-80x60.webp 80w, https:\/\/www.gaveanews.com\/wp-content\/uploads\/Allianz-Parque-estadio-do-Palmeiras-160x120.webp 160w, https:\/\/www.gaveanews.com\/wp-content\/uploads\/Allianz-Parque-estadio-do-Palmeiras-100x75.webp 100w, https:\/\/www.gaveanews.com\/wp-content\/uploads\/Allianz-Parque-estadio-do-Palmeiras-200x150.webp 200w, https:\/\/www.gaveanews.com\/wp-content\/uploads\/Allianz-Parque-estadio-do-Palmeiras-180x135.webp 180w, https:\/\/www.gaveanews.com\/wp-content\/uploads\/Allianz-Parque-estadio-do-Palmeiras-360x270.webp 360w, https:\/\/www.gaveanews.com\/wp-content\/uploads\/Allianz-Parque-estadio-do-Palmeiras-238x178.webp 238w, https:\/\/www.gaveanews.com\/wp-content\/uploads\/Allianz-Parque-estadio-do-Palmeiras-476x356.webp 476w, https:\/\/www.gaveanews.com\/wp-content\/uploads\/Allianz-Parque-estadio-do-Palmeiras-640x480.webp 640w, https:\/\/www.gaveanews.com\/wp-content\/uploads\/Allianz-Parque-estadio-do-Palmeiras-681x511.webp 681w\" sizes=\"auto, (max-width: 1023px) 100vw, 1023px\" \/><figcaption class=\"wp-element-caption\">Allianz Parque, est\u00e1dio do Palmeiras (Foto: Reprodu\u00e7\u00e3o\/Palmeiras)<\/figcaption><\/figure>\n\n\n\n<p>Segundo o portal <em>El Crack Deportivo<\/em>, o Racing estipulou o valor de 10 milh\u00f5es de d\u00f3lares (cerca de R$ 57 milh\u00f5es) para liberar o jogador. Apesar disso, at\u00e9 o momento, n\u00e3o h\u00e1 confirma\u00e7\u00e3o oficial de proposta ou negocia\u00e7\u00e3o por parte da diretoria do Palmeiras. O jornalista Jorge Nicola afirmou que, embora o nome tenha sido citado nos bastidores, nenhuma movimenta\u00e7\u00e3o concreta foi realizada, o que sugere que Martirena ainda n\u00e3o figura como prioridade no planejamento do clube paulista.<\/p>\n\n\n\n<p>O Palmeiras vem monitorando o mercado com cautela e, mesmo ap\u00f3s refor\u00e7ar o elenco recentemente, mant\u00e9m os olhos abertos para oportunidades estrat\u00e9gicas. A posi\u00e7\u00e3o de lateral-direito segue sendo uma das observadas pela comiss\u00e3o t\u00e9cnica. A poss\u00edvel investida em Martirena mostra que, apesar do interesse de rivais como o Flamengo no passado, o futuro do atleta ainda est\u00e1 em aberto, com novos cap\u00edtulos podendo surgir nos pr\u00f3ximos meses da janela de transfer\u00eancias.<\/p>\n\n\n\n<h2 class=\"wp-block-heading\" id=\"h-contratacao-e-reprovada\">Contrata\u00e7\u00e3o \u00e9 reprovada<\/h2>\n\n\n\n<p>A negocia\u00e7\u00e3o entre Flamengo e Jorginho, do Arsenal, segue avan\u00e7ando, mas nem todos veem a poss\u00edvel contrata\u00e7\u00e3o com entusiasmo. O jornalista Fl\u00e1vio Prado criticou a chegada do meio-campista, apontando seu hist\u00f3rico de les\u00f5es como fator preocupante. Durante o programa \u201cBate-Pronto\u201d, da Jovem Pan, ele comparou o caso ao de De La Cruz, que ap\u00f3s se destacar no River Plate tem enfrentado problemas f\u00edsicos desde que chegou ao Flamengo, assim como Arrascaeta, outro atleta constantemente entregue ao departamento m\u00e9dico <strong><a href=\"https:\/\/www.gaveanews.com\/index.php\/2025\/03\/25\/jornalista-reprova-chegada-de-reforco-ao-flamengo-jogador-problematico\/\">(leia a mat\u00e9ria completa).<\/a><\/strong><\/p>\n\n\n\n<blockquote class=\"instagram-media\" data-instgrm-permalink=\"https:\/\/www.instagram.com\/p\/DDwlwJXtdY-\/?utm_source=ig_embed&amp;utm_campaign=loading\" data-instgrm-version=\"14\" style=\" background:#FFF; border:0; border-radius:3px; box-shadow:0 0 1px 0 rgba(0,0,0,0.5),0 1px 10px 0 rgba(0,0,0,0.15); margin: 1px; max-width:540px; min-width:326px; padding:0; width:99.375%; width:-webkit-calc(100% - 2px); width:calc(100% - 2px);\"><div style=\"padding:16px;\"> <a href=\"https:\/\/www.instagram.com\/p\/DDwlwJXtdY-\/?utm_source=ig_embed&amp;utm_campaign=loading\" style=\" background:#FFFFFF; line-height:0; padding:0 0; text-align:center; text-decoration:none; width:100%;\" target=\"_blank\"> <div style=\" display: flex; flex-direction: row; align-items: center;\"> <div style=\"background-color: #F4F4F4; border-radius: 50%; flex-grow: 0; height: 40px; margin-right: 14px; width: 40px;\"><\/div> <div style=\"display: flex; flex-direction: column; flex-grow: 1; justify-content: center;\"> <div style=\" background-color: #F4F4F4; border-radius: 4px; flex-grow: 0; height: 14px; margin-bottom: 6px; width: 100px;\"><\/div> <div style=\" background-color: #F4F4F4; border-radius: 4px; flex-grow: 0; height: 14px; width: 60px;\"><\/div><\/div><\/div><div style=\"padding: 19% 0;\"><\/div> <div style=\"display:block; height:50px; margin:0 auto 12px; width:50px;\"><svg width=\"50px\" height=\"50px\" viewBox=\"0 0 60 60\" version=\"1.1\" xmlns=\"https:\/\/www.w3.org\/2000\/svg\" xmlns:xlink=\"https:\/\/www.w3.org\/1999\/xlink\"><g stroke=\"none\" stroke-width=\"1\" fill=\"none\" fill-rule=\"evenodd\"><g transform=\"translate(-511.000000, -20.000000)\" fill=\"#000000\"><g><path d=\"M556.869,30.41 C554.814,30.41 553.148,32.076 553.148,34.131 C553.148,36.186 554.814,37.852 556.869,37.852 C558.924,37.852 560.59,36.186 560.59,34.131 C560.59,32.076 558.924,30.41 556.869,30.41 M541,60.657 C535.114,60.657 530.342,55.887 530.342,50 C530.342,44.114 535.114,39.342 541,39.342 C546.887,39.342 551.658,44.114 551.658,50 C551.658,55.887 546.887,60.657 541,60.657 M541,33.886 C532.1,33.886 524.886,41.1 524.886,50 C524.886,58.899 532.1,66.113 541,66.113 C549.9,66.113 557.115,58.899 557.115,50 C557.115,41.1 549.9,33.886 541,33.886 M565.378,62.101 C565.244,65.022 564.756,66.606 564.346,67.663 C563.803,69.06 563.154,70.057 562.106,71.106 C561.058,72.155 560.06,72.803 558.662,73.347 C557.607,73.757 556.021,74.244 553.102,74.378 C549.944,74.521 548.997,74.552 541,74.552 C533.003,74.552 532.056,74.521 528.898,74.378 C525.979,74.244 524.393,73.757 523.338,73.347 C521.94,72.803 520.942,72.155 519.894,71.106 C518.846,70.057 518.197,69.06 517.654,67.663 C517.244,66.606 516.755,65.022 516.623,62.101 C516.479,58.943 516.448,57.996 516.448,50 C516.448,42.003 516.479,41.056 516.623,37.899 C516.755,34.978 517.244,33.391 517.654,32.338 C518.197,30.938 518.846,29.942 519.894,28.894 C520.942,27.846 521.94,27.196 523.338,26.654 C524.393,26.244 525.979,25.756 528.898,25.623 C532.057,25.479 533.004,25.448 541,25.448 C548.997,25.448 549.943,25.479 553.102,25.623 C556.021,25.756 557.607,26.244 558.662,26.654 C560.06,27.196 561.058,27.846 562.106,28.894 C563.154,29.942 563.803,30.938 564.346,32.338 C564.756,33.391 565.244,34.978 565.378,37.899 C565.522,41.056 565.552,42.003 565.552,50 C565.552,57.996 565.522,58.943 565.378,62.101 M570.82,37.631 C570.674,34.438 570.167,32.258 569.425,30.349 C568.659,28.377 567.633,26.702 565.965,25.035 C564.297,23.368 562.623,22.342 560.652,21.575 C558.743,20.834 556.562,20.326 553.369,20.18 C550.169,20.033 549.148,20 541,20 C532.853,20 531.831,20.033 528.631,20.18 C525.438,20.326 523.257,20.834 521.349,21.575 C519.376,22.342 517.703,23.368 516.035,25.035 C514.368,26.702 513.342,28.377 512.574,30.349 C511.834,32.258 511.326,34.438 511.181,37.631 C511.035,40.831 511,41.851 511,50 C511,58.147 511.035,59.17 511.181,62.369 C511.326,65.562 511.834,67.743 512.574,69.651 C513.342,71.625 514.368,73.296 516.035,74.965 C517.703,76.634 519.376,77.658 521.349,78.425 C523.257,79.167 525.438,79.673 528.631,79.82 C531.831,79.965 532.853,80.001 541,80.001 C549.148,80.001 550.169,79.965 553.369,79.82 C556.562,79.673 558.743,79.167 560.652,78.425 C562.623,77.658 564.297,76.634 565.965,74.965 C567.633,73.296 568.659,71.625 569.425,69.651 C570.167,67.743 570.674,65.562 570.82,62.369 C570.966,59.17 571,58.147 571,50 C571,41.851 570.966,40.831 570.82,37.631\"><\/path><\/g><\/g><\/g><\/svg><\/div><div style=\"padding-top: 8px;\"> <div style=\" color:#3897f0; font-family:Arial,sans-serif; font-size:14px; font-style:normal; font-weight:550; line-height:18px;\">Ver essa foto no Instagram<\/div><\/div><div style=\"padding: 12.5% 0;\"><\/div> <div style=\"display: flex; flex-direction: row; margin-bottom: 14px; align-items: center;\"><div> <div style=\"background-color: #F4F4F4; border-radius: 50%; height: 12.5px; width: 12.5px; transform: translateX(0px) translateY(7px);\"><\/div> <div style=\"background-color: #F4F4F4; height: 12.5px; transform: rotate(-45deg) translateX(3px) translateY(1px); width: 12.5px; flex-grow: 0; margin-right: 14px; margin-left: 2px;\"><\/div> <div style=\"background-color: #F4F4F4; border-radius: 50%; height: 12.5px; width: 12.5px; transform: translateX(9px) translateY(-18px);\"><\/div><\/div><div style=\"margin-left: 8px;\"> <div style=\" background-color: #F4F4F4; border-radius: 50%; flex-grow: 0; height: 20px; width: 20px;\"><\/div> <div style=\" width: 0; height: 0; border-top: 2px solid transparent; border-left: 6px solid #f4f4f4; border-bottom: 2px solid transparent; transform: translateX(16px) translateY(-4px) rotate(30deg)\"><\/div><\/div><div style=\"margin-left: auto;\"> <div style=\" width: 0px; border-top: 8px solid #F4F4F4; border-right: 8px solid transparent; transform: translateY(16px);\"><\/div> <div style=\" background-color: #F4F4F4; flex-grow: 0; height: 12px; width: 16px; transform: translateY(-4px);\"><\/div> <div style=\" width: 0; height: 0; border-top: 8px solid #F4F4F4; border-left: 8px solid transparent; transform: translateY(-4px) translateX(8px);\"><\/div><\/div><\/div> <div style=\"display: flex; flex-direction: column; flex-grow: 1; justify-content: center; margin-bottom: 24px;\"> <div style=\" background-color: #F4F4F4; border-radius: 4px; flex-grow: 0; height: 14px; margin-bottom: 6px; width: 224px;\"><\/div> <div style=\" background-color: #F4F4F4; border-radius: 4px; flex-grow: 0; height: 14px; width: 144px;\"><\/div><\/div><\/a><p style=\" color:#c9c8cd; font-family:Arial,sans-serif; font-size:14px; line-height:17px; margin-bottom:0; margin-top:8px; overflow:hidden; padding:8px 0 7px; text-align:center; text-overflow:ellipsis; white-space:nowrap;\"><a href=\"https:\/\/www.instagram.com\/p\/DDwlwJXtdY-\/?utm_source=ig_embed&amp;utm_campaign=loading\" style=\" color:#c9c8cd; font-family:Arial,sans-serif; font-size:14px; font-style:normal; font-weight:normal; line-height:17px; text-decoration:none;\" target=\"_blank\">Uma publica\u00e7\u00e3o compartilhada por Jorginho Frello (@jorginhofrello)<\/a><\/p><\/div><\/blockquote>\n<script async src=\"\/\/www.instagram.com\/embed.js\"><\/script>\n\n\n\n<p>Segundo Prado, embora Jorginho tenha qualidade t\u00e9cnica ineg\u00e1vel e possa contribuir com experi\u00eancia e vis\u00e3o de jogo, o investimento alto \u2014 estimado em R$ 87 milh\u00f5es com luvas e direitos de imagem \u2014 exige maior cautela. Ele defende que o clube realize exames m\u00e9dicos detalhados antes de fechar o acordo, para evitar que o volante se torne mais um desfalque frequente no elenco. Para o jornalista, o volante s\u00f3 valer\u00e1 o esfor\u00e7o financeiro se estiver em plenas condi\u00e7\u00f5es f\u00edsicas, mesmo em reta final de carreira.<\/p>\n\n\n\n<p>Enquanto isso, o Flamengo segue determinado a fechar a contrata\u00e7\u00e3o do jogador, com a inten\u00e7\u00e3o de t\u00ea-lo \u00e0 disposi\u00e7\u00e3o para o Super Mundial de Clubes, previsto para os meses de junho e julho. Jorginho, por sua vez, j\u00e1 afirmou que dar\u00e1 prioridade ao clube carioca, mas continua aberto a propostas de clubes europeus e \u00e1rabes. A expectativa agora gira em torno dos exames m\u00e9dicos e da capacidade do departamento de futebol em avaliar o custo-benef\u00edcio da negocia\u00e7\u00e3o.<\/p>\n","protected":false},"excerpt":{"rendered":"<p>Nas \u00faltimas horas, o foco das not\u00edcias sobre o Flamengo se concentram nos bastidores do clube, com destaques do dia a dia do time. Por conta deste contexto, leia abaixo um resumo preparado pela equipe do portal G\u00e1vea News para lhe manter muito bem informado! Gerson manda recado para Wesley Apesar da vit\u00f3ria da Sele\u00e7\u00e3o [&hellip;]<\/p>\n","protected":false},"author":33,"featured_media":213513,"comment_status":"open","ping_status":"closed","sticky":false,"template":"","format":"standard","meta":{"footnotes":""},"categories":[1],"tags":[],"class_list":["post-245868","post","type-post","status-publish","format-standard","has-post-thumbnail","hentry","category-flamengo"],"yoast_head":"<!-- This site is optimized with the Yoast SEO Premium plugin v24.2 (Yoast SEO v26.9) - https:\/\/yoast.com\/product\/yoast-seo-premium-wordpress\/ -->\n<title>Contrata\u00e7\u00e3o \u00e9 reprovada, Flamengo descarta jogador e Palmeiras vai atr\u00e1s e Gerson manda recado para Wesley: as \u00faltimas not\u00edcias do Meng\u00e3o<\/title>\n<meta name=\"robots\" content=\"index, follow, max-snippet:-1, max-image-preview:large, max-video-preview:-1\" \/>\n<link rel=\"canonical\" href=\"https:\/\/www.gaveanews.com\/index.php\/2025\/03\/28\/contratacao-e-reprovada-flamengo-descarta-jogador-e-palmeiras-vai-atras-e-gerson-manda-recado-para-wesley-as-ultimas-noticias-do-mengao\/\" \/>\n<meta property=\"og:locale\" content=\"pt_BR\" \/>\n<meta property=\"og:type\" content=\"article\" \/>\n<meta property=\"og:title\" content=\"Contrata\u00e7\u00e3o \u00e9 reprovada, Flamengo descarta jogador e Palmeiras vai atr\u00e1s e Gerson manda recado para Wesley: as \u00faltimas not\u00edcias do Meng\u00e3o\" \/>\n<meta property=\"og:description\" content=\"Nas \u00faltimas horas, o foco das not\u00edcias sobre o Flamengo se concentram nos bastidores do clube, com destaques do dia a dia do time. Por conta deste contexto, leia abaixo um resumo preparado pela equipe do portal G\u00e1vea News para lhe manter muito bem informado! Gerson manda recado para Wesley Apesar da vit\u00f3ria da Sele\u00e7\u00e3o [&hellip;]\" \/>\n<meta property=\"og:url\" content=\"https:\/\/www.gaveanews.com\/index.php\/2025\/03\/28\/contratacao-e-reprovada-flamengo-descarta-jogador-e-palmeiras-vai-atras-e-gerson-manda-recado-para-wesley-as-ultimas-noticias-do-mengao\/\" \/>\n<meta property=\"og:site_name\" content=\"G\u00e1vea News\" \/>\n<meta property=\"article:publisher\" content=\"https:\/\/facebook.com\/gaveaNews\/\" \/>\n<meta property=\"article:published_time\" content=\"2025-03-28T14:30:00+00:00\" \/>\n<meta property=\"og:image\" content=\"https:\/\/www.gaveanews.com\/wp-content\/uploads\/fachada-do-modulo-profissional-do-ninho-do-urubu-centro-de-treinamento-do-flamengo-1642444901774_v2_1x1.webp\" \/>\n\t<meta property=\"og:image:width\" content=\"1361\" \/>\n\t<meta property=\"og:image:height\" content=\"1363\" \/>\n\t<meta property=\"og:image:type\" content=\"image\/jpeg\" \/>\n<meta name=\"author\" content=\"Brenda Cezillo\" \/>\n<meta name=\"twitter:card\" content=\"summary_large_image\" \/>\n<meta name=\"twitter:label1\" content=\"Escrito por\" \/>\n\t<meta name=\"twitter:data1\" content=\"Brenda Cezillo\" \/>\n\t<meta name=\"twitter:label2\" content=\"Est. tempo de leitura\" \/>\n\t<meta name=\"twitter:data2\" content=\"5 minutos\" \/>\n<script type=\"application\/ld+json\" class=\"yoast-schema-graph\">{\"@context\":\"https:\/\/schema.org\",\"@graph\":[{\"@type\":\"NewsArticle\",\"@id\":\"https:\/\/www.gaveanews.com\/index.php\/2025\/03\/28\/contratacao-e-reprovada-flamengo-descarta-jogador-e-palmeiras-vai-atras-e-gerson-manda-recado-para-wesley-as-ultimas-noticias-do-mengao\/#article\",\"isPartOf\":{\"@id\":\"https:\/\/www.gaveanews.com\/index.php\/2025\/03\/28\/contratacao-e-reprovada-flamengo-descarta-jogador-e-palmeiras-vai-atras-e-gerson-manda-recado-para-wesley-as-ultimas-noticias-do-mengao\/\"},\"author\":{\"name\":\"Brenda Cezillo\",\"@id\":\"https:\/\/www.gaveanews.com\/#\/schema\/person\/c79759ca337c40791ae8d08e2923d403\"},\"headline\":\"Contrata\u00e7\u00e3o \u00e9 reprovada, Flamengo descarta jogador e Palmeiras vai atr\u00e1s e Gerson manda recado para Wesley: as \u00faltimas not\u00edcias do Meng\u00e3o\",\"datePublished\":\"2025-03-28T14:30:00+00:00\",\"mainEntityOfPage\":{\"@id\":\"https:\/\/www.gaveanews.com\/index.php\/2025\/03\/28\/contratacao-e-reprovada-flamengo-descarta-jogador-e-palmeiras-vai-atras-e-gerson-manda-recado-para-wesley-as-ultimas-noticias-do-mengao\/\"},\"wordCount\":886,\"commentCount\":0,\"image\":{\"@id\":\"https:\/\/www.gaveanews.com\/index.php\/2025\/03\/28\/contratacao-e-reprovada-flamengo-descarta-jogador-e-palmeiras-vai-atras-e-gerson-manda-recado-para-wesley-as-ultimas-noticias-do-mengao\/#primaryimage\"},\"thumbnailUrl\":\"https:\/\/www.gaveanews.com\/wp-content\/uploads\/fachada-do-modulo-profissional-do-ninho-do-urubu-centro-de-treinamento-do-flamengo-1642444901774_v2_1x1.webp\",\"articleSection\":[\"Flamengo\"],\"inLanguage\":\"pt-BR\",\"potentialAction\":[{\"@type\":\"CommentAction\",\"name\":\"Comment\",\"target\":[\"https:\/\/www.gaveanews.com\/index.php\/2025\/03\/28\/contratacao-e-reprovada-flamengo-descarta-jogador-e-palmeiras-vai-atras-e-gerson-manda-recado-para-wesley-as-ultimas-noticias-do-mengao\/#respond\"]}],\"copyrightYear\":\"2025\",\"copyrightHolder\":{\"@id\":\"https:\/\/www.gaveanews.com\/#organization\"}},{\"@type\":\"WebPage\",\"@id\":\"https:\/\/www.gaveanews.com\/index.php\/2025\/03\/28\/contratacao-e-reprovada-flamengo-descarta-jogador-e-palmeiras-vai-atras-e-gerson-manda-recado-para-wesley-as-ultimas-noticias-do-mengao\/\",\"url\":\"https:\/\/www.gaveanews.com\/index.php\/2025\/03\/28\/contratacao-e-reprovada-flamengo-descarta-jogador-e-palmeiras-vai-atras-e-gerson-manda-recado-para-wesley-as-ultimas-noticias-do-mengao\/\",\"name\":\"Contrata\u00e7\u00e3o \u00e9 reprovada, Flamengo descarta jogador e Palmeiras vai atr\u00e1s e Gerson manda recado para Wesley: as \u00faltimas not\u00edcias do Meng\u00e3o\",\"isPartOf\":{\"@id\":\"https:\/\/www.gaveanews.com\/#website\"},\"primaryImageOfPage\":{\"@id\":\"https:\/\/www.gaveanews.com\/index.php\/2025\/03\/28\/contratacao-e-reprovada-flamengo-descarta-jogador-e-palmeiras-vai-atras-e-gerson-manda-recado-para-wesley-as-ultimas-noticias-do-mengao\/#primaryimage\"},\"image\":{\"@id\":\"https:\/\/www.gaveanews.com\/index.php\/2025\/03\/28\/contratacao-e-reprovada-flamengo-descarta-jogador-e-palmeiras-vai-atras-e-gerson-manda-recado-para-wesley-as-ultimas-noticias-do-mengao\/#primaryimage\"},\"thumbnailUrl\":\"https:\/\/www.gaveanews.com\/wp-content\/uploads\/fachada-do-modulo-profissional-do-ninho-do-urubu-centro-de-treinamento-do-flamengo-1642444901774_v2_1x1.webp\",\"datePublished\":\"2025-03-28T14:30:00+00:00\",\"author\":{\"@id\":\"https:\/\/www.gaveanews.com\/#\/schema\/person\/c79759ca337c40791ae8d08e2923d403\"},\"breadcrumb\":{\"@id\":\"https:\/\/www.gaveanews.com\/index.php\/2025\/03\/28\/contratacao-e-reprovada-flamengo-descarta-jogador-e-palmeiras-vai-atras-e-gerson-manda-recado-para-wesley-as-ultimas-noticias-do-mengao\/#breadcrumb\"},\"inLanguage\":\"pt-BR\",\"potentialAction\":[{\"@type\":\"ReadAction\",\"target\":[\"https:\/\/www.gaveanews.com\/index.php\/2025\/03\/28\/contratacao-e-reprovada-flamengo-descarta-jogador-e-palmeiras-vai-atras-e-gerson-manda-recado-para-wesley-as-ultimas-noticias-do-mengao\/\"]}]},{\"@type\":\"ImageObject\",\"inLanguage\":\"pt-BR\",\"@id\":\"https:\/\/www.gaveanews.com\/index.php\/2025\/03\/28\/contratacao-e-reprovada-flamengo-descarta-jogador-e-palmeiras-vai-atras-e-gerson-manda-recado-para-wesley-as-ultimas-noticias-do-mengao\/#primaryimage\",\"url\":\"https:\/\/www.gaveanews.com\/wp-content\/uploads\/fachada-do-modulo-profissional-do-ninho-do-urubu-centro-de-treinamento-do-flamengo-1642444901774_v2_1x1.webp\",\"contentUrl\":\"https:\/\/www.gaveanews.com\/wp-content\/uploads\/fachada-do-modulo-profissional-do-ninho-do-urubu-centro-de-treinamento-do-flamengo-1642444901774_v2_1x1.webp\",\"width\":1361,\"height\":1363,\"caption\":\"CT Ninho do Urubu (Foto: Divulga\u00e7\u00e3o Flamengo)\"},{\"@type\":\"BreadcrumbList\",\"@id\":\"https:\/\/www.gaveanews.com\/index.php\/2025\/03\/28\/contratacao-e-reprovada-flamengo-descarta-jogador-e-palmeiras-vai-atras-e-gerson-manda-recado-para-wesley-as-ultimas-noticias-do-mengao\/#breadcrumb\",\"itemListElement\":[{\"@type\":\"ListItem\",\"position\":1,\"name\":\"Home\",\"item\":\"https:\/\/www.gaveanews.com\/\"},{\"@type\":\"ListItem\",\"position\":2,\"name\":\"Contrata\u00e7\u00e3o \u00e9 reprovada, Flamengo descarta jogador e Palmeiras vai atr\u00e1s e Gerson manda recado para Wesley: as \u00faltimas not\u00edcias do Meng\u00e3o\"}]},{\"@type\":\"WebSite\",\"@id\":\"https:\/\/www.gaveanews.com\/#website\",\"url\":\"https:\/\/www.gaveanews.com\/\",\"name\":\"G\u00e1vea News\",\"description\":\"Veja todas as not\u00edcias sobre o Flamengo: Contrata\u00e7\u00f5es, categorias de base, resultados das partidas, tabela de classifica\u00e7\u00e3o, pr\u00f3ximos jogos!\",\"potentialAction\":[{\"@type\":\"SearchAction\",\"target\":{\"@type\":\"EntryPoint\",\"urlTemplate\":\"https:\/\/www.gaveanews.com\/?s={search_term_string}\"},\"query-input\":{\"@type\":\"PropertyValueSpecification\",\"valueRequired\":true,\"valueName\":\"search_term_string\"}}],\"inLanguage\":\"pt-BR\"},{\"@type\":\"Person\",\"@id\":\"https:\/\/www.gaveanews.com\/#\/schema\/person\/c79759ca337c40791ae8d08e2923d403\",\"name\":\"Brenda Cezillo\",\"image\":{\"@type\":\"ImageObject\",\"inLanguage\":\"pt-BR\",\"@id\":\"https:\/\/www.gaveanews.com\/#\/schema\/person\/image\/\",\"url\":\"https:\/\/secure.gravatar.com\/avatar\/1738d75cee7317f9c29ae61dd67620c5883d80a92e42a6fff88ae5d527af217a?s=96&d=mm&r=g\",\"contentUrl\":\"https:\/\/secure.gravatar.com\/avatar\/1738d75cee7317f9c29ae61dd67620c5883d80a92e42a6fff88ae5d527af217a?s=96&d=mm&r=g\",\"caption\":\"Brenda Cezillo\"}}]}<\/script>\n<!-- \/ Yoast SEO Premium plugin. -->","yoast_head_json":{"title":"Contrata\u00e7\u00e3o \u00e9 reprovada, Flamengo descarta jogador e Palmeiras vai atr\u00e1s e Gerson manda recado para Wesley: as \u00faltimas not\u00edcias do Meng\u00e3o","robots":{"index":"index","follow":"follow","max-snippet":"max-snippet:-1","max-image-preview":"max-image-preview:large","max-video-preview":"max-video-preview:-1"},"canonical":"https:\/\/www.gaveanews.com\/index.php\/2025\/03\/28\/contratacao-e-reprovada-flamengo-descarta-jogador-e-palmeiras-vai-atras-e-gerson-manda-recado-para-wesley-as-ultimas-noticias-do-mengao\/","og_locale":"pt_BR","og_type":"article","og_title":"Contrata\u00e7\u00e3o \u00e9 reprovada, Flamengo descarta jogador e Palmeiras vai atr\u00e1s e Gerson manda recado para Wesley: as \u00faltimas not\u00edcias do Meng\u00e3o","og_description":"Nas \u00faltimas horas, o foco das not\u00edcias sobre o Flamengo se concentram nos bastidores do clube, com destaques do dia a dia do time. Por conta deste contexto, leia abaixo um resumo preparado pela equipe do portal G\u00e1vea News para lhe manter muito bem informado! Gerson manda recado para Wesley Apesar da vit\u00f3ria da Sele\u00e7\u00e3o [&hellip;]","og_url":"https:\/\/www.gaveanews.com\/index.php\/2025\/03\/28\/contratacao-e-reprovada-flamengo-descarta-jogador-e-palmeiras-vai-atras-e-gerson-manda-recado-para-wesley-as-ultimas-noticias-do-mengao\/","og_site_name":"G\u00e1vea News","article_publisher":"https:\/\/facebook.com\/gaveaNews\/","article_published_time":"2025-03-28T14:30:00+00:00","og_image":[{"width":1361,"height":1363,"url":"https:\/\/www.gaveanews.com\/wp-content\/uploads\/fachada-do-modulo-profissional-do-ninho-do-urubu-centro-de-treinamento-do-flamengo-1642444901774_v2_1x1.webp","type":"image\/jpeg"}],"author":"Brenda Cezillo","twitter_card":"summary_large_image","twitter_misc":{"Escrito por":"Brenda Cezillo","Est. tempo de leitura":"5 minutos"},"schema":{"@context":"https:\/\/schema.org","@graph":[{"@type":"NewsArticle","@id":"https:\/\/www.gaveanews.com\/index.php\/2025\/03\/28\/contratacao-e-reprovada-flamengo-descarta-jogador-e-palmeiras-vai-atras-e-gerson-manda-recado-para-wesley-as-ultimas-noticias-do-mengao\/#article","isPartOf":{"@id":"https:\/\/www.gaveanews.com\/index.php\/2025\/03\/28\/contratacao-e-reprovada-flamengo-descarta-jogador-e-palmeiras-vai-atras-e-gerson-manda-recado-para-wesley-as-ultimas-noticias-do-mengao\/"},"author":{"name":"Brenda Cezillo","@id":"https:\/\/www.gaveanews.com\/#\/schema\/person\/c79759ca337c40791ae8d08e2923d403"},"headline":"Contrata\u00e7\u00e3o \u00e9 reprovada, Flamengo descarta jogador e Palmeiras vai atr\u00e1s e Gerson manda recado para Wesley: as \u00faltimas not\u00edcias do Meng\u00e3o","datePublished":"2025-03-28T14:30:00+00:00","mainEntityOfPage":{"@id":"https:\/\/www.gaveanews.com\/index.php\/2025\/03\/28\/contratacao-e-reprovada-flamengo-descarta-jogador-e-palmeiras-vai-atras-e-gerson-manda-recado-para-wesley-as-ultimas-noticias-do-mengao\/"},"wordCount":886,"commentCount":0,"image":{"@id":"https:\/\/www.gaveanews.com\/index.php\/2025\/03\/28\/contratacao-e-reprovada-flamengo-descarta-jogador-e-palmeiras-vai-atras-e-gerson-manda-recado-para-wesley-as-ultimas-noticias-do-mengao\/#primaryimage"},"thumbnailUrl":"https:\/\/www.gaveanews.com\/wp-content\/uploads\/fachada-do-modulo-profissional-do-ninho-do-urubu-centro-de-treinamento-do-flamengo-1642444901774_v2_1x1.webp","articleSection":["Flamengo"],"inLanguage":"pt-BR","potentialAction":[{"@type":"CommentAction","name":"Comment","target":["https:\/\/www.gaveanews.com\/index.php\/2025\/03\/28\/contratacao-e-reprovada-flamengo-descarta-jogador-e-palmeiras-vai-atras-e-gerson-manda-recado-para-wesley-as-ultimas-noticias-do-mengao\/#respond"]}],"copyrightYear":"2025","copyrightHolder":{"@id":"https:\/\/www.gaveanews.com\/#organization"}},{"@type":"WebPage","@id":"https:\/\/www.gaveanews.com\/index.php\/2025\/03\/28\/contratacao-e-reprovada-flamengo-descarta-jogador-e-palmeiras-vai-atras-e-gerson-manda-recado-para-wesley-as-ultimas-noticias-do-mengao\/","url":"https:\/\/www.gaveanews.com\/index.php\/2025\/03\/28\/contratacao-e-reprovada-flamengo-descarta-jogador-e-palmeiras-vai-atras-e-gerson-manda-recado-para-wesley-as-ultimas-noticias-do-mengao\/","name":"Contrata\u00e7\u00e3o \u00e9 reprovada, Flamengo descarta jogador e Palmeiras vai atr\u00e1s e Gerson manda recado para Wesley: as \u00faltimas not\u00edcias do Meng\u00e3o","isPartOf":{"@id":"https:\/\/www.gaveanews.com\/#website"},"primaryImageOfPage":{"@id":"https:\/\/www.gaveanews.com\/index.php\/2025\/03\/28\/contratacao-e-reprovada-flamengo-descarta-jogador-e-palmeiras-vai-atras-e-gerson-manda-recado-para-wesley-as-ultimas-noticias-do-mengao\/#primaryimage"},"image":{"@id":"https:\/\/www.gaveanews.com\/index.php\/2025\/03\/28\/contratacao-e-reprovada-flamengo-descarta-jogador-e-palmeiras-vai-atras-e-gerson-manda-recado-para-wesley-as-ultimas-noticias-do-mengao\/#primaryimage"},"thumbnailUrl":"https:\/\/www.gaveanews.com\/wp-content\/uploads\/fachada-do-modulo-profissional-do-ninho-do-urubu-centro-de-treinamento-do-flamengo-1642444901774_v2_1x1.webp","datePublished":"2025-03-28T14:30:00+00:00","author":{"@id":"https:\/\/www.gaveanews.com\/#\/schema\/person\/c79759ca337c40791ae8d08e2923d403"},"breadcrumb":{"@id":"https:\/\/www.gaveanews.com\/index.php\/2025\/03\/28\/contratacao-e-reprovada-flamengo-descarta-jogador-e-palmeiras-vai-atras-e-gerson-manda-recado-para-wesley-as-ultimas-noticias-do-mengao\/#breadcrumb"},"inLanguage":"pt-BR","potentialAction":[{"@type":"ReadAction","target":["https:\/\/www.gaveanews.com\/index.php\/2025\/03\/28\/contratacao-e-reprovada-flamengo-descarta-jogador-e-palmeiras-vai-atras-e-gerson-manda-recado-para-wesley-as-ultimas-noticias-do-mengao\/"]}]},{"@type":"ImageObject","inLanguage":"pt-BR","@id":"https:\/\/www.gaveanews.com\/index.php\/2025\/03\/28\/contratacao-e-reprovada-flamengo-descarta-jogador-e-palmeiras-vai-atras-e-gerson-manda-recado-para-wesley-as-ultimas-noticias-do-mengao\/#primaryimage","url":"https:\/\/www.gaveanews.com\/wp-content\/uploads\/fachada-do-modulo-profissional-do-ninho-do-urubu-centro-de-treinamento-do-flamengo-1642444901774_v2_1x1.webp","contentUrl":"https:\/\/www.gaveanews.com\/wp-content\/uploads\/fachada-do-modulo-profissional-do-ninho-do-urubu-centro-de-treinamento-do-flamengo-1642444901774_v2_1x1.webp","width":1361,"height":1363,"caption":"CT Ninho do Urubu (Foto: Divulga\u00e7\u00e3o Flamengo)"},{"@type":"BreadcrumbList","@id":"https:\/\/www.gaveanews.com\/index.php\/2025\/03\/28\/contratacao-e-reprovada-flamengo-descarta-jogador-e-palmeiras-vai-atras-e-gerson-manda-recado-para-wesley-as-ultimas-noticias-do-mengao\/#breadcrumb","itemListElement":[{"@type":"ListItem","position":1,"name":"Home","item":"https:\/\/www.gaveanews.com\/"},{"@type":"ListItem","position":2,"name":"Contrata\u00e7\u00e3o \u00e9 reprovada, Flamengo descarta jogador e Palmeiras vai atr\u00e1s e Gerson manda recado para Wesley: as \u00faltimas not\u00edcias do Meng\u00e3o"}]},{"@type":"WebSite","@id":"https:\/\/www.gaveanews.com\/#website","url":"https:\/\/www.gaveanews.com\/","name":"G\u00e1vea News","description":"Veja todas as not\u00edcias sobre o Flamengo: Contrata\u00e7\u00f5es, categorias de base, resultados das partidas, tabela de classifica\u00e7\u00e3o, pr\u00f3ximos jogos!","potentialAction":[{"@type":"SearchAction","target":{"@type":"EntryPoint","urlTemplate":"https:\/\/www.gaveanews.com\/?s={search_term_string}"},"query-input":{"@type":"PropertyValueSpecification","valueRequired":true,"valueName":"search_term_string"}}],"inLanguage":"pt-BR"},{"@type":"Person","@id":"https:\/\/www.gaveanews.com\/#\/schema\/person\/c79759ca337c40791ae8d08e2923d403","name":"Brenda Cezillo","image":{"@type":"ImageObject","inLanguage":"pt-BR","@id":"https:\/\/www.gaveanews.com\/#\/schema\/person\/image\/","url":"https:\/\/secure.gravatar.com\/avatar\/1738d75cee7317f9c29ae61dd67620c5883d80a92e42a6fff88ae5d527af217a?s=96&d=mm&r=g","contentUrl":"https:\/\/secure.gravatar.com\/avatar\/1738d75cee7317f9c29ae61dd67620c5883d80a92e42a6fff88ae5d527af217a?s=96&d=mm&r=g","caption":"Brenda Cezillo"}}]}},"_links":{"self":[{"href":"https:\/\/www.gaveanews.com\/index.php\/wp-json\/wp\/v2\/posts\/245868","targetHints":{"allow":["GET"]}}],"collection":[{"href":"https:\/\/www.gaveanews.com\/index.php\/wp-json\/wp\/v2\/posts"}],"about":[{"href":"https:\/\/www.gaveanews.com\/index.php\/wp-json\/wp\/v2\/types\/post"}],"author":[{"embeddable":true,"href":"https:\/\/www.gaveanews.com\/index.php\/wp-json\/wp\/v2\/users\/33"}],"replies":[{"embeddable":true,"href":"https:\/\/www.gaveanews.com\/index.php\/wp-json\/wp\/v2\/comments?post=245868"}],"version-history":[{"count":1,"href":"https:\/\/www.gaveanews.com\/index.php\/wp-json\/wp\/v2\/posts\/245868\/revisions"}],"predecessor-version":[{"id":245873,"href":"https:\/\/www.gaveanews.com\/index.php\/wp-json\/wp\/v2\/posts\/245868\/revisions\/245873"}],"wp:featuredmedia":[{"embeddable":true,"href":"https:\/\/www.gaveanews.com\/index.php\/wp-json\/wp\/v2\/media\/213513"}],"wp:attachment":[{"href":"https:\/\/www.gaveanews.com\/index.php\/wp-json\/wp\/v2\/media?parent=245868"}],"wp:term":[{"taxonomy":"category","embeddable":true,"href":"https:\/\/www.gaveanews.com\/index.php\/wp-json\/wp\/v2\/categories?post=245868"},{"taxonomy":"post_tag","embeddable":true,"href":"https:\/\/www.gaveanews.com\/index.php\/wp-json\/wp\/v2\/tags?post=245868"}],"curies":[{"name":"wp","href":"https:\/\/api.w.org\/{rel}","templated":true}]}}