{"id":245876,"date":"2025-03-28T09:25:00","date_gmt":"2025-03-28T12:25:00","guid":{"rendered":"https:\/\/www.gaveanews.com\/?p=245876"},"modified":"2025-03-28T09:15:47","modified_gmt":"2025-03-28T12:15:47","slug":"video-leo-pereira-responde-se-flamengo-ira-priorizar-competicao-em-2025","status":"publish","type":"post","link":"https:\/\/www.gaveanews.com\/index.php\/2025\/03\/28\/video-leo-pereira-responde-se-flamengo-ira-priorizar-competicao-em-2025\/","title":{"rendered":"V\u00eddeo: L\u00e9o Pereira responde se Flamengo ir\u00e1 priorizar competi\u00e7\u00e3o em 2025"},"content":{"rendered":"\n<p>O Flamengo tem um objetivo claro para a temporada: vencer! E quem refor\u00e7ou essa mentalidade foi L\u00e9o Pereira, zagueiro do Rubro-Negro, ao garantir que a equipe entrar\u00e1 forte em todas as competi\u00e7\u00f5es.&nbsp;<\/p>\n\n\n\n<p>Apesar de o Brasileir\u00e3o ser tratado como prioridade pelo clube, o defensor deixou claro que a ambi\u00e7\u00e3o do elenco vai al\u00e9m.<\/p>\n\n\n\n<h2 class=\"wp-block-heading\" id=\"h-flamengo-entra-para-ganhar-tudo\">Flamengo entra para ganhar tudo!<\/h2>\n\n\n\n<p>Durante a cerim\u00f4nia de encerramento do Campeonato Carioca, L\u00e9o Pereira destacou a postura do Flamengo em rela\u00e7\u00e3o aos torneios do ano. Mesmo com o foco no Brasileir\u00e3o, a equipe n\u00e3o pretende abrir m\u00e3o da briga por t\u00edtulos na Libertadores, Copa do Brasil e Mundial de Clubes.<\/p>\n\n\n\n<p>\u201cTemos que estar sempre ganhando para que a gente possa representar essa camisa. Vamos priorizar o Brasileir\u00e3o, mas, com certeza, a gente vai muito forte nas outras competi\u00e7\u00f5es, como em todos os anos\u201d, declarou o zagueiro.<\/p>\n\n\n\n<blockquote class=\"twitter-tweet\" data-media-max-width=\"560\"><p lang=\"pt\" dir=\"ltr\">A GENTE VAI PRA COMPETIR E GANHAR! \ud83d\udd34\u26ab<br>L\u00e9o Pereira falou sobre a prioridade do Flamengo na temporada! <a href=\"https:\/\/t.co\/w5Pk9HuWNJ\">pic.twitter.com\/w5Pk9HuWNJ<\/a><\/p>&mdash; TNT Sports BR (@TNTSportsBR) <a href=\"https:\/\/twitter.com\/TNTSportsBR\/status\/1905410957310095572?ref_src=twsrc%5Etfw\">March 28, 2025<\/a><\/blockquote> <script async src=\"https:\/\/platform.twitter.com\/widgets.js\" charset=\"utf-8\"><\/script>\n\n\n\n<p>Isso porque a diretoria rubro-negra j\u00e1 definiu um sistema de premia\u00e7\u00e3o baseado na import\u00e2ncia de cada torneio. O Campeonato Brasileiro recebeu peso 4, a Libertadores ficou com peso 2 e a Copa do Brasil, peso 1. Dessa maneira, o elenco ter\u00e1 uma motiva\u00e7\u00e3o extra para se dedicar em todas as frentes.<\/p>\n\n\n\n<h2 class=\"wp-block-heading\" id=\"h-maracana-e-a-forca-da-torcida\">Maracan\u00e3 e a for\u00e7a da torcida<\/h2>\n\n\n\n<p>L\u00e9o Pereira tamb\u00e9m relembrou a atmosfera da final do Campeonato Carioca contra o Fluminense, exaltando o impacto da torcida no desempenho do time. Segundo ele, o clima no Maracan\u00e3 foi decisivo para a conquista do t\u00edtulo.<\/p>\n\n\n\n<p>\u201cQuando eu entrei no jogo, eu senti o Maracan\u00e3 com clima de cl\u00e1ssico das antigas, os rolos de papel higi\u00eanico caindo. Deu uma energia muito legal da arquibancada. Tentamos representar, acredito que conseguimos representar milh\u00f5es de rubro-negros que foram ao Maracan\u00e3\u201d, afirmou.<\/p>\n\n\n\n<h2 class=\"wp-block-heading\" id=\"h-estreia-no-brasileirao-flamengo-x-internacional\">Estreia no Brasileir\u00e3o: Flamengo x Internacional<\/h2>\n\n\n\n<p>A caminhada do Flamengo no Campeonato Brasileiro come\u00e7a neste s\u00e1bado (29), \u00e0s 21h, contra o Internacional, no Maracan\u00e3. Vale destacar que, com um elenco recheado de estrelas, o Rubro-Negro entra como um dos principais favoritos ao t\u00edtulo nacional.<\/p>\n\n\n\n<p>Por isso, a expectativa \u00e9 de um Flamengo competitivo em todas as frentes, buscando t\u00edtulos e consolidando a mentalidade vencedora refor\u00e7ada por L\u00e9o Pereira.<\/p>\n","protected":false},"excerpt":{"rendered":"<p>O Flamengo tem um objetivo claro para a temporada: vencer! E quem refor\u00e7ou essa mentalidade foi L\u00e9o Pereira, zagueiro do Rubro-Negro, ao garantir que a equipe entrar\u00e1 forte em todas as competi\u00e7\u00f5es.&nbsp; Apesar de o Brasileir\u00e3o ser tratado como prioridade pelo clube, o defensor deixou claro que a ambi\u00e7\u00e3o do elenco vai al\u00e9m. Flamengo entra [&hellip;]<\/p>\n","protected":false},"author":25,"featured_media":126257,"comment_status":"open","ping_status":"closed","sticky":false,"template":"","format":"standard","meta":{"footnotes":""},"categories":[1],"tags":[],"class_list":["post-245876","post","type-post","status-publish","format-standard","has-post-thumbnail","hentry","category-flamengo"],"yoast_head":"<!-- This site is optimized with the Yoast SEO Premium plugin v24.2 (Yoast SEO v26.9) - https:\/\/yoast.com\/product\/yoast-seo-premium-wordpress\/ -->\n<title>V\u00eddeo: L\u00e9o Pereira responde se Flamengo ir\u00e1 priorizar competi\u00e7\u00e3o em 2025<\/title>\n<meta name=\"robots\" content=\"index, follow, max-snippet:-1, max-image-preview:large, max-video-preview:-1\" \/>\n<link rel=\"canonical\" href=\"https:\/\/www.gaveanews.com\/index.php\/2025\/03\/28\/video-leo-pereira-responde-se-flamengo-ira-priorizar-competicao-em-2025\/\" \/>\n<meta property=\"og:locale\" content=\"pt_BR\" \/>\n<meta property=\"og:type\" content=\"article\" \/>\n<meta property=\"og:title\" content=\"V\u00eddeo: L\u00e9o Pereira responde se Flamengo ir\u00e1 priorizar competi\u00e7\u00e3o em 2025\" \/>\n<meta property=\"og:description\" content=\"O Flamengo tem um objetivo claro para a temporada: vencer! E quem refor\u00e7ou essa mentalidade foi L\u00e9o Pereira, zagueiro do Rubro-Negro, ao garantir que a equipe entrar\u00e1 forte em todas as competi\u00e7\u00f5es.&nbsp; Apesar de o Brasileir\u00e3o ser tratado como prioridade pelo clube, o defensor deixou claro que a ambi\u00e7\u00e3o do elenco vai al\u00e9m. Flamengo entra [&hellip;]\" \/>\n<meta property=\"og:url\" content=\"https:\/\/www.gaveanews.com\/index.php\/2025\/03\/28\/video-leo-pereira-responde-se-flamengo-ira-priorizar-competicao-em-2025\/\" \/>\n<meta property=\"og:site_name\" content=\"G\u00e1vea News\" \/>\n<meta property=\"article:publisher\" content=\"https:\/\/facebook.com\/gaveaNews\/\" \/>\n<meta property=\"article:published_time\" content=\"2025-03-28T12:25:00+00:00\" \/>\n<meta property=\"og:image\" content=\"https:\/\/www.gaveanews.com\/wp-content\/uploads\/leo-pereira-gol-flamengo.webp\" \/>\n\t<meta property=\"og:image:width\" content=\"1065\" \/>\n\t<meta property=\"og:image:height\" content=\"710\" \/>\n\t<meta property=\"og:image:type\" content=\"image\/jpeg\" \/>\n<meta name=\"author\" content=\"Rafaela Ladeira\" \/>\n<meta name=\"twitter:card\" content=\"summary_large_image\" \/>\n<meta name=\"twitter:label1\" content=\"Escrito por\" \/>\n\t<meta name=\"twitter:data1\" content=\"Rafaela Ladeira\" \/>\n\t<meta name=\"twitter:label2\" content=\"Est. tempo de leitura\" \/>\n\t<meta name=\"twitter:data2\" content=\"3 minutos\" \/>\n<script type=\"application\/ld+json\" class=\"yoast-schema-graph\">{\"@context\":\"https:\/\/schema.org\",\"@graph\":[{\"@type\":\"NewsArticle\",\"@id\":\"https:\/\/www.gaveanews.com\/index.php\/2025\/03\/28\/video-leo-pereira-responde-se-flamengo-ira-priorizar-competicao-em-2025\/#article\",\"isPartOf\":{\"@id\":\"https:\/\/www.gaveanews.com\/index.php\/2025\/03\/28\/video-leo-pereira-responde-se-flamengo-ira-priorizar-competicao-em-2025\/\"},\"author\":{\"name\":\"Rafaela Ladeira\",\"@id\":\"https:\/\/www.gaveanews.com\/#\/schema\/person\/0eb3e3fe1754f0205218538adbe8f5ed\"},\"headline\":\"V\u00eddeo: L\u00e9o Pereira responde se Flamengo ir\u00e1 priorizar competi\u00e7\u00e3o em 2025\",\"datePublished\":\"2025-03-28T12:25:00+00:00\",\"mainEntityOfPage\":{\"@id\":\"https:\/\/www.gaveanews.com\/index.php\/2025\/03\/28\/video-leo-pereira-responde-se-flamengo-ira-priorizar-competicao-em-2025\/\"},\"wordCount\":414,\"commentCount\":0,\"image\":{\"@id\":\"https:\/\/www.gaveanews.com\/index.php\/2025\/03\/28\/video-leo-pereira-responde-se-flamengo-ira-priorizar-competicao-em-2025\/#primaryimage\"},\"thumbnailUrl\":\"https:\/\/www.gaveanews.com\/wp-content\/uploads\/leo-pereira-gol-flamengo.webp\",\"articleSection\":[\"Flamengo\"],\"inLanguage\":\"pt-BR\",\"potentialAction\":[{\"@type\":\"CommentAction\",\"name\":\"Comment\",\"target\":[\"https:\/\/www.gaveanews.com\/index.php\/2025\/03\/28\/video-leo-pereira-responde-se-flamengo-ira-priorizar-competicao-em-2025\/#respond\"]}],\"copyrightYear\":\"2025\",\"copyrightHolder\":{\"@id\":\"https:\/\/www.gaveanews.com\/#organization\"}},{\"@type\":\"WebPage\",\"@id\":\"https:\/\/www.gaveanews.com\/index.php\/2025\/03\/28\/video-leo-pereira-responde-se-flamengo-ira-priorizar-competicao-em-2025\/\",\"url\":\"https:\/\/www.gaveanews.com\/index.php\/2025\/03\/28\/video-leo-pereira-responde-se-flamengo-ira-priorizar-competicao-em-2025\/\",\"name\":\"V\u00eddeo: L\u00e9o Pereira responde se Flamengo ir\u00e1 priorizar competi\u00e7\u00e3o em 2025\",\"isPartOf\":{\"@id\":\"https:\/\/www.gaveanews.com\/#website\"},\"primaryImageOfPage\":{\"@id\":\"https:\/\/www.gaveanews.com\/index.php\/2025\/03\/28\/video-leo-pereira-responde-se-flamengo-ira-priorizar-competicao-em-2025\/#primaryimage\"},\"image\":{\"@id\":\"https:\/\/www.gaveanews.com\/index.php\/2025\/03\/28\/video-leo-pereira-responde-se-flamengo-ira-priorizar-competicao-em-2025\/#primaryimage\"},\"thumbnailUrl\":\"https:\/\/www.gaveanews.com\/wp-content\/uploads\/leo-pereira-gol-flamengo.webp\",\"datePublished\":\"2025-03-28T12:25:00+00:00\",\"author\":{\"@id\":\"https:\/\/www.gaveanews.com\/#\/schema\/person\/0eb3e3fe1754f0205218538adbe8f5ed\"},\"breadcrumb\":{\"@id\":\"https:\/\/www.gaveanews.com\/index.php\/2025\/03\/28\/video-leo-pereira-responde-se-flamengo-ira-priorizar-competicao-em-2025\/#breadcrumb\"},\"inLanguage\":\"pt-BR\",\"potentialAction\":[{\"@type\":\"ReadAction\",\"target\":[\"https:\/\/www.gaveanews.com\/index.php\/2025\/03\/28\/video-leo-pereira-responde-se-flamengo-ira-priorizar-competicao-em-2025\/\"]}]},{\"@type\":\"ImageObject\",\"inLanguage\":\"pt-BR\",\"@id\":\"https:\/\/www.gaveanews.com\/index.php\/2025\/03\/28\/video-leo-pereira-responde-se-flamengo-ira-priorizar-competicao-em-2025\/#primaryimage\",\"url\":\"https:\/\/www.gaveanews.com\/wp-content\/uploads\/leo-pereira-gol-flamengo.webp\",\"contentUrl\":\"https:\/\/www.gaveanews.com\/wp-content\/uploads\/leo-pereira-gol-flamengo.webp\",\"width\":1065,\"height\":710,\"caption\":\"L\u00e9o Pereira comemora gol marcado pelo Flamengo (Foto: Gilvan de Souza\/Flamengo)\"},{\"@type\":\"BreadcrumbList\",\"@id\":\"https:\/\/www.gaveanews.com\/index.php\/2025\/03\/28\/video-leo-pereira-responde-se-flamengo-ira-priorizar-competicao-em-2025\/#breadcrumb\",\"itemListElement\":[{\"@type\":\"ListItem\",\"position\":1,\"name\":\"Home\",\"item\":\"https:\/\/www.gaveanews.com\/\"},{\"@type\":\"ListItem\",\"position\":2,\"name\":\"V\u00eddeo: L\u00e9o Pereira responde se Flamengo ir\u00e1 priorizar competi\u00e7\u00e3o em 2025\"}]},{\"@type\":\"WebSite\",\"@id\":\"https:\/\/www.gaveanews.com\/#website\",\"url\":\"https:\/\/www.gaveanews.com\/\",\"name\":\"G\u00e1vea News\",\"description\":\"Veja todas as not\u00edcias sobre o Flamengo: Contrata\u00e7\u00f5es, categorias de base, resultados das partidas, tabela de classifica\u00e7\u00e3o, pr\u00f3ximos jogos!\",\"potentialAction\":[{\"@type\":\"SearchAction\",\"target\":{\"@type\":\"EntryPoint\",\"urlTemplate\":\"https:\/\/www.gaveanews.com\/?s={search_term_string}\"},\"query-input\":{\"@type\":\"PropertyValueSpecification\",\"valueRequired\":true,\"valueName\":\"search_term_string\"}}],\"inLanguage\":\"pt-BR\"},{\"@type\":\"Person\",\"@id\":\"https:\/\/www.gaveanews.com\/#\/schema\/person\/0eb3e3fe1754f0205218538adbe8f5ed\",\"name\":\"Rafaela Ladeira\",\"image\":{\"@type\":\"ImageObject\",\"inLanguage\":\"pt-BR\",\"@id\":\"https:\/\/www.gaveanews.com\/#\/schema\/person\/image\/\",\"url\":\"https:\/\/secure.gravatar.com\/avatar\/c31f513acffd85eacab5730cbdfdbbf59f21ba5aeada8cd890acea879fbb2455?s=96&d=mm&r=g\",\"contentUrl\":\"https:\/\/secure.gravatar.com\/avatar\/c31f513acffd85eacab5730cbdfdbbf59f21ba5aeada8cd890acea879fbb2455?s=96&d=mm&r=g\",\"caption\":\"Rafaela Ladeira\"}}]}<\/script>\n<!-- \/ Yoast SEO Premium plugin. -->","yoast_head_json":{"title":"V\u00eddeo: L\u00e9o Pereira responde se Flamengo ir\u00e1 priorizar competi\u00e7\u00e3o em 2025","robots":{"index":"index","follow":"follow","max-snippet":"max-snippet:-1","max-image-preview":"max-image-preview:large","max-video-preview":"max-video-preview:-1"},"canonical":"https:\/\/www.gaveanews.com\/index.php\/2025\/03\/28\/video-leo-pereira-responde-se-flamengo-ira-priorizar-competicao-em-2025\/","og_locale":"pt_BR","og_type":"article","og_title":"V\u00eddeo: L\u00e9o Pereira responde se Flamengo ir\u00e1 priorizar competi\u00e7\u00e3o em 2025","og_description":"O Flamengo tem um objetivo claro para a temporada: vencer! E quem refor\u00e7ou essa mentalidade foi L\u00e9o Pereira, zagueiro do Rubro-Negro, ao garantir que a equipe entrar\u00e1 forte em todas as competi\u00e7\u00f5es.&nbsp; Apesar de o Brasileir\u00e3o ser tratado como prioridade pelo clube, o defensor deixou claro que a ambi\u00e7\u00e3o do elenco vai al\u00e9m. Flamengo entra [&hellip;]","og_url":"https:\/\/www.gaveanews.com\/index.php\/2025\/03\/28\/video-leo-pereira-responde-se-flamengo-ira-priorizar-competicao-em-2025\/","og_site_name":"G\u00e1vea News","article_publisher":"https:\/\/facebook.com\/gaveaNews\/","article_published_time":"2025-03-28T12:25:00+00:00","og_image":[{"width":1065,"height":710,"url":"https:\/\/www.gaveanews.com\/wp-content\/uploads\/leo-pereira-gol-flamengo.webp","type":"image\/jpeg"}],"author":"Rafaela Ladeira","twitter_card":"summary_large_image","twitter_misc":{"Escrito por":"Rafaela Ladeira","Est. tempo de leitura":"3 minutos"},"schema":{"@context":"https:\/\/schema.org","@graph":[{"@type":"NewsArticle","@id":"https:\/\/www.gaveanews.com\/index.php\/2025\/03\/28\/video-leo-pereira-responde-se-flamengo-ira-priorizar-competicao-em-2025\/#article","isPartOf":{"@id":"https:\/\/www.gaveanews.com\/index.php\/2025\/03\/28\/video-leo-pereira-responde-se-flamengo-ira-priorizar-competicao-em-2025\/"},"author":{"name":"Rafaela Ladeira","@id":"https:\/\/www.gaveanews.com\/#\/schema\/person\/0eb3e3fe1754f0205218538adbe8f5ed"},"headline":"V\u00eddeo: L\u00e9o Pereira responde se Flamengo ir\u00e1 priorizar competi\u00e7\u00e3o em 2025","datePublished":"2025-03-28T12:25:00+00:00","mainEntityOfPage":{"@id":"https:\/\/www.gaveanews.com\/index.php\/2025\/03\/28\/video-leo-pereira-responde-se-flamengo-ira-priorizar-competicao-em-2025\/"},"wordCount":414,"commentCount":0,"image":{"@id":"https:\/\/www.gaveanews.com\/index.php\/2025\/03\/28\/video-leo-pereira-responde-se-flamengo-ira-priorizar-competicao-em-2025\/#primaryimage"},"thumbnailUrl":"https:\/\/www.gaveanews.com\/wp-content\/uploads\/leo-pereira-gol-flamengo.webp","articleSection":["Flamengo"],"inLanguage":"pt-BR","potentialAction":[{"@type":"CommentAction","name":"Comment","target":["https:\/\/www.gaveanews.com\/index.php\/2025\/03\/28\/video-leo-pereira-responde-se-flamengo-ira-priorizar-competicao-em-2025\/#respond"]}],"copyrightYear":"2025","copyrightHolder":{"@id":"https:\/\/www.gaveanews.com\/#organization"}},{"@type":"WebPage","@id":"https:\/\/www.gaveanews.com\/index.php\/2025\/03\/28\/video-leo-pereira-responde-se-flamengo-ira-priorizar-competicao-em-2025\/","url":"https:\/\/www.gaveanews.com\/index.php\/2025\/03\/28\/video-leo-pereira-responde-se-flamengo-ira-priorizar-competicao-em-2025\/","name":"V\u00eddeo: L\u00e9o Pereira responde se Flamengo ir\u00e1 priorizar competi\u00e7\u00e3o em 2025","isPartOf":{"@id":"https:\/\/www.gaveanews.com\/#website"},"primaryImageOfPage":{"@id":"https:\/\/www.gaveanews.com\/index.php\/2025\/03\/28\/video-leo-pereira-responde-se-flamengo-ira-priorizar-competicao-em-2025\/#primaryimage"},"image":{"@id":"https:\/\/www.gaveanews.com\/index.php\/2025\/03\/28\/video-leo-pereira-responde-se-flamengo-ira-priorizar-competicao-em-2025\/#primaryimage"},"thumbnailUrl":"https:\/\/www.gaveanews.com\/wp-content\/uploads\/leo-pereira-gol-flamengo.webp","datePublished":"2025-03-28T12:25:00+00:00","author":{"@id":"https:\/\/www.gaveanews.com\/#\/schema\/person\/0eb3e3fe1754f0205218538adbe8f5ed"},"breadcrumb":{"@id":"https:\/\/www.gaveanews.com\/index.php\/2025\/03\/28\/video-leo-pereira-responde-se-flamengo-ira-priorizar-competicao-em-2025\/#breadcrumb"},"inLanguage":"pt-BR","potentialAction":[{"@type":"ReadAction","target":["https:\/\/www.gaveanews.com\/index.php\/2025\/03\/28\/video-leo-pereira-responde-se-flamengo-ira-priorizar-competicao-em-2025\/"]}]},{"@type":"ImageObject","inLanguage":"pt-BR","@id":"https:\/\/www.gaveanews.com\/index.php\/2025\/03\/28\/video-leo-pereira-responde-se-flamengo-ira-priorizar-competicao-em-2025\/#primaryimage","url":"https:\/\/www.gaveanews.com\/wp-content\/uploads\/leo-pereira-gol-flamengo.webp","contentUrl":"https:\/\/www.gaveanews.com\/wp-content\/uploads\/leo-pereira-gol-flamengo.webp","width":1065,"height":710,"caption":"L\u00e9o Pereira comemora gol marcado pelo Flamengo (Foto: Gilvan de Souza\/Flamengo)"},{"@type":"BreadcrumbList","@id":"https:\/\/www.gaveanews.com\/index.php\/2025\/03\/28\/video-leo-pereira-responde-se-flamengo-ira-priorizar-competicao-em-2025\/#breadcrumb","itemListElement":[{"@type":"ListItem","position":1,"name":"Home","item":"https:\/\/www.gaveanews.com\/"},{"@type":"ListItem","position":2,"name":"V\u00eddeo: L\u00e9o Pereira responde se Flamengo ir\u00e1 priorizar competi\u00e7\u00e3o em 2025"}]},{"@type":"WebSite","@id":"https:\/\/www.gaveanews.com\/#website","url":"https:\/\/www.gaveanews.com\/","name":"G\u00e1vea News","description":"Veja todas as not\u00edcias sobre o Flamengo: Contrata\u00e7\u00f5es, categorias de base, resultados das partidas, tabela de classifica\u00e7\u00e3o, pr\u00f3ximos jogos!","potentialAction":[{"@type":"SearchAction","target":{"@type":"EntryPoint","urlTemplate":"https:\/\/www.gaveanews.com\/?s={search_term_string}"},"query-input":{"@type":"PropertyValueSpecification","valueRequired":true,"valueName":"search_term_string"}}],"inLanguage":"pt-BR"},{"@type":"Person","@id":"https:\/\/www.gaveanews.com\/#\/schema\/person\/0eb3e3fe1754f0205218538adbe8f5ed","name":"Rafaela Ladeira","image":{"@type":"ImageObject","inLanguage":"pt-BR","@id":"https:\/\/www.gaveanews.com\/#\/schema\/person\/image\/","url":"https:\/\/secure.gravatar.com\/avatar\/c31f513acffd85eacab5730cbdfdbbf59f21ba5aeada8cd890acea879fbb2455?s=96&d=mm&r=g","contentUrl":"https:\/\/secure.gravatar.com\/avatar\/c31f513acffd85eacab5730cbdfdbbf59f21ba5aeada8cd890acea879fbb2455?s=96&d=mm&r=g","caption":"Rafaela Ladeira"}}]}},"_links":{"self":[{"href":"https:\/\/www.gaveanews.com\/index.php\/wp-json\/wp\/v2\/posts\/245876","targetHints":{"allow":["GET"]}}],"collection":[{"href":"https:\/\/www.gaveanews.com\/index.php\/wp-json\/wp\/v2\/posts"}],"about":[{"href":"https:\/\/www.gaveanews.com\/index.php\/wp-json\/wp\/v2\/types\/post"}],"author":[{"embeddable":true,"href":"https:\/\/www.gaveanews.com\/index.php\/wp-json\/wp\/v2\/users\/25"}],"replies":[{"embeddable":true,"href":"https:\/\/www.gaveanews.com\/index.php\/wp-json\/wp\/v2\/comments?post=245876"}],"version-history":[{"count":1,"href":"https:\/\/www.gaveanews.com\/index.php\/wp-json\/wp\/v2\/posts\/245876\/revisions"}],"predecessor-version":[{"id":245877,"href":"https:\/\/www.gaveanews.com\/index.php\/wp-json\/wp\/v2\/posts\/245876\/revisions\/245877"}],"wp:featuredmedia":[{"embeddable":true,"href":"https:\/\/www.gaveanews.com\/index.php\/wp-json\/wp\/v2\/media\/126257"}],"wp:attachment":[{"href":"https:\/\/www.gaveanews.com\/index.php\/wp-json\/wp\/v2\/media?parent=245876"}],"wp:term":[{"taxonomy":"category","embeddable":true,"href":"https:\/\/www.gaveanews.com\/index.php\/wp-json\/wp\/v2\/categories?post=245876"},{"taxonomy":"post_tag","embeddable":true,"href":"https:\/\/www.gaveanews.com\/index.php\/wp-json\/wp\/v2\/tags?post=245876"}],"curies":[{"name":"wp","href":"https:\/\/api.w.org\/{rel}","templated":true}]}}