{"id":245882,"date":"2025-03-28T09:45:00","date_gmt":"2025-03-28T12:45:00","guid":{"rendered":"https:\/\/www.gaveanews.com\/?p=245882"},"modified":"2025-03-28T09:43:08","modified_gmt":"2025-03-28T12:43:08","slug":"video-rossi-e-sincero-ao-falar-sobre-fase-no-flamengo","status":"publish","type":"post","link":"https:\/\/www.gaveanews.com\/index.php\/2025\/03\/28\/video-rossi-e-sincero-ao-falar-sobre-fase-no-flamengo\/","title":{"rendered":"V\u00eddeo: Rossi \u00e9 sincero ao falar sobre fase no Flamengo"},"content":{"rendered":"\n<p>O goleiro Agust\u00edn Rossi tem sido um dos destaques do Flamengo nos \u00faltimos meses. Seguro debaixo das traves, ele acumula pr\u00eamios individuais e demonstra confian\u00e7a para os desafios da temporada.&nbsp;<\/p>\n\n\n\n<p>Al\u00e9m disso, o argentino falou sobre o in\u00edcio do Brasileir\u00e3o e da Libertadores, analisando a prepara\u00e7\u00e3o do time e a evolu\u00e7\u00e3o da equipe em rela\u00e7\u00e3o ao ano passado.<\/p>\n\n\n\n<h2 class=\"wp-block-heading\" id=\"h-defesa-solida-e-mais-um-premio-para-a-colecao\">Defesa s\u00f3lida e mais um pr\u00eamio para a cole\u00e7\u00e3o<\/h2>\n\n\n\n<p>Rossi foi um dos menos vazados do Campeonato Carioca e celebrou mais um pr\u00eamio por seu desempenho. Al\u00e9m de suas defesas, o trabalho coletivo do Flamengo tem sido fundamental para evitar gols.<\/p>\n\n\n\n<p>\u201cNo primeiro momento, muito feliz, n\u00e9? Por estar aqui mais um ano representando e o Flamengo tamb\u00e9m. A gente conseguiu conquistar mais um t\u00edtulo tamb\u00e9m e \u00e9 isso. Sei que esse ano s\u00f3 sofri dois gols, mas no campeonato em geral foram alguns jogos. Mas tamb\u00e9m \u00e9 trabalho do time na frente para a bola n\u00e3o chegar em mim\u201d, disse Rossi.<\/p>\n\n\n\n<blockquote class=\"twitter-tweet\" data-media-max-width=\"560\"><p lang=\"pt\" dir=\"ltr\">ROSSI FALA SOBRE O MOMENTO QUE VIVE NO FLAMENGO E SOBRE O FATO DE N\u00c3O TOMAR MUITOS GOLS! <a href=\"https:\/\/t.co\/XhO05phv8O\">pic.twitter.com\/XhO05phv8O<\/a><\/p>&mdash; Paparazzo Rubro-Negro (@PapaRubroNegro) <a href=\"https:\/\/twitter.com\/PapaRubroNegro\/status\/1905421806527295721?ref_src=twsrc%5Etfw\">March 28, 2025<\/a><\/blockquote> <script async src=\"https:\/\/platform.twitter.com\/widgets.js\" charset=\"utf-8\"><\/script>\n\n\n\n<p>Vale destacar que o Flamengo se fortaleceu defensivamente, o que aumenta as chances de sucesso nos campeonatos mais importantes da temporada.<\/p>\n\n\n\n<h2 class=\"wp-block-heading\" id=\"h-brasileirao-e-libertadores-flamengo-mais-maduro\">Brasileir\u00e3o e Libertadores: Flamengo mais maduro?<\/h2>\n\n\n\n<p>Com o in\u00edcio do Brasileir\u00e3o e da Libertadores, a expectativa sobre o Flamengo cresce. No ano passado, o time come\u00e7ou bem, mas perdeu for\u00e7a ao longo da temporada. Agora, Rossi acredita que a equipe est\u00e1 mais preparada para os desafios.<\/p>\n\n\n\n<p>\u201cA gente obviamente sempre se prepara para o que \u00e9 o mais forte do ano, que \u00e9 o Brasileiro e a Copa do Brasil. Acho que no ano passado a gente come\u00e7ou bem. Al\u00e9m de ter ganhado o Carioca, come\u00e7amos muito bem mesmo com a Copa Am\u00e9rica no meio do ano, onde perdemos muitos jogadores, mas nos mantivemos no G4 por muito tempo\u201d, destacou.<\/p>\n\n\n\n<h2 class=\"wp-block-heading\" id=\"h-rivalidade-brasil-x-argentina-no-flamengo\">Rivalidade Brasil x Argentina no Flamengo?<\/h2>\n\n\n\n<p>Sobre a rela\u00e7\u00e3o com os jogadores brasileiros ap\u00f3s os duelos entre Brasil e Argentina, Rossi foi direto:<\/p>\n\n\n\n<p>\u201cA rela\u00e7\u00e3o \u00e9 muito boa, a gente tem isso no dia a dia. O jogo j\u00e1 passou, j\u00e1 aconteceu. Agora temos que focar no Brasileiro que come\u00e7a depois de amanh\u00e3\u201d, concluiu.<\/p>\n\n\n\n<p>Sendo assim, Rossi segue focado nos desafios com o Flamengo, mostrando que o time est\u00e1 pronto para brigar por conquistas importantes em 2024.<\/p>\n","protected":false},"excerpt":{"rendered":"<p>O goleiro Agust\u00edn Rossi tem sido um dos destaques do Flamengo nos \u00faltimos meses. Seguro debaixo das traves, ele acumula pr\u00eamios individuais e demonstra confian\u00e7a para os desafios da temporada.&nbsp; Al\u00e9m disso, o argentino falou sobre o in\u00edcio do Brasileir\u00e3o e da Libertadores, analisando a prepara\u00e7\u00e3o do time e a evolu\u00e7\u00e3o da equipe em rela\u00e7\u00e3o [&hellip;]<\/p>\n","protected":false},"author":25,"featured_media":108814,"comment_status":"open","ping_status":"closed","sticky":false,"template":"","format":"standard","meta":{"footnotes":""},"categories":[1],"tags":[],"class_list":["post-245882","post","type-post","status-publish","format-standard","has-post-thumbnail","hentry","category-flamengo"],"yoast_head":"<!-- This site is optimized with the Yoast SEO Premium plugin v24.2 (Yoast SEO v26.9) - https:\/\/yoast.com\/product\/yoast-seo-premium-wordpress\/ -->\n<title>V\u00eddeo: Rossi \u00e9 sincero ao falar sobre fase no Flamengo<\/title>\n<meta name=\"robots\" content=\"index, follow, max-snippet:-1, max-image-preview:large, max-video-preview:-1\" \/>\n<link rel=\"canonical\" href=\"https:\/\/www.gaveanews.com\/index.php\/2025\/03\/28\/video-rossi-e-sincero-ao-falar-sobre-fase-no-flamengo\/\" \/>\n<meta property=\"og:locale\" content=\"pt_BR\" \/>\n<meta property=\"og:type\" content=\"article\" \/>\n<meta property=\"og:title\" content=\"V\u00eddeo: Rossi \u00e9 sincero ao falar sobre fase no Flamengo\" \/>\n<meta property=\"og:description\" content=\"O goleiro Agust\u00edn Rossi tem sido um dos destaques do Flamengo nos \u00faltimos meses. Seguro debaixo das traves, ele acumula pr\u00eamios individuais e demonstra confian\u00e7a para os desafios da temporada.&nbsp; Al\u00e9m disso, o argentino falou sobre o in\u00edcio do Brasileir\u00e3o e da Libertadores, analisando a prepara\u00e7\u00e3o do time e a evolu\u00e7\u00e3o da equipe em rela\u00e7\u00e3o [&hellip;]\" \/>\n<meta property=\"og:url\" content=\"https:\/\/www.gaveanews.com\/index.php\/2025\/03\/28\/video-rossi-e-sincero-ao-falar-sobre-fase-no-flamengo\/\" \/>\n<meta property=\"og:site_name\" content=\"G\u00e1vea News\" \/>\n<meta property=\"article:publisher\" content=\"https:\/\/facebook.com\/gaveaNews\/\" \/>\n<meta property=\"article:published_time\" content=\"2025-03-28T12:45:00+00:00\" \/>\n<meta property=\"og:image\" content=\"https:\/\/www.gaveanews.com\/wp-content\/uploads\/rossi-goleiro-flamengo.webp\" \/>\n\t<meta property=\"og:image:width\" content=\"1200\" \/>\n\t<meta property=\"og:image:height\" content=\"750\" \/>\n\t<meta property=\"og:image:type\" content=\"image\/webp\" \/>\n<meta name=\"author\" content=\"Rafaela Ladeira\" \/>\n<meta name=\"twitter:card\" content=\"summary_large_image\" \/>\n<meta name=\"twitter:label1\" content=\"Escrito por\" \/>\n\t<meta name=\"twitter:data1\" content=\"Rafaela Ladeira\" \/>\n\t<meta name=\"twitter:label2\" content=\"Est. tempo de leitura\" \/>\n\t<meta name=\"twitter:data2\" content=\"3 minutos\" \/>\n<script type=\"application\/ld+json\" class=\"yoast-schema-graph\">{\"@context\":\"https:\/\/schema.org\",\"@graph\":[{\"@type\":\"NewsArticle\",\"@id\":\"https:\/\/www.gaveanews.com\/index.php\/2025\/03\/28\/video-rossi-e-sincero-ao-falar-sobre-fase-no-flamengo\/#article\",\"isPartOf\":{\"@id\":\"https:\/\/www.gaveanews.com\/index.php\/2025\/03\/28\/video-rossi-e-sincero-ao-falar-sobre-fase-no-flamengo\/\"},\"author\":{\"name\":\"Rafaela Ladeira\",\"@id\":\"https:\/\/www.gaveanews.com\/#\/schema\/person\/0eb3e3fe1754f0205218538adbe8f5ed\"},\"headline\":\"V\u00eddeo: Rossi \u00e9 sincero ao falar sobre fase no Flamengo\",\"datePublished\":\"2025-03-28T12:45:00+00:00\",\"mainEntityOfPage\":{\"@id\":\"https:\/\/www.gaveanews.com\/index.php\/2025\/03\/28\/video-rossi-e-sincero-ao-falar-sobre-fase-no-flamengo\/\"},\"wordCount\":435,\"commentCount\":0,\"image\":{\"@id\":\"https:\/\/www.gaveanews.com\/index.php\/2025\/03\/28\/video-rossi-e-sincero-ao-falar-sobre-fase-no-flamengo\/#primaryimage\"},\"thumbnailUrl\":\"https:\/\/www.gaveanews.com\/wp-content\/uploads\/rossi-goleiro-flamengo.webp\",\"articleSection\":[\"Flamengo\"],\"inLanguage\":\"pt-BR\",\"potentialAction\":[{\"@type\":\"CommentAction\",\"name\":\"Comment\",\"target\":[\"https:\/\/www.gaveanews.com\/index.php\/2025\/03\/28\/video-rossi-e-sincero-ao-falar-sobre-fase-no-flamengo\/#respond\"]}],\"copyrightYear\":\"2025\",\"copyrightHolder\":{\"@id\":\"https:\/\/www.gaveanews.com\/#organization\"}},{\"@type\":\"WebPage\",\"@id\":\"https:\/\/www.gaveanews.com\/index.php\/2025\/03\/28\/video-rossi-e-sincero-ao-falar-sobre-fase-no-flamengo\/\",\"url\":\"https:\/\/www.gaveanews.com\/index.php\/2025\/03\/28\/video-rossi-e-sincero-ao-falar-sobre-fase-no-flamengo\/\",\"name\":\"V\u00eddeo: Rossi \u00e9 sincero ao falar sobre fase no Flamengo\",\"isPartOf\":{\"@id\":\"https:\/\/www.gaveanews.com\/#website\"},\"primaryImageOfPage\":{\"@id\":\"https:\/\/www.gaveanews.com\/index.php\/2025\/03\/28\/video-rossi-e-sincero-ao-falar-sobre-fase-no-flamengo\/#primaryimage\"},\"image\":{\"@id\":\"https:\/\/www.gaveanews.com\/index.php\/2025\/03\/28\/video-rossi-e-sincero-ao-falar-sobre-fase-no-flamengo\/#primaryimage\"},\"thumbnailUrl\":\"https:\/\/www.gaveanews.com\/wp-content\/uploads\/rossi-goleiro-flamengo.webp\",\"datePublished\":\"2025-03-28T12:45:00+00:00\",\"author\":{\"@id\":\"https:\/\/www.gaveanews.com\/#\/schema\/person\/0eb3e3fe1754f0205218538adbe8f5ed\"},\"breadcrumb\":{\"@id\":\"https:\/\/www.gaveanews.com\/index.php\/2025\/03\/28\/video-rossi-e-sincero-ao-falar-sobre-fase-no-flamengo\/#breadcrumb\"},\"inLanguage\":\"pt-BR\",\"potentialAction\":[{\"@type\":\"ReadAction\",\"target\":[\"https:\/\/www.gaveanews.com\/index.php\/2025\/03\/28\/video-rossi-e-sincero-ao-falar-sobre-fase-no-flamengo\/\"]}]},{\"@type\":\"ImageObject\",\"inLanguage\":\"pt-BR\",\"@id\":\"https:\/\/www.gaveanews.com\/index.php\/2025\/03\/28\/video-rossi-e-sincero-ao-falar-sobre-fase-no-flamengo\/#primaryimage\",\"url\":\"https:\/\/www.gaveanews.com\/wp-content\/uploads\/rossi-goleiro-flamengo.webp\",\"contentUrl\":\"https:\/\/www.gaveanews.com\/wp-content\/uploads\/rossi-goleiro-flamengo.webp\",\"width\":1200,\"height\":750,\"caption\":\"Rossi em a\u00e7\u00e3o pelo Flamengo (Foto: Gilvan de Souza\/Flamengo)\"},{\"@type\":\"BreadcrumbList\",\"@id\":\"https:\/\/www.gaveanews.com\/index.php\/2025\/03\/28\/video-rossi-e-sincero-ao-falar-sobre-fase-no-flamengo\/#breadcrumb\",\"itemListElement\":[{\"@type\":\"ListItem\",\"position\":1,\"name\":\"Home\",\"item\":\"https:\/\/www.gaveanews.com\/\"},{\"@type\":\"ListItem\",\"position\":2,\"name\":\"V\u00eddeo: Rossi \u00e9 sincero ao falar sobre fase no Flamengo\"}]},{\"@type\":\"WebSite\",\"@id\":\"https:\/\/www.gaveanews.com\/#website\",\"url\":\"https:\/\/www.gaveanews.com\/\",\"name\":\"G\u00e1vea News\",\"description\":\"Veja todas as not\u00edcias sobre o Flamengo: Contrata\u00e7\u00f5es, categorias de base, resultados das partidas, tabela de classifica\u00e7\u00e3o, pr\u00f3ximos jogos!\",\"potentialAction\":[{\"@type\":\"SearchAction\",\"target\":{\"@type\":\"EntryPoint\",\"urlTemplate\":\"https:\/\/www.gaveanews.com\/?s={search_term_string}\"},\"query-input\":{\"@type\":\"PropertyValueSpecification\",\"valueRequired\":true,\"valueName\":\"search_term_string\"}}],\"inLanguage\":\"pt-BR\"},{\"@type\":\"Person\",\"@id\":\"https:\/\/www.gaveanews.com\/#\/schema\/person\/0eb3e3fe1754f0205218538adbe8f5ed\",\"name\":\"Rafaela Ladeira\",\"image\":{\"@type\":\"ImageObject\",\"inLanguage\":\"pt-BR\",\"@id\":\"https:\/\/www.gaveanews.com\/#\/schema\/person\/image\/\",\"url\":\"https:\/\/secure.gravatar.com\/avatar\/c31f513acffd85eacab5730cbdfdbbf59f21ba5aeada8cd890acea879fbb2455?s=96&d=mm&r=g\",\"contentUrl\":\"https:\/\/secure.gravatar.com\/avatar\/c31f513acffd85eacab5730cbdfdbbf59f21ba5aeada8cd890acea879fbb2455?s=96&d=mm&r=g\",\"caption\":\"Rafaela Ladeira\"}}]}<\/script>\n<!-- \/ Yoast SEO Premium plugin. -->","yoast_head_json":{"title":"V\u00eddeo: Rossi \u00e9 sincero ao falar sobre fase no Flamengo","robots":{"index":"index","follow":"follow","max-snippet":"max-snippet:-1","max-image-preview":"max-image-preview:large","max-video-preview":"max-video-preview:-1"},"canonical":"https:\/\/www.gaveanews.com\/index.php\/2025\/03\/28\/video-rossi-e-sincero-ao-falar-sobre-fase-no-flamengo\/","og_locale":"pt_BR","og_type":"article","og_title":"V\u00eddeo: Rossi \u00e9 sincero ao falar sobre fase no Flamengo","og_description":"O goleiro Agust\u00edn Rossi tem sido um dos destaques do Flamengo nos \u00faltimos meses. Seguro debaixo das traves, ele acumula pr\u00eamios individuais e demonstra confian\u00e7a para os desafios da temporada.&nbsp; Al\u00e9m disso, o argentino falou sobre o in\u00edcio do Brasileir\u00e3o e da Libertadores, analisando a prepara\u00e7\u00e3o do time e a evolu\u00e7\u00e3o da equipe em rela\u00e7\u00e3o [&hellip;]","og_url":"https:\/\/www.gaveanews.com\/index.php\/2025\/03\/28\/video-rossi-e-sincero-ao-falar-sobre-fase-no-flamengo\/","og_site_name":"G\u00e1vea News","article_publisher":"https:\/\/facebook.com\/gaveaNews\/","article_published_time":"2025-03-28T12:45:00+00:00","og_image":[{"width":1200,"height":750,"url":"https:\/\/www.gaveanews.com\/wp-content\/uploads\/rossi-goleiro-flamengo.webp","type":"image\/webp"}],"author":"Rafaela Ladeira","twitter_card":"summary_large_image","twitter_misc":{"Escrito por":"Rafaela Ladeira","Est. tempo de leitura":"3 minutos"},"schema":{"@context":"https:\/\/schema.org","@graph":[{"@type":"NewsArticle","@id":"https:\/\/www.gaveanews.com\/index.php\/2025\/03\/28\/video-rossi-e-sincero-ao-falar-sobre-fase-no-flamengo\/#article","isPartOf":{"@id":"https:\/\/www.gaveanews.com\/index.php\/2025\/03\/28\/video-rossi-e-sincero-ao-falar-sobre-fase-no-flamengo\/"},"author":{"name":"Rafaela Ladeira","@id":"https:\/\/www.gaveanews.com\/#\/schema\/person\/0eb3e3fe1754f0205218538adbe8f5ed"},"headline":"V\u00eddeo: Rossi \u00e9 sincero ao falar sobre fase no Flamengo","datePublished":"2025-03-28T12:45:00+00:00","mainEntityOfPage":{"@id":"https:\/\/www.gaveanews.com\/index.php\/2025\/03\/28\/video-rossi-e-sincero-ao-falar-sobre-fase-no-flamengo\/"},"wordCount":435,"commentCount":0,"image":{"@id":"https:\/\/www.gaveanews.com\/index.php\/2025\/03\/28\/video-rossi-e-sincero-ao-falar-sobre-fase-no-flamengo\/#primaryimage"},"thumbnailUrl":"https:\/\/www.gaveanews.com\/wp-content\/uploads\/rossi-goleiro-flamengo.webp","articleSection":["Flamengo"],"inLanguage":"pt-BR","potentialAction":[{"@type":"CommentAction","name":"Comment","target":["https:\/\/www.gaveanews.com\/index.php\/2025\/03\/28\/video-rossi-e-sincero-ao-falar-sobre-fase-no-flamengo\/#respond"]}],"copyrightYear":"2025","copyrightHolder":{"@id":"https:\/\/www.gaveanews.com\/#organization"}},{"@type":"WebPage","@id":"https:\/\/www.gaveanews.com\/index.php\/2025\/03\/28\/video-rossi-e-sincero-ao-falar-sobre-fase-no-flamengo\/","url":"https:\/\/www.gaveanews.com\/index.php\/2025\/03\/28\/video-rossi-e-sincero-ao-falar-sobre-fase-no-flamengo\/","name":"V\u00eddeo: Rossi \u00e9 sincero ao falar sobre fase no Flamengo","isPartOf":{"@id":"https:\/\/www.gaveanews.com\/#website"},"primaryImageOfPage":{"@id":"https:\/\/www.gaveanews.com\/index.php\/2025\/03\/28\/video-rossi-e-sincero-ao-falar-sobre-fase-no-flamengo\/#primaryimage"},"image":{"@id":"https:\/\/www.gaveanews.com\/index.php\/2025\/03\/28\/video-rossi-e-sincero-ao-falar-sobre-fase-no-flamengo\/#primaryimage"},"thumbnailUrl":"https:\/\/www.gaveanews.com\/wp-content\/uploads\/rossi-goleiro-flamengo.webp","datePublished":"2025-03-28T12:45:00+00:00","author":{"@id":"https:\/\/www.gaveanews.com\/#\/schema\/person\/0eb3e3fe1754f0205218538adbe8f5ed"},"breadcrumb":{"@id":"https:\/\/www.gaveanews.com\/index.php\/2025\/03\/28\/video-rossi-e-sincero-ao-falar-sobre-fase-no-flamengo\/#breadcrumb"},"inLanguage":"pt-BR","potentialAction":[{"@type":"ReadAction","target":["https:\/\/www.gaveanews.com\/index.php\/2025\/03\/28\/video-rossi-e-sincero-ao-falar-sobre-fase-no-flamengo\/"]}]},{"@type":"ImageObject","inLanguage":"pt-BR","@id":"https:\/\/www.gaveanews.com\/index.php\/2025\/03\/28\/video-rossi-e-sincero-ao-falar-sobre-fase-no-flamengo\/#primaryimage","url":"https:\/\/www.gaveanews.com\/wp-content\/uploads\/rossi-goleiro-flamengo.webp","contentUrl":"https:\/\/www.gaveanews.com\/wp-content\/uploads\/rossi-goleiro-flamengo.webp","width":1200,"height":750,"caption":"Rossi em a\u00e7\u00e3o pelo Flamengo (Foto: Gilvan de Souza\/Flamengo)"},{"@type":"BreadcrumbList","@id":"https:\/\/www.gaveanews.com\/index.php\/2025\/03\/28\/video-rossi-e-sincero-ao-falar-sobre-fase-no-flamengo\/#breadcrumb","itemListElement":[{"@type":"ListItem","position":1,"name":"Home","item":"https:\/\/www.gaveanews.com\/"},{"@type":"ListItem","position":2,"name":"V\u00eddeo: Rossi \u00e9 sincero ao falar sobre fase no Flamengo"}]},{"@type":"WebSite","@id":"https:\/\/www.gaveanews.com\/#website","url":"https:\/\/www.gaveanews.com\/","name":"G\u00e1vea News","description":"Veja todas as not\u00edcias sobre o Flamengo: Contrata\u00e7\u00f5es, categorias de base, resultados das partidas, tabela de classifica\u00e7\u00e3o, pr\u00f3ximos jogos!","potentialAction":[{"@type":"SearchAction","target":{"@type":"EntryPoint","urlTemplate":"https:\/\/www.gaveanews.com\/?s={search_term_string}"},"query-input":{"@type":"PropertyValueSpecification","valueRequired":true,"valueName":"search_term_string"}}],"inLanguage":"pt-BR"},{"@type":"Person","@id":"https:\/\/www.gaveanews.com\/#\/schema\/person\/0eb3e3fe1754f0205218538adbe8f5ed","name":"Rafaela Ladeira","image":{"@type":"ImageObject","inLanguage":"pt-BR","@id":"https:\/\/www.gaveanews.com\/#\/schema\/person\/image\/","url":"https:\/\/secure.gravatar.com\/avatar\/c31f513acffd85eacab5730cbdfdbbf59f21ba5aeada8cd890acea879fbb2455?s=96&d=mm&r=g","contentUrl":"https:\/\/secure.gravatar.com\/avatar\/c31f513acffd85eacab5730cbdfdbbf59f21ba5aeada8cd890acea879fbb2455?s=96&d=mm&r=g","caption":"Rafaela Ladeira"}}]}},"_links":{"self":[{"href":"https:\/\/www.gaveanews.com\/index.php\/wp-json\/wp\/v2\/posts\/245882","targetHints":{"allow":["GET"]}}],"collection":[{"href":"https:\/\/www.gaveanews.com\/index.php\/wp-json\/wp\/v2\/posts"}],"about":[{"href":"https:\/\/www.gaveanews.com\/index.php\/wp-json\/wp\/v2\/types\/post"}],"author":[{"embeddable":true,"href":"https:\/\/www.gaveanews.com\/index.php\/wp-json\/wp\/v2\/users\/25"}],"replies":[{"embeddable":true,"href":"https:\/\/www.gaveanews.com\/index.php\/wp-json\/wp\/v2\/comments?post=245882"}],"version-history":[{"count":1,"href":"https:\/\/www.gaveanews.com\/index.php\/wp-json\/wp\/v2\/posts\/245882\/revisions"}],"predecessor-version":[{"id":245883,"href":"https:\/\/www.gaveanews.com\/index.php\/wp-json\/wp\/v2\/posts\/245882\/revisions\/245883"}],"wp:featuredmedia":[{"embeddable":true,"href":"https:\/\/www.gaveanews.com\/index.php\/wp-json\/wp\/v2\/media\/108814"}],"wp:attachment":[{"href":"https:\/\/www.gaveanews.com\/index.php\/wp-json\/wp\/v2\/media?parent=245882"}],"wp:term":[{"taxonomy":"category","embeddable":true,"href":"https:\/\/www.gaveanews.com\/index.php\/wp-json\/wp\/v2\/categories?post=245882"},{"taxonomy":"post_tag","embeddable":true,"href":"https:\/\/www.gaveanews.com\/index.php\/wp-json\/wp\/v2\/tags?post=245882"}],"curies":[{"name":"wp","href":"https:\/\/api.w.org\/{rel}","templated":true}]}}