{"id":245886,"date":"2025-03-28T09:55:00","date_gmt":"2025-03-28T12:55:00","guid":{"rendered":"https:\/\/www.gaveanews.com\/?p=245886"},"modified":"2025-03-28T09:55:56","modified_gmt":"2025-03-28T12:55:56","slug":"video-a-declaracao-de-leo-ortiz-do-flamengo-direcionada-a-enzo-fernandez-da-argentina","status":"publish","type":"post","link":"https:\/\/www.gaveanews.com\/index.php\/2025\/03\/28\/video-a-declaracao-de-leo-ortiz-do-flamengo-direcionada-a-enzo-fernandez-da-argentina\/","title":{"rendered":"V\u00eddeo: a declara\u00e7\u00e3o de L\u00e9o Ortiz, do Flamengo, direcionada a Enzo Fern\u00e1ndez, da Argentina"},"content":{"rendered":"\n<p>Os cl\u00e1ssicos sul-americanos sempre s\u00e3o recheados de tens\u00e3o, e o duelo entre Brasil e Argentina nas Eliminat\u00f3rias n\u00e3o foi diferente.&nbsp;<\/p>\n\n\n\n<p>L\u00e9o Ortiz, zagueiro do Flamengo, se envolveu em uma discuss\u00e3o com Enzo Fern\u00e1ndez durante a partida e explicou o ocorrido. Al\u00e9m disso, o defensor destacou a necessidade de virar a chave e focar nas competi\u00e7\u00f5es pelo clube carioca.<\/p>\n\n\n\n<h2 class=\"wp-block-heading\" id=\"h-le-ortiz-fala-sobre-treta-com-enzo-fernandez-nbsp\">L\u00e9 Ortiz fala sobre treta com Enzo Fern\u00e1ndez&nbsp;<\/h2>\n\n\n\n<p>Durante o confronto entre as sele\u00e7\u00f5es, imagens mostraram um momento de tens\u00e3o entre L\u00e9o Ortiz e Enzo Fern\u00e1ndez. O zagueiro minimizou o epis\u00f3dio e ressaltou que situa\u00e7\u00f5es como essa s\u00e3o comuns em partidas desse n\u00edvel.<\/p>\n\n\n\n<p>&#8220;Coisa de jogo, acho que coisa de cl\u00e1ssico. Tanto como no Brasil x Argentina como nos cl\u00e1ssicos aqui do Rio, cl\u00e1ssico em qualquer lugar \u00e9 assim, \u00e9 um pouco mais quente. Ele falou coisas para mim, eu falei coisas para ele e s\u00e3o coisas que ficam dentro de campo. Acho que nada muito fora do que acontece em cl\u00e1ssico&#8221;, explicou Ortiz.<\/p>\n\n\n\n<blockquote class=\"twitter-tweet\" data-media-max-width=\"560\"><p lang=\"pt\" dir=\"ltr\">PEGOU FOGO! L\u00e9o Ortiz falou sobre a discuss\u00e3o com Enzo Fern\u00e1ndez na derrota do Brasil para a Argentina<a href=\"https:\/\/twitter.com\/hashtag\/FutebolNaESPN?src=hash&amp;ref_src=twsrc%5Etfw\">#FutebolNaESPN<\/a> <a href=\"https:\/\/t.co\/8OnM5f6vM1\">pic.twitter.com\/8OnM5f6vM1<\/a><\/p>&mdash; SportsCenter Brasil (@SportsCenterBR) <a href=\"https:\/\/twitter.com\/SportsCenterBR\/status\/1905417697497604148?ref_src=twsrc%5Etfw\">March 28, 2025<\/a><\/blockquote> <script async src=\"https:\/\/platform.twitter.com\/widgets.js\" charset=\"utf-8\"><\/script>\n\n\n\n<h2 class=\"wp-block-heading\" id=\"h-foco-total-no-flamengo\">Foco total no Flamengo<\/h2>\n\n\n\n<p>Agora, o defensor j\u00e1 direciona sua aten\u00e7\u00e3o para o Flamengo e os desafios que vir\u00e3o pela frente. Isso porque, ap\u00f3s a pausa para a Data Fifa, o clube carioca ter\u00e1 uma sequ\u00eancia intensa de jogos no Campeonato Brasileiro e na Libertadores.<\/p>\n\n\n\n<p>&#8220;\u00c9 virar a chave, virar a chave. O que a gente tinha para fazer l\u00e1, a gente fez, poderia ter feito muito melhor, mas agora j\u00e1 foi. A gente tem um grande ano pela frente vestindo a camisa do Flamengo, com grandes campeonatos&#8221;, afirmou.<\/p>\n\n\n\n<p>Vale destacar que o Flamengo retorna aos gramados no s\u00e1bado (29) contra o Internacional, iniciando uma verdadeira maratona de partidas at\u00e9 o fim da temporada.&nbsp;<\/p>\n\n\n\n<p>&#8220;Agora s\u00e1bado come\u00e7a e a\u00ed praticamente n\u00e3o tem mais parada at\u00e9 o final do ano, provavelmente. Eu espero, n\u00e9? Ent\u00e3o agora \u00e9 virar a chave, focar. Hoje j\u00e1 pude voltar a treinar junto com meus companheiros e poder j\u00e1 focar no foco principal agora, que \u00e9 o jogo contra o Inter&#8221;, concluiu.<\/p>\n\n\n\n<p>Sendo assim, Ortiz demonstra estar totalmente concentrado nos pr\u00f3ximos desafios do Flamengo. Com isso, a equipe rubro-negra conta com o defensor para manter a solidez defensiva e buscar os t\u00edtulos da temporada.<\/p>\n","protected":false},"excerpt":{"rendered":"<p>Os cl\u00e1ssicos sul-americanos sempre s\u00e3o recheados de tens\u00e3o, e o duelo entre Brasil e Argentina nas Eliminat\u00f3rias n\u00e3o foi diferente.&nbsp; L\u00e9o Ortiz, zagueiro do Flamengo, se envolveu em uma discuss\u00e3o com Enzo Fern\u00e1ndez durante a partida e explicou o ocorrido. Al\u00e9m disso, o defensor destacou a necessidade de virar a chave e focar nas competi\u00e7\u00f5es [&hellip;]<\/p>\n","protected":false},"author":25,"featured_media":130723,"comment_status":"open","ping_status":"closed","sticky":false,"template":"","format":"standard","meta":{"footnotes":""},"categories":[478,1],"tags":[],"class_list":["post-245886","post","type-post","status-publish","format-standard","has-post-thumbnail","hentry","category-brasil","category-flamengo"],"yoast_head":"<!-- This site is optimized with the Yoast SEO Premium plugin v24.2 (Yoast SEO v26.9) - https:\/\/yoast.com\/product\/yoast-seo-premium-wordpress\/ -->\n<title>V\u00eddeo: a declara\u00e7\u00e3o de L\u00e9o Ortiz, do Flamengo, direcionada a Enzo Fern\u00e1ndez, da Argentina<\/title>\n<meta name=\"robots\" content=\"index, follow, max-snippet:-1, max-image-preview:large, max-video-preview:-1\" \/>\n<link rel=\"canonical\" href=\"https:\/\/www.gaveanews.com\/index.php\/2025\/03\/28\/video-a-declaracao-de-leo-ortiz-do-flamengo-direcionada-a-enzo-fernandez-da-argentina\/\" \/>\n<meta property=\"og:locale\" content=\"pt_BR\" \/>\n<meta property=\"og:type\" content=\"article\" \/>\n<meta property=\"og:title\" content=\"V\u00eddeo: a declara\u00e7\u00e3o de L\u00e9o Ortiz, do Flamengo, direcionada a Enzo Fern\u00e1ndez, da Argentina\" \/>\n<meta property=\"og:description\" content=\"Os cl\u00e1ssicos sul-americanos sempre s\u00e3o recheados de tens\u00e3o, e o duelo entre Brasil e Argentina nas Eliminat\u00f3rias n\u00e3o foi diferente.&nbsp; L\u00e9o Ortiz, zagueiro do Flamengo, se envolveu em uma discuss\u00e3o com Enzo Fern\u00e1ndez durante a partida e explicou o ocorrido. Al\u00e9m disso, o defensor destacou a necessidade de virar a chave e focar nas competi\u00e7\u00f5es [&hellip;]\" \/>\n<meta property=\"og:url\" content=\"https:\/\/www.gaveanews.com\/index.php\/2025\/03\/28\/video-a-declaracao-de-leo-ortiz-do-flamengo-direcionada-a-enzo-fernandez-da-argentina\/\" \/>\n<meta property=\"og:site_name\" content=\"G\u00e1vea News\" \/>\n<meta property=\"article:publisher\" content=\"https:\/\/facebook.com\/gaveaNews\/\" \/>\n<meta property=\"article:published_time\" content=\"2025-03-28T12:55:00+00:00\" \/>\n<meta property=\"article:modified_time\" content=\"2025-03-28T12:55:56+00:00\" \/>\n<meta property=\"og:image\" content=\"http:\/\/www.gaveanews.com\/wp-content\/uploads\/Leo-Ortiz-em-coletiva-de-apresentacao-no-Flamengo.webp\" \/>\n\t<meta property=\"og:image:width\" content=\"1480\" \/>\n\t<meta property=\"og:image:height\" content=\"929\" \/>\n\t<meta property=\"og:image:type\" content=\"image\/png\" \/>\n<meta name=\"author\" content=\"Rafaela Ladeira\" \/>\n<meta name=\"twitter:card\" content=\"summary_large_image\" \/>\n<meta name=\"twitter:label1\" content=\"Escrito por\" \/>\n\t<meta name=\"twitter:data1\" content=\"Rafaela Ladeira\" \/>\n\t<meta name=\"twitter:label2\" content=\"Est. tempo de leitura\" \/>\n\t<meta name=\"twitter:data2\" content=\"3 minutos\" \/>\n<script type=\"application\/ld+json\" class=\"yoast-schema-graph\">{\"@context\":\"https:\/\/schema.org\",\"@graph\":[{\"@type\":\"NewsArticle\",\"@id\":\"https:\/\/www.gaveanews.com\/index.php\/2025\/03\/28\/video-a-declaracao-de-leo-ortiz-do-flamengo-direcionada-a-enzo-fernandez-da-argentina\/#article\",\"isPartOf\":{\"@id\":\"https:\/\/www.gaveanews.com\/index.php\/2025\/03\/28\/video-a-declaracao-de-leo-ortiz-do-flamengo-direcionada-a-enzo-fernandez-da-argentina\/\"},\"author\":{\"name\":\"Rafaela Ladeira\",\"@id\":\"https:\/\/www.gaveanews.com\/#\/schema\/person\/0eb3e3fe1754f0205218538adbe8f5ed\"},\"headline\":\"V\u00eddeo: a declara\u00e7\u00e3o de L\u00e9o Ortiz, do Flamengo, direcionada a Enzo Fern\u00e1ndez, da Argentina\",\"datePublished\":\"2025-03-28T12:55:00+00:00\",\"dateModified\":\"2025-03-28T12:55:56+00:00\",\"mainEntityOfPage\":{\"@id\":\"https:\/\/www.gaveanews.com\/index.php\/2025\/03\/28\/video-a-declaracao-de-leo-ortiz-do-flamengo-direcionada-a-enzo-fernandez-da-argentina\/\"},\"wordCount\":443,\"commentCount\":0,\"image\":{\"@id\":\"https:\/\/www.gaveanews.com\/index.php\/2025\/03\/28\/video-a-declaracao-de-leo-ortiz-do-flamengo-direcionada-a-enzo-fernandez-da-argentina\/#primaryimage\"},\"thumbnailUrl\":\"https:\/\/www.gaveanews.com\/wp-content\/uploads\/Leo-Ortiz-em-coletiva-de-apresentacao-no-Flamengo.webp\",\"articleSection\":[\"Brasil\",\"Flamengo\"],\"inLanguage\":\"pt-BR\",\"potentialAction\":[{\"@type\":\"CommentAction\",\"name\":\"Comment\",\"target\":[\"https:\/\/www.gaveanews.com\/index.php\/2025\/03\/28\/video-a-declaracao-de-leo-ortiz-do-flamengo-direcionada-a-enzo-fernandez-da-argentina\/#respond\"]}],\"copyrightYear\":\"2025\",\"copyrightHolder\":{\"@id\":\"https:\/\/www.gaveanews.com\/#organization\"}},{\"@type\":\"WebPage\",\"@id\":\"https:\/\/www.gaveanews.com\/index.php\/2025\/03\/28\/video-a-declaracao-de-leo-ortiz-do-flamengo-direcionada-a-enzo-fernandez-da-argentina\/\",\"url\":\"https:\/\/www.gaveanews.com\/index.php\/2025\/03\/28\/video-a-declaracao-de-leo-ortiz-do-flamengo-direcionada-a-enzo-fernandez-da-argentina\/\",\"name\":\"V\u00eddeo: a declara\u00e7\u00e3o de L\u00e9o Ortiz, do Flamengo, direcionada a Enzo Fern\u00e1ndez, da Argentina\",\"isPartOf\":{\"@id\":\"https:\/\/www.gaveanews.com\/#website\"},\"primaryImageOfPage\":{\"@id\":\"https:\/\/www.gaveanews.com\/index.php\/2025\/03\/28\/video-a-declaracao-de-leo-ortiz-do-flamengo-direcionada-a-enzo-fernandez-da-argentina\/#primaryimage\"},\"image\":{\"@id\":\"https:\/\/www.gaveanews.com\/index.php\/2025\/03\/28\/video-a-declaracao-de-leo-ortiz-do-flamengo-direcionada-a-enzo-fernandez-da-argentina\/#primaryimage\"},\"thumbnailUrl\":\"https:\/\/www.gaveanews.com\/wp-content\/uploads\/Leo-Ortiz-em-coletiva-de-apresentacao-no-Flamengo.webp\",\"datePublished\":\"2025-03-28T12:55:00+00:00\",\"dateModified\":\"2025-03-28T12:55:56+00:00\",\"author\":{\"@id\":\"https:\/\/www.gaveanews.com\/#\/schema\/person\/0eb3e3fe1754f0205218538adbe8f5ed\"},\"breadcrumb\":{\"@id\":\"https:\/\/www.gaveanews.com\/index.php\/2025\/03\/28\/video-a-declaracao-de-leo-ortiz-do-flamengo-direcionada-a-enzo-fernandez-da-argentina\/#breadcrumb\"},\"inLanguage\":\"pt-BR\",\"potentialAction\":[{\"@type\":\"ReadAction\",\"target\":[\"https:\/\/www.gaveanews.com\/index.php\/2025\/03\/28\/video-a-declaracao-de-leo-ortiz-do-flamengo-direcionada-a-enzo-fernandez-da-argentina\/\"]}]},{\"@type\":\"ImageObject\",\"inLanguage\":\"pt-BR\",\"@id\":\"https:\/\/www.gaveanews.com\/index.php\/2025\/03\/28\/video-a-declaracao-de-leo-ortiz-do-flamengo-direcionada-a-enzo-fernandez-da-argentina\/#primaryimage\",\"url\":\"https:\/\/www.gaveanews.com\/wp-content\/uploads\/Leo-Ortiz-em-coletiva-de-apresentacao-no-Flamengo.webp\",\"contentUrl\":\"https:\/\/www.gaveanews.com\/wp-content\/uploads\/Leo-Ortiz-em-coletiva-de-apresentacao-no-Flamengo.webp\",\"width\":1480,\"height\":929,\"caption\":\"Leo Ortiz em coletiva de apresenta\u00e7\u00e3o no Flamengo - Foto: reprodu\u00e7\u00e3o FlaTV\"},{\"@type\":\"BreadcrumbList\",\"@id\":\"https:\/\/www.gaveanews.com\/index.php\/2025\/03\/28\/video-a-declaracao-de-leo-ortiz-do-flamengo-direcionada-a-enzo-fernandez-da-argentina\/#breadcrumb\",\"itemListElement\":[{\"@type\":\"ListItem\",\"position\":1,\"name\":\"Home\",\"item\":\"https:\/\/www.gaveanews.com\/\"},{\"@type\":\"ListItem\",\"position\":2,\"name\":\"V\u00eddeo: a declara\u00e7\u00e3o de L\u00e9o Ortiz, do Flamengo, direcionada a Enzo Fern\u00e1ndez, da Argentina\"}]},{\"@type\":\"WebSite\",\"@id\":\"https:\/\/www.gaveanews.com\/#website\",\"url\":\"https:\/\/www.gaveanews.com\/\",\"name\":\"G\u00e1vea News\",\"description\":\"Veja todas as not\u00edcias sobre o Flamengo: Contrata\u00e7\u00f5es, categorias de base, resultados das partidas, tabela de classifica\u00e7\u00e3o, pr\u00f3ximos jogos!\",\"potentialAction\":[{\"@type\":\"SearchAction\",\"target\":{\"@type\":\"EntryPoint\",\"urlTemplate\":\"https:\/\/www.gaveanews.com\/?s={search_term_string}\"},\"query-input\":{\"@type\":\"PropertyValueSpecification\",\"valueRequired\":true,\"valueName\":\"search_term_string\"}}],\"inLanguage\":\"pt-BR\"},{\"@type\":\"Person\",\"@id\":\"https:\/\/www.gaveanews.com\/#\/schema\/person\/0eb3e3fe1754f0205218538adbe8f5ed\",\"name\":\"Rafaela Ladeira\",\"image\":{\"@type\":\"ImageObject\",\"inLanguage\":\"pt-BR\",\"@id\":\"https:\/\/www.gaveanews.com\/#\/schema\/person\/image\/\",\"url\":\"https:\/\/secure.gravatar.com\/avatar\/c31f513acffd85eacab5730cbdfdbbf59f21ba5aeada8cd890acea879fbb2455?s=96&d=mm&r=g\",\"contentUrl\":\"https:\/\/secure.gravatar.com\/avatar\/c31f513acffd85eacab5730cbdfdbbf59f21ba5aeada8cd890acea879fbb2455?s=96&d=mm&r=g\",\"caption\":\"Rafaela Ladeira\"}}]}<\/script>\n<!-- \/ Yoast SEO Premium plugin. -->","yoast_head_json":{"title":"V\u00eddeo: a declara\u00e7\u00e3o de L\u00e9o Ortiz, do Flamengo, direcionada a Enzo Fern\u00e1ndez, da Argentina","robots":{"index":"index","follow":"follow","max-snippet":"max-snippet:-1","max-image-preview":"max-image-preview:large","max-video-preview":"max-video-preview:-1"},"canonical":"https:\/\/www.gaveanews.com\/index.php\/2025\/03\/28\/video-a-declaracao-de-leo-ortiz-do-flamengo-direcionada-a-enzo-fernandez-da-argentina\/","og_locale":"pt_BR","og_type":"article","og_title":"V\u00eddeo: a declara\u00e7\u00e3o de L\u00e9o Ortiz, do Flamengo, direcionada a Enzo Fern\u00e1ndez, da Argentina","og_description":"Os cl\u00e1ssicos sul-americanos sempre s\u00e3o recheados de tens\u00e3o, e o duelo entre Brasil e Argentina nas Eliminat\u00f3rias n\u00e3o foi diferente.&nbsp; L\u00e9o Ortiz, zagueiro do Flamengo, se envolveu em uma discuss\u00e3o com Enzo Fern\u00e1ndez durante a partida e explicou o ocorrido. Al\u00e9m disso, o defensor destacou a necessidade de virar a chave e focar nas competi\u00e7\u00f5es [&hellip;]","og_url":"https:\/\/www.gaveanews.com\/index.php\/2025\/03\/28\/video-a-declaracao-de-leo-ortiz-do-flamengo-direcionada-a-enzo-fernandez-da-argentina\/","og_site_name":"G\u00e1vea News","article_publisher":"https:\/\/facebook.com\/gaveaNews\/","article_published_time":"2025-03-28T12:55:00+00:00","article_modified_time":"2025-03-28T12:55:56+00:00","og_image":[{"width":1480,"height":929,"url":"http:\/\/www.gaveanews.com\/wp-content\/uploads\/Leo-Ortiz-em-coletiva-de-apresentacao-no-Flamengo.webp","type":"image\/png"}],"author":"Rafaela Ladeira","twitter_card":"summary_large_image","twitter_misc":{"Escrito por":"Rafaela Ladeira","Est. tempo de leitura":"3 minutos"},"schema":{"@context":"https:\/\/schema.org","@graph":[{"@type":"NewsArticle","@id":"https:\/\/www.gaveanews.com\/index.php\/2025\/03\/28\/video-a-declaracao-de-leo-ortiz-do-flamengo-direcionada-a-enzo-fernandez-da-argentina\/#article","isPartOf":{"@id":"https:\/\/www.gaveanews.com\/index.php\/2025\/03\/28\/video-a-declaracao-de-leo-ortiz-do-flamengo-direcionada-a-enzo-fernandez-da-argentina\/"},"author":{"name":"Rafaela Ladeira","@id":"https:\/\/www.gaveanews.com\/#\/schema\/person\/0eb3e3fe1754f0205218538adbe8f5ed"},"headline":"V\u00eddeo: a declara\u00e7\u00e3o de L\u00e9o Ortiz, do Flamengo, direcionada a Enzo Fern\u00e1ndez, da Argentina","datePublished":"2025-03-28T12:55:00+00:00","dateModified":"2025-03-28T12:55:56+00:00","mainEntityOfPage":{"@id":"https:\/\/www.gaveanews.com\/index.php\/2025\/03\/28\/video-a-declaracao-de-leo-ortiz-do-flamengo-direcionada-a-enzo-fernandez-da-argentina\/"},"wordCount":443,"commentCount":0,"image":{"@id":"https:\/\/www.gaveanews.com\/index.php\/2025\/03\/28\/video-a-declaracao-de-leo-ortiz-do-flamengo-direcionada-a-enzo-fernandez-da-argentina\/#primaryimage"},"thumbnailUrl":"https:\/\/www.gaveanews.com\/wp-content\/uploads\/Leo-Ortiz-em-coletiva-de-apresentacao-no-Flamengo.webp","articleSection":["Brasil","Flamengo"],"inLanguage":"pt-BR","potentialAction":[{"@type":"CommentAction","name":"Comment","target":["https:\/\/www.gaveanews.com\/index.php\/2025\/03\/28\/video-a-declaracao-de-leo-ortiz-do-flamengo-direcionada-a-enzo-fernandez-da-argentina\/#respond"]}],"copyrightYear":"2025","copyrightHolder":{"@id":"https:\/\/www.gaveanews.com\/#organization"}},{"@type":"WebPage","@id":"https:\/\/www.gaveanews.com\/index.php\/2025\/03\/28\/video-a-declaracao-de-leo-ortiz-do-flamengo-direcionada-a-enzo-fernandez-da-argentina\/","url":"https:\/\/www.gaveanews.com\/index.php\/2025\/03\/28\/video-a-declaracao-de-leo-ortiz-do-flamengo-direcionada-a-enzo-fernandez-da-argentina\/","name":"V\u00eddeo: a declara\u00e7\u00e3o de L\u00e9o Ortiz, do Flamengo, direcionada a Enzo Fern\u00e1ndez, da Argentina","isPartOf":{"@id":"https:\/\/www.gaveanews.com\/#website"},"primaryImageOfPage":{"@id":"https:\/\/www.gaveanews.com\/index.php\/2025\/03\/28\/video-a-declaracao-de-leo-ortiz-do-flamengo-direcionada-a-enzo-fernandez-da-argentina\/#primaryimage"},"image":{"@id":"https:\/\/www.gaveanews.com\/index.php\/2025\/03\/28\/video-a-declaracao-de-leo-ortiz-do-flamengo-direcionada-a-enzo-fernandez-da-argentina\/#primaryimage"},"thumbnailUrl":"https:\/\/www.gaveanews.com\/wp-content\/uploads\/Leo-Ortiz-em-coletiva-de-apresentacao-no-Flamengo.webp","datePublished":"2025-03-28T12:55:00+00:00","dateModified":"2025-03-28T12:55:56+00:00","author":{"@id":"https:\/\/www.gaveanews.com\/#\/schema\/person\/0eb3e3fe1754f0205218538adbe8f5ed"},"breadcrumb":{"@id":"https:\/\/www.gaveanews.com\/index.php\/2025\/03\/28\/video-a-declaracao-de-leo-ortiz-do-flamengo-direcionada-a-enzo-fernandez-da-argentina\/#breadcrumb"},"inLanguage":"pt-BR","potentialAction":[{"@type":"ReadAction","target":["https:\/\/www.gaveanews.com\/index.php\/2025\/03\/28\/video-a-declaracao-de-leo-ortiz-do-flamengo-direcionada-a-enzo-fernandez-da-argentina\/"]}]},{"@type":"ImageObject","inLanguage":"pt-BR","@id":"https:\/\/www.gaveanews.com\/index.php\/2025\/03\/28\/video-a-declaracao-de-leo-ortiz-do-flamengo-direcionada-a-enzo-fernandez-da-argentina\/#primaryimage","url":"https:\/\/www.gaveanews.com\/wp-content\/uploads\/Leo-Ortiz-em-coletiva-de-apresentacao-no-Flamengo.webp","contentUrl":"https:\/\/www.gaveanews.com\/wp-content\/uploads\/Leo-Ortiz-em-coletiva-de-apresentacao-no-Flamengo.webp","width":1480,"height":929,"caption":"Leo Ortiz em coletiva de apresenta\u00e7\u00e3o no Flamengo - Foto: reprodu\u00e7\u00e3o FlaTV"},{"@type":"BreadcrumbList","@id":"https:\/\/www.gaveanews.com\/index.php\/2025\/03\/28\/video-a-declaracao-de-leo-ortiz-do-flamengo-direcionada-a-enzo-fernandez-da-argentina\/#breadcrumb","itemListElement":[{"@type":"ListItem","position":1,"name":"Home","item":"https:\/\/www.gaveanews.com\/"},{"@type":"ListItem","position":2,"name":"V\u00eddeo: a declara\u00e7\u00e3o de L\u00e9o Ortiz, do Flamengo, direcionada a Enzo Fern\u00e1ndez, da Argentina"}]},{"@type":"WebSite","@id":"https:\/\/www.gaveanews.com\/#website","url":"https:\/\/www.gaveanews.com\/","name":"G\u00e1vea News","description":"Veja todas as not\u00edcias sobre o Flamengo: Contrata\u00e7\u00f5es, categorias de base, resultados das partidas, tabela de classifica\u00e7\u00e3o, pr\u00f3ximos jogos!","potentialAction":[{"@type":"SearchAction","target":{"@type":"EntryPoint","urlTemplate":"https:\/\/www.gaveanews.com\/?s={search_term_string}"},"query-input":{"@type":"PropertyValueSpecification","valueRequired":true,"valueName":"search_term_string"}}],"inLanguage":"pt-BR"},{"@type":"Person","@id":"https:\/\/www.gaveanews.com\/#\/schema\/person\/0eb3e3fe1754f0205218538adbe8f5ed","name":"Rafaela Ladeira","image":{"@type":"ImageObject","inLanguage":"pt-BR","@id":"https:\/\/www.gaveanews.com\/#\/schema\/person\/image\/","url":"https:\/\/secure.gravatar.com\/avatar\/c31f513acffd85eacab5730cbdfdbbf59f21ba5aeada8cd890acea879fbb2455?s=96&d=mm&r=g","contentUrl":"https:\/\/secure.gravatar.com\/avatar\/c31f513acffd85eacab5730cbdfdbbf59f21ba5aeada8cd890acea879fbb2455?s=96&d=mm&r=g","caption":"Rafaela Ladeira"}}]}},"_links":{"self":[{"href":"https:\/\/www.gaveanews.com\/index.php\/wp-json\/wp\/v2\/posts\/245886","targetHints":{"allow":["GET"]}}],"collection":[{"href":"https:\/\/www.gaveanews.com\/index.php\/wp-json\/wp\/v2\/posts"}],"about":[{"href":"https:\/\/www.gaveanews.com\/index.php\/wp-json\/wp\/v2\/types\/post"}],"author":[{"embeddable":true,"href":"https:\/\/www.gaveanews.com\/index.php\/wp-json\/wp\/v2\/users\/25"}],"replies":[{"embeddable":true,"href":"https:\/\/www.gaveanews.com\/index.php\/wp-json\/wp\/v2\/comments?post=245886"}],"version-history":[{"count":1,"href":"https:\/\/www.gaveanews.com\/index.php\/wp-json\/wp\/v2\/posts\/245886\/revisions"}],"predecessor-version":[{"id":245887,"href":"https:\/\/www.gaveanews.com\/index.php\/wp-json\/wp\/v2\/posts\/245886\/revisions\/245887"}],"wp:featuredmedia":[{"embeddable":true,"href":"https:\/\/www.gaveanews.com\/index.php\/wp-json\/wp\/v2\/media\/130723"}],"wp:attachment":[{"href":"https:\/\/www.gaveanews.com\/index.php\/wp-json\/wp\/v2\/media?parent=245886"}],"wp:term":[{"taxonomy":"category","embeddable":true,"href":"https:\/\/www.gaveanews.com\/index.php\/wp-json\/wp\/v2\/categories?post=245886"},{"taxonomy":"post_tag","embeddable":true,"href":"https:\/\/www.gaveanews.com\/index.php\/wp-json\/wp\/v2\/tags?post=245886"}],"curies":[{"name":"wp","href":"https:\/\/api.w.org\/{rel}","templated":true}]}}