{"id":245889,"date":"2025-03-28T10:15:00","date_gmt":"2025-03-28T13:15:00","guid":{"rendered":"https:\/\/www.gaveanews.com\/?p=245889"},"modified":"2025-03-28T10:10:02","modified_gmt":"2025-03-28T13:10:02","slug":"video-filipe-luis-e-sincero-ao-falar-sobre-elenco-do-flamengo","status":"publish","type":"post","link":"https:\/\/www.gaveanews.com\/index.php\/2025\/03\/28\/video-filipe-luis-e-sincero-ao-falar-sobre-elenco-do-flamengo\/","title":{"rendered":"V\u00eddeo: Filipe Lu\u00eds \u00e9 sincero ao falar sobre elenco do Flamengo"},"content":{"rendered":"\n<p>Filipe Lu\u00eds, eleito melhor t\u00e9cnico do Campeonato Carioca, n\u00e3o escondeu sua satisfa\u00e7\u00e3o ao conquistar o primeiro t\u00edtulo como treinador. Durante a festa de encerramento promovida pela Federa\u00e7\u00e3o Estadual de Futebol do Rio de Janeiro (FERJ), o treinador do Flamengo fez um emocionante discurso e, al\u00e9m de agradecer, deixou claro que seu objetivo \u00e9 continuar conquistando t\u00edtulos.<\/p>\n\n\n\n<h2 class=\"wp-block-heading\" id=\"h-reconhecimento-e-gratidao\">Reconhecimento e Gratid\u00e3o<\/h2>\n\n\n\n<blockquote class=\"twitter-tweet\" data-media-max-width=\"560\"><p lang=\"pt\" dir=\"ltr\">Filipe Lu\u00eds se declara para a esposa ap\u00f3s receber seu primeiro pr\u00eamio como treinador, agradece ao elenco do Flamengo e diz: &#39;Eu quero mais&#39;.<br><br>\ud83c\udfa5 <a href=\"https:\/\/twitter.com\/lancenet?ref_src=twsrc%5Etfw\">@lancenet<\/a> | <a href=\"https:\/\/twitter.com\/lucas_bayer_?ref_src=twsrc%5Etfw\">@lucas_bayer_<\/a> <a href=\"https:\/\/t.co\/m37NrEgSAS\">pic.twitter.com\/m37NrEgSAS<\/a><\/p>&mdash; Planeta do Futebol \ud83c\udf0e (@futebol_info) <a href=\"https:\/\/twitter.com\/futebol_info\/status\/1905430173572333938?ref_src=twsrc%5Etfw\">March 28, 2025<\/a><\/blockquote> <script async src=\"https:\/\/platform.twitter.com\/widgets.js\" charset=\"utf-8\"><\/script>\n\n\n\n<p>&#8220;Primeiro pr\u00eamio como treinador. Muito feliz. Uma honra estar aqui. Primeiramente, gostaria de agradecer \u00e0 minha esposa Patr\u00edcia. Se hoje estou vivendo esse sonho \u00e9 porque voc\u00ea me apoia incondicionalmente. Te amo&#8221;, disse Filipe Lu\u00eds, com vis\u00edvel emo\u00e7\u00e3o, durante a cerim\u00f4nia. Essas palavras refletem n\u00e3o apenas sua gratid\u00e3o, mas tamb\u00e9m a parceria fundamental em sua trajet\u00f3ria.<\/p>\n\n\n\n<h2 class=\"wp-block-heading\" id=\"h-o-recado-para-o-elenco-quero-mais\">O Recado para o Elenco: &#8220;Quero Mais&#8221;<\/h2>\n\n\n\n<p>Sendo assim, o treinador tamb\u00e9m fez quest\u00e3o de reconhecer o trabalho de seus jogadores. &#8220;Depois, gostaria de agradecer aos meus jogadores. S\u00e3o muito bons. Sendo t\u00e3o bons, jogando t\u00e3o bem, eles me fazem ser melhor treinador. Parece que sou um treinador melhor do que sou porque eles s\u00e3o especiais&#8221;, afirmou Filipe Lu\u00eds, destacando a import\u00e2ncia do elenco para o sucesso da equipe.<\/p>\n\n\n\n<p>Vale destacar que o treinador mostrou todo o seu car\u00e1ter vencedor ao afirmar: &#8220;Tenho muito orgulho de liderar voc\u00eas, ser campe\u00e3o como jogador e treinador. E voc\u00eas me conhecem: eu quero mais&#8221;. Esse desejo de alcan\u00e7ar novos t\u00edtulos e seguir conquistando \u00e9 algo que tem sido fundamental na mentalidade do Flamengo, que est\u00e1 sempre em busca da excel\u00eancia.<\/p>\n\n\n\n<h2 class=\"wp-block-heading\" id=\"h-destaques-do-flamengo-no-campeonato-carioca\">Destaques do Flamengo no Campeonato Carioca<\/h2>\n\n\n\n<p>Al\u00e9m de Filipe Lu\u00eds, outros jogadores do Flamengo tamb\u00e9m foram reconhecidos no Campeonato Carioca. Rossi, Wesley, L\u00e9o Ortiz, L\u00e9o Pereira, Erick Pulgar, Gerson e Bruno Henrique foram eleitos os melhores de suas respectivas posi\u00e7\u00f5es. Com isso, o Flamengo dominou a sele\u00e7\u00e3o do campeonato, mostrando o grande momento vivido pela equipe.<\/p>\n\n\n\n<p>Por isso, a expectativa para os pr\u00f3ximos desafios do Flamengo \u00e9 alt\u00edssima. Filipe Lu\u00eds est\u00e1 focado em continuar conquistando t\u00edtulos com o time, e sua ambi\u00e7\u00e3o \u00e9 uma das principais for\u00e7as que movem o clube. Desse jeito, o Flamengo promete seguir firme na busca por mais gl\u00f3rias no futebol brasileiro e internacional.<\/p>\n","protected":false},"excerpt":{"rendered":"<p>Filipe Lu\u00eds, eleito melhor t\u00e9cnico do Campeonato Carioca, n\u00e3o escondeu sua satisfa\u00e7\u00e3o ao conquistar o primeiro t\u00edtulo como treinador. Durante a festa de encerramento promovida pela Federa\u00e7\u00e3o Estadual de Futebol do Rio de Janeiro (FERJ), o treinador do Flamengo fez um emocionante discurso e, al\u00e9m de agradecer, deixou claro que seu objetivo \u00e9 continuar conquistando [&hellip;]<\/p>\n","protected":false},"author":24,"featured_media":171213,"comment_status":"open","ping_status":"closed","sticky":false,"template":"","format":"standard","meta":{"footnotes":""},"categories":[1],"tags":[],"class_list":["post-245889","post","type-post","status-publish","format-standard","has-post-thumbnail","hentry","category-flamengo"],"yoast_head":"<!-- This site is optimized with the Yoast SEO Premium plugin v24.2 (Yoast SEO v26.9) - https:\/\/yoast.com\/product\/yoast-seo-premium-wordpress\/ -->\n<title>V\u00eddeo: Filipe Lu\u00eds \u00e9 sincero ao falar sobre elenco do Flamengo<\/title>\n<meta name=\"robots\" content=\"index, follow, max-snippet:-1, max-image-preview:large, max-video-preview:-1\" \/>\n<link rel=\"canonical\" href=\"https:\/\/www.gaveanews.com\/index.php\/2025\/03\/28\/video-filipe-luis-e-sincero-ao-falar-sobre-elenco-do-flamengo\/\" \/>\n<meta property=\"og:locale\" content=\"pt_BR\" \/>\n<meta property=\"og:type\" content=\"article\" \/>\n<meta property=\"og:title\" content=\"V\u00eddeo: Filipe Lu\u00eds \u00e9 sincero ao falar sobre elenco do Flamengo\" \/>\n<meta property=\"og:description\" content=\"Filipe Lu\u00eds, eleito melhor t\u00e9cnico do Campeonato Carioca, n\u00e3o escondeu sua satisfa\u00e7\u00e3o ao conquistar o primeiro t\u00edtulo como treinador. Durante a festa de encerramento promovida pela Federa\u00e7\u00e3o Estadual de Futebol do Rio de Janeiro (FERJ), o treinador do Flamengo fez um emocionante discurso e, al\u00e9m de agradecer, deixou claro que seu objetivo \u00e9 continuar conquistando [&hellip;]\" \/>\n<meta property=\"og:url\" content=\"https:\/\/www.gaveanews.com\/index.php\/2025\/03\/28\/video-filipe-luis-e-sincero-ao-falar-sobre-elenco-do-flamengo\/\" \/>\n<meta property=\"og:site_name\" content=\"G\u00e1vea News\" \/>\n<meta property=\"article:publisher\" content=\"https:\/\/facebook.com\/gaveaNews\/\" \/>\n<meta property=\"article:published_time\" content=\"2025-03-28T13:15:00+00:00\" \/>\n<meta property=\"og:image\" content=\"https:\/\/www.gaveanews.com\/wp-content\/uploads\/Filipe-Luis-como-tecnico-do-Flamengo-em-2024.webp\" \/>\n\t<meta property=\"og:image:width\" content=\"1065\" \/>\n\t<meta property=\"og:image:height\" content=\"710\" \/>\n\t<meta property=\"og:image:type\" content=\"image\/webp\" \/>\n<meta name=\"author\" content=\"Leandro Cardoso\" \/>\n<meta name=\"twitter:card\" content=\"summary_large_image\" \/>\n<meta name=\"twitter:label1\" content=\"Escrito por\" \/>\n\t<meta name=\"twitter:data1\" content=\"Leandro Cardoso\" \/>\n\t<meta name=\"twitter:label2\" content=\"Est. tempo de leitura\" \/>\n\t<meta name=\"twitter:data2\" content=\"3 minutos\" \/>\n<script type=\"application\/ld+json\" class=\"yoast-schema-graph\">{\"@context\":\"https:\/\/schema.org\",\"@graph\":[{\"@type\":\"NewsArticle\",\"@id\":\"https:\/\/www.gaveanews.com\/index.php\/2025\/03\/28\/video-filipe-luis-e-sincero-ao-falar-sobre-elenco-do-flamengo\/#article\",\"isPartOf\":{\"@id\":\"https:\/\/www.gaveanews.com\/index.php\/2025\/03\/28\/video-filipe-luis-e-sincero-ao-falar-sobre-elenco-do-flamengo\/\"},\"author\":{\"name\":\"Leandro Cardoso\",\"@id\":\"https:\/\/www.gaveanews.com\/#\/schema\/person\/2424ec6409bc3f068411fc5e4e9b6168\"},\"headline\":\"V\u00eddeo: Filipe Lu\u00eds \u00e9 sincero ao falar sobre elenco do Flamengo\",\"datePublished\":\"2025-03-28T13:15:00+00:00\",\"mainEntityOfPage\":{\"@id\":\"https:\/\/www.gaveanews.com\/index.php\/2025\/03\/28\/video-filipe-luis-e-sincero-ao-falar-sobre-elenco-do-flamengo\/\"},\"wordCount\":446,\"commentCount\":0,\"image\":{\"@id\":\"https:\/\/www.gaveanews.com\/index.php\/2025\/03\/28\/video-filipe-luis-e-sincero-ao-falar-sobre-elenco-do-flamengo\/#primaryimage\"},\"thumbnailUrl\":\"https:\/\/www.gaveanews.com\/wp-content\/uploads\/Filipe-Luis-como-tecnico-do-Flamengo-em-2024.webp\",\"articleSection\":[\"Flamengo\"],\"inLanguage\":\"pt-BR\",\"potentialAction\":[{\"@type\":\"CommentAction\",\"name\":\"Comment\",\"target\":[\"https:\/\/www.gaveanews.com\/index.php\/2025\/03\/28\/video-filipe-luis-e-sincero-ao-falar-sobre-elenco-do-flamengo\/#respond\"]}],\"copyrightYear\":\"2025\",\"copyrightHolder\":{\"@id\":\"https:\/\/www.gaveanews.com\/#organization\"}},{\"@type\":\"WebPage\",\"@id\":\"https:\/\/www.gaveanews.com\/index.php\/2025\/03\/28\/video-filipe-luis-e-sincero-ao-falar-sobre-elenco-do-flamengo\/\",\"url\":\"https:\/\/www.gaveanews.com\/index.php\/2025\/03\/28\/video-filipe-luis-e-sincero-ao-falar-sobre-elenco-do-flamengo\/\",\"name\":\"V\u00eddeo: Filipe Lu\u00eds \u00e9 sincero ao falar sobre elenco do Flamengo\",\"isPartOf\":{\"@id\":\"https:\/\/www.gaveanews.com\/#website\"},\"primaryImageOfPage\":{\"@id\":\"https:\/\/www.gaveanews.com\/index.php\/2025\/03\/28\/video-filipe-luis-e-sincero-ao-falar-sobre-elenco-do-flamengo\/#primaryimage\"},\"image\":{\"@id\":\"https:\/\/www.gaveanews.com\/index.php\/2025\/03\/28\/video-filipe-luis-e-sincero-ao-falar-sobre-elenco-do-flamengo\/#primaryimage\"},\"thumbnailUrl\":\"https:\/\/www.gaveanews.com\/wp-content\/uploads\/Filipe-Luis-como-tecnico-do-Flamengo-em-2024.webp\",\"datePublished\":\"2025-03-28T13:15:00+00:00\",\"author\":{\"@id\":\"https:\/\/www.gaveanews.com\/#\/schema\/person\/2424ec6409bc3f068411fc5e4e9b6168\"},\"breadcrumb\":{\"@id\":\"https:\/\/www.gaveanews.com\/index.php\/2025\/03\/28\/video-filipe-luis-e-sincero-ao-falar-sobre-elenco-do-flamengo\/#breadcrumb\"},\"inLanguage\":\"pt-BR\",\"potentialAction\":[{\"@type\":\"ReadAction\",\"target\":[\"https:\/\/www.gaveanews.com\/index.php\/2025\/03\/28\/video-filipe-luis-e-sincero-ao-falar-sobre-elenco-do-flamengo\/\"]}]},{\"@type\":\"ImageObject\",\"inLanguage\":\"pt-BR\",\"@id\":\"https:\/\/www.gaveanews.com\/index.php\/2025\/03\/28\/video-filipe-luis-e-sincero-ao-falar-sobre-elenco-do-flamengo\/#primaryimage\",\"url\":\"https:\/\/www.gaveanews.com\/wp-content\/uploads\/Filipe-Luis-como-tecnico-do-Flamengo-em-2024.webp\",\"contentUrl\":\"https:\/\/www.gaveanews.com\/wp-content\/uploads\/Filipe-Luis-como-tecnico-do-Flamengo-em-2024.webp\",\"width\":1065,\"height\":710,\"caption\":\"Filipe Lu\u00eds como t\u00e9cnico do Flamengo em (Foto: Gilvan de Souza e Marcelo Cortes \/ CRF)\"},{\"@type\":\"BreadcrumbList\",\"@id\":\"https:\/\/www.gaveanews.com\/index.php\/2025\/03\/28\/video-filipe-luis-e-sincero-ao-falar-sobre-elenco-do-flamengo\/#breadcrumb\",\"itemListElement\":[{\"@type\":\"ListItem\",\"position\":1,\"name\":\"Home\",\"item\":\"https:\/\/www.gaveanews.com\/\"},{\"@type\":\"ListItem\",\"position\":2,\"name\":\"V\u00eddeo: Filipe Lu\u00eds \u00e9 sincero ao falar sobre elenco do Flamengo\"}]},{\"@type\":\"WebSite\",\"@id\":\"https:\/\/www.gaveanews.com\/#website\",\"url\":\"https:\/\/www.gaveanews.com\/\",\"name\":\"G\u00e1vea News\",\"description\":\"Veja todas as not\u00edcias sobre o Flamengo: Contrata\u00e7\u00f5es, categorias de base, resultados das partidas, tabela de classifica\u00e7\u00e3o, pr\u00f3ximos jogos!\",\"potentialAction\":[{\"@type\":\"SearchAction\",\"target\":{\"@type\":\"EntryPoint\",\"urlTemplate\":\"https:\/\/www.gaveanews.com\/?s={search_term_string}\"},\"query-input\":{\"@type\":\"PropertyValueSpecification\",\"valueRequired\":true,\"valueName\":\"search_term_string\"}}],\"inLanguage\":\"pt-BR\"},{\"@type\":\"Person\",\"@id\":\"https:\/\/www.gaveanews.com\/#\/schema\/person\/2424ec6409bc3f068411fc5e4e9b6168\",\"name\":\"Leandro Cardoso\",\"image\":{\"@type\":\"ImageObject\",\"inLanguage\":\"pt-BR\",\"@id\":\"https:\/\/www.gaveanews.com\/#\/schema\/person\/image\/\",\"url\":\"https:\/\/secure.gravatar.com\/avatar\/8ca179f9b55eefe9f376f5493ef25475bfa59fbc28ce937f6076ce20e523098f?s=96&d=mm&r=g\",\"contentUrl\":\"https:\/\/secure.gravatar.com\/avatar\/8ca179f9b55eefe9f376f5493ef25475bfa59fbc28ce937f6076ce20e523098f?s=96&d=mm&r=g\",\"caption\":\"Leandro Cardoso\"}}]}<\/script>\n<!-- \/ Yoast SEO Premium plugin. -->","yoast_head_json":{"title":"V\u00eddeo: Filipe Lu\u00eds \u00e9 sincero ao falar sobre elenco do Flamengo","robots":{"index":"index","follow":"follow","max-snippet":"max-snippet:-1","max-image-preview":"max-image-preview:large","max-video-preview":"max-video-preview:-1"},"canonical":"https:\/\/www.gaveanews.com\/index.php\/2025\/03\/28\/video-filipe-luis-e-sincero-ao-falar-sobre-elenco-do-flamengo\/","og_locale":"pt_BR","og_type":"article","og_title":"V\u00eddeo: Filipe Lu\u00eds \u00e9 sincero ao falar sobre elenco do Flamengo","og_description":"Filipe Lu\u00eds, eleito melhor t\u00e9cnico do Campeonato Carioca, n\u00e3o escondeu sua satisfa\u00e7\u00e3o ao conquistar o primeiro t\u00edtulo como treinador. Durante a festa de encerramento promovida pela Federa\u00e7\u00e3o Estadual de Futebol do Rio de Janeiro (FERJ), o treinador do Flamengo fez um emocionante discurso e, al\u00e9m de agradecer, deixou claro que seu objetivo \u00e9 continuar conquistando [&hellip;]","og_url":"https:\/\/www.gaveanews.com\/index.php\/2025\/03\/28\/video-filipe-luis-e-sincero-ao-falar-sobre-elenco-do-flamengo\/","og_site_name":"G\u00e1vea News","article_publisher":"https:\/\/facebook.com\/gaveaNews\/","article_published_time":"2025-03-28T13:15:00+00:00","og_image":[{"width":1065,"height":710,"url":"https:\/\/www.gaveanews.com\/wp-content\/uploads\/Filipe-Luis-como-tecnico-do-Flamengo-em-2024.webp","type":"image\/webp"}],"author":"Leandro Cardoso","twitter_card":"summary_large_image","twitter_misc":{"Escrito por":"Leandro Cardoso","Est. tempo de leitura":"3 minutos"},"schema":{"@context":"https:\/\/schema.org","@graph":[{"@type":"NewsArticle","@id":"https:\/\/www.gaveanews.com\/index.php\/2025\/03\/28\/video-filipe-luis-e-sincero-ao-falar-sobre-elenco-do-flamengo\/#article","isPartOf":{"@id":"https:\/\/www.gaveanews.com\/index.php\/2025\/03\/28\/video-filipe-luis-e-sincero-ao-falar-sobre-elenco-do-flamengo\/"},"author":{"name":"Leandro Cardoso","@id":"https:\/\/www.gaveanews.com\/#\/schema\/person\/2424ec6409bc3f068411fc5e4e9b6168"},"headline":"V\u00eddeo: Filipe Lu\u00eds \u00e9 sincero ao falar sobre elenco do Flamengo","datePublished":"2025-03-28T13:15:00+00:00","mainEntityOfPage":{"@id":"https:\/\/www.gaveanews.com\/index.php\/2025\/03\/28\/video-filipe-luis-e-sincero-ao-falar-sobre-elenco-do-flamengo\/"},"wordCount":446,"commentCount":0,"image":{"@id":"https:\/\/www.gaveanews.com\/index.php\/2025\/03\/28\/video-filipe-luis-e-sincero-ao-falar-sobre-elenco-do-flamengo\/#primaryimage"},"thumbnailUrl":"https:\/\/www.gaveanews.com\/wp-content\/uploads\/Filipe-Luis-como-tecnico-do-Flamengo-em-2024.webp","articleSection":["Flamengo"],"inLanguage":"pt-BR","potentialAction":[{"@type":"CommentAction","name":"Comment","target":["https:\/\/www.gaveanews.com\/index.php\/2025\/03\/28\/video-filipe-luis-e-sincero-ao-falar-sobre-elenco-do-flamengo\/#respond"]}],"copyrightYear":"2025","copyrightHolder":{"@id":"https:\/\/www.gaveanews.com\/#organization"}},{"@type":"WebPage","@id":"https:\/\/www.gaveanews.com\/index.php\/2025\/03\/28\/video-filipe-luis-e-sincero-ao-falar-sobre-elenco-do-flamengo\/","url":"https:\/\/www.gaveanews.com\/index.php\/2025\/03\/28\/video-filipe-luis-e-sincero-ao-falar-sobre-elenco-do-flamengo\/","name":"V\u00eddeo: Filipe Lu\u00eds \u00e9 sincero ao falar sobre elenco do Flamengo","isPartOf":{"@id":"https:\/\/www.gaveanews.com\/#website"},"primaryImageOfPage":{"@id":"https:\/\/www.gaveanews.com\/index.php\/2025\/03\/28\/video-filipe-luis-e-sincero-ao-falar-sobre-elenco-do-flamengo\/#primaryimage"},"image":{"@id":"https:\/\/www.gaveanews.com\/index.php\/2025\/03\/28\/video-filipe-luis-e-sincero-ao-falar-sobre-elenco-do-flamengo\/#primaryimage"},"thumbnailUrl":"https:\/\/www.gaveanews.com\/wp-content\/uploads\/Filipe-Luis-como-tecnico-do-Flamengo-em-2024.webp","datePublished":"2025-03-28T13:15:00+00:00","author":{"@id":"https:\/\/www.gaveanews.com\/#\/schema\/person\/2424ec6409bc3f068411fc5e4e9b6168"},"breadcrumb":{"@id":"https:\/\/www.gaveanews.com\/index.php\/2025\/03\/28\/video-filipe-luis-e-sincero-ao-falar-sobre-elenco-do-flamengo\/#breadcrumb"},"inLanguage":"pt-BR","potentialAction":[{"@type":"ReadAction","target":["https:\/\/www.gaveanews.com\/index.php\/2025\/03\/28\/video-filipe-luis-e-sincero-ao-falar-sobre-elenco-do-flamengo\/"]}]},{"@type":"ImageObject","inLanguage":"pt-BR","@id":"https:\/\/www.gaveanews.com\/index.php\/2025\/03\/28\/video-filipe-luis-e-sincero-ao-falar-sobre-elenco-do-flamengo\/#primaryimage","url":"https:\/\/www.gaveanews.com\/wp-content\/uploads\/Filipe-Luis-como-tecnico-do-Flamengo-em-2024.webp","contentUrl":"https:\/\/www.gaveanews.com\/wp-content\/uploads\/Filipe-Luis-como-tecnico-do-Flamengo-em-2024.webp","width":1065,"height":710,"caption":"Filipe Lu\u00eds como t\u00e9cnico do Flamengo em (Foto: Gilvan de Souza e Marcelo Cortes \/ CRF)"},{"@type":"BreadcrumbList","@id":"https:\/\/www.gaveanews.com\/index.php\/2025\/03\/28\/video-filipe-luis-e-sincero-ao-falar-sobre-elenco-do-flamengo\/#breadcrumb","itemListElement":[{"@type":"ListItem","position":1,"name":"Home","item":"https:\/\/www.gaveanews.com\/"},{"@type":"ListItem","position":2,"name":"V\u00eddeo: Filipe Lu\u00eds \u00e9 sincero ao falar sobre elenco do Flamengo"}]},{"@type":"WebSite","@id":"https:\/\/www.gaveanews.com\/#website","url":"https:\/\/www.gaveanews.com\/","name":"G\u00e1vea News","description":"Veja todas as not\u00edcias sobre o Flamengo: Contrata\u00e7\u00f5es, categorias de base, resultados das partidas, tabela de classifica\u00e7\u00e3o, pr\u00f3ximos jogos!","potentialAction":[{"@type":"SearchAction","target":{"@type":"EntryPoint","urlTemplate":"https:\/\/www.gaveanews.com\/?s={search_term_string}"},"query-input":{"@type":"PropertyValueSpecification","valueRequired":true,"valueName":"search_term_string"}}],"inLanguage":"pt-BR"},{"@type":"Person","@id":"https:\/\/www.gaveanews.com\/#\/schema\/person\/2424ec6409bc3f068411fc5e4e9b6168","name":"Leandro Cardoso","image":{"@type":"ImageObject","inLanguage":"pt-BR","@id":"https:\/\/www.gaveanews.com\/#\/schema\/person\/image\/","url":"https:\/\/secure.gravatar.com\/avatar\/8ca179f9b55eefe9f376f5493ef25475bfa59fbc28ce937f6076ce20e523098f?s=96&d=mm&r=g","contentUrl":"https:\/\/secure.gravatar.com\/avatar\/8ca179f9b55eefe9f376f5493ef25475bfa59fbc28ce937f6076ce20e523098f?s=96&d=mm&r=g","caption":"Leandro Cardoso"}}]}},"_links":{"self":[{"href":"https:\/\/www.gaveanews.com\/index.php\/wp-json\/wp\/v2\/posts\/245889","targetHints":{"allow":["GET"]}}],"collection":[{"href":"https:\/\/www.gaveanews.com\/index.php\/wp-json\/wp\/v2\/posts"}],"about":[{"href":"https:\/\/www.gaveanews.com\/index.php\/wp-json\/wp\/v2\/types\/post"}],"author":[{"embeddable":true,"href":"https:\/\/www.gaveanews.com\/index.php\/wp-json\/wp\/v2\/users\/24"}],"replies":[{"embeddable":true,"href":"https:\/\/www.gaveanews.com\/index.php\/wp-json\/wp\/v2\/comments?post=245889"}],"version-history":[{"count":1,"href":"https:\/\/www.gaveanews.com\/index.php\/wp-json\/wp\/v2\/posts\/245889\/revisions"}],"predecessor-version":[{"id":245894,"href":"https:\/\/www.gaveanews.com\/index.php\/wp-json\/wp\/v2\/posts\/245889\/revisions\/245894"}],"wp:featuredmedia":[{"embeddable":true,"href":"https:\/\/www.gaveanews.com\/index.php\/wp-json\/wp\/v2\/media\/171213"}],"wp:attachment":[{"href":"https:\/\/www.gaveanews.com\/index.php\/wp-json\/wp\/v2\/media?parent=245889"}],"wp:term":[{"taxonomy":"category","embeddable":true,"href":"https:\/\/www.gaveanews.com\/index.php\/wp-json\/wp\/v2\/categories?post=245889"},{"taxonomy":"post_tag","embeddable":true,"href":"https:\/\/www.gaveanews.com\/index.php\/wp-json\/wp\/v2\/tags?post=245889"}],"curies":[{"name":"wp","href":"https:\/\/api.w.org\/{rel}","templated":true}]}}