{"id":245892,"date":"2025-03-28T10:10:00","date_gmt":"2025-03-28T13:10:00","guid":{"rendered":"https:\/\/www.gaveanews.com\/?p=245892"},"modified":"2025-03-28T10:09:46","modified_gmt":"2025-03-28T13:09:46","slug":"video-a-declaracao-de-gerson-sobre-renovar-com-o-flamengo","status":"publish","type":"post","link":"https:\/\/www.gaveanews.com\/index.php\/2025\/03\/28\/video-a-declaracao-de-gerson-sobre-renovar-com-o-flamengo\/","title":{"rendered":"V\u00eddeo: a declara\u00e7\u00e3o de Gerson sobre renovar com o Flamengo"},"content":{"rendered":"\n<p>O Flamengo est\u00e1 prestes a garantir a continuidade de um de seus principais jogadores. Gerson, capit\u00e3o do time e um dos grandes destaques da atual temporada, revelou que as negocia\u00e7\u00f5es para a renova\u00e7\u00e3o do seu contrato est\u00e3o avan\u00e7ando e um acordo est\u00e1 cada vez mais pr\u00f3ximo de ser formalizado.&nbsp;<\/p>\n\n\n\n<h2 class=\"wp-block-heading\" id=\"h-progresso-nas-negociacoes\">Progresso nas negocia\u00e7\u00f5es<\/h2>\n\n\n\n<p>Na quarta-feira, Gerson e sua equipe se reuniram com a diretoria do Flamengo para discutir os termos da renova\u00e7\u00e3o contratual. A primeira proposta feita pelo clube foi recusada pelo jogador, mas a segunda, ajustada ap\u00f3s uma reuni\u00e3o entre Jos\u00e9 Boto e os agentes de Gerson, avan\u00e7ou.&nbsp;<\/p>\n\n\n\n<p>O jogador se mostrou otimista e compartilhou suas impress\u00f5es sobre o andamento das conversas.<\/p>\n\n\n\n<p>\u201cAs conversas est\u00e3o bem encaminhadas. J\u00e1 saiu muita coisa na imprensa, eu n\u00e3o gosto muito de falar, de ficar arrumando confus\u00e3o, meu neg\u00f3cio \u00e9 resolver e ser bom para os dois lados\u201d, afirmou Gerson durante evento de premia\u00e7\u00e3o do Carioca.&nbsp;<\/p>\n\n\n\n<blockquote class=\"twitter-tweet\" data-media-max-width=\"560\"><p lang=\"pt\" dir=\"ltr\">MEU NEG\u00d3CIO \u00c9 RESOLVER! Gerson falou sobre a prov\u00e1vel renova\u00e7\u00e3o com o Flamengo! \ud83d\udd34\u26ab <a href=\"https:\/\/t.co\/RnAHnyHMnP\">pic.twitter.com\/RnAHnyHMnP<\/a><\/p>&mdash; TNT Sports BR (@TNTSportsBR) <a href=\"https:\/\/twitter.com\/TNTSportsBR\/status\/1905405057589268571?ref_src=twsrc%5Etfw\">March 27, 2025<\/a><\/blockquote> <script async src=\"https:\/\/platform.twitter.com\/widgets.js\" charset=\"utf-8\"><\/script>\n\n\n\n<p>Ele tamb\u00e9m destacou que a proposta foi feita um ou dois dias antes da final contra o Fluminense e que, apesar de sua viagem \u00e0 Sele\u00e7\u00e3o, as conversas seriam retomadas e o acordo seria finalizado em breve.<\/p>\n\n\n\n<h2 class=\"wp-block-heading\" id=\"h-ajustes-para-alcancar-um-entendimento\">Ajustes para alcan\u00e7ar um entendimento<\/h2>\n\n\n\n<p>Al\u00e9m disso, tanto o Flamengo quanto Gerson cederam em alguns pontos para que a renova\u00e7\u00e3o fosse poss\u00edvel. O clube fez ajustes no valor da proposta e no pagamento das luvas, com um prazo mais curto para a quita\u00e7\u00e3o.&nbsp;<\/p>\n\n\n\n<p>Vale destacar que, apesar de o jogador n\u00e3o ter alcan\u00e7ado o valor inicialmente desejado, o aumento salarial ser\u00e1 satisfat\u00f3rio. Gerson, que ter\u00e1 o contrato renovado at\u00e9 2030, n\u00e3o ter\u00e1 o maior sal\u00e1rio do elenco, mas, com isso, se garantir\u00e1 como uma pe\u00e7a-chave para o futuro do clube.<\/p>\n\n\n\n<p>\u201cSim, tivemos uma conversa. Vai dar tudo certo, j\u00e1 j\u00e1 a gente vai ter um desfecho lindo disso a\u00ed\u201d, disse Marc\u00e3o, pai e empres\u00e1rio de Gerson, refor\u00e7ando o compromisso de sua fam\u00edlia com o Flamengo.<\/p>\n\n\n\n<h2 class=\"wp-block-heading\" id=\"h-gerson-segue-como-destaque-no-flamengo\">Gerson segue como destaque no Flamengo<\/h2>\n\n\n\n<p>Com a renova\u00e7\u00e3o em andamento, o Flamengo se prepara para manter um dos seus maiores destaques em campo. Sendo assim, a continuidade de Gerson no time \u00e9 crucial para as pr\u00f3ximas temporadas, j\u00e1 que, com 27 anos, ele continua sendo uma pe\u00e7a fundamental no esquema de jogo do Flamengo.<\/p>\n\n\n\n<p>Por fim, \u00e9 importante ressaltar que a valoriza\u00e7\u00e3o de Gerson tem o aval do t\u00e9cnico Filipe Lu\u00eds, que reconhece o talento e a import\u00e2ncia do jogador para o time. Desse jeito, o Flamengo consegue garantir mais estabilidade e competitividade para os pr\u00f3ximos desafios.<\/p>\n","protected":false},"excerpt":{"rendered":"<p>O Flamengo est\u00e1 prestes a garantir a continuidade de um de seus principais jogadores. Gerson, capit\u00e3o do time e um dos grandes destaques da atual temporada, revelou que as negocia\u00e7\u00f5es para a renova\u00e7\u00e3o do seu contrato est\u00e3o avan\u00e7ando e um acordo est\u00e1 cada vez mais pr\u00f3ximo de ser formalizado.&nbsp; Progresso nas negocia\u00e7\u00f5es Na quarta-feira, Gerson [&hellip;]<\/p>\n","protected":false},"author":25,"featured_media":113040,"comment_status":"open","ping_status":"closed","sticky":false,"template":"","format":"standard","meta":{"footnotes":""},"categories":[1],"tags":[],"class_list":["post-245892","post","type-post","status-publish","format-standard","has-post-thumbnail","hentry","category-flamengo"],"yoast_head":"<!-- This site is optimized with the Yoast SEO Premium plugin v24.2 (Yoast SEO v26.9) - https:\/\/yoast.com\/product\/yoast-seo-premium-wordpress\/ -->\n<title>V\u00eddeo: a declara\u00e7\u00e3o de Gerson sobre renovar com o Flamengo<\/title>\n<meta name=\"robots\" content=\"index, follow, max-snippet:-1, max-image-preview:large, max-video-preview:-1\" \/>\n<link rel=\"canonical\" href=\"https:\/\/www.gaveanews.com\/index.php\/2025\/03\/28\/video-a-declaracao-de-gerson-sobre-renovar-com-o-flamengo\/\" \/>\n<meta property=\"og:locale\" content=\"pt_BR\" \/>\n<meta property=\"og:type\" content=\"article\" \/>\n<meta property=\"og:title\" content=\"V\u00eddeo: a declara\u00e7\u00e3o de Gerson sobre renovar com o Flamengo\" \/>\n<meta property=\"og:description\" content=\"O Flamengo est\u00e1 prestes a garantir a continuidade de um de seus principais jogadores. Gerson, capit\u00e3o do time e um dos grandes destaques da atual temporada, revelou que as negocia\u00e7\u00f5es para a renova\u00e7\u00e3o do seu contrato est\u00e3o avan\u00e7ando e um acordo est\u00e1 cada vez mais pr\u00f3ximo de ser formalizado.&nbsp; Progresso nas negocia\u00e7\u00f5es Na quarta-feira, Gerson [&hellip;]\" \/>\n<meta property=\"og:url\" content=\"https:\/\/www.gaveanews.com\/index.php\/2025\/03\/28\/video-a-declaracao-de-gerson-sobre-renovar-com-o-flamengo\/\" \/>\n<meta property=\"og:site_name\" content=\"G\u00e1vea News\" \/>\n<meta property=\"article:publisher\" content=\"https:\/\/facebook.com\/gaveaNews\/\" \/>\n<meta property=\"article:published_time\" content=\"2025-03-28T13:10:00+00:00\" \/>\n<meta property=\"og:image\" content=\"http:\/\/www.gaveanews.com\/wp-content\/uploads\/gerson-flamengo.webp\" \/>\n\t<meta property=\"og:image:width\" content=\"900\" \/>\n\t<meta property=\"og:image:height\" content=\"600\" \/>\n\t<meta property=\"og:image:type\" content=\"image\/jpeg\" \/>\n<meta name=\"author\" content=\"Rafaela Ladeira\" \/>\n<meta name=\"twitter:card\" content=\"summary_large_image\" \/>\n<meta name=\"twitter:label1\" content=\"Escrito por\" \/>\n\t<meta name=\"twitter:data1\" content=\"Rafaela Ladeira\" \/>\n\t<meta name=\"twitter:label2\" content=\"Est. tempo de leitura\" \/>\n\t<meta name=\"twitter:data2\" content=\"3 minutos\" \/>\n<script type=\"application\/ld+json\" class=\"yoast-schema-graph\">{\"@context\":\"https:\/\/schema.org\",\"@graph\":[{\"@type\":\"NewsArticle\",\"@id\":\"https:\/\/www.gaveanews.com\/index.php\/2025\/03\/28\/video-a-declaracao-de-gerson-sobre-renovar-com-o-flamengo\/#article\",\"isPartOf\":{\"@id\":\"https:\/\/www.gaveanews.com\/index.php\/2025\/03\/28\/video-a-declaracao-de-gerson-sobre-renovar-com-o-flamengo\/\"},\"author\":{\"name\":\"Rafaela Ladeira\",\"@id\":\"https:\/\/www.gaveanews.com\/#\/schema\/person\/0eb3e3fe1754f0205218538adbe8f5ed\"},\"headline\":\"V\u00eddeo: a declara\u00e7\u00e3o de Gerson sobre renovar com o Flamengo\",\"datePublished\":\"2025-03-28T13:10:00+00:00\",\"mainEntityOfPage\":{\"@id\":\"https:\/\/www.gaveanews.com\/index.php\/2025\/03\/28\/video-a-declaracao-de-gerson-sobre-renovar-com-o-flamengo\/\"},\"wordCount\":489,\"commentCount\":0,\"image\":{\"@id\":\"https:\/\/www.gaveanews.com\/index.php\/2025\/03\/28\/video-a-declaracao-de-gerson-sobre-renovar-com-o-flamengo\/#primaryimage\"},\"thumbnailUrl\":\"https:\/\/www.gaveanews.com\/wp-content\/uploads\/gerson-flamengo.webp\",\"articleSection\":[\"Flamengo\"],\"inLanguage\":\"pt-BR\",\"potentialAction\":[{\"@type\":\"CommentAction\",\"name\":\"Comment\",\"target\":[\"https:\/\/www.gaveanews.com\/index.php\/2025\/03\/28\/video-a-declaracao-de-gerson-sobre-renovar-com-o-flamengo\/#respond\"]}],\"copyrightYear\":\"2025\",\"copyrightHolder\":{\"@id\":\"https:\/\/www.gaveanews.com\/#organization\"}},{\"@type\":\"WebPage\",\"@id\":\"https:\/\/www.gaveanews.com\/index.php\/2025\/03\/28\/video-a-declaracao-de-gerson-sobre-renovar-com-o-flamengo\/\",\"url\":\"https:\/\/www.gaveanews.com\/index.php\/2025\/03\/28\/video-a-declaracao-de-gerson-sobre-renovar-com-o-flamengo\/\",\"name\":\"V\u00eddeo: a declara\u00e7\u00e3o de Gerson sobre renovar com o Flamengo\",\"isPartOf\":{\"@id\":\"https:\/\/www.gaveanews.com\/#website\"},\"primaryImageOfPage\":{\"@id\":\"https:\/\/www.gaveanews.com\/index.php\/2025\/03\/28\/video-a-declaracao-de-gerson-sobre-renovar-com-o-flamengo\/#primaryimage\"},\"image\":{\"@id\":\"https:\/\/www.gaveanews.com\/index.php\/2025\/03\/28\/video-a-declaracao-de-gerson-sobre-renovar-com-o-flamengo\/#primaryimage\"},\"thumbnailUrl\":\"https:\/\/www.gaveanews.com\/wp-content\/uploads\/gerson-flamengo.webp\",\"datePublished\":\"2025-03-28T13:10:00+00:00\",\"author\":{\"@id\":\"https:\/\/www.gaveanews.com\/#\/schema\/person\/0eb3e3fe1754f0205218538adbe8f5ed\"},\"breadcrumb\":{\"@id\":\"https:\/\/www.gaveanews.com\/index.php\/2025\/03\/28\/video-a-declaracao-de-gerson-sobre-renovar-com-o-flamengo\/#breadcrumb\"},\"inLanguage\":\"pt-BR\",\"potentialAction\":[{\"@type\":\"ReadAction\",\"target\":[\"https:\/\/www.gaveanews.com\/index.php\/2025\/03\/28\/video-a-declaracao-de-gerson-sobre-renovar-com-o-flamengo\/\"]}]},{\"@type\":\"ImageObject\",\"inLanguage\":\"pt-BR\",\"@id\":\"https:\/\/www.gaveanews.com\/index.php\/2025\/03\/28\/video-a-declaracao-de-gerson-sobre-renovar-com-o-flamengo\/#primaryimage\",\"url\":\"https:\/\/www.gaveanews.com\/wp-content\/uploads\/gerson-flamengo.webp\",\"contentUrl\":\"https:\/\/www.gaveanews.com\/wp-content\/uploads\/gerson-flamengo.webp\",\"width\":900,\"height\":600,\"caption\":\"Gerson em atua\u00e7\u00e3o pelo Flamengo (Foto: Gilvan de Souza\/Flamengo)\"},{\"@type\":\"BreadcrumbList\",\"@id\":\"https:\/\/www.gaveanews.com\/index.php\/2025\/03\/28\/video-a-declaracao-de-gerson-sobre-renovar-com-o-flamengo\/#breadcrumb\",\"itemListElement\":[{\"@type\":\"ListItem\",\"position\":1,\"name\":\"Home\",\"item\":\"https:\/\/www.gaveanews.com\/\"},{\"@type\":\"ListItem\",\"position\":2,\"name\":\"V\u00eddeo: a declara\u00e7\u00e3o de Gerson sobre renovar com o Flamengo\"}]},{\"@type\":\"WebSite\",\"@id\":\"https:\/\/www.gaveanews.com\/#website\",\"url\":\"https:\/\/www.gaveanews.com\/\",\"name\":\"G\u00e1vea News\",\"description\":\"Veja todas as not\u00edcias sobre o Flamengo: Contrata\u00e7\u00f5es, categorias de base, resultados das partidas, tabela de classifica\u00e7\u00e3o, pr\u00f3ximos jogos!\",\"potentialAction\":[{\"@type\":\"SearchAction\",\"target\":{\"@type\":\"EntryPoint\",\"urlTemplate\":\"https:\/\/www.gaveanews.com\/?s={search_term_string}\"},\"query-input\":{\"@type\":\"PropertyValueSpecification\",\"valueRequired\":true,\"valueName\":\"search_term_string\"}}],\"inLanguage\":\"pt-BR\"},{\"@type\":\"Person\",\"@id\":\"https:\/\/www.gaveanews.com\/#\/schema\/person\/0eb3e3fe1754f0205218538adbe8f5ed\",\"name\":\"Rafaela Ladeira\",\"image\":{\"@type\":\"ImageObject\",\"inLanguage\":\"pt-BR\",\"@id\":\"https:\/\/www.gaveanews.com\/#\/schema\/person\/image\/\",\"url\":\"https:\/\/secure.gravatar.com\/avatar\/c31f513acffd85eacab5730cbdfdbbf59f21ba5aeada8cd890acea879fbb2455?s=96&d=mm&r=g\",\"contentUrl\":\"https:\/\/secure.gravatar.com\/avatar\/c31f513acffd85eacab5730cbdfdbbf59f21ba5aeada8cd890acea879fbb2455?s=96&d=mm&r=g\",\"caption\":\"Rafaela Ladeira\"}}]}<\/script>\n<!-- \/ Yoast SEO Premium plugin. -->","yoast_head_json":{"title":"V\u00eddeo: a declara\u00e7\u00e3o de Gerson sobre renovar com o Flamengo","robots":{"index":"index","follow":"follow","max-snippet":"max-snippet:-1","max-image-preview":"max-image-preview:large","max-video-preview":"max-video-preview:-1"},"canonical":"https:\/\/www.gaveanews.com\/index.php\/2025\/03\/28\/video-a-declaracao-de-gerson-sobre-renovar-com-o-flamengo\/","og_locale":"pt_BR","og_type":"article","og_title":"V\u00eddeo: a declara\u00e7\u00e3o de Gerson sobre renovar com o Flamengo","og_description":"O Flamengo est\u00e1 prestes a garantir a continuidade de um de seus principais jogadores. Gerson, capit\u00e3o do time e um dos grandes destaques da atual temporada, revelou que as negocia\u00e7\u00f5es para a renova\u00e7\u00e3o do seu contrato est\u00e3o avan\u00e7ando e um acordo est\u00e1 cada vez mais pr\u00f3ximo de ser formalizado.&nbsp; Progresso nas negocia\u00e7\u00f5es Na quarta-feira, Gerson [&hellip;]","og_url":"https:\/\/www.gaveanews.com\/index.php\/2025\/03\/28\/video-a-declaracao-de-gerson-sobre-renovar-com-o-flamengo\/","og_site_name":"G\u00e1vea News","article_publisher":"https:\/\/facebook.com\/gaveaNews\/","article_published_time":"2025-03-28T13:10:00+00:00","og_image":[{"width":900,"height":600,"url":"http:\/\/www.gaveanews.com\/wp-content\/uploads\/gerson-flamengo.webp","type":"image\/jpeg"}],"author":"Rafaela Ladeira","twitter_card":"summary_large_image","twitter_misc":{"Escrito por":"Rafaela Ladeira","Est. tempo de leitura":"3 minutos"},"schema":{"@context":"https:\/\/schema.org","@graph":[{"@type":"NewsArticle","@id":"https:\/\/www.gaveanews.com\/index.php\/2025\/03\/28\/video-a-declaracao-de-gerson-sobre-renovar-com-o-flamengo\/#article","isPartOf":{"@id":"https:\/\/www.gaveanews.com\/index.php\/2025\/03\/28\/video-a-declaracao-de-gerson-sobre-renovar-com-o-flamengo\/"},"author":{"name":"Rafaela Ladeira","@id":"https:\/\/www.gaveanews.com\/#\/schema\/person\/0eb3e3fe1754f0205218538adbe8f5ed"},"headline":"V\u00eddeo: a declara\u00e7\u00e3o de Gerson sobre renovar com o Flamengo","datePublished":"2025-03-28T13:10:00+00:00","mainEntityOfPage":{"@id":"https:\/\/www.gaveanews.com\/index.php\/2025\/03\/28\/video-a-declaracao-de-gerson-sobre-renovar-com-o-flamengo\/"},"wordCount":489,"commentCount":0,"image":{"@id":"https:\/\/www.gaveanews.com\/index.php\/2025\/03\/28\/video-a-declaracao-de-gerson-sobre-renovar-com-o-flamengo\/#primaryimage"},"thumbnailUrl":"https:\/\/www.gaveanews.com\/wp-content\/uploads\/gerson-flamengo.webp","articleSection":["Flamengo"],"inLanguage":"pt-BR","potentialAction":[{"@type":"CommentAction","name":"Comment","target":["https:\/\/www.gaveanews.com\/index.php\/2025\/03\/28\/video-a-declaracao-de-gerson-sobre-renovar-com-o-flamengo\/#respond"]}],"copyrightYear":"2025","copyrightHolder":{"@id":"https:\/\/www.gaveanews.com\/#organization"}},{"@type":"WebPage","@id":"https:\/\/www.gaveanews.com\/index.php\/2025\/03\/28\/video-a-declaracao-de-gerson-sobre-renovar-com-o-flamengo\/","url":"https:\/\/www.gaveanews.com\/index.php\/2025\/03\/28\/video-a-declaracao-de-gerson-sobre-renovar-com-o-flamengo\/","name":"V\u00eddeo: a declara\u00e7\u00e3o de Gerson sobre renovar com o Flamengo","isPartOf":{"@id":"https:\/\/www.gaveanews.com\/#website"},"primaryImageOfPage":{"@id":"https:\/\/www.gaveanews.com\/index.php\/2025\/03\/28\/video-a-declaracao-de-gerson-sobre-renovar-com-o-flamengo\/#primaryimage"},"image":{"@id":"https:\/\/www.gaveanews.com\/index.php\/2025\/03\/28\/video-a-declaracao-de-gerson-sobre-renovar-com-o-flamengo\/#primaryimage"},"thumbnailUrl":"https:\/\/www.gaveanews.com\/wp-content\/uploads\/gerson-flamengo.webp","datePublished":"2025-03-28T13:10:00+00:00","author":{"@id":"https:\/\/www.gaveanews.com\/#\/schema\/person\/0eb3e3fe1754f0205218538adbe8f5ed"},"breadcrumb":{"@id":"https:\/\/www.gaveanews.com\/index.php\/2025\/03\/28\/video-a-declaracao-de-gerson-sobre-renovar-com-o-flamengo\/#breadcrumb"},"inLanguage":"pt-BR","potentialAction":[{"@type":"ReadAction","target":["https:\/\/www.gaveanews.com\/index.php\/2025\/03\/28\/video-a-declaracao-de-gerson-sobre-renovar-com-o-flamengo\/"]}]},{"@type":"ImageObject","inLanguage":"pt-BR","@id":"https:\/\/www.gaveanews.com\/index.php\/2025\/03\/28\/video-a-declaracao-de-gerson-sobre-renovar-com-o-flamengo\/#primaryimage","url":"https:\/\/www.gaveanews.com\/wp-content\/uploads\/gerson-flamengo.webp","contentUrl":"https:\/\/www.gaveanews.com\/wp-content\/uploads\/gerson-flamengo.webp","width":900,"height":600,"caption":"Gerson em atua\u00e7\u00e3o pelo Flamengo (Foto: Gilvan de Souza\/Flamengo)"},{"@type":"BreadcrumbList","@id":"https:\/\/www.gaveanews.com\/index.php\/2025\/03\/28\/video-a-declaracao-de-gerson-sobre-renovar-com-o-flamengo\/#breadcrumb","itemListElement":[{"@type":"ListItem","position":1,"name":"Home","item":"https:\/\/www.gaveanews.com\/"},{"@type":"ListItem","position":2,"name":"V\u00eddeo: a declara\u00e7\u00e3o de Gerson sobre renovar com o Flamengo"}]},{"@type":"WebSite","@id":"https:\/\/www.gaveanews.com\/#website","url":"https:\/\/www.gaveanews.com\/","name":"G\u00e1vea News","description":"Veja todas as not\u00edcias sobre o Flamengo: Contrata\u00e7\u00f5es, categorias de base, resultados das partidas, tabela de classifica\u00e7\u00e3o, pr\u00f3ximos jogos!","potentialAction":[{"@type":"SearchAction","target":{"@type":"EntryPoint","urlTemplate":"https:\/\/www.gaveanews.com\/?s={search_term_string}"},"query-input":{"@type":"PropertyValueSpecification","valueRequired":true,"valueName":"search_term_string"}}],"inLanguage":"pt-BR"},{"@type":"Person","@id":"https:\/\/www.gaveanews.com\/#\/schema\/person\/0eb3e3fe1754f0205218538adbe8f5ed","name":"Rafaela Ladeira","image":{"@type":"ImageObject","inLanguage":"pt-BR","@id":"https:\/\/www.gaveanews.com\/#\/schema\/person\/image\/","url":"https:\/\/secure.gravatar.com\/avatar\/c31f513acffd85eacab5730cbdfdbbf59f21ba5aeada8cd890acea879fbb2455?s=96&d=mm&r=g","contentUrl":"https:\/\/secure.gravatar.com\/avatar\/c31f513acffd85eacab5730cbdfdbbf59f21ba5aeada8cd890acea879fbb2455?s=96&d=mm&r=g","caption":"Rafaela Ladeira"}}]}},"_links":{"self":[{"href":"https:\/\/www.gaveanews.com\/index.php\/wp-json\/wp\/v2\/posts\/245892","targetHints":{"allow":["GET"]}}],"collection":[{"href":"https:\/\/www.gaveanews.com\/index.php\/wp-json\/wp\/v2\/posts"}],"about":[{"href":"https:\/\/www.gaveanews.com\/index.php\/wp-json\/wp\/v2\/types\/post"}],"author":[{"embeddable":true,"href":"https:\/\/www.gaveanews.com\/index.php\/wp-json\/wp\/v2\/users\/25"}],"replies":[{"embeddable":true,"href":"https:\/\/www.gaveanews.com\/index.php\/wp-json\/wp\/v2\/comments?post=245892"}],"version-history":[{"count":1,"href":"https:\/\/www.gaveanews.com\/index.php\/wp-json\/wp\/v2\/posts\/245892\/revisions"}],"predecessor-version":[{"id":245893,"href":"https:\/\/www.gaveanews.com\/index.php\/wp-json\/wp\/v2\/posts\/245892\/revisions\/245893"}],"wp:featuredmedia":[{"embeddable":true,"href":"https:\/\/www.gaveanews.com\/index.php\/wp-json\/wp\/v2\/media\/113040"}],"wp:attachment":[{"href":"https:\/\/www.gaveanews.com\/index.php\/wp-json\/wp\/v2\/media?parent=245892"}],"wp:term":[{"taxonomy":"category","embeddable":true,"href":"https:\/\/www.gaveanews.com\/index.php\/wp-json\/wp\/v2\/categories?post=245892"},{"taxonomy":"post_tag","embeddable":true,"href":"https:\/\/www.gaveanews.com\/index.php\/wp-json\/wp\/v2\/tags?post=245892"}],"curies":[{"name":"wp","href":"https:\/\/api.w.org\/{rel}","templated":true}]}}