{"id":245897,"date":"2025-03-28T10:35:00","date_gmt":"2025-03-28T13:35:00","guid":{"rendered":"https:\/\/www.gaveanews.com\/?p=245897"},"modified":"2025-03-28T10:27:07","modified_gmt":"2025-03-28T13:27:07","slug":"flamengo-a-declaracao-de-luiz-araujo-sobre-a-libertadores","status":"publish","type":"post","link":"https:\/\/www.gaveanews.com\/index.php\/2025\/03\/28\/flamengo-a-declaracao-de-luiz-araujo-sobre-a-libertadores\/","title":{"rendered":"Flamengo: a declara\u00e7\u00e3o de Luiz Ara\u00fajo sobre a Libertadores"},"content":{"rendered":"\n<p>A temporada 2025 j\u00e1 come\u00e7ou a todo vapor para o Flamengo, e a ansiedade \u00e9 vis\u00edvel. Neste s\u00e1bado (29), o Mais Querido encara o Internacional pela primeira rodada do Campeonato Brasileiro, mas jogadores e torcedores j\u00e1 est\u00e3o voltados para a grande estreia na Libertadores, que acontece na pr\u00f3xima quinta-feira (03).&nbsp;<\/p>\n\n\n\n<p>O atacante Luiz Ara\u00fajo, um dos destaques do time, comentou sobre o sonho de conquistar o t\u00edtulo do torneio continental com a camisa rubro-negra, destacando a import\u00e2ncia da competi\u00e7\u00e3o para a hist\u00f3ria do clube.<\/p>\n\n\n\n<h2 class=\"wp-block-heading\" id=\"h-luiz-araujo-sobre-a-libertadores\">Luiz Ara\u00fajo sobre a Libertadores<\/h2>\n\n\n\n<figure class=\"wp-block-image size-full\"><img loading=\"lazy\" decoding=\"async\" width=\"860\" height=\"484\" src=\"http:\/\/www.gaveanews.com\/wp-content\/uploads\/luiz-araujo2-860x484-1.webp\" alt=\"\" class=\"wp-image-159079\" srcset=\"https:\/\/www.gaveanews.com\/wp-content\/uploads\/luiz-araujo2-860x484-1.webp 860w, https:\/\/www.gaveanews.com\/wp-content\/uploads\/luiz-araujo2-860x484-1-300x169.webp 300w, https:\/\/www.gaveanews.com\/wp-content\/uploads\/luiz-araujo2-860x484-1-768x432.webp 768w, https:\/\/www.gaveanews.com\/wp-content\/uploads\/luiz-araujo2-860x484-1-746x420.webp 746w, https:\/\/www.gaveanews.com\/wp-content\/uploads\/luiz-araujo2-860x484-1-640x360.webp 640w, https:\/\/www.gaveanews.com\/wp-content\/uploads\/luiz-araujo2-860x484-1-681x383.webp 681w, https:\/\/www.gaveanews.com\/wp-content\/uploads\/luiz-araujo2-860x484-1-100x56.webp 100w\" sizes=\"auto, (max-width: 860px) 100vw, 860px\" \/><figcaption class=\"wp-element-caption\">Foto: Divulga\u00e7\u00e3o\/Libertadores\n<\/figcaption><\/figure>\n\n\n\n<p>Luiz Ara\u00fajo, que se prepara para sua estreia na competi\u00e7\u00e3o com a camisa do Flamengo, afirmou que o desejo de conquistar a Libertadores \u00e9 uma meta pessoal e coletiva. Para ele, a conquista da competi\u00e7\u00e3o representa uma chance de fazer hist\u00f3ria.&nbsp;<\/p>\n\n\n\n<p>\u201cLibertadores \u00e9 sempre um campeonato \u00e0 parte e muito gostoso de se jogar. Essas dificuldades fazem ser ainda mais especial de se ganhar. Temos de passar por cima disso. A log\u00edstica dif\u00edcil da Venezuela, a altitude. Passamos por isso ano passado na Bol\u00edvia. Tenho certeza que ser\u00e1 um grande ano, grande temporada. Estou ansioso para estrear na Libertadores, \u00e9 um t\u00edtulo que almejo muito com essa camisa. Vamos trabalhar muito para buscar grandes coisas esse ano\u201d, afirmou Luiz Ara\u00fajo.<\/p>\n\n\n\n<p>Al\u00e9m disso, ele ressaltou a responsabilidade da equipe em sempre buscar a vit\u00f3ria.\u00a0\u201cCreio que nossa responsabilidade sempre que entrar em campo \u00e9 vencer. Ainda mais sabendo desse tabu. Tabus s\u00e3o feitos para se quebrar. Vamos para a Venezuela buscar essa vit\u00f3ria. Mas o mais importante agora \u00e9 vencer o Internacional, que \u00e9 nosso primeiro jogo no Brasileiro. Vamos em busca dos tr\u00eas pontos e depois pensar na Venezuela. Come\u00e7ar a Libertadores com o p\u00e9 direito \u00e9 importante\u201d, completou.<\/p>\n\n\n\n<h2 class=\"wp-block-heading\" id=\"h-o-flamengo-na-libertadores\">O Flamengo na Libertadores<\/h2>\n\n\n\n<p>O Flamengo, atual tricampe\u00e3o da Libertadores, entra em 2025 em busca do tetracampeonato. A equipe vem de grandes conquistas recentes na competi\u00e7\u00e3o, com t\u00edtulos em 2019 e 2022.&nbsp;<\/p>\n\n\n\n<p>Vale destacar que, al\u00e9m desses t\u00edtulos, o clube rubro-negro tem uma rica hist\u00f3ria no torneio, com a conquista do t\u00edtulo em 1981. O primeiro desafio do Flamengo na Libertadores deste ano ser\u00e1 contra o Deportivo T\u00e1chira, da Venezuela, na pr\u00f3xima quinta-feira (03).&nbsp;<\/p>\n\n\n\n<p>A expectativa \u00e9 alta para que o time comece sua jornada rumo ao quarto t\u00edtulo com uma vit\u00f3ria convincente.<\/p>\n","protected":false},"excerpt":{"rendered":"<p>A temporada 2025 j\u00e1 come\u00e7ou a todo vapor para o Flamengo, e a ansiedade \u00e9 vis\u00edvel. Neste s\u00e1bado (29), o Mais Querido encara o Internacional pela primeira rodada do Campeonato Brasileiro, mas jogadores e torcedores j\u00e1 est\u00e3o voltados para a grande estreia na Libertadores, que acontece na pr\u00f3xima quinta-feira (03).&nbsp; O atacante Luiz Ara\u00fajo, um [&hellip;]<\/p>\n","protected":false},"author":25,"featured_media":155239,"comment_status":"open","ping_status":"closed","sticky":false,"template":"","format":"standard","meta":{"footnotes":""},"categories":[1],"tags":[],"class_list":["post-245897","post","type-post","status-publish","format-standard","has-post-thumbnail","hentry","category-flamengo"],"yoast_head":"<!-- This site is optimized with the Yoast SEO Premium plugin v24.2 (Yoast SEO v26.9) - https:\/\/yoast.com\/product\/yoast-seo-premium-wordpress\/ -->\n<title>Flamengo: a declara\u00e7\u00e3o de Luiz Ara\u00fajo sobre a Libertadores<\/title>\n<meta name=\"robots\" content=\"index, follow, max-snippet:-1, max-image-preview:large, max-video-preview:-1\" \/>\n<link rel=\"canonical\" href=\"https:\/\/www.gaveanews.com\/index.php\/2025\/03\/28\/flamengo-a-declaracao-de-luiz-araujo-sobre-a-libertadores\/\" \/>\n<meta property=\"og:locale\" content=\"pt_BR\" \/>\n<meta property=\"og:type\" content=\"article\" \/>\n<meta property=\"og:title\" content=\"Flamengo: a declara\u00e7\u00e3o de Luiz Ara\u00fajo sobre a Libertadores\" \/>\n<meta property=\"og:description\" content=\"A temporada 2025 j\u00e1 come\u00e7ou a todo vapor para o Flamengo, e a ansiedade \u00e9 vis\u00edvel. Neste s\u00e1bado (29), o Mais Querido encara o Internacional pela primeira rodada do Campeonato Brasileiro, mas jogadores e torcedores j\u00e1 est\u00e3o voltados para a grande estreia na Libertadores, que acontece na pr\u00f3xima quinta-feira (03).&nbsp; O atacante Luiz Ara\u00fajo, um [&hellip;]\" \/>\n<meta property=\"og:url\" content=\"https:\/\/www.gaveanews.com\/index.php\/2025\/03\/28\/flamengo-a-declaracao-de-luiz-araujo-sobre-a-libertadores\/\" \/>\n<meta property=\"og:site_name\" content=\"G\u00e1vea News\" \/>\n<meta property=\"article:publisher\" content=\"https:\/\/facebook.com\/gaveaNews\/\" \/>\n<meta property=\"article:published_time\" content=\"2025-03-28T13:35:00+00:00\" \/>\n<meta property=\"og:image\" content=\"https:\/\/www.gaveanews.com\/wp-content\/uploads\/Luiz-Araujo-durante-jogo-entre-Flamengo-e-Atletico-GO-pelo-Brasileirao-em-2024.webp\" \/>\n\t<meta property=\"og:image:width\" content=\"1170\" \/>\n\t<meta property=\"og:image:height\" content=\"1276\" \/>\n\t<meta property=\"og:image:type\" content=\"image\/webp\" \/>\n<meta name=\"author\" content=\"Rafaela Ladeira\" \/>\n<meta name=\"twitter:card\" content=\"summary_large_image\" \/>\n<meta name=\"twitter:label1\" content=\"Escrito por\" \/>\n\t<meta name=\"twitter:data1\" content=\"Rafaela Ladeira\" \/>\n\t<meta name=\"twitter:label2\" content=\"Est. tempo de leitura\" \/>\n\t<meta name=\"twitter:data2\" content=\"3 minutos\" \/>\n<script type=\"application\/ld+json\" class=\"yoast-schema-graph\">{\"@context\":\"https:\/\/schema.org\",\"@graph\":[{\"@type\":\"NewsArticle\",\"@id\":\"https:\/\/www.gaveanews.com\/index.php\/2025\/03\/28\/flamengo-a-declaracao-de-luiz-araujo-sobre-a-libertadores\/#article\",\"isPartOf\":{\"@id\":\"https:\/\/www.gaveanews.com\/index.php\/2025\/03\/28\/flamengo-a-declaracao-de-luiz-araujo-sobre-a-libertadores\/\"},\"author\":{\"name\":\"Rafaela Ladeira\",\"@id\":\"https:\/\/www.gaveanews.com\/#\/schema\/person\/0eb3e3fe1754f0205218538adbe8f5ed\"},\"headline\":\"Flamengo: a declara\u00e7\u00e3o de Luiz Ara\u00fajo sobre a Libertadores\",\"datePublished\":\"2025-03-28T13:35:00+00:00\",\"mainEntityOfPage\":{\"@id\":\"https:\/\/www.gaveanews.com\/index.php\/2025\/03\/28\/flamengo-a-declaracao-de-luiz-araujo-sobre-a-libertadores\/\"},\"wordCount\":419,\"commentCount\":0,\"image\":{\"@id\":\"https:\/\/www.gaveanews.com\/index.php\/2025\/03\/28\/flamengo-a-declaracao-de-luiz-araujo-sobre-a-libertadores\/#primaryimage\"},\"thumbnailUrl\":\"https:\/\/www.gaveanews.com\/wp-content\/uploads\/Luiz-Araujo-durante-jogo-entre-Flamengo-e-Atletico-GO-pelo-Brasileirao-em-2024.webp\",\"articleSection\":[\"Flamengo\"],\"inLanguage\":\"pt-BR\",\"potentialAction\":[{\"@type\":\"CommentAction\",\"name\":\"Comment\",\"target\":[\"https:\/\/www.gaveanews.com\/index.php\/2025\/03\/28\/flamengo-a-declaracao-de-luiz-araujo-sobre-a-libertadores\/#respond\"]}],\"copyrightYear\":\"2025\",\"copyrightHolder\":{\"@id\":\"https:\/\/www.gaveanews.com\/#organization\"}},{\"@type\":\"WebPage\",\"@id\":\"https:\/\/www.gaveanews.com\/index.php\/2025\/03\/28\/flamengo-a-declaracao-de-luiz-araujo-sobre-a-libertadores\/\",\"url\":\"https:\/\/www.gaveanews.com\/index.php\/2025\/03\/28\/flamengo-a-declaracao-de-luiz-araujo-sobre-a-libertadores\/\",\"name\":\"Flamengo: a declara\u00e7\u00e3o de Luiz Ara\u00fajo sobre a Libertadores\",\"isPartOf\":{\"@id\":\"https:\/\/www.gaveanews.com\/#website\"},\"primaryImageOfPage\":{\"@id\":\"https:\/\/www.gaveanews.com\/index.php\/2025\/03\/28\/flamengo-a-declaracao-de-luiz-araujo-sobre-a-libertadores\/#primaryimage\"},\"image\":{\"@id\":\"https:\/\/www.gaveanews.com\/index.php\/2025\/03\/28\/flamengo-a-declaracao-de-luiz-araujo-sobre-a-libertadores\/#primaryimage\"},\"thumbnailUrl\":\"https:\/\/www.gaveanews.com\/wp-content\/uploads\/Luiz-Araujo-durante-jogo-entre-Flamengo-e-Atletico-GO-pelo-Brasileirao-em-2024.webp\",\"datePublished\":\"2025-03-28T13:35:00+00:00\",\"author\":{\"@id\":\"https:\/\/www.gaveanews.com\/#\/schema\/person\/0eb3e3fe1754f0205218538adbe8f5ed\"},\"breadcrumb\":{\"@id\":\"https:\/\/www.gaveanews.com\/index.php\/2025\/03\/28\/flamengo-a-declaracao-de-luiz-araujo-sobre-a-libertadores\/#breadcrumb\"},\"inLanguage\":\"pt-BR\",\"potentialAction\":[{\"@type\":\"ReadAction\",\"target\":[\"https:\/\/www.gaveanews.com\/index.php\/2025\/03\/28\/flamengo-a-declaracao-de-luiz-araujo-sobre-a-libertadores\/\"]}]},{\"@type\":\"ImageObject\",\"inLanguage\":\"pt-BR\",\"@id\":\"https:\/\/www.gaveanews.com\/index.php\/2025\/03\/28\/flamengo-a-declaracao-de-luiz-araujo-sobre-a-libertadores\/#primaryimage\",\"url\":\"https:\/\/www.gaveanews.com\/wp-content\/uploads\/Luiz-Araujo-durante-jogo-entre-Flamengo-e-Atletico-GO-pelo-Brasileirao-em-2024.webp\",\"contentUrl\":\"https:\/\/www.gaveanews.com\/wp-content\/uploads\/Luiz-Araujo-durante-jogo-entre-Flamengo-e-Atletico-GO-pelo-Brasileirao-em-2024.webp\",\"width\":1170,\"height\":1276,\"caption\":\"Luiz Ara\u00fajo durante jogo entre Flamengo e Atl\u00e9tico-GO, pelo Brasileir\u00e3o em 2024 (Foto: Reprodu\u00e7\u00e3o\/Instagram Luiz Ara\u00fajo)\"},{\"@type\":\"BreadcrumbList\",\"@id\":\"https:\/\/www.gaveanews.com\/index.php\/2025\/03\/28\/flamengo-a-declaracao-de-luiz-araujo-sobre-a-libertadores\/#breadcrumb\",\"itemListElement\":[{\"@type\":\"ListItem\",\"position\":1,\"name\":\"Home\",\"item\":\"https:\/\/www.gaveanews.com\/\"},{\"@type\":\"ListItem\",\"position\":2,\"name\":\"Flamengo: a declara\u00e7\u00e3o de Luiz Ara\u00fajo sobre a Libertadores\"}]},{\"@type\":\"WebSite\",\"@id\":\"https:\/\/www.gaveanews.com\/#website\",\"url\":\"https:\/\/www.gaveanews.com\/\",\"name\":\"G\u00e1vea News\",\"description\":\"Veja todas as not\u00edcias sobre o Flamengo: Contrata\u00e7\u00f5es, categorias de base, resultados das partidas, tabela de classifica\u00e7\u00e3o, pr\u00f3ximos jogos!\",\"potentialAction\":[{\"@type\":\"SearchAction\",\"target\":{\"@type\":\"EntryPoint\",\"urlTemplate\":\"https:\/\/www.gaveanews.com\/?s={search_term_string}\"},\"query-input\":{\"@type\":\"PropertyValueSpecification\",\"valueRequired\":true,\"valueName\":\"search_term_string\"}}],\"inLanguage\":\"pt-BR\"},{\"@type\":\"Person\",\"@id\":\"https:\/\/www.gaveanews.com\/#\/schema\/person\/0eb3e3fe1754f0205218538adbe8f5ed\",\"name\":\"Rafaela Ladeira\",\"image\":{\"@type\":\"ImageObject\",\"inLanguage\":\"pt-BR\",\"@id\":\"https:\/\/www.gaveanews.com\/#\/schema\/person\/image\/\",\"url\":\"https:\/\/secure.gravatar.com\/avatar\/c31f513acffd85eacab5730cbdfdbbf59f21ba5aeada8cd890acea879fbb2455?s=96&d=mm&r=g\",\"contentUrl\":\"https:\/\/secure.gravatar.com\/avatar\/c31f513acffd85eacab5730cbdfdbbf59f21ba5aeada8cd890acea879fbb2455?s=96&d=mm&r=g\",\"caption\":\"Rafaela Ladeira\"}}]}<\/script>\n<!-- \/ Yoast SEO Premium plugin. -->","yoast_head_json":{"title":"Flamengo: a declara\u00e7\u00e3o de Luiz Ara\u00fajo sobre a Libertadores","robots":{"index":"index","follow":"follow","max-snippet":"max-snippet:-1","max-image-preview":"max-image-preview:large","max-video-preview":"max-video-preview:-1"},"canonical":"https:\/\/www.gaveanews.com\/index.php\/2025\/03\/28\/flamengo-a-declaracao-de-luiz-araujo-sobre-a-libertadores\/","og_locale":"pt_BR","og_type":"article","og_title":"Flamengo: a declara\u00e7\u00e3o de Luiz Ara\u00fajo sobre a Libertadores","og_description":"A temporada 2025 j\u00e1 come\u00e7ou a todo vapor para o Flamengo, e a ansiedade \u00e9 vis\u00edvel. Neste s\u00e1bado (29), o Mais Querido encara o Internacional pela primeira rodada do Campeonato Brasileiro, mas jogadores e torcedores j\u00e1 est\u00e3o voltados para a grande estreia na Libertadores, que acontece na pr\u00f3xima quinta-feira (03).&nbsp; O atacante Luiz Ara\u00fajo, um [&hellip;]","og_url":"https:\/\/www.gaveanews.com\/index.php\/2025\/03\/28\/flamengo-a-declaracao-de-luiz-araujo-sobre-a-libertadores\/","og_site_name":"G\u00e1vea News","article_publisher":"https:\/\/facebook.com\/gaveaNews\/","article_published_time":"2025-03-28T13:35:00+00:00","og_image":[{"width":1170,"height":1276,"url":"https:\/\/www.gaveanews.com\/wp-content\/uploads\/Luiz-Araujo-durante-jogo-entre-Flamengo-e-Atletico-GO-pelo-Brasileirao-em-2024.webp","type":"image\/webp"}],"author":"Rafaela Ladeira","twitter_card":"summary_large_image","twitter_misc":{"Escrito por":"Rafaela Ladeira","Est. tempo de leitura":"3 minutos"},"schema":{"@context":"https:\/\/schema.org","@graph":[{"@type":"NewsArticle","@id":"https:\/\/www.gaveanews.com\/index.php\/2025\/03\/28\/flamengo-a-declaracao-de-luiz-araujo-sobre-a-libertadores\/#article","isPartOf":{"@id":"https:\/\/www.gaveanews.com\/index.php\/2025\/03\/28\/flamengo-a-declaracao-de-luiz-araujo-sobre-a-libertadores\/"},"author":{"name":"Rafaela Ladeira","@id":"https:\/\/www.gaveanews.com\/#\/schema\/person\/0eb3e3fe1754f0205218538adbe8f5ed"},"headline":"Flamengo: a declara\u00e7\u00e3o de Luiz Ara\u00fajo sobre a Libertadores","datePublished":"2025-03-28T13:35:00+00:00","mainEntityOfPage":{"@id":"https:\/\/www.gaveanews.com\/index.php\/2025\/03\/28\/flamengo-a-declaracao-de-luiz-araujo-sobre-a-libertadores\/"},"wordCount":419,"commentCount":0,"image":{"@id":"https:\/\/www.gaveanews.com\/index.php\/2025\/03\/28\/flamengo-a-declaracao-de-luiz-araujo-sobre-a-libertadores\/#primaryimage"},"thumbnailUrl":"https:\/\/www.gaveanews.com\/wp-content\/uploads\/Luiz-Araujo-durante-jogo-entre-Flamengo-e-Atletico-GO-pelo-Brasileirao-em-2024.webp","articleSection":["Flamengo"],"inLanguage":"pt-BR","potentialAction":[{"@type":"CommentAction","name":"Comment","target":["https:\/\/www.gaveanews.com\/index.php\/2025\/03\/28\/flamengo-a-declaracao-de-luiz-araujo-sobre-a-libertadores\/#respond"]}],"copyrightYear":"2025","copyrightHolder":{"@id":"https:\/\/www.gaveanews.com\/#organization"}},{"@type":"WebPage","@id":"https:\/\/www.gaveanews.com\/index.php\/2025\/03\/28\/flamengo-a-declaracao-de-luiz-araujo-sobre-a-libertadores\/","url":"https:\/\/www.gaveanews.com\/index.php\/2025\/03\/28\/flamengo-a-declaracao-de-luiz-araujo-sobre-a-libertadores\/","name":"Flamengo: a declara\u00e7\u00e3o de Luiz Ara\u00fajo sobre a Libertadores","isPartOf":{"@id":"https:\/\/www.gaveanews.com\/#website"},"primaryImageOfPage":{"@id":"https:\/\/www.gaveanews.com\/index.php\/2025\/03\/28\/flamengo-a-declaracao-de-luiz-araujo-sobre-a-libertadores\/#primaryimage"},"image":{"@id":"https:\/\/www.gaveanews.com\/index.php\/2025\/03\/28\/flamengo-a-declaracao-de-luiz-araujo-sobre-a-libertadores\/#primaryimage"},"thumbnailUrl":"https:\/\/www.gaveanews.com\/wp-content\/uploads\/Luiz-Araujo-durante-jogo-entre-Flamengo-e-Atletico-GO-pelo-Brasileirao-em-2024.webp","datePublished":"2025-03-28T13:35:00+00:00","author":{"@id":"https:\/\/www.gaveanews.com\/#\/schema\/person\/0eb3e3fe1754f0205218538adbe8f5ed"},"breadcrumb":{"@id":"https:\/\/www.gaveanews.com\/index.php\/2025\/03\/28\/flamengo-a-declaracao-de-luiz-araujo-sobre-a-libertadores\/#breadcrumb"},"inLanguage":"pt-BR","potentialAction":[{"@type":"ReadAction","target":["https:\/\/www.gaveanews.com\/index.php\/2025\/03\/28\/flamengo-a-declaracao-de-luiz-araujo-sobre-a-libertadores\/"]}]},{"@type":"ImageObject","inLanguage":"pt-BR","@id":"https:\/\/www.gaveanews.com\/index.php\/2025\/03\/28\/flamengo-a-declaracao-de-luiz-araujo-sobre-a-libertadores\/#primaryimage","url":"https:\/\/www.gaveanews.com\/wp-content\/uploads\/Luiz-Araujo-durante-jogo-entre-Flamengo-e-Atletico-GO-pelo-Brasileirao-em-2024.webp","contentUrl":"https:\/\/www.gaveanews.com\/wp-content\/uploads\/Luiz-Araujo-durante-jogo-entre-Flamengo-e-Atletico-GO-pelo-Brasileirao-em-2024.webp","width":1170,"height":1276,"caption":"Luiz Ara\u00fajo durante jogo entre Flamengo e Atl\u00e9tico-GO, pelo Brasileir\u00e3o em 2024 (Foto: Reprodu\u00e7\u00e3o\/Instagram Luiz Ara\u00fajo)"},{"@type":"BreadcrumbList","@id":"https:\/\/www.gaveanews.com\/index.php\/2025\/03\/28\/flamengo-a-declaracao-de-luiz-araujo-sobre-a-libertadores\/#breadcrumb","itemListElement":[{"@type":"ListItem","position":1,"name":"Home","item":"https:\/\/www.gaveanews.com\/"},{"@type":"ListItem","position":2,"name":"Flamengo: a declara\u00e7\u00e3o de Luiz Ara\u00fajo sobre a Libertadores"}]},{"@type":"WebSite","@id":"https:\/\/www.gaveanews.com\/#website","url":"https:\/\/www.gaveanews.com\/","name":"G\u00e1vea News","description":"Veja todas as not\u00edcias sobre o Flamengo: Contrata\u00e7\u00f5es, categorias de base, resultados das partidas, tabela de classifica\u00e7\u00e3o, pr\u00f3ximos jogos!","potentialAction":[{"@type":"SearchAction","target":{"@type":"EntryPoint","urlTemplate":"https:\/\/www.gaveanews.com\/?s={search_term_string}"},"query-input":{"@type":"PropertyValueSpecification","valueRequired":true,"valueName":"search_term_string"}}],"inLanguage":"pt-BR"},{"@type":"Person","@id":"https:\/\/www.gaveanews.com\/#\/schema\/person\/0eb3e3fe1754f0205218538adbe8f5ed","name":"Rafaela Ladeira","image":{"@type":"ImageObject","inLanguage":"pt-BR","@id":"https:\/\/www.gaveanews.com\/#\/schema\/person\/image\/","url":"https:\/\/secure.gravatar.com\/avatar\/c31f513acffd85eacab5730cbdfdbbf59f21ba5aeada8cd890acea879fbb2455?s=96&d=mm&r=g","contentUrl":"https:\/\/secure.gravatar.com\/avatar\/c31f513acffd85eacab5730cbdfdbbf59f21ba5aeada8cd890acea879fbb2455?s=96&d=mm&r=g","caption":"Rafaela Ladeira"}}]}},"_links":{"self":[{"href":"https:\/\/www.gaveanews.com\/index.php\/wp-json\/wp\/v2\/posts\/245897","targetHints":{"allow":["GET"]}}],"collection":[{"href":"https:\/\/www.gaveanews.com\/index.php\/wp-json\/wp\/v2\/posts"}],"about":[{"href":"https:\/\/www.gaveanews.com\/index.php\/wp-json\/wp\/v2\/types\/post"}],"author":[{"embeddable":true,"href":"https:\/\/www.gaveanews.com\/index.php\/wp-json\/wp\/v2\/users\/25"}],"replies":[{"embeddable":true,"href":"https:\/\/www.gaveanews.com\/index.php\/wp-json\/wp\/v2\/comments?post=245897"}],"version-history":[{"count":1,"href":"https:\/\/www.gaveanews.com\/index.php\/wp-json\/wp\/v2\/posts\/245897\/revisions"}],"predecessor-version":[{"id":245899,"href":"https:\/\/www.gaveanews.com\/index.php\/wp-json\/wp\/v2\/posts\/245897\/revisions\/245899"}],"wp:featuredmedia":[{"embeddable":true,"href":"https:\/\/www.gaveanews.com\/index.php\/wp-json\/wp\/v2\/media\/155239"}],"wp:attachment":[{"href":"https:\/\/www.gaveanews.com\/index.php\/wp-json\/wp\/v2\/media?parent=245897"}],"wp:term":[{"taxonomy":"category","embeddable":true,"href":"https:\/\/www.gaveanews.com\/index.php\/wp-json\/wp\/v2\/categories?post=245897"},{"taxonomy":"post_tag","embeddable":true,"href":"https:\/\/www.gaveanews.com\/index.php\/wp-json\/wp\/v2\/tags?post=245897"}],"curies":[{"name":"wp","href":"https:\/\/api.w.org\/{rel}","templated":true}]}}