{"id":245898,"date":"2025-03-28T10:40:00","date_gmt":"2025-03-28T13:40:00","guid":{"rendered":"https:\/\/www.gaveanews.com\/?p=245898"},"modified":"2025-03-28T10:29:52","modified_gmt":"2025-03-28T13:29:52","slug":"video-a-declaracao-de-gerson-direcionada-a-wesley-do-flamengo","status":"publish","type":"post","link":"https:\/\/www.gaveanews.com\/index.php\/2025\/03\/28\/video-a-declaracao-de-gerson-direcionada-a-wesley-do-flamengo\/","title":{"rendered":"V\u00eddeo: a declara\u00e7\u00e3o de Gerson direcionada a Wesley, do Flamengo"},"content":{"rendered":"\n<p>Durante a premia\u00e7\u00e3o do Campeonato Carioca 2025, Gerson, capit\u00e3o do Flamengo, aproveitou para falar sobre seu companheiro de equipe, o lateral Wesley, e a poss\u00edvel sa\u00edda do jogador para o futebol europeu. A declara\u00e7\u00e3o do meia, que foi eleito o melhor jogador da competi\u00e7\u00e3o, refletiu sua rela\u00e7\u00e3o pr\u00f3xima com o jovem lateral, al\u00e9m de mostrar o quanto ele valoriza a trajet\u00f3ria de Wesley.<\/p>\n\n\n\n<h2 class=\"wp-block-heading\" id=\"h-a-amizade-e-o-reconhecimento-de-gerson-a-wesley\">A amizade e o reconhecimento de Gerson a Wesley<\/h2>\n\n\n\n<blockquote class=\"twitter-tweet\" data-media-max-width=\"560\"><p lang=\"pt\" dir=\"ltr\">O Gerson falou sobre a poss\u00edvel sa\u00edda de Wesley para a Europa! <a href=\"https:\/\/t.co\/SllYFS2TYF\">pic.twitter.com\/SllYFS2TYF<\/a><\/p>&mdash; TNT Sports BR (@TNTSportsBR) <a href=\"https:\/\/twitter.com\/TNTSportsBR\/status\/1905408278760222978?ref_src=twsrc%5Etfw\">March 27, 2025<\/a><\/blockquote> <script async src=\"https:\/\/platform.twitter.com\/widgets.js\" charset=\"utf-8\"><\/script>\n\n\n\n<p>Gerson, sendo um dos maiores l\u00edderes do Flamengo, demonstrou em suas palavras a import\u00e2ncia de manter o grupo unido e focado. &#8220;Wesley que \u00e9 da minha fam\u00edlia j\u00e1, mas se fosse outra pessoa eu faria do mesmo jeito. Tem que estar sempre o mais conectado com o grupo o mais r\u00e1pido poss\u00edvel&#8221;, disse o jogador, destacando o bom relacionamento entre ele e o lateral.<\/p>\n\n\n\n<p>O meia do Flamengo ainda falou sobre a amizade com Wesley de maneira descontra\u00edda, mostrando a leveza de sua rela\u00e7\u00e3o com o jogador. <\/p>\n\n\n\n<p>&#8220;Eu s\u00f3 chamo ele de abusado e ele me chama de velho rabugento. Mas \u00e9 um moleque que merece, \u00e9 um cara que soube dar a volta por cima, a gente sabe que \u00e9 dif\u00edcil no futebol para pessoas com mais idade, ainda mais quando tu tem menos idade&#8221;, afirmou Gerson, ressaltando o potencial do jovem lateral.<\/p>\n\n\n\n<h2 class=\"wp-block-heading\" id=\"h-gerson-fala-sobre-o-futuro-de-wesley-no-flamengo\">Gerson fala sobre o futuro de Wesley no Flamengo<\/h2>\n\n\n\n<p>Vale destacar que Gerson tamb\u00e9m aproveitou para dar conselhos a Wesley sobre sua carreira. &#8220;Falei para ele que tem que aproveitar, claro, com a cabe\u00e7a no lugar, na dire\u00e7\u00e3o certa. Aproveitar e continuar pensando no futuro dele e a quest\u00e3o dele sair eu falei no Estados Unidos. A amizade vai continuar se ele tiver que ir&#8221;, disse o capit\u00e3o do Flamengo, destacando que, se a transfer\u00eancia for boa para o clube e para o jogador, ele ficar\u00e1 feliz.<\/p>\n\n\n\n<h2 class=\"wp-block-heading\" id=\"h-flamengo-dominando-o-campeonato-carioca-2025\">Flamengo dominando o Campeonato Carioca 2025<\/h2>\n\n\n\n<p>Al\u00e9m da declara\u00e7\u00e3o sobre Wesley, Gerson teve um motivo a mais para comemorar. O Flamengo, sob sua lideran\u00e7a, conquistou o Campeonato Carioca 2025, dominando a Sele\u00e7\u00e3o do Estadual e mostrando sua for\u00e7a na competi\u00e7\u00e3o. Com isso, Gerson recebeu o merecido pr\u00eamio de melhor jogador do campeonato, coroando uma temporada de grande sucesso para o Meng\u00e3o. Portanto, a fase do Flamengo e de seus jogadores segue mais forte do que nunca.<\/p>\n","protected":false},"excerpt":{"rendered":"<p>Durante a premia\u00e7\u00e3o do Campeonato Carioca 2025, Gerson, capit\u00e3o do Flamengo, aproveitou para falar sobre seu companheiro de equipe, o lateral Wesley, e a poss\u00edvel sa\u00edda do jogador para o futebol europeu. A declara\u00e7\u00e3o do meia, que foi eleito o melhor jogador da competi\u00e7\u00e3o, refletiu sua rela\u00e7\u00e3o pr\u00f3xima com o jovem lateral, al\u00e9m de mostrar [&hellip;]<\/p>\n","protected":false},"author":24,"featured_media":145515,"comment_status":"open","ping_status":"closed","sticky":false,"template":"","format":"standard","meta":{"footnotes":""},"categories":[1],"tags":[],"class_list":["post-245898","post","type-post","status-publish","format-standard","has-post-thumbnail","hentry","category-flamengo"],"yoast_head":"<!-- This site is optimized with the Yoast SEO Premium plugin v24.2 (Yoast SEO v26.9) - https:\/\/yoast.com\/product\/yoast-seo-premium-wordpress\/ -->\n<title>V\u00eddeo: a declara\u00e7\u00e3o de Gerson direcionada a Wesley, do Flamengo<\/title>\n<meta name=\"robots\" content=\"index, follow, max-snippet:-1, max-image-preview:large, max-video-preview:-1\" \/>\n<link rel=\"canonical\" href=\"https:\/\/www.gaveanews.com\/index.php\/2025\/03\/28\/video-a-declaracao-de-gerson-direcionada-a-wesley-do-flamengo\/\" \/>\n<meta property=\"og:locale\" content=\"pt_BR\" \/>\n<meta property=\"og:type\" content=\"article\" \/>\n<meta property=\"og:title\" content=\"V\u00eddeo: a declara\u00e7\u00e3o de Gerson direcionada a Wesley, do Flamengo\" \/>\n<meta property=\"og:description\" content=\"Durante a premia\u00e7\u00e3o do Campeonato Carioca 2025, Gerson, capit\u00e3o do Flamengo, aproveitou para falar sobre seu companheiro de equipe, o lateral Wesley, e a poss\u00edvel sa\u00edda do jogador para o futebol europeu. A declara\u00e7\u00e3o do meia, que foi eleito o melhor jogador da competi\u00e7\u00e3o, refletiu sua rela\u00e7\u00e3o pr\u00f3xima com o jovem lateral, al\u00e9m de mostrar [&hellip;]\" \/>\n<meta property=\"og:url\" content=\"https:\/\/www.gaveanews.com\/index.php\/2025\/03\/28\/video-a-declaracao-de-gerson-direcionada-a-wesley-do-flamengo\/\" \/>\n<meta property=\"og:site_name\" content=\"G\u00e1vea News\" \/>\n<meta property=\"article:publisher\" content=\"https:\/\/facebook.com\/gaveaNews\/\" \/>\n<meta property=\"article:published_time\" content=\"2025-03-28T13:40:00+00:00\" \/>\n<meta property=\"og:image\" content=\"https:\/\/www.gaveanews.com\/wp-content\/uploads\/gerson-flamengo-1_20240516121740.webp\" \/>\n\t<meta property=\"og:image:width\" content=\"1280\" \/>\n\t<meta property=\"og:image:height\" content=\"720\" \/>\n\t<meta property=\"og:image:type\" content=\"image\/webp\" \/>\n<meta name=\"author\" content=\"Leandro Cardoso\" \/>\n<meta name=\"twitter:card\" content=\"summary_large_image\" \/>\n<meta name=\"twitter:label1\" content=\"Escrito por\" \/>\n\t<meta name=\"twitter:data1\" content=\"Leandro Cardoso\" \/>\n\t<meta name=\"twitter:label2\" content=\"Est. tempo de leitura\" \/>\n\t<meta name=\"twitter:data2\" content=\"3 minutos\" \/>\n<script type=\"application\/ld+json\" class=\"yoast-schema-graph\">{\"@context\":\"https:\/\/schema.org\",\"@graph\":[{\"@type\":\"NewsArticle\",\"@id\":\"https:\/\/www.gaveanews.com\/index.php\/2025\/03\/28\/video-a-declaracao-de-gerson-direcionada-a-wesley-do-flamengo\/#article\",\"isPartOf\":{\"@id\":\"https:\/\/www.gaveanews.com\/index.php\/2025\/03\/28\/video-a-declaracao-de-gerson-direcionada-a-wesley-do-flamengo\/\"},\"author\":{\"name\":\"Leandro Cardoso\",\"@id\":\"https:\/\/www.gaveanews.com\/#\/schema\/person\/2424ec6409bc3f068411fc5e4e9b6168\"},\"headline\":\"V\u00eddeo: a declara\u00e7\u00e3o de Gerson direcionada a Wesley, do Flamengo\",\"datePublished\":\"2025-03-28T13:40:00+00:00\",\"mainEntityOfPage\":{\"@id\":\"https:\/\/www.gaveanews.com\/index.php\/2025\/03\/28\/video-a-declaracao-de-gerson-direcionada-a-wesley-do-flamengo\/\"},\"wordCount\":441,\"commentCount\":0,\"image\":{\"@id\":\"https:\/\/www.gaveanews.com\/index.php\/2025\/03\/28\/video-a-declaracao-de-gerson-direcionada-a-wesley-do-flamengo\/#primaryimage\"},\"thumbnailUrl\":\"https:\/\/www.gaveanews.com\/wp-content\/uploads\/gerson-flamengo-1_20240516121740.webp\",\"articleSection\":[\"Flamengo\"],\"inLanguage\":\"pt-BR\",\"potentialAction\":[{\"@type\":\"CommentAction\",\"name\":\"Comment\",\"target\":[\"https:\/\/www.gaveanews.com\/index.php\/2025\/03\/28\/video-a-declaracao-de-gerson-direcionada-a-wesley-do-flamengo\/#respond\"]}],\"copyrightYear\":\"2025\",\"copyrightHolder\":{\"@id\":\"https:\/\/www.gaveanews.com\/#organization\"}},{\"@type\":\"WebPage\",\"@id\":\"https:\/\/www.gaveanews.com\/index.php\/2025\/03\/28\/video-a-declaracao-de-gerson-direcionada-a-wesley-do-flamengo\/\",\"url\":\"https:\/\/www.gaveanews.com\/index.php\/2025\/03\/28\/video-a-declaracao-de-gerson-direcionada-a-wesley-do-flamengo\/\",\"name\":\"V\u00eddeo: a declara\u00e7\u00e3o de Gerson direcionada a Wesley, do Flamengo\",\"isPartOf\":{\"@id\":\"https:\/\/www.gaveanews.com\/#website\"},\"primaryImageOfPage\":{\"@id\":\"https:\/\/www.gaveanews.com\/index.php\/2025\/03\/28\/video-a-declaracao-de-gerson-direcionada-a-wesley-do-flamengo\/#primaryimage\"},\"image\":{\"@id\":\"https:\/\/www.gaveanews.com\/index.php\/2025\/03\/28\/video-a-declaracao-de-gerson-direcionada-a-wesley-do-flamengo\/#primaryimage\"},\"thumbnailUrl\":\"https:\/\/www.gaveanews.com\/wp-content\/uploads\/gerson-flamengo-1_20240516121740.webp\",\"datePublished\":\"2025-03-28T13:40:00+00:00\",\"author\":{\"@id\":\"https:\/\/www.gaveanews.com\/#\/schema\/person\/2424ec6409bc3f068411fc5e4e9b6168\"},\"breadcrumb\":{\"@id\":\"https:\/\/www.gaveanews.com\/index.php\/2025\/03\/28\/video-a-declaracao-de-gerson-direcionada-a-wesley-do-flamengo\/#breadcrumb\"},\"inLanguage\":\"pt-BR\",\"potentialAction\":[{\"@type\":\"ReadAction\",\"target\":[\"https:\/\/www.gaveanews.com\/index.php\/2025\/03\/28\/video-a-declaracao-de-gerson-direcionada-a-wesley-do-flamengo\/\"]}]},{\"@type\":\"ImageObject\",\"inLanguage\":\"pt-BR\",\"@id\":\"https:\/\/www.gaveanews.com\/index.php\/2025\/03\/28\/video-a-declaracao-de-gerson-direcionada-a-wesley-do-flamengo\/#primaryimage\",\"url\":\"https:\/\/www.gaveanews.com\/wp-content\/uploads\/gerson-flamengo-1_20240516121740.webp\",\"contentUrl\":\"https:\/\/www.gaveanews.com\/wp-content\/uploads\/gerson-flamengo-1_20240516121740.webp\",\"width\":1280,\"height\":720,\"caption\":\"Reprodu\u00e7\u00e3o\"},{\"@type\":\"BreadcrumbList\",\"@id\":\"https:\/\/www.gaveanews.com\/index.php\/2025\/03\/28\/video-a-declaracao-de-gerson-direcionada-a-wesley-do-flamengo\/#breadcrumb\",\"itemListElement\":[{\"@type\":\"ListItem\",\"position\":1,\"name\":\"Home\",\"item\":\"https:\/\/www.gaveanews.com\/\"},{\"@type\":\"ListItem\",\"position\":2,\"name\":\"V\u00eddeo: a declara\u00e7\u00e3o de Gerson direcionada a Wesley, do Flamengo\"}]},{\"@type\":\"WebSite\",\"@id\":\"https:\/\/www.gaveanews.com\/#website\",\"url\":\"https:\/\/www.gaveanews.com\/\",\"name\":\"G\u00e1vea News\",\"description\":\"Veja todas as not\u00edcias sobre o Flamengo: Contrata\u00e7\u00f5es, categorias de base, resultados das partidas, tabela de classifica\u00e7\u00e3o, pr\u00f3ximos jogos!\",\"potentialAction\":[{\"@type\":\"SearchAction\",\"target\":{\"@type\":\"EntryPoint\",\"urlTemplate\":\"https:\/\/www.gaveanews.com\/?s={search_term_string}\"},\"query-input\":{\"@type\":\"PropertyValueSpecification\",\"valueRequired\":true,\"valueName\":\"search_term_string\"}}],\"inLanguage\":\"pt-BR\"},{\"@type\":\"Person\",\"@id\":\"https:\/\/www.gaveanews.com\/#\/schema\/person\/2424ec6409bc3f068411fc5e4e9b6168\",\"name\":\"Leandro Cardoso\",\"image\":{\"@type\":\"ImageObject\",\"inLanguage\":\"pt-BR\",\"@id\":\"https:\/\/www.gaveanews.com\/#\/schema\/person\/image\/\",\"url\":\"https:\/\/secure.gravatar.com\/avatar\/8ca179f9b55eefe9f376f5493ef25475bfa59fbc28ce937f6076ce20e523098f?s=96&d=mm&r=g\",\"contentUrl\":\"https:\/\/secure.gravatar.com\/avatar\/8ca179f9b55eefe9f376f5493ef25475bfa59fbc28ce937f6076ce20e523098f?s=96&d=mm&r=g\",\"caption\":\"Leandro Cardoso\"}}]}<\/script>\n<!-- \/ Yoast SEO Premium plugin. -->","yoast_head_json":{"title":"V\u00eddeo: a declara\u00e7\u00e3o de Gerson direcionada a Wesley, do Flamengo","robots":{"index":"index","follow":"follow","max-snippet":"max-snippet:-1","max-image-preview":"max-image-preview:large","max-video-preview":"max-video-preview:-1"},"canonical":"https:\/\/www.gaveanews.com\/index.php\/2025\/03\/28\/video-a-declaracao-de-gerson-direcionada-a-wesley-do-flamengo\/","og_locale":"pt_BR","og_type":"article","og_title":"V\u00eddeo: a declara\u00e7\u00e3o de Gerson direcionada a Wesley, do Flamengo","og_description":"Durante a premia\u00e7\u00e3o do Campeonato Carioca 2025, Gerson, capit\u00e3o do Flamengo, aproveitou para falar sobre seu companheiro de equipe, o lateral Wesley, e a poss\u00edvel sa\u00edda do jogador para o futebol europeu. A declara\u00e7\u00e3o do meia, que foi eleito o melhor jogador da competi\u00e7\u00e3o, refletiu sua rela\u00e7\u00e3o pr\u00f3xima com o jovem lateral, al\u00e9m de mostrar [&hellip;]","og_url":"https:\/\/www.gaveanews.com\/index.php\/2025\/03\/28\/video-a-declaracao-de-gerson-direcionada-a-wesley-do-flamengo\/","og_site_name":"G\u00e1vea News","article_publisher":"https:\/\/facebook.com\/gaveaNews\/","article_published_time":"2025-03-28T13:40:00+00:00","og_image":[{"width":1280,"height":720,"url":"https:\/\/www.gaveanews.com\/wp-content\/uploads\/gerson-flamengo-1_20240516121740.webp","type":"image\/webp"}],"author":"Leandro Cardoso","twitter_card":"summary_large_image","twitter_misc":{"Escrito por":"Leandro Cardoso","Est. tempo de leitura":"3 minutos"},"schema":{"@context":"https:\/\/schema.org","@graph":[{"@type":"NewsArticle","@id":"https:\/\/www.gaveanews.com\/index.php\/2025\/03\/28\/video-a-declaracao-de-gerson-direcionada-a-wesley-do-flamengo\/#article","isPartOf":{"@id":"https:\/\/www.gaveanews.com\/index.php\/2025\/03\/28\/video-a-declaracao-de-gerson-direcionada-a-wesley-do-flamengo\/"},"author":{"name":"Leandro Cardoso","@id":"https:\/\/www.gaveanews.com\/#\/schema\/person\/2424ec6409bc3f068411fc5e4e9b6168"},"headline":"V\u00eddeo: a declara\u00e7\u00e3o de Gerson direcionada a Wesley, do Flamengo","datePublished":"2025-03-28T13:40:00+00:00","mainEntityOfPage":{"@id":"https:\/\/www.gaveanews.com\/index.php\/2025\/03\/28\/video-a-declaracao-de-gerson-direcionada-a-wesley-do-flamengo\/"},"wordCount":441,"commentCount":0,"image":{"@id":"https:\/\/www.gaveanews.com\/index.php\/2025\/03\/28\/video-a-declaracao-de-gerson-direcionada-a-wesley-do-flamengo\/#primaryimage"},"thumbnailUrl":"https:\/\/www.gaveanews.com\/wp-content\/uploads\/gerson-flamengo-1_20240516121740.webp","articleSection":["Flamengo"],"inLanguage":"pt-BR","potentialAction":[{"@type":"CommentAction","name":"Comment","target":["https:\/\/www.gaveanews.com\/index.php\/2025\/03\/28\/video-a-declaracao-de-gerson-direcionada-a-wesley-do-flamengo\/#respond"]}],"copyrightYear":"2025","copyrightHolder":{"@id":"https:\/\/www.gaveanews.com\/#organization"}},{"@type":"WebPage","@id":"https:\/\/www.gaveanews.com\/index.php\/2025\/03\/28\/video-a-declaracao-de-gerson-direcionada-a-wesley-do-flamengo\/","url":"https:\/\/www.gaveanews.com\/index.php\/2025\/03\/28\/video-a-declaracao-de-gerson-direcionada-a-wesley-do-flamengo\/","name":"V\u00eddeo: a declara\u00e7\u00e3o de Gerson direcionada a Wesley, do Flamengo","isPartOf":{"@id":"https:\/\/www.gaveanews.com\/#website"},"primaryImageOfPage":{"@id":"https:\/\/www.gaveanews.com\/index.php\/2025\/03\/28\/video-a-declaracao-de-gerson-direcionada-a-wesley-do-flamengo\/#primaryimage"},"image":{"@id":"https:\/\/www.gaveanews.com\/index.php\/2025\/03\/28\/video-a-declaracao-de-gerson-direcionada-a-wesley-do-flamengo\/#primaryimage"},"thumbnailUrl":"https:\/\/www.gaveanews.com\/wp-content\/uploads\/gerson-flamengo-1_20240516121740.webp","datePublished":"2025-03-28T13:40:00+00:00","author":{"@id":"https:\/\/www.gaveanews.com\/#\/schema\/person\/2424ec6409bc3f068411fc5e4e9b6168"},"breadcrumb":{"@id":"https:\/\/www.gaveanews.com\/index.php\/2025\/03\/28\/video-a-declaracao-de-gerson-direcionada-a-wesley-do-flamengo\/#breadcrumb"},"inLanguage":"pt-BR","potentialAction":[{"@type":"ReadAction","target":["https:\/\/www.gaveanews.com\/index.php\/2025\/03\/28\/video-a-declaracao-de-gerson-direcionada-a-wesley-do-flamengo\/"]}]},{"@type":"ImageObject","inLanguage":"pt-BR","@id":"https:\/\/www.gaveanews.com\/index.php\/2025\/03\/28\/video-a-declaracao-de-gerson-direcionada-a-wesley-do-flamengo\/#primaryimage","url":"https:\/\/www.gaveanews.com\/wp-content\/uploads\/gerson-flamengo-1_20240516121740.webp","contentUrl":"https:\/\/www.gaveanews.com\/wp-content\/uploads\/gerson-flamengo-1_20240516121740.webp","width":1280,"height":720,"caption":"Reprodu\u00e7\u00e3o"},{"@type":"BreadcrumbList","@id":"https:\/\/www.gaveanews.com\/index.php\/2025\/03\/28\/video-a-declaracao-de-gerson-direcionada-a-wesley-do-flamengo\/#breadcrumb","itemListElement":[{"@type":"ListItem","position":1,"name":"Home","item":"https:\/\/www.gaveanews.com\/"},{"@type":"ListItem","position":2,"name":"V\u00eddeo: a declara\u00e7\u00e3o de Gerson direcionada a Wesley, do Flamengo"}]},{"@type":"WebSite","@id":"https:\/\/www.gaveanews.com\/#website","url":"https:\/\/www.gaveanews.com\/","name":"G\u00e1vea News","description":"Veja todas as not\u00edcias sobre o Flamengo: Contrata\u00e7\u00f5es, categorias de base, resultados das partidas, tabela de classifica\u00e7\u00e3o, pr\u00f3ximos jogos!","potentialAction":[{"@type":"SearchAction","target":{"@type":"EntryPoint","urlTemplate":"https:\/\/www.gaveanews.com\/?s={search_term_string}"},"query-input":{"@type":"PropertyValueSpecification","valueRequired":true,"valueName":"search_term_string"}}],"inLanguage":"pt-BR"},{"@type":"Person","@id":"https:\/\/www.gaveanews.com\/#\/schema\/person\/2424ec6409bc3f068411fc5e4e9b6168","name":"Leandro Cardoso","image":{"@type":"ImageObject","inLanguage":"pt-BR","@id":"https:\/\/www.gaveanews.com\/#\/schema\/person\/image\/","url":"https:\/\/secure.gravatar.com\/avatar\/8ca179f9b55eefe9f376f5493ef25475bfa59fbc28ce937f6076ce20e523098f?s=96&d=mm&r=g","contentUrl":"https:\/\/secure.gravatar.com\/avatar\/8ca179f9b55eefe9f376f5493ef25475bfa59fbc28ce937f6076ce20e523098f?s=96&d=mm&r=g","caption":"Leandro Cardoso"}}]}},"_links":{"self":[{"href":"https:\/\/www.gaveanews.com\/index.php\/wp-json\/wp\/v2\/posts\/245898","targetHints":{"allow":["GET"]}}],"collection":[{"href":"https:\/\/www.gaveanews.com\/index.php\/wp-json\/wp\/v2\/posts"}],"about":[{"href":"https:\/\/www.gaveanews.com\/index.php\/wp-json\/wp\/v2\/types\/post"}],"author":[{"embeddable":true,"href":"https:\/\/www.gaveanews.com\/index.php\/wp-json\/wp\/v2\/users\/24"}],"replies":[{"embeddable":true,"href":"https:\/\/www.gaveanews.com\/index.php\/wp-json\/wp\/v2\/comments?post=245898"}],"version-history":[{"count":1,"href":"https:\/\/www.gaveanews.com\/index.php\/wp-json\/wp\/v2\/posts\/245898\/revisions"}],"predecessor-version":[{"id":245900,"href":"https:\/\/www.gaveanews.com\/index.php\/wp-json\/wp\/v2\/posts\/245898\/revisions\/245900"}],"wp:featuredmedia":[{"embeddable":true,"href":"https:\/\/www.gaveanews.com\/index.php\/wp-json\/wp\/v2\/media\/145515"}],"wp:attachment":[{"href":"https:\/\/www.gaveanews.com\/index.php\/wp-json\/wp\/v2\/media?parent=245898"}],"wp:term":[{"taxonomy":"category","embeddable":true,"href":"https:\/\/www.gaveanews.com\/index.php\/wp-json\/wp\/v2\/categories?post=245898"},{"taxonomy":"post_tag","embeddable":true,"href":"https:\/\/www.gaveanews.com\/index.php\/wp-json\/wp\/v2\/tags?post=245898"}],"curies":[{"name":"wp","href":"https:\/\/api.w.org\/{rel}","templated":true}]}}