{"id":245901,"date":"2025-03-28T10:45:00","date_gmt":"2025-03-28T13:45:00","guid":{"rendered":"https:\/\/www.gaveanews.com\/?p=245901"},"modified":"2025-03-28T10:33:52","modified_gmt":"2025-03-28T13:33:52","slug":"video-a-declaracao-de-gerson-direcionada-a-filipe-luis-do-flamengo","status":"publish","type":"post","link":"https:\/\/www.gaveanews.com\/index.php\/2025\/03\/28\/video-a-declaracao-de-gerson-direcionada-a-filipe-luis-do-flamengo\/","title":{"rendered":"V\u00eddeo: a declara\u00e7\u00e3o de Gerson direcionada a Filipe Lu\u00eds, do Flamengo"},"content":{"rendered":"\n<p>Gerson, meia do Flamengo, foi questionado sobre os rumores envolvendo o poss\u00edvel interesse da Sele\u00e7\u00e3o Brasileira em Filipe Lu\u00eds. A especula\u00e7\u00e3o de que o t\u00e9cnico rubro-negro possa assumir a sele\u00e7\u00e3o gerou grande repercuss\u00e3o, mas o jogador preferiu adotar uma postura cautelosa, focando no momento atual do clube e na continuidade do trabalho com o treinador.<\/p>\n\n\n\n<h2 class=\"wp-block-heading\" id=\"h-gerson-se-mantem-cauteloso-sobre-possivel-ida-de-filipe-luis-a-selecao\">Gerson se mant\u00e9m cauteloso sobre poss\u00edvel ida de Filipe Lu\u00eds \u00e0 Sele\u00e7\u00e3o<\/h2>\n\n\n\n<blockquote class=\"twitter-tweet\" data-media-max-width=\"560\"><p lang=\"pt\" dir=\"ltr\">FILIPE LU\u00cdS NA SELE\u00c7\u00c3O BRASILEIRA? \ud83e\udd14\ud83c\udde7\ud83c\uddf7<br>O Gerson foi questionado e respondeu! <a href=\"https:\/\/t.co\/SWfAT3ATU6\">pic.twitter.com\/SWfAT3ATU6<\/a><\/p>&mdash; TNT Sports BR (@TNTSportsBR) <a href=\"https:\/\/twitter.com\/TNTSportsBR\/status\/1905407188195025217?ref_src=twsrc%5Etfw\">March 27, 2025<\/a><\/blockquote> <script async src=\"https:\/\/platform.twitter.com\/widgets.js\" charset=\"utf-8\"><\/script>\n\n\n\n<p>Durante uma entrevista ap\u00f3s a premia\u00e7\u00e3o, Gerson destacou que, at\u00e9 o momento, n\u00e3o h\u00e1 nada concretizado em rela\u00e7\u00e3o ao futuro de Filipe Lu\u00eds.&nbsp;<\/p>\n\n\n\n<p>&#8220;Eu s\u00f3 falo quando as coisas acontecem. Isso n\u00e3o aconteceu, o Filipe est\u00e1 com a gente ainda no Flamengo, n\u00e9. Eu j\u00e1 ia falar na Sele\u00e7\u00e3o\u2026 O Flamengo tamb\u00e9m \u00e9 uma Sele\u00e7\u00e3o. A gente espera continuar junto&#8221;, afirmou o meia, refor\u00e7ando que sua aten\u00e7\u00e3o est\u00e1 voltada para o trabalho coletivo e para os objetivos do time.&nbsp;<\/p>\n\n\n\n<p>\u00c9 importante lembrar que Filipe Lu\u00eds tamb\u00e9m foi reconhecido pelo seu excelente trabalho, sendo eleito o melhor t\u00e9cnico do Campeonato Carioca, o que reflete sua import\u00e2ncia no sucesso do Flamengo, campe\u00e3o da competi\u00e7\u00e3o.&nbsp;<\/p>\n\n\n\n<h2 class=\"wp-block-heading\" id=\"h-flamengo-em-busca-de-mais-conquistas\">Flamengo em busca de mais conquistas<\/h2>\n\n\n\n<p>Dessa forma, o Flamengo segue com um elenco forte e competitivo, com Filipe Lu\u00eds comandando a equipe em busca de mais t\u00edtulos. Embora o futuro do t\u00e9cnico esteja em pauta, o clube rubro-negro mant\u00e9m o foco nas competi\u00e7\u00f5es que se aproximam, como o Campeonato Brasileiro e a Libertadores.&nbsp;<\/p>\n\n\n\n<p>A equipe est\u00e1 pronta para continuar sua trajet\u00f3ria vitoriosa, com a certeza de que, independentemente do que o futuro reserve, o trabalho realizado no clube \u00e9 de alto n\u00edvel.<\/p>\n\n\n\n<h2 class=\"wp-block-heading\" id=\"h-desafios-para-gerson-e-a-selecao-brasileira\">Desafios para Gerson e a Sele\u00e7\u00e3o Brasileira<\/h2>\n\n\n\n<p>Por fim, Gerson, que foi convocado para a Sele\u00e7\u00e3o Brasileira recentemente, tamb\u00e9m lida com desafios pessoais, como a les\u00e3o que o tirou do jogo contra a Col\u00f4mbia.&nbsp;<\/p>\n\n\n\n<p>Apesar disso, ele segue com grandes expectativas para o futuro, tanto no Flamengo quanto na Sele\u00e7\u00e3o. Com isso, a recupera\u00e7\u00e3o do meia \u00e9 fundamental para o sucesso de ambos os times, e ele continuar\u00e1 sendo uma pe\u00e7a-chave no esquema t\u00e1tico de ambos.<\/p>\n","protected":false},"excerpt":{"rendered":"<p>Gerson, meia do Flamengo, foi questionado sobre os rumores envolvendo o poss\u00edvel interesse da Sele\u00e7\u00e3o Brasileira em Filipe Lu\u00eds. A especula\u00e7\u00e3o de que o t\u00e9cnico rubro-negro possa assumir a sele\u00e7\u00e3o gerou grande repercuss\u00e3o, mas o jogador preferiu adotar uma postura cautelosa, focando no momento atual do clube e na continuidade do trabalho com o treinador. [&hellip;]<\/p>\n","protected":false},"author":25,"featured_media":145515,"comment_status":"open","ping_status":"closed","sticky":false,"template":"","format":"standard","meta":{"footnotes":""},"categories":[1],"tags":[],"class_list":["post-245901","post","type-post","status-publish","format-standard","has-post-thumbnail","hentry","category-flamengo"],"yoast_head":"<!-- This site is optimized with the Yoast SEO Premium plugin v24.2 (Yoast SEO v26.9) - https:\/\/yoast.com\/product\/yoast-seo-premium-wordpress\/ -->\n<title>V\u00eddeo: a declara\u00e7\u00e3o de Gerson direcionada a Filipe Lu\u00eds, do Flamengo<\/title>\n<meta name=\"robots\" content=\"index, follow, max-snippet:-1, max-image-preview:large, max-video-preview:-1\" \/>\n<link rel=\"canonical\" href=\"https:\/\/www.gaveanews.com\/index.php\/2025\/03\/28\/video-a-declaracao-de-gerson-direcionada-a-filipe-luis-do-flamengo\/\" \/>\n<meta property=\"og:locale\" content=\"pt_BR\" \/>\n<meta property=\"og:type\" content=\"article\" \/>\n<meta property=\"og:title\" content=\"V\u00eddeo: a declara\u00e7\u00e3o de Gerson direcionada a Filipe Lu\u00eds, do Flamengo\" \/>\n<meta property=\"og:description\" content=\"Gerson, meia do Flamengo, foi questionado sobre os rumores envolvendo o poss\u00edvel interesse da Sele\u00e7\u00e3o Brasileira em Filipe Lu\u00eds. A especula\u00e7\u00e3o de que o t\u00e9cnico rubro-negro possa assumir a sele\u00e7\u00e3o gerou grande repercuss\u00e3o, mas o jogador preferiu adotar uma postura cautelosa, focando no momento atual do clube e na continuidade do trabalho com o treinador. [&hellip;]\" \/>\n<meta property=\"og:url\" content=\"https:\/\/www.gaveanews.com\/index.php\/2025\/03\/28\/video-a-declaracao-de-gerson-direcionada-a-filipe-luis-do-flamengo\/\" \/>\n<meta property=\"og:site_name\" content=\"G\u00e1vea News\" \/>\n<meta property=\"article:publisher\" content=\"https:\/\/facebook.com\/gaveaNews\/\" \/>\n<meta property=\"article:published_time\" content=\"2025-03-28T13:45:00+00:00\" \/>\n<meta property=\"og:image\" content=\"https:\/\/www.gaveanews.com\/wp-content\/uploads\/gerson-flamengo-1_20240516121740.webp\" \/>\n\t<meta property=\"og:image:width\" content=\"1280\" \/>\n\t<meta property=\"og:image:height\" content=\"720\" \/>\n\t<meta property=\"og:image:type\" content=\"image\/webp\" \/>\n<meta name=\"author\" content=\"Rafaela Ladeira\" \/>\n<meta name=\"twitter:card\" content=\"summary_large_image\" \/>\n<meta name=\"twitter:label1\" content=\"Escrito por\" \/>\n\t<meta name=\"twitter:data1\" content=\"Rafaela Ladeira\" \/>\n\t<meta name=\"twitter:label2\" content=\"Est. tempo de leitura\" \/>\n\t<meta name=\"twitter:data2\" content=\"3 minutos\" \/>\n<script type=\"application\/ld+json\" class=\"yoast-schema-graph\">{\"@context\":\"https:\/\/schema.org\",\"@graph\":[{\"@type\":\"NewsArticle\",\"@id\":\"https:\/\/www.gaveanews.com\/index.php\/2025\/03\/28\/video-a-declaracao-de-gerson-direcionada-a-filipe-luis-do-flamengo\/#article\",\"isPartOf\":{\"@id\":\"https:\/\/www.gaveanews.com\/index.php\/2025\/03\/28\/video-a-declaracao-de-gerson-direcionada-a-filipe-luis-do-flamengo\/\"},\"author\":{\"name\":\"Rafaela Ladeira\",\"@id\":\"https:\/\/www.gaveanews.com\/#\/schema\/person\/0eb3e3fe1754f0205218538adbe8f5ed\"},\"headline\":\"V\u00eddeo: a declara\u00e7\u00e3o de Gerson direcionada a Filipe Lu\u00eds, do Flamengo\",\"datePublished\":\"2025-03-28T13:45:00+00:00\",\"mainEntityOfPage\":{\"@id\":\"https:\/\/www.gaveanews.com\/index.php\/2025\/03\/28\/video-a-declaracao-de-gerson-direcionada-a-filipe-luis-do-flamengo\/\"},\"wordCount\":420,\"commentCount\":0,\"image\":{\"@id\":\"https:\/\/www.gaveanews.com\/index.php\/2025\/03\/28\/video-a-declaracao-de-gerson-direcionada-a-filipe-luis-do-flamengo\/#primaryimage\"},\"thumbnailUrl\":\"https:\/\/www.gaveanews.com\/wp-content\/uploads\/gerson-flamengo-1_20240516121740.webp\",\"articleSection\":[\"Flamengo\"],\"inLanguage\":\"pt-BR\",\"potentialAction\":[{\"@type\":\"CommentAction\",\"name\":\"Comment\",\"target\":[\"https:\/\/www.gaveanews.com\/index.php\/2025\/03\/28\/video-a-declaracao-de-gerson-direcionada-a-filipe-luis-do-flamengo\/#respond\"]}],\"copyrightYear\":\"2025\",\"copyrightHolder\":{\"@id\":\"https:\/\/www.gaveanews.com\/#organization\"}},{\"@type\":\"WebPage\",\"@id\":\"https:\/\/www.gaveanews.com\/index.php\/2025\/03\/28\/video-a-declaracao-de-gerson-direcionada-a-filipe-luis-do-flamengo\/\",\"url\":\"https:\/\/www.gaveanews.com\/index.php\/2025\/03\/28\/video-a-declaracao-de-gerson-direcionada-a-filipe-luis-do-flamengo\/\",\"name\":\"V\u00eddeo: a declara\u00e7\u00e3o de Gerson direcionada a Filipe Lu\u00eds, do Flamengo\",\"isPartOf\":{\"@id\":\"https:\/\/www.gaveanews.com\/#website\"},\"primaryImageOfPage\":{\"@id\":\"https:\/\/www.gaveanews.com\/index.php\/2025\/03\/28\/video-a-declaracao-de-gerson-direcionada-a-filipe-luis-do-flamengo\/#primaryimage\"},\"image\":{\"@id\":\"https:\/\/www.gaveanews.com\/index.php\/2025\/03\/28\/video-a-declaracao-de-gerson-direcionada-a-filipe-luis-do-flamengo\/#primaryimage\"},\"thumbnailUrl\":\"https:\/\/www.gaveanews.com\/wp-content\/uploads\/gerson-flamengo-1_20240516121740.webp\",\"datePublished\":\"2025-03-28T13:45:00+00:00\",\"author\":{\"@id\":\"https:\/\/www.gaveanews.com\/#\/schema\/person\/0eb3e3fe1754f0205218538adbe8f5ed\"},\"breadcrumb\":{\"@id\":\"https:\/\/www.gaveanews.com\/index.php\/2025\/03\/28\/video-a-declaracao-de-gerson-direcionada-a-filipe-luis-do-flamengo\/#breadcrumb\"},\"inLanguage\":\"pt-BR\",\"potentialAction\":[{\"@type\":\"ReadAction\",\"target\":[\"https:\/\/www.gaveanews.com\/index.php\/2025\/03\/28\/video-a-declaracao-de-gerson-direcionada-a-filipe-luis-do-flamengo\/\"]}]},{\"@type\":\"ImageObject\",\"inLanguage\":\"pt-BR\",\"@id\":\"https:\/\/www.gaveanews.com\/index.php\/2025\/03\/28\/video-a-declaracao-de-gerson-direcionada-a-filipe-luis-do-flamengo\/#primaryimage\",\"url\":\"https:\/\/www.gaveanews.com\/wp-content\/uploads\/gerson-flamengo-1_20240516121740.webp\",\"contentUrl\":\"https:\/\/www.gaveanews.com\/wp-content\/uploads\/gerson-flamengo-1_20240516121740.webp\",\"width\":1280,\"height\":720,\"caption\":\"Reprodu\u00e7\u00e3o\"},{\"@type\":\"BreadcrumbList\",\"@id\":\"https:\/\/www.gaveanews.com\/index.php\/2025\/03\/28\/video-a-declaracao-de-gerson-direcionada-a-filipe-luis-do-flamengo\/#breadcrumb\",\"itemListElement\":[{\"@type\":\"ListItem\",\"position\":1,\"name\":\"Home\",\"item\":\"https:\/\/www.gaveanews.com\/\"},{\"@type\":\"ListItem\",\"position\":2,\"name\":\"V\u00eddeo: a declara\u00e7\u00e3o de Gerson direcionada a Filipe Lu\u00eds, do Flamengo\"}]},{\"@type\":\"WebSite\",\"@id\":\"https:\/\/www.gaveanews.com\/#website\",\"url\":\"https:\/\/www.gaveanews.com\/\",\"name\":\"G\u00e1vea News\",\"description\":\"Veja todas as not\u00edcias sobre o Flamengo: Contrata\u00e7\u00f5es, categorias de base, resultados das partidas, tabela de classifica\u00e7\u00e3o, pr\u00f3ximos jogos!\",\"potentialAction\":[{\"@type\":\"SearchAction\",\"target\":{\"@type\":\"EntryPoint\",\"urlTemplate\":\"https:\/\/www.gaveanews.com\/?s={search_term_string}\"},\"query-input\":{\"@type\":\"PropertyValueSpecification\",\"valueRequired\":true,\"valueName\":\"search_term_string\"}}],\"inLanguage\":\"pt-BR\"},{\"@type\":\"Person\",\"@id\":\"https:\/\/www.gaveanews.com\/#\/schema\/person\/0eb3e3fe1754f0205218538adbe8f5ed\",\"name\":\"Rafaela Ladeira\",\"image\":{\"@type\":\"ImageObject\",\"inLanguage\":\"pt-BR\",\"@id\":\"https:\/\/www.gaveanews.com\/#\/schema\/person\/image\/\",\"url\":\"https:\/\/secure.gravatar.com\/avatar\/c31f513acffd85eacab5730cbdfdbbf59f21ba5aeada8cd890acea879fbb2455?s=96&d=mm&r=g\",\"contentUrl\":\"https:\/\/secure.gravatar.com\/avatar\/c31f513acffd85eacab5730cbdfdbbf59f21ba5aeada8cd890acea879fbb2455?s=96&d=mm&r=g\",\"caption\":\"Rafaela Ladeira\"}}]}<\/script>\n<!-- \/ Yoast SEO Premium plugin. -->","yoast_head_json":{"title":"V\u00eddeo: a declara\u00e7\u00e3o de Gerson direcionada a Filipe Lu\u00eds, do Flamengo","robots":{"index":"index","follow":"follow","max-snippet":"max-snippet:-1","max-image-preview":"max-image-preview:large","max-video-preview":"max-video-preview:-1"},"canonical":"https:\/\/www.gaveanews.com\/index.php\/2025\/03\/28\/video-a-declaracao-de-gerson-direcionada-a-filipe-luis-do-flamengo\/","og_locale":"pt_BR","og_type":"article","og_title":"V\u00eddeo: a declara\u00e7\u00e3o de Gerson direcionada a Filipe Lu\u00eds, do Flamengo","og_description":"Gerson, meia do Flamengo, foi questionado sobre os rumores envolvendo o poss\u00edvel interesse da Sele\u00e7\u00e3o Brasileira em Filipe Lu\u00eds. A especula\u00e7\u00e3o de que o t\u00e9cnico rubro-negro possa assumir a sele\u00e7\u00e3o gerou grande repercuss\u00e3o, mas o jogador preferiu adotar uma postura cautelosa, focando no momento atual do clube e na continuidade do trabalho com o treinador. [&hellip;]","og_url":"https:\/\/www.gaveanews.com\/index.php\/2025\/03\/28\/video-a-declaracao-de-gerson-direcionada-a-filipe-luis-do-flamengo\/","og_site_name":"G\u00e1vea News","article_publisher":"https:\/\/facebook.com\/gaveaNews\/","article_published_time":"2025-03-28T13:45:00+00:00","og_image":[{"width":1280,"height":720,"url":"https:\/\/www.gaveanews.com\/wp-content\/uploads\/gerson-flamengo-1_20240516121740.webp","type":"image\/webp"}],"author":"Rafaela Ladeira","twitter_card":"summary_large_image","twitter_misc":{"Escrito por":"Rafaela Ladeira","Est. tempo de leitura":"3 minutos"},"schema":{"@context":"https:\/\/schema.org","@graph":[{"@type":"NewsArticle","@id":"https:\/\/www.gaveanews.com\/index.php\/2025\/03\/28\/video-a-declaracao-de-gerson-direcionada-a-filipe-luis-do-flamengo\/#article","isPartOf":{"@id":"https:\/\/www.gaveanews.com\/index.php\/2025\/03\/28\/video-a-declaracao-de-gerson-direcionada-a-filipe-luis-do-flamengo\/"},"author":{"name":"Rafaela Ladeira","@id":"https:\/\/www.gaveanews.com\/#\/schema\/person\/0eb3e3fe1754f0205218538adbe8f5ed"},"headline":"V\u00eddeo: a declara\u00e7\u00e3o de Gerson direcionada a Filipe Lu\u00eds, do Flamengo","datePublished":"2025-03-28T13:45:00+00:00","mainEntityOfPage":{"@id":"https:\/\/www.gaveanews.com\/index.php\/2025\/03\/28\/video-a-declaracao-de-gerson-direcionada-a-filipe-luis-do-flamengo\/"},"wordCount":420,"commentCount":0,"image":{"@id":"https:\/\/www.gaveanews.com\/index.php\/2025\/03\/28\/video-a-declaracao-de-gerson-direcionada-a-filipe-luis-do-flamengo\/#primaryimage"},"thumbnailUrl":"https:\/\/www.gaveanews.com\/wp-content\/uploads\/gerson-flamengo-1_20240516121740.webp","articleSection":["Flamengo"],"inLanguage":"pt-BR","potentialAction":[{"@type":"CommentAction","name":"Comment","target":["https:\/\/www.gaveanews.com\/index.php\/2025\/03\/28\/video-a-declaracao-de-gerson-direcionada-a-filipe-luis-do-flamengo\/#respond"]}],"copyrightYear":"2025","copyrightHolder":{"@id":"https:\/\/www.gaveanews.com\/#organization"}},{"@type":"WebPage","@id":"https:\/\/www.gaveanews.com\/index.php\/2025\/03\/28\/video-a-declaracao-de-gerson-direcionada-a-filipe-luis-do-flamengo\/","url":"https:\/\/www.gaveanews.com\/index.php\/2025\/03\/28\/video-a-declaracao-de-gerson-direcionada-a-filipe-luis-do-flamengo\/","name":"V\u00eddeo: a declara\u00e7\u00e3o de Gerson direcionada a Filipe Lu\u00eds, do Flamengo","isPartOf":{"@id":"https:\/\/www.gaveanews.com\/#website"},"primaryImageOfPage":{"@id":"https:\/\/www.gaveanews.com\/index.php\/2025\/03\/28\/video-a-declaracao-de-gerson-direcionada-a-filipe-luis-do-flamengo\/#primaryimage"},"image":{"@id":"https:\/\/www.gaveanews.com\/index.php\/2025\/03\/28\/video-a-declaracao-de-gerson-direcionada-a-filipe-luis-do-flamengo\/#primaryimage"},"thumbnailUrl":"https:\/\/www.gaveanews.com\/wp-content\/uploads\/gerson-flamengo-1_20240516121740.webp","datePublished":"2025-03-28T13:45:00+00:00","author":{"@id":"https:\/\/www.gaveanews.com\/#\/schema\/person\/0eb3e3fe1754f0205218538adbe8f5ed"},"breadcrumb":{"@id":"https:\/\/www.gaveanews.com\/index.php\/2025\/03\/28\/video-a-declaracao-de-gerson-direcionada-a-filipe-luis-do-flamengo\/#breadcrumb"},"inLanguage":"pt-BR","potentialAction":[{"@type":"ReadAction","target":["https:\/\/www.gaveanews.com\/index.php\/2025\/03\/28\/video-a-declaracao-de-gerson-direcionada-a-filipe-luis-do-flamengo\/"]}]},{"@type":"ImageObject","inLanguage":"pt-BR","@id":"https:\/\/www.gaveanews.com\/index.php\/2025\/03\/28\/video-a-declaracao-de-gerson-direcionada-a-filipe-luis-do-flamengo\/#primaryimage","url":"https:\/\/www.gaveanews.com\/wp-content\/uploads\/gerson-flamengo-1_20240516121740.webp","contentUrl":"https:\/\/www.gaveanews.com\/wp-content\/uploads\/gerson-flamengo-1_20240516121740.webp","width":1280,"height":720,"caption":"Reprodu\u00e7\u00e3o"},{"@type":"BreadcrumbList","@id":"https:\/\/www.gaveanews.com\/index.php\/2025\/03\/28\/video-a-declaracao-de-gerson-direcionada-a-filipe-luis-do-flamengo\/#breadcrumb","itemListElement":[{"@type":"ListItem","position":1,"name":"Home","item":"https:\/\/www.gaveanews.com\/"},{"@type":"ListItem","position":2,"name":"V\u00eddeo: a declara\u00e7\u00e3o de Gerson direcionada a Filipe Lu\u00eds, do Flamengo"}]},{"@type":"WebSite","@id":"https:\/\/www.gaveanews.com\/#website","url":"https:\/\/www.gaveanews.com\/","name":"G\u00e1vea News","description":"Veja todas as not\u00edcias sobre o Flamengo: Contrata\u00e7\u00f5es, categorias de base, resultados das partidas, tabela de classifica\u00e7\u00e3o, pr\u00f3ximos jogos!","potentialAction":[{"@type":"SearchAction","target":{"@type":"EntryPoint","urlTemplate":"https:\/\/www.gaveanews.com\/?s={search_term_string}"},"query-input":{"@type":"PropertyValueSpecification","valueRequired":true,"valueName":"search_term_string"}}],"inLanguage":"pt-BR"},{"@type":"Person","@id":"https:\/\/www.gaveanews.com\/#\/schema\/person\/0eb3e3fe1754f0205218538adbe8f5ed","name":"Rafaela Ladeira","image":{"@type":"ImageObject","inLanguage":"pt-BR","@id":"https:\/\/www.gaveanews.com\/#\/schema\/person\/image\/","url":"https:\/\/secure.gravatar.com\/avatar\/c31f513acffd85eacab5730cbdfdbbf59f21ba5aeada8cd890acea879fbb2455?s=96&d=mm&r=g","contentUrl":"https:\/\/secure.gravatar.com\/avatar\/c31f513acffd85eacab5730cbdfdbbf59f21ba5aeada8cd890acea879fbb2455?s=96&d=mm&r=g","caption":"Rafaela Ladeira"}}]}},"_links":{"self":[{"href":"https:\/\/www.gaveanews.com\/index.php\/wp-json\/wp\/v2\/posts\/245901","targetHints":{"allow":["GET"]}}],"collection":[{"href":"https:\/\/www.gaveanews.com\/index.php\/wp-json\/wp\/v2\/posts"}],"about":[{"href":"https:\/\/www.gaveanews.com\/index.php\/wp-json\/wp\/v2\/types\/post"}],"author":[{"embeddable":true,"href":"https:\/\/www.gaveanews.com\/index.php\/wp-json\/wp\/v2\/users\/25"}],"replies":[{"embeddable":true,"href":"https:\/\/www.gaveanews.com\/index.php\/wp-json\/wp\/v2\/comments?post=245901"}],"version-history":[{"count":1,"href":"https:\/\/www.gaveanews.com\/index.php\/wp-json\/wp\/v2\/posts\/245901\/revisions"}],"predecessor-version":[{"id":245902,"href":"https:\/\/www.gaveanews.com\/index.php\/wp-json\/wp\/v2\/posts\/245901\/revisions\/245902"}],"wp:featuredmedia":[{"embeddable":true,"href":"https:\/\/www.gaveanews.com\/index.php\/wp-json\/wp\/v2\/media\/145515"}],"wp:attachment":[{"href":"https:\/\/www.gaveanews.com\/index.php\/wp-json\/wp\/v2\/media?parent=245901"}],"wp:term":[{"taxonomy":"category","embeddable":true,"href":"https:\/\/www.gaveanews.com\/index.php\/wp-json\/wp\/v2\/categories?post=245901"},{"taxonomy":"post_tag","embeddable":true,"href":"https:\/\/www.gaveanews.com\/index.php\/wp-json\/wp\/v2\/tags?post=245901"}],"curies":[{"name":"wp","href":"https:\/\/api.w.org\/{rel}","templated":true}]}}