{"id":245903,"date":"2025-03-28T10:50:00","date_gmt":"2025-03-28T13:50:00","guid":{"rendered":"https:\/\/www.gaveanews.com\/?p=245903"},"modified":"2025-03-28T10:38:28","modified_gmt":"2025-03-28T13:38:28","slug":"video-a-declaracao-de-tche-tche-do-vasco-direcionada-ao-botafogo","status":"publish","type":"post","link":"https:\/\/www.gaveanews.com\/index.php\/2025\/03\/28\/video-a-declaracao-de-tche-tche-do-vasco-direcionada-ao-botafogo\/","title":{"rendered":"V\u00eddeo: a declara\u00e7\u00e3o de Tch\u00ea Tch\u00ea, do Vasco, direcionada ao Botafogo"},"content":{"rendered":"\n<p>Em uma entrevista ao canal \u201cTNT Sports\u201d, Tch\u00ea Tch\u00ea, atualmente jogador do Vasco, revelou detalhes sobre sua sa\u00edda do Botafogo. O ex-capit\u00e3o do Glorioso falou com sinceridade sobre sua vontade de deixar o clube antes do fim de 2024, quando seu contrato se encerrou, e como n\u00e3o foi poss\u00edvel realizar esse desejo na \u00e9poca. Apesar disso, Tch\u00ea Tch\u00ea teve um final de temporada feliz, conquistando t\u00edtulos importantes e in\u00e9ditos em sua carreira.<\/p>\n\n\n\n<h2 class=\"wp-block-heading\" id=\"h-a-decisao-de-nao-sair-e-o-titulo-conquistado\">A decis\u00e3o de n\u00e3o sair e o t\u00edtulo conquistado<\/h2>\n\n\n\n<blockquote class=\"twitter-tweet\" data-media-max-width=\"560\"><p lang=\"pt\" dir=\"ltr\">&quot;N\u00c3O ME DEIXARAM SAIR&#8230;&quot;<br>Em EXCLUSIVA para a TNT Sports, Tch\u00ea Tch\u00ea comentou sobre o processo de sa\u00edda do Botafogo!<br><br>A entrevista na \u00edntegra voc\u00ea acompanha AMANH\u00c3, no Youtube da TNT Sports Brasil. <a href=\"https:\/\/t.co\/NqBfjcqRhQ\">pic.twitter.com\/NqBfjcqRhQ<\/a><\/p>&mdash; TNT Sports BR (@TNTSportsBR) <a href=\"https:\/\/twitter.com\/TNTSportsBR\/status\/1905367977790517437?ref_src=twsrc%5Etfw\">March 27, 2025<\/a><\/blockquote> <script async src=\"https:\/\/platform.twitter.com\/widgets.js\" charset=\"utf-8\"><\/script>\n\n\n\n<p>&#8220;Na \u00e9poca mesmo n\u00e3o me deixaram sair, n\u00e9? No per\u00edodo em que j\u00e1 poderia praticamente assinar um pr\u00e9-contrato, teve uma coisa muito forte, eu me posicionei que eu queria ir, mas n\u00e3o fui deixado. E no final \u00e9 o que eu falo, Deus faz as coisas sempre certas. Foi maravilhoso o final, conquistei um t\u00edtulo que eu n\u00e3o tinha&#8221;, contou Tch\u00ea Tch\u00ea, deixando claro que, apesar de sua insatisfa\u00e7\u00e3o no momento, o desfecho foi positivo. O volante falou com emo\u00e7\u00e3o sobre sua conquista do Campeonato Brasileiro e da Libertadores, que completaram um ciclo hist\u00f3rico para sua carreira.<\/p>\n\n\n\n<h2 class=\"wp-block-heading\" id=\"h-a-valorizacao-do-titulo-e-a-virada-de-chave\">A valoriza\u00e7\u00e3o do t\u00edtulo e a virada de chave<\/h2>\n\n\n\n<p>&#8220;Hoje eu falo que joguei a minha vida inteira para conquistar aquilo, que foi o que a gente tinha conversado antes na entrevista no meio do ano. Eu falei que eu tinha sonhado, muita gente debochou, sabia que ia acontecer isso. &#8216;Ah, mas voc\u00ea vai ganhar a\u00ed!&#8217; Amigos mesmo me mandaram mensagem tamb\u00e9m brincando: &#8216;Que sonho de louco \u00e9 esse?&#8217; Falei: &#8216;Vamos ver no fim do ano.&#8217; E aconteceu, da maneira que aconteceu tamb\u00e9m&#8221;, afirmou, destacando como esse sonho se tornou realidade. Para Tch\u00ea Tch\u00ea, o t\u00edtulo do Campeonato Brasileiro representou uma &#8220;d\u00edvida do outro ano&#8221;, algo que precisava ser conquistado, como ele e o colega Marlon Freitas conversavam frequentemente.<\/p>\n\n\n\n<h2 class=\"wp-block-heading\" id=\"h-o-ciclo-encerrado-e-o-futuro-no-vasco\">O ciclo encerrado e o futuro no Vasco<\/h2>\n\n\n\n<p>Vale destacar que Tch\u00ea Tch\u00ea n\u00e3o guarda m\u00e1goas da sua passagem pelo Botafogo, mas v\u00ea aquele per\u00edodo como um ciclo que se encerra. &#8220;Bom, s\u00e3o s\u00f3 coisas boas. Aconteceu o que tinha que acontecer, s\u00e3o ciclos que se encerram. Estou extremamente feliz aqui no Vasco, muito feliz com essa oportunidade&#8221;, revelou. <\/p>\n\n\n\n<p>O jogador frisou a sintonia com o novo clube, expressando sua motiva\u00e7\u00e3o em buscar novas conquistas. &#8220;Ent\u00e3o, acho que \u00e9 um casamento perfeito, porque tenho fome de vencer, fome de conquista, de lutar. Ent\u00e3o, acho que oportunidade perfeita para mim&#8221;, completou, deixando claro seu desejo de seguir alcan\u00e7ando novos objetivos.<\/p>\n\n\n\n<p>Com isso, Tch\u00ea Tch\u00ea segue sua trajet\u00f3ria com um novo desafio no Vasco, motivado pela vontade de vencer, e deixa para tr\u00e1s um ciclo importante no Botafogo, com a sensa\u00e7\u00e3o de miss\u00e3o cumprida.<\/p>\n","protected":false},"excerpt":{"rendered":"<p>Em uma entrevista ao canal \u201cTNT Sports\u201d, Tch\u00ea Tch\u00ea, atualmente jogador do Vasco, revelou detalhes sobre sua sa\u00edda do Botafogo. O ex-capit\u00e3o do Glorioso falou com sinceridade sobre sua vontade de deixar o clube antes do fim de 2024, quando seu contrato se encerrou, e como n\u00e3o foi poss\u00edvel realizar esse desejo na \u00e9poca. Apesar [&hellip;]<\/p>\n","protected":false},"author":24,"featured_media":167058,"comment_status":"open","ping_status":"closed","sticky":false,"template":"","format":"standard","meta":{"footnotes":""},"categories":[138,152],"tags":[],"class_list":["post-245903","post","type-post","status-publish","format-standard","has-post-thumbnail","hentry","category-botafogo","category-vasco"],"yoast_head":"<!-- This site is optimized with the Yoast SEO Premium plugin v24.2 (Yoast SEO v26.9) - https:\/\/yoast.com\/product\/yoast-seo-premium-wordpress\/ -->\n<title>V\u00eddeo: a declara\u00e7\u00e3o de Tch\u00ea Tch\u00ea, do Vasco, direcionada ao Botafogo<\/title>\n<meta name=\"robots\" content=\"index, follow, max-snippet:-1, max-image-preview:large, max-video-preview:-1\" \/>\n<link rel=\"canonical\" href=\"https:\/\/www.gaveanews.com\/index.php\/2025\/03\/28\/video-a-declaracao-de-tche-tche-do-vasco-direcionada-ao-botafogo\/\" \/>\n<meta property=\"og:locale\" content=\"pt_BR\" \/>\n<meta property=\"og:type\" content=\"article\" \/>\n<meta property=\"og:title\" content=\"V\u00eddeo: a declara\u00e7\u00e3o de Tch\u00ea Tch\u00ea, do Vasco, direcionada ao Botafogo\" \/>\n<meta property=\"og:description\" content=\"Em uma entrevista ao canal \u201cTNT Sports\u201d, Tch\u00ea Tch\u00ea, atualmente jogador do Vasco, revelou detalhes sobre sua sa\u00edda do Botafogo. O ex-capit\u00e3o do Glorioso falou com sinceridade sobre sua vontade de deixar o clube antes do fim de 2024, quando seu contrato se encerrou, e como n\u00e3o foi poss\u00edvel realizar esse desejo na \u00e9poca. Apesar [&hellip;]\" \/>\n<meta property=\"og:url\" content=\"https:\/\/www.gaveanews.com\/index.php\/2025\/03\/28\/video-a-declaracao-de-tche-tche-do-vasco-direcionada-ao-botafogo\/\" \/>\n<meta property=\"og:site_name\" content=\"G\u00e1vea News\" \/>\n<meta property=\"article:publisher\" content=\"https:\/\/facebook.com\/gaveaNews\/\" \/>\n<meta property=\"article:published_time\" content=\"2025-03-28T13:50:00+00:00\" \/>\n<meta property=\"og:image\" content=\"https:\/\/www.gaveanews.com\/wp-content\/uploads\/Tche-Tche-apresentado-pelo-Botafogo.webp\" \/>\n\t<meta property=\"og:image:width\" content=\"984\" \/>\n\t<meta property=\"og:image:height\" content=\"656\" \/>\n\t<meta property=\"og:image:type\" content=\"image\/jpeg\" \/>\n<meta name=\"author\" content=\"Leandro Cardoso\" \/>\n<meta name=\"twitter:card\" content=\"summary_large_image\" \/>\n<meta name=\"twitter:label1\" content=\"Escrito por\" \/>\n\t<meta name=\"twitter:data1\" content=\"Leandro Cardoso\" \/>\n\t<meta name=\"twitter:label2\" content=\"Est. tempo de leitura\" \/>\n\t<meta name=\"twitter:data2\" content=\"3 minutos\" \/>\n<script type=\"application\/ld+json\" class=\"yoast-schema-graph\">{\"@context\":\"https:\/\/schema.org\",\"@graph\":[{\"@type\":\"NewsArticle\",\"@id\":\"https:\/\/www.gaveanews.com\/index.php\/2025\/03\/28\/video-a-declaracao-de-tche-tche-do-vasco-direcionada-ao-botafogo\/#article\",\"isPartOf\":{\"@id\":\"https:\/\/www.gaveanews.com\/index.php\/2025\/03\/28\/video-a-declaracao-de-tche-tche-do-vasco-direcionada-ao-botafogo\/\"},\"author\":{\"name\":\"Leandro Cardoso\",\"@id\":\"https:\/\/www.gaveanews.com\/#\/schema\/person\/2424ec6409bc3f068411fc5e4e9b6168\"},\"headline\":\"V\u00eddeo: a declara\u00e7\u00e3o de Tch\u00ea Tch\u00ea, do Vasco, direcionada ao Botafogo\",\"datePublished\":\"2025-03-28T13:50:00+00:00\",\"mainEntityOfPage\":{\"@id\":\"https:\/\/www.gaveanews.com\/index.php\/2025\/03\/28\/video-a-declaracao-de-tche-tche-do-vasco-direcionada-ao-botafogo\/\"},\"wordCount\":532,\"commentCount\":0,\"image\":{\"@id\":\"https:\/\/www.gaveanews.com\/index.php\/2025\/03\/28\/video-a-declaracao-de-tche-tche-do-vasco-direcionada-ao-botafogo\/#primaryimage\"},\"thumbnailUrl\":\"https:\/\/www.gaveanews.com\/wp-content\/uploads\/Tche-Tche-apresentado-pelo-Botafogo.webp\",\"articleSection\":[\"Botafogo\",\"Vasco\"],\"inLanguage\":\"pt-BR\",\"potentialAction\":[{\"@type\":\"CommentAction\",\"name\":\"Comment\",\"target\":[\"https:\/\/www.gaveanews.com\/index.php\/2025\/03\/28\/video-a-declaracao-de-tche-tche-do-vasco-direcionada-ao-botafogo\/#respond\"]}],\"copyrightYear\":\"2025\",\"copyrightHolder\":{\"@id\":\"https:\/\/www.gaveanews.com\/#organization\"}},{\"@type\":\"WebPage\",\"@id\":\"https:\/\/www.gaveanews.com\/index.php\/2025\/03\/28\/video-a-declaracao-de-tche-tche-do-vasco-direcionada-ao-botafogo\/\",\"url\":\"https:\/\/www.gaveanews.com\/index.php\/2025\/03\/28\/video-a-declaracao-de-tche-tche-do-vasco-direcionada-ao-botafogo\/\",\"name\":\"V\u00eddeo: a declara\u00e7\u00e3o de Tch\u00ea Tch\u00ea, do Vasco, direcionada ao Botafogo\",\"isPartOf\":{\"@id\":\"https:\/\/www.gaveanews.com\/#website\"},\"primaryImageOfPage\":{\"@id\":\"https:\/\/www.gaveanews.com\/index.php\/2025\/03\/28\/video-a-declaracao-de-tche-tche-do-vasco-direcionada-ao-botafogo\/#primaryimage\"},\"image\":{\"@id\":\"https:\/\/www.gaveanews.com\/index.php\/2025\/03\/28\/video-a-declaracao-de-tche-tche-do-vasco-direcionada-ao-botafogo\/#primaryimage\"},\"thumbnailUrl\":\"https:\/\/www.gaveanews.com\/wp-content\/uploads\/Tche-Tche-apresentado-pelo-Botafogo.webp\",\"datePublished\":\"2025-03-28T13:50:00+00:00\",\"author\":{\"@id\":\"https:\/\/www.gaveanews.com\/#\/schema\/person\/2424ec6409bc3f068411fc5e4e9b6168\"},\"breadcrumb\":{\"@id\":\"https:\/\/www.gaveanews.com\/index.php\/2025\/03\/28\/video-a-declaracao-de-tche-tche-do-vasco-direcionada-ao-botafogo\/#breadcrumb\"},\"inLanguage\":\"pt-BR\",\"potentialAction\":[{\"@type\":\"ReadAction\",\"target\":[\"https:\/\/www.gaveanews.com\/index.php\/2025\/03\/28\/video-a-declaracao-de-tche-tche-do-vasco-direcionada-ao-botafogo\/\"]}]},{\"@type\":\"ImageObject\",\"inLanguage\":\"pt-BR\",\"@id\":\"https:\/\/www.gaveanews.com\/index.php\/2025\/03\/28\/video-a-declaracao-de-tche-tche-do-vasco-direcionada-ao-botafogo\/#primaryimage\",\"url\":\"https:\/\/www.gaveanews.com\/wp-content\/uploads\/Tche-Tche-apresentado-pelo-Botafogo.webp\",\"contentUrl\":\"https:\/\/www.gaveanews.com\/wp-content\/uploads\/Tche-Tche-apresentado-pelo-Botafogo.webp\",\"width\":984,\"height\":656,\"caption\":\"Tch\u00ea Tch\u00ea apresentado pelo Botafogo (Foto: Vitor Silva\/Botafogo)\"},{\"@type\":\"BreadcrumbList\",\"@id\":\"https:\/\/www.gaveanews.com\/index.php\/2025\/03\/28\/video-a-declaracao-de-tche-tche-do-vasco-direcionada-ao-botafogo\/#breadcrumb\",\"itemListElement\":[{\"@type\":\"ListItem\",\"position\":1,\"name\":\"Home\",\"item\":\"https:\/\/www.gaveanews.com\/\"},{\"@type\":\"ListItem\",\"position\":2,\"name\":\"V\u00eddeo: a declara\u00e7\u00e3o de Tch\u00ea Tch\u00ea, do Vasco, direcionada ao Botafogo\"}]},{\"@type\":\"WebSite\",\"@id\":\"https:\/\/www.gaveanews.com\/#website\",\"url\":\"https:\/\/www.gaveanews.com\/\",\"name\":\"G\u00e1vea News\",\"description\":\"Veja todas as not\u00edcias sobre o Flamengo: Contrata\u00e7\u00f5es, categorias de base, resultados das partidas, tabela de classifica\u00e7\u00e3o, pr\u00f3ximos jogos!\",\"potentialAction\":[{\"@type\":\"SearchAction\",\"target\":{\"@type\":\"EntryPoint\",\"urlTemplate\":\"https:\/\/www.gaveanews.com\/?s={search_term_string}\"},\"query-input\":{\"@type\":\"PropertyValueSpecification\",\"valueRequired\":true,\"valueName\":\"search_term_string\"}}],\"inLanguage\":\"pt-BR\"},{\"@type\":\"Person\",\"@id\":\"https:\/\/www.gaveanews.com\/#\/schema\/person\/2424ec6409bc3f068411fc5e4e9b6168\",\"name\":\"Leandro Cardoso\",\"image\":{\"@type\":\"ImageObject\",\"inLanguage\":\"pt-BR\",\"@id\":\"https:\/\/www.gaveanews.com\/#\/schema\/person\/image\/\",\"url\":\"https:\/\/secure.gravatar.com\/avatar\/8ca179f9b55eefe9f376f5493ef25475bfa59fbc28ce937f6076ce20e523098f?s=96&d=mm&r=g\",\"contentUrl\":\"https:\/\/secure.gravatar.com\/avatar\/8ca179f9b55eefe9f376f5493ef25475bfa59fbc28ce937f6076ce20e523098f?s=96&d=mm&r=g\",\"caption\":\"Leandro Cardoso\"}}]}<\/script>\n<!-- \/ Yoast SEO Premium plugin. -->","yoast_head_json":{"title":"V\u00eddeo: a declara\u00e7\u00e3o de Tch\u00ea Tch\u00ea, do Vasco, direcionada ao Botafogo","robots":{"index":"index","follow":"follow","max-snippet":"max-snippet:-1","max-image-preview":"max-image-preview:large","max-video-preview":"max-video-preview:-1"},"canonical":"https:\/\/www.gaveanews.com\/index.php\/2025\/03\/28\/video-a-declaracao-de-tche-tche-do-vasco-direcionada-ao-botafogo\/","og_locale":"pt_BR","og_type":"article","og_title":"V\u00eddeo: a declara\u00e7\u00e3o de Tch\u00ea Tch\u00ea, do Vasco, direcionada ao Botafogo","og_description":"Em uma entrevista ao canal \u201cTNT Sports\u201d, Tch\u00ea Tch\u00ea, atualmente jogador do Vasco, revelou detalhes sobre sua sa\u00edda do Botafogo. O ex-capit\u00e3o do Glorioso falou com sinceridade sobre sua vontade de deixar o clube antes do fim de 2024, quando seu contrato se encerrou, e como n\u00e3o foi poss\u00edvel realizar esse desejo na \u00e9poca. Apesar [&hellip;]","og_url":"https:\/\/www.gaveanews.com\/index.php\/2025\/03\/28\/video-a-declaracao-de-tche-tche-do-vasco-direcionada-ao-botafogo\/","og_site_name":"G\u00e1vea News","article_publisher":"https:\/\/facebook.com\/gaveaNews\/","article_published_time":"2025-03-28T13:50:00+00:00","og_image":[{"width":984,"height":656,"url":"https:\/\/www.gaveanews.com\/wp-content\/uploads\/Tche-Tche-apresentado-pelo-Botafogo.webp","type":"image\/jpeg"}],"author":"Leandro Cardoso","twitter_card":"summary_large_image","twitter_misc":{"Escrito por":"Leandro Cardoso","Est. tempo de leitura":"3 minutos"},"schema":{"@context":"https:\/\/schema.org","@graph":[{"@type":"NewsArticle","@id":"https:\/\/www.gaveanews.com\/index.php\/2025\/03\/28\/video-a-declaracao-de-tche-tche-do-vasco-direcionada-ao-botafogo\/#article","isPartOf":{"@id":"https:\/\/www.gaveanews.com\/index.php\/2025\/03\/28\/video-a-declaracao-de-tche-tche-do-vasco-direcionada-ao-botafogo\/"},"author":{"name":"Leandro Cardoso","@id":"https:\/\/www.gaveanews.com\/#\/schema\/person\/2424ec6409bc3f068411fc5e4e9b6168"},"headline":"V\u00eddeo: a declara\u00e7\u00e3o de Tch\u00ea Tch\u00ea, do Vasco, direcionada ao Botafogo","datePublished":"2025-03-28T13:50:00+00:00","mainEntityOfPage":{"@id":"https:\/\/www.gaveanews.com\/index.php\/2025\/03\/28\/video-a-declaracao-de-tche-tche-do-vasco-direcionada-ao-botafogo\/"},"wordCount":532,"commentCount":0,"image":{"@id":"https:\/\/www.gaveanews.com\/index.php\/2025\/03\/28\/video-a-declaracao-de-tche-tche-do-vasco-direcionada-ao-botafogo\/#primaryimage"},"thumbnailUrl":"https:\/\/www.gaveanews.com\/wp-content\/uploads\/Tche-Tche-apresentado-pelo-Botafogo.webp","articleSection":["Botafogo","Vasco"],"inLanguage":"pt-BR","potentialAction":[{"@type":"CommentAction","name":"Comment","target":["https:\/\/www.gaveanews.com\/index.php\/2025\/03\/28\/video-a-declaracao-de-tche-tche-do-vasco-direcionada-ao-botafogo\/#respond"]}],"copyrightYear":"2025","copyrightHolder":{"@id":"https:\/\/www.gaveanews.com\/#organization"}},{"@type":"WebPage","@id":"https:\/\/www.gaveanews.com\/index.php\/2025\/03\/28\/video-a-declaracao-de-tche-tche-do-vasco-direcionada-ao-botafogo\/","url":"https:\/\/www.gaveanews.com\/index.php\/2025\/03\/28\/video-a-declaracao-de-tche-tche-do-vasco-direcionada-ao-botafogo\/","name":"V\u00eddeo: a declara\u00e7\u00e3o de Tch\u00ea Tch\u00ea, do Vasco, direcionada ao Botafogo","isPartOf":{"@id":"https:\/\/www.gaveanews.com\/#website"},"primaryImageOfPage":{"@id":"https:\/\/www.gaveanews.com\/index.php\/2025\/03\/28\/video-a-declaracao-de-tche-tche-do-vasco-direcionada-ao-botafogo\/#primaryimage"},"image":{"@id":"https:\/\/www.gaveanews.com\/index.php\/2025\/03\/28\/video-a-declaracao-de-tche-tche-do-vasco-direcionada-ao-botafogo\/#primaryimage"},"thumbnailUrl":"https:\/\/www.gaveanews.com\/wp-content\/uploads\/Tche-Tche-apresentado-pelo-Botafogo.webp","datePublished":"2025-03-28T13:50:00+00:00","author":{"@id":"https:\/\/www.gaveanews.com\/#\/schema\/person\/2424ec6409bc3f068411fc5e4e9b6168"},"breadcrumb":{"@id":"https:\/\/www.gaveanews.com\/index.php\/2025\/03\/28\/video-a-declaracao-de-tche-tche-do-vasco-direcionada-ao-botafogo\/#breadcrumb"},"inLanguage":"pt-BR","potentialAction":[{"@type":"ReadAction","target":["https:\/\/www.gaveanews.com\/index.php\/2025\/03\/28\/video-a-declaracao-de-tche-tche-do-vasco-direcionada-ao-botafogo\/"]}]},{"@type":"ImageObject","inLanguage":"pt-BR","@id":"https:\/\/www.gaveanews.com\/index.php\/2025\/03\/28\/video-a-declaracao-de-tche-tche-do-vasco-direcionada-ao-botafogo\/#primaryimage","url":"https:\/\/www.gaveanews.com\/wp-content\/uploads\/Tche-Tche-apresentado-pelo-Botafogo.webp","contentUrl":"https:\/\/www.gaveanews.com\/wp-content\/uploads\/Tche-Tche-apresentado-pelo-Botafogo.webp","width":984,"height":656,"caption":"Tch\u00ea Tch\u00ea apresentado pelo Botafogo (Foto: Vitor Silva\/Botafogo)"},{"@type":"BreadcrumbList","@id":"https:\/\/www.gaveanews.com\/index.php\/2025\/03\/28\/video-a-declaracao-de-tche-tche-do-vasco-direcionada-ao-botafogo\/#breadcrumb","itemListElement":[{"@type":"ListItem","position":1,"name":"Home","item":"https:\/\/www.gaveanews.com\/"},{"@type":"ListItem","position":2,"name":"V\u00eddeo: a declara\u00e7\u00e3o de Tch\u00ea Tch\u00ea, do Vasco, direcionada ao Botafogo"}]},{"@type":"WebSite","@id":"https:\/\/www.gaveanews.com\/#website","url":"https:\/\/www.gaveanews.com\/","name":"G\u00e1vea News","description":"Veja todas as not\u00edcias sobre o Flamengo: Contrata\u00e7\u00f5es, categorias de base, resultados das partidas, tabela de classifica\u00e7\u00e3o, pr\u00f3ximos jogos!","potentialAction":[{"@type":"SearchAction","target":{"@type":"EntryPoint","urlTemplate":"https:\/\/www.gaveanews.com\/?s={search_term_string}"},"query-input":{"@type":"PropertyValueSpecification","valueRequired":true,"valueName":"search_term_string"}}],"inLanguage":"pt-BR"},{"@type":"Person","@id":"https:\/\/www.gaveanews.com\/#\/schema\/person\/2424ec6409bc3f068411fc5e4e9b6168","name":"Leandro Cardoso","image":{"@type":"ImageObject","inLanguage":"pt-BR","@id":"https:\/\/www.gaveanews.com\/#\/schema\/person\/image\/","url":"https:\/\/secure.gravatar.com\/avatar\/8ca179f9b55eefe9f376f5493ef25475bfa59fbc28ce937f6076ce20e523098f?s=96&d=mm&r=g","contentUrl":"https:\/\/secure.gravatar.com\/avatar\/8ca179f9b55eefe9f376f5493ef25475bfa59fbc28ce937f6076ce20e523098f?s=96&d=mm&r=g","caption":"Leandro Cardoso"}}]}},"_links":{"self":[{"href":"https:\/\/www.gaveanews.com\/index.php\/wp-json\/wp\/v2\/posts\/245903","targetHints":{"allow":["GET"]}}],"collection":[{"href":"https:\/\/www.gaveanews.com\/index.php\/wp-json\/wp\/v2\/posts"}],"about":[{"href":"https:\/\/www.gaveanews.com\/index.php\/wp-json\/wp\/v2\/types\/post"}],"author":[{"embeddable":true,"href":"https:\/\/www.gaveanews.com\/index.php\/wp-json\/wp\/v2\/users\/24"}],"replies":[{"embeddable":true,"href":"https:\/\/www.gaveanews.com\/index.php\/wp-json\/wp\/v2\/comments?post=245903"}],"version-history":[{"count":1,"href":"https:\/\/www.gaveanews.com\/index.php\/wp-json\/wp\/v2\/posts\/245903\/revisions"}],"predecessor-version":[{"id":245909,"href":"https:\/\/www.gaveanews.com\/index.php\/wp-json\/wp\/v2\/posts\/245903\/revisions\/245909"}],"wp:featuredmedia":[{"embeddable":true,"href":"https:\/\/www.gaveanews.com\/index.php\/wp-json\/wp\/v2\/media\/167058"}],"wp:attachment":[{"href":"https:\/\/www.gaveanews.com\/index.php\/wp-json\/wp\/v2\/media?parent=245903"}],"wp:term":[{"taxonomy":"category","embeddable":true,"href":"https:\/\/www.gaveanews.com\/index.php\/wp-json\/wp\/v2\/categories?post=245903"},{"taxonomy":"post_tag","embeddable":true,"href":"https:\/\/www.gaveanews.com\/index.php\/wp-json\/wp\/v2\/tags?post=245903"}],"curies":[{"name":"wp","href":"https:\/\/api.w.org\/{rel}","templated":true}]}}