{"id":245912,"date":"2025-03-28T10:55:00","date_gmt":"2025-03-28T13:55:00","guid":{"rendered":"https:\/\/www.gaveanews.com\/?p=245912"},"modified":"2025-03-28T10:47:30","modified_gmt":"2025-03-28T13:47:30","slug":"corinthians-x-palmeiras-a-declaracao-de-raphael-veiga-2","status":"publish","type":"post","link":"https:\/\/www.gaveanews.com\/index.php\/2025\/03\/28\/corinthians-x-palmeiras-a-declaracao-de-raphael-veiga-2\/","title":{"rendered":"Corinthians x Palmeiras: a declara\u00e7\u00e3o de Raphael Veiga"},"content":{"rendered":"\n<p>O Corinthians conquistou na quinta-feira (27 de mar\u00e7o) o seu 31\u00ba t\u00edtulo do Campeonato Paulista ao empatar por 0 a 0 com o Palmeiras, na Neo Qu\u00edmica Arena. A vantagem constru\u00edda no primeiro jogo, com vit\u00f3ria no Allianz Parque, foi suficiente para garantir a ta\u00e7a ao clube alvinegro, que n\u00e3o levantava um trof\u00e9u desde 2019.<\/p>\n\n\n\n<p>A decis\u00e3o foi marcada pelo desempenho decisivo do goleiro Hugo Souza, que brilhou ao defender um p\u00eanalti cobrado por Raphael Veiga. A interven\u00e7\u00e3o aconteceu em um momento de alta press\u00e3o, impedindo o rival de abrir o placar e alterando os rumos da partida. Assim, o arqueiro se consolidou como her\u00f3i da final e entrou para a hist\u00f3ria recente do clube.<\/p>\n\n\n\n<figure class=\"wp-block-image size-full\"><img loading=\"lazy\" decoding=\"async\" width=\"1043\" height=\"574\" src=\"http:\/\/www.gaveanews.com\/wp-content\/uploads\/Palmeiras-x-Corinthians-pela-final-do-Paulistao.webp\" alt=\"\" class=\"wp-image-240830\"\/><figcaption class=\"wp-element-caption\">Palmeiras x Corinthians pela final do Paulist\u00e3o (Foto: Cesar Greco\/Palmeiras)<\/figcaption><\/figure>\n\n\n\n<p>O pr\u00f3prio Raphael Veiga, ap\u00f3s o apito final, falou com sinceridade sobre a derrota e n\u00e3o escondeu a frustra\u00e7\u00e3o. \u201cDesde pequeno eu aprendi a n\u00e3o gostar do Corinthians. Eu, mais do que ningu\u00e9m, queria ganhar esse jogo, mais do que ningu\u00e9m queria fazer o gol, mais do que ningu\u00e9m queria ser campe\u00e3o\u201d, afirmou o meia na zona mista, ainda visivelmente abatido com o resultado.<\/p>\n\n\n\n<p>Enquanto isso, os torcedores do Corinthians n\u00e3o perderam a oportunidade de ironizar a elimina\u00e7\u00e3o do rival. Nas redes sociais, memes e coment\u00e1rios provocativos tomaram conta das publica\u00e7\u00f5es. Ali\u00e1s, at\u00e9 mesmo o placar eletr\u00f4nico da Neo Qu\u00edmica Arena exibiu mensagens debochadas, em tom de provoca\u00e7\u00e3o ao clube da Barra Funda.<\/p>\n\n\n\n<p>Conforme declarou o t\u00e9cnico Ram\u00f3n D\u00edaz, a conquista representa mais do que um trof\u00e9u: simboliza uma retomada no clube. O treinador afirmou que o time vive um momento de reconstru\u00e7\u00e3o e projeta novos feitos no decorrer da temporada, embora tenha deixado seu futuro na equipe em aberto.<\/p>\n\n\n\n<p>Enfim, a final do Paulist\u00e3o n\u00e3o apenas consagrou o Corinthians como campe\u00e3o, mas tamb\u00e9m evidenciou a intensidade da rivalidade entre os dois clubes. As declara\u00e7\u00f5es sinceras de Veiga e o clima provocado nas arquibancadas refor\u00e7am o peso emocional desse confronto para torcedores e jogadores.<\/p>\n","protected":false},"excerpt":{"rendered":"<p>O Corinthians conquistou na quinta-feira (27 de mar\u00e7o) o seu 31\u00ba t\u00edtulo do Campeonato Paulista ao empatar por 0 a 0 com o Palmeiras, na Neo Qu\u00edmica Arena. A vantagem constru\u00edda no primeiro jogo, com vit\u00f3ria no Allianz Parque, foi suficiente para garantir a ta\u00e7a ao clube alvinegro, que n\u00e3o levantava um trof\u00e9u desde 2019. [&hellip;]<\/p>\n","protected":false},"author":27,"featured_media":245851,"comment_status":"open","ping_status":"closed","sticky":false,"template":"","format":"standard","meta":{"footnotes":""},"categories":[141,150],"tags":[],"class_list":["post-245912","post","type-post","status-publish","format-standard","has-post-thumbnail","hentry","category-corinthians","category-palmeiras"],"yoast_head":"<!-- This site is optimized with the Yoast SEO Premium plugin v24.2 (Yoast SEO v26.9) - https:\/\/yoast.com\/product\/yoast-seo-premium-wordpress\/ -->\n<title>Corinthians x Palmeiras: a declara\u00e7\u00e3o de Raphael Veiga<\/title>\n<meta name=\"robots\" content=\"index, follow, max-snippet:-1, max-image-preview:large, max-video-preview:-1\" \/>\n<link rel=\"canonical\" href=\"https:\/\/www.gaveanews.com\/index.php\/2025\/03\/28\/corinthians-x-palmeiras-a-declaracao-de-raphael-veiga-2\/\" \/>\n<meta property=\"og:locale\" content=\"pt_BR\" \/>\n<meta property=\"og:type\" content=\"article\" \/>\n<meta property=\"og:title\" content=\"Corinthians x Palmeiras: a declara\u00e7\u00e3o de Raphael Veiga\" \/>\n<meta property=\"og:description\" content=\"O Corinthians conquistou na quinta-feira (27 de mar\u00e7o) o seu 31\u00ba t\u00edtulo do Campeonato Paulista ao empatar por 0 a 0 com o Palmeiras, na Neo Qu\u00edmica Arena. A vantagem constru\u00edda no primeiro jogo, com vit\u00f3ria no Allianz Parque, foi suficiente para garantir a ta\u00e7a ao clube alvinegro, que n\u00e3o levantava um trof\u00e9u desde 2019. [&hellip;]\" \/>\n<meta property=\"og:url\" content=\"https:\/\/www.gaveanews.com\/index.php\/2025\/03\/28\/corinthians-x-palmeiras-a-declaracao-de-raphael-veiga-2\/\" \/>\n<meta property=\"og:site_name\" content=\"G\u00e1vea News\" \/>\n<meta property=\"article:publisher\" content=\"https:\/\/facebook.com\/gaveaNews\/\" \/>\n<meta property=\"article:published_time\" content=\"2025-03-28T13:55:00+00:00\" \/>\n<meta property=\"og:image\" content=\"https:\/\/www.gaveanews.com\/wp-content\/uploads\/Raphael-Veiga-pelo-Palmeiras.webp\" \/>\n\t<meta property=\"og:image:width\" content=\"576\" \/>\n\t<meta property=\"og:image:height\" content=\"408\" \/>\n\t<meta property=\"og:image:type\" content=\"image\/jpeg\" \/>\n<meta name=\"author\" content=\"Matheus Felipe\" \/>\n<meta name=\"twitter:card\" content=\"summary_large_image\" \/>\n<meta name=\"twitter:label1\" content=\"Escrito por\" \/>\n\t<meta name=\"twitter:data1\" content=\"Matheus Felipe\" \/>\n\t<meta name=\"twitter:label2\" content=\"Est. tempo de leitura\" \/>\n\t<meta name=\"twitter:data2\" content=\"3 minutos\" \/>\n<script type=\"application\/ld+json\" class=\"yoast-schema-graph\">{\"@context\":\"https:\/\/schema.org\",\"@graph\":[{\"@type\":\"NewsArticle\",\"@id\":\"https:\/\/www.gaveanews.com\/index.php\/2025\/03\/28\/corinthians-x-palmeiras-a-declaracao-de-raphael-veiga-2\/#article\",\"isPartOf\":{\"@id\":\"https:\/\/www.gaveanews.com\/index.php\/2025\/03\/28\/corinthians-x-palmeiras-a-declaracao-de-raphael-veiga-2\/\"},\"author\":{\"name\":\"Matheus Felipe\",\"@id\":\"https:\/\/www.gaveanews.com\/#\/schema\/person\/8207cd4627f56151707418bfc835b2fb\"},\"headline\":\"Corinthians x Palmeiras: a declara\u00e7\u00e3o de Raphael Veiga\",\"datePublished\":\"2025-03-28T13:55:00+00:00\",\"mainEntityOfPage\":{\"@id\":\"https:\/\/www.gaveanews.com\/index.php\/2025\/03\/28\/corinthians-x-palmeiras-a-declaracao-de-raphael-veiga-2\/\"},\"wordCount\":377,\"commentCount\":0,\"image\":{\"@id\":\"https:\/\/www.gaveanews.com\/index.php\/2025\/03\/28\/corinthians-x-palmeiras-a-declaracao-de-raphael-veiga-2\/#primaryimage\"},\"thumbnailUrl\":\"https:\/\/www.gaveanews.com\/wp-content\/uploads\/Raphael-Veiga-pelo-Palmeiras.webp\",\"articleSection\":[\"Corinthians\",\"Palmeiras\"],\"inLanguage\":\"pt-BR\",\"potentialAction\":[{\"@type\":\"CommentAction\",\"name\":\"Comment\",\"target\":[\"https:\/\/www.gaveanews.com\/index.php\/2025\/03\/28\/corinthians-x-palmeiras-a-declaracao-de-raphael-veiga-2\/#respond\"]}],\"copyrightYear\":\"2025\",\"copyrightHolder\":{\"@id\":\"https:\/\/www.gaveanews.com\/#organization\"}},{\"@type\":\"WebPage\",\"@id\":\"https:\/\/www.gaveanews.com\/index.php\/2025\/03\/28\/corinthians-x-palmeiras-a-declaracao-de-raphael-veiga-2\/\",\"url\":\"https:\/\/www.gaveanews.com\/index.php\/2025\/03\/28\/corinthians-x-palmeiras-a-declaracao-de-raphael-veiga-2\/\",\"name\":\"Corinthians x Palmeiras: a declara\u00e7\u00e3o de Raphael Veiga\",\"isPartOf\":{\"@id\":\"https:\/\/www.gaveanews.com\/#website\"},\"primaryImageOfPage\":{\"@id\":\"https:\/\/www.gaveanews.com\/index.php\/2025\/03\/28\/corinthians-x-palmeiras-a-declaracao-de-raphael-veiga-2\/#primaryimage\"},\"image\":{\"@id\":\"https:\/\/www.gaveanews.com\/index.php\/2025\/03\/28\/corinthians-x-palmeiras-a-declaracao-de-raphael-veiga-2\/#primaryimage\"},\"thumbnailUrl\":\"https:\/\/www.gaveanews.com\/wp-content\/uploads\/Raphael-Veiga-pelo-Palmeiras.webp\",\"datePublished\":\"2025-03-28T13:55:00+00:00\",\"author\":{\"@id\":\"https:\/\/www.gaveanews.com\/#\/schema\/person\/8207cd4627f56151707418bfc835b2fb\"},\"breadcrumb\":{\"@id\":\"https:\/\/www.gaveanews.com\/index.php\/2025\/03\/28\/corinthians-x-palmeiras-a-declaracao-de-raphael-veiga-2\/#breadcrumb\"},\"inLanguage\":\"pt-BR\",\"potentialAction\":[{\"@type\":\"ReadAction\",\"target\":[\"https:\/\/www.gaveanews.com\/index.php\/2025\/03\/28\/corinthians-x-palmeiras-a-declaracao-de-raphael-veiga-2\/\"]}]},{\"@type\":\"ImageObject\",\"inLanguage\":\"pt-BR\",\"@id\":\"https:\/\/www.gaveanews.com\/index.php\/2025\/03\/28\/corinthians-x-palmeiras-a-declaracao-de-raphael-veiga-2\/#primaryimage\",\"url\":\"https:\/\/www.gaveanews.com\/wp-content\/uploads\/Raphael-Veiga-pelo-Palmeiras.webp\",\"contentUrl\":\"https:\/\/www.gaveanews.com\/wp-content\/uploads\/Raphael-Veiga-pelo-Palmeiras.webp\",\"width\":576,\"height\":408,\"caption\":\"Raphael Veiga pelo Palmeiras (Foto: Cesar Greco\/Palmeiras\/by Canon)\"},{\"@type\":\"BreadcrumbList\",\"@id\":\"https:\/\/www.gaveanews.com\/index.php\/2025\/03\/28\/corinthians-x-palmeiras-a-declaracao-de-raphael-veiga-2\/#breadcrumb\",\"itemListElement\":[{\"@type\":\"ListItem\",\"position\":1,\"name\":\"Home\",\"item\":\"https:\/\/www.gaveanews.com\/\"},{\"@type\":\"ListItem\",\"position\":2,\"name\":\"Corinthians x Palmeiras: a declara\u00e7\u00e3o de Raphael Veiga\"}]},{\"@type\":\"WebSite\",\"@id\":\"https:\/\/www.gaveanews.com\/#website\",\"url\":\"https:\/\/www.gaveanews.com\/\",\"name\":\"G\u00e1vea News\",\"description\":\"Veja todas as not\u00edcias sobre o Flamengo: Contrata\u00e7\u00f5es, categorias de base, resultados das partidas, tabela de classifica\u00e7\u00e3o, pr\u00f3ximos jogos!\",\"potentialAction\":[{\"@type\":\"SearchAction\",\"target\":{\"@type\":\"EntryPoint\",\"urlTemplate\":\"https:\/\/www.gaveanews.com\/?s={search_term_string}\"},\"query-input\":{\"@type\":\"PropertyValueSpecification\",\"valueRequired\":true,\"valueName\":\"search_term_string\"}}],\"inLanguage\":\"pt-BR\"},{\"@type\":\"Person\",\"@id\":\"https:\/\/www.gaveanews.com\/#\/schema\/person\/8207cd4627f56151707418bfc835b2fb\",\"name\":\"Matheus Felipe\",\"image\":{\"@type\":\"ImageObject\",\"inLanguage\":\"pt-BR\",\"@id\":\"https:\/\/www.gaveanews.com\/#\/schema\/person\/image\/\",\"url\":\"https:\/\/secure.gravatar.com\/avatar\/a452ffbed9130f726358b298bb3a99ce4bd3c5338411f8440e87e14d74c7c087?s=96&d=mm&r=g\",\"contentUrl\":\"https:\/\/secure.gravatar.com\/avatar\/a452ffbed9130f726358b298bb3a99ce4bd3c5338411f8440e87e14d74c7c087?s=96&d=mm&r=g\",\"caption\":\"Matheus Felipe\"}}]}<\/script>\n<!-- \/ Yoast SEO Premium plugin. -->","yoast_head_json":{"title":"Corinthians x Palmeiras: a declara\u00e7\u00e3o de Raphael Veiga","robots":{"index":"index","follow":"follow","max-snippet":"max-snippet:-1","max-image-preview":"max-image-preview:large","max-video-preview":"max-video-preview:-1"},"canonical":"https:\/\/www.gaveanews.com\/index.php\/2025\/03\/28\/corinthians-x-palmeiras-a-declaracao-de-raphael-veiga-2\/","og_locale":"pt_BR","og_type":"article","og_title":"Corinthians x Palmeiras: a declara\u00e7\u00e3o de Raphael Veiga","og_description":"O Corinthians conquistou na quinta-feira (27 de mar\u00e7o) o seu 31\u00ba t\u00edtulo do Campeonato Paulista ao empatar por 0 a 0 com o Palmeiras, na Neo Qu\u00edmica Arena. A vantagem constru\u00edda no primeiro jogo, com vit\u00f3ria no Allianz Parque, foi suficiente para garantir a ta\u00e7a ao clube alvinegro, que n\u00e3o levantava um trof\u00e9u desde 2019. [&hellip;]","og_url":"https:\/\/www.gaveanews.com\/index.php\/2025\/03\/28\/corinthians-x-palmeiras-a-declaracao-de-raphael-veiga-2\/","og_site_name":"G\u00e1vea News","article_publisher":"https:\/\/facebook.com\/gaveaNews\/","article_published_time":"2025-03-28T13:55:00+00:00","og_image":[{"width":576,"height":408,"url":"https:\/\/www.gaveanews.com\/wp-content\/uploads\/Raphael-Veiga-pelo-Palmeiras.webp","type":"image\/jpeg"}],"author":"Matheus Felipe","twitter_card":"summary_large_image","twitter_misc":{"Escrito por":"Matheus Felipe","Est. tempo de leitura":"3 minutos"},"schema":{"@context":"https:\/\/schema.org","@graph":[{"@type":"NewsArticle","@id":"https:\/\/www.gaveanews.com\/index.php\/2025\/03\/28\/corinthians-x-palmeiras-a-declaracao-de-raphael-veiga-2\/#article","isPartOf":{"@id":"https:\/\/www.gaveanews.com\/index.php\/2025\/03\/28\/corinthians-x-palmeiras-a-declaracao-de-raphael-veiga-2\/"},"author":{"name":"Matheus Felipe","@id":"https:\/\/www.gaveanews.com\/#\/schema\/person\/8207cd4627f56151707418bfc835b2fb"},"headline":"Corinthians x Palmeiras: a declara\u00e7\u00e3o de Raphael Veiga","datePublished":"2025-03-28T13:55:00+00:00","mainEntityOfPage":{"@id":"https:\/\/www.gaveanews.com\/index.php\/2025\/03\/28\/corinthians-x-palmeiras-a-declaracao-de-raphael-veiga-2\/"},"wordCount":377,"commentCount":0,"image":{"@id":"https:\/\/www.gaveanews.com\/index.php\/2025\/03\/28\/corinthians-x-palmeiras-a-declaracao-de-raphael-veiga-2\/#primaryimage"},"thumbnailUrl":"https:\/\/www.gaveanews.com\/wp-content\/uploads\/Raphael-Veiga-pelo-Palmeiras.webp","articleSection":["Corinthians","Palmeiras"],"inLanguage":"pt-BR","potentialAction":[{"@type":"CommentAction","name":"Comment","target":["https:\/\/www.gaveanews.com\/index.php\/2025\/03\/28\/corinthians-x-palmeiras-a-declaracao-de-raphael-veiga-2\/#respond"]}],"copyrightYear":"2025","copyrightHolder":{"@id":"https:\/\/www.gaveanews.com\/#organization"}},{"@type":"WebPage","@id":"https:\/\/www.gaveanews.com\/index.php\/2025\/03\/28\/corinthians-x-palmeiras-a-declaracao-de-raphael-veiga-2\/","url":"https:\/\/www.gaveanews.com\/index.php\/2025\/03\/28\/corinthians-x-palmeiras-a-declaracao-de-raphael-veiga-2\/","name":"Corinthians x Palmeiras: a declara\u00e7\u00e3o de Raphael Veiga","isPartOf":{"@id":"https:\/\/www.gaveanews.com\/#website"},"primaryImageOfPage":{"@id":"https:\/\/www.gaveanews.com\/index.php\/2025\/03\/28\/corinthians-x-palmeiras-a-declaracao-de-raphael-veiga-2\/#primaryimage"},"image":{"@id":"https:\/\/www.gaveanews.com\/index.php\/2025\/03\/28\/corinthians-x-palmeiras-a-declaracao-de-raphael-veiga-2\/#primaryimage"},"thumbnailUrl":"https:\/\/www.gaveanews.com\/wp-content\/uploads\/Raphael-Veiga-pelo-Palmeiras.webp","datePublished":"2025-03-28T13:55:00+00:00","author":{"@id":"https:\/\/www.gaveanews.com\/#\/schema\/person\/8207cd4627f56151707418bfc835b2fb"},"breadcrumb":{"@id":"https:\/\/www.gaveanews.com\/index.php\/2025\/03\/28\/corinthians-x-palmeiras-a-declaracao-de-raphael-veiga-2\/#breadcrumb"},"inLanguage":"pt-BR","potentialAction":[{"@type":"ReadAction","target":["https:\/\/www.gaveanews.com\/index.php\/2025\/03\/28\/corinthians-x-palmeiras-a-declaracao-de-raphael-veiga-2\/"]}]},{"@type":"ImageObject","inLanguage":"pt-BR","@id":"https:\/\/www.gaveanews.com\/index.php\/2025\/03\/28\/corinthians-x-palmeiras-a-declaracao-de-raphael-veiga-2\/#primaryimage","url":"https:\/\/www.gaveanews.com\/wp-content\/uploads\/Raphael-Veiga-pelo-Palmeiras.webp","contentUrl":"https:\/\/www.gaveanews.com\/wp-content\/uploads\/Raphael-Veiga-pelo-Palmeiras.webp","width":576,"height":408,"caption":"Raphael Veiga pelo Palmeiras (Foto: Cesar Greco\/Palmeiras\/by Canon)"},{"@type":"BreadcrumbList","@id":"https:\/\/www.gaveanews.com\/index.php\/2025\/03\/28\/corinthians-x-palmeiras-a-declaracao-de-raphael-veiga-2\/#breadcrumb","itemListElement":[{"@type":"ListItem","position":1,"name":"Home","item":"https:\/\/www.gaveanews.com\/"},{"@type":"ListItem","position":2,"name":"Corinthians x Palmeiras: a declara\u00e7\u00e3o de Raphael Veiga"}]},{"@type":"WebSite","@id":"https:\/\/www.gaveanews.com\/#website","url":"https:\/\/www.gaveanews.com\/","name":"G\u00e1vea News","description":"Veja todas as not\u00edcias sobre o Flamengo: Contrata\u00e7\u00f5es, categorias de base, resultados das partidas, tabela de classifica\u00e7\u00e3o, pr\u00f3ximos jogos!","potentialAction":[{"@type":"SearchAction","target":{"@type":"EntryPoint","urlTemplate":"https:\/\/www.gaveanews.com\/?s={search_term_string}"},"query-input":{"@type":"PropertyValueSpecification","valueRequired":true,"valueName":"search_term_string"}}],"inLanguage":"pt-BR"},{"@type":"Person","@id":"https:\/\/www.gaveanews.com\/#\/schema\/person\/8207cd4627f56151707418bfc835b2fb","name":"Matheus Felipe","image":{"@type":"ImageObject","inLanguage":"pt-BR","@id":"https:\/\/www.gaveanews.com\/#\/schema\/person\/image\/","url":"https:\/\/secure.gravatar.com\/avatar\/a452ffbed9130f726358b298bb3a99ce4bd3c5338411f8440e87e14d74c7c087?s=96&d=mm&r=g","contentUrl":"https:\/\/secure.gravatar.com\/avatar\/a452ffbed9130f726358b298bb3a99ce4bd3c5338411f8440e87e14d74c7c087?s=96&d=mm&r=g","caption":"Matheus Felipe"}}]}},"_links":{"self":[{"href":"https:\/\/www.gaveanews.com\/index.php\/wp-json\/wp\/v2\/posts\/245912","targetHints":{"allow":["GET"]}}],"collection":[{"href":"https:\/\/www.gaveanews.com\/index.php\/wp-json\/wp\/v2\/posts"}],"about":[{"href":"https:\/\/www.gaveanews.com\/index.php\/wp-json\/wp\/v2\/types\/post"}],"author":[{"embeddable":true,"href":"https:\/\/www.gaveanews.com\/index.php\/wp-json\/wp\/v2\/users\/27"}],"replies":[{"embeddable":true,"href":"https:\/\/www.gaveanews.com\/index.php\/wp-json\/wp\/v2\/comments?post=245912"}],"version-history":[{"count":1,"href":"https:\/\/www.gaveanews.com\/index.php\/wp-json\/wp\/v2\/posts\/245912\/revisions"}],"predecessor-version":[{"id":245920,"href":"https:\/\/www.gaveanews.com\/index.php\/wp-json\/wp\/v2\/posts\/245912\/revisions\/245920"}],"wp:featuredmedia":[{"embeddable":true,"href":"https:\/\/www.gaveanews.com\/index.php\/wp-json\/wp\/v2\/media\/245851"}],"wp:attachment":[{"href":"https:\/\/www.gaveanews.com\/index.php\/wp-json\/wp\/v2\/media?parent=245912"}],"wp:term":[{"taxonomy":"category","embeddable":true,"href":"https:\/\/www.gaveanews.com\/index.php\/wp-json\/wp\/v2\/categories?post=245912"},{"taxonomy":"post_tag","embeddable":true,"href":"https:\/\/www.gaveanews.com\/index.php\/wp-json\/wp\/v2\/tags?post=245912"}],"curies":[{"name":"wp","href":"https:\/\/api.w.org\/{rel}","templated":true}]}}