{"id":245917,"date":"2025-03-28T11:05:00","date_gmt":"2025-03-28T14:05:00","guid":{"rendered":"https:\/\/www.gaveanews.com\/?p=245917"},"modified":"2025-03-28T10:43:32","modified_gmt":"2025-03-28T13:43:32","slug":"a-declaracao-de-vegetti-sobre-o-elenco-do-vasco-eu-gostaria-que","status":"publish","type":"post","link":"https:\/\/www.gaveanews.com\/index.php\/2025\/03\/28\/a-declaracao-de-vegetti-sobre-o-elenco-do-vasco-eu-gostaria-que\/","title":{"rendered":"A declara\u00e7\u00e3o de Vegetti sobre o elenco do Vasco: &#8220;Eu gostaria que&#8230;&#8221;"},"content":{"rendered":"\n<p>Vegetti, atacante do Vasco, compartilhou suas impress\u00f5es sobre a sua temporada no Campeonato Carioca, destacando a sua recupera\u00e7\u00e3o f\u00edsica e a confian\u00e7a que tem no elenco cruzmaltino.&nbsp;<\/p>\n\n\n\n<p>Al\u00e9m disso, o jogador falou sobre a sua experi\u00eancia no Maracan\u00e3, assim como a postura do time diante dos desafios que vir\u00e3o pela frente.<\/p>\n\n\n\n<h2 class=\"wp-block-heading\" id=\"h-de-volta-as-competicoes\">De volta \u00e0s competi\u00e7\u00f5es<\/h2>\n\n\n\n<p>&#8220;Eu j\u00e1 t\u00f4 de volta&#8221;, afirmou Vegetti, referindo-se \u00e0 sua recupera\u00e7\u00e3o da les\u00e3o na perna esquerda, que o afastou dos gramados durante uma parte do Campeonato Carioca. Apesar da les\u00e3o, o jogador fez quest\u00e3o de destacar sua performance no torneio, revelando um grande orgulho pela temporada que realizou.&nbsp;<\/p>\n\n\n\n<p>&#8220;Eu fiz uma atua\u00e7\u00e3o muito boa no Campeonato Carioca&#8221;, disse Vegetti, refletindo sobre a evolu\u00e7\u00e3o que teve.<\/p>\n\n\n\n<p>A temporada foi marcante para o jogador, que conseguiu se destacar mesmo em um campeonato de alto n\u00edvel, como o Carioca, onde a competi\u00e7\u00e3o \u00e9 intensa e as equipes buscam sempre o melhor.&nbsp;<\/p>\n\n\n\n<p>\u201cAgora \u00e9 continuar mantendo tudo o que fiz e voltar de les\u00e3o\u201d, disse, transmitindo confian\u00e7a no processo de recupera\u00e7\u00e3o.<\/p>\n\n\n\n<p>&#8220;Eu gostaria que todo meu time estivesse aqui levantando a ta\u00e7a&#8221;, finalizou Vegetti durante a premia\u00e7\u00e3o dos melhores do Campeonato Carioca 2025.<\/p>\n\n\n\n<figure class=\"wp-block-embed is-type-video is-provider-youtube wp-block-embed-youtube wp-embed-aspect-16-9 wp-has-aspect-ratio\"><div class=\"wp-block-embed__wrapper\">\n<iframe loading=\"lazy\" title=\"\u201cQUERIA O VASCO AQUI!\u201d VEGETTI SE LAMENTA E GERSON FAZ IRONIA! \u201cGOSTOU?\u201d NA PREMIA\u00c7\u0100O DO CARIOCA!\" width=\"640\" height=\"360\" src=\"https:\/\/www.youtube.com\/embed\/9opzCOdf5RM?feature=oembed\" frameborder=\"0\" allow=\"accelerometer; autoplay; clipboard-write; encrypted-media; gyroscope; picture-in-picture; web-share\" referrerpolicy=\"strict-origin-when-cross-origin\" allowfullscreen><\/iframe>\n<\/div><\/figure>\n\n\n\n<h2 class=\"wp-block-heading\" id=\"h-confianca-no-elenco-para-2025\">Confian\u00e7a no elenco para 2025<\/h2>\n\n\n\n<p>Por fim, Vegetti comentou sobre o futuro do Vasco, destacando a qualidade do elenco para 2025.&nbsp;<\/p>\n\n\n\n<p>\u201cTemos um time ainda mais forte, com mais tempo de trabalho e com refor\u00e7os importantes\u201d, afirmou.&nbsp;<\/p>\n\n\n\n<p>Cabe ressaltar que a confian\u00e7a de Vegetti no grupo \u00e9 um indicativo de que o Vasco est\u00e1 se preparando para as competi\u00e7\u00f5es com seriedade e foco, buscando sempre evoluir e conquistar t\u00edtulos ao longo da temporada.<\/p>\n\n\n\n<p>Com isso, o atacante segue firme na sua recupera\u00e7\u00e3o e prepara\u00e7\u00e3o, com a certeza de que, com o trabalho conjunto, o Vasco tem potencial para brilhar nas competi\u00e7\u00f5es nacionais e internacionais ao longo de 2025.<\/p>\n","protected":false},"excerpt":{"rendered":"<p>Vegetti, atacante do Vasco, compartilhou suas impress\u00f5es sobre a sua temporada no Campeonato Carioca, destacando a sua recupera\u00e7\u00e3o f\u00edsica e a confian\u00e7a que tem no elenco cruzmaltino.&nbsp; Al\u00e9m disso, o jogador falou sobre a sua experi\u00eancia no Maracan\u00e3, assim como a postura do time diante dos desafios que vir\u00e3o pela frente. De volta \u00e0s competi\u00e7\u00f5es [&hellip;]<\/p>\n","protected":false},"author":25,"featured_media":146070,"comment_status":"open","ping_status":"closed","sticky":false,"template":"","format":"standard","meta":{"footnotes":""},"categories":[152],"tags":[],"class_list":["post-245917","post","type-post","status-publish","format-standard","has-post-thumbnail","hentry","category-vasco"],"yoast_head":"<!-- This site is optimized with the Yoast SEO Premium plugin v24.2 (Yoast SEO v26.9) - https:\/\/yoast.com\/product\/yoast-seo-premium-wordpress\/ -->\n<title>A declara\u00e7\u00e3o de Vegetti sobre o elenco do Vasco: &quot;Eu gostaria que...&quot;<\/title>\n<meta name=\"robots\" content=\"index, follow, max-snippet:-1, max-image-preview:large, max-video-preview:-1\" \/>\n<link rel=\"canonical\" href=\"https:\/\/www.gaveanews.com\/index.php\/2025\/03\/28\/a-declaracao-de-vegetti-sobre-o-elenco-do-vasco-eu-gostaria-que\/\" \/>\n<meta property=\"og:locale\" content=\"pt_BR\" \/>\n<meta property=\"og:type\" content=\"article\" \/>\n<meta property=\"og:title\" content=\"A declara\u00e7\u00e3o de Vegetti sobre o elenco do Vasco: &quot;Eu gostaria que...&quot;\" \/>\n<meta property=\"og:description\" content=\"Vegetti, atacante do Vasco, compartilhou suas impress\u00f5es sobre a sua temporada no Campeonato Carioca, destacando a sua recupera\u00e7\u00e3o f\u00edsica e a confian\u00e7a que tem no elenco cruzmaltino.&nbsp; Al\u00e9m disso, o jogador falou sobre a sua experi\u00eancia no Maracan\u00e3, assim como a postura do time diante dos desafios que vir\u00e3o pela frente. De volta \u00e0s competi\u00e7\u00f5es [&hellip;]\" \/>\n<meta property=\"og:url\" content=\"https:\/\/www.gaveanews.com\/index.php\/2025\/03\/28\/a-declaracao-de-vegetti-sobre-o-elenco-do-vasco-eu-gostaria-que\/\" \/>\n<meta property=\"og:site_name\" content=\"G\u00e1vea News\" \/>\n<meta property=\"article:publisher\" content=\"https:\/\/facebook.com\/gaveaNews\/\" \/>\n<meta property=\"article:published_time\" content=\"2025-03-28T14:05:00+00:00\" \/>\n<meta name=\"author\" content=\"Rafaela Ladeira\" \/>\n<meta name=\"twitter:card\" content=\"summary_large_image\" \/>\n<meta name=\"twitter:label1\" content=\"Escrito por\" \/>\n\t<meta name=\"twitter:data1\" content=\"Rafaela Ladeira\" \/>\n\t<meta name=\"twitter:label2\" content=\"Est. tempo de leitura\" \/>\n\t<meta name=\"twitter:data2\" content=\"2 minutos\" \/>\n<script type=\"application\/ld+json\" class=\"yoast-schema-graph\">{\"@context\":\"https:\/\/schema.org\",\"@graph\":[{\"@type\":\"NewsArticle\",\"@id\":\"https:\/\/www.gaveanews.com\/index.php\/2025\/03\/28\/a-declaracao-de-vegetti-sobre-o-elenco-do-vasco-eu-gostaria-que\/#article\",\"isPartOf\":{\"@id\":\"https:\/\/www.gaveanews.com\/index.php\/2025\/03\/28\/a-declaracao-de-vegetti-sobre-o-elenco-do-vasco-eu-gostaria-que\/\"},\"author\":{\"name\":\"Rafaela Ladeira\",\"@id\":\"https:\/\/www.gaveanews.com\/#\/schema\/person\/0eb3e3fe1754f0205218538adbe8f5ed\"},\"headline\":\"A declara\u00e7\u00e3o de Vegetti sobre o elenco do Vasco: &#8220;Eu gostaria que&#8230;&#8221;\",\"datePublished\":\"2025-03-28T14:05:00+00:00\",\"mainEntityOfPage\":{\"@id\":\"https:\/\/www.gaveanews.com\/index.php\/2025\/03\/28\/a-declaracao-de-vegetti-sobre-o-elenco-do-vasco-eu-gostaria-que\/\"},\"wordCount\":349,\"commentCount\":0,\"image\":{\"@id\":\"https:\/\/www.gaveanews.com\/index.php\/2025\/03\/28\/a-declaracao-de-vegetti-sobre-o-elenco-do-vasco-eu-gostaria-que\/#primaryimage\"},\"thumbnailUrl\":\"https:\/\/www.gaveanews.com\/wp-content\/uploads\/Pablo-Vegetti-em-acao-pelo-Vasco.avif\",\"articleSection\":[\"Vasco\"],\"inLanguage\":\"pt-BR\",\"potentialAction\":[{\"@type\":\"CommentAction\",\"name\":\"Comment\",\"target\":[\"https:\/\/www.gaveanews.com\/index.php\/2025\/03\/28\/a-declaracao-de-vegetti-sobre-o-elenco-do-vasco-eu-gostaria-que\/#respond\"]}],\"copyrightYear\":\"2025\",\"copyrightHolder\":{\"@id\":\"https:\/\/www.gaveanews.com\/#organization\"}},{\"@type\":\"WebPage\",\"@id\":\"https:\/\/www.gaveanews.com\/index.php\/2025\/03\/28\/a-declaracao-de-vegetti-sobre-o-elenco-do-vasco-eu-gostaria-que\/\",\"url\":\"https:\/\/www.gaveanews.com\/index.php\/2025\/03\/28\/a-declaracao-de-vegetti-sobre-o-elenco-do-vasco-eu-gostaria-que\/\",\"name\":\"A declara\u00e7\u00e3o de Vegetti sobre o elenco do Vasco: \\\"Eu gostaria que...\\\"\",\"isPartOf\":{\"@id\":\"https:\/\/www.gaveanews.com\/#website\"},\"primaryImageOfPage\":{\"@id\":\"https:\/\/www.gaveanews.com\/index.php\/2025\/03\/28\/a-declaracao-de-vegetti-sobre-o-elenco-do-vasco-eu-gostaria-que\/#primaryimage\"},\"image\":{\"@id\":\"https:\/\/www.gaveanews.com\/index.php\/2025\/03\/28\/a-declaracao-de-vegetti-sobre-o-elenco-do-vasco-eu-gostaria-que\/#primaryimage\"},\"thumbnailUrl\":\"https:\/\/www.gaveanews.com\/wp-content\/uploads\/Pablo-Vegetti-em-acao-pelo-Vasco.avif\",\"datePublished\":\"2025-03-28T14:05:00+00:00\",\"author\":{\"@id\":\"https:\/\/www.gaveanews.com\/#\/schema\/person\/0eb3e3fe1754f0205218538adbe8f5ed\"},\"breadcrumb\":{\"@id\":\"https:\/\/www.gaveanews.com\/index.php\/2025\/03\/28\/a-declaracao-de-vegetti-sobre-o-elenco-do-vasco-eu-gostaria-que\/#breadcrumb\"},\"inLanguage\":\"pt-BR\",\"potentialAction\":[{\"@type\":\"ReadAction\",\"target\":[\"https:\/\/www.gaveanews.com\/index.php\/2025\/03\/28\/a-declaracao-de-vegetti-sobre-o-elenco-do-vasco-eu-gostaria-que\/\"]}]},{\"@type\":\"ImageObject\",\"inLanguage\":\"pt-BR\",\"@id\":\"https:\/\/www.gaveanews.com\/index.php\/2025\/03\/28\/a-declaracao-de-vegetti-sobre-o-elenco-do-vasco-eu-gostaria-que\/#primaryimage\",\"url\":\"https:\/\/www.gaveanews.com\/wp-content\/uploads\/Pablo-Vegetti-em-acao-pelo-Vasco.avif\",\"contentUrl\":\"https:\/\/www.gaveanews.com\/wp-content\/uploads\/Pablo-Vegetti-em-acao-pelo-Vasco.avif\",\"width\":900,\"height\":600,\"caption\":\"Pablo Vegetti em a\u00e7\u00e3o pelo Vasco (Foto: Leandro Amorim\/Vasco)\"},{\"@type\":\"BreadcrumbList\",\"@id\":\"https:\/\/www.gaveanews.com\/index.php\/2025\/03\/28\/a-declaracao-de-vegetti-sobre-o-elenco-do-vasco-eu-gostaria-que\/#breadcrumb\",\"itemListElement\":[{\"@type\":\"ListItem\",\"position\":1,\"name\":\"Home\",\"item\":\"https:\/\/www.gaveanews.com\/\"},{\"@type\":\"ListItem\",\"position\":2,\"name\":\"A declara\u00e7\u00e3o de Vegetti sobre o elenco do Vasco: &#8220;Eu gostaria que&#8230;&#8221;\"}]},{\"@type\":\"WebSite\",\"@id\":\"https:\/\/www.gaveanews.com\/#website\",\"url\":\"https:\/\/www.gaveanews.com\/\",\"name\":\"G\u00e1vea News\",\"description\":\"Veja todas as not\u00edcias sobre o Flamengo: Contrata\u00e7\u00f5es, categorias de base, resultados das partidas, tabela de classifica\u00e7\u00e3o, pr\u00f3ximos jogos!\",\"potentialAction\":[{\"@type\":\"SearchAction\",\"target\":{\"@type\":\"EntryPoint\",\"urlTemplate\":\"https:\/\/www.gaveanews.com\/?s={search_term_string}\"},\"query-input\":{\"@type\":\"PropertyValueSpecification\",\"valueRequired\":true,\"valueName\":\"search_term_string\"}}],\"inLanguage\":\"pt-BR\"},{\"@type\":\"Person\",\"@id\":\"https:\/\/www.gaveanews.com\/#\/schema\/person\/0eb3e3fe1754f0205218538adbe8f5ed\",\"name\":\"Rafaela Ladeira\",\"image\":{\"@type\":\"ImageObject\",\"inLanguage\":\"pt-BR\",\"@id\":\"https:\/\/www.gaveanews.com\/#\/schema\/person\/image\/\",\"url\":\"https:\/\/secure.gravatar.com\/avatar\/c31f513acffd85eacab5730cbdfdbbf59f21ba5aeada8cd890acea879fbb2455?s=96&d=mm&r=g\",\"contentUrl\":\"https:\/\/secure.gravatar.com\/avatar\/c31f513acffd85eacab5730cbdfdbbf59f21ba5aeada8cd890acea879fbb2455?s=96&d=mm&r=g\",\"caption\":\"Rafaela Ladeira\"}}]}<\/script>\n<!-- \/ Yoast SEO Premium plugin. -->","yoast_head_json":{"title":"A declara\u00e7\u00e3o de Vegetti sobre o elenco do Vasco: \"Eu gostaria que...\"","robots":{"index":"index","follow":"follow","max-snippet":"max-snippet:-1","max-image-preview":"max-image-preview:large","max-video-preview":"max-video-preview:-1"},"canonical":"https:\/\/www.gaveanews.com\/index.php\/2025\/03\/28\/a-declaracao-de-vegetti-sobre-o-elenco-do-vasco-eu-gostaria-que\/","og_locale":"pt_BR","og_type":"article","og_title":"A declara\u00e7\u00e3o de Vegetti sobre o elenco do Vasco: \"Eu gostaria que...\"","og_description":"Vegetti, atacante do Vasco, compartilhou suas impress\u00f5es sobre a sua temporada no Campeonato Carioca, destacando a sua recupera\u00e7\u00e3o f\u00edsica e a confian\u00e7a que tem no elenco cruzmaltino.&nbsp; Al\u00e9m disso, o jogador falou sobre a sua experi\u00eancia no Maracan\u00e3, assim como a postura do time diante dos desafios que vir\u00e3o pela frente. De volta \u00e0s competi\u00e7\u00f5es [&hellip;]","og_url":"https:\/\/www.gaveanews.com\/index.php\/2025\/03\/28\/a-declaracao-de-vegetti-sobre-o-elenco-do-vasco-eu-gostaria-que\/","og_site_name":"G\u00e1vea News","article_publisher":"https:\/\/facebook.com\/gaveaNews\/","article_published_time":"2025-03-28T14:05:00+00:00","author":"Rafaela Ladeira","twitter_card":"summary_large_image","twitter_misc":{"Escrito por":"Rafaela Ladeira","Est. tempo de leitura":"2 minutos"},"schema":{"@context":"https:\/\/schema.org","@graph":[{"@type":"NewsArticle","@id":"https:\/\/www.gaveanews.com\/index.php\/2025\/03\/28\/a-declaracao-de-vegetti-sobre-o-elenco-do-vasco-eu-gostaria-que\/#article","isPartOf":{"@id":"https:\/\/www.gaveanews.com\/index.php\/2025\/03\/28\/a-declaracao-de-vegetti-sobre-o-elenco-do-vasco-eu-gostaria-que\/"},"author":{"name":"Rafaela Ladeira","@id":"https:\/\/www.gaveanews.com\/#\/schema\/person\/0eb3e3fe1754f0205218538adbe8f5ed"},"headline":"A declara\u00e7\u00e3o de Vegetti sobre o elenco do Vasco: &#8220;Eu gostaria que&#8230;&#8221;","datePublished":"2025-03-28T14:05:00+00:00","mainEntityOfPage":{"@id":"https:\/\/www.gaveanews.com\/index.php\/2025\/03\/28\/a-declaracao-de-vegetti-sobre-o-elenco-do-vasco-eu-gostaria-que\/"},"wordCount":349,"commentCount":0,"image":{"@id":"https:\/\/www.gaveanews.com\/index.php\/2025\/03\/28\/a-declaracao-de-vegetti-sobre-o-elenco-do-vasco-eu-gostaria-que\/#primaryimage"},"thumbnailUrl":"https:\/\/www.gaveanews.com\/wp-content\/uploads\/Pablo-Vegetti-em-acao-pelo-Vasco.avif","articleSection":["Vasco"],"inLanguage":"pt-BR","potentialAction":[{"@type":"CommentAction","name":"Comment","target":["https:\/\/www.gaveanews.com\/index.php\/2025\/03\/28\/a-declaracao-de-vegetti-sobre-o-elenco-do-vasco-eu-gostaria-que\/#respond"]}],"copyrightYear":"2025","copyrightHolder":{"@id":"https:\/\/www.gaveanews.com\/#organization"}},{"@type":"WebPage","@id":"https:\/\/www.gaveanews.com\/index.php\/2025\/03\/28\/a-declaracao-de-vegetti-sobre-o-elenco-do-vasco-eu-gostaria-que\/","url":"https:\/\/www.gaveanews.com\/index.php\/2025\/03\/28\/a-declaracao-de-vegetti-sobre-o-elenco-do-vasco-eu-gostaria-que\/","name":"A declara\u00e7\u00e3o de Vegetti sobre o elenco do Vasco: \"Eu gostaria que...\"","isPartOf":{"@id":"https:\/\/www.gaveanews.com\/#website"},"primaryImageOfPage":{"@id":"https:\/\/www.gaveanews.com\/index.php\/2025\/03\/28\/a-declaracao-de-vegetti-sobre-o-elenco-do-vasco-eu-gostaria-que\/#primaryimage"},"image":{"@id":"https:\/\/www.gaveanews.com\/index.php\/2025\/03\/28\/a-declaracao-de-vegetti-sobre-o-elenco-do-vasco-eu-gostaria-que\/#primaryimage"},"thumbnailUrl":"https:\/\/www.gaveanews.com\/wp-content\/uploads\/Pablo-Vegetti-em-acao-pelo-Vasco.avif","datePublished":"2025-03-28T14:05:00+00:00","author":{"@id":"https:\/\/www.gaveanews.com\/#\/schema\/person\/0eb3e3fe1754f0205218538adbe8f5ed"},"breadcrumb":{"@id":"https:\/\/www.gaveanews.com\/index.php\/2025\/03\/28\/a-declaracao-de-vegetti-sobre-o-elenco-do-vasco-eu-gostaria-que\/#breadcrumb"},"inLanguage":"pt-BR","potentialAction":[{"@type":"ReadAction","target":["https:\/\/www.gaveanews.com\/index.php\/2025\/03\/28\/a-declaracao-de-vegetti-sobre-o-elenco-do-vasco-eu-gostaria-que\/"]}]},{"@type":"ImageObject","inLanguage":"pt-BR","@id":"https:\/\/www.gaveanews.com\/index.php\/2025\/03\/28\/a-declaracao-de-vegetti-sobre-o-elenco-do-vasco-eu-gostaria-que\/#primaryimage","url":"https:\/\/www.gaveanews.com\/wp-content\/uploads\/Pablo-Vegetti-em-acao-pelo-Vasco.avif","contentUrl":"https:\/\/www.gaveanews.com\/wp-content\/uploads\/Pablo-Vegetti-em-acao-pelo-Vasco.avif","width":900,"height":600,"caption":"Pablo Vegetti em a\u00e7\u00e3o pelo Vasco (Foto: Leandro Amorim\/Vasco)"},{"@type":"BreadcrumbList","@id":"https:\/\/www.gaveanews.com\/index.php\/2025\/03\/28\/a-declaracao-de-vegetti-sobre-o-elenco-do-vasco-eu-gostaria-que\/#breadcrumb","itemListElement":[{"@type":"ListItem","position":1,"name":"Home","item":"https:\/\/www.gaveanews.com\/"},{"@type":"ListItem","position":2,"name":"A declara\u00e7\u00e3o de Vegetti sobre o elenco do Vasco: &#8220;Eu gostaria que&#8230;&#8221;"}]},{"@type":"WebSite","@id":"https:\/\/www.gaveanews.com\/#website","url":"https:\/\/www.gaveanews.com\/","name":"G\u00e1vea News","description":"Veja todas as not\u00edcias sobre o Flamengo: Contrata\u00e7\u00f5es, categorias de base, resultados das partidas, tabela de classifica\u00e7\u00e3o, pr\u00f3ximos jogos!","potentialAction":[{"@type":"SearchAction","target":{"@type":"EntryPoint","urlTemplate":"https:\/\/www.gaveanews.com\/?s={search_term_string}"},"query-input":{"@type":"PropertyValueSpecification","valueRequired":true,"valueName":"search_term_string"}}],"inLanguage":"pt-BR"},{"@type":"Person","@id":"https:\/\/www.gaveanews.com\/#\/schema\/person\/0eb3e3fe1754f0205218538adbe8f5ed","name":"Rafaela Ladeira","image":{"@type":"ImageObject","inLanguage":"pt-BR","@id":"https:\/\/www.gaveanews.com\/#\/schema\/person\/image\/","url":"https:\/\/secure.gravatar.com\/avatar\/c31f513acffd85eacab5730cbdfdbbf59f21ba5aeada8cd890acea879fbb2455?s=96&d=mm&r=g","contentUrl":"https:\/\/secure.gravatar.com\/avatar\/c31f513acffd85eacab5730cbdfdbbf59f21ba5aeada8cd890acea879fbb2455?s=96&d=mm&r=g","caption":"Rafaela Ladeira"}}]}},"_links":{"self":[{"href":"https:\/\/www.gaveanews.com\/index.php\/wp-json\/wp\/v2\/posts\/245917","targetHints":{"allow":["GET"]}}],"collection":[{"href":"https:\/\/www.gaveanews.com\/index.php\/wp-json\/wp\/v2\/posts"}],"about":[{"href":"https:\/\/www.gaveanews.com\/index.php\/wp-json\/wp\/v2\/types\/post"}],"author":[{"embeddable":true,"href":"https:\/\/www.gaveanews.com\/index.php\/wp-json\/wp\/v2\/users\/25"}],"replies":[{"embeddable":true,"href":"https:\/\/www.gaveanews.com\/index.php\/wp-json\/wp\/v2\/comments?post=245917"}],"version-history":[{"count":1,"href":"https:\/\/www.gaveanews.com\/index.php\/wp-json\/wp\/v2\/posts\/245917\/revisions"}],"predecessor-version":[{"id":245918,"href":"https:\/\/www.gaveanews.com\/index.php\/wp-json\/wp\/v2\/posts\/245917\/revisions\/245918"}],"wp:featuredmedia":[{"embeddable":true,"href":"https:\/\/www.gaveanews.com\/index.php\/wp-json\/wp\/v2\/media\/146070"}],"wp:attachment":[{"href":"https:\/\/www.gaveanews.com\/index.php\/wp-json\/wp\/v2\/media?parent=245917"}],"wp:term":[{"taxonomy":"category","embeddable":true,"href":"https:\/\/www.gaveanews.com\/index.php\/wp-json\/wp\/v2\/categories?post=245917"},{"taxonomy":"post_tag","embeddable":true,"href":"https:\/\/www.gaveanews.com\/index.php\/wp-json\/wp\/v2\/tags?post=245917"}],"curies":[{"name":"wp","href":"https:\/\/api.w.org\/{rel}","templated":true}]}}