{"id":245921,"date":"2025-03-28T11:15:00","date_gmt":"2025-03-28T14:15:00","guid":{"rendered":"https:\/\/www.gaveanews.com\/?p=245921"},"modified":"2025-03-28T10:50:21","modified_gmt":"2025-03-28T13:50:21","slug":"flamengo-x-deportivo-arbitro-polemico-e-escolhido-para-apitar-jogo-da-libertadores","status":"publish","type":"post","link":"https:\/\/www.gaveanews.com\/index.php\/2025\/03\/28\/flamengo-x-deportivo-arbitro-polemico-e-escolhido-para-apitar-jogo-da-libertadores\/","title":{"rendered":"Flamengo x Deportivo: \u00e1rbitro pol\u00eamico \u00e9 escolhido para apitar jogo da Libertadores"},"content":{"rendered":"\n<p>A expectativa para a estreia do Flamengo na Copa Libertadores da Am\u00e9rica est\u00e1 nas alturas. Faltando uma semana para o confronto, o Rubro-Negro viajar\u00e1 at\u00e9 a Venezuela para encarar o Deportivo T\u00e1chira, na pr\u00f3xima quinta-feira (03), em San Crist\u00f3bal. Por\u00e9m, a escolha do \u00e1rbitro da partida gerou controv\u00e9rsias, j\u00e1 que a Conmebol designou o boliviano Gery Vargas para comandar o duelo. Al\u00e9m disso, o VAR ficar\u00e1 sob a responsabilidade de seu compatriota Wilfredo Campos.<\/p>\n\n\n\n<h2 class=\"wp-block-heading\" id=\"h-historico-de-gery-vargas-no-apito\">Hist\u00f3rico de Gery Vargas no apito<\/h2>\n\n\n\n<blockquote class=\"twitter-tweet\"><p lang=\"pt\" dir=\"ltr\">Conmebol escolhe \u00e1rbitro da Bol\u00edvia para apitar jogo do Flamengo x Deportivo T\u00e1chira, pela Libertadores<br><br>\ud83e\udd73 <a href=\"https:\/\/t.co\/LsRv3Ogokx\">https:\/\/t.co\/LsRv3Ogokx<\/a><br><br>Foto: Reprodu\u00e7\u00e3o<\/p>&mdash; Coluna do Fla | Flamengo (@ColunadoFla) <a href=\"https:\/\/twitter.com\/ColunadoFla\/status\/1905411464258605203?ref_src=twsrc%5Etfw\">March 28, 2025<\/a><\/blockquote> <script async src=\"https:\/\/platform.twitter.com\/widgets.js\" charset=\"utf-8\"><\/script>\n\n\n\n<p>Gery Vargas tem experi\u00eancia em competi\u00e7\u00f5es internacionais, mas a sua escolha para apitar o Flamengo foi alvo de questionamentos, principalmente por conta de seu hist\u00f3rico com a equipe rubro-negra. O \u00e1rbitro apitou apenas um jogo do Flamengo na carreira, em 2017, nas oitavas de final da Copa Sul-Americana. <\/p>\n\n\n\n<p>Naquela partida, o Meng\u00e3o empatou 0 a 0 com a Chapecoense, fora de casa, mas acabou avan\u00e7ando para a final da competi\u00e7\u00e3o, onde perdeu para o Independiente (ARG). Coincidentemente, o \u00e1rbitro tamb\u00e9m tem um \u00fanico jogo apitado do Deportivo T\u00e1chira, sendo esse mais recente, em 2022, quando os venezuelanos empataram em 1 a 1 com o Santos, tamb\u00e9m nas oitavas de final da Copa Sul-Americana.<\/p>\n\n\n\n<p>O primeiro jogo do Flamengo na Libertadores acontece \u00e0s 21h30 (hor\u00e1rio de Bras\u00edlia), no Est\u00e1dio Pueblo Nuevo. O advers\u00e1rio do Rubro-Negro, o Deportivo T\u00e1chira, \u00e9 o vice-l\u00edder do campeonato venezuelano, com 15 pontos ap\u00f3s oito rodadas. No entanto, a equipe \u00e9 considerada uma das grandes zebras do Grupo C, que ainda conta com LDU (EQU) e Central C\u00f3rdoba (ARG). Isso porque, apesar da boa fase no campeonato local, o T\u00e1chira est\u00e1 longe de ser o favorito na competi\u00e7\u00e3o continental.<\/p>\n\n\n\n<h2 class=\"wp-block-heading\" id=\"h-compromissos-antes-da-estreia-na-libertadores\">Compromissos antes da estreia na Libertadores<\/h2>\n\n\n\n<p>Vale destacar que tanto o Flamengo quanto o Deportivo T\u00e1chira ter\u00e3o compromissos importantes antes do confronto pela Libertadores. O time venezuelano enfrenta o Estudiantes de M\u00e9rida fora de casa, nesta sexta-feira (28), enquanto o Flamengo jogar\u00e1 contra o Internacional no Maracan\u00e3 no s\u00e1bado (29), um dia antes da viagem para a Venezuela. Sendo assim, as equipes chegam com pouco tempo de descanso, o que torna a prepara\u00e7\u00e3o para a estreia ainda mais desafiadora.<\/p>\n\n\n\n<p>Com isso, a estreia do Flamengo na Libertadores promete ser um jogo repleto de emo\u00e7\u00f5es e desafios. Al\u00e9m da press\u00e3o pela vit\u00f3ria, o Rubro-Negro tamb\u00e9m ter\u00e1 que lidar com o hist\u00f3rico do \u00e1rbitro e as condi\u00e7\u00f5es adversas fora de casa. Portanto, a expectativa \u00e9 alta, e a torcida rubro-negra aguarda ansiosa pela primeira batalha do ano na competi\u00e7\u00e3o sul-americana.<\/p>\n","protected":false},"excerpt":{"rendered":"<p>A expectativa para a estreia do Flamengo na Copa Libertadores da Am\u00e9rica est\u00e1 nas alturas. Faltando uma semana para o confronto, o Rubro-Negro viajar\u00e1 at\u00e9 a Venezuela para encarar o Deportivo T\u00e1chira, na pr\u00f3xima quinta-feira (03), em San Crist\u00f3bal. Por\u00e9m, a escolha do \u00e1rbitro da partida gerou controv\u00e9rsias, j\u00e1 que a Conmebol designou o boliviano [&hellip;]<\/p>\n","protected":false},"author":24,"featured_media":126591,"comment_status":"open","ping_status":"closed","sticky":false,"template":"","format":"standard","meta":{"footnotes":""},"categories":[1],"tags":[],"class_list":["post-245921","post","type-post","status-publish","format-standard","has-post-thumbnail","hentry","category-flamengo"],"yoast_head":"<!-- This site is optimized with the Yoast SEO Premium plugin v24.2 (Yoast SEO v26.9) - https:\/\/yoast.com\/product\/yoast-seo-premium-wordpress\/ -->\n<title>Flamengo x Deportivo: \u00e1rbitro pol\u00eamico \u00e9 escolhido para apitar jogo da Libertadores<\/title>\n<meta name=\"robots\" content=\"index, follow, max-snippet:-1, max-image-preview:large, max-video-preview:-1\" \/>\n<link rel=\"canonical\" href=\"https:\/\/www.gaveanews.com\/index.php\/2025\/03\/28\/flamengo-x-deportivo-arbitro-polemico-e-escolhido-para-apitar-jogo-da-libertadores\/\" \/>\n<meta property=\"og:locale\" content=\"pt_BR\" \/>\n<meta property=\"og:type\" content=\"article\" \/>\n<meta property=\"og:title\" content=\"Flamengo x Deportivo: \u00e1rbitro pol\u00eamico \u00e9 escolhido para apitar jogo da Libertadores\" \/>\n<meta property=\"og:description\" content=\"A expectativa para a estreia do Flamengo na Copa Libertadores da Am\u00e9rica est\u00e1 nas alturas. Faltando uma semana para o confronto, o Rubro-Negro viajar\u00e1 at\u00e9 a Venezuela para encarar o Deportivo T\u00e1chira, na pr\u00f3xima quinta-feira (03), em San Crist\u00f3bal. Por\u00e9m, a escolha do \u00e1rbitro da partida gerou controv\u00e9rsias, j\u00e1 que a Conmebol designou o boliviano [&hellip;]\" \/>\n<meta property=\"og:url\" content=\"https:\/\/www.gaveanews.com\/index.php\/2025\/03\/28\/flamengo-x-deportivo-arbitro-polemico-e-escolhido-para-apitar-jogo-da-libertadores\/\" \/>\n<meta property=\"og:site_name\" content=\"G\u00e1vea News\" \/>\n<meta property=\"article:publisher\" content=\"https:\/\/facebook.com\/gaveaNews\/\" \/>\n<meta property=\"article:published_time\" content=\"2025-03-28T14:15:00+00:00\" \/>\n<meta property=\"og:image\" content=\"https:\/\/www.gaveanews.com\/wp-content\/uploads\/escudoDoFlamengo.webp\" \/>\n\t<meta property=\"og:image:width\" content=\"1000\" \/>\n\t<meta property=\"og:image:height\" content=\"667\" \/>\n\t<meta property=\"og:image:type\" content=\"image\/jpeg\" \/>\n<meta name=\"author\" content=\"Leandro Cardoso\" \/>\n<meta name=\"twitter:card\" content=\"summary_large_image\" \/>\n<meta name=\"twitter:label1\" content=\"Escrito por\" \/>\n\t<meta name=\"twitter:data1\" content=\"Leandro Cardoso\" \/>\n\t<meta name=\"twitter:label2\" content=\"Est. tempo de leitura\" \/>\n\t<meta name=\"twitter:data2\" content=\"3 minutos\" \/>\n<script type=\"application\/ld+json\" class=\"yoast-schema-graph\">{\"@context\":\"https:\/\/schema.org\",\"@graph\":[{\"@type\":\"NewsArticle\",\"@id\":\"https:\/\/www.gaveanews.com\/index.php\/2025\/03\/28\/flamengo-x-deportivo-arbitro-polemico-e-escolhido-para-apitar-jogo-da-libertadores\/#article\",\"isPartOf\":{\"@id\":\"https:\/\/www.gaveanews.com\/index.php\/2025\/03\/28\/flamengo-x-deportivo-arbitro-polemico-e-escolhido-para-apitar-jogo-da-libertadores\/\"},\"author\":{\"name\":\"Leandro Cardoso\",\"@id\":\"https:\/\/www.gaveanews.com\/#\/schema\/person\/2424ec6409bc3f068411fc5e4e9b6168\"},\"headline\":\"Flamengo x Deportivo: \u00e1rbitro pol\u00eamico \u00e9 escolhido para apitar jogo da Libertadores\",\"datePublished\":\"2025-03-28T14:15:00+00:00\",\"mainEntityOfPage\":{\"@id\":\"https:\/\/www.gaveanews.com\/index.php\/2025\/03\/28\/flamengo-x-deportivo-arbitro-polemico-e-escolhido-para-apitar-jogo-da-libertadores\/\"},\"wordCount\":481,\"commentCount\":0,\"image\":{\"@id\":\"https:\/\/www.gaveanews.com\/index.php\/2025\/03\/28\/flamengo-x-deportivo-arbitro-polemico-e-escolhido-para-apitar-jogo-da-libertadores\/#primaryimage\"},\"thumbnailUrl\":\"https:\/\/www.gaveanews.com\/wp-content\/uploads\/escudoDoFlamengo.webp\",\"articleSection\":[\"Flamengo\"],\"inLanguage\":\"pt-BR\",\"potentialAction\":[{\"@type\":\"CommentAction\",\"name\":\"Comment\",\"target\":[\"https:\/\/www.gaveanews.com\/index.php\/2025\/03\/28\/flamengo-x-deportivo-arbitro-polemico-e-escolhido-para-apitar-jogo-da-libertadores\/#respond\"]}],\"copyrightYear\":\"2025\",\"copyrightHolder\":{\"@id\":\"https:\/\/www.gaveanews.com\/#organization\"}},{\"@type\":\"WebPage\",\"@id\":\"https:\/\/www.gaveanews.com\/index.php\/2025\/03\/28\/flamengo-x-deportivo-arbitro-polemico-e-escolhido-para-apitar-jogo-da-libertadores\/\",\"url\":\"https:\/\/www.gaveanews.com\/index.php\/2025\/03\/28\/flamengo-x-deportivo-arbitro-polemico-e-escolhido-para-apitar-jogo-da-libertadores\/\",\"name\":\"Flamengo x Deportivo: \u00e1rbitro pol\u00eamico \u00e9 escolhido para apitar jogo da Libertadores\",\"isPartOf\":{\"@id\":\"https:\/\/www.gaveanews.com\/#website\"},\"primaryImageOfPage\":{\"@id\":\"https:\/\/www.gaveanews.com\/index.php\/2025\/03\/28\/flamengo-x-deportivo-arbitro-polemico-e-escolhido-para-apitar-jogo-da-libertadores\/#primaryimage\"},\"image\":{\"@id\":\"https:\/\/www.gaveanews.com\/index.php\/2025\/03\/28\/flamengo-x-deportivo-arbitro-polemico-e-escolhido-para-apitar-jogo-da-libertadores\/#primaryimage\"},\"thumbnailUrl\":\"https:\/\/www.gaveanews.com\/wp-content\/uploads\/escudoDoFlamengo.webp\",\"datePublished\":\"2025-03-28T14:15:00+00:00\",\"author\":{\"@id\":\"https:\/\/www.gaveanews.com\/#\/schema\/person\/2424ec6409bc3f068411fc5e4e9b6168\"},\"breadcrumb\":{\"@id\":\"https:\/\/www.gaveanews.com\/index.php\/2025\/03\/28\/flamengo-x-deportivo-arbitro-polemico-e-escolhido-para-apitar-jogo-da-libertadores\/#breadcrumb\"},\"inLanguage\":\"pt-BR\",\"potentialAction\":[{\"@type\":\"ReadAction\",\"target\":[\"https:\/\/www.gaveanews.com\/index.php\/2025\/03\/28\/flamengo-x-deportivo-arbitro-polemico-e-escolhido-para-apitar-jogo-da-libertadores\/\"]}]},{\"@type\":\"ImageObject\",\"inLanguage\":\"pt-BR\",\"@id\":\"https:\/\/www.gaveanews.com\/index.php\/2025\/03\/28\/flamengo-x-deportivo-arbitro-polemico-e-escolhido-para-apitar-jogo-da-libertadores\/#primaryimage\",\"url\":\"https:\/\/www.gaveanews.com\/wp-content\/uploads\/escudoDoFlamengo.webp\",\"contentUrl\":\"https:\/\/www.gaveanews.com\/wp-content\/uploads\/escudoDoFlamengo.webp\",\"width\":1000,\"height\":667,\"caption\":\"Escudo do Flamengo (Foto: Reprodu\u00e7\u00e3o)\"},{\"@type\":\"BreadcrumbList\",\"@id\":\"https:\/\/www.gaveanews.com\/index.php\/2025\/03\/28\/flamengo-x-deportivo-arbitro-polemico-e-escolhido-para-apitar-jogo-da-libertadores\/#breadcrumb\",\"itemListElement\":[{\"@type\":\"ListItem\",\"position\":1,\"name\":\"Home\",\"item\":\"https:\/\/www.gaveanews.com\/\"},{\"@type\":\"ListItem\",\"position\":2,\"name\":\"Flamengo x Deportivo: \u00e1rbitro pol\u00eamico \u00e9 escolhido para apitar jogo da Libertadores\"}]},{\"@type\":\"WebSite\",\"@id\":\"https:\/\/www.gaveanews.com\/#website\",\"url\":\"https:\/\/www.gaveanews.com\/\",\"name\":\"G\u00e1vea News\",\"description\":\"Veja todas as not\u00edcias sobre o Flamengo: Contrata\u00e7\u00f5es, categorias de base, resultados das partidas, tabela de classifica\u00e7\u00e3o, pr\u00f3ximos jogos!\",\"potentialAction\":[{\"@type\":\"SearchAction\",\"target\":{\"@type\":\"EntryPoint\",\"urlTemplate\":\"https:\/\/www.gaveanews.com\/?s={search_term_string}\"},\"query-input\":{\"@type\":\"PropertyValueSpecification\",\"valueRequired\":true,\"valueName\":\"search_term_string\"}}],\"inLanguage\":\"pt-BR\"},{\"@type\":\"Person\",\"@id\":\"https:\/\/www.gaveanews.com\/#\/schema\/person\/2424ec6409bc3f068411fc5e4e9b6168\",\"name\":\"Leandro Cardoso\",\"image\":{\"@type\":\"ImageObject\",\"inLanguage\":\"pt-BR\",\"@id\":\"https:\/\/www.gaveanews.com\/#\/schema\/person\/image\/\",\"url\":\"https:\/\/secure.gravatar.com\/avatar\/8ca179f9b55eefe9f376f5493ef25475bfa59fbc28ce937f6076ce20e523098f?s=96&d=mm&r=g\",\"contentUrl\":\"https:\/\/secure.gravatar.com\/avatar\/8ca179f9b55eefe9f376f5493ef25475bfa59fbc28ce937f6076ce20e523098f?s=96&d=mm&r=g\",\"caption\":\"Leandro Cardoso\"}}]}<\/script>\n<!-- \/ Yoast SEO Premium plugin. -->","yoast_head_json":{"title":"Flamengo x Deportivo: \u00e1rbitro pol\u00eamico \u00e9 escolhido para apitar jogo da Libertadores","robots":{"index":"index","follow":"follow","max-snippet":"max-snippet:-1","max-image-preview":"max-image-preview:large","max-video-preview":"max-video-preview:-1"},"canonical":"https:\/\/www.gaveanews.com\/index.php\/2025\/03\/28\/flamengo-x-deportivo-arbitro-polemico-e-escolhido-para-apitar-jogo-da-libertadores\/","og_locale":"pt_BR","og_type":"article","og_title":"Flamengo x Deportivo: \u00e1rbitro pol\u00eamico \u00e9 escolhido para apitar jogo da Libertadores","og_description":"A expectativa para a estreia do Flamengo na Copa Libertadores da Am\u00e9rica est\u00e1 nas alturas. Faltando uma semana para o confronto, o Rubro-Negro viajar\u00e1 at\u00e9 a Venezuela para encarar o Deportivo T\u00e1chira, na pr\u00f3xima quinta-feira (03), em San Crist\u00f3bal. Por\u00e9m, a escolha do \u00e1rbitro da partida gerou controv\u00e9rsias, j\u00e1 que a Conmebol designou o boliviano [&hellip;]","og_url":"https:\/\/www.gaveanews.com\/index.php\/2025\/03\/28\/flamengo-x-deportivo-arbitro-polemico-e-escolhido-para-apitar-jogo-da-libertadores\/","og_site_name":"G\u00e1vea News","article_publisher":"https:\/\/facebook.com\/gaveaNews\/","article_published_time":"2025-03-28T14:15:00+00:00","og_image":[{"width":1000,"height":667,"url":"https:\/\/www.gaveanews.com\/wp-content\/uploads\/escudoDoFlamengo.webp","type":"image\/jpeg"}],"author":"Leandro Cardoso","twitter_card":"summary_large_image","twitter_misc":{"Escrito por":"Leandro Cardoso","Est. tempo de leitura":"3 minutos"},"schema":{"@context":"https:\/\/schema.org","@graph":[{"@type":"NewsArticle","@id":"https:\/\/www.gaveanews.com\/index.php\/2025\/03\/28\/flamengo-x-deportivo-arbitro-polemico-e-escolhido-para-apitar-jogo-da-libertadores\/#article","isPartOf":{"@id":"https:\/\/www.gaveanews.com\/index.php\/2025\/03\/28\/flamengo-x-deportivo-arbitro-polemico-e-escolhido-para-apitar-jogo-da-libertadores\/"},"author":{"name":"Leandro Cardoso","@id":"https:\/\/www.gaveanews.com\/#\/schema\/person\/2424ec6409bc3f068411fc5e4e9b6168"},"headline":"Flamengo x Deportivo: \u00e1rbitro pol\u00eamico \u00e9 escolhido para apitar jogo da Libertadores","datePublished":"2025-03-28T14:15:00+00:00","mainEntityOfPage":{"@id":"https:\/\/www.gaveanews.com\/index.php\/2025\/03\/28\/flamengo-x-deportivo-arbitro-polemico-e-escolhido-para-apitar-jogo-da-libertadores\/"},"wordCount":481,"commentCount":0,"image":{"@id":"https:\/\/www.gaveanews.com\/index.php\/2025\/03\/28\/flamengo-x-deportivo-arbitro-polemico-e-escolhido-para-apitar-jogo-da-libertadores\/#primaryimage"},"thumbnailUrl":"https:\/\/www.gaveanews.com\/wp-content\/uploads\/escudoDoFlamengo.webp","articleSection":["Flamengo"],"inLanguage":"pt-BR","potentialAction":[{"@type":"CommentAction","name":"Comment","target":["https:\/\/www.gaveanews.com\/index.php\/2025\/03\/28\/flamengo-x-deportivo-arbitro-polemico-e-escolhido-para-apitar-jogo-da-libertadores\/#respond"]}],"copyrightYear":"2025","copyrightHolder":{"@id":"https:\/\/www.gaveanews.com\/#organization"}},{"@type":"WebPage","@id":"https:\/\/www.gaveanews.com\/index.php\/2025\/03\/28\/flamengo-x-deportivo-arbitro-polemico-e-escolhido-para-apitar-jogo-da-libertadores\/","url":"https:\/\/www.gaveanews.com\/index.php\/2025\/03\/28\/flamengo-x-deportivo-arbitro-polemico-e-escolhido-para-apitar-jogo-da-libertadores\/","name":"Flamengo x Deportivo: \u00e1rbitro pol\u00eamico \u00e9 escolhido para apitar jogo da Libertadores","isPartOf":{"@id":"https:\/\/www.gaveanews.com\/#website"},"primaryImageOfPage":{"@id":"https:\/\/www.gaveanews.com\/index.php\/2025\/03\/28\/flamengo-x-deportivo-arbitro-polemico-e-escolhido-para-apitar-jogo-da-libertadores\/#primaryimage"},"image":{"@id":"https:\/\/www.gaveanews.com\/index.php\/2025\/03\/28\/flamengo-x-deportivo-arbitro-polemico-e-escolhido-para-apitar-jogo-da-libertadores\/#primaryimage"},"thumbnailUrl":"https:\/\/www.gaveanews.com\/wp-content\/uploads\/escudoDoFlamengo.webp","datePublished":"2025-03-28T14:15:00+00:00","author":{"@id":"https:\/\/www.gaveanews.com\/#\/schema\/person\/2424ec6409bc3f068411fc5e4e9b6168"},"breadcrumb":{"@id":"https:\/\/www.gaveanews.com\/index.php\/2025\/03\/28\/flamengo-x-deportivo-arbitro-polemico-e-escolhido-para-apitar-jogo-da-libertadores\/#breadcrumb"},"inLanguage":"pt-BR","potentialAction":[{"@type":"ReadAction","target":["https:\/\/www.gaveanews.com\/index.php\/2025\/03\/28\/flamengo-x-deportivo-arbitro-polemico-e-escolhido-para-apitar-jogo-da-libertadores\/"]}]},{"@type":"ImageObject","inLanguage":"pt-BR","@id":"https:\/\/www.gaveanews.com\/index.php\/2025\/03\/28\/flamengo-x-deportivo-arbitro-polemico-e-escolhido-para-apitar-jogo-da-libertadores\/#primaryimage","url":"https:\/\/www.gaveanews.com\/wp-content\/uploads\/escudoDoFlamengo.webp","contentUrl":"https:\/\/www.gaveanews.com\/wp-content\/uploads\/escudoDoFlamengo.webp","width":1000,"height":667,"caption":"Escudo do Flamengo (Foto: Reprodu\u00e7\u00e3o)"},{"@type":"BreadcrumbList","@id":"https:\/\/www.gaveanews.com\/index.php\/2025\/03\/28\/flamengo-x-deportivo-arbitro-polemico-e-escolhido-para-apitar-jogo-da-libertadores\/#breadcrumb","itemListElement":[{"@type":"ListItem","position":1,"name":"Home","item":"https:\/\/www.gaveanews.com\/"},{"@type":"ListItem","position":2,"name":"Flamengo x Deportivo: \u00e1rbitro pol\u00eamico \u00e9 escolhido para apitar jogo da Libertadores"}]},{"@type":"WebSite","@id":"https:\/\/www.gaveanews.com\/#website","url":"https:\/\/www.gaveanews.com\/","name":"G\u00e1vea News","description":"Veja todas as not\u00edcias sobre o Flamengo: Contrata\u00e7\u00f5es, categorias de base, resultados das partidas, tabela de classifica\u00e7\u00e3o, pr\u00f3ximos jogos!","potentialAction":[{"@type":"SearchAction","target":{"@type":"EntryPoint","urlTemplate":"https:\/\/www.gaveanews.com\/?s={search_term_string}"},"query-input":{"@type":"PropertyValueSpecification","valueRequired":true,"valueName":"search_term_string"}}],"inLanguage":"pt-BR"},{"@type":"Person","@id":"https:\/\/www.gaveanews.com\/#\/schema\/person\/2424ec6409bc3f068411fc5e4e9b6168","name":"Leandro Cardoso","image":{"@type":"ImageObject","inLanguage":"pt-BR","@id":"https:\/\/www.gaveanews.com\/#\/schema\/person\/image\/","url":"https:\/\/secure.gravatar.com\/avatar\/8ca179f9b55eefe9f376f5493ef25475bfa59fbc28ce937f6076ce20e523098f?s=96&d=mm&r=g","contentUrl":"https:\/\/secure.gravatar.com\/avatar\/8ca179f9b55eefe9f376f5493ef25475bfa59fbc28ce937f6076ce20e523098f?s=96&d=mm&r=g","caption":"Leandro Cardoso"}}]}},"_links":{"self":[{"href":"https:\/\/www.gaveanews.com\/index.php\/wp-json\/wp\/v2\/posts\/245921","targetHints":{"allow":["GET"]}}],"collection":[{"href":"https:\/\/www.gaveanews.com\/index.php\/wp-json\/wp\/v2\/posts"}],"about":[{"href":"https:\/\/www.gaveanews.com\/index.php\/wp-json\/wp\/v2\/types\/post"}],"author":[{"embeddable":true,"href":"https:\/\/www.gaveanews.com\/index.php\/wp-json\/wp\/v2\/users\/24"}],"replies":[{"embeddable":true,"href":"https:\/\/www.gaveanews.com\/index.php\/wp-json\/wp\/v2\/comments?post=245921"}],"version-history":[{"count":1,"href":"https:\/\/www.gaveanews.com\/index.php\/wp-json\/wp\/v2\/posts\/245921\/revisions"}],"predecessor-version":[{"id":245923,"href":"https:\/\/www.gaveanews.com\/index.php\/wp-json\/wp\/v2\/posts\/245921\/revisions\/245923"}],"wp:featuredmedia":[{"embeddable":true,"href":"https:\/\/www.gaveanews.com\/index.php\/wp-json\/wp\/v2\/media\/126591"}],"wp:attachment":[{"href":"https:\/\/www.gaveanews.com\/index.php\/wp-json\/wp\/v2\/media?parent=245921"}],"wp:term":[{"taxonomy":"category","embeddable":true,"href":"https:\/\/www.gaveanews.com\/index.php\/wp-json\/wp\/v2\/categories?post=245921"},{"taxonomy":"post_tag","embeddable":true,"href":"https:\/\/www.gaveanews.com\/index.php\/wp-json\/wp\/v2\/tags?post=245921"}],"curies":[{"name":"wp","href":"https:\/\/api.w.org\/{rel}","templated":true}]}}