{"id":245922,"date":"2025-03-28T11:35:00","date_gmt":"2025-03-28T14:35:00","guid":{"rendered":"https:\/\/www.gaveanews.com\/?p=245922"},"modified":"2025-03-28T10:59:39","modified_gmt":"2025-03-28T13:59:39","slug":"flamengo-entra-em-rota-de-colisao-com-a-rede-globo","status":"publish","type":"post","link":"https:\/\/www.gaveanews.com\/index.php\/2025\/03\/28\/flamengo-entra-em-rota-de-colisao-com-a-rede-globo\/","title":{"rendered":"Flamengo entra em rota de colis\u00e3o com a Rede Globo"},"content":{"rendered":"\n<p>O Flamengo intensificou sua press\u00e3o por mudan\u00e7as nas regras da Libra, grupo de clubes que negocia direitos de transmiss\u00e3o do Campeonato Brasileiro. O clube carioca formalizou uma proposta para alterar o modelo atual de divis\u00e3o de receitas com a Globo, sobretudo no crit\u00e9rio relacionado \u00e0 audi\u00eancia. Conforme avalia\u00e7\u00e3o interna, a metodologia vigente causa perdas financeiras significativas ao Rubro-Negro, que calcula preju\u00edzo pr\u00f3ximo de R$ 100 milh\u00f5es por temporada.<\/p>\n\n\n\n<p>A principal insatisfa\u00e7\u00e3o do clube da G\u00e1vea se concentra na forma como a audi\u00eancia \u00e9 calculada. Atualmente, a medi\u00e7\u00e3o divide a audi\u00eancia igualmente entre mandante e visitante, independentemente da relev\u00e2ncia comercial de cada equipe. Al\u00e9m disso, a Globo tem total autonomia para definir os jogos transmitidos em TV aberta e fechada, o que, segundo o Flamengo, tem reduzido sua exposi\u00e7\u00e3o. \u201cO Flamengo teve apenas 4% da audi\u00eancia total em 2024\u201d, afirmou o presidente Luiz Eduardo Baptista em reuni\u00e3o do Conselho Deliberativo.<\/p>\n\n\n\n<blockquote class=\"twitter-tweet\" data-media-max-width=\"560\"><p lang=\"pt\" dir=\"ltr\">\u26a0\ufe0f Flamengo faz proposta \u00e0 Libra para mudar divis\u00e3o de pagamento da Globo e cogita sair do grupo se n\u00e3o for atendido.<br><br>Uma das inten\u00e7\u00f5es \u00e9 alterar o crit\u00e9rio de audi\u00eancia, pois o Rubro-Negro entende que o clube perde quase R$ 100 milh\u00f5es. Mas tamb\u00e9m h\u00e1 outros pedidos na mesa.<br><br>O\u2026 <a href=\"https:\/\/t.co\/f9PiJuxBMM\">pic.twitter.com\/f9PiJuxBMM<\/a><\/p>&mdash; Planeta do Futebol \ud83c\udf0e (@futebol_info) <a href=\"https:\/\/twitter.com\/futebol_info\/status\/1905567826150039667?ref_src=twsrc%5Etfw\">March 28, 2025<\/a><\/blockquote> <script async src=\"https:\/\/platform.twitter.com\/widgets.js\" charset=\"utf-8\"><\/script>\n\n\n\n<p>O dirigente tamb\u00e9m destacou que a receita do clube deve ficar entre R$ 150 e R$ 160 milh\u00f5es, valor inferior ao estimado pela Libra, que apontava R$ 220 milh\u00f5es. Para mudar esse cen\u00e1rio, o Flamengo prop\u00f5e que a audi\u00eancia seja medida pelo cadastro de torcedores no pay-per-view (PPV), onde possui 21,5% da base de assinantes da Globo. Com esse novo modelo, a participa\u00e7\u00e3o do clube na receita da audi\u00eancia saltaria para 37%, resultando, segundo c\u00e1lculos internos, em R$ 108 milh\u00f5es.<\/p>\n\n\n\n<p>Al\u00e9m disso, o clube sugere uma revis\u00e3o da distribui\u00e7\u00e3o dos valores do PPV. Atualmente, os clubes da Libra recebem uma fatia de 40% do total arrecadado, o que representa menos de R$ 200 milh\u00f5es. O Flamengo defende que esse percentual seja ampliado para 57% dentro da fatia global, j\u00e1 que os clubes do grupo s\u00e3o respons\u00e1veis por 57,8% da audi\u00eancia total do servi\u00e7o. A estimativa \u00e9 que essa mudan\u00e7a gere um acr\u00e9scimo de R$ 30 a R$ 40 milh\u00f5es para os envolvidos.<\/p>\n\n\n\n<p>Apesar das tentativas de negocia\u00e7\u00e3o, as propostas do Flamengo n\u00e3o encontraram, at\u00e9 o momento, ades\u00e3o entre os demais membros da Libra. Diante disso, o clube j\u00e1 considera se retirar da associa\u00e7\u00e3o caso n\u00e3o haja avan\u00e7os. &#8220;N\u00e3o vamos permanecer em um grupo onde apenas geramos receita, sem retorno compat\u00edvel e sem poder de decis\u00e3o&#8221;, disse Baptista.<\/p>\n\n\n\n<p>Embora uma eventual sa\u00edda da Libra n\u00e3o altere o contrato assinado com a Globo, o clube deixaria de participar de futuras decis\u00f5es e movimentos pol\u00edticos da associa\u00e7\u00e3o. A rela\u00e7\u00e3o com a Liga Forte Uni\u00e3o (LFU) vem sendo estreitada, inclusive com elogios p\u00fablicos \u00e0 forma como esse grupo estruturou seus acordos de transmiss\u00e3o. Segundo o presidente do Flamengo, \u201ca Libra vendeu o boi para a Globo, a LFU separou o fil\u00e9 mignon e a picanha e vendeu separadamente\u201d.<\/p>\n","protected":false},"excerpt":{"rendered":"<p>O Flamengo intensificou sua press\u00e3o por mudan\u00e7as nas regras da Libra, grupo de clubes que negocia direitos de transmiss\u00e3o do Campeonato Brasileiro. O clube carioca formalizou uma proposta para alterar o modelo atual de divis\u00e3o de receitas com a Globo, sobretudo no crit\u00e9rio relacionado \u00e0 audi\u00eancia. Conforme avalia\u00e7\u00e3o interna, a metodologia vigente causa perdas financeiras [&hellip;]<\/p>\n","protected":false},"author":27,"featured_media":201147,"comment_status":"open","ping_status":"closed","sticky":false,"template":"","format":"standard","meta":{"footnotes":""},"categories":[1],"tags":[],"class_list":["post-245922","post","type-post","status-publish","format-standard","has-post-thumbnail","hentry","category-flamengo"],"yoast_head":"<!-- This site is optimized with the Yoast SEO Premium plugin v24.2 (Yoast SEO v26.9) - https:\/\/yoast.com\/product\/yoast-seo-premium-wordpress\/ -->\n<title>Flamengo entra em rota de colis\u00e3o com a Rede Globo<\/title>\n<meta name=\"robots\" content=\"index, follow, max-snippet:-1, max-image-preview:large, max-video-preview:-1\" \/>\n<link rel=\"canonical\" href=\"https:\/\/www.gaveanews.com\/index.php\/2025\/03\/28\/flamengo-entra-em-rota-de-colisao-com-a-rede-globo\/\" \/>\n<meta property=\"og:locale\" content=\"pt_BR\" \/>\n<meta property=\"og:type\" content=\"article\" \/>\n<meta property=\"og:title\" content=\"Flamengo entra em rota de colis\u00e3o com a Rede Globo\" \/>\n<meta property=\"og:description\" content=\"O Flamengo intensificou sua press\u00e3o por mudan\u00e7as nas regras da Libra, grupo de clubes que negocia direitos de transmiss\u00e3o do Campeonato Brasileiro. O clube carioca formalizou uma proposta para alterar o modelo atual de divis\u00e3o de receitas com a Globo, sobretudo no crit\u00e9rio relacionado \u00e0 audi\u00eancia. Conforme avalia\u00e7\u00e3o interna, a metodologia vigente causa perdas financeiras [&hellip;]\" \/>\n<meta property=\"og:url\" content=\"https:\/\/www.gaveanews.com\/index.php\/2025\/03\/28\/flamengo-entra-em-rota-de-colisao-com-a-rede-globo\/\" \/>\n<meta property=\"og:site_name\" content=\"G\u00e1vea News\" \/>\n<meta property=\"article:publisher\" content=\"https:\/\/facebook.com\/gaveaNews\/\" \/>\n<meta property=\"article:published_time\" content=\"2025-03-28T14:35:00+00:00\" \/>\n<meta property=\"og:image\" content=\"https:\/\/www.gaveanews.com\/wp-content\/uploads\/BAP-toma-posse-como-presidente-do-Flamengo.webp\" \/>\n\t<meta property=\"og:image:width\" content=\"733\" \/>\n\t<meta property=\"og:image:height\" content=\"432\" \/>\n\t<meta property=\"og:image:type\" content=\"image\/jpeg\" \/>\n<meta name=\"author\" content=\"Matheus Felipe\" \/>\n<meta name=\"twitter:card\" content=\"summary_large_image\" \/>\n<meta name=\"twitter:label1\" content=\"Escrito por\" \/>\n\t<meta name=\"twitter:data1\" content=\"Matheus Felipe\" \/>\n\t<meta name=\"twitter:label2\" content=\"Est. tempo de leitura\" \/>\n\t<meta name=\"twitter:data2\" content=\"3 minutos\" \/>\n<script type=\"application\/ld+json\" class=\"yoast-schema-graph\">{\"@context\":\"https:\/\/schema.org\",\"@graph\":[{\"@type\":\"NewsArticle\",\"@id\":\"https:\/\/www.gaveanews.com\/index.php\/2025\/03\/28\/flamengo-entra-em-rota-de-colisao-com-a-rede-globo\/#article\",\"isPartOf\":{\"@id\":\"https:\/\/www.gaveanews.com\/index.php\/2025\/03\/28\/flamengo-entra-em-rota-de-colisao-com-a-rede-globo\/\"},\"author\":{\"name\":\"Matheus Felipe\",\"@id\":\"https:\/\/www.gaveanews.com\/#\/schema\/person\/8207cd4627f56151707418bfc835b2fb\"},\"headline\":\"Flamengo entra em rota de colis\u00e3o com a Rede Globo\",\"datePublished\":\"2025-03-28T14:35:00+00:00\",\"mainEntityOfPage\":{\"@id\":\"https:\/\/www.gaveanews.com\/index.php\/2025\/03\/28\/flamengo-entra-em-rota-de-colisao-com-a-rede-globo\/\"},\"wordCount\":560,\"commentCount\":0,\"image\":{\"@id\":\"https:\/\/www.gaveanews.com\/index.php\/2025\/03\/28\/flamengo-entra-em-rota-de-colisao-com-a-rede-globo\/#primaryimage\"},\"thumbnailUrl\":\"https:\/\/www.gaveanews.com\/wp-content\/uploads\/BAP-toma-posse-como-presidente-do-Flamengo.webp\",\"articleSection\":[\"Flamengo\"],\"inLanguage\":\"pt-BR\",\"potentialAction\":[{\"@type\":\"CommentAction\",\"name\":\"Comment\",\"target\":[\"https:\/\/www.gaveanews.com\/index.php\/2025\/03\/28\/flamengo-entra-em-rota-de-colisao-com-a-rede-globo\/#respond\"]}],\"copyrightYear\":\"2025\",\"copyrightHolder\":{\"@id\":\"https:\/\/www.gaveanews.com\/#organization\"}},{\"@type\":\"WebPage\",\"@id\":\"https:\/\/www.gaveanews.com\/index.php\/2025\/03\/28\/flamengo-entra-em-rota-de-colisao-com-a-rede-globo\/\",\"url\":\"https:\/\/www.gaveanews.com\/index.php\/2025\/03\/28\/flamengo-entra-em-rota-de-colisao-com-a-rede-globo\/\",\"name\":\"Flamengo entra em rota de colis\u00e3o com a Rede Globo\",\"isPartOf\":{\"@id\":\"https:\/\/www.gaveanews.com\/#website\"},\"primaryImageOfPage\":{\"@id\":\"https:\/\/www.gaveanews.com\/index.php\/2025\/03\/28\/flamengo-entra-em-rota-de-colisao-com-a-rede-globo\/#primaryimage\"},\"image\":{\"@id\":\"https:\/\/www.gaveanews.com\/index.php\/2025\/03\/28\/flamengo-entra-em-rota-de-colisao-com-a-rede-globo\/#primaryimage\"},\"thumbnailUrl\":\"https:\/\/www.gaveanews.com\/wp-content\/uploads\/BAP-toma-posse-como-presidente-do-Flamengo.webp\",\"datePublished\":\"2025-03-28T14:35:00+00:00\",\"author\":{\"@id\":\"https:\/\/www.gaveanews.com\/#\/schema\/person\/8207cd4627f56151707418bfc835b2fb\"},\"breadcrumb\":{\"@id\":\"https:\/\/www.gaveanews.com\/index.php\/2025\/03\/28\/flamengo-entra-em-rota-de-colisao-com-a-rede-globo\/#breadcrumb\"},\"inLanguage\":\"pt-BR\",\"potentialAction\":[{\"@type\":\"ReadAction\",\"target\":[\"https:\/\/www.gaveanews.com\/index.php\/2025\/03\/28\/flamengo-entra-em-rota-de-colisao-com-a-rede-globo\/\"]}]},{\"@type\":\"ImageObject\",\"inLanguage\":\"pt-BR\",\"@id\":\"https:\/\/www.gaveanews.com\/index.php\/2025\/03\/28\/flamengo-entra-em-rota-de-colisao-com-a-rede-globo\/#primaryimage\",\"url\":\"https:\/\/www.gaveanews.com\/wp-content\/uploads\/BAP-toma-posse-como-presidente-do-Flamengo.webp\",\"contentUrl\":\"https:\/\/www.gaveanews.com\/wp-content\/uploads\/BAP-toma-posse-como-presidente-do-Flamengo.webp\",\"width\":733,\"height\":432,\"caption\":\"BAP, presidente do Flamengo (Foto: Reprodu\u00e7\u00e3o)\"},{\"@type\":\"BreadcrumbList\",\"@id\":\"https:\/\/www.gaveanews.com\/index.php\/2025\/03\/28\/flamengo-entra-em-rota-de-colisao-com-a-rede-globo\/#breadcrumb\",\"itemListElement\":[{\"@type\":\"ListItem\",\"position\":1,\"name\":\"Home\",\"item\":\"https:\/\/www.gaveanews.com\/\"},{\"@type\":\"ListItem\",\"position\":2,\"name\":\"Flamengo entra em rota de colis\u00e3o com a Rede Globo\"}]},{\"@type\":\"WebSite\",\"@id\":\"https:\/\/www.gaveanews.com\/#website\",\"url\":\"https:\/\/www.gaveanews.com\/\",\"name\":\"G\u00e1vea News\",\"description\":\"Veja todas as not\u00edcias sobre o Flamengo: Contrata\u00e7\u00f5es, categorias de base, resultados das partidas, tabela de classifica\u00e7\u00e3o, pr\u00f3ximos jogos!\",\"potentialAction\":[{\"@type\":\"SearchAction\",\"target\":{\"@type\":\"EntryPoint\",\"urlTemplate\":\"https:\/\/www.gaveanews.com\/?s={search_term_string}\"},\"query-input\":{\"@type\":\"PropertyValueSpecification\",\"valueRequired\":true,\"valueName\":\"search_term_string\"}}],\"inLanguage\":\"pt-BR\"},{\"@type\":\"Person\",\"@id\":\"https:\/\/www.gaveanews.com\/#\/schema\/person\/8207cd4627f56151707418bfc835b2fb\",\"name\":\"Matheus Felipe\",\"image\":{\"@type\":\"ImageObject\",\"inLanguage\":\"pt-BR\",\"@id\":\"https:\/\/www.gaveanews.com\/#\/schema\/person\/image\/\",\"url\":\"https:\/\/secure.gravatar.com\/avatar\/a452ffbed9130f726358b298bb3a99ce4bd3c5338411f8440e87e14d74c7c087?s=96&d=mm&r=g\",\"contentUrl\":\"https:\/\/secure.gravatar.com\/avatar\/a452ffbed9130f726358b298bb3a99ce4bd3c5338411f8440e87e14d74c7c087?s=96&d=mm&r=g\",\"caption\":\"Matheus Felipe\"}}]}<\/script>\n<!-- \/ Yoast SEO Premium plugin. -->","yoast_head_json":{"title":"Flamengo entra em rota de colis\u00e3o com a Rede Globo","robots":{"index":"index","follow":"follow","max-snippet":"max-snippet:-1","max-image-preview":"max-image-preview:large","max-video-preview":"max-video-preview:-1"},"canonical":"https:\/\/www.gaveanews.com\/index.php\/2025\/03\/28\/flamengo-entra-em-rota-de-colisao-com-a-rede-globo\/","og_locale":"pt_BR","og_type":"article","og_title":"Flamengo entra em rota de colis\u00e3o com a Rede Globo","og_description":"O Flamengo intensificou sua press\u00e3o por mudan\u00e7as nas regras da Libra, grupo de clubes que negocia direitos de transmiss\u00e3o do Campeonato Brasileiro. O clube carioca formalizou uma proposta para alterar o modelo atual de divis\u00e3o de receitas com a Globo, sobretudo no crit\u00e9rio relacionado \u00e0 audi\u00eancia. Conforme avalia\u00e7\u00e3o interna, a metodologia vigente causa perdas financeiras [&hellip;]","og_url":"https:\/\/www.gaveanews.com\/index.php\/2025\/03\/28\/flamengo-entra-em-rota-de-colisao-com-a-rede-globo\/","og_site_name":"G\u00e1vea News","article_publisher":"https:\/\/facebook.com\/gaveaNews\/","article_published_time":"2025-03-28T14:35:00+00:00","og_image":[{"width":733,"height":432,"url":"https:\/\/www.gaveanews.com\/wp-content\/uploads\/BAP-toma-posse-como-presidente-do-Flamengo.webp","type":"image\/jpeg"}],"author":"Matheus Felipe","twitter_card":"summary_large_image","twitter_misc":{"Escrito por":"Matheus Felipe","Est. tempo de leitura":"3 minutos"},"schema":{"@context":"https:\/\/schema.org","@graph":[{"@type":"NewsArticle","@id":"https:\/\/www.gaveanews.com\/index.php\/2025\/03\/28\/flamengo-entra-em-rota-de-colisao-com-a-rede-globo\/#article","isPartOf":{"@id":"https:\/\/www.gaveanews.com\/index.php\/2025\/03\/28\/flamengo-entra-em-rota-de-colisao-com-a-rede-globo\/"},"author":{"name":"Matheus Felipe","@id":"https:\/\/www.gaveanews.com\/#\/schema\/person\/8207cd4627f56151707418bfc835b2fb"},"headline":"Flamengo entra em rota de colis\u00e3o com a Rede Globo","datePublished":"2025-03-28T14:35:00+00:00","mainEntityOfPage":{"@id":"https:\/\/www.gaveanews.com\/index.php\/2025\/03\/28\/flamengo-entra-em-rota-de-colisao-com-a-rede-globo\/"},"wordCount":560,"commentCount":0,"image":{"@id":"https:\/\/www.gaveanews.com\/index.php\/2025\/03\/28\/flamengo-entra-em-rota-de-colisao-com-a-rede-globo\/#primaryimage"},"thumbnailUrl":"https:\/\/www.gaveanews.com\/wp-content\/uploads\/BAP-toma-posse-como-presidente-do-Flamengo.webp","articleSection":["Flamengo"],"inLanguage":"pt-BR","potentialAction":[{"@type":"CommentAction","name":"Comment","target":["https:\/\/www.gaveanews.com\/index.php\/2025\/03\/28\/flamengo-entra-em-rota-de-colisao-com-a-rede-globo\/#respond"]}],"copyrightYear":"2025","copyrightHolder":{"@id":"https:\/\/www.gaveanews.com\/#organization"}},{"@type":"WebPage","@id":"https:\/\/www.gaveanews.com\/index.php\/2025\/03\/28\/flamengo-entra-em-rota-de-colisao-com-a-rede-globo\/","url":"https:\/\/www.gaveanews.com\/index.php\/2025\/03\/28\/flamengo-entra-em-rota-de-colisao-com-a-rede-globo\/","name":"Flamengo entra em rota de colis\u00e3o com a Rede Globo","isPartOf":{"@id":"https:\/\/www.gaveanews.com\/#website"},"primaryImageOfPage":{"@id":"https:\/\/www.gaveanews.com\/index.php\/2025\/03\/28\/flamengo-entra-em-rota-de-colisao-com-a-rede-globo\/#primaryimage"},"image":{"@id":"https:\/\/www.gaveanews.com\/index.php\/2025\/03\/28\/flamengo-entra-em-rota-de-colisao-com-a-rede-globo\/#primaryimage"},"thumbnailUrl":"https:\/\/www.gaveanews.com\/wp-content\/uploads\/BAP-toma-posse-como-presidente-do-Flamengo.webp","datePublished":"2025-03-28T14:35:00+00:00","author":{"@id":"https:\/\/www.gaveanews.com\/#\/schema\/person\/8207cd4627f56151707418bfc835b2fb"},"breadcrumb":{"@id":"https:\/\/www.gaveanews.com\/index.php\/2025\/03\/28\/flamengo-entra-em-rota-de-colisao-com-a-rede-globo\/#breadcrumb"},"inLanguage":"pt-BR","potentialAction":[{"@type":"ReadAction","target":["https:\/\/www.gaveanews.com\/index.php\/2025\/03\/28\/flamengo-entra-em-rota-de-colisao-com-a-rede-globo\/"]}]},{"@type":"ImageObject","inLanguage":"pt-BR","@id":"https:\/\/www.gaveanews.com\/index.php\/2025\/03\/28\/flamengo-entra-em-rota-de-colisao-com-a-rede-globo\/#primaryimage","url":"https:\/\/www.gaveanews.com\/wp-content\/uploads\/BAP-toma-posse-como-presidente-do-Flamengo.webp","contentUrl":"https:\/\/www.gaveanews.com\/wp-content\/uploads\/BAP-toma-posse-como-presidente-do-Flamengo.webp","width":733,"height":432,"caption":"BAP, presidente do Flamengo (Foto: Reprodu\u00e7\u00e3o)"},{"@type":"BreadcrumbList","@id":"https:\/\/www.gaveanews.com\/index.php\/2025\/03\/28\/flamengo-entra-em-rota-de-colisao-com-a-rede-globo\/#breadcrumb","itemListElement":[{"@type":"ListItem","position":1,"name":"Home","item":"https:\/\/www.gaveanews.com\/"},{"@type":"ListItem","position":2,"name":"Flamengo entra em rota de colis\u00e3o com a Rede Globo"}]},{"@type":"WebSite","@id":"https:\/\/www.gaveanews.com\/#website","url":"https:\/\/www.gaveanews.com\/","name":"G\u00e1vea News","description":"Veja todas as not\u00edcias sobre o Flamengo: Contrata\u00e7\u00f5es, categorias de base, resultados das partidas, tabela de classifica\u00e7\u00e3o, pr\u00f3ximos jogos!","potentialAction":[{"@type":"SearchAction","target":{"@type":"EntryPoint","urlTemplate":"https:\/\/www.gaveanews.com\/?s={search_term_string}"},"query-input":{"@type":"PropertyValueSpecification","valueRequired":true,"valueName":"search_term_string"}}],"inLanguage":"pt-BR"},{"@type":"Person","@id":"https:\/\/www.gaveanews.com\/#\/schema\/person\/8207cd4627f56151707418bfc835b2fb","name":"Matheus Felipe","image":{"@type":"ImageObject","inLanguage":"pt-BR","@id":"https:\/\/www.gaveanews.com\/#\/schema\/person\/image\/","url":"https:\/\/secure.gravatar.com\/avatar\/a452ffbed9130f726358b298bb3a99ce4bd3c5338411f8440e87e14d74c7c087?s=96&d=mm&r=g","contentUrl":"https:\/\/secure.gravatar.com\/avatar\/a452ffbed9130f726358b298bb3a99ce4bd3c5338411f8440e87e14d74c7c087?s=96&d=mm&r=g","caption":"Matheus Felipe"}}]}},"_links":{"self":[{"href":"https:\/\/www.gaveanews.com\/index.php\/wp-json\/wp\/v2\/posts\/245922","targetHints":{"allow":["GET"]}}],"collection":[{"href":"https:\/\/www.gaveanews.com\/index.php\/wp-json\/wp\/v2\/posts"}],"about":[{"href":"https:\/\/www.gaveanews.com\/index.php\/wp-json\/wp\/v2\/types\/post"}],"author":[{"embeddable":true,"href":"https:\/\/www.gaveanews.com\/index.php\/wp-json\/wp\/v2\/users\/27"}],"replies":[{"embeddable":true,"href":"https:\/\/www.gaveanews.com\/index.php\/wp-json\/wp\/v2\/comments?post=245922"}],"version-history":[{"count":1,"href":"https:\/\/www.gaveanews.com\/index.php\/wp-json\/wp\/v2\/posts\/245922\/revisions"}],"predecessor-version":[{"id":245929,"href":"https:\/\/www.gaveanews.com\/index.php\/wp-json\/wp\/v2\/posts\/245922\/revisions\/245929"}],"wp:featuredmedia":[{"embeddable":true,"href":"https:\/\/www.gaveanews.com\/index.php\/wp-json\/wp\/v2\/media\/201147"}],"wp:attachment":[{"href":"https:\/\/www.gaveanews.com\/index.php\/wp-json\/wp\/v2\/media?parent=245922"}],"wp:term":[{"taxonomy":"category","embeddable":true,"href":"https:\/\/www.gaveanews.com\/index.php\/wp-json\/wp\/v2\/categories?post=245922"},{"taxonomy":"post_tag","embeddable":true,"href":"https:\/\/www.gaveanews.com\/index.php\/wp-json\/wp\/v2\/tags?post=245922"}],"curies":[{"name":"wp","href":"https:\/\/api.w.org\/{rel}","templated":true}]}}