{"id":245924,"date":"2025-03-28T11:20:00","date_gmt":"2025-03-28T14:20:00","guid":{"rendered":"https:\/\/www.gaveanews.com\/?p=245924"},"modified":"2025-03-28T10:54:12","modified_gmt":"2025-03-28T13:54:12","slug":"video-zico-e-sincero-ao-falar-sobre-a-selecao-brasileira","status":"publish","type":"post","link":"https:\/\/www.gaveanews.com\/index.php\/2025\/03\/28\/video-zico-e-sincero-ao-falar-sobre-a-selecao-brasileira\/","title":{"rendered":"V\u00eddeo: Zico \u00e9 sincero ao falar sobre a Sele\u00e7\u00e3o Brasileira"},"content":{"rendered":"\n<p>Zico sempre foi um dos maiores \u00eddolos da hist\u00f3ria da Sele\u00e7\u00e3o Brasileira. Sua opini\u00e3o, portanto, tem peso quando se trata do futuro da equipe. Recentemente, o Galinho de Quintino deu uma declara\u00e7\u00e3o impactante sobre a fase da Amarelinha, destacando que a crise n\u00e3o deve ser atribu\u00edda apenas aos jogadores ou comiss\u00e3o t\u00e9cnica.&nbsp;<\/p>\n\n\n\n<p>&#8220;\u00c9 um todo. A gente n\u00e3o pode falar s\u00f3 dos jogadores de comiss\u00e3o t\u00e9cnica, s\u00f3 da dire\u00e7\u00e3o. \u00c9 um todo. A coisa n\u00e3o t\u00e1 andando bem&#8221;, afirmou Zico, demonstrando preocupa\u00e7\u00e3o com o momento vivido pela Sele\u00e7\u00e3o.<\/p>\n\n\n\n<blockquote class=\"twitter-tweet\" data-media-max-width=\"560\"><p lang=\"pt\" dir=\"ltr\">&quot;\u00c9 um todo&quot;! \ud83c\udde7\ud83c\uddf7 O que voc\u00ea acha que poderia ajudar a Sele\u00e7\u00e3o a decolar? Zico est\u00e1 no <a href=\"https:\/\/twitter.com\/hashtag\/ShowbolNaTNTSports?src=hash&amp;ref_src=twsrc%5Etfw\">#ShowbolNaTNTSports<\/a> e falou sobre a m\u00e1 fase do Brasil e como isso pode melhorar! <a href=\"https:\/\/t.co\/j7H1V3qNEX\">pic.twitter.com\/j7H1V3qNEX<\/a><\/p>&mdash; TNT Sports BR (@TNTSportsBR) <a href=\"https:\/\/twitter.com\/TNTSportsBR\/status\/1905406708744060946?ref_src=twsrc%5Etfw\">March 27, 2025<\/a><\/blockquote> <script async src=\"https:\/\/platform.twitter.com\/widgets.js\" charset=\"utf-8\"><\/script>\n\n\n\n<h2 class=\"wp-block-heading\" id=\"h-o-futuro-de-dorival-junior-e-o-nome-de-jorge-jesus\">O futuro de Dorival J\u00fanior e o nome de Jorge Jesus<\/h2>\n\n\n\n<p>A CBF segue em meio a uma s\u00e9rie de especula\u00e7\u00f5es sobre o futuro do comando t\u00e9cnico da Sele\u00e7\u00e3o Brasileira. Cabe ressaltar que, mesmo sem uma troca oficial no comando, o nome de Jorge Jesus tem se tornado cada vez mais forte.&nbsp;<\/p>\n\n\n\n<p>Isso porque o presidente da CBF, Ednaldo Rodrigues, j\u00e1 pensa em um substituto para Dorival J\u00fanior. Desde a goleada para a Argentina, a possibilidade de interromper o trabalho de Dorival tem sido debatida internamente.<\/p>\n\n\n\n<p>No entanto, ainda h\u00e1 incertezas quanto \u00e0 sa\u00edda de Dorival e o tempo necess\u00e1rio para que Jorge Jesus, atualmente no Al Hilal, se desvincule do clube \u00e1rabe.&nbsp;<\/p>\n\n\n\n<p>Vale destacar que Jesus j\u00e1 manifestou interesse em comandar a Sele\u00e7\u00e3o Brasileira, e a CBF tem se mostrado disposta a esperar pelo melhor momento para fazer essa transi\u00e7\u00e3o.<\/p>\n\n\n\n<h2 class=\"wp-block-heading\" id=\"h-futuro-da-selecao-brasileira\">Futuro da Sele\u00e7\u00e3o Brasileira<\/h2>\n\n\n\n<p>Enquanto as decis\u00f5es sobre o futuro do t\u00e9cnico da Sele\u00e7\u00e3o n\u00e3o s\u00e3o definidas, os pr\u00f3ximos jogos do Brasil nas Eliminat\u00f3rias para a Copa do Mundo s\u00e3o uma grande inc\u00f3gnita. Por isso, a CBF precisa agir rapidamente para garantir que a equipe esteja bem preparada.&nbsp;<\/p>\n\n\n\n<p>As partidas contra Equador e Paraguai, em junho, ser\u00e3o cruciais para determinar o rumo da Sele\u00e7\u00e3o e, possivelmente, acelerar a transi\u00e7\u00e3o para um novo comando t\u00e9cnico.<\/p>\n","protected":false},"excerpt":{"rendered":"<p>Zico sempre foi um dos maiores \u00eddolos da hist\u00f3ria da Sele\u00e7\u00e3o Brasileira. Sua opini\u00e3o, portanto, tem peso quando se trata do futuro da equipe. Recentemente, o Galinho de Quintino deu uma declara\u00e7\u00e3o impactante sobre a fase da Amarelinha, destacando que a crise n\u00e3o deve ser atribu\u00edda apenas aos jogadores ou comiss\u00e3o t\u00e9cnica.&nbsp; &#8220;\u00c9 um todo. [&hellip;]<\/p>\n","protected":false},"author":25,"featured_media":58553,"comment_status":"open","ping_status":"closed","sticky":false,"template":"","format":"standard","meta":{"footnotes":""},"categories":[478],"tags":[],"class_list":["post-245924","post","type-post","status-publish","format-standard","has-post-thumbnail","hentry","category-brasil"],"yoast_head":"<!-- This site is optimized with the Yoast SEO Premium plugin v24.2 (Yoast SEO v26.9) - https:\/\/yoast.com\/product\/yoast-seo-premium-wordpress\/ -->\n<title>V\u00eddeo: Zico \u00e9 sincero ao falar sobre a Sele\u00e7\u00e3o Brasileira<\/title>\n<meta name=\"robots\" content=\"index, follow, max-snippet:-1, max-image-preview:large, max-video-preview:-1\" \/>\n<link rel=\"canonical\" href=\"https:\/\/www.gaveanews.com\/index.php\/2025\/03\/28\/video-zico-e-sincero-ao-falar-sobre-a-selecao-brasileira\/\" \/>\n<meta property=\"og:locale\" content=\"pt_BR\" \/>\n<meta property=\"og:type\" content=\"article\" \/>\n<meta property=\"og:title\" content=\"V\u00eddeo: Zico \u00e9 sincero ao falar sobre a Sele\u00e7\u00e3o Brasileira\" \/>\n<meta property=\"og:description\" content=\"Zico sempre foi um dos maiores \u00eddolos da hist\u00f3ria da Sele\u00e7\u00e3o Brasileira. Sua opini\u00e3o, portanto, tem peso quando se trata do futuro da equipe. Recentemente, o Galinho de Quintino deu uma declara\u00e7\u00e3o impactante sobre a fase da Amarelinha, destacando que a crise n\u00e3o deve ser atribu\u00edda apenas aos jogadores ou comiss\u00e3o t\u00e9cnica.&nbsp; &#8220;\u00c9 um todo. [&hellip;]\" \/>\n<meta property=\"og:url\" content=\"https:\/\/www.gaveanews.com\/index.php\/2025\/03\/28\/video-zico-e-sincero-ao-falar-sobre-a-selecao-brasileira\/\" \/>\n<meta property=\"og:site_name\" content=\"G\u00e1vea News\" \/>\n<meta property=\"article:publisher\" content=\"https:\/\/facebook.com\/gaveaNews\/\" \/>\n<meta property=\"article:published_time\" content=\"2025-03-28T14:20:00+00:00\" \/>\n<meta property=\"og:image\" content=\"https:\/\/www.gaveanews.com\/wp-content\/uploads\/Zico-em-ensaio-fotografico-na-Gavea.webp\" \/>\n\t<meta property=\"og:image:width\" content=\"1058\" \/>\n\t<meta property=\"og:image:height\" content=\"966\" \/>\n\t<meta property=\"og:image:type\" content=\"image\/jpeg\" \/>\n<meta name=\"author\" content=\"Rafaela Ladeira\" \/>\n<meta name=\"twitter:card\" content=\"summary_large_image\" \/>\n<meta name=\"twitter:label1\" content=\"Escrito por\" \/>\n\t<meta name=\"twitter:data1\" content=\"Rafaela Ladeira\" \/>\n\t<meta name=\"twitter:label2\" content=\"Est. tempo de leitura\" \/>\n\t<meta name=\"twitter:data2\" content=\"2 minutos\" \/>\n<script type=\"application\/ld+json\" class=\"yoast-schema-graph\">{\"@context\":\"https:\/\/schema.org\",\"@graph\":[{\"@type\":\"NewsArticle\",\"@id\":\"https:\/\/www.gaveanews.com\/index.php\/2025\/03\/28\/video-zico-e-sincero-ao-falar-sobre-a-selecao-brasileira\/#article\",\"isPartOf\":{\"@id\":\"https:\/\/www.gaveanews.com\/index.php\/2025\/03\/28\/video-zico-e-sincero-ao-falar-sobre-a-selecao-brasileira\/\"},\"author\":{\"name\":\"Rafaela Ladeira\",\"@id\":\"https:\/\/www.gaveanews.com\/#\/schema\/person\/0eb3e3fe1754f0205218538adbe8f5ed\"},\"headline\":\"V\u00eddeo: Zico \u00e9 sincero ao falar sobre a Sele\u00e7\u00e3o Brasileira\",\"datePublished\":\"2025-03-28T14:20:00+00:00\",\"mainEntityOfPage\":{\"@id\":\"https:\/\/www.gaveanews.com\/index.php\/2025\/03\/28\/video-zico-e-sincero-ao-falar-sobre-a-selecao-brasileira\/\"},\"wordCount\":400,\"commentCount\":0,\"image\":{\"@id\":\"https:\/\/www.gaveanews.com\/index.php\/2025\/03\/28\/video-zico-e-sincero-ao-falar-sobre-a-selecao-brasileira\/#primaryimage\"},\"thumbnailUrl\":\"https:\/\/www.gaveanews.com\/wp-content\/uploads\/Zico-em-ensaio-fotografico-na-Gavea.webp\",\"articleSection\":[\"Brasil\"],\"inLanguage\":\"pt-BR\",\"potentialAction\":[{\"@type\":\"CommentAction\",\"name\":\"Comment\",\"target\":[\"https:\/\/www.gaveanews.com\/index.php\/2025\/03\/28\/video-zico-e-sincero-ao-falar-sobre-a-selecao-brasileira\/#respond\"]}],\"copyrightYear\":\"2025\",\"copyrightHolder\":{\"@id\":\"https:\/\/www.gaveanews.com\/#organization\"}},{\"@type\":\"WebPage\",\"@id\":\"https:\/\/www.gaveanews.com\/index.php\/2025\/03\/28\/video-zico-e-sincero-ao-falar-sobre-a-selecao-brasileira\/\",\"url\":\"https:\/\/www.gaveanews.com\/index.php\/2025\/03\/28\/video-zico-e-sincero-ao-falar-sobre-a-selecao-brasileira\/\",\"name\":\"V\u00eddeo: Zico \u00e9 sincero ao falar sobre a Sele\u00e7\u00e3o Brasileira\",\"isPartOf\":{\"@id\":\"https:\/\/www.gaveanews.com\/#website\"},\"primaryImageOfPage\":{\"@id\":\"https:\/\/www.gaveanews.com\/index.php\/2025\/03\/28\/video-zico-e-sincero-ao-falar-sobre-a-selecao-brasileira\/#primaryimage\"},\"image\":{\"@id\":\"https:\/\/www.gaveanews.com\/index.php\/2025\/03\/28\/video-zico-e-sincero-ao-falar-sobre-a-selecao-brasileira\/#primaryimage\"},\"thumbnailUrl\":\"https:\/\/www.gaveanews.com\/wp-content\/uploads\/Zico-em-ensaio-fotografico-na-Gavea.webp\",\"datePublished\":\"2025-03-28T14:20:00+00:00\",\"author\":{\"@id\":\"https:\/\/www.gaveanews.com\/#\/schema\/person\/0eb3e3fe1754f0205218538adbe8f5ed\"},\"breadcrumb\":{\"@id\":\"https:\/\/www.gaveanews.com\/index.php\/2025\/03\/28\/video-zico-e-sincero-ao-falar-sobre-a-selecao-brasileira\/#breadcrumb\"},\"inLanguage\":\"pt-BR\",\"potentialAction\":[{\"@type\":\"ReadAction\",\"target\":[\"https:\/\/www.gaveanews.com\/index.php\/2025\/03\/28\/video-zico-e-sincero-ao-falar-sobre-a-selecao-brasileira\/\"]}]},{\"@type\":\"ImageObject\",\"inLanguage\":\"pt-BR\",\"@id\":\"https:\/\/www.gaveanews.com\/index.php\/2025\/03\/28\/video-zico-e-sincero-ao-falar-sobre-a-selecao-brasileira\/#primaryimage\",\"url\":\"https:\/\/www.gaveanews.com\/wp-content\/uploads\/Zico-em-ensaio-fotografico-na-Gavea.webp\",\"contentUrl\":\"https:\/\/www.gaveanews.com\/wp-content\/uploads\/Zico-em-ensaio-fotografico-na-Gavea.webp\",\"width\":1058,\"height\":966,\"caption\":\"Zico em ensaio fotogr\u00e1fico na G\u00e1vea (Foto: Alexandre Vidal\/Flamengo)\"},{\"@type\":\"BreadcrumbList\",\"@id\":\"https:\/\/www.gaveanews.com\/index.php\/2025\/03\/28\/video-zico-e-sincero-ao-falar-sobre-a-selecao-brasileira\/#breadcrumb\",\"itemListElement\":[{\"@type\":\"ListItem\",\"position\":1,\"name\":\"Home\",\"item\":\"https:\/\/www.gaveanews.com\/\"},{\"@type\":\"ListItem\",\"position\":2,\"name\":\"V\u00eddeo: Zico \u00e9 sincero ao falar sobre a Sele\u00e7\u00e3o Brasileira\"}]},{\"@type\":\"WebSite\",\"@id\":\"https:\/\/www.gaveanews.com\/#website\",\"url\":\"https:\/\/www.gaveanews.com\/\",\"name\":\"G\u00e1vea News\",\"description\":\"Veja todas as not\u00edcias sobre o Flamengo: Contrata\u00e7\u00f5es, categorias de base, resultados das partidas, tabela de classifica\u00e7\u00e3o, pr\u00f3ximos jogos!\",\"potentialAction\":[{\"@type\":\"SearchAction\",\"target\":{\"@type\":\"EntryPoint\",\"urlTemplate\":\"https:\/\/www.gaveanews.com\/?s={search_term_string}\"},\"query-input\":{\"@type\":\"PropertyValueSpecification\",\"valueRequired\":true,\"valueName\":\"search_term_string\"}}],\"inLanguage\":\"pt-BR\"},{\"@type\":\"Person\",\"@id\":\"https:\/\/www.gaveanews.com\/#\/schema\/person\/0eb3e3fe1754f0205218538adbe8f5ed\",\"name\":\"Rafaela Ladeira\",\"image\":{\"@type\":\"ImageObject\",\"inLanguage\":\"pt-BR\",\"@id\":\"https:\/\/www.gaveanews.com\/#\/schema\/person\/image\/\",\"url\":\"https:\/\/secure.gravatar.com\/avatar\/c31f513acffd85eacab5730cbdfdbbf59f21ba5aeada8cd890acea879fbb2455?s=96&d=mm&r=g\",\"contentUrl\":\"https:\/\/secure.gravatar.com\/avatar\/c31f513acffd85eacab5730cbdfdbbf59f21ba5aeada8cd890acea879fbb2455?s=96&d=mm&r=g\",\"caption\":\"Rafaela Ladeira\"}}]}<\/script>\n<!-- \/ Yoast SEO Premium plugin. -->","yoast_head_json":{"title":"V\u00eddeo: Zico \u00e9 sincero ao falar sobre a Sele\u00e7\u00e3o Brasileira","robots":{"index":"index","follow":"follow","max-snippet":"max-snippet:-1","max-image-preview":"max-image-preview:large","max-video-preview":"max-video-preview:-1"},"canonical":"https:\/\/www.gaveanews.com\/index.php\/2025\/03\/28\/video-zico-e-sincero-ao-falar-sobre-a-selecao-brasileira\/","og_locale":"pt_BR","og_type":"article","og_title":"V\u00eddeo: Zico \u00e9 sincero ao falar sobre a Sele\u00e7\u00e3o Brasileira","og_description":"Zico sempre foi um dos maiores \u00eddolos da hist\u00f3ria da Sele\u00e7\u00e3o Brasileira. Sua opini\u00e3o, portanto, tem peso quando se trata do futuro da equipe. Recentemente, o Galinho de Quintino deu uma declara\u00e7\u00e3o impactante sobre a fase da Amarelinha, destacando que a crise n\u00e3o deve ser atribu\u00edda apenas aos jogadores ou comiss\u00e3o t\u00e9cnica.&nbsp; &#8220;\u00c9 um todo. [&hellip;]","og_url":"https:\/\/www.gaveanews.com\/index.php\/2025\/03\/28\/video-zico-e-sincero-ao-falar-sobre-a-selecao-brasileira\/","og_site_name":"G\u00e1vea News","article_publisher":"https:\/\/facebook.com\/gaveaNews\/","article_published_time":"2025-03-28T14:20:00+00:00","og_image":[{"width":1058,"height":966,"url":"https:\/\/www.gaveanews.com\/wp-content\/uploads\/Zico-em-ensaio-fotografico-na-Gavea.webp","type":"image\/jpeg"}],"author":"Rafaela Ladeira","twitter_card":"summary_large_image","twitter_misc":{"Escrito por":"Rafaela Ladeira","Est. tempo de leitura":"2 minutos"},"schema":{"@context":"https:\/\/schema.org","@graph":[{"@type":"NewsArticle","@id":"https:\/\/www.gaveanews.com\/index.php\/2025\/03\/28\/video-zico-e-sincero-ao-falar-sobre-a-selecao-brasileira\/#article","isPartOf":{"@id":"https:\/\/www.gaveanews.com\/index.php\/2025\/03\/28\/video-zico-e-sincero-ao-falar-sobre-a-selecao-brasileira\/"},"author":{"name":"Rafaela Ladeira","@id":"https:\/\/www.gaveanews.com\/#\/schema\/person\/0eb3e3fe1754f0205218538adbe8f5ed"},"headline":"V\u00eddeo: Zico \u00e9 sincero ao falar sobre a Sele\u00e7\u00e3o Brasileira","datePublished":"2025-03-28T14:20:00+00:00","mainEntityOfPage":{"@id":"https:\/\/www.gaveanews.com\/index.php\/2025\/03\/28\/video-zico-e-sincero-ao-falar-sobre-a-selecao-brasileira\/"},"wordCount":400,"commentCount":0,"image":{"@id":"https:\/\/www.gaveanews.com\/index.php\/2025\/03\/28\/video-zico-e-sincero-ao-falar-sobre-a-selecao-brasileira\/#primaryimage"},"thumbnailUrl":"https:\/\/www.gaveanews.com\/wp-content\/uploads\/Zico-em-ensaio-fotografico-na-Gavea.webp","articleSection":["Brasil"],"inLanguage":"pt-BR","potentialAction":[{"@type":"CommentAction","name":"Comment","target":["https:\/\/www.gaveanews.com\/index.php\/2025\/03\/28\/video-zico-e-sincero-ao-falar-sobre-a-selecao-brasileira\/#respond"]}],"copyrightYear":"2025","copyrightHolder":{"@id":"https:\/\/www.gaveanews.com\/#organization"}},{"@type":"WebPage","@id":"https:\/\/www.gaveanews.com\/index.php\/2025\/03\/28\/video-zico-e-sincero-ao-falar-sobre-a-selecao-brasileira\/","url":"https:\/\/www.gaveanews.com\/index.php\/2025\/03\/28\/video-zico-e-sincero-ao-falar-sobre-a-selecao-brasileira\/","name":"V\u00eddeo: Zico \u00e9 sincero ao falar sobre a Sele\u00e7\u00e3o Brasileira","isPartOf":{"@id":"https:\/\/www.gaveanews.com\/#website"},"primaryImageOfPage":{"@id":"https:\/\/www.gaveanews.com\/index.php\/2025\/03\/28\/video-zico-e-sincero-ao-falar-sobre-a-selecao-brasileira\/#primaryimage"},"image":{"@id":"https:\/\/www.gaveanews.com\/index.php\/2025\/03\/28\/video-zico-e-sincero-ao-falar-sobre-a-selecao-brasileira\/#primaryimage"},"thumbnailUrl":"https:\/\/www.gaveanews.com\/wp-content\/uploads\/Zico-em-ensaio-fotografico-na-Gavea.webp","datePublished":"2025-03-28T14:20:00+00:00","author":{"@id":"https:\/\/www.gaveanews.com\/#\/schema\/person\/0eb3e3fe1754f0205218538adbe8f5ed"},"breadcrumb":{"@id":"https:\/\/www.gaveanews.com\/index.php\/2025\/03\/28\/video-zico-e-sincero-ao-falar-sobre-a-selecao-brasileira\/#breadcrumb"},"inLanguage":"pt-BR","potentialAction":[{"@type":"ReadAction","target":["https:\/\/www.gaveanews.com\/index.php\/2025\/03\/28\/video-zico-e-sincero-ao-falar-sobre-a-selecao-brasileira\/"]}]},{"@type":"ImageObject","inLanguage":"pt-BR","@id":"https:\/\/www.gaveanews.com\/index.php\/2025\/03\/28\/video-zico-e-sincero-ao-falar-sobre-a-selecao-brasileira\/#primaryimage","url":"https:\/\/www.gaveanews.com\/wp-content\/uploads\/Zico-em-ensaio-fotografico-na-Gavea.webp","contentUrl":"https:\/\/www.gaveanews.com\/wp-content\/uploads\/Zico-em-ensaio-fotografico-na-Gavea.webp","width":1058,"height":966,"caption":"Zico em ensaio fotogr\u00e1fico na G\u00e1vea (Foto: Alexandre Vidal\/Flamengo)"},{"@type":"BreadcrumbList","@id":"https:\/\/www.gaveanews.com\/index.php\/2025\/03\/28\/video-zico-e-sincero-ao-falar-sobre-a-selecao-brasileira\/#breadcrumb","itemListElement":[{"@type":"ListItem","position":1,"name":"Home","item":"https:\/\/www.gaveanews.com\/"},{"@type":"ListItem","position":2,"name":"V\u00eddeo: Zico \u00e9 sincero ao falar sobre a Sele\u00e7\u00e3o Brasileira"}]},{"@type":"WebSite","@id":"https:\/\/www.gaveanews.com\/#website","url":"https:\/\/www.gaveanews.com\/","name":"G\u00e1vea News","description":"Veja todas as not\u00edcias sobre o Flamengo: Contrata\u00e7\u00f5es, categorias de base, resultados das partidas, tabela de classifica\u00e7\u00e3o, pr\u00f3ximos jogos!","potentialAction":[{"@type":"SearchAction","target":{"@type":"EntryPoint","urlTemplate":"https:\/\/www.gaveanews.com\/?s={search_term_string}"},"query-input":{"@type":"PropertyValueSpecification","valueRequired":true,"valueName":"search_term_string"}}],"inLanguage":"pt-BR"},{"@type":"Person","@id":"https:\/\/www.gaveanews.com\/#\/schema\/person\/0eb3e3fe1754f0205218538adbe8f5ed","name":"Rafaela Ladeira","image":{"@type":"ImageObject","inLanguage":"pt-BR","@id":"https:\/\/www.gaveanews.com\/#\/schema\/person\/image\/","url":"https:\/\/secure.gravatar.com\/avatar\/c31f513acffd85eacab5730cbdfdbbf59f21ba5aeada8cd890acea879fbb2455?s=96&d=mm&r=g","contentUrl":"https:\/\/secure.gravatar.com\/avatar\/c31f513acffd85eacab5730cbdfdbbf59f21ba5aeada8cd890acea879fbb2455?s=96&d=mm&r=g","caption":"Rafaela Ladeira"}}]}},"_links":{"self":[{"href":"https:\/\/www.gaveanews.com\/index.php\/wp-json\/wp\/v2\/posts\/245924","targetHints":{"allow":["GET"]}}],"collection":[{"href":"https:\/\/www.gaveanews.com\/index.php\/wp-json\/wp\/v2\/posts"}],"about":[{"href":"https:\/\/www.gaveanews.com\/index.php\/wp-json\/wp\/v2\/types\/post"}],"author":[{"embeddable":true,"href":"https:\/\/www.gaveanews.com\/index.php\/wp-json\/wp\/v2\/users\/25"}],"replies":[{"embeddable":true,"href":"https:\/\/www.gaveanews.com\/index.php\/wp-json\/wp\/v2\/comments?post=245924"}],"version-history":[{"count":1,"href":"https:\/\/www.gaveanews.com\/index.php\/wp-json\/wp\/v2\/posts\/245924\/revisions"}],"predecessor-version":[{"id":245927,"href":"https:\/\/www.gaveanews.com\/index.php\/wp-json\/wp\/v2\/posts\/245924\/revisions\/245927"}],"wp:featuredmedia":[{"embeddable":true,"href":"https:\/\/www.gaveanews.com\/index.php\/wp-json\/wp\/v2\/media\/58553"}],"wp:attachment":[{"href":"https:\/\/www.gaveanews.com\/index.php\/wp-json\/wp\/v2\/media?parent=245924"}],"wp:term":[{"taxonomy":"category","embeddable":true,"href":"https:\/\/www.gaveanews.com\/index.php\/wp-json\/wp\/v2\/categories?post=245924"},{"taxonomy":"post_tag","embeddable":true,"href":"https:\/\/www.gaveanews.com\/index.php\/wp-json\/wp\/v2\/tags?post=245924"}],"curies":[{"name":"wp","href":"https:\/\/api.w.org\/{rel}","templated":true}]}}