{"id":245934,"date":"2025-03-28T11:50:00","date_gmt":"2025-03-28T14:50:00","guid":{"rendered":"https:\/\/www.gaveanews.com\/?p=245934"},"modified":"2025-03-28T11:08:36","modified_gmt":"2025-03-28T14:08:36","slug":"video-corinthians-provoca-palmeiras-apos-titulo-do-campeonato-paulista","status":"publish","type":"post","link":"https:\/\/www.gaveanews.com\/index.php\/2025\/03\/28\/video-corinthians-provoca-palmeiras-apos-titulo-do-campeonato-paulista\/","title":{"rendered":"V\u00eddeo: Corinthians provoca Palmeiras ap\u00f3s t\u00edtulo do Campeonato Paulista"},"content":{"rendered":"\n<p>O Corinthians n\u00e3o perdeu a oportunidade de provocar o Palmeiras logo ap\u00f3s conquistar o t\u00edtulo do Campeonato Paulista. Em uma final eletrizante, o Tim\u00e3o segurou o empate sem gols contra o Verd\u00e3o na Neo Qu\u00edmica Arena e, com isso, levantou seu 31\u00ba trof\u00e9u estadual.&nbsp;<\/p>\n\n\n\n<p>O clube alvinegro fez quest\u00e3o de brincar com o arquirrival nas redes sociais com um v\u00eddeo provocativo, fazendo uma alus\u00e3o a alertas da Defesa Civil sobre mudan\u00e7as clim\u00e1ticas.<\/p>\n\n\n\n<h2 class=\"wp-block-heading\" id=\"h-provocacao-em-video\">Provoca\u00e7\u00e3o em v\u00eddeo<\/h2>\n\n\n\n<p>No v\u00eddeo, o Corinthians publicou uma mensagem que rapidamente viralizou. &#8220;Risco de enchente na Barra Funda devido ao choro excessivo na regi\u00e3o. Mantenha-se em Itaquera&#8221;.&nbsp;<\/p>\n\n\n\n<blockquote class=\"twitter-tweet\" data-media-max-width=\"560\"><p lang=\"pt\" dir=\"ltr\">\ud83d\udea8 ALERTA, FIEL!!!!! \ud83d\udea8 <a href=\"https:\/\/t.co\/MBedVCzat2\">pic.twitter.com\/MBedVCzat2<\/a><\/p>&mdash; Corinthians (@Corinthians) <a href=\"https:\/\/twitter.com\/Corinthians\/status\/1905453541029781896?ref_src=twsrc%5Etfw\">March 28, 2025<\/a><\/blockquote> <script async src=\"https:\/\/platform.twitter.com\/widgets.js\" charset=\"utf-8\"><\/script>\n\n\n\n<p>A piada faz refer\u00eancia \u00e0 zona oeste de S\u00e3o Paulo, onde fica o est\u00e1dio do Palmeiras, e \u00e0 tradicional rivalidade entre os dois clubes, que se acirra sempre que h\u00e1 uma conquista alvinegra. Por isso, o conte\u00fado logo gerou rea\u00e7\u00f5es e risos entre os torcedores do Corinthians, que n\u00e3o perderam a chance de brincar com a situa\u00e7\u00e3o.<\/p>\n\n\n\n<h2 class=\"wp-block-heading\" id=\"h-a-festa-alvinegra-e-os-memes-da-torcida\">A festa alvinegra e os memes da torcida<\/h2>\n\n\n\n<p>Com isso, os torcedores do Corinthians tomaram as redes sociais para comemorar o t\u00edtulo, e os memes come\u00e7aram a surgir de maneira instant\u00e2nea.<\/p>\n\n\n\n<p>&nbsp;Vale destacar que, al\u00e9m da provoca\u00e7\u00e3o oficial do clube, os torcedores tamb\u00e9m entraram na brincadeira, fazendo piadas sobre o Palmeiras e comemorando a conquista do Paulist\u00e3o com muito bom humor.&nbsp;<\/p>\n\n\n\n<p>Sendo assim, essa vit\u00f3ria para o Corinthians foi n\u00e3o apenas uma conquista esportiva, mas tamb\u00e9m uma vit\u00f3ria no campo da rivalidade. Com isso, o Tim\u00e3o conseguiu adicionar um toque extra de divers\u00e3o e emo\u00e7\u00e3o \u00e0 celebra\u00e7\u00e3o,que al\u00e9m de levantar o trof\u00e9u, tamb\u00e9m fez quest\u00e3o de deixar sua marca na hist\u00f3ria da competi\u00e7\u00e3o com muito humor.&nbsp;<\/p>\n\n\n\n<p>Isso tornou o t\u00edtulo ainda mais especial para os torcedores, que podem lembrar da conquista n\u00e3o apenas pelo trof\u00e9u, mas tamb\u00e9m pela divers\u00e3o e provoca\u00e7\u00e3o. Veja alguns memes a seguir:<\/p>\n\n\n\n<blockquote class=\"twitter-tweet\"><p lang=\"pt\" dir=\"ltr\">f palmeiras <a href=\"https:\/\/t.co\/Z2IXfVDcVm\">pic.twitter.com\/Z2IXfVDcVm<\/a><\/p>&mdash; paiN Gaming (@paiNGamingBR) <a href=\"https:\/\/twitter.com\/paiNGamingBR\/status\/1905451769305375181?ref_src=twsrc%5Etfw\">March 28, 2025<\/a><\/blockquote> <script async src=\"https:\/\/platform.twitter.com\/widgets.js\" charset=\"utf-8\"><\/script>\n\n\n\n<blockquote class=\"twitter-tweet\"><p lang=\"it\" dir=\"ltr\">FALAAAAAAAAA PALMEIRAS HAHAHAHAHAHAHHAHAHAHHAHAHHAHAHAHAHHAHHAHAHAHHAHAHAHAHHAHHAHAHAHAHAHAHHAHAHAHHAHAHHAHAHAHAHHAHHAHAHAHHAHAHAHAHHAHHAHAHAHAHAHAHHAHAHAHHAHAHHAHAHAHAHHAHHAHAHAHHAHAHAHAHHAHHAHAHAHAHAHAHHAHAHAHHAHAHHAHAHAHAHHAHHAHAHAHHAHAHAHAHHAH <a href=\"https:\/\/t.co\/G79l6KWQZg\">pic.twitter.com\/G79l6KWQZg<\/a><\/p>&mdash; Cortinas ao Contr\u00e1rio | Mateus (@Snaihtniroccccc) <a href=\"https:\/\/twitter.com\/Snaihtniroccccc\/status\/1905451858698678567?ref_src=twsrc%5Etfw\">March 28, 2025<\/a><\/blockquote> <script async src=\"https:\/\/platform.twitter.com\/widgets.js\" charset=\"utf-8\"><\/script>\n","protected":false},"excerpt":{"rendered":"<p>O Corinthians n\u00e3o perdeu a oportunidade de provocar o Palmeiras logo ap\u00f3s conquistar o t\u00edtulo do Campeonato Paulista. Em uma final eletrizante, o Tim\u00e3o segurou o empate sem gols contra o Verd\u00e3o na Neo Qu\u00edmica Arena e, com isso, levantou seu 31\u00ba trof\u00e9u estadual.&nbsp; O clube alvinegro fez quest\u00e3o de brincar com o arquirrival nas [&hellip;]<\/p>\n","protected":false},"author":25,"featured_media":154473,"comment_status":"open","ping_status":"closed","sticky":false,"template":"","format":"standard","meta":{"footnotes":""},"categories":[141,150],"tags":[],"class_list":["post-245934","post","type-post","status-publish","format-standard","has-post-thumbnail","hentry","category-corinthians","category-palmeiras"],"yoast_head":"<!-- This site is optimized with the Yoast SEO Premium plugin v24.2 (Yoast SEO v26.9) - https:\/\/yoast.com\/product\/yoast-seo-premium-wordpress\/ -->\n<title>V\u00eddeo: Corinthians provoca Palmeiras ap\u00f3s t\u00edtulo do Campeonato Paulista<\/title>\n<meta name=\"robots\" content=\"index, follow, max-snippet:-1, max-image-preview:large, max-video-preview:-1\" \/>\n<link rel=\"canonical\" href=\"https:\/\/www.gaveanews.com\/index.php\/2025\/03\/28\/video-corinthians-provoca-palmeiras-apos-titulo-do-campeonato-paulista\/\" \/>\n<meta property=\"og:locale\" content=\"pt_BR\" \/>\n<meta property=\"og:type\" content=\"article\" \/>\n<meta property=\"og:title\" content=\"V\u00eddeo: Corinthians provoca Palmeiras ap\u00f3s t\u00edtulo do Campeonato Paulista\" \/>\n<meta property=\"og:description\" content=\"O Corinthians n\u00e3o perdeu a oportunidade de provocar o Palmeiras logo ap\u00f3s conquistar o t\u00edtulo do Campeonato Paulista. Em uma final eletrizante, o Tim\u00e3o segurou o empate sem gols contra o Verd\u00e3o na Neo Qu\u00edmica Arena e, com isso, levantou seu 31\u00ba trof\u00e9u estadual.&nbsp; O clube alvinegro fez quest\u00e3o de brincar com o arquirrival nas [&hellip;]\" \/>\n<meta property=\"og:url\" content=\"https:\/\/www.gaveanews.com\/index.php\/2025\/03\/28\/video-corinthians-provoca-palmeiras-apos-titulo-do-campeonato-paulista\/\" \/>\n<meta property=\"og:site_name\" content=\"G\u00e1vea News\" \/>\n<meta property=\"article:publisher\" content=\"https:\/\/facebook.com\/gaveaNews\/\" \/>\n<meta property=\"article:published_time\" content=\"2025-03-28T14:50:00+00:00\" \/>\n<meta property=\"og:image\" content=\"https:\/\/www.gaveanews.com\/wp-content\/uploads\/Escudo-do-Corinthians-na-Neo-Quimica-Arena.webp\" \/>\n\t<meta property=\"og:image:width\" content=\"1440\" \/>\n\t<meta property=\"og:image:height\" content=\"959\" \/>\n\t<meta property=\"og:image:type\" content=\"image\/jpeg\" \/>\n<meta name=\"author\" content=\"Rafaela Ladeira\" \/>\n<meta name=\"twitter:card\" content=\"summary_large_image\" \/>\n<meta name=\"twitter:label1\" content=\"Escrito por\" \/>\n\t<meta name=\"twitter:data1\" content=\"Rafaela Ladeira\" \/>\n\t<meta name=\"twitter:label2\" content=\"Est. tempo de leitura\" \/>\n\t<meta name=\"twitter:data2\" content=\"2 minutos\" \/>\n<script type=\"application\/ld+json\" class=\"yoast-schema-graph\">{\"@context\":\"https:\/\/schema.org\",\"@graph\":[{\"@type\":\"NewsArticle\",\"@id\":\"https:\/\/www.gaveanews.com\/index.php\/2025\/03\/28\/video-corinthians-provoca-palmeiras-apos-titulo-do-campeonato-paulista\/#article\",\"isPartOf\":{\"@id\":\"https:\/\/www.gaveanews.com\/index.php\/2025\/03\/28\/video-corinthians-provoca-palmeiras-apos-titulo-do-campeonato-paulista\/\"},\"author\":{\"name\":\"Rafaela Ladeira\",\"@id\":\"https:\/\/www.gaveanews.com\/#\/schema\/person\/0eb3e3fe1754f0205218538adbe8f5ed\"},\"headline\":\"V\u00eddeo: Corinthians provoca Palmeiras ap\u00f3s t\u00edtulo do Campeonato Paulista\",\"datePublished\":\"2025-03-28T14:50:00+00:00\",\"mainEntityOfPage\":{\"@id\":\"https:\/\/www.gaveanews.com\/index.php\/2025\/03\/28\/video-corinthians-provoca-palmeiras-apos-titulo-do-campeonato-paulista\/\"},\"wordCount\":406,\"commentCount\":0,\"image\":{\"@id\":\"https:\/\/www.gaveanews.com\/index.php\/2025\/03\/28\/video-corinthians-provoca-palmeiras-apos-titulo-do-campeonato-paulista\/#primaryimage\"},\"thumbnailUrl\":\"https:\/\/www.gaveanews.com\/wp-content\/uploads\/Escudo-do-Corinthians-na-Neo-Quimica-Arena.webp\",\"articleSection\":[\"Corinthians\",\"Palmeiras\"],\"inLanguage\":\"pt-BR\",\"potentialAction\":[{\"@type\":\"CommentAction\",\"name\":\"Comment\",\"target\":[\"https:\/\/www.gaveanews.com\/index.php\/2025\/03\/28\/video-corinthians-provoca-palmeiras-apos-titulo-do-campeonato-paulista\/#respond\"]}],\"copyrightYear\":\"2025\",\"copyrightHolder\":{\"@id\":\"https:\/\/www.gaveanews.com\/#organization\"}},{\"@type\":\"WebPage\",\"@id\":\"https:\/\/www.gaveanews.com\/index.php\/2025\/03\/28\/video-corinthians-provoca-palmeiras-apos-titulo-do-campeonato-paulista\/\",\"url\":\"https:\/\/www.gaveanews.com\/index.php\/2025\/03\/28\/video-corinthians-provoca-palmeiras-apos-titulo-do-campeonato-paulista\/\",\"name\":\"V\u00eddeo: Corinthians provoca Palmeiras ap\u00f3s t\u00edtulo do Campeonato Paulista\",\"isPartOf\":{\"@id\":\"https:\/\/www.gaveanews.com\/#website\"},\"primaryImageOfPage\":{\"@id\":\"https:\/\/www.gaveanews.com\/index.php\/2025\/03\/28\/video-corinthians-provoca-palmeiras-apos-titulo-do-campeonato-paulista\/#primaryimage\"},\"image\":{\"@id\":\"https:\/\/www.gaveanews.com\/index.php\/2025\/03\/28\/video-corinthians-provoca-palmeiras-apos-titulo-do-campeonato-paulista\/#primaryimage\"},\"thumbnailUrl\":\"https:\/\/www.gaveanews.com\/wp-content\/uploads\/Escudo-do-Corinthians-na-Neo-Quimica-Arena.webp\",\"datePublished\":\"2025-03-28T14:50:00+00:00\",\"author\":{\"@id\":\"https:\/\/www.gaveanews.com\/#\/schema\/person\/0eb3e3fe1754f0205218538adbe8f5ed\"},\"breadcrumb\":{\"@id\":\"https:\/\/www.gaveanews.com\/index.php\/2025\/03\/28\/video-corinthians-provoca-palmeiras-apos-titulo-do-campeonato-paulista\/#breadcrumb\"},\"inLanguage\":\"pt-BR\",\"potentialAction\":[{\"@type\":\"ReadAction\",\"target\":[\"https:\/\/www.gaveanews.com\/index.php\/2025\/03\/28\/video-corinthians-provoca-palmeiras-apos-titulo-do-campeonato-paulista\/\"]}]},{\"@type\":\"ImageObject\",\"inLanguage\":\"pt-BR\",\"@id\":\"https:\/\/www.gaveanews.com\/index.php\/2025\/03\/28\/video-corinthians-provoca-palmeiras-apos-titulo-do-campeonato-paulista\/#primaryimage\",\"url\":\"https:\/\/www.gaveanews.com\/wp-content\/uploads\/Escudo-do-Corinthians-na-Neo-Quimica-Arena.webp\",\"contentUrl\":\"https:\/\/www.gaveanews.com\/wp-content\/uploads\/Escudo-do-Corinthians-na-Neo-Quimica-Arena.webp\",\"width\":1440,\"height\":959,\"caption\":\"Escudo do Corinthians na N\u00e9o Qu\u00edmica Arena (Foto Reprodu\u00e7\u00e3o\/Instagram)\"},{\"@type\":\"BreadcrumbList\",\"@id\":\"https:\/\/www.gaveanews.com\/index.php\/2025\/03\/28\/video-corinthians-provoca-palmeiras-apos-titulo-do-campeonato-paulista\/#breadcrumb\",\"itemListElement\":[{\"@type\":\"ListItem\",\"position\":1,\"name\":\"Home\",\"item\":\"https:\/\/www.gaveanews.com\/\"},{\"@type\":\"ListItem\",\"position\":2,\"name\":\"V\u00eddeo: Corinthians provoca Palmeiras ap\u00f3s t\u00edtulo do Campeonato Paulista\"}]},{\"@type\":\"WebSite\",\"@id\":\"https:\/\/www.gaveanews.com\/#website\",\"url\":\"https:\/\/www.gaveanews.com\/\",\"name\":\"G\u00e1vea News\",\"description\":\"Veja todas as not\u00edcias sobre o Flamengo: Contrata\u00e7\u00f5es, categorias de base, resultados das partidas, tabela de classifica\u00e7\u00e3o, pr\u00f3ximos jogos!\",\"potentialAction\":[{\"@type\":\"SearchAction\",\"target\":{\"@type\":\"EntryPoint\",\"urlTemplate\":\"https:\/\/www.gaveanews.com\/?s={search_term_string}\"},\"query-input\":{\"@type\":\"PropertyValueSpecification\",\"valueRequired\":true,\"valueName\":\"search_term_string\"}}],\"inLanguage\":\"pt-BR\"},{\"@type\":\"Person\",\"@id\":\"https:\/\/www.gaveanews.com\/#\/schema\/person\/0eb3e3fe1754f0205218538adbe8f5ed\",\"name\":\"Rafaela Ladeira\",\"image\":{\"@type\":\"ImageObject\",\"inLanguage\":\"pt-BR\",\"@id\":\"https:\/\/www.gaveanews.com\/#\/schema\/person\/image\/\",\"url\":\"https:\/\/secure.gravatar.com\/avatar\/c31f513acffd85eacab5730cbdfdbbf59f21ba5aeada8cd890acea879fbb2455?s=96&d=mm&r=g\",\"contentUrl\":\"https:\/\/secure.gravatar.com\/avatar\/c31f513acffd85eacab5730cbdfdbbf59f21ba5aeada8cd890acea879fbb2455?s=96&d=mm&r=g\",\"caption\":\"Rafaela Ladeira\"}}]}<\/script>\n<!-- \/ Yoast SEO Premium plugin. -->","yoast_head_json":{"title":"V\u00eddeo: Corinthians provoca Palmeiras ap\u00f3s t\u00edtulo do Campeonato Paulista","robots":{"index":"index","follow":"follow","max-snippet":"max-snippet:-1","max-image-preview":"max-image-preview:large","max-video-preview":"max-video-preview:-1"},"canonical":"https:\/\/www.gaveanews.com\/index.php\/2025\/03\/28\/video-corinthians-provoca-palmeiras-apos-titulo-do-campeonato-paulista\/","og_locale":"pt_BR","og_type":"article","og_title":"V\u00eddeo: Corinthians provoca Palmeiras ap\u00f3s t\u00edtulo do Campeonato Paulista","og_description":"O Corinthians n\u00e3o perdeu a oportunidade de provocar o Palmeiras logo ap\u00f3s conquistar o t\u00edtulo do Campeonato Paulista. Em uma final eletrizante, o Tim\u00e3o segurou o empate sem gols contra o Verd\u00e3o na Neo Qu\u00edmica Arena e, com isso, levantou seu 31\u00ba trof\u00e9u estadual.&nbsp; O clube alvinegro fez quest\u00e3o de brincar com o arquirrival nas [&hellip;]","og_url":"https:\/\/www.gaveanews.com\/index.php\/2025\/03\/28\/video-corinthians-provoca-palmeiras-apos-titulo-do-campeonato-paulista\/","og_site_name":"G\u00e1vea News","article_publisher":"https:\/\/facebook.com\/gaveaNews\/","article_published_time":"2025-03-28T14:50:00+00:00","og_image":[{"width":1440,"height":959,"url":"https:\/\/www.gaveanews.com\/wp-content\/uploads\/Escudo-do-Corinthians-na-Neo-Quimica-Arena.webp","type":"image\/jpeg"}],"author":"Rafaela Ladeira","twitter_card":"summary_large_image","twitter_misc":{"Escrito por":"Rafaela Ladeira","Est. tempo de leitura":"2 minutos"},"schema":{"@context":"https:\/\/schema.org","@graph":[{"@type":"NewsArticle","@id":"https:\/\/www.gaveanews.com\/index.php\/2025\/03\/28\/video-corinthians-provoca-palmeiras-apos-titulo-do-campeonato-paulista\/#article","isPartOf":{"@id":"https:\/\/www.gaveanews.com\/index.php\/2025\/03\/28\/video-corinthians-provoca-palmeiras-apos-titulo-do-campeonato-paulista\/"},"author":{"name":"Rafaela Ladeira","@id":"https:\/\/www.gaveanews.com\/#\/schema\/person\/0eb3e3fe1754f0205218538adbe8f5ed"},"headline":"V\u00eddeo: Corinthians provoca Palmeiras ap\u00f3s t\u00edtulo do Campeonato Paulista","datePublished":"2025-03-28T14:50:00+00:00","mainEntityOfPage":{"@id":"https:\/\/www.gaveanews.com\/index.php\/2025\/03\/28\/video-corinthians-provoca-palmeiras-apos-titulo-do-campeonato-paulista\/"},"wordCount":406,"commentCount":0,"image":{"@id":"https:\/\/www.gaveanews.com\/index.php\/2025\/03\/28\/video-corinthians-provoca-palmeiras-apos-titulo-do-campeonato-paulista\/#primaryimage"},"thumbnailUrl":"https:\/\/www.gaveanews.com\/wp-content\/uploads\/Escudo-do-Corinthians-na-Neo-Quimica-Arena.webp","articleSection":["Corinthians","Palmeiras"],"inLanguage":"pt-BR","potentialAction":[{"@type":"CommentAction","name":"Comment","target":["https:\/\/www.gaveanews.com\/index.php\/2025\/03\/28\/video-corinthians-provoca-palmeiras-apos-titulo-do-campeonato-paulista\/#respond"]}],"copyrightYear":"2025","copyrightHolder":{"@id":"https:\/\/www.gaveanews.com\/#organization"}},{"@type":"WebPage","@id":"https:\/\/www.gaveanews.com\/index.php\/2025\/03\/28\/video-corinthians-provoca-palmeiras-apos-titulo-do-campeonato-paulista\/","url":"https:\/\/www.gaveanews.com\/index.php\/2025\/03\/28\/video-corinthians-provoca-palmeiras-apos-titulo-do-campeonato-paulista\/","name":"V\u00eddeo: Corinthians provoca Palmeiras ap\u00f3s t\u00edtulo do Campeonato Paulista","isPartOf":{"@id":"https:\/\/www.gaveanews.com\/#website"},"primaryImageOfPage":{"@id":"https:\/\/www.gaveanews.com\/index.php\/2025\/03\/28\/video-corinthians-provoca-palmeiras-apos-titulo-do-campeonato-paulista\/#primaryimage"},"image":{"@id":"https:\/\/www.gaveanews.com\/index.php\/2025\/03\/28\/video-corinthians-provoca-palmeiras-apos-titulo-do-campeonato-paulista\/#primaryimage"},"thumbnailUrl":"https:\/\/www.gaveanews.com\/wp-content\/uploads\/Escudo-do-Corinthians-na-Neo-Quimica-Arena.webp","datePublished":"2025-03-28T14:50:00+00:00","author":{"@id":"https:\/\/www.gaveanews.com\/#\/schema\/person\/0eb3e3fe1754f0205218538adbe8f5ed"},"breadcrumb":{"@id":"https:\/\/www.gaveanews.com\/index.php\/2025\/03\/28\/video-corinthians-provoca-palmeiras-apos-titulo-do-campeonato-paulista\/#breadcrumb"},"inLanguage":"pt-BR","potentialAction":[{"@type":"ReadAction","target":["https:\/\/www.gaveanews.com\/index.php\/2025\/03\/28\/video-corinthians-provoca-palmeiras-apos-titulo-do-campeonato-paulista\/"]}]},{"@type":"ImageObject","inLanguage":"pt-BR","@id":"https:\/\/www.gaveanews.com\/index.php\/2025\/03\/28\/video-corinthians-provoca-palmeiras-apos-titulo-do-campeonato-paulista\/#primaryimage","url":"https:\/\/www.gaveanews.com\/wp-content\/uploads\/Escudo-do-Corinthians-na-Neo-Quimica-Arena.webp","contentUrl":"https:\/\/www.gaveanews.com\/wp-content\/uploads\/Escudo-do-Corinthians-na-Neo-Quimica-Arena.webp","width":1440,"height":959,"caption":"Escudo do Corinthians na N\u00e9o Qu\u00edmica Arena (Foto Reprodu\u00e7\u00e3o\/Instagram)"},{"@type":"BreadcrumbList","@id":"https:\/\/www.gaveanews.com\/index.php\/2025\/03\/28\/video-corinthians-provoca-palmeiras-apos-titulo-do-campeonato-paulista\/#breadcrumb","itemListElement":[{"@type":"ListItem","position":1,"name":"Home","item":"https:\/\/www.gaveanews.com\/"},{"@type":"ListItem","position":2,"name":"V\u00eddeo: Corinthians provoca Palmeiras ap\u00f3s t\u00edtulo do Campeonato Paulista"}]},{"@type":"WebSite","@id":"https:\/\/www.gaveanews.com\/#website","url":"https:\/\/www.gaveanews.com\/","name":"G\u00e1vea News","description":"Veja todas as not\u00edcias sobre o Flamengo: Contrata\u00e7\u00f5es, categorias de base, resultados das partidas, tabela de classifica\u00e7\u00e3o, pr\u00f3ximos jogos!","potentialAction":[{"@type":"SearchAction","target":{"@type":"EntryPoint","urlTemplate":"https:\/\/www.gaveanews.com\/?s={search_term_string}"},"query-input":{"@type":"PropertyValueSpecification","valueRequired":true,"valueName":"search_term_string"}}],"inLanguage":"pt-BR"},{"@type":"Person","@id":"https:\/\/www.gaveanews.com\/#\/schema\/person\/0eb3e3fe1754f0205218538adbe8f5ed","name":"Rafaela Ladeira","image":{"@type":"ImageObject","inLanguage":"pt-BR","@id":"https:\/\/www.gaveanews.com\/#\/schema\/person\/image\/","url":"https:\/\/secure.gravatar.com\/avatar\/c31f513acffd85eacab5730cbdfdbbf59f21ba5aeada8cd890acea879fbb2455?s=96&d=mm&r=g","contentUrl":"https:\/\/secure.gravatar.com\/avatar\/c31f513acffd85eacab5730cbdfdbbf59f21ba5aeada8cd890acea879fbb2455?s=96&d=mm&r=g","caption":"Rafaela Ladeira"}}]}},"_links":{"self":[{"href":"https:\/\/www.gaveanews.com\/index.php\/wp-json\/wp\/v2\/posts\/245934","targetHints":{"allow":["GET"]}}],"collection":[{"href":"https:\/\/www.gaveanews.com\/index.php\/wp-json\/wp\/v2\/posts"}],"about":[{"href":"https:\/\/www.gaveanews.com\/index.php\/wp-json\/wp\/v2\/types\/post"}],"author":[{"embeddable":true,"href":"https:\/\/www.gaveanews.com\/index.php\/wp-json\/wp\/v2\/users\/25"}],"replies":[{"embeddable":true,"href":"https:\/\/www.gaveanews.com\/index.php\/wp-json\/wp\/v2\/comments?post=245934"}],"version-history":[{"count":1,"href":"https:\/\/www.gaveanews.com\/index.php\/wp-json\/wp\/v2\/posts\/245934\/revisions"}],"predecessor-version":[{"id":245938,"href":"https:\/\/www.gaveanews.com\/index.php\/wp-json\/wp\/v2\/posts\/245934\/revisions\/245938"}],"wp:featuredmedia":[{"embeddable":true,"href":"https:\/\/www.gaveanews.com\/index.php\/wp-json\/wp\/v2\/media\/154473"}],"wp:attachment":[{"href":"https:\/\/www.gaveanews.com\/index.php\/wp-json\/wp\/v2\/media?parent=245934"}],"wp:term":[{"taxonomy":"category","embeddable":true,"href":"https:\/\/www.gaveanews.com\/index.php\/wp-json\/wp\/v2\/categories?post=245934"},{"taxonomy":"post_tag","embeddable":true,"href":"https:\/\/www.gaveanews.com\/index.php\/wp-json\/wp\/v2\/tags?post=245934"}],"curies":[{"name":"wp","href":"https:\/\/api.w.org\/{rel}","templated":true}]}}