{"id":246039,"date":"2025-03-28T16:35:00","date_gmt":"2025-03-28T19:35:00","guid":{"rendered":"https:\/\/www.gaveanews.com\/?p=246039"},"modified":"2025-03-28T15:20:26","modified_gmt":"2025-03-28T18:20:26","slug":"corinthians-x-palmeiras-sumula-explica-expulsao-de-abel-ferreira-na-final-do-paulista","status":"publish","type":"post","link":"https:\/\/www.gaveanews.com\/index.php\/2025\/03\/28\/corinthians-x-palmeiras-sumula-explica-expulsao-de-abel-ferreira-na-final-do-paulista\/","title":{"rendered":"Corinthians x Palmeiras: s\u00famula explica expuls\u00e3o de Abel Ferreira na final do Paulista"},"content":{"rendered":"\n<p>A final do Campeonato Paulista 2025 entre Corinthians e Palmeiras, disputada na \u00faltima quinta-feira (27) na Neo Qu\u00edmica Arena, foi marcada por pol\u00eamicas dentro e fora de campo. O t\u00e9cnico palmeirense Abel Ferreira foi expulso ap\u00f3s protestar veementemente contra a arbitragem no momento em que o \u00e1rbitro Matheus Delgado Candan\u00e7an marcou um p\u00eanalti para o Palmeiras em falta sobre Vitor Roque.<\/p>\n\n\n\n<p>Segundo consta na s\u00famula a causa da expuls\u00e3o se deu por &#8220;dirigir-se ao \u00e1rbitro com as palavras: Voc\u00eas t\u00eam que ver direito, \u00e9 tudo contra n\u00f3s. Isso \u00e9 um absurdo. Tais a roubar\u201d. <\/p>\n\n\n\n<p>O lance que originou o p\u00eanalti no atacante gerou revolta no banco de reservas do time alviverde. Abel, conhecido por seu estilo en\u00e9rgico \u00e0 beira do campo, reclamou de forma intensa e acabou recebendo o cart\u00e3o vermelho. Na sequ\u00eancia, o goleiro Hugo defendeu a cobran\u00e7a de Raphel Veiga e manteve o Corinthians vivo na disputa &#8211; que sagrou-se campe\u00e3o pela vantagem do empate, conquistada no jogo de ida. <\/p>\n\n\n\n<p>Ap\u00f3s a partida, Abel Ferreira evitou declara\u00e7\u00f5es pol\u00eamicas, mas deixou clara sua insatisfa\u00e7\u00e3o com a condu\u00e7\u00e3o da arbitragem ao longo do campeonato.<\/p>\n\n\n\n<h2 class=\"wp-block-heading\" id=\"h-mais-relatos-na-sumula\">Mais relatos na s\u00famula<\/h2>\n\n\n\n<p>O \u00e1rbitro destacou que, aos 74 minutos, um chinelo foi arremessado em dire\u00e7\u00e3o ao local de aquecimento da equipe do Alviverde, vindo da \u00e1rea ocupada pela torcida corintiana. J\u00e1 aos 101 minutos, o Derby foi novamente paralisado devido ao lan\u00e7amento de fogos de artif\u00edcio no campo, tamb\u00e9m oriundos das arquibancadas. Al\u00e9m disso, nos instantes finais da decis\u00e3o, sinalizadores foram acesos e alguns arremessados em dire\u00e7\u00e3o aos jogadores. <\/p>\n\n\n\n<h2 class=\"wp-block-heading\" id=\"h-confusao-generalizada\">Confus\u00e3o generalizada<\/h2>\n\n\n\n<p>Um lance envolvendo Memphis Depay, pr\u00f3ximo \u00e0 bandeira de escanteio, causou novo tumulto na partida. Ap\u00f3s o holand\u00eas pisar na bola num lance que recordou Soteldo contra o Vasco, jogadores dos dois times iniciaram uma confus\u00e3o generalizada. O meia Mart\u00ednez, do Corinthians, acabou expulso por desferir um tapa no rosto do goleiro Marcelo Lomba, que revidou com um chute no quadril do corintiano. <\/p>\n\n\n\n<h2 class=\"wp-block-heading\" id=\"h-corinthians-campeao\">Corinthians campe\u00e3o<\/h2>\n\n\n\n<p>O Corinthians conquistou o Campeonato Paulista 2025 na noite de quinta-feira (27), ao empatar sem gols com o Palmeiras na Neo Qu\u00edmica Arena, em S\u00e3o Paulo. Com a vantagem ap\u00f3s vencer o primeiro jogo por 1 a 0, o time alvinegro confirmou o 31\u00ba estadual de sua hist\u00f3ria.<\/p>\n\n\n\n<p>Para al\u00e9m do p\u00eanalti, chance mais clara do Alviverde na partida, o time de Abel pressionou, mas esbarrou na solidez defensiva corintiana.  O duelo sem gols selou o t\u00edtulo para o Corinthians, que interrompeu um jejum de seis anos sem conquistas estaduais.<\/p>\n","protected":false},"excerpt":{"rendered":"<p>A final do Campeonato Paulista 2025 entre Corinthians e Palmeiras, disputada na \u00faltima quinta-feira (27) na Neo Qu\u00edmica Arena, foi marcada por pol\u00eamicas dentro e fora de campo. O t\u00e9cnico palmeirense Abel Ferreira foi expulso ap\u00f3s protestar veementemente contra a arbitragem no momento em que o \u00e1rbitro Matheus Delgado Candan\u00e7an marcou um p\u00eanalti para o [&hellip;]<\/p>\n","protected":false},"author":30,"featured_media":157845,"comment_status":"open","ping_status":"closed","sticky":false,"template":"","format":"standard","meta":{"footnotes":""},"categories":[141,150],"tags":[],"class_list":["post-246039","post","type-post","status-publish","format-standard","has-post-thumbnail","hentry","category-corinthians","category-palmeiras"],"yoast_head":"<!-- This site is optimized with the Yoast SEO Premium plugin v24.2 (Yoast SEO v26.9) - https:\/\/yoast.com\/product\/yoast-seo-premium-wordpress\/ -->\n<title>Corinthians x Palmeiras: s\u00famula explica expuls\u00e3o de Abel Ferreira na final do Paulista<\/title>\n<meta name=\"robots\" content=\"index, follow, max-snippet:-1, max-image-preview:large, max-video-preview:-1\" \/>\n<link rel=\"canonical\" href=\"https:\/\/www.gaveanews.com\/index.php\/2025\/03\/28\/corinthians-x-palmeiras-sumula-explica-expulsao-de-abel-ferreira-na-final-do-paulista\/\" \/>\n<meta property=\"og:locale\" content=\"pt_BR\" \/>\n<meta property=\"og:type\" content=\"article\" \/>\n<meta property=\"og:title\" content=\"Corinthians x Palmeiras: s\u00famula explica expuls\u00e3o de Abel Ferreira na final do Paulista\" \/>\n<meta property=\"og:description\" content=\"A final do Campeonato Paulista 2025 entre Corinthians e Palmeiras, disputada na \u00faltima quinta-feira (27) na Neo Qu\u00edmica Arena, foi marcada por pol\u00eamicas dentro e fora de campo. O t\u00e9cnico palmeirense Abel Ferreira foi expulso ap\u00f3s protestar veementemente contra a arbitragem no momento em que o \u00e1rbitro Matheus Delgado Candan\u00e7an marcou um p\u00eanalti para o [&hellip;]\" \/>\n<meta property=\"og:url\" content=\"https:\/\/www.gaveanews.com\/index.php\/2025\/03\/28\/corinthians-x-palmeiras-sumula-explica-expulsao-de-abel-ferreira-na-final-do-paulista\/\" \/>\n<meta property=\"og:site_name\" content=\"G\u00e1vea News\" \/>\n<meta property=\"article:publisher\" content=\"https:\/\/facebook.com\/gaveaNews\/\" \/>\n<meta property=\"article:published_time\" content=\"2025-03-28T19:35:00+00:00\" \/>\n<meta property=\"og:image\" content=\"https:\/\/www.gaveanews.com\/wp-content\/uploads\/Abel-Ferreira-e-fotografado-passando-instrucoes-durante-um-jogo-do-Palmeiras.webp\" \/>\n\t<meta property=\"og:image:width\" content=\"1500\" \/>\n\t<meta property=\"og:image:height\" content=\"844\" \/>\n\t<meta property=\"og:image:type\" content=\"image\/jpeg\" \/>\n<meta name=\"author\" content=\"Ana Teixeira\" \/>\n<meta name=\"twitter:card\" content=\"summary_large_image\" \/>\n<meta name=\"twitter:label1\" content=\"Escrito por\" \/>\n\t<meta name=\"twitter:data1\" content=\"Ana Teixeira\" \/>\n\t<meta name=\"twitter:label2\" content=\"Est. tempo de leitura\" \/>\n\t<meta name=\"twitter:data2\" content=\"3 minutos\" \/>\n<script type=\"application\/ld+json\" class=\"yoast-schema-graph\">{\"@context\":\"https:\/\/schema.org\",\"@graph\":[{\"@type\":\"NewsArticle\",\"@id\":\"https:\/\/www.gaveanews.com\/index.php\/2025\/03\/28\/corinthians-x-palmeiras-sumula-explica-expulsao-de-abel-ferreira-na-final-do-paulista\/#article\",\"isPartOf\":{\"@id\":\"https:\/\/www.gaveanews.com\/index.php\/2025\/03\/28\/corinthians-x-palmeiras-sumula-explica-expulsao-de-abel-ferreira-na-final-do-paulista\/\"},\"author\":{\"name\":\"Ana Teixeira\",\"@id\":\"https:\/\/www.gaveanews.com\/#\/schema\/person\/3b19f7288b0ce20372991275e4f2e6c2\"},\"headline\":\"Corinthians x Palmeiras: s\u00famula explica expuls\u00e3o de Abel Ferreira na final do Paulista\",\"datePublished\":\"2025-03-28T19:35:00+00:00\",\"mainEntityOfPage\":{\"@id\":\"https:\/\/www.gaveanews.com\/index.php\/2025\/03\/28\/corinthians-x-palmeiras-sumula-explica-expulsao-de-abel-ferreira-na-final-do-paulista\/\"},\"wordCount\":458,\"commentCount\":0,\"image\":{\"@id\":\"https:\/\/www.gaveanews.com\/index.php\/2025\/03\/28\/corinthians-x-palmeiras-sumula-explica-expulsao-de-abel-ferreira-na-final-do-paulista\/#primaryimage\"},\"thumbnailUrl\":\"https:\/\/www.gaveanews.com\/wp-content\/uploads\/Abel-Ferreira-e-fotografado-passando-instrucoes-durante-um-jogo-do-Palmeiras.webp\",\"articleSection\":[\"Corinthians\",\"Palmeiras\"],\"inLanguage\":\"pt-BR\",\"potentialAction\":[{\"@type\":\"CommentAction\",\"name\":\"Comment\",\"target\":[\"https:\/\/www.gaveanews.com\/index.php\/2025\/03\/28\/corinthians-x-palmeiras-sumula-explica-expulsao-de-abel-ferreira-na-final-do-paulista\/#respond\"]}],\"copyrightYear\":\"2025\",\"copyrightHolder\":{\"@id\":\"https:\/\/www.gaveanews.com\/#organization\"}},{\"@type\":\"WebPage\",\"@id\":\"https:\/\/www.gaveanews.com\/index.php\/2025\/03\/28\/corinthians-x-palmeiras-sumula-explica-expulsao-de-abel-ferreira-na-final-do-paulista\/\",\"url\":\"https:\/\/www.gaveanews.com\/index.php\/2025\/03\/28\/corinthians-x-palmeiras-sumula-explica-expulsao-de-abel-ferreira-na-final-do-paulista\/\",\"name\":\"Corinthians x Palmeiras: s\u00famula explica expuls\u00e3o de Abel Ferreira na final do Paulista\",\"isPartOf\":{\"@id\":\"https:\/\/www.gaveanews.com\/#website\"},\"primaryImageOfPage\":{\"@id\":\"https:\/\/www.gaveanews.com\/index.php\/2025\/03\/28\/corinthians-x-palmeiras-sumula-explica-expulsao-de-abel-ferreira-na-final-do-paulista\/#primaryimage\"},\"image\":{\"@id\":\"https:\/\/www.gaveanews.com\/index.php\/2025\/03\/28\/corinthians-x-palmeiras-sumula-explica-expulsao-de-abel-ferreira-na-final-do-paulista\/#primaryimage\"},\"thumbnailUrl\":\"https:\/\/www.gaveanews.com\/wp-content\/uploads\/Abel-Ferreira-e-fotografado-passando-instrucoes-durante-um-jogo-do-Palmeiras.webp\",\"datePublished\":\"2025-03-28T19:35:00+00:00\",\"author\":{\"@id\":\"https:\/\/www.gaveanews.com\/#\/schema\/person\/3b19f7288b0ce20372991275e4f2e6c2\"},\"breadcrumb\":{\"@id\":\"https:\/\/www.gaveanews.com\/index.php\/2025\/03\/28\/corinthians-x-palmeiras-sumula-explica-expulsao-de-abel-ferreira-na-final-do-paulista\/#breadcrumb\"},\"inLanguage\":\"pt-BR\",\"potentialAction\":[{\"@type\":\"ReadAction\",\"target\":[\"https:\/\/www.gaveanews.com\/index.php\/2025\/03\/28\/corinthians-x-palmeiras-sumula-explica-expulsao-de-abel-ferreira-na-final-do-paulista\/\"]}]},{\"@type\":\"ImageObject\",\"inLanguage\":\"pt-BR\",\"@id\":\"https:\/\/www.gaveanews.com\/index.php\/2025\/03\/28\/corinthians-x-palmeiras-sumula-explica-expulsao-de-abel-ferreira-na-final-do-paulista\/#primaryimage\",\"url\":\"https:\/\/www.gaveanews.com\/wp-content\/uploads\/Abel-Ferreira-e-fotografado-passando-instrucoes-durante-um-jogo-do-Palmeiras.webp\",\"contentUrl\":\"https:\/\/www.gaveanews.com\/wp-content\/uploads\/Abel-Ferreira-e-fotografado-passando-instrucoes-durante-um-jogo-do-Palmeiras.webp\",\"width\":1500,\"height\":844,\"caption\":\"Abel Ferreira \u00e9 fotografado passando instru\u00e7\u00f5es durante um jogo do Palmeiras (Foto: Cesar Greco\/Palmeiras)\"},{\"@type\":\"BreadcrumbList\",\"@id\":\"https:\/\/www.gaveanews.com\/index.php\/2025\/03\/28\/corinthians-x-palmeiras-sumula-explica-expulsao-de-abel-ferreira-na-final-do-paulista\/#breadcrumb\",\"itemListElement\":[{\"@type\":\"ListItem\",\"position\":1,\"name\":\"Home\",\"item\":\"https:\/\/www.gaveanews.com\/\"},{\"@type\":\"ListItem\",\"position\":2,\"name\":\"Corinthians x Palmeiras: s\u00famula explica expuls\u00e3o de Abel Ferreira na final do Paulista\"}]},{\"@type\":\"WebSite\",\"@id\":\"https:\/\/www.gaveanews.com\/#website\",\"url\":\"https:\/\/www.gaveanews.com\/\",\"name\":\"G\u00e1vea News\",\"description\":\"Veja todas as not\u00edcias sobre o Flamengo: Contrata\u00e7\u00f5es, categorias de base, resultados das partidas, tabela de classifica\u00e7\u00e3o, pr\u00f3ximos jogos!\",\"potentialAction\":[{\"@type\":\"SearchAction\",\"target\":{\"@type\":\"EntryPoint\",\"urlTemplate\":\"https:\/\/www.gaveanews.com\/?s={search_term_string}\"},\"query-input\":{\"@type\":\"PropertyValueSpecification\",\"valueRequired\":true,\"valueName\":\"search_term_string\"}}],\"inLanguage\":\"pt-BR\"},{\"@type\":\"Person\",\"@id\":\"https:\/\/www.gaveanews.com\/#\/schema\/person\/3b19f7288b0ce20372991275e4f2e6c2\",\"name\":\"Ana Teixeira\",\"image\":{\"@type\":\"ImageObject\",\"inLanguage\":\"pt-BR\",\"@id\":\"https:\/\/www.gaveanews.com\/#\/schema\/person\/image\/\",\"url\":\"https:\/\/secure.gravatar.com\/avatar\/0a73f5a5258f3fed37fc2fa641892f3f7a4748456d4d4792f9bc550e6c19e06c?s=96&d=mm&r=g\",\"contentUrl\":\"https:\/\/secure.gravatar.com\/avatar\/0a73f5a5258f3fed37fc2fa641892f3f7a4748456d4d4792f9bc550e6c19e06c?s=96&d=mm&r=g\",\"caption\":\"Ana Teixeira\"}}]}<\/script>\n<!-- \/ Yoast SEO Premium plugin. -->","yoast_head_json":{"title":"Corinthians x Palmeiras: s\u00famula explica expuls\u00e3o de Abel Ferreira na final do Paulista","robots":{"index":"index","follow":"follow","max-snippet":"max-snippet:-1","max-image-preview":"max-image-preview:large","max-video-preview":"max-video-preview:-1"},"canonical":"https:\/\/www.gaveanews.com\/index.php\/2025\/03\/28\/corinthians-x-palmeiras-sumula-explica-expulsao-de-abel-ferreira-na-final-do-paulista\/","og_locale":"pt_BR","og_type":"article","og_title":"Corinthians x Palmeiras: s\u00famula explica expuls\u00e3o de Abel Ferreira na final do Paulista","og_description":"A final do Campeonato Paulista 2025 entre Corinthians e Palmeiras, disputada na \u00faltima quinta-feira (27) na Neo Qu\u00edmica Arena, foi marcada por pol\u00eamicas dentro e fora de campo. O t\u00e9cnico palmeirense Abel Ferreira foi expulso ap\u00f3s protestar veementemente contra a arbitragem no momento em que o \u00e1rbitro Matheus Delgado Candan\u00e7an marcou um p\u00eanalti para o [&hellip;]","og_url":"https:\/\/www.gaveanews.com\/index.php\/2025\/03\/28\/corinthians-x-palmeiras-sumula-explica-expulsao-de-abel-ferreira-na-final-do-paulista\/","og_site_name":"G\u00e1vea News","article_publisher":"https:\/\/facebook.com\/gaveaNews\/","article_published_time":"2025-03-28T19:35:00+00:00","og_image":[{"width":1500,"height":844,"url":"https:\/\/www.gaveanews.com\/wp-content\/uploads\/Abel-Ferreira-e-fotografado-passando-instrucoes-durante-um-jogo-do-Palmeiras.webp","type":"image\/jpeg"}],"author":"Ana Teixeira","twitter_card":"summary_large_image","twitter_misc":{"Escrito por":"Ana Teixeira","Est. tempo de leitura":"3 minutos"},"schema":{"@context":"https:\/\/schema.org","@graph":[{"@type":"NewsArticle","@id":"https:\/\/www.gaveanews.com\/index.php\/2025\/03\/28\/corinthians-x-palmeiras-sumula-explica-expulsao-de-abel-ferreira-na-final-do-paulista\/#article","isPartOf":{"@id":"https:\/\/www.gaveanews.com\/index.php\/2025\/03\/28\/corinthians-x-palmeiras-sumula-explica-expulsao-de-abel-ferreira-na-final-do-paulista\/"},"author":{"name":"Ana Teixeira","@id":"https:\/\/www.gaveanews.com\/#\/schema\/person\/3b19f7288b0ce20372991275e4f2e6c2"},"headline":"Corinthians x Palmeiras: s\u00famula explica expuls\u00e3o de Abel Ferreira na final do Paulista","datePublished":"2025-03-28T19:35:00+00:00","mainEntityOfPage":{"@id":"https:\/\/www.gaveanews.com\/index.php\/2025\/03\/28\/corinthians-x-palmeiras-sumula-explica-expulsao-de-abel-ferreira-na-final-do-paulista\/"},"wordCount":458,"commentCount":0,"image":{"@id":"https:\/\/www.gaveanews.com\/index.php\/2025\/03\/28\/corinthians-x-palmeiras-sumula-explica-expulsao-de-abel-ferreira-na-final-do-paulista\/#primaryimage"},"thumbnailUrl":"https:\/\/www.gaveanews.com\/wp-content\/uploads\/Abel-Ferreira-e-fotografado-passando-instrucoes-durante-um-jogo-do-Palmeiras.webp","articleSection":["Corinthians","Palmeiras"],"inLanguage":"pt-BR","potentialAction":[{"@type":"CommentAction","name":"Comment","target":["https:\/\/www.gaveanews.com\/index.php\/2025\/03\/28\/corinthians-x-palmeiras-sumula-explica-expulsao-de-abel-ferreira-na-final-do-paulista\/#respond"]}],"copyrightYear":"2025","copyrightHolder":{"@id":"https:\/\/www.gaveanews.com\/#organization"}},{"@type":"WebPage","@id":"https:\/\/www.gaveanews.com\/index.php\/2025\/03\/28\/corinthians-x-palmeiras-sumula-explica-expulsao-de-abel-ferreira-na-final-do-paulista\/","url":"https:\/\/www.gaveanews.com\/index.php\/2025\/03\/28\/corinthians-x-palmeiras-sumula-explica-expulsao-de-abel-ferreira-na-final-do-paulista\/","name":"Corinthians x Palmeiras: s\u00famula explica expuls\u00e3o de Abel Ferreira na final do Paulista","isPartOf":{"@id":"https:\/\/www.gaveanews.com\/#website"},"primaryImageOfPage":{"@id":"https:\/\/www.gaveanews.com\/index.php\/2025\/03\/28\/corinthians-x-palmeiras-sumula-explica-expulsao-de-abel-ferreira-na-final-do-paulista\/#primaryimage"},"image":{"@id":"https:\/\/www.gaveanews.com\/index.php\/2025\/03\/28\/corinthians-x-palmeiras-sumula-explica-expulsao-de-abel-ferreira-na-final-do-paulista\/#primaryimage"},"thumbnailUrl":"https:\/\/www.gaveanews.com\/wp-content\/uploads\/Abel-Ferreira-e-fotografado-passando-instrucoes-durante-um-jogo-do-Palmeiras.webp","datePublished":"2025-03-28T19:35:00+00:00","author":{"@id":"https:\/\/www.gaveanews.com\/#\/schema\/person\/3b19f7288b0ce20372991275e4f2e6c2"},"breadcrumb":{"@id":"https:\/\/www.gaveanews.com\/index.php\/2025\/03\/28\/corinthians-x-palmeiras-sumula-explica-expulsao-de-abel-ferreira-na-final-do-paulista\/#breadcrumb"},"inLanguage":"pt-BR","potentialAction":[{"@type":"ReadAction","target":["https:\/\/www.gaveanews.com\/index.php\/2025\/03\/28\/corinthians-x-palmeiras-sumula-explica-expulsao-de-abel-ferreira-na-final-do-paulista\/"]}]},{"@type":"ImageObject","inLanguage":"pt-BR","@id":"https:\/\/www.gaveanews.com\/index.php\/2025\/03\/28\/corinthians-x-palmeiras-sumula-explica-expulsao-de-abel-ferreira-na-final-do-paulista\/#primaryimage","url":"https:\/\/www.gaveanews.com\/wp-content\/uploads\/Abel-Ferreira-e-fotografado-passando-instrucoes-durante-um-jogo-do-Palmeiras.webp","contentUrl":"https:\/\/www.gaveanews.com\/wp-content\/uploads\/Abel-Ferreira-e-fotografado-passando-instrucoes-durante-um-jogo-do-Palmeiras.webp","width":1500,"height":844,"caption":"Abel Ferreira \u00e9 fotografado passando instru\u00e7\u00f5es durante um jogo do Palmeiras (Foto: Cesar Greco\/Palmeiras)"},{"@type":"BreadcrumbList","@id":"https:\/\/www.gaveanews.com\/index.php\/2025\/03\/28\/corinthians-x-palmeiras-sumula-explica-expulsao-de-abel-ferreira-na-final-do-paulista\/#breadcrumb","itemListElement":[{"@type":"ListItem","position":1,"name":"Home","item":"https:\/\/www.gaveanews.com\/"},{"@type":"ListItem","position":2,"name":"Corinthians x Palmeiras: s\u00famula explica expuls\u00e3o de Abel Ferreira na final do Paulista"}]},{"@type":"WebSite","@id":"https:\/\/www.gaveanews.com\/#website","url":"https:\/\/www.gaveanews.com\/","name":"G\u00e1vea News","description":"Veja todas as not\u00edcias sobre o Flamengo: Contrata\u00e7\u00f5es, categorias de base, resultados das partidas, tabela de classifica\u00e7\u00e3o, pr\u00f3ximos jogos!","potentialAction":[{"@type":"SearchAction","target":{"@type":"EntryPoint","urlTemplate":"https:\/\/www.gaveanews.com\/?s={search_term_string}"},"query-input":{"@type":"PropertyValueSpecification","valueRequired":true,"valueName":"search_term_string"}}],"inLanguage":"pt-BR"},{"@type":"Person","@id":"https:\/\/www.gaveanews.com\/#\/schema\/person\/3b19f7288b0ce20372991275e4f2e6c2","name":"Ana Teixeira","image":{"@type":"ImageObject","inLanguage":"pt-BR","@id":"https:\/\/www.gaveanews.com\/#\/schema\/person\/image\/","url":"https:\/\/secure.gravatar.com\/avatar\/0a73f5a5258f3fed37fc2fa641892f3f7a4748456d4d4792f9bc550e6c19e06c?s=96&d=mm&r=g","contentUrl":"https:\/\/secure.gravatar.com\/avatar\/0a73f5a5258f3fed37fc2fa641892f3f7a4748456d4d4792f9bc550e6c19e06c?s=96&d=mm&r=g","caption":"Ana Teixeira"}}]}},"_links":{"self":[{"href":"https:\/\/www.gaveanews.com\/index.php\/wp-json\/wp\/v2\/posts\/246039","targetHints":{"allow":["GET"]}}],"collection":[{"href":"https:\/\/www.gaveanews.com\/index.php\/wp-json\/wp\/v2\/posts"}],"about":[{"href":"https:\/\/www.gaveanews.com\/index.php\/wp-json\/wp\/v2\/types\/post"}],"author":[{"embeddable":true,"href":"https:\/\/www.gaveanews.com\/index.php\/wp-json\/wp\/v2\/users\/30"}],"replies":[{"embeddable":true,"href":"https:\/\/www.gaveanews.com\/index.php\/wp-json\/wp\/v2\/comments?post=246039"}],"version-history":[{"count":1,"href":"https:\/\/www.gaveanews.com\/index.php\/wp-json\/wp\/v2\/posts\/246039\/revisions"}],"predecessor-version":[{"id":246057,"href":"https:\/\/www.gaveanews.com\/index.php\/wp-json\/wp\/v2\/posts\/246039\/revisions\/246057"}],"wp:featuredmedia":[{"embeddable":true,"href":"https:\/\/www.gaveanews.com\/index.php\/wp-json\/wp\/v2\/media\/157845"}],"wp:attachment":[{"href":"https:\/\/www.gaveanews.com\/index.php\/wp-json\/wp\/v2\/media?parent=246039"}],"wp:term":[{"taxonomy":"category","embeddable":true,"href":"https:\/\/www.gaveanews.com\/index.php\/wp-json\/wp\/v2\/categories?post=246039"},{"taxonomy":"post_tag","embeddable":true,"href":"https:\/\/www.gaveanews.com\/index.php\/wp-json\/wp\/v2\/tags?post=246039"}],"curies":[{"name":"wp","href":"https:\/\/api.w.org\/{rel}","templated":true}]}}