{"id":246043,"date":"2025-03-28T17:00:00","date_gmt":"2025-03-28T20:00:00","guid":{"rendered":"https:\/\/www.gaveanews.com\/?p=246043"},"modified":"2025-03-28T15:20:15","modified_gmt":"2025-03-28T18:20:15","slug":"flamengo-recua-sobre-o-estadio-verdade-sobre-de-la-cruz-e-revelada-e-recado-de-cafu-para-filipe-luis-as-ultimas-noticias-do-mais-querido","status":"publish","type":"post","link":"https:\/\/www.gaveanews.com\/index.php\/2025\/03\/28\/flamengo-recua-sobre-o-estadio-verdade-sobre-de-la-cruz-e-revelada-e-recado-de-cafu-para-filipe-luis-as-ultimas-noticias-do-mais-querido\/","title":{"rendered":"Flamengo recua sobre o est\u00e1dio, verdade sobre De La Cruz \u00e9 revelada e recado de Cafu para Filipe Lu\u00eds: as \u00faltimas not\u00edcias do Mais Querido"},"content":{"rendered":"\n<p>Nas \u00faltimas horas, o foco das not\u00edcias sobre o Flamengo se concentram nos bastidores do clube, com destaques do dia a dia do time.<\/p>\n\n\n\n<p>Por conta deste contexto, leia abaixo um resumo preparado pela equipe do portal G\u00e1vea News para lhe manter muito bem informado!<\/p>\n\n\n\n<div class=\"wp-block-group\"><div class=\"wp-block-group__inner-container is-layout-constrained wp-block-group-is-layout-constrained\">\n<h2 class=\"wp-block-heading\" id=\"h-recado-de-cafu-para-filipe-luis\">Recado de Cafu para Filipe Lu\u00eds<\/h2>\n\n\n\n<p>O ex-lateral Cafu, capit\u00e3o do pentacampeonato mundial, demonstrou apoio p\u00fablico \u00e0 perman\u00eancia de Dorival J\u00fanior no comando da Sele\u00e7\u00e3o Brasileira. Em entrevista, o \u00eddolo ressaltou a import\u00e2ncia de estabilidade no momento atual, com foco na prepara\u00e7\u00e3o para a Copa do Mundo de 2026. Cafu argumenta que uma eventual mudan\u00e7a de t\u00e9cnico agora poderia comprometer o planejamento e classificou qualquer tentativa de troca como precipitada<strong><a href=\"https:\/\/www.gaveanews.com\/index.php\/2025\/03\/25\/a-declaracao-de-cafu-direcionada-a-filipe-luis-do-flamengo\/\"> (leia a mat\u00e9ria completa).<\/a><\/strong><\/p>\n\n\n\n<figure class=\"wp-block-image size-large\"><img loading=\"lazy\" decoding=\"async\" width=\"1024\" height=\"683\" src=\"http:\/\/www.gaveanews.com\/wp-content\/uploads\/Filipe-Luis-como-tecnico-do-Flamengo-em-2024-1024x683.webp\" alt=\"\" class=\"wp-image-171213\" srcset=\"https:\/\/www.gaveanews.com\/wp-content\/uploads\/Filipe-Luis-como-tecnico-do-Flamengo-em-2024-1024x683.webp 1024w, https:\/\/www.gaveanews.com\/wp-content\/uploads\/Filipe-Luis-como-tecnico-do-Flamengo-em-2024-300x200.webp 300w, https:\/\/www.gaveanews.com\/wp-content\/uploads\/Filipe-Luis-como-tecnico-do-Flamengo-em-2024-768x512.webp 768w, https:\/\/www.gaveanews.com\/wp-content\/uploads\/Filipe-Luis-como-tecnico-do-Flamengo-em-2024-630x420.webp 630w, https:\/\/www.gaveanews.com\/wp-content\/uploads\/Filipe-Luis-como-tecnico-do-Flamengo-em-2024-640x427.webp 640w, https:\/\/www.gaveanews.com\/wp-content\/uploads\/Filipe-Luis-como-tecnico-do-Flamengo-em-2024-681x454.webp 681w, https:\/\/www.gaveanews.com\/wp-content\/uploads\/Filipe-Luis-como-tecnico-do-Flamengo-em-2024-100x67.webp 100w, https:\/\/www.gaveanews.com\/wp-content\/uploads\/Filipe-Luis-como-tecnico-do-Flamengo-em-2024.webp 1065w\" sizes=\"auto, (max-width: 1024px) 100vw, 1024px\" \/><figcaption class=\"wp-element-caption\">Filipe Lu\u00eds como t\u00e9cnico do Flamengo em 2024 (Foto: Gilvan de Souza e Marcelo Cortes \/ CRF)<\/figcaption><\/figure>\n\n\n\n<p>Ainda que respeite os profissionais estrangeiros, Cafu refor\u00e7ou a necessidade de manter a identidade brasileira tamb\u00e9m fora das quatro linhas. <\/p>\n\n\n\n<p>Ele defende que o t\u00e9cnico da Sele\u00e7\u00e3o seja nacional, considerando que treinadores de fora recebem menos cr\u00edticas em cen\u00e1rios similares. Sua cr\u00edtica aponta para um desequil\u00edbrio no tratamento dado aos profissionais brasileiros, especialmente em momentos de press\u00e3o ou transi\u00e7\u00e3o.<\/p>\n\n\n\n<p>Por fim, ao comentar sobre o elenco atual, Cafu demonstrou confian\u00e7a no talento da nova gera\u00e7\u00e3o de jogadores. Ele citou nomes como Neymar, Vin\u00edcius J\u00fanior e Rodrygo, mas frisou que a Sele\u00e7\u00e3o precisa consolidar um padr\u00e3o t\u00e1tico para ter sucesso. Com isso, refor\u00e7a sua vis\u00e3o de que continuidade e consist\u00eancia s\u00e3o fundamentais para alcan\u00e7ar bons resultados no Mundial.<\/p>\n\n\n\n<h2 class=\"wp-block-heading\" id=\"h-verdade-sobre-de-la-cruz-e-revelada\">Verdade sobre De La Cruz \u00e9 revelada<\/h2>\n\n\n\n<p>O corte inesperado de Nicol\u00e1s De La Cruz da sele\u00e7\u00e3o uruguaia gerou grande repercuss\u00e3o entre os torcedores. A princ\u00edpio, muitos acreditavam que a aus\u00eancia do meio-campista se devia \u00e0 decis\u00e3o de poup\u00e1-lo da altitude de El Alto, na Bol\u00edvia. No entanto, novos relatos revelaram um conflito entre o jogador do Flamengo e Jorge Giordano, diretor de sele\u00e7\u00f5es do Uruguai, como o verdadeiro motivo da dispensa. De La Cruz, que havia atuado normalmente contra a Argentina, retorna ao Rubro-Negro e j\u00e1 est\u00e1 dispon\u00edvel para a estreia no Campeonato Brasileiro <strong><a href=\"https:\/\/www.gaveanews.com\/index.php\/2025\/03\/25\/flamengo-veja-o-verdadeiro-motivo-que-fez-de-la-cruz-ser-cortado-da-selecao\/\">(leia a mat\u00e9ria completa).<\/a><\/strong><\/p>\n\n\n\n<figure class=\"wp-block-image size-full\"><img loading=\"lazy\" decoding=\"async\" width=\"1000\" height=\"666\" src=\"http:\/\/www.gaveanews.com\/wp-content\/uploads\/de-la-cruz-1.webp\" alt=\"\" class=\"wp-image-121169\" srcset=\"https:\/\/www.gaveanews.com\/wp-content\/uploads\/de-la-cruz-1.webp 1000w, https:\/\/www.gaveanews.com\/wp-content\/uploads\/de-la-cruz-1-300x200.webp 300w, https:\/\/www.gaveanews.com\/wp-content\/uploads\/de-la-cruz-1-768x511.webp 768w, https:\/\/www.gaveanews.com\/wp-content\/uploads\/de-la-cruz-1-631x420.webp 631w, https:\/\/www.gaveanews.com\/wp-content\/uploads\/de-la-cruz-1-640x426.webp 640w, https:\/\/www.gaveanews.com\/wp-content\/uploads\/de-la-cruz-1-681x454.webp 681w, https:\/\/www.gaveanews.com\/wp-content\/uploads\/de-la-cruz-1-100x67.webp 100w\" sizes=\"auto, (max-width: 1000px) 100vw, 1000px\" \/><figcaption class=\"wp-element-caption\">Nicol\u00e1s de la Cruz em apresenta\u00e7\u00e3o pelo Flamengo (Foto: Marcelo Cortes \/CRF)<\/figcaption><\/figure>\n\n\n\n<p>Segundo informa\u00e7\u00f5es do jornalista Sebas Giovanelli, o desentendimento entre De La Cruz e Giordano aconteceu no t\u00fanel do Est\u00e1dio Centen\u00e1rio. Apesar da aus\u00eancia de les\u00e3o ou suspens\u00e3o, Marcelo Bielsa optou por n\u00e3o lev\u00e1-lo \u00e0 Bol\u00edvia, possivelmente para evitar atritos no elenco. A convoca\u00e7\u00e3o extensa de 38 atletas tamb\u00e9m indica que o t\u00e9cnico j\u00e1 planejava mudan\u00e7as, e a exclus\u00e3o do uruguaio pode ter sido uma medida estrat\u00e9gica para preservar o ambiente interno do grupo.<\/p>\n\n\n\n<p>Para o Flamengo, a situa\u00e7\u00e3o acabou sendo positiva. Com o retorno antecipado do jogador, o t\u00e9cnico Filipe Lu\u00eds ganha um refor\u00e7o de peso para a primeira rodada do Brasileir\u00e3o, contra o Internacional. De La Cruz, ao contr\u00e1rio de outros companheiros como Arrascaeta, volta sem problemas f\u00edsicos e tem boas chances de come\u00e7ar a partida como titular, fortalecendo ainda mais o setor de meio-campo do time carioca.<\/p>\n\n\n\n<h2 class=\"wp-block-heading\" id=\"h-flamengo-recua-sobre-o-estadio\">Flamengo recua sobre o est\u00e1dio<\/h2>\n\n\n\n<p>O Flamengo est\u00e1 reavaliando o cronograma de assinatura do termo de compra do terreno do Gas\u00f4metro, inicialmente previsto para 9 de abril. A diretoria considera solicitar um adiamento de at\u00e9 90 dias para concluir estudos mais detalhados sobre a viabilidade do projeto. A decis\u00e3o visa assegurar maior precis\u00e3o nos levantamentos t\u00e9cnicos e financeiros antes de oficializar o compromisso com a constru\u00e7\u00e3o de um est\u00e1dio pr\u00f3prio <strong><a href=\"https:\/\/www.gaveanews.com\/index.php\/2025\/03\/25\/melou-flamengo-avalia-voltar-atras-em-decisao-sobre-o-estadio\/\">(leia a mat\u00e9ria completa).<\/a><\/strong><\/p>\n\n\n\n<figure class=\"wp-block-image size-full\"><img loading=\"lazy\" decoding=\"async\" width=\"644\" height=\"347\" src=\"http:\/\/www.gaveanews.com\/wp-content\/uploads\/Estadio-do-Flamengo.webp\" alt=\"\" class=\"wp-image-189335\" srcset=\"https:\/\/www.gaveanews.com\/wp-content\/uploads\/Estadio-do-Flamengo.webp 644w, https:\/\/www.gaveanews.com\/wp-content\/uploads\/Estadio-do-Flamengo-300x162.webp 300w, https:\/\/www.gaveanews.com\/wp-content\/uploads\/Estadio-do-Flamengo-640x345.webp 640w, https:\/\/www.gaveanews.com\/wp-content\/uploads\/Estadio-do-Flamengo-100x54.webp 100w\" sizes=\"auto, (max-width: 644px) 100vw, 644px\" \/><figcaption class=\"wp-element-caption\">Est\u00e1dio do Flamengo (Foto: Reprodu\u00e7\u00e3o\/Flamengo)<\/figcaption><\/figure>\n\n\n\n<p>Dois novos estudos est\u00e3o sendo conduzidos por empresas contratadas para analisar aspectos t\u00e9cnicos e econ\u00f4micos do projeto. A atual gest\u00e3o, liderada por Luiz Eduardo Baptista, acredita que a administra\u00e7\u00e3o anterior foi precipitada em suas estimativas, influenciada pelo calend\u00e1rio eleitoral do clube. A prioridade, segundo a diretoria, \u00e9 compreender todos os elementos estruturais e or\u00e7ament\u00e1rios antes de avan\u00e7ar com a assinatura, e, para isso, solicitar\u00e3o formalmente o adiamento \u00e0 Prefeitura e \u00e0 Caixa Econ\u00f4mica Federal.<\/p>\n\n\n\n<p>Apesar da poss\u00edvel prorroga\u00e7\u00e3o do prazo para a formaliza\u00e7\u00e3o do contrato, o clube acredita que isso n\u00e3o impactar\u00e1 o cronograma da obra. As etapas preliminares, como a descontamina\u00e7\u00e3o do solo e o deslocamento da esta\u00e7\u00e3o de g\u00e1s da CEG, ainda est\u00e3o em andamento. Al\u00e9m disso, a nova estimativa de custo pode chegar a R$ 3 bilh\u00f5es \u2014 significativamente superior aos R$ 1,9 bilh\u00e3o estimados anteriormente \u2014, o que refor\u00e7a a necessidade de revis\u00e3o minuciosa antes do pr\u00f3ximo passo.<\/p>\n<\/div><\/div>\n","protected":false},"excerpt":{"rendered":"<p>Nas \u00faltimas horas, o foco das not\u00edcias sobre o Flamengo se concentram nos bastidores do clube, com destaques do dia a dia do time. Por conta deste contexto, leia abaixo um resumo preparado pela equipe do portal G\u00e1vea News para lhe manter muito bem informado! Recado de Cafu para Filipe Lu\u00eds O ex-lateral Cafu, capit\u00e3o [&hellip;]<\/p>\n","protected":false},"author":33,"featured_media":101250,"comment_status":"open","ping_status":"closed","sticky":false,"template":"","format":"standard","meta":{"footnotes":""},"categories":[1],"tags":[],"class_list":["post-246043","post","type-post","status-publish","format-standard","has-post-thumbnail","hentry","category-flamengo"],"yoast_head":"<!-- This site is optimized with the Yoast SEO Premium plugin v24.2 (Yoast SEO v26.9) - https:\/\/yoast.com\/product\/yoast-seo-premium-wordpress\/ -->\n<title>Flamengo recua sobre o est\u00e1dio, verdade sobre De La Cruz \u00e9 revelada e recado de Cafu para Filipe Lu\u00eds: as \u00faltimas not\u00edcias do Mais Querido<\/title>\n<meta name=\"robots\" content=\"index, follow, max-snippet:-1, max-image-preview:large, max-video-preview:-1\" \/>\n<link rel=\"canonical\" href=\"https:\/\/www.gaveanews.com\/index.php\/2025\/03\/28\/flamengo-recua-sobre-o-estadio-verdade-sobre-de-la-cruz-e-revelada-e-recado-de-cafu-para-filipe-luis-as-ultimas-noticias-do-mais-querido\/\" \/>\n<meta property=\"og:locale\" content=\"pt_BR\" \/>\n<meta property=\"og:type\" content=\"article\" \/>\n<meta property=\"og:title\" content=\"Flamengo recua sobre o est\u00e1dio, verdade sobre De La Cruz \u00e9 revelada e recado de Cafu para Filipe Lu\u00eds: as \u00faltimas not\u00edcias do Mais Querido\" \/>\n<meta property=\"og:description\" content=\"Nas \u00faltimas horas, o foco das not\u00edcias sobre o Flamengo se concentram nos bastidores do clube, com destaques do dia a dia do time. Por conta deste contexto, leia abaixo um resumo preparado pela equipe do portal G\u00e1vea News para lhe manter muito bem informado! Recado de Cafu para Filipe Lu\u00eds O ex-lateral Cafu, capit\u00e3o [&hellip;]\" \/>\n<meta property=\"og:url\" content=\"https:\/\/www.gaveanews.com\/index.php\/2025\/03\/28\/flamengo-recua-sobre-o-estadio-verdade-sobre-de-la-cruz-e-revelada-e-recado-de-cafu-para-filipe-luis-as-ultimas-noticias-do-mais-querido\/\" \/>\n<meta property=\"og:site_name\" content=\"G\u00e1vea News\" \/>\n<meta property=\"article:publisher\" content=\"https:\/\/facebook.com\/gaveaNews\/\" \/>\n<meta property=\"article:published_time\" content=\"2025-03-28T20:00:00+00:00\" \/>\n<meta property=\"og:image\" content=\"https:\/\/www.gaveanews.com\/wp-content\/uploads\/Maracanao-escudo-Flamengo.webp\" \/>\n\t<meta property=\"og:image:width\" content=\"640\" \/>\n\t<meta property=\"og:image:height\" content=\"427\" \/>\n\t<meta property=\"og:image:type\" content=\"image\/jpeg\" \/>\n<meta name=\"author\" content=\"Brenda Cezillo\" \/>\n<meta name=\"twitter:card\" content=\"summary_large_image\" \/>\n<meta name=\"twitter:label1\" content=\"Escrito por\" \/>\n\t<meta name=\"twitter:data1\" content=\"Brenda Cezillo\" \/>\n\t<meta name=\"twitter:label2\" content=\"Est. tempo de leitura\" \/>\n\t<meta name=\"twitter:data2\" content=\"5 minutos\" \/>\n<script type=\"application\/ld+json\" class=\"yoast-schema-graph\">{\"@context\":\"https:\/\/schema.org\",\"@graph\":[{\"@type\":\"NewsArticle\",\"@id\":\"https:\/\/www.gaveanews.com\/index.php\/2025\/03\/28\/flamengo-recua-sobre-o-estadio-verdade-sobre-de-la-cruz-e-revelada-e-recado-de-cafu-para-filipe-luis-as-ultimas-noticias-do-mais-querido\/#article\",\"isPartOf\":{\"@id\":\"https:\/\/www.gaveanews.com\/index.php\/2025\/03\/28\/flamengo-recua-sobre-o-estadio-verdade-sobre-de-la-cruz-e-revelada-e-recado-de-cafu-para-filipe-luis-as-ultimas-noticias-do-mais-querido\/\"},\"author\":{\"name\":\"Brenda Cezillo\",\"@id\":\"https:\/\/www.gaveanews.com\/#\/schema\/person\/c79759ca337c40791ae8d08e2923d403\"},\"headline\":\"Flamengo recua sobre o est\u00e1dio, verdade sobre De La Cruz \u00e9 revelada e recado de Cafu para Filipe Lu\u00eds: as \u00faltimas not\u00edcias do Mais Querido\",\"datePublished\":\"2025-03-28T20:00:00+00:00\",\"mainEntityOfPage\":{\"@id\":\"https:\/\/www.gaveanews.com\/index.php\/2025\/03\/28\/flamengo-recua-sobre-o-estadio-verdade-sobre-de-la-cruz-e-revelada-e-recado-de-cafu-para-filipe-luis-as-ultimas-noticias-do-mais-querido\/\"},\"wordCount\":855,\"commentCount\":0,\"image\":{\"@id\":\"https:\/\/www.gaveanews.com\/index.php\/2025\/03\/28\/flamengo-recua-sobre-o-estadio-verdade-sobre-de-la-cruz-e-revelada-e-recado-de-cafu-para-filipe-luis-as-ultimas-noticias-do-mais-querido\/#primaryimage\"},\"thumbnailUrl\":\"https:\/\/www.gaveanews.com\/wp-content\/uploads\/Maracanao-escudo-Flamengo.webp\",\"articleSection\":[\"Flamengo\"],\"inLanguage\":\"pt-BR\",\"potentialAction\":[{\"@type\":\"CommentAction\",\"name\":\"Comment\",\"target\":[\"https:\/\/www.gaveanews.com\/index.php\/2025\/03\/28\/flamengo-recua-sobre-o-estadio-verdade-sobre-de-la-cruz-e-revelada-e-recado-de-cafu-para-filipe-luis-as-ultimas-noticias-do-mais-querido\/#respond\"]}],\"copyrightYear\":\"2025\",\"copyrightHolder\":{\"@id\":\"https:\/\/www.gaveanews.com\/#organization\"}},{\"@type\":\"WebPage\",\"@id\":\"https:\/\/www.gaveanews.com\/index.php\/2025\/03\/28\/flamengo-recua-sobre-o-estadio-verdade-sobre-de-la-cruz-e-revelada-e-recado-de-cafu-para-filipe-luis-as-ultimas-noticias-do-mais-querido\/\",\"url\":\"https:\/\/www.gaveanews.com\/index.php\/2025\/03\/28\/flamengo-recua-sobre-o-estadio-verdade-sobre-de-la-cruz-e-revelada-e-recado-de-cafu-para-filipe-luis-as-ultimas-noticias-do-mais-querido\/\",\"name\":\"Flamengo recua sobre o est\u00e1dio, verdade sobre De La Cruz \u00e9 revelada e recado de Cafu para Filipe Lu\u00eds: as \u00faltimas not\u00edcias do Mais Querido\",\"isPartOf\":{\"@id\":\"https:\/\/www.gaveanews.com\/#website\"},\"primaryImageOfPage\":{\"@id\":\"https:\/\/www.gaveanews.com\/index.php\/2025\/03\/28\/flamengo-recua-sobre-o-estadio-verdade-sobre-de-la-cruz-e-revelada-e-recado-de-cafu-para-filipe-luis-as-ultimas-noticias-do-mais-querido\/#primaryimage\"},\"image\":{\"@id\":\"https:\/\/www.gaveanews.com\/index.php\/2025\/03\/28\/flamengo-recua-sobre-o-estadio-verdade-sobre-de-la-cruz-e-revelada-e-recado-de-cafu-para-filipe-luis-as-ultimas-noticias-do-mais-querido\/#primaryimage\"},\"thumbnailUrl\":\"https:\/\/www.gaveanews.com\/wp-content\/uploads\/Maracanao-escudo-Flamengo.webp\",\"datePublished\":\"2025-03-28T20:00:00+00:00\",\"author\":{\"@id\":\"https:\/\/www.gaveanews.com\/#\/schema\/person\/c79759ca337c40791ae8d08e2923d403\"},\"breadcrumb\":{\"@id\":\"https:\/\/www.gaveanews.com\/index.php\/2025\/03\/28\/flamengo-recua-sobre-o-estadio-verdade-sobre-de-la-cruz-e-revelada-e-recado-de-cafu-para-filipe-luis-as-ultimas-noticias-do-mais-querido\/#breadcrumb\"},\"inLanguage\":\"pt-BR\",\"potentialAction\":[{\"@type\":\"ReadAction\",\"target\":[\"https:\/\/www.gaveanews.com\/index.php\/2025\/03\/28\/flamengo-recua-sobre-o-estadio-verdade-sobre-de-la-cruz-e-revelada-e-recado-de-cafu-para-filipe-luis-as-ultimas-noticias-do-mais-querido\/\"]}]},{\"@type\":\"ImageObject\",\"inLanguage\":\"pt-BR\",\"@id\":\"https:\/\/www.gaveanews.com\/index.php\/2025\/03\/28\/flamengo-recua-sobre-o-estadio-verdade-sobre-de-la-cruz-e-revelada-e-recado-de-cafu-para-filipe-luis-as-ultimas-noticias-do-mais-querido\/#primaryimage\",\"url\":\"https:\/\/www.gaveanews.com\/wp-content\/uploads\/Maracanao-escudo-Flamengo.webp\",\"contentUrl\":\"https:\/\/www.gaveanews.com\/wp-content\/uploads\/Maracanao-escudo-Flamengo.webp\",\"width\":640,\"height\":427,\"caption\":\"Escudo do Flamengo no gramado do Maracan\u00e3 (Foto: Reprodu\u00e7\u00e3o)\"},{\"@type\":\"BreadcrumbList\",\"@id\":\"https:\/\/www.gaveanews.com\/index.php\/2025\/03\/28\/flamengo-recua-sobre-o-estadio-verdade-sobre-de-la-cruz-e-revelada-e-recado-de-cafu-para-filipe-luis-as-ultimas-noticias-do-mais-querido\/#breadcrumb\",\"itemListElement\":[{\"@type\":\"ListItem\",\"position\":1,\"name\":\"Home\",\"item\":\"https:\/\/www.gaveanews.com\/\"},{\"@type\":\"ListItem\",\"position\":2,\"name\":\"Flamengo recua sobre o est\u00e1dio, verdade sobre De La Cruz \u00e9 revelada e recado de Cafu para Filipe Lu\u00eds: as \u00faltimas not\u00edcias do Mais Querido\"}]},{\"@type\":\"WebSite\",\"@id\":\"https:\/\/www.gaveanews.com\/#website\",\"url\":\"https:\/\/www.gaveanews.com\/\",\"name\":\"G\u00e1vea News\",\"description\":\"Veja todas as not\u00edcias sobre o Flamengo: Contrata\u00e7\u00f5es, categorias de base, resultados das partidas, tabela de classifica\u00e7\u00e3o, pr\u00f3ximos jogos!\",\"potentialAction\":[{\"@type\":\"SearchAction\",\"target\":{\"@type\":\"EntryPoint\",\"urlTemplate\":\"https:\/\/www.gaveanews.com\/?s={search_term_string}\"},\"query-input\":{\"@type\":\"PropertyValueSpecification\",\"valueRequired\":true,\"valueName\":\"search_term_string\"}}],\"inLanguage\":\"pt-BR\"},{\"@type\":\"Person\",\"@id\":\"https:\/\/www.gaveanews.com\/#\/schema\/person\/c79759ca337c40791ae8d08e2923d403\",\"name\":\"Brenda Cezillo\",\"image\":{\"@type\":\"ImageObject\",\"inLanguage\":\"pt-BR\",\"@id\":\"https:\/\/www.gaveanews.com\/#\/schema\/person\/image\/\",\"url\":\"https:\/\/secure.gravatar.com\/avatar\/1738d75cee7317f9c29ae61dd67620c5883d80a92e42a6fff88ae5d527af217a?s=96&d=mm&r=g\",\"contentUrl\":\"https:\/\/secure.gravatar.com\/avatar\/1738d75cee7317f9c29ae61dd67620c5883d80a92e42a6fff88ae5d527af217a?s=96&d=mm&r=g\",\"caption\":\"Brenda Cezillo\"}}]}<\/script>\n<!-- \/ Yoast SEO Premium plugin. -->","yoast_head_json":{"title":"Flamengo recua sobre o est\u00e1dio, verdade sobre De La Cruz \u00e9 revelada e recado de Cafu para Filipe Lu\u00eds: as \u00faltimas not\u00edcias do Mais Querido","robots":{"index":"index","follow":"follow","max-snippet":"max-snippet:-1","max-image-preview":"max-image-preview:large","max-video-preview":"max-video-preview:-1"},"canonical":"https:\/\/www.gaveanews.com\/index.php\/2025\/03\/28\/flamengo-recua-sobre-o-estadio-verdade-sobre-de-la-cruz-e-revelada-e-recado-de-cafu-para-filipe-luis-as-ultimas-noticias-do-mais-querido\/","og_locale":"pt_BR","og_type":"article","og_title":"Flamengo recua sobre o est\u00e1dio, verdade sobre De La Cruz \u00e9 revelada e recado de Cafu para Filipe Lu\u00eds: as \u00faltimas not\u00edcias do Mais Querido","og_description":"Nas \u00faltimas horas, o foco das not\u00edcias sobre o Flamengo se concentram nos bastidores do clube, com destaques do dia a dia do time. Por conta deste contexto, leia abaixo um resumo preparado pela equipe do portal G\u00e1vea News para lhe manter muito bem informado! Recado de Cafu para Filipe Lu\u00eds O ex-lateral Cafu, capit\u00e3o [&hellip;]","og_url":"https:\/\/www.gaveanews.com\/index.php\/2025\/03\/28\/flamengo-recua-sobre-o-estadio-verdade-sobre-de-la-cruz-e-revelada-e-recado-de-cafu-para-filipe-luis-as-ultimas-noticias-do-mais-querido\/","og_site_name":"G\u00e1vea News","article_publisher":"https:\/\/facebook.com\/gaveaNews\/","article_published_time":"2025-03-28T20:00:00+00:00","og_image":[{"width":640,"height":427,"url":"https:\/\/www.gaveanews.com\/wp-content\/uploads\/Maracanao-escudo-Flamengo.webp","type":"image\/jpeg"}],"author":"Brenda Cezillo","twitter_card":"summary_large_image","twitter_misc":{"Escrito por":"Brenda Cezillo","Est. tempo de leitura":"5 minutos"},"schema":{"@context":"https:\/\/schema.org","@graph":[{"@type":"NewsArticle","@id":"https:\/\/www.gaveanews.com\/index.php\/2025\/03\/28\/flamengo-recua-sobre-o-estadio-verdade-sobre-de-la-cruz-e-revelada-e-recado-de-cafu-para-filipe-luis-as-ultimas-noticias-do-mais-querido\/#article","isPartOf":{"@id":"https:\/\/www.gaveanews.com\/index.php\/2025\/03\/28\/flamengo-recua-sobre-o-estadio-verdade-sobre-de-la-cruz-e-revelada-e-recado-de-cafu-para-filipe-luis-as-ultimas-noticias-do-mais-querido\/"},"author":{"name":"Brenda Cezillo","@id":"https:\/\/www.gaveanews.com\/#\/schema\/person\/c79759ca337c40791ae8d08e2923d403"},"headline":"Flamengo recua sobre o est\u00e1dio, verdade sobre De La Cruz \u00e9 revelada e recado de Cafu para Filipe Lu\u00eds: as \u00faltimas not\u00edcias do Mais Querido","datePublished":"2025-03-28T20:00:00+00:00","mainEntityOfPage":{"@id":"https:\/\/www.gaveanews.com\/index.php\/2025\/03\/28\/flamengo-recua-sobre-o-estadio-verdade-sobre-de-la-cruz-e-revelada-e-recado-de-cafu-para-filipe-luis-as-ultimas-noticias-do-mais-querido\/"},"wordCount":855,"commentCount":0,"image":{"@id":"https:\/\/www.gaveanews.com\/index.php\/2025\/03\/28\/flamengo-recua-sobre-o-estadio-verdade-sobre-de-la-cruz-e-revelada-e-recado-de-cafu-para-filipe-luis-as-ultimas-noticias-do-mais-querido\/#primaryimage"},"thumbnailUrl":"https:\/\/www.gaveanews.com\/wp-content\/uploads\/Maracanao-escudo-Flamengo.webp","articleSection":["Flamengo"],"inLanguage":"pt-BR","potentialAction":[{"@type":"CommentAction","name":"Comment","target":["https:\/\/www.gaveanews.com\/index.php\/2025\/03\/28\/flamengo-recua-sobre-o-estadio-verdade-sobre-de-la-cruz-e-revelada-e-recado-de-cafu-para-filipe-luis-as-ultimas-noticias-do-mais-querido\/#respond"]}],"copyrightYear":"2025","copyrightHolder":{"@id":"https:\/\/www.gaveanews.com\/#organization"}},{"@type":"WebPage","@id":"https:\/\/www.gaveanews.com\/index.php\/2025\/03\/28\/flamengo-recua-sobre-o-estadio-verdade-sobre-de-la-cruz-e-revelada-e-recado-de-cafu-para-filipe-luis-as-ultimas-noticias-do-mais-querido\/","url":"https:\/\/www.gaveanews.com\/index.php\/2025\/03\/28\/flamengo-recua-sobre-o-estadio-verdade-sobre-de-la-cruz-e-revelada-e-recado-de-cafu-para-filipe-luis-as-ultimas-noticias-do-mais-querido\/","name":"Flamengo recua sobre o est\u00e1dio, verdade sobre De La Cruz \u00e9 revelada e recado de Cafu para Filipe Lu\u00eds: as \u00faltimas not\u00edcias do Mais Querido","isPartOf":{"@id":"https:\/\/www.gaveanews.com\/#website"},"primaryImageOfPage":{"@id":"https:\/\/www.gaveanews.com\/index.php\/2025\/03\/28\/flamengo-recua-sobre-o-estadio-verdade-sobre-de-la-cruz-e-revelada-e-recado-de-cafu-para-filipe-luis-as-ultimas-noticias-do-mais-querido\/#primaryimage"},"image":{"@id":"https:\/\/www.gaveanews.com\/index.php\/2025\/03\/28\/flamengo-recua-sobre-o-estadio-verdade-sobre-de-la-cruz-e-revelada-e-recado-de-cafu-para-filipe-luis-as-ultimas-noticias-do-mais-querido\/#primaryimage"},"thumbnailUrl":"https:\/\/www.gaveanews.com\/wp-content\/uploads\/Maracanao-escudo-Flamengo.webp","datePublished":"2025-03-28T20:00:00+00:00","author":{"@id":"https:\/\/www.gaveanews.com\/#\/schema\/person\/c79759ca337c40791ae8d08e2923d403"},"breadcrumb":{"@id":"https:\/\/www.gaveanews.com\/index.php\/2025\/03\/28\/flamengo-recua-sobre-o-estadio-verdade-sobre-de-la-cruz-e-revelada-e-recado-de-cafu-para-filipe-luis-as-ultimas-noticias-do-mais-querido\/#breadcrumb"},"inLanguage":"pt-BR","potentialAction":[{"@type":"ReadAction","target":["https:\/\/www.gaveanews.com\/index.php\/2025\/03\/28\/flamengo-recua-sobre-o-estadio-verdade-sobre-de-la-cruz-e-revelada-e-recado-de-cafu-para-filipe-luis-as-ultimas-noticias-do-mais-querido\/"]}]},{"@type":"ImageObject","inLanguage":"pt-BR","@id":"https:\/\/www.gaveanews.com\/index.php\/2025\/03\/28\/flamengo-recua-sobre-o-estadio-verdade-sobre-de-la-cruz-e-revelada-e-recado-de-cafu-para-filipe-luis-as-ultimas-noticias-do-mais-querido\/#primaryimage","url":"https:\/\/www.gaveanews.com\/wp-content\/uploads\/Maracanao-escudo-Flamengo.webp","contentUrl":"https:\/\/www.gaveanews.com\/wp-content\/uploads\/Maracanao-escudo-Flamengo.webp","width":640,"height":427,"caption":"Escudo do Flamengo no gramado do Maracan\u00e3 (Foto: Reprodu\u00e7\u00e3o)"},{"@type":"BreadcrumbList","@id":"https:\/\/www.gaveanews.com\/index.php\/2025\/03\/28\/flamengo-recua-sobre-o-estadio-verdade-sobre-de-la-cruz-e-revelada-e-recado-de-cafu-para-filipe-luis-as-ultimas-noticias-do-mais-querido\/#breadcrumb","itemListElement":[{"@type":"ListItem","position":1,"name":"Home","item":"https:\/\/www.gaveanews.com\/"},{"@type":"ListItem","position":2,"name":"Flamengo recua sobre o est\u00e1dio, verdade sobre De La Cruz \u00e9 revelada e recado de Cafu para Filipe Lu\u00eds: as \u00faltimas not\u00edcias do Mais Querido"}]},{"@type":"WebSite","@id":"https:\/\/www.gaveanews.com\/#website","url":"https:\/\/www.gaveanews.com\/","name":"G\u00e1vea News","description":"Veja todas as not\u00edcias sobre o Flamengo: Contrata\u00e7\u00f5es, categorias de base, resultados das partidas, tabela de classifica\u00e7\u00e3o, pr\u00f3ximos jogos!","potentialAction":[{"@type":"SearchAction","target":{"@type":"EntryPoint","urlTemplate":"https:\/\/www.gaveanews.com\/?s={search_term_string}"},"query-input":{"@type":"PropertyValueSpecification","valueRequired":true,"valueName":"search_term_string"}}],"inLanguage":"pt-BR"},{"@type":"Person","@id":"https:\/\/www.gaveanews.com\/#\/schema\/person\/c79759ca337c40791ae8d08e2923d403","name":"Brenda Cezillo","image":{"@type":"ImageObject","inLanguage":"pt-BR","@id":"https:\/\/www.gaveanews.com\/#\/schema\/person\/image\/","url":"https:\/\/secure.gravatar.com\/avatar\/1738d75cee7317f9c29ae61dd67620c5883d80a92e42a6fff88ae5d527af217a?s=96&d=mm&r=g","contentUrl":"https:\/\/secure.gravatar.com\/avatar\/1738d75cee7317f9c29ae61dd67620c5883d80a92e42a6fff88ae5d527af217a?s=96&d=mm&r=g","caption":"Brenda Cezillo"}}]}},"_links":{"self":[{"href":"https:\/\/www.gaveanews.com\/index.php\/wp-json\/wp\/v2\/posts\/246043","targetHints":{"allow":["GET"]}}],"collection":[{"href":"https:\/\/www.gaveanews.com\/index.php\/wp-json\/wp\/v2\/posts"}],"about":[{"href":"https:\/\/www.gaveanews.com\/index.php\/wp-json\/wp\/v2\/types\/post"}],"author":[{"embeddable":true,"href":"https:\/\/www.gaveanews.com\/index.php\/wp-json\/wp\/v2\/users\/33"}],"replies":[{"embeddable":true,"href":"https:\/\/www.gaveanews.com\/index.php\/wp-json\/wp\/v2\/comments?post=246043"}],"version-history":[{"count":1,"href":"https:\/\/www.gaveanews.com\/index.php\/wp-json\/wp\/v2\/posts\/246043\/revisions"}],"predecessor-version":[{"id":246056,"href":"https:\/\/www.gaveanews.com\/index.php\/wp-json\/wp\/v2\/posts\/246043\/revisions\/246056"}],"wp:featuredmedia":[{"embeddable":true,"href":"https:\/\/www.gaveanews.com\/index.php\/wp-json\/wp\/v2\/media\/101250"}],"wp:attachment":[{"href":"https:\/\/www.gaveanews.com\/index.php\/wp-json\/wp\/v2\/media?parent=246043"}],"wp:term":[{"taxonomy":"category","embeddable":true,"href":"https:\/\/www.gaveanews.com\/index.php\/wp-json\/wp\/v2\/categories?post=246043"},{"taxonomy":"post_tag","embeddable":true,"href":"https:\/\/www.gaveanews.com\/index.php\/wp-json\/wp\/v2\/tags?post=246043"}],"curies":[{"name":"wp","href":"https:\/\/api.w.org\/{rel}","templated":true}]}}