{"id":246044,"date":"2025-03-28T17:10:00","date_gmt":"2025-03-28T20:10:00","guid":{"rendered":"https:\/\/www.gaveanews.com\/?p=246044"},"modified":"2025-03-28T15:28:55","modified_gmt":"2025-03-28T18:28:55","slug":"venda-para-europa-pensamento-de-carille-sobre-adson-e-decisao-envolvendo-flamengo-as-ultimas-noticias-do-vasco","status":"publish","type":"post","link":"https:\/\/www.gaveanews.com\/index.php\/2025\/03\/28\/venda-para-europa-pensamento-de-carille-sobre-adson-e-decisao-envolvendo-flamengo-as-ultimas-noticias-do-vasco\/","title":{"rendered":"Venda para Europa, pensamento de Carille sobre Adson e decis\u00e3o envolvendo Flamengo: as \u00faltimas not\u00edcias do Vasco"},"content":{"rendered":"\n<p>Nas \u00faltimas horas, o foco das not\u00edcias sobre o Vasco se concentram nos bastidores do clube, com destaques do dia a dia do time.<\/p>\n\n\n\n<p>Por conta deste contexto, leia abaixo um resumo preparado pela equipe do portal G\u00e1vea News para lhe manter muito bem informado!<\/p>\n\n\n\n<div class=\"wp-block-group\"><div class=\"wp-block-group__inner-container is-layout-constrained wp-block-group-is-layout-constrained\">\n<h2 class=\"wp-block-heading\" id=\"h-decisao-envolvendo-flamengo\">Decis\u00e3o envolvendo Flamengo<\/h2>\n\n\n\n<p>Ap\u00f3s a elimina\u00e7\u00e3o no Campeonato Carioca, o Vasco da Gama voltou suas aten\u00e7\u00f5es para os compromissos do restante da temporada, com foco especial no cl\u00e1ssico contra o Flamengo. A diretoria do clube est\u00e1 empenhada em garantir que o confronto seja disputado em S\u00e3o Janu\u00e1rio, casa vasca\u00edna, durante a quinta rodada do Brasileir\u00e3o. A possibilidade ganhou for\u00e7a ap\u00f3s a confirma\u00e7\u00e3o de que o Maracan\u00e3 estar\u00e1 indispon\u00edvel na data prevista para o jogo, devido a um evento religioso<strong><a href=\"https:\/\/www.gaveanews.com\/index.php\/2025\/03\/25\/vasco-toma-atitude-importante-visando-o-classico-com-o-flamengo\/\"> (leia a mat\u00e9ria completa).<\/a><\/strong><\/p>\n\n\n\n<figure class=\"wp-block-image size-full\"><img loading=\"lazy\" decoding=\"async\" width=\"900\" height=\"720\" src=\"http:\/\/www.gaveanews.com\/wp-content\/uploads\/erick-pulgar-wesley-flamengo-vasco.webp\" alt=\"\" class=\"wp-image-109044\" srcset=\"https:\/\/www.gaveanews.com\/wp-content\/uploads\/erick-pulgar-wesley-flamengo-vasco.webp 900w, https:\/\/www.gaveanews.com\/wp-content\/uploads\/erick-pulgar-wesley-flamengo-vasco-300x240.webp 300w, https:\/\/www.gaveanews.com\/wp-content\/uploads\/erick-pulgar-wesley-flamengo-vasco-768x614.webp 768w, https:\/\/www.gaveanews.com\/wp-content\/uploads\/erick-pulgar-wesley-flamengo-vasco-525x420.webp 525w, https:\/\/www.gaveanews.com\/wp-content\/uploads\/erick-pulgar-wesley-flamengo-vasco-640x512.webp 640w, https:\/\/www.gaveanews.com\/wp-content\/uploads\/erick-pulgar-wesley-flamengo-vasco-681x545.webp 681w, https:\/\/www.gaveanews.com\/wp-content\/uploads\/erick-pulgar-wesley-flamengo-vasco-100x80.webp 100w\" sizes=\"auto, (max-width: 900px) 100vw, 900px\" \/><figcaption class=\"wp-element-caption\">Erick Pulgar em a\u00e7\u00e3o pelo Flamengo contra o Vasco (Foto: Paula Reis\/Flamengo)<\/figcaption><\/figure>\n\n\n\n<p>A diretoria j\u00e1 acionou o Batalh\u00e3o Especial de Policiamento em Est\u00e1dios (Bepe) para viabilizar a realiza\u00e7\u00e3o do jogo em seus dom\u00ednios. <\/p>\n\n\n\n<p>No estadual, essa possibilidade havia sido vetada pela Pol\u00edcia Militar, mas, agora, com um novo cen\u00e1rio, o clube se mostra confiante na libera\u00e7\u00e3o. A inten\u00e7\u00e3o \u00e9 fortalecer o mando de campo e fazer da partida contra o Flamengo um marco para a arrancada na temporada.<\/p>\n\n\n\n<p>Paralelamente, o clube tamb\u00e9m se prepara para a estreia no Campeonato Brasileiro, a participa\u00e7\u00e3o na Copa Sul-Americana e a terceira fase da Copa do Brasil. A comiss\u00e3o t\u00e9cnica e a gest\u00e3o t\u00eam se mostrado atentas ao calend\u00e1rio e otimistas com a prepara\u00e7\u00e3o da equipe, sinalizando um planejamento mais cuidadoso para alcan\u00e7ar melhores resultados nas competi\u00e7\u00f5es nacionais e continentais.<\/p>\n\n\n\n<h2 class=\"wp-block-heading\" id=\"h-pensamento-de-carille-sobre-adson\">Pensamento de Carille sobre Adson<\/h2>\n\n\n\n<p>Ap\u00f3s sete meses afastado por conta de uma les\u00e3o grave, Adson se aproxima de seu retorno aos gramados. O meia-atacante do Vasco participou recentemente de um jogo-treino contra o Boavista, sinalizando que poder\u00e1 ser uma pe\u00e7a importante para a equipe na disputa do Brasileir\u00e3o. O t\u00e9cnico F\u00e1bio Carille demonstra confian\u00e7a no jogador, enxergando nele uma alternativa valiosa para o setor ofensivo, principalmente em um calend\u00e1rio exigente para o time cruzmaltino <strong><a href=\"https:\/\/www.gaveanews.com\/index.php\/2025\/03\/24\/o-pensamento-de-fabio-carille-sobre-adson-do-vasco\/\">(leia a mat\u00e9ria completa).<\/a><\/strong><\/p>\n\n\n\n<figure class=\"wp-block-image size-full\"><img loading=\"lazy\" decoding=\"async\" width=\"738\" height=\"469\" src=\"http:\/\/www.gaveanews.com\/wp-content\/uploads\/Carille-pelo-Vasco.webp\" alt=\"Carille pelo Vasco\" class=\"wp-image-220355\"\/><figcaption class=\"wp-element-caption\">Carille pelo Vasco (Foto: Reprodu\u00e7\u00e3o) <\/figcaption><\/figure>\n\n\n\n<p>A recupera\u00e7\u00e3o de Adson foi mais complicada do que o previsto. Inicialmente, a expectativa era que ele voltasse em dezembro, mas complica\u00e7\u00f5es causadas por uma placa de fixa\u00e7\u00e3o na perna adiaram esse plano. O atleta precisou passar por um novo procedimento cir\u00fargico, o que prolongou seu afastamento. Antes da les\u00e3o, o jogador vivia bom momento no Corinthians, o que aumenta a expectativa em torno de sua performance pelo Vasco nesta temporada.<\/p>\n\n\n\n<p>Com compromissos tanto no Brasileir\u00e3o quanto na Copa Sul-Americana, o Vasco precisa de um elenco forte e vers\u00e1til. Nesse cen\u00e1rio, Adson pode se tornar uma pe\u00e7a-chave. Carille espera contar com o jogador j\u00e1 na estreia contra o Santos. Al\u00e9m disso, um poss\u00edvel confronto contra o Corinthians \u2014 clube que o revelou \u2014 pode marcar um reencontro simb\u00f3lico e emocionante. A volta de Adson representa n\u00e3o apenas um refor\u00e7o t\u00e9cnico, mas tamb\u00e9m um acr\u00e9scimo importante na motiva\u00e7\u00e3o do grupo.<\/p>\n\n\n\n<h2 class=\"wp-block-heading\" id=\"h-venda-para-europa\">Venda para Europa<\/h2>\n\n\n\n<p>O atacante Rayan, uma das principais promessas das categorias de base do Vasco, teve seu contrato renovado at\u00e9 o final de 2026, mas sua perman\u00eancia em S\u00e3o Janu\u00e1rio pode estar com os dias contados. Apesar da extens\u00e3o do v\u00ednculo, tanto o jogador quanto o clube veem com bons olhos uma poss\u00edvel transfer\u00eancia para o futebol europeu ainda este ano. O desejo do atleta de atuar no exterior se alinha \u00e0 necessidade do clube em arrecadar recursos com a venda de ativos valiosos <strong><a href=\"https:\/\/www.gaveanews.com\/index.php\/2025\/03\/25\/atualizacao-sobre-a-venda-de-rayan-no-vasco\/\">(leia a mat\u00e9ria completa).<\/a><\/strong><\/p>\n\n\n\n<figure class=\"wp-block-image size-large\"><img loading=\"lazy\" decoding=\"async\" width=\"1024\" height=\"576\" src=\"http:\/\/www.gaveanews.com\/wp-content\/uploads\/Rayan-em-treino-do-Vasco-1024x576.webp\" alt=\"\" class=\"wp-image-169867\" srcset=\"https:\/\/www.gaveanews.com\/wp-content\/uploads\/Rayan-em-treino-do-Vasco-1024x576.webp 1024w, https:\/\/www.gaveanews.com\/wp-content\/uploads\/Rayan-em-treino-do-Vasco-300x169.webp 300w, https:\/\/www.gaveanews.com\/wp-content\/uploads\/Rayan-em-treino-do-Vasco-768x432.webp 768w, https:\/\/www.gaveanews.com\/wp-content\/uploads\/Rayan-em-treino-do-Vasco-747x420.webp 747w, https:\/\/www.gaveanews.com\/wp-content\/uploads\/Rayan-em-treino-do-Vasco-640x360.webp 640w, https:\/\/www.gaveanews.com\/wp-content\/uploads\/Rayan-em-treino-do-Vasco-681x383.webp 681w, https:\/\/www.gaveanews.com\/wp-content\/uploads\/Rayan-em-treino-do-Vasco-100x56.webp 100w, https:\/\/www.gaveanews.com\/wp-content\/uploads\/Rayan-em-treino-do-Vasco.webp 1140w\" sizes=\"auto, (max-width: 1024px) 100vw, 1024px\" \/><figcaption class=\"wp-element-caption\">Rayan em treino do Vasco (Foto: Daniel Ramalho\/CRVG)<\/figcaption><\/figure>\n\n\n\n<p>A nova cl\u00e1usula contratual estabeleceu uma multa rescis\u00f3ria internacional de 80 milh\u00f5es de euros, demonstrando a valoriza\u00e7\u00e3o do jogador e a inten\u00e7\u00e3o do Vasco em se proteger financeiramente. De acordo com o jornalista Lucas Pedrosa, a diretoria j\u00e1 definiu que Rayan deve ser negociado na janela do meio do ano, e sondagens de clubes como Manchester City, Fiorentina, Lyon e Anderlecht refor\u00e7am essa tend\u00eancia. Enquanto isso, o jovem segue sendo utilizado pelo t\u00e9cnico F\u00e1bio Carille, tendo marcado dois gols pela Copa do Brasil em 2025.<\/p>\n\n\n\n<p>A negocia\u00e7\u00e3o vem sendo conduzida de forma harmoniosa, com envolvimento direto do pai do atleta, Valkmar, que reafirmou o comprometimento com o clube. Rayan, que tem passagens destacadas pela Sele\u00e7\u00e3o Sub-20 e foi campe\u00e3o sul-americano, desponta como uma pe\u00e7a-chave na estrat\u00e9gia de renova\u00e7\u00e3o e monetiza\u00e7\u00e3o do elenco vasca\u00edno. A transi\u00e7\u00e3o planejada para sua sa\u00edda at\u00e9 julho oferece ao Vasco tempo para se reestruturar e aproveitar da melhor forma o retorno financeiro que o jogador pode gerar.<\/p>\n<\/div><\/div>\n","protected":false},"excerpt":{"rendered":"<p>Nas \u00faltimas horas, o foco das not\u00edcias sobre o Vasco se concentram nos bastidores do clube, com destaques do dia a dia do time. Por conta deste contexto, leia abaixo um resumo preparado pela equipe do portal G\u00e1vea News para lhe manter muito bem informado! Decis\u00e3o envolvendo Flamengo Ap\u00f3s a elimina\u00e7\u00e3o no Campeonato Carioca, o [&hellip;]<\/p>\n","protected":false},"author":33,"featured_media":161261,"comment_status":"open","ping_status":"closed","sticky":false,"template":"","format":"standard","meta":{"footnotes":""},"categories":[152],"tags":[],"class_list":["post-246044","post","type-post","status-publish","format-standard","has-post-thumbnail","hentry","category-vasco"],"yoast_head":"<!-- This site is optimized with the Yoast SEO Premium plugin v24.2 (Yoast SEO v26.9) - https:\/\/yoast.com\/product\/yoast-seo-premium-wordpress\/ -->\n<title>Venda para Europa, pensamento de Carille sobre Adson e decis\u00e3o envolvendo Flamengo: as \u00faltimas not\u00edcias do Vasco<\/title>\n<meta name=\"robots\" content=\"index, follow, max-snippet:-1, max-image-preview:large, max-video-preview:-1\" \/>\n<link rel=\"canonical\" href=\"https:\/\/www.gaveanews.com\/index.php\/2025\/03\/28\/venda-para-europa-pensamento-de-carille-sobre-adson-e-decisao-envolvendo-flamengo-as-ultimas-noticias-do-vasco\/\" \/>\n<meta property=\"og:locale\" content=\"pt_BR\" \/>\n<meta property=\"og:type\" content=\"article\" \/>\n<meta property=\"og:title\" content=\"Venda para Europa, pensamento de Carille sobre Adson e decis\u00e3o envolvendo Flamengo: as \u00faltimas not\u00edcias do Vasco\" \/>\n<meta property=\"og:description\" content=\"Nas \u00faltimas horas, o foco das not\u00edcias sobre o Vasco se concentram nos bastidores do clube, com destaques do dia a dia do time. Por conta deste contexto, leia abaixo um resumo preparado pela equipe do portal G\u00e1vea News para lhe manter muito bem informado! Decis\u00e3o envolvendo Flamengo Ap\u00f3s a elimina\u00e7\u00e3o no Campeonato Carioca, o [&hellip;]\" \/>\n<meta property=\"og:url\" content=\"https:\/\/www.gaveanews.com\/index.php\/2025\/03\/28\/venda-para-europa-pensamento-de-carille-sobre-adson-e-decisao-envolvendo-flamengo-as-ultimas-noticias-do-vasco\/\" \/>\n<meta property=\"og:site_name\" content=\"G\u00e1vea News\" \/>\n<meta property=\"article:publisher\" content=\"https:\/\/facebook.com\/gaveaNews\/\" \/>\n<meta property=\"article:published_time\" content=\"2025-03-28T20:10:00+00:00\" \/>\n<meta property=\"og:image\" content=\"https:\/\/www.gaveanews.com\/wp-content\/uploads\/Camisa-do-Vasco-2024.webp\" \/>\n\t<meta property=\"og:image:width\" content=\"1059\" \/>\n\t<meta property=\"og:image:height\" content=\"794\" \/>\n\t<meta property=\"og:image:type\" content=\"image\/webp\" \/>\n<meta name=\"author\" content=\"Brenda Cezillo\" \/>\n<meta name=\"twitter:card\" content=\"summary_large_image\" \/>\n<meta name=\"twitter:label1\" content=\"Escrito por\" \/>\n\t<meta name=\"twitter:data1\" content=\"Brenda Cezillo\" \/>\n\t<meta name=\"twitter:label2\" content=\"Est. tempo de leitura\" \/>\n\t<meta name=\"twitter:data2\" content=\"5 minutos\" \/>\n<script type=\"application\/ld+json\" class=\"yoast-schema-graph\">{\"@context\":\"https:\/\/schema.org\",\"@graph\":[{\"@type\":\"NewsArticle\",\"@id\":\"https:\/\/www.gaveanews.com\/index.php\/2025\/03\/28\/venda-para-europa-pensamento-de-carille-sobre-adson-e-decisao-envolvendo-flamengo-as-ultimas-noticias-do-vasco\/#article\",\"isPartOf\":{\"@id\":\"https:\/\/www.gaveanews.com\/index.php\/2025\/03\/28\/venda-para-europa-pensamento-de-carille-sobre-adson-e-decisao-envolvendo-flamengo-as-ultimas-noticias-do-vasco\/\"},\"author\":{\"name\":\"Brenda Cezillo\",\"@id\":\"https:\/\/www.gaveanews.com\/#\/schema\/person\/c79759ca337c40791ae8d08e2923d403\"},\"headline\":\"Venda para Europa, pensamento de Carille sobre Adson e decis\u00e3o envolvendo Flamengo: as \u00faltimas not\u00edcias do Vasco\",\"datePublished\":\"2025-03-28T20:10:00+00:00\",\"mainEntityOfPage\":{\"@id\":\"https:\/\/www.gaveanews.com\/index.php\/2025\/03\/28\/venda-para-europa-pensamento-de-carille-sobre-adson-e-decisao-envolvendo-flamengo-as-ultimas-noticias-do-vasco\/\"},\"wordCount\":859,\"commentCount\":0,\"image\":{\"@id\":\"https:\/\/www.gaveanews.com\/index.php\/2025\/03\/28\/venda-para-europa-pensamento-de-carille-sobre-adson-e-decisao-envolvendo-flamengo-as-ultimas-noticias-do-vasco\/#primaryimage\"},\"thumbnailUrl\":\"https:\/\/www.gaveanews.com\/wp-content\/uploads\/Camisa-do-Vasco-2024.webp\",\"articleSection\":[\"Vasco\"],\"inLanguage\":\"pt-BR\",\"potentialAction\":[{\"@type\":\"CommentAction\",\"name\":\"Comment\",\"target\":[\"https:\/\/www.gaveanews.com\/index.php\/2025\/03\/28\/venda-para-europa-pensamento-de-carille-sobre-adson-e-decisao-envolvendo-flamengo-as-ultimas-noticias-do-vasco\/#respond\"]}],\"copyrightYear\":\"2025\",\"copyrightHolder\":{\"@id\":\"https:\/\/www.gaveanews.com\/#organization\"}},{\"@type\":\"WebPage\",\"@id\":\"https:\/\/www.gaveanews.com\/index.php\/2025\/03\/28\/venda-para-europa-pensamento-de-carille-sobre-adson-e-decisao-envolvendo-flamengo-as-ultimas-noticias-do-vasco\/\",\"url\":\"https:\/\/www.gaveanews.com\/index.php\/2025\/03\/28\/venda-para-europa-pensamento-de-carille-sobre-adson-e-decisao-envolvendo-flamengo-as-ultimas-noticias-do-vasco\/\",\"name\":\"Venda para Europa, pensamento de Carille sobre Adson e decis\u00e3o envolvendo Flamengo: as \u00faltimas not\u00edcias do Vasco\",\"isPartOf\":{\"@id\":\"https:\/\/www.gaveanews.com\/#website\"},\"primaryImageOfPage\":{\"@id\":\"https:\/\/www.gaveanews.com\/index.php\/2025\/03\/28\/venda-para-europa-pensamento-de-carille-sobre-adson-e-decisao-envolvendo-flamengo-as-ultimas-noticias-do-vasco\/#primaryimage\"},\"image\":{\"@id\":\"https:\/\/www.gaveanews.com\/index.php\/2025\/03\/28\/venda-para-europa-pensamento-de-carille-sobre-adson-e-decisao-envolvendo-flamengo-as-ultimas-noticias-do-vasco\/#primaryimage\"},\"thumbnailUrl\":\"https:\/\/www.gaveanews.com\/wp-content\/uploads\/Camisa-do-Vasco-2024.webp\",\"datePublished\":\"2025-03-28T20:10:00+00:00\",\"author\":{\"@id\":\"https:\/\/www.gaveanews.com\/#\/schema\/person\/c79759ca337c40791ae8d08e2923d403\"},\"breadcrumb\":{\"@id\":\"https:\/\/www.gaveanews.com\/index.php\/2025\/03\/28\/venda-para-europa-pensamento-de-carille-sobre-adson-e-decisao-envolvendo-flamengo-as-ultimas-noticias-do-vasco\/#breadcrumb\"},\"inLanguage\":\"pt-BR\",\"potentialAction\":[{\"@type\":\"ReadAction\",\"target\":[\"https:\/\/www.gaveanews.com\/index.php\/2025\/03\/28\/venda-para-europa-pensamento-de-carille-sobre-adson-e-decisao-envolvendo-flamengo-as-ultimas-noticias-do-vasco\/\"]}]},{\"@type\":\"ImageObject\",\"inLanguage\":\"pt-BR\",\"@id\":\"https:\/\/www.gaveanews.com\/index.php\/2025\/03\/28\/venda-para-europa-pensamento-de-carille-sobre-adson-e-decisao-envolvendo-flamengo-as-ultimas-noticias-do-vasco\/#primaryimage\",\"url\":\"https:\/\/www.gaveanews.com\/wp-content\/uploads\/Camisa-do-Vasco-2024.webp\",\"contentUrl\":\"https:\/\/www.gaveanews.com\/wp-content\/uploads\/Camisa-do-Vasco-2024.webp\",\"width\":1059,\"height\":794,\"caption\":\"Camisa do Vasco 2024 (Foto: Reprodu\u00e7\u00e3o\/Instagram)\"},{\"@type\":\"BreadcrumbList\",\"@id\":\"https:\/\/www.gaveanews.com\/index.php\/2025\/03\/28\/venda-para-europa-pensamento-de-carille-sobre-adson-e-decisao-envolvendo-flamengo-as-ultimas-noticias-do-vasco\/#breadcrumb\",\"itemListElement\":[{\"@type\":\"ListItem\",\"position\":1,\"name\":\"Home\",\"item\":\"https:\/\/www.gaveanews.com\/\"},{\"@type\":\"ListItem\",\"position\":2,\"name\":\"Venda para Europa, pensamento de Carille sobre Adson e decis\u00e3o envolvendo Flamengo: as \u00faltimas not\u00edcias do Vasco\"}]},{\"@type\":\"WebSite\",\"@id\":\"https:\/\/www.gaveanews.com\/#website\",\"url\":\"https:\/\/www.gaveanews.com\/\",\"name\":\"G\u00e1vea News\",\"description\":\"Veja todas as not\u00edcias sobre o Flamengo: Contrata\u00e7\u00f5es, categorias de base, resultados das partidas, tabela de classifica\u00e7\u00e3o, pr\u00f3ximos jogos!\",\"potentialAction\":[{\"@type\":\"SearchAction\",\"target\":{\"@type\":\"EntryPoint\",\"urlTemplate\":\"https:\/\/www.gaveanews.com\/?s={search_term_string}\"},\"query-input\":{\"@type\":\"PropertyValueSpecification\",\"valueRequired\":true,\"valueName\":\"search_term_string\"}}],\"inLanguage\":\"pt-BR\"},{\"@type\":\"Person\",\"@id\":\"https:\/\/www.gaveanews.com\/#\/schema\/person\/c79759ca337c40791ae8d08e2923d403\",\"name\":\"Brenda Cezillo\",\"image\":{\"@type\":\"ImageObject\",\"inLanguage\":\"pt-BR\",\"@id\":\"https:\/\/www.gaveanews.com\/#\/schema\/person\/image\/\",\"url\":\"https:\/\/secure.gravatar.com\/avatar\/1738d75cee7317f9c29ae61dd67620c5883d80a92e42a6fff88ae5d527af217a?s=96&d=mm&r=g\",\"contentUrl\":\"https:\/\/secure.gravatar.com\/avatar\/1738d75cee7317f9c29ae61dd67620c5883d80a92e42a6fff88ae5d527af217a?s=96&d=mm&r=g\",\"caption\":\"Brenda Cezillo\"}}]}<\/script>\n<!-- \/ Yoast SEO Premium plugin. -->","yoast_head_json":{"title":"Venda para Europa, pensamento de Carille sobre Adson e decis\u00e3o envolvendo Flamengo: as \u00faltimas not\u00edcias do Vasco","robots":{"index":"index","follow":"follow","max-snippet":"max-snippet:-1","max-image-preview":"max-image-preview:large","max-video-preview":"max-video-preview:-1"},"canonical":"https:\/\/www.gaveanews.com\/index.php\/2025\/03\/28\/venda-para-europa-pensamento-de-carille-sobre-adson-e-decisao-envolvendo-flamengo-as-ultimas-noticias-do-vasco\/","og_locale":"pt_BR","og_type":"article","og_title":"Venda para Europa, pensamento de Carille sobre Adson e decis\u00e3o envolvendo Flamengo: as \u00faltimas not\u00edcias do Vasco","og_description":"Nas \u00faltimas horas, o foco das not\u00edcias sobre o Vasco se concentram nos bastidores do clube, com destaques do dia a dia do time. Por conta deste contexto, leia abaixo um resumo preparado pela equipe do portal G\u00e1vea News para lhe manter muito bem informado! Decis\u00e3o envolvendo Flamengo Ap\u00f3s a elimina\u00e7\u00e3o no Campeonato Carioca, o [&hellip;]","og_url":"https:\/\/www.gaveanews.com\/index.php\/2025\/03\/28\/venda-para-europa-pensamento-de-carille-sobre-adson-e-decisao-envolvendo-flamengo-as-ultimas-noticias-do-vasco\/","og_site_name":"G\u00e1vea News","article_publisher":"https:\/\/facebook.com\/gaveaNews\/","article_published_time":"2025-03-28T20:10:00+00:00","og_image":[{"width":1059,"height":794,"url":"https:\/\/www.gaveanews.com\/wp-content\/uploads\/Camisa-do-Vasco-2024.webp","type":"image\/webp"}],"author":"Brenda Cezillo","twitter_card":"summary_large_image","twitter_misc":{"Escrito por":"Brenda Cezillo","Est. tempo de leitura":"5 minutos"},"schema":{"@context":"https:\/\/schema.org","@graph":[{"@type":"NewsArticle","@id":"https:\/\/www.gaveanews.com\/index.php\/2025\/03\/28\/venda-para-europa-pensamento-de-carille-sobre-adson-e-decisao-envolvendo-flamengo-as-ultimas-noticias-do-vasco\/#article","isPartOf":{"@id":"https:\/\/www.gaveanews.com\/index.php\/2025\/03\/28\/venda-para-europa-pensamento-de-carille-sobre-adson-e-decisao-envolvendo-flamengo-as-ultimas-noticias-do-vasco\/"},"author":{"name":"Brenda Cezillo","@id":"https:\/\/www.gaveanews.com\/#\/schema\/person\/c79759ca337c40791ae8d08e2923d403"},"headline":"Venda para Europa, pensamento de Carille sobre Adson e decis\u00e3o envolvendo Flamengo: as \u00faltimas not\u00edcias do Vasco","datePublished":"2025-03-28T20:10:00+00:00","mainEntityOfPage":{"@id":"https:\/\/www.gaveanews.com\/index.php\/2025\/03\/28\/venda-para-europa-pensamento-de-carille-sobre-adson-e-decisao-envolvendo-flamengo-as-ultimas-noticias-do-vasco\/"},"wordCount":859,"commentCount":0,"image":{"@id":"https:\/\/www.gaveanews.com\/index.php\/2025\/03\/28\/venda-para-europa-pensamento-de-carille-sobre-adson-e-decisao-envolvendo-flamengo-as-ultimas-noticias-do-vasco\/#primaryimage"},"thumbnailUrl":"https:\/\/www.gaveanews.com\/wp-content\/uploads\/Camisa-do-Vasco-2024.webp","articleSection":["Vasco"],"inLanguage":"pt-BR","potentialAction":[{"@type":"CommentAction","name":"Comment","target":["https:\/\/www.gaveanews.com\/index.php\/2025\/03\/28\/venda-para-europa-pensamento-de-carille-sobre-adson-e-decisao-envolvendo-flamengo-as-ultimas-noticias-do-vasco\/#respond"]}],"copyrightYear":"2025","copyrightHolder":{"@id":"https:\/\/www.gaveanews.com\/#organization"}},{"@type":"WebPage","@id":"https:\/\/www.gaveanews.com\/index.php\/2025\/03\/28\/venda-para-europa-pensamento-de-carille-sobre-adson-e-decisao-envolvendo-flamengo-as-ultimas-noticias-do-vasco\/","url":"https:\/\/www.gaveanews.com\/index.php\/2025\/03\/28\/venda-para-europa-pensamento-de-carille-sobre-adson-e-decisao-envolvendo-flamengo-as-ultimas-noticias-do-vasco\/","name":"Venda para Europa, pensamento de Carille sobre Adson e decis\u00e3o envolvendo Flamengo: as \u00faltimas not\u00edcias do Vasco","isPartOf":{"@id":"https:\/\/www.gaveanews.com\/#website"},"primaryImageOfPage":{"@id":"https:\/\/www.gaveanews.com\/index.php\/2025\/03\/28\/venda-para-europa-pensamento-de-carille-sobre-adson-e-decisao-envolvendo-flamengo-as-ultimas-noticias-do-vasco\/#primaryimage"},"image":{"@id":"https:\/\/www.gaveanews.com\/index.php\/2025\/03\/28\/venda-para-europa-pensamento-de-carille-sobre-adson-e-decisao-envolvendo-flamengo-as-ultimas-noticias-do-vasco\/#primaryimage"},"thumbnailUrl":"https:\/\/www.gaveanews.com\/wp-content\/uploads\/Camisa-do-Vasco-2024.webp","datePublished":"2025-03-28T20:10:00+00:00","author":{"@id":"https:\/\/www.gaveanews.com\/#\/schema\/person\/c79759ca337c40791ae8d08e2923d403"},"breadcrumb":{"@id":"https:\/\/www.gaveanews.com\/index.php\/2025\/03\/28\/venda-para-europa-pensamento-de-carille-sobre-adson-e-decisao-envolvendo-flamengo-as-ultimas-noticias-do-vasco\/#breadcrumb"},"inLanguage":"pt-BR","potentialAction":[{"@type":"ReadAction","target":["https:\/\/www.gaveanews.com\/index.php\/2025\/03\/28\/venda-para-europa-pensamento-de-carille-sobre-adson-e-decisao-envolvendo-flamengo-as-ultimas-noticias-do-vasco\/"]}]},{"@type":"ImageObject","inLanguage":"pt-BR","@id":"https:\/\/www.gaveanews.com\/index.php\/2025\/03\/28\/venda-para-europa-pensamento-de-carille-sobre-adson-e-decisao-envolvendo-flamengo-as-ultimas-noticias-do-vasco\/#primaryimage","url":"https:\/\/www.gaveanews.com\/wp-content\/uploads\/Camisa-do-Vasco-2024.webp","contentUrl":"https:\/\/www.gaveanews.com\/wp-content\/uploads\/Camisa-do-Vasco-2024.webp","width":1059,"height":794,"caption":"Camisa do Vasco 2024 (Foto: Reprodu\u00e7\u00e3o\/Instagram)"},{"@type":"BreadcrumbList","@id":"https:\/\/www.gaveanews.com\/index.php\/2025\/03\/28\/venda-para-europa-pensamento-de-carille-sobre-adson-e-decisao-envolvendo-flamengo-as-ultimas-noticias-do-vasco\/#breadcrumb","itemListElement":[{"@type":"ListItem","position":1,"name":"Home","item":"https:\/\/www.gaveanews.com\/"},{"@type":"ListItem","position":2,"name":"Venda para Europa, pensamento de Carille sobre Adson e decis\u00e3o envolvendo Flamengo: as \u00faltimas not\u00edcias do Vasco"}]},{"@type":"WebSite","@id":"https:\/\/www.gaveanews.com\/#website","url":"https:\/\/www.gaveanews.com\/","name":"G\u00e1vea News","description":"Veja todas as not\u00edcias sobre o Flamengo: Contrata\u00e7\u00f5es, categorias de base, resultados das partidas, tabela de classifica\u00e7\u00e3o, pr\u00f3ximos jogos!","potentialAction":[{"@type":"SearchAction","target":{"@type":"EntryPoint","urlTemplate":"https:\/\/www.gaveanews.com\/?s={search_term_string}"},"query-input":{"@type":"PropertyValueSpecification","valueRequired":true,"valueName":"search_term_string"}}],"inLanguage":"pt-BR"},{"@type":"Person","@id":"https:\/\/www.gaveanews.com\/#\/schema\/person\/c79759ca337c40791ae8d08e2923d403","name":"Brenda Cezillo","image":{"@type":"ImageObject","inLanguage":"pt-BR","@id":"https:\/\/www.gaveanews.com\/#\/schema\/person\/image\/","url":"https:\/\/secure.gravatar.com\/avatar\/1738d75cee7317f9c29ae61dd67620c5883d80a92e42a6fff88ae5d527af217a?s=96&d=mm&r=g","contentUrl":"https:\/\/secure.gravatar.com\/avatar\/1738d75cee7317f9c29ae61dd67620c5883d80a92e42a6fff88ae5d527af217a?s=96&d=mm&r=g","caption":"Brenda Cezillo"}}]}},"_links":{"self":[{"href":"https:\/\/www.gaveanews.com\/index.php\/wp-json\/wp\/v2\/posts\/246044","targetHints":{"allow":["GET"]}}],"collection":[{"href":"https:\/\/www.gaveanews.com\/index.php\/wp-json\/wp\/v2\/posts"}],"about":[{"href":"https:\/\/www.gaveanews.com\/index.php\/wp-json\/wp\/v2\/types\/post"}],"author":[{"embeddable":true,"href":"https:\/\/www.gaveanews.com\/index.php\/wp-json\/wp\/v2\/users\/33"}],"replies":[{"embeddable":true,"href":"https:\/\/www.gaveanews.com\/index.php\/wp-json\/wp\/v2\/comments?post=246044"}],"version-history":[{"count":1,"href":"https:\/\/www.gaveanews.com\/index.php\/wp-json\/wp\/v2\/posts\/246044\/revisions"}],"predecessor-version":[{"id":246066,"href":"https:\/\/www.gaveanews.com\/index.php\/wp-json\/wp\/v2\/posts\/246044\/revisions\/246066"}],"wp:featuredmedia":[{"embeddable":true,"href":"https:\/\/www.gaveanews.com\/index.php\/wp-json\/wp\/v2\/media\/161261"}],"wp:attachment":[{"href":"https:\/\/www.gaveanews.com\/index.php\/wp-json\/wp\/v2\/media?parent=246044"}],"wp:term":[{"taxonomy":"category","embeddable":true,"href":"https:\/\/www.gaveanews.com\/index.php\/wp-json\/wp\/v2\/categories?post=246044"},{"taxonomy":"post_tag","embeddable":true,"href":"https:\/\/www.gaveanews.com\/index.php\/wp-json\/wp\/v2\/tags?post=246044"}],"curies":[{"name":"wp","href":"https:\/\/api.w.org\/{rel}","templated":true}]}}