{"id":246045,"date":"2025-03-28T17:05:00","date_gmt":"2025-03-28T20:05:00","guid":{"rendered":"https:\/\/www.gaveanews.com\/?p=246045"},"modified":"2025-03-28T15:23:36","modified_gmt":"2025-03-28T18:23:36","slug":"atacante-de-saida-andre-ganha-destaque-na-europa-e-felipe-melo-e-sincero-as-ultimas-noticias-do-fluminense","status":"publish","type":"post","link":"https:\/\/www.gaveanews.com\/index.php\/2025\/03\/28\/atacante-de-saida-andre-ganha-destaque-na-europa-e-felipe-melo-e-sincero-as-ultimas-noticias-do-fluminense\/","title":{"rendered":"Atacante de sa\u00edda, Andr\u00e9 ganha destaque na Europa e Felipe Melo \u00e9 sincero: as \u00faltimas not\u00edcias do Fluminense"},"content":{"rendered":"\n<p>Nas \u00faltimas horas, o foco das not\u00edcias sobre o Fluminense se concentram nos bastidores do clube, com destaques do dia a dia do time.<\/p>\n\n\n\n<p>Por conta deste contexto, leia abaixo um resumo preparado pela equipe do portal G\u00e1vea News para lhe manter muito bem informado!<\/p>\n\n\n\n<div class=\"wp-block-group\"><div class=\"wp-block-group__inner-container is-layout-constrained wp-block-group-is-layout-constrained\">\n<h2 class=\"wp-block-heading\" id=\"h-felipe-melo-e-sincero\">Felipe Melo \u00e9 sincero<\/h2>\n\n\n\n<p>Felipe Melo, ex-volante do Fluminense, exaltou as conquistas recentes do clube carioca, destacando o bicampeonato estadual conquistado em cima do Flamengo como um marco importante. Segundo ele, esses t\u00edtulos impulsionaram a equipe rumo \u00e0 Libertadores e \u00e0 Recopa Sul-Americana. Mesmo reconhecendo a superioridade do Flamengo no cen\u00e1rio nacional, Melo enfatizou o valor simb\u00f3lico de superar o rival em momentos decisivos<strong><a href=\"https:\/\/www.gaveanews.com\/index.php\/2025\/03\/24\/felipe-melo-crava-maior-time-no-brasil\/\"> (leia a mat\u00e9ria completa).<\/a><\/strong><\/p>\n\n\n\n<figure class=\"wp-block-image size-full\"><img loading=\"lazy\" decoding=\"async\" width=\"900\" height=\"600\" src=\"http:\/\/www.gaveanews.com\/wp-content\/uploads\/Felipe-Melo-comentarista-da-Rede-Globo.webp\" alt=\"\" class=\"wp-image-244418\"\/><figcaption class=\"wp-element-caption\">Felipe Melo, comentarista da Rede Globo (Foto: Marcelo de Jesus)<\/figcaption><\/figure>\n\n\n\n<p>Al\u00e9m das conquistas, o jogador ressaltou a supera\u00e7\u00e3o de um advers\u00e1rio historicamente complicado: a LDU, vencida na final da Recopa. <\/p>\n\n\n\n<p>Ele tamb\u00e9m revelou bastidores de sua chegada ao Fluminense, comentando que esteve muito pr\u00f3ximo de acertar com o Internacional, mas acabou optando pelo Tricolor das Laranjeiras ap\u00f3s uma reviravolta nas negocia\u00e7\u00f5es. Essa mudan\u00e7a foi decisiva para que ele vivesse um dos per\u00edodos mais memor\u00e1veis de sua carreira.<\/p>\n\n\n\n<p>Felipe Melo tamb\u00e9m dedicou palavras emocionadas ao t\u00e9cnico Fernando Diniz, com quem manteve forte v\u00ednculo profissional e pessoal. Ele lamentou a sa\u00edda do treinador, mas garantiu que continuar\u00e1 respeitando e enaltecendo seu nome onde quer que v\u00e1. O reconhecimento p\u00fablico do ex-jogador refor\u00e7a a import\u00e2ncia de Diniz na fase vitoriosa recente do Fluminense e destaca o impacto humano que o treinador teve dentro do elenco.<\/p>\n\n\n\n<h2 class=\"wp-block-heading\" id=\"h-andre-ganha-destaque-na-europa\">Andr\u00e9 ganha destaque na Europa<\/h2>\n\n\n\n<p>A trajet\u00f3ria de Andr\u00e9 no futebol europeu tem chamado aten\u00e7\u00e3o desde sua chegada ao Wolverhampton. O ex-volante do Fluminense ganhou destaque na Premier League e foi amplamente elogiado por Dave Edwards, ex-atleta do pr\u00f3prio clube ingl\u00eas e da sele\u00e7\u00e3o galesa. Segundo Edwards, o brasileiro se tornou um dos melhores volantes da liga, destacando-se especialmente por sua capacidade defensiva e leitura de jogo, que o colocam entre os pilares da equipe inglesa<strong><a href=\"https:\/\/www.gaveanews.com\/index.php\/2025\/03\/24\/andre-ex-fluminense-ganha-destaque-na-premier-league-um-dos-melhores\/\"> (leia a mat\u00e9ria completa).<\/a><\/strong><\/p>\n\n\n\n<figure class=\"wp-block-image size-full\"><img loading=\"lazy\" decoding=\"async\" width=\"696\" height=\"464\" src=\"http:\/\/www.gaveanews.com\/wp-content\/uploads\/volante-andre-x-palmerias-2024-696x464-1.webp\" alt=\"\" class=\"wp-image-160555\" srcset=\"https:\/\/www.gaveanews.com\/wp-content\/uploads\/volante-andre-x-palmerias-2024-696x464-1.webp 696w, https:\/\/www.gaveanews.com\/wp-content\/uploads\/volante-andre-x-palmerias-2024-696x464-1-300x200.webp 300w, https:\/\/www.gaveanews.com\/wp-content\/uploads\/volante-andre-x-palmerias-2024-696x464-1-630x420.webp 630w, https:\/\/www.gaveanews.com\/wp-content\/uploads\/volante-andre-x-palmerias-2024-696x464-1-640x427.webp 640w, https:\/\/www.gaveanews.com\/wp-content\/uploads\/volante-andre-x-palmerias-2024-696x464-1-681x454.webp 681w, https:\/\/www.gaveanews.com\/wp-content\/uploads\/volante-andre-x-palmerias-2024-696x464-1-100x67.webp 100w\" sizes=\"auto, (max-width: 696px) 100vw, 696px\" \/><figcaption class=\"wp-element-caption\">FOTO: LUCAS MER\u00c7ON \/ FLUMINENSE F.C.\n<\/figcaption><\/figure>\n\n\n\n<p>A presen\u00e7a de Andr\u00e9 no meio-campo tem sido essencial para o equil\u00edbrio t\u00e1tico do Wolverhampton. Com posicionamento preciso e controle sob press\u00e3o, ele se tornou o \u201ccora\u00e7\u00e3o do time\u201d, nas palavras de Edwards. Al\u00e9m da marca\u00e7\u00e3o, o volante tamb\u00e9m mostra habilidade na distribui\u00e7\u00e3o de passes, mesmo em situa\u00e7\u00f5es adversas. Sua import\u00e2ncia \u00e9 tanta que ele foi eleito o melhor jogador do m\u00eas de setembro de 2024, mesmo sem ter marcado gols desde sua chegada.<\/p>\n\n\n\n<p>Estatisticamente, Andr\u00e9 figura entre os l\u00edderes em passes realizados sob press\u00e3o, ficando atr\u00e1s apenas de nomes de peso como Kovacic e Rodri. Seu desempenho consistente tem sido reconhecido tanto por especialistas quanto pelos torcedores, fortalecendo sua imagem como um dos grandes nomes brasileiros atuando no exterior. Sua evolu\u00e7\u00e3o n\u00e3o apenas impulsiona o time ingl\u00eas, como tamb\u00e9m simboliza a for\u00e7a do futebol brasileiro no cen\u00e1rio internacional.<\/p>\n\n\n\n<h2 class=\"wp-block-heading\" id=\"h-atacante-de-saida\">Atacante de sa\u00edda<\/h2>\n\n\n\n<p>O Fluminense est\u00e1 em fase final de negocia\u00e7\u00e3o para o empr\u00e9stimo do atacante Lel\u00ea ao Cear\u00e1, ap\u00f3s outras movimenta\u00e7\u00f5es recentes no elenco, como a sa\u00edda de John Kennedy para o Pachuca e a venda de Kau\u00e3 Elias ao Shakhtar Donetsk. Fora dos planos do t\u00e9cnico Mano Menezes, o jogador deve refor\u00e7ar um clube da S\u00e9rie A do Brasileir\u00e3o, ganhando assim uma nova oportunidade de sequ\u00eancia na carreira <strong><a href=\"https:\/\/www.gaveanews.com\/index.php\/2025\/03\/25\/fluminense-acerta-saida-de-atacante\/\">(leia a mat\u00e9ria completa).<\/a><\/strong><\/p>\n\n\n\n<blockquote class=\"instagram-media\" data-instgrm-permalink=\"https:\/\/www.instagram.com\/p\/DEYb9nippsP\/?utm_source=ig_embed&amp;utm_campaign=loading\" data-instgrm-version=\"14\" style=\" background:#FFF; border:0; border-radius:3px; box-shadow:0 0 1px 0 rgba(0,0,0,0.5),0 1px 10px 0 rgba(0,0,0,0.15); margin: 1px; max-width:540px; min-width:326px; padding:0; width:99.375%; width:-webkit-calc(100% - 2px); width:calc(100% - 2px);\"><div style=\"padding:16px;\"> <a href=\"https:\/\/www.instagram.com\/p\/DEYb9nippsP\/?utm_source=ig_embed&amp;utm_campaign=loading\" style=\" background:#FFFFFF; line-height:0; padding:0 0; text-align:center; text-decoration:none; width:100%;\" target=\"_blank\"> <div style=\" display: flex; flex-direction: row; align-items: center;\"> <div style=\"background-color: #F4F4F4; border-radius: 50%; flex-grow: 0; height: 40px; margin-right: 14px; width: 40px;\"><\/div> <div style=\"display: flex; flex-direction: column; flex-grow: 1; justify-content: center;\"> <div style=\" background-color: #F4F4F4; border-radius: 4px; flex-grow: 0; height: 14px; margin-bottom: 6px; width: 100px;\"><\/div> <div style=\" background-color: #F4F4F4; border-radius: 4px; flex-grow: 0; height: 14px; width: 60px;\"><\/div><\/div><\/div><div style=\"padding: 19% 0;\"><\/div> <div style=\"display:block; height:50px; margin:0 auto 12px; width:50px;\"><svg width=\"50px\" height=\"50px\" viewBox=\"0 0 60 60\" version=\"1.1\" xmlns=\"https:\/\/www.w3.org\/2000\/svg\" xmlns:xlink=\"https:\/\/www.w3.org\/1999\/xlink\"><g stroke=\"none\" stroke-width=\"1\" fill=\"none\" fill-rule=\"evenodd\"><g transform=\"translate(-511.000000, -20.000000)\" fill=\"#000000\"><g><path d=\"M556.869,30.41 C554.814,30.41 553.148,32.076 553.148,34.131 C553.148,36.186 554.814,37.852 556.869,37.852 C558.924,37.852 560.59,36.186 560.59,34.131 C560.59,32.076 558.924,30.41 556.869,30.41 M541,60.657 C535.114,60.657 530.342,55.887 530.342,50 C530.342,44.114 535.114,39.342 541,39.342 C546.887,39.342 551.658,44.114 551.658,50 C551.658,55.887 546.887,60.657 541,60.657 M541,33.886 C532.1,33.886 524.886,41.1 524.886,50 C524.886,58.899 532.1,66.113 541,66.113 C549.9,66.113 557.115,58.899 557.115,50 C557.115,41.1 549.9,33.886 541,33.886 M565.378,62.101 C565.244,65.022 564.756,66.606 564.346,67.663 C563.803,69.06 563.154,70.057 562.106,71.106 C561.058,72.155 560.06,72.803 558.662,73.347 C557.607,73.757 556.021,74.244 553.102,74.378 C549.944,74.521 548.997,74.552 541,74.552 C533.003,74.552 532.056,74.521 528.898,74.378 C525.979,74.244 524.393,73.757 523.338,73.347 C521.94,72.803 520.942,72.155 519.894,71.106 C518.846,70.057 518.197,69.06 517.654,67.663 C517.244,66.606 516.755,65.022 516.623,62.101 C516.479,58.943 516.448,57.996 516.448,50 C516.448,42.003 516.479,41.056 516.623,37.899 C516.755,34.978 517.244,33.391 517.654,32.338 C518.197,30.938 518.846,29.942 519.894,28.894 C520.942,27.846 521.94,27.196 523.338,26.654 C524.393,26.244 525.979,25.756 528.898,25.623 C532.057,25.479 533.004,25.448 541,25.448 C548.997,25.448 549.943,25.479 553.102,25.623 C556.021,25.756 557.607,26.244 558.662,26.654 C560.06,27.196 561.058,27.846 562.106,28.894 C563.154,29.942 563.803,30.938 564.346,32.338 C564.756,33.391 565.244,34.978 565.378,37.899 C565.522,41.056 565.552,42.003 565.552,50 C565.552,57.996 565.522,58.943 565.378,62.101 M570.82,37.631 C570.674,34.438 570.167,32.258 569.425,30.349 C568.659,28.377 567.633,26.702 565.965,25.035 C564.297,23.368 562.623,22.342 560.652,21.575 C558.743,20.834 556.562,20.326 553.369,20.18 C550.169,20.033 549.148,20 541,20 C532.853,20 531.831,20.033 528.631,20.18 C525.438,20.326 523.257,20.834 521.349,21.575 C519.376,22.342 517.703,23.368 516.035,25.035 C514.368,26.702 513.342,28.377 512.574,30.349 C511.834,32.258 511.326,34.438 511.181,37.631 C511.035,40.831 511,41.851 511,50 C511,58.147 511.035,59.17 511.181,62.369 C511.326,65.562 511.834,67.743 512.574,69.651 C513.342,71.625 514.368,73.296 516.035,74.965 C517.703,76.634 519.376,77.658 521.349,78.425 C523.257,79.167 525.438,79.673 528.631,79.82 C531.831,79.965 532.853,80.001 541,80.001 C549.148,80.001 550.169,79.965 553.369,79.82 C556.562,79.673 558.743,79.167 560.652,78.425 C562.623,77.658 564.297,76.634 565.965,74.965 C567.633,73.296 568.659,71.625 569.425,69.651 C570.167,67.743 570.674,65.562 570.82,62.369 C570.966,59.17 571,58.147 571,50 C571,41.851 570.966,40.831 570.82,37.631\"><\/path><\/g><\/g><\/g><\/svg><\/div><div style=\"padding-top: 8px;\"> <div style=\" color:#3897f0; font-family:Arial,sans-serif; font-size:14px; font-style:normal; font-weight:550; line-height:18px;\">Ver essa foto no Instagram<\/div><\/div><div style=\"padding: 12.5% 0;\"><\/div> <div style=\"display: flex; flex-direction: row; margin-bottom: 14px; align-items: center;\"><div> <div style=\"background-color: #F4F4F4; border-radius: 50%; height: 12.5px; width: 12.5px; transform: translateX(0px) translateY(7px);\"><\/div> <div style=\"background-color: #F4F4F4; height: 12.5px; transform: rotate(-45deg) translateX(3px) translateY(1px); width: 12.5px; flex-grow: 0; margin-right: 14px; margin-left: 2px;\"><\/div> <div style=\"background-color: #F4F4F4; border-radius: 50%; height: 12.5px; width: 12.5px; transform: translateX(9px) translateY(-18px);\"><\/div><\/div><div style=\"margin-left: 8px;\"> <div style=\" background-color: #F4F4F4; border-radius: 50%; flex-grow: 0; height: 20px; width: 20px;\"><\/div> <div style=\" width: 0; height: 0; border-top: 2px solid transparent; border-left: 6px solid #f4f4f4; border-bottom: 2px solid transparent; transform: translateX(16px) translateY(-4px) rotate(30deg)\"><\/div><\/div><div style=\"margin-left: auto;\"> <div style=\" width: 0px; border-top: 8px solid #F4F4F4; border-right: 8px solid transparent; transform: translateY(16px);\"><\/div> <div style=\" background-color: #F4F4F4; flex-grow: 0; height: 12px; width: 16px; transform: translateY(-4px);\"><\/div> <div style=\" width: 0; height: 0; border-top: 8px solid #F4F4F4; border-left: 8px solid transparent; transform: translateY(-4px) translateX(8px);\"><\/div><\/div><\/div> <div style=\"display: flex; flex-direction: column; flex-grow: 1; justify-content: center; margin-bottom: 24px;\"> <div style=\" background-color: #F4F4F4; border-radius: 4px; flex-grow: 0; height: 14px; margin-bottom: 6px; width: 224px;\"><\/div> <div style=\" background-color: #F4F4F4; border-radius: 4px; flex-grow: 0; height: 14px; width: 144px;\"><\/div><\/div><\/a><p style=\" color:#c9c8cd; font-family:Arial,sans-serif; font-size:14px; line-height:17px; margin-bottom:0; margin-top:8px; overflow:hidden; padding:8px 0 7px; text-align:center; text-overflow:ellipsis; white-space:nowrap;\"><a href=\"https:\/\/www.instagram.com\/p\/DEYb9nippsP\/?utm_source=ig_embed&amp;utm_campaign=loading\" style=\" color:#c9c8cd; font-family:Arial,sans-serif; font-size:14px; font-style:normal; font-weight:normal; line-height:17px; text-decoration:none;\" target=\"_blank\">Uma publica\u00e7\u00e3o compartilhada por Lele Silva (@leelesiilva97)<\/a><\/p><\/div><\/blockquote>\n<script async src=\"\/\/www.instagram.com\/embed.js\"><\/script>\n\n\n\n<p>Segundo o jornalista Hor\u00e1cio Neto, Lel\u00ea j\u00e1 est\u00e1 em Fortaleza para realizar exames m\u00e9dicos e oficializar sua chegada ao Voz\u00e3o. O empr\u00e9stimo ter\u00e1 dura\u00e7\u00e3o at\u00e9 dezembro de 2025, com o Cear\u00e1 assumindo integralmente o pagamento dos sal\u00e1rios do atleta. A negocia\u00e7\u00e3o foi facilitada pelo fato de Lel\u00ea ter pouco espa\u00e7o no Fluminense, mesmo com contrato vigente at\u00e9 2028, e pela necessidade do clube carioca de enxugar o elenco.<\/p>\n\n\n\n<p>Com 27 anos, Lel\u00ea teve um in\u00edcio promissor no Volta Redonda, mas desde sua chegada \u00e0s Laranjeiras enfrentou dificuldades para se firmar. Em 2025, participou de apenas tr\u00eas partidas, em parte devido a uma les\u00e3o grave que o afastou por um per\u00edodo. Agora, a expectativa \u00e9 que o jogador possa reencontrar o bom futebol no Cear\u00e1 e, futuramente, retornar ao Fluminense mais preparado para competir por uma vaga no elenco principal.<\/p>\n<\/div><\/div>\n","protected":false},"excerpt":{"rendered":"<p>Nas \u00faltimas horas, o foco das not\u00edcias sobre o Fluminense se concentram nos bastidores do clube, com destaques do dia a dia do time. Por conta deste contexto, leia abaixo um resumo preparado pela equipe do portal G\u00e1vea News para lhe manter muito bem informado! Felipe Melo \u00e9 sincero Felipe Melo, ex-volante do Fluminense, exaltou [&hellip;]<\/p>\n","protected":false},"author":33,"featured_media":152558,"comment_status":"open","ping_status":"closed","sticky":false,"template":"","format":"standard","meta":{"footnotes":""},"categories":[145],"tags":[],"class_list":["post-246045","post","type-post","status-publish","format-standard","has-post-thumbnail","hentry","category-fluminense"],"yoast_head":"<!-- This site is optimized with the Yoast SEO Premium plugin v24.2 (Yoast SEO v26.9) - https:\/\/yoast.com\/product\/yoast-seo-premium-wordpress\/ -->\n<title>Atacante de sa\u00edda, Andr\u00e9 ganha destaque na Europa e Felipe Melo \u00e9 sincero: as \u00faltimas not\u00edcias do Fluminense<\/title>\n<meta name=\"robots\" content=\"index, follow, max-snippet:-1, max-image-preview:large, max-video-preview:-1\" \/>\n<link rel=\"canonical\" href=\"https:\/\/www.gaveanews.com\/index.php\/2025\/03\/28\/atacante-de-saida-andre-ganha-destaque-na-europa-e-felipe-melo-e-sincero-as-ultimas-noticias-do-fluminense\/\" \/>\n<meta property=\"og:locale\" content=\"pt_BR\" \/>\n<meta property=\"og:type\" content=\"article\" \/>\n<meta property=\"og:title\" content=\"Atacante de sa\u00edda, Andr\u00e9 ganha destaque na Europa e Felipe Melo \u00e9 sincero: as \u00faltimas not\u00edcias do Fluminense\" \/>\n<meta property=\"og:description\" content=\"Nas \u00faltimas horas, o foco das not\u00edcias sobre o Fluminense se concentram nos bastidores do clube, com destaques do dia a dia do time. Por conta deste contexto, leia abaixo um resumo preparado pela equipe do portal G\u00e1vea News para lhe manter muito bem informado! Felipe Melo \u00e9 sincero Felipe Melo, ex-volante do Fluminense, exaltou [&hellip;]\" \/>\n<meta property=\"og:url\" content=\"https:\/\/www.gaveanews.com\/index.php\/2025\/03\/28\/atacante-de-saida-andre-ganha-destaque-na-europa-e-felipe-melo-e-sincero-as-ultimas-noticias-do-fluminense\/\" \/>\n<meta property=\"og:site_name\" content=\"G\u00e1vea News\" \/>\n<meta property=\"article:publisher\" content=\"https:\/\/facebook.com\/gaveaNews\/\" \/>\n<meta property=\"article:published_time\" content=\"2025-03-28T20:05:00+00:00\" \/>\n<meta property=\"og:image\" content=\"https:\/\/www.gaveanews.com\/wp-content\/uploads\/Bandeira-do-Fluminense.webp\" \/>\n\t<meta property=\"og:image:width\" content=\"1440\" \/>\n\t<meta property=\"og:image:height\" content=\"1080\" \/>\n\t<meta property=\"og:image:type\" content=\"image\/webp\" \/>\n<meta name=\"author\" content=\"Brenda Cezillo\" \/>\n<meta name=\"twitter:card\" content=\"summary_large_image\" \/>\n<meta name=\"twitter:label1\" content=\"Escrito por\" \/>\n\t<meta name=\"twitter:data1\" content=\"Brenda Cezillo\" \/>\n\t<meta name=\"twitter:label2\" content=\"Est. tempo de leitura\" \/>\n\t<meta name=\"twitter:data2\" content=\"5 minutos\" \/>\n<script type=\"application\/ld+json\" class=\"yoast-schema-graph\">{\"@context\":\"https:\/\/schema.org\",\"@graph\":[{\"@type\":\"NewsArticle\",\"@id\":\"https:\/\/www.gaveanews.com\/index.php\/2025\/03\/28\/atacante-de-saida-andre-ganha-destaque-na-europa-e-felipe-melo-e-sincero-as-ultimas-noticias-do-fluminense\/#article\",\"isPartOf\":{\"@id\":\"https:\/\/www.gaveanews.com\/index.php\/2025\/03\/28\/atacante-de-saida-andre-ganha-destaque-na-europa-e-felipe-melo-e-sincero-as-ultimas-noticias-do-fluminense\/\"},\"author\":{\"name\":\"Brenda Cezillo\",\"@id\":\"https:\/\/www.gaveanews.com\/#\/schema\/person\/c79759ca337c40791ae8d08e2923d403\"},\"headline\":\"Atacante de sa\u00edda, Andr\u00e9 ganha destaque na Europa e Felipe Melo \u00e9 sincero: as \u00faltimas not\u00edcias do Fluminense\",\"datePublished\":\"2025-03-28T20:05:00+00:00\",\"mainEntityOfPage\":{\"@id\":\"https:\/\/www.gaveanews.com\/index.php\/2025\/03\/28\/atacante-de-saida-andre-ganha-destaque-na-europa-e-felipe-melo-e-sincero-as-ultimas-noticias-do-fluminense\/\"},\"wordCount\":790,\"commentCount\":0,\"image\":{\"@id\":\"https:\/\/www.gaveanews.com\/index.php\/2025\/03\/28\/atacante-de-saida-andre-ganha-destaque-na-europa-e-felipe-melo-e-sincero-as-ultimas-noticias-do-fluminense\/#primaryimage\"},\"thumbnailUrl\":\"https:\/\/www.gaveanews.com\/wp-content\/uploads\/Bandeira-do-Fluminense.webp\",\"articleSection\":[\"Fluminense\"],\"inLanguage\":\"pt-BR\",\"potentialAction\":[{\"@type\":\"CommentAction\",\"name\":\"Comment\",\"target\":[\"https:\/\/www.gaveanews.com\/index.php\/2025\/03\/28\/atacante-de-saida-andre-ganha-destaque-na-europa-e-felipe-melo-e-sincero-as-ultimas-noticias-do-fluminense\/#respond\"]}],\"copyrightYear\":\"2025\",\"copyrightHolder\":{\"@id\":\"https:\/\/www.gaveanews.com\/#organization\"}},{\"@type\":\"WebPage\",\"@id\":\"https:\/\/www.gaveanews.com\/index.php\/2025\/03\/28\/atacante-de-saida-andre-ganha-destaque-na-europa-e-felipe-melo-e-sincero-as-ultimas-noticias-do-fluminense\/\",\"url\":\"https:\/\/www.gaveanews.com\/index.php\/2025\/03\/28\/atacante-de-saida-andre-ganha-destaque-na-europa-e-felipe-melo-e-sincero-as-ultimas-noticias-do-fluminense\/\",\"name\":\"Atacante de sa\u00edda, Andr\u00e9 ganha destaque na Europa e Felipe Melo \u00e9 sincero: as \u00faltimas not\u00edcias do Fluminense\",\"isPartOf\":{\"@id\":\"https:\/\/www.gaveanews.com\/#website\"},\"primaryImageOfPage\":{\"@id\":\"https:\/\/www.gaveanews.com\/index.php\/2025\/03\/28\/atacante-de-saida-andre-ganha-destaque-na-europa-e-felipe-melo-e-sincero-as-ultimas-noticias-do-fluminense\/#primaryimage\"},\"image\":{\"@id\":\"https:\/\/www.gaveanews.com\/index.php\/2025\/03\/28\/atacante-de-saida-andre-ganha-destaque-na-europa-e-felipe-melo-e-sincero-as-ultimas-noticias-do-fluminense\/#primaryimage\"},\"thumbnailUrl\":\"https:\/\/www.gaveanews.com\/wp-content\/uploads\/Bandeira-do-Fluminense.webp\",\"datePublished\":\"2025-03-28T20:05:00+00:00\",\"author\":{\"@id\":\"https:\/\/www.gaveanews.com\/#\/schema\/person\/c79759ca337c40791ae8d08e2923d403\"},\"breadcrumb\":{\"@id\":\"https:\/\/www.gaveanews.com\/index.php\/2025\/03\/28\/atacante-de-saida-andre-ganha-destaque-na-europa-e-felipe-melo-e-sincero-as-ultimas-noticias-do-fluminense\/#breadcrumb\"},\"inLanguage\":\"pt-BR\",\"potentialAction\":[{\"@type\":\"ReadAction\",\"target\":[\"https:\/\/www.gaveanews.com\/index.php\/2025\/03\/28\/atacante-de-saida-andre-ganha-destaque-na-europa-e-felipe-melo-e-sincero-as-ultimas-noticias-do-fluminense\/\"]}]},{\"@type\":\"ImageObject\",\"inLanguage\":\"pt-BR\",\"@id\":\"https:\/\/www.gaveanews.com\/index.php\/2025\/03\/28\/atacante-de-saida-andre-ganha-destaque-na-europa-e-felipe-melo-e-sincero-as-ultimas-noticias-do-fluminense\/#primaryimage\",\"url\":\"https:\/\/www.gaveanews.com\/wp-content\/uploads\/Bandeira-do-Fluminense.webp\",\"contentUrl\":\"https:\/\/www.gaveanews.com\/wp-content\/uploads\/Bandeira-do-Fluminense.webp\",\"width\":1440,\"height\":1080,\"caption\":\"Bandeira do Fluminense (Foto: Reprodu\u00e7\u00e3o\/Fluminense)\"},{\"@type\":\"BreadcrumbList\",\"@id\":\"https:\/\/www.gaveanews.com\/index.php\/2025\/03\/28\/atacante-de-saida-andre-ganha-destaque-na-europa-e-felipe-melo-e-sincero-as-ultimas-noticias-do-fluminense\/#breadcrumb\",\"itemListElement\":[{\"@type\":\"ListItem\",\"position\":1,\"name\":\"Home\",\"item\":\"https:\/\/www.gaveanews.com\/\"},{\"@type\":\"ListItem\",\"position\":2,\"name\":\"Atacante de sa\u00edda, Andr\u00e9 ganha destaque na Europa e Felipe Melo \u00e9 sincero: as \u00faltimas not\u00edcias do Fluminense\"}]},{\"@type\":\"WebSite\",\"@id\":\"https:\/\/www.gaveanews.com\/#website\",\"url\":\"https:\/\/www.gaveanews.com\/\",\"name\":\"G\u00e1vea News\",\"description\":\"Veja todas as not\u00edcias sobre o Flamengo: Contrata\u00e7\u00f5es, categorias de base, resultados das partidas, tabela de classifica\u00e7\u00e3o, pr\u00f3ximos jogos!\",\"potentialAction\":[{\"@type\":\"SearchAction\",\"target\":{\"@type\":\"EntryPoint\",\"urlTemplate\":\"https:\/\/www.gaveanews.com\/?s={search_term_string}\"},\"query-input\":{\"@type\":\"PropertyValueSpecification\",\"valueRequired\":true,\"valueName\":\"search_term_string\"}}],\"inLanguage\":\"pt-BR\"},{\"@type\":\"Person\",\"@id\":\"https:\/\/www.gaveanews.com\/#\/schema\/person\/c79759ca337c40791ae8d08e2923d403\",\"name\":\"Brenda Cezillo\",\"image\":{\"@type\":\"ImageObject\",\"inLanguage\":\"pt-BR\",\"@id\":\"https:\/\/www.gaveanews.com\/#\/schema\/person\/image\/\",\"url\":\"https:\/\/secure.gravatar.com\/avatar\/1738d75cee7317f9c29ae61dd67620c5883d80a92e42a6fff88ae5d527af217a?s=96&d=mm&r=g\",\"contentUrl\":\"https:\/\/secure.gravatar.com\/avatar\/1738d75cee7317f9c29ae61dd67620c5883d80a92e42a6fff88ae5d527af217a?s=96&d=mm&r=g\",\"caption\":\"Brenda Cezillo\"}}]}<\/script>\n<!-- \/ Yoast SEO Premium plugin. -->","yoast_head_json":{"title":"Atacante de sa\u00edda, Andr\u00e9 ganha destaque na Europa e Felipe Melo \u00e9 sincero: as \u00faltimas not\u00edcias do Fluminense","robots":{"index":"index","follow":"follow","max-snippet":"max-snippet:-1","max-image-preview":"max-image-preview:large","max-video-preview":"max-video-preview:-1"},"canonical":"https:\/\/www.gaveanews.com\/index.php\/2025\/03\/28\/atacante-de-saida-andre-ganha-destaque-na-europa-e-felipe-melo-e-sincero-as-ultimas-noticias-do-fluminense\/","og_locale":"pt_BR","og_type":"article","og_title":"Atacante de sa\u00edda, Andr\u00e9 ganha destaque na Europa e Felipe Melo \u00e9 sincero: as \u00faltimas not\u00edcias do Fluminense","og_description":"Nas \u00faltimas horas, o foco das not\u00edcias sobre o Fluminense se concentram nos bastidores do clube, com destaques do dia a dia do time. Por conta deste contexto, leia abaixo um resumo preparado pela equipe do portal G\u00e1vea News para lhe manter muito bem informado! Felipe Melo \u00e9 sincero Felipe Melo, ex-volante do Fluminense, exaltou [&hellip;]","og_url":"https:\/\/www.gaveanews.com\/index.php\/2025\/03\/28\/atacante-de-saida-andre-ganha-destaque-na-europa-e-felipe-melo-e-sincero-as-ultimas-noticias-do-fluminense\/","og_site_name":"G\u00e1vea News","article_publisher":"https:\/\/facebook.com\/gaveaNews\/","article_published_time":"2025-03-28T20:05:00+00:00","og_image":[{"width":1440,"height":1080,"url":"https:\/\/www.gaveanews.com\/wp-content\/uploads\/Bandeira-do-Fluminense.webp","type":"image\/webp"}],"author":"Brenda Cezillo","twitter_card":"summary_large_image","twitter_misc":{"Escrito por":"Brenda Cezillo","Est. tempo de leitura":"5 minutos"},"schema":{"@context":"https:\/\/schema.org","@graph":[{"@type":"NewsArticle","@id":"https:\/\/www.gaveanews.com\/index.php\/2025\/03\/28\/atacante-de-saida-andre-ganha-destaque-na-europa-e-felipe-melo-e-sincero-as-ultimas-noticias-do-fluminense\/#article","isPartOf":{"@id":"https:\/\/www.gaveanews.com\/index.php\/2025\/03\/28\/atacante-de-saida-andre-ganha-destaque-na-europa-e-felipe-melo-e-sincero-as-ultimas-noticias-do-fluminense\/"},"author":{"name":"Brenda Cezillo","@id":"https:\/\/www.gaveanews.com\/#\/schema\/person\/c79759ca337c40791ae8d08e2923d403"},"headline":"Atacante de sa\u00edda, Andr\u00e9 ganha destaque na Europa e Felipe Melo \u00e9 sincero: as \u00faltimas not\u00edcias do Fluminense","datePublished":"2025-03-28T20:05:00+00:00","mainEntityOfPage":{"@id":"https:\/\/www.gaveanews.com\/index.php\/2025\/03\/28\/atacante-de-saida-andre-ganha-destaque-na-europa-e-felipe-melo-e-sincero-as-ultimas-noticias-do-fluminense\/"},"wordCount":790,"commentCount":0,"image":{"@id":"https:\/\/www.gaveanews.com\/index.php\/2025\/03\/28\/atacante-de-saida-andre-ganha-destaque-na-europa-e-felipe-melo-e-sincero-as-ultimas-noticias-do-fluminense\/#primaryimage"},"thumbnailUrl":"https:\/\/www.gaveanews.com\/wp-content\/uploads\/Bandeira-do-Fluminense.webp","articleSection":["Fluminense"],"inLanguage":"pt-BR","potentialAction":[{"@type":"CommentAction","name":"Comment","target":["https:\/\/www.gaveanews.com\/index.php\/2025\/03\/28\/atacante-de-saida-andre-ganha-destaque-na-europa-e-felipe-melo-e-sincero-as-ultimas-noticias-do-fluminense\/#respond"]}],"copyrightYear":"2025","copyrightHolder":{"@id":"https:\/\/www.gaveanews.com\/#organization"}},{"@type":"WebPage","@id":"https:\/\/www.gaveanews.com\/index.php\/2025\/03\/28\/atacante-de-saida-andre-ganha-destaque-na-europa-e-felipe-melo-e-sincero-as-ultimas-noticias-do-fluminense\/","url":"https:\/\/www.gaveanews.com\/index.php\/2025\/03\/28\/atacante-de-saida-andre-ganha-destaque-na-europa-e-felipe-melo-e-sincero-as-ultimas-noticias-do-fluminense\/","name":"Atacante de sa\u00edda, Andr\u00e9 ganha destaque na Europa e Felipe Melo \u00e9 sincero: as \u00faltimas not\u00edcias do Fluminense","isPartOf":{"@id":"https:\/\/www.gaveanews.com\/#website"},"primaryImageOfPage":{"@id":"https:\/\/www.gaveanews.com\/index.php\/2025\/03\/28\/atacante-de-saida-andre-ganha-destaque-na-europa-e-felipe-melo-e-sincero-as-ultimas-noticias-do-fluminense\/#primaryimage"},"image":{"@id":"https:\/\/www.gaveanews.com\/index.php\/2025\/03\/28\/atacante-de-saida-andre-ganha-destaque-na-europa-e-felipe-melo-e-sincero-as-ultimas-noticias-do-fluminense\/#primaryimage"},"thumbnailUrl":"https:\/\/www.gaveanews.com\/wp-content\/uploads\/Bandeira-do-Fluminense.webp","datePublished":"2025-03-28T20:05:00+00:00","author":{"@id":"https:\/\/www.gaveanews.com\/#\/schema\/person\/c79759ca337c40791ae8d08e2923d403"},"breadcrumb":{"@id":"https:\/\/www.gaveanews.com\/index.php\/2025\/03\/28\/atacante-de-saida-andre-ganha-destaque-na-europa-e-felipe-melo-e-sincero-as-ultimas-noticias-do-fluminense\/#breadcrumb"},"inLanguage":"pt-BR","potentialAction":[{"@type":"ReadAction","target":["https:\/\/www.gaveanews.com\/index.php\/2025\/03\/28\/atacante-de-saida-andre-ganha-destaque-na-europa-e-felipe-melo-e-sincero-as-ultimas-noticias-do-fluminense\/"]}]},{"@type":"ImageObject","inLanguage":"pt-BR","@id":"https:\/\/www.gaveanews.com\/index.php\/2025\/03\/28\/atacante-de-saida-andre-ganha-destaque-na-europa-e-felipe-melo-e-sincero-as-ultimas-noticias-do-fluminense\/#primaryimage","url":"https:\/\/www.gaveanews.com\/wp-content\/uploads\/Bandeira-do-Fluminense.webp","contentUrl":"https:\/\/www.gaveanews.com\/wp-content\/uploads\/Bandeira-do-Fluminense.webp","width":1440,"height":1080,"caption":"Bandeira do Fluminense (Foto: Reprodu\u00e7\u00e3o\/Fluminense)"},{"@type":"BreadcrumbList","@id":"https:\/\/www.gaveanews.com\/index.php\/2025\/03\/28\/atacante-de-saida-andre-ganha-destaque-na-europa-e-felipe-melo-e-sincero-as-ultimas-noticias-do-fluminense\/#breadcrumb","itemListElement":[{"@type":"ListItem","position":1,"name":"Home","item":"https:\/\/www.gaveanews.com\/"},{"@type":"ListItem","position":2,"name":"Atacante de sa\u00edda, Andr\u00e9 ganha destaque na Europa e Felipe Melo \u00e9 sincero: as \u00faltimas not\u00edcias do Fluminense"}]},{"@type":"WebSite","@id":"https:\/\/www.gaveanews.com\/#website","url":"https:\/\/www.gaveanews.com\/","name":"G\u00e1vea News","description":"Veja todas as not\u00edcias sobre o Flamengo: Contrata\u00e7\u00f5es, categorias de base, resultados das partidas, tabela de classifica\u00e7\u00e3o, pr\u00f3ximos jogos!","potentialAction":[{"@type":"SearchAction","target":{"@type":"EntryPoint","urlTemplate":"https:\/\/www.gaveanews.com\/?s={search_term_string}"},"query-input":{"@type":"PropertyValueSpecification","valueRequired":true,"valueName":"search_term_string"}}],"inLanguage":"pt-BR"},{"@type":"Person","@id":"https:\/\/www.gaveanews.com\/#\/schema\/person\/c79759ca337c40791ae8d08e2923d403","name":"Brenda Cezillo","image":{"@type":"ImageObject","inLanguage":"pt-BR","@id":"https:\/\/www.gaveanews.com\/#\/schema\/person\/image\/","url":"https:\/\/secure.gravatar.com\/avatar\/1738d75cee7317f9c29ae61dd67620c5883d80a92e42a6fff88ae5d527af217a?s=96&d=mm&r=g","contentUrl":"https:\/\/secure.gravatar.com\/avatar\/1738d75cee7317f9c29ae61dd67620c5883d80a92e42a6fff88ae5d527af217a?s=96&d=mm&r=g","caption":"Brenda Cezillo"}}]}},"_links":{"self":[{"href":"https:\/\/www.gaveanews.com\/index.php\/wp-json\/wp\/v2\/posts\/246045","targetHints":{"allow":["GET"]}}],"collection":[{"href":"https:\/\/www.gaveanews.com\/index.php\/wp-json\/wp\/v2\/posts"}],"about":[{"href":"https:\/\/www.gaveanews.com\/index.php\/wp-json\/wp\/v2\/types\/post"}],"author":[{"embeddable":true,"href":"https:\/\/www.gaveanews.com\/index.php\/wp-json\/wp\/v2\/users\/33"}],"replies":[{"embeddable":true,"href":"https:\/\/www.gaveanews.com\/index.php\/wp-json\/wp\/v2\/comments?post=246045"}],"version-history":[{"count":1,"href":"https:\/\/www.gaveanews.com\/index.php\/wp-json\/wp\/v2\/posts\/246045\/revisions"}],"predecessor-version":[{"id":246062,"href":"https:\/\/www.gaveanews.com\/index.php\/wp-json\/wp\/v2\/posts\/246045\/revisions\/246062"}],"wp:featuredmedia":[{"embeddable":true,"href":"https:\/\/www.gaveanews.com\/index.php\/wp-json\/wp\/v2\/media\/152558"}],"wp:attachment":[{"href":"https:\/\/www.gaveanews.com\/index.php\/wp-json\/wp\/v2\/media?parent=246045"}],"wp:term":[{"taxonomy":"category","embeddable":true,"href":"https:\/\/www.gaveanews.com\/index.php\/wp-json\/wp\/v2\/categories?post=246045"},{"taxonomy":"post_tag","embeddable":true,"href":"https:\/\/www.gaveanews.com\/index.php\/wp-json\/wp\/v2\/tags?post=246045"}],"curies":[{"name":"wp","href":"https:\/\/api.w.org\/{rel}","templated":true}]}}