{"id":246064,"date":"2025-03-28T17:40:00","date_gmt":"2025-03-28T20:40:00","guid":{"rendered":"https:\/\/www.gaveanews.com\/?p=246064"},"modified":"2025-03-28T15:44:14","modified_gmt":"2025-03-28T18:44:14","slug":"futuro-de-renato-augusto-recado-de-martinelli-e-declaracao-de-andre-as-ultimas-noticias-do-fluzao","status":"publish","type":"post","link":"https:\/\/www.gaveanews.com\/index.php\/2025\/03\/28\/futuro-de-renato-augusto-recado-de-martinelli-e-declaracao-de-andre-as-ultimas-noticias-do-fluzao\/","title":{"rendered":"Vasco fatura caminh\u00e3o de dinheiro, novo time titular e Pedrinho causa desconforto: as \u00faltimas not\u00edcias do Vasc\u00e3o"},"content":{"rendered":"\n<p>Nas \u00faltimas horas, o foco das not\u00edcias sobre o Vasco se concentram nos bastidores do clube, com destaques do dia a dia do time.<\/p>\n\n\n\n<p>Por conta deste contexto, leia abaixo um resumo preparado pela equipe do portal G\u00e1vea News para lhe manter muito bem informado!<\/p>\n\n\n\n<div class=\"wp-block-group\"><div class=\"wp-block-group__inner-container is-layout-constrained wp-block-group-is-layout-constrained\">\n<h2 class=\"wp-block-heading\" id=\"h-pedrinho-causa-desconforto\">Pedrinho causa desconforto<\/h2>\n\n\n\n<p>A gest\u00e3o de Pedrinho \u00e0 frente do Vasco da Gama tem gerado desconforto nos bastidores do clube, especialmente entre os funcion\u00e1rios mais antigos. A demiss\u00e3o repentina do fisioterapeuta Alexandre Barbosa, ap\u00f3s oito anos de servi\u00e7os prestados, acentuou o clima de inseguran\u00e7a entre os colaboradores. A falta de explica\u00e7\u00f5es por parte da diretoria sobre sua sa\u00edda aumentou o sentimento de instabilidade interna e alimentou questionamentos sobre os rumos da atual administra\u00e7\u00e3o<strong><a href=\"https:\/\/www.gaveanews.com\/index.php\/2025\/03\/24\/atitude-de-pedrinho-deixa-funcionarios-do-vasco-desconfortaveis\/\"> (leia a mat\u00e9ria completa).<\/a><\/strong><\/p>\n\n\n\n<figure class=\"wp-block-image size-full\"><img loading=\"lazy\" decoding=\"async\" width=\"1024\" height=\"562\" src=\"http:\/\/www.gaveanews.com\/wp-content\/uploads\/Pedrinho-presidente-do-Vasco.webp\" alt=\"\" class=\"wp-image-146559\" srcset=\"https:\/\/www.gaveanews.com\/wp-content\/uploads\/Pedrinho-presidente-do-Vasco.webp 1024w, https:\/\/www.gaveanews.com\/wp-content\/uploads\/Pedrinho-presidente-do-Vasco-300x165.webp 300w, https:\/\/www.gaveanews.com\/wp-content\/uploads\/Pedrinho-presidente-do-Vasco-768x422.webp 768w, https:\/\/www.gaveanews.com\/wp-content\/uploads\/Pedrinho-presidente-do-Vasco-765x420.webp 765w, https:\/\/www.gaveanews.com\/wp-content\/uploads\/Pedrinho-presidente-do-Vasco-640x350.webp 640w, https:\/\/www.gaveanews.com\/wp-content\/uploads\/Pedrinho-presidente-do-Vasco-681x374.webp 681w, https:\/\/www.gaveanews.com\/wp-content\/uploads\/Pedrinho-presidente-do-Vasco-1022x562.webp 1022w, https:\/\/www.gaveanews.com\/wp-content\/uploads\/Pedrinho-presidente-do-Vasco-100x55.webp 100w\" sizes=\"auto, (max-width: 1024px) 100vw, 1024px\" \/><figcaption class=\"wp-element-caption\">Pedrinho, presidente do Vasco (Foto: Reprodu\u00e7\u00e3o\/Vasco TV)<\/figcaption><\/figure>\n\n\n\n<p>Apesar de mudan\u00e7as em departamentos serem comuns durante per\u00edodos de reestrutura\u00e7\u00e3o, a forma como as decis\u00f5es est\u00e3o sendo conduzidas tem causado apreens\u00e3o. A aus\u00eancia de um posicionamento oficial e a incerteza quanto \u00e0 qualifica\u00e7\u00e3o dos substitutos geram cr\u00edticas n\u00e3o apenas internas, mas tamb\u00e9m entre torcedores, que demonstram preocupa\u00e7\u00e3o nas redes sociais com poss\u00edveis impactos negativos na estrutura do clube e no rendimento dos atletas.<\/p>\n\n\n\n<p>Diante desse cen\u00e1rio, a diretoria enfrenta o desafio de encontrar equil\u00edbrio entre renova\u00e7\u00e3o e valoriza\u00e7\u00e3o de profissionais experientes. A maneira como as mudan\u00e7as est\u00e3o sendo implementadas levanta d\u00favidas sobre a organiza\u00e7\u00e3o e o planejamento do Vasco fora de campo, o que pode afetar diretamente o desempenho esportivo e a confian\u00e7a dos profissionais que ainda integram o clube.<\/p>\n\n\n\n<h2 class=\"wp-block-heading\" id=\"h-novo-time-titular\">Novo time titular<\/h2>\n\n\n\n<p>No jogo-treino entre Vasco e Boavista, realizado no \u00faltimo s\u00e1bado, o t\u00e9cnico F\u00e1bio Carille surpreendeu ao escalar Souza como titular, mesmo ap\u00f3s o volante ter ficado fora das \u00faltimas convoca\u00e7\u00f5es no Campeonato Carioca. A ideia era testar o jogador em uma fun\u00e7\u00e3o mais recuada, como cabe\u00e7a de \u00e1rea, visando oferecer maior seguran\u00e7a defensiva. No entanto, a estrat\u00e9gia n\u00e3o funcionou bem no primeiro tempo, o que gerou d\u00favidas sobre a efetividade da mudan\u00e7a t\u00e1tica proposta pelo treinador <strong><a href=\"https:\/\/www.gaveanews.com\/index.php\/2025\/03\/25\/fabio-carille-testa-o-time-do-vasco-com-novidade-no-time-titular\/\">(leia a mat\u00e9ria completa).<\/a><\/strong><\/p>\n\n\n\n<figure class=\"wp-block-image size-full\"><img loading=\"lazy\" decoding=\"async\" width=\"738\" height=\"469\" src=\"http:\/\/www.gaveanews.com\/wp-content\/uploads\/Carille-pelo-Vasco.webp\" alt=\"Carille pelo Vasco\" class=\"wp-image-220355\"\/><figcaption class=\"wp-element-caption\">Carille pelo Vasco (Foto: Reprodu\u00e7\u00e3o) <\/figcaption><\/figure>\n\n\n\n<p>Carille ainda tentou uma abordagem mais ofensiva, posicionando Souza como um terceiro zagueiro quando a equipe tinha a posse de bola, liberando os laterais para o ataque. Apesar do mau desempenho inicial, o Vasco melhorou ap\u00f3s as substitui\u00e7\u00f5es no segundo tempo e conseguiu marcar gols. Mesmo assim, o t\u00e9cnico reconheceu que o jogador n\u00e3o vive seu melhor momento, embora tenha elogiado sua dedica\u00e7\u00e3o e experi\u00eancia, citando que ele permanece como op\u00e7\u00e3o dentro do elenco.<\/p>\n\n\n\n<p>Atualmente, o futuro de Souza no Vasco \u00e9 incerto. Com contrato v\u00e1lido at\u00e9 o fim da temporada, o jogador n\u00e3o est\u00e1 entre as prioridades do clube para 2025, e sua renova\u00e7\u00e3o n\u00e3o est\u00e1 sendo discutida. A tend\u00eancia \u00e9 que ele perca ainda mais espa\u00e7o com a chegada de refor\u00e7os e a prefer\u00eancia por nomes mais jovens. A expectativa \u00e9 de que, caso novas oportunidades n\u00e3o surjam, Souza procure outro destino ao final de seu v\u00ednculo com o Cruzmaltino.<\/p>\n\n\n\n<h2 class=\"wp-block-heading\" id=\"h-vasco-fatura-caminhao-de-dinheiro\">Vasco fatura caminh\u00e3o de dinheiro<\/h2>\n\n\n\n<p>O Vasco da Gama optou por vender o mando de campo dos confrontos contra Botafogo e Palmeiras, v\u00e1lidos pelo Campeonato Brasileiro, como parte de uma estrat\u00e9gia para refor\u00e7ar financeiramente os cofres do clube. Ao inv\u00e9s de atuar em S\u00e3o Janu\u00e1rio, o Cruzmaltino jogar\u00e1 no Est\u00e1dio Man\u00e9 Garrincha, em Bras\u00edlia, garantindo R$ 2 milh\u00f5es por partida. Al\u00e9m disso, h\u00e1 a possibilidade de um b\u00f4nus extra de R$ 500 mil, caso o p\u00fablico contra o Palmeiras ultrapasse a marca de 50 mil torcedores<strong><a href=\"https:\/\/www.gaveanews.com\/index.php\/2025\/03\/24\/o-valor-que-o-vasco-vai-receber-por-ter-vendido-o-jogo-contra-o-palmeiras\/\"> (leia a mat\u00e9ria completa).<\/a><\/strong><\/p>\n\n\n\n<figure class=\"wp-block-image size-large\"><img loading=\"lazy\" decoding=\"async\" width=\"1024\" height=\"576\" src=\"http:\/\/www.gaveanews.com\/wp-content\/uploads\/Futebol-e-dinheiro-1024x576.webp\" alt=\"\" class=\"wp-image-167240\" srcset=\"https:\/\/www.gaveanews.com\/wp-content\/uploads\/Futebol-e-dinheiro-1024x576.webp 1024w, https:\/\/www.gaveanews.com\/wp-content\/uploads\/Futebol-e-dinheiro-300x169.webp 300w, https:\/\/www.gaveanews.com\/wp-content\/uploads\/Futebol-e-dinheiro-768x432.webp 768w, https:\/\/www.gaveanews.com\/wp-content\/uploads\/Futebol-e-dinheiro-747x420.webp 747w, https:\/\/www.gaveanews.com\/wp-content\/uploads\/Futebol-e-dinheiro-640x360.webp 640w, https:\/\/www.gaveanews.com\/wp-content\/uploads\/Futebol-e-dinheiro-681x383.webp 681w, https:\/\/www.gaveanews.com\/wp-content\/uploads\/Futebol-e-dinheiro-100x56.webp 100w, https:\/\/www.gaveanews.com\/wp-content\/uploads\/Futebol-e-dinheiro.webp 1280w\" sizes=\"auto, (max-width: 1024px) 100vw, 1024px\" \/><figcaption class=\"wp-element-caption\">Futebol e dinheiro (Imagem: Editoria de arte\/G\u00e1vea News\/Henrique Machado)<\/figcaption><\/figure>\n\n\n\n<p>Essa movimenta\u00e7\u00e3o faz parte de uma abordagem mais ampla adotada pela gest\u00e3o do presidente Pedrinho, que busca alternativas para gerar receita sem comprometer o desempenho esportivo. A venda de mandos de campo j\u00e1 \u00e9 uma pr\u00e1tica comum no futebol brasileiro, por\u00e9m exige cuidados para que o clube n\u00e3o se afaste de sua base torcedora. Neste caso, o apelo comercial em Bras\u00edlia e o retorno financeiro falaram mais alto na decis\u00e3o da diretoria.<\/p>\n\n\n\n<p>A escolha da capital federal como sede das partidas tamb\u00e9m tem o objetivo de ampliar a visibilidade do Vasco em outras regi\u00f5es do pa\u00eds e aproximar o clube de torcedores fora do Rio de Janeiro. A renda adquirida poder\u00e1 ser investida no fortalecimento do elenco e em contrata\u00e7\u00f5es pontuais para a sequ\u00eancia do Brasileir\u00e3o. Com isso, o clube espera equilibrar a sa\u00fade financeira e manter a competitividade dentro de campo.<\/p>\n<\/div><\/div>\n","protected":false},"excerpt":{"rendered":"<p>Nas \u00faltimas horas, o foco das not\u00edcias sobre o Vasco se concentram nos bastidores do clube, com destaques do dia a dia do time. Por conta deste contexto, leia abaixo um resumo preparado pela equipe do portal G\u00e1vea News para lhe manter muito bem informado! Pedrinho causa desconforto A gest\u00e3o de Pedrinho \u00e0 frente do [&hellip;]<\/p>\n","protected":false},"author":33,"featured_media":157096,"comment_status":"open","ping_status":"closed","sticky":false,"template":"","format":"standard","meta":{"footnotes":""},"categories":[152],"tags":[],"class_list":["post-246064","post","type-post","status-publish","format-standard","has-post-thumbnail","hentry","category-vasco"],"yoast_head":"<!-- This site is optimized with the Yoast SEO Premium plugin v24.2 (Yoast SEO v26.9) - https:\/\/yoast.com\/product\/yoast-seo-premium-wordpress\/ -->\n<title>Vasco fatura caminh\u00e3o de dinheiro, novo time titular e Pedrinho causa desconforto: as \u00faltimas not\u00edcias do Vasc\u00e3o<\/title>\n<meta name=\"robots\" content=\"index, follow, max-snippet:-1, max-image-preview:large, max-video-preview:-1\" \/>\n<link rel=\"canonical\" href=\"https:\/\/www.gaveanews.com\/index.php\/2025\/03\/28\/futuro-de-renato-augusto-recado-de-martinelli-e-declaracao-de-andre-as-ultimas-noticias-do-fluzao\/\" \/>\n<meta property=\"og:locale\" content=\"pt_BR\" \/>\n<meta property=\"og:type\" content=\"article\" \/>\n<meta property=\"og:title\" content=\"Vasco fatura caminh\u00e3o de dinheiro, novo time titular e Pedrinho causa desconforto: as \u00faltimas not\u00edcias do Vasc\u00e3o\" \/>\n<meta property=\"og:description\" content=\"Nas \u00faltimas horas, o foco das not\u00edcias sobre o Vasco se concentram nos bastidores do clube, com destaques do dia a dia do time. Por conta deste contexto, leia abaixo um resumo preparado pela equipe do portal G\u00e1vea News para lhe manter muito bem informado! Pedrinho causa desconforto A gest\u00e3o de Pedrinho \u00e0 frente do [&hellip;]\" \/>\n<meta property=\"og:url\" content=\"https:\/\/www.gaveanews.com\/index.php\/2025\/03\/28\/futuro-de-renato-augusto-recado-de-martinelli-e-declaracao-de-andre-as-ultimas-noticias-do-fluzao\/\" \/>\n<meta property=\"og:site_name\" content=\"G\u00e1vea News\" \/>\n<meta property=\"article:publisher\" content=\"https:\/\/facebook.com\/gaveaNews\/\" \/>\n<meta property=\"article:published_time\" content=\"2025-03-28T20:40:00+00:00\" \/>\n<meta property=\"og:image\" content=\"https:\/\/www.gaveanews.com\/wp-content\/uploads\/Jogadores-do-Vasco-durante-partida-contra-o-Atletico-GO-pela-Copa-do-Brasil-2024.webp\" \/>\n\t<meta property=\"og:image:width\" content=\"1440\" \/>\n\t<meta property=\"og:image:height\" content=\"960\" \/>\n\t<meta property=\"og:image:type\" content=\"image\/jpeg\" \/>\n<meta name=\"author\" content=\"Brenda Cezillo\" \/>\n<meta name=\"twitter:card\" content=\"summary_large_image\" \/>\n<meta name=\"twitter:label1\" content=\"Escrito por\" \/>\n\t<meta name=\"twitter:data1\" content=\"Brenda Cezillo\" \/>\n\t<meta name=\"twitter:label2\" content=\"Est. tempo de leitura\" \/>\n\t<meta name=\"twitter:data2\" content=\"5 minutos\" \/>\n<script type=\"application\/ld+json\" class=\"yoast-schema-graph\">{\"@context\":\"https:\/\/schema.org\",\"@graph\":[{\"@type\":\"NewsArticle\",\"@id\":\"https:\/\/www.gaveanews.com\/index.php\/2025\/03\/28\/futuro-de-renato-augusto-recado-de-martinelli-e-declaracao-de-andre-as-ultimas-noticias-do-fluzao\/#article\",\"isPartOf\":{\"@id\":\"https:\/\/www.gaveanews.com\/index.php\/2025\/03\/28\/futuro-de-renato-augusto-recado-de-martinelli-e-declaracao-de-andre-as-ultimas-noticias-do-fluzao\/\"},\"author\":{\"name\":\"Brenda Cezillo\",\"@id\":\"https:\/\/www.gaveanews.com\/#\/schema\/person\/c79759ca337c40791ae8d08e2923d403\"},\"headline\":\"Vasco fatura caminh\u00e3o de dinheiro, novo time titular e Pedrinho causa desconforto: as \u00faltimas not\u00edcias do Vasc\u00e3o\",\"datePublished\":\"2025-03-28T20:40:00+00:00\",\"mainEntityOfPage\":{\"@id\":\"https:\/\/www.gaveanews.com\/index.php\/2025\/03\/28\/futuro-de-renato-augusto-recado-de-martinelli-e-declaracao-de-andre-as-ultimas-noticias-do-fluzao\/\"},\"wordCount\":840,\"commentCount\":0,\"image\":{\"@id\":\"https:\/\/www.gaveanews.com\/index.php\/2025\/03\/28\/futuro-de-renato-augusto-recado-de-martinelli-e-declaracao-de-andre-as-ultimas-noticias-do-fluzao\/#primaryimage\"},\"thumbnailUrl\":\"https:\/\/www.gaveanews.com\/wp-content\/uploads\/Jogadores-do-Vasco-durante-partida-contra-o-Atletico-GO-pela-Copa-do-Brasil-2024.webp\",\"articleSection\":[\"Vasco\"],\"inLanguage\":\"pt-BR\",\"potentialAction\":[{\"@type\":\"CommentAction\",\"name\":\"Comment\",\"target\":[\"https:\/\/www.gaveanews.com\/index.php\/2025\/03\/28\/futuro-de-renato-augusto-recado-de-martinelli-e-declaracao-de-andre-as-ultimas-noticias-do-fluzao\/#respond\"]}],\"copyrightYear\":\"2025\",\"copyrightHolder\":{\"@id\":\"https:\/\/www.gaveanews.com\/#organization\"}},{\"@type\":\"WebPage\",\"@id\":\"https:\/\/www.gaveanews.com\/index.php\/2025\/03\/28\/futuro-de-renato-augusto-recado-de-martinelli-e-declaracao-de-andre-as-ultimas-noticias-do-fluzao\/\",\"url\":\"https:\/\/www.gaveanews.com\/index.php\/2025\/03\/28\/futuro-de-renato-augusto-recado-de-martinelli-e-declaracao-de-andre-as-ultimas-noticias-do-fluzao\/\",\"name\":\"Vasco fatura caminh\u00e3o de dinheiro, novo time titular e Pedrinho causa desconforto: as \u00faltimas not\u00edcias do Vasc\u00e3o\",\"isPartOf\":{\"@id\":\"https:\/\/www.gaveanews.com\/#website\"},\"primaryImageOfPage\":{\"@id\":\"https:\/\/www.gaveanews.com\/index.php\/2025\/03\/28\/futuro-de-renato-augusto-recado-de-martinelli-e-declaracao-de-andre-as-ultimas-noticias-do-fluzao\/#primaryimage\"},\"image\":{\"@id\":\"https:\/\/www.gaveanews.com\/index.php\/2025\/03\/28\/futuro-de-renato-augusto-recado-de-martinelli-e-declaracao-de-andre-as-ultimas-noticias-do-fluzao\/#primaryimage\"},\"thumbnailUrl\":\"https:\/\/www.gaveanews.com\/wp-content\/uploads\/Jogadores-do-Vasco-durante-partida-contra-o-Atletico-GO-pela-Copa-do-Brasil-2024.webp\",\"datePublished\":\"2025-03-28T20:40:00+00:00\",\"author\":{\"@id\":\"https:\/\/www.gaveanews.com\/#\/schema\/person\/c79759ca337c40791ae8d08e2923d403\"},\"breadcrumb\":{\"@id\":\"https:\/\/www.gaveanews.com\/index.php\/2025\/03\/28\/futuro-de-renato-augusto-recado-de-martinelli-e-declaracao-de-andre-as-ultimas-noticias-do-fluzao\/#breadcrumb\"},\"inLanguage\":\"pt-BR\",\"potentialAction\":[{\"@type\":\"ReadAction\",\"target\":[\"https:\/\/www.gaveanews.com\/index.php\/2025\/03\/28\/futuro-de-renato-augusto-recado-de-martinelli-e-declaracao-de-andre-as-ultimas-noticias-do-fluzao\/\"]}]},{\"@type\":\"ImageObject\",\"inLanguage\":\"pt-BR\",\"@id\":\"https:\/\/www.gaveanews.com\/index.php\/2025\/03\/28\/futuro-de-renato-augusto-recado-de-martinelli-e-declaracao-de-andre-as-ultimas-noticias-do-fluzao\/#primaryimage\",\"url\":\"https:\/\/www.gaveanews.com\/wp-content\/uploads\/Jogadores-do-Vasco-durante-partida-contra-o-Atletico-GO-pela-Copa-do-Brasil-2024.webp\",\"contentUrl\":\"https:\/\/www.gaveanews.com\/wp-content\/uploads\/Jogadores-do-Vasco-durante-partida-contra-o-Atletico-GO-pela-Copa-do-Brasil-2024.webp\",\"width\":1440,\"height\":960,\"caption\":\"Jogadores do Vasco durante partida contra o Atletico-GO pela Copa do Brasil 2024 (Foto: Reprodu\u00e7\u00e3o\/Instagram)\"},{\"@type\":\"BreadcrumbList\",\"@id\":\"https:\/\/www.gaveanews.com\/index.php\/2025\/03\/28\/futuro-de-renato-augusto-recado-de-martinelli-e-declaracao-de-andre-as-ultimas-noticias-do-fluzao\/#breadcrumb\",\"itemListElement\":[{\"@type\":\"ListItem\",\"position\":1,\"name\":\"Home\",\"item\":\"https:\/\/www.gaveanews.com\/\"},{\"@type\":\"ListItem\",\"position\":2,\"name\":\"Vasco fatura caminh\u00e3o de dinheiro, novo time titular e Pedrinho causa desconforto: as \u00faltimas not\u00edcias do Vasc\u00e3o\"}]},{\"@type\":\"WebSite\",\"@id\":\"https:\/\/www.gaveanews.com\/#website\",\"url\":\"https:\/\/www.gaveanews.com\/\",\"name\":\"G\u00e1vea News\",\"description\":\"Veja todas as not\u00edcias sobre o Flamengo: Contrata\u00e7\u00f5es, categorias de base, resultados das partidas, tabela de classifica\u00e7\u00e3o, pr\u00f3ximos jogos!\",\"potentialAction\":[{\"@type\":\"SearchAction\",\"target\":{\"@type\":\"EntryPoint\",\"urlTemplate\":\"https:\/\/www.gaveanews.com\/?s={search_term_string}\"},\"query-input\":{\"@type\":\"PropertyValueSpecification\",\"valueRequired\":true,\"valueName\":\"search_term_string\"}}],\"inLanguage\":\"pt-BR\"},{\"@type\":\"Person\",\"@id\":\"https:\/\/www.gaveanews.com\/#\/schema\/person\/c79759ca337c40791ae8d08e2923d403\",\"name\":\"Brenda Cezillo\",\"image\":{\"@type\":\"ImageObject\",\"inLanguage\":\"pt-BR\",\"@id\":\"https:\/\/www.gaveanews.com\/#\/schema\/person\/image\/\",\"url\":\"https:\/\/secure.gravatar.com\/avatar\/1738d75cee7317f9c29ae61dd67620c5883d80a92e42a6fff88ae5d527af217a?s=96&d=mm&r=g\",\"contentUrl\":\"https:\/\/secure.gravatar.com\/avatar\/1738d75cee7317f9c29ae61dd67620c5883d80a92e42a6fff88ae5d527af217a?s=96&d=mm&r=g\",\"caption\":\"Brenda Cezillo\"}}]}<\/script>\n<!-- \/ Yoast SEO Premium plugin. -->","yoast_head_json":{"title":"Vasco fatura caminh\u00e3o de dinheiro, novo time titular e Pedrinho causa desconforto: as \u00faltimas not\u00edcias do Vasc\u00e3o","robots":{"index":"index","follow":"follow","max-snippet":"max-snippet:-1","max-image-preview":"max-image-preview:large","max-video-preview":"max-video-preview:-1"},"canonical":"https:\/\/www.gaveanews.com\/index.php\/2025\/03\/28\/futuro-de-renato-augusto-recado-de-martinelli-e-declaracao-de-andre-as-ultimas-noticias-do-fluzao\/","og_locale":"pt_BR","og_type":"article","og_title":"Vasco fatura caminh\u00e3o de dinheiro, novo time titular e Pedrinho causa desconforto: as \u00faltimas not\u00edcias do Vasc\u00e3o","og_description":"Nas \u00faltimas horas, o foco das not\u00edcias sobre o Vasco se concentram nos bastidores do clube, com destaques do dia a dia do time. Por conta deste contexto, leia abaixo um resumo preparado pela equipe do portal G\u00e1vea News para lhe manter muito bem informado! Pedrinho causa desconforto A gest\u00e3o de Pedrinho \u00e0 frente do [&hellip;]","og_url":"https:\/\/www.gaveanews.com\/index.php\/2025\/03\/28\/futuro-de-renato-augusto-recado-de-martinelli-e-declaracao-de-andre-as-ultimas-noticias-do-fluzao\/","og_site_name":"G\u00e1vea News","article_publisher":"https:\/\/facebook.com\/gaveaNews\/","article_published_time":"2025-03-28T20:40:00+00:00","og_image":[{"width":1440,"height":960,"url":"https:\/\/www.gaveanews.com\/wp-content\/uploads\/Jogadores-do-Vasco-durante-partida-contra-o-Atletico-GO-pela-Copa-do-Brasil-2024.webp","type":"image\/jpeg"}],"author":"Brenda Cezillo","twitter_card":"summary_large_image","twitter_misc":{"Escrito por":"Brenda Cezillo","Est. tempo de leitura":"5 minutos"},"schema":{"@context":"https:\/\/schema.org","@graph":[{"@type":"NewsArticle","@id":"https:\/\/www.gaveanews.com\/index.php\/2025\/03\/28\/futuro-de-renato-augusto-recado-de-martinelli-e-declaracao-de-andre-as-ultimas-noticias-do-fluzao\/#article","isPartOf":{"@id":"https:\/\/www.gaveanews.com\/index.php\/2025\/03\/28\/futuro-de-renato-augusto-recado-de-martinelli-e-declaracao-de-andre-as-ultimas-noticias-do-fluzao\/"},"author":{"name":"Brenda Cezillo","@id":"https:\/\/www.gaveanews.com\/#\/schema\/person\/c79759ca337c40791ae8d08e2923d403"},"headline":"Vasco fatura caminh\u00e3o de dinheiro, novo time titular e Pedrinho causa desconforto: as \u00faltimas not\u00edcias do Vasc\u00e3o","datePublished":"2025-03-28T20:40:00+00:00","mainEntityOfPage":{"@id":"https:\/\/www.gaveanews.com\/index.php\/2025\/03\/28\/futuro-de-renato-augusto-recado-de-martinelli-e-declaracao-de-andre-as-ultimas-noticias-do-fluzao\/"},"wordCount":840,"commentCount":0,"image":{"@id":"https:\/\/www.gaveanews.com\/index.php\/2025\/03\/28\/futuro-de-renato-augusto-recado-de-martinelli-e-declaracao-de-andre-as-ultimas-noticias-do-fluzao\/#primaryimage"},"thumbnailUrl":"https:\/\/www.gaveanews.com\/wp-content\/uploads\/Jogadores-do-Vasco-durante-partida-contra-o-Atletico-GO-pela-Copa-do-Brasil-2024.webp","articleSection":["Vasco"],"inLanguage":"pt-BR","potentialAction":[{"@type":"CommentAction","name":"Comment","target":["https:\/\/www.gaveanews.com\/index.php\/2025\/03\/28\/futuro-de-renato-augusto-recado-de-martinelli-e-declaracao-de-andre-as-ultimas-noticias-do-fluzao\/#respond"]}],"copyrightYear":"2025","copyrightHolder":{"@id":"https:\/\/www.gaveanews.com\/#organization"}},{"@type":"WebPage","@id":"https:\/\/www.gaveanews.com\/index.php\/2025\/03\/28\/futuro-de-renato-augusto-recado-de-martinelli-e-declaracao-de-andre-as-ultimas-noticias-do-fluzao\/","url":"https:\/\/www.gaveanews.com\/index.php\/2025\/03\/28\/futuro-de-renato-augusto-recado-de-martinelli-e-declaracao-de-andre-as-ultimas-noticias-do-fluzao\/","name":"Vasco fatura caminh\u00e3o de dinheiro, novo time titular e Pedrinho causa desconforto: as \u00faltimas not\u00edcias do Vasc\u00e3o","isPartOf":{"@id":"https:\/\/www.gaveanews.com\/#website"},"primaryImageOfPage":{"@id":"https:\/\/www.gaveanews.com\/index.php\/2025\/03\/28\/futuro-de-renato-augusto-recado-de-martinelli-e-declaracao-de-andre-as-ultimas-noticias-do-fluzao\/#primaryimage"},"image":{"@id":"https:\/\/www.gaveanews.com\/index.php\/2025\/03\/28\/futuro-de-renato-augusto-recado-de-martinelli-e-declaracao-de-andre-as-ultimas-noticias-do-fluzao\/#primaryimage"},"thumbnailUrl":"https:\/\/www.gaveanews.com\/wp-content\/uploads\/Jogadores-do-Vasco-durante-partida-contra-o-Atletico-GO-pela-Copa-do-Brasil-2024.webp","datePublished":"2025-03-28T20:40:00+00:00","author":{"@id":"https:\/\/www.gaveanews.com\/#\/schema\/person\/c79759ca337c40791ae8d08e2923d403"},"breadcrumb":{"@id":"https:\/\/www.gaveanews.com\/index.php\/2025\/03\/28\/futuro-de-renato-augusto-recado-de-martinelli-e-declaracao-de-andre-as-ultimas-noticias-do-fluzao\/#breadcrumb"},"inLanguage":"pt-BR","potentialAction":[{"@type":"ReadAction","target":["https:\/\/www.gaveanews.com\/index.php\/2025\/03\/28\/futuro-de-renato-augusto-recado-de-martinelli-e-declaracao-de-andre-as-ultimas-noticias-do-fluzao\/"]}]},{"@type":"ImageObject","inLanguage":"pt-BR","@id":"https:\/\/www.gaveanews.com\/index.php\/2025\/03\/28\/futuro-de-renato-augusto-recado-de-martinelli-e-declaracao-de-andre-as-ultimas-noticias-do-fluzao\/#primaryimage","url":"https:\/\/www.gaveanews.com\/wp-content\/uploads\/Jogadores-do-Vasco-durante-partida-contra-o-Atletico-GO-pela-Copa-do-Brasil-2024.webp","contentUrl":"https:\/\/www.gaveanews.com\/wp-content\/uploads\/Jogadores-do-Vasco-durante-partida-contra-o-Atletico-GO-pela-Copa-do-Brasil-2024.webp","width":1440,"height":960,"caption":"Jogadores do Vasco durante partida contra o Atletico-GO pela Copa do Brasil 2024 (Foto: Reprodu\u00e7\u00e3o\/Instagram)"},{"@type":"BreadcrumbList","@id":"https:\/\/www.gaveanews.com\/index.php\/2025\/03\/28\/futuro-de-renato-augusto-recado-de-martinelli-e-declaracao-de-andre-as-ultimas-noticias-do-fluzao\/#breadcrumb","itemListElement":[{"@type":"ListItem","position":1,"name":"Home","item":"https:\/\/www.gaveanews.com\/"},{"@type":"ListItem","position":2,"name":"Vasco fatura caminh\u00e3o de dinheiro, novo time titular e Pedrinho causa desconforto: as \u00faltimas not\u00edcias do Vasc\u00e3o"}]},{"@type":"WebSite","@id":"https:\/\/www.gaveanews.com\/#website","url":"https:\/\/www.gaveanews.com\/","name":"G\u00e1vea News","description":"Veja todas as not\u00edcias sobre o Flamengo: Contrata\u00e7\u00f5es, categorias de base, resultados das partidas, tabela de classifica\u00e7\u00e3o, pr\u00f3ximos jogos!","potentialAction":[{"@type":"SearchAction","target":{"@type":"EntryPoint","urlTemplate":"https:\/\/www.gaveanews.com\/?s={search_term_string}"},"query-input":{"@type":"PropertyValueSpecification","valueRequired":true,"valueName":"search_term_string"}}],"inLanguage":"pt-BR"},{"@type":"Person","@id":"https:\/\/www.gaveanews.com\/#\/schema\/person\/c79759ca337c40791ae8d08e2923d403","name":"Brenda Cezillo","image":{"@type":"ImageObject","inLanguage":"pt-BR","@id":"https:\/\/www.gaveanews.com\/#\/schema\/person\/image\/","url":"https:\/\/secure.gravatar.com\/avatar\/1738d75cee7317f9c29ae61dd67620c5883d80a92e42a6fff88ae5d527af217a?s=96&d=mm&r=g","contentUrl":"https:\/\/secure.gravatar.com\/avatar\/1738d75cee7317f9c29ae61dd67620c5883d80a92e42a6fff88ae5d527af217a?s=96&d=mm&r=g","caption":"Brenda Cezillo"}}]}},"_links":{"self":[{"href":"https:\/\/www.gaveanews.com\/index.php\/wp-json\/wp\/v2\/posts\/246064","targetHints":{"allow":["GET"]}}],"collection":[{"href":"https:\/\/www.gaveanews.com\/index.php\/wp-json\/wp\/v2\/posts"}],"about":[{"href":"https:\/\/www.gaveanews.com\/index.php\/wp-json\/wp\/v2\/types\/post"}],"author":[{"embeddable":true,"href":"https:\/\/www.gaveanews.com\/index.php\/wp-json\/wp\/v2\/users\/33"}],"replies":[{"embeddable":true,"href":"https:\/\/www.gaveanews.com\/index.php\/wp-json\/wp\/v2\/comments?post=246064"}],"version-history":[{"count":2,"href":"https:\/\/www.gaveanews.com\/index.php\/wp-json\/wp\/v2\/posts\/246064\/revisions"}],"predecessor-version":[{"id":246085,"href":"https:\/\/www.gaveanews.com\/index.php\/wp-json\/wp\/v2\/posts\/246064\/revisions\/246085"}],"wp:featuredmedia":[{"embeddable":true,"href":"https:\/\/www.gaveanews.com\/index.php\/wp-json\/wp\/v2\/media\/157096"}],"wp:attachment":[{"href":"https:\/\/www.gaveanews.com\/index.php\/wp-json\/wp\/v2\/media?parent=246064"}],"wp:term":[{"taxonomy":"category","embeddable":true,"href":"https:\/\/www.gaveanews.com\/index.php\/wp-json\/wp\/v2\/categories?post=246064"},{"taxonomy":"post_tag","embeddable":true,"href":"https:\/\/www.gaveanews.com\/index.php\/wp-json\/wp\/v2\/tags?post=246064"}],"curies":[{"name":"wp","href":"https:\/\/api.w.org\/{rel}","templated":true}]}}