{"id":246067,"date":"2025-03-28T18:00:00","date_gmt":"2025-03-28T21:00:00","guid":{"rendered":"https:\/\/www.gaveanews.com\/?p=246067"},"modified":"2025-03-28T15:50:46","modified_gmt":"2025-03-28T18:50:46","slug":"venda-de-jogadores-postura-do-flamengo-gera-revolta-e-jogadores-inscritos-para-o-mundial-de-clubes-as-ultimas-noticias-do-mengao","status":"publish","type":"post","link":"https:\/\/www.gaveanews.com\/index.php\/2025\/03\/28\/venda-de-jogadores-postura-do-flamengo-gera-revolta-e-jogadores-inscritos-para-o-mundial-de-clubes-as-ultimas-noticias-do-mengao\/","title":{"rendered":"Venda de jogadores, postura do Flamengo gera revolta e jogadores inscritos para o Mundial de Clubes: as \u00faltimas not\u00edcias do Meng\u00e3o"},"content":{"rendered":"\n<p>Nas \u00faltimas horas, o foco das not\u00edcias sobre o Flamengo se concentram nos bastidores do clube, com destaques do dia a dia do time.<\/p>\n\n\n\n<p>Por conta deste contexto, leia abaixo um resumo preparado pela equipe do portal G\u00e1vea News para lhe manter muito bem informado!<\/p>\n\n\n\n<div class=\"wp-block-group\"><div class=\"wp-block-group__inner-container is-layout-constrained wp-block-group-is-layout-constrained\">\n<h2 class=\"wp-block-heading\" id=\"h-jogadores-inscritos-para-o-mundial-de-clubes\">Jogadores inscritos para o Mundial de Clubes<\/h2>\n\n\n\n<p>O Flamengo j\u00e1 iniciou sua prepara\u00e7\u00e3o para o Super Mundial de Clubes da FIFA, que ser\u00e1 disputado em junho, nos Estados Unidos. Como parte dos tr\u00e2mites, o clube trabalha na montagem da lista preliminar de 50 atletas a ser enviada \u00e0 entidade m\u00e1xima do futebol. Entre os nomes inclu\u00eddos est\u00e1 o do atacante Pedro, que mesmo ainda em processo de recupera\u00e7\u00e3o f\u00edsica, foi pr\u00e9-inscrito para n\u00e3o perder a chance de participar do torneio. A previs\u00e3o \u00e9 de que ele esteja dispon\u00edvel at\u00e9 o in\u00edcio da competi\u00e7\u00e3o<strong><a href=\"https:\/\/www.gaveanews.com\/index.php\/2025\/03\/25\/flamengo-tera-reforco-entre-os-pre-inscritos-para-o-super-mundial\/\"> (leia a mat\u00e9ria completa).<\/a><\/strong><\/p>\n\n\n\n<figure class=\"wp-block-image size-full\"><img loading=\"lazy\" decoding=\"async\" width=\"450\" height=\"450\" src=\"http:\/\/www.gaveanews.com\/wp-content\/uploads\/trofeu-do-super-mundial-de-clubes-da-fifa-1731601569969_v2_450x450.png.webp\" alt=\"Trof\u00e9u do Super Mundial de Clubes da Fifa Imagem: Divulga\u00e7\u00e3o\/Fifa\" class=\"wp-image-185794\" srcset=\"https:\/\/www.gaveanews.com\/wp-content\/uploads\/trofeu-do-super-mundial-de-clubes-da-fifa-1731601569969_v2_450x450.png.webp 450w, https:\/\/www.gaveanews.com\/wp-content\/uploads\/trofeu-do-super-mundial-de-clubes-da-fifa-1731601569969_v2_450x450.png-300x300.webp 300w, https:\/\/www.gaveanews.com\/wp-content\/uploads\/trofeu-do-super-mundial-de-clubes-da-fifa-1731601569969_v2_450x450.png-150x150.webp 150w, https:\/\/www.gaveanews.com\/wp-content\/uploads\/trofeu-do-super-mundial-de-clubes-da-fifa-1731601569969_v2_450x450.png-420x420.webp 420w, https:\/\/www.gaveanews.com\/wp-content\/uploads\/trofeu-do-super-mundial-de-clubes-da-fifa-1731601569969_v2_450x450.png-100x100.webp 100w\" sizes=\"auto, (max-width: 450px) 100vw, 450px\" \/><figcaption class=\"wp-element-caption\">Trof\u00e9u do Super Mundial de Clubes da Fifa\nImagem: Divulga\u00e7\u00e3o\/Fifa<\/figcaption><\/figure>\n\n\n\n<p>A pr\u00e9-lista \u00e9 estrat\u00e9gica, pois apenas jogadores nela presentes poder\u00e3o ser convocados para a rela\u00e7\u00e3o final, que contar\u00e1 com at\u00e9 35 nomes e dever\u00e1 incluir tr\u00eas goleiros. <\/p>\n\n\n\n<p>Com isso, o Flamengo garante espa\u00e7o para seu centroavante titular, considerado pe\u00e7a-chave no elenco. A evolu\u00e7\u00e3o de Pedro nos treinamentos tem sido positiva, com atividades em campo e com bola j\u00e1 ocorrendo h\u00e1 algumas semanas, o que aumenta a expectativa para seu retorno definitivo.<\/p>\n\n\n\n<p>A estreia do Rubro-Negro no Mundial ser\u00e1 em 16 de junho, contra o Esp\u00e9rance, da Tun\u00edsia. Na sequ\u00eancia, o time enfrentar\u00e1 o Chelsea em jogo marcado para o dia 21, tamb\u00e9m na Filad\u00e9lfia. A terceira partida, que seria contra o Le\u00f3n-MEX, ainda depende da defini\u00e7\u00e3o da FIFA sobre o substituto da equipe mexicana, que foi exclu\u00edda do torneio. A torcida rubro-negra aguarda ansiosamente a volta de Pedro e aposta em sua presen\u00e7a como diferencial para brigar pelo t\u00edtulo in\u00e9dito.<\/p>\n\n\n\n<h2 class=\"wp-block-heading\" id=\"h-postura-do-flamengo-gera-revolta\">Postura do Flamengo gera revolta<\/h2>\n\n\n\n<p>O desempenho recente do Flamengo no Campeonato Brasileiro tem sido alvo de cr\u00edticas, especialmente por parte do jornalista Bruno Prado. Apesar de ser uma das pot\u00eancias financeiras do futebol nacional, o clube carioca n\u00e3o briga efetivamente pelo t\u00edtulo desde 2020, o que, segundo Prado, \u00e9 inaceit\u00e1vel. A falta de protagonismo do Rubro-Negro na principal competi\u00e7\u00e3o do pa\u00eds gerou indigna\u00e7\u00e3o, principalmente considerando a qualidade do elenco e a estrutura que o clube possui atualmente<strong><a href=\"https:\/\/www.gaveanews.com\/index.php\/2025\/03\/25\/postura-do-flamengo-irrita-jornalista-e-um-absurdo\/\"> (leia a mat\u00e9ria completa).<\/a><\/strong><\/p>\n\n\n\n<figure class=\"wp-block-image size-full\"><img loading=\"lazy\" decoding=\"async\" width=\"483\" height=\"322\" src=\"http:\/\/www.gaveanews.com\/wp-content\/uploads\/camisa-flamengo.webp\" alt=\"\" class=\"wp-image-127354\" srcset=\"https:\/\/www.gaveanews.com\/wp-content\/uploads\/camisa-flamengo.webp 483w, https:\/\/www.gaveanews.com\/wp-content\/uploads\/camisa-flamengo-300x200.webp 300w, https:\/\/www.gaveanews.com\/wp-content\/uploads\/camisa-flamengo-100x67.webp 100w\" sizes=\"auto, (max-width: 483px) 100vw, 483px\" \/><figcaption class=\"wp-element-caption\">Escudo do Flamengo (Foto: Reprodu\u00e7\u00e3o)<\/figcaption><\/figure>\n\n\n\n<p>O jornalista destacou que o Brasileir\u00e3o, por ser uma competi\u00e7\u00e3o de pontos corridos, valoriza a regularidade e favorece times com elencos robustos \u2014 o que torna ainda mais surpreendente o insucesso do Flamengo nos \u00faltimos anos. Prado defendeu que o clube deve tratar o campeonato nacional com prioridade, ao inv\u00e9s de focar apenas em torneios eliminat\u00f3rios como a Libertadores ou a Copa do Brasil. Para ele, se o time encarar o torneio com seriedade, tem plenas condi\u00e7\u00f5es de, no m\u00ednimo, terminar entre os tr\u00eas primeiros colocados.<\/p>\n\n\n\n<p>A expectativa agora recai sobre a estreia do Flamengo no Brasileir\u00e3o 2025, marcada para s\u00e1bado (29), contra o Internacional, no Maracan\u00e3. A torcida aguarda um comportamento mais comprometido por parte da equipe, visando n\u00e3o apenas boas atua\u00e7\u00f5es, mas tamb\u00e9m resultados consistentes ao longo da temporada. A cobran\u00e7a externa reflete o desejo coletivo de ver o clube voltar a brigar pelo topo da tabela e reafirmar sua hegemonia no futebol brasileiro.<\/p>\n\n\n\n<h2 class=\"wp-block-heading\" id=\"h-venda-de-jogadores\">Venda de jogadores<\/h2>\n\n\n\n<p>O Flamengo definiu como meta para 2025 priorizar a venda de jogadores em vez de investir em contrata\u00e7\u00f5es, com o objetivo de alcan\u00e7ar R$ 1,5 bilh\u00e3o em receitas anuais. A estrat\u00e9gia visa equilibrar as finan\u00e7as ap\u00f3s altos gastos no segundo semestre de 2024. Wesley, lateral-direito revelado pelo clube e em ascens\u00e3o com a Sele\u00e7\u00e3o Brasileira, \u00e9 o principal nome cotado para gerar lucro. O jogador atraiu propostas do exterior, e a expectativa interna \u00e9 de que possa ser vendido por at\u00e9 40 milh\u00f5es de euros durante a pr\u00f3xima janela de transfer\u00eancias<strong><a href=\"https:\/\/www.gaveanews.com\/index.php\/2025\/03\/25\/flamengo-vai-vender-mais-jogadores-do-que-comprar-neste-ano\/\"> (leia a mat\u00e9ria completa).<\/a><\/strong><\/p>\n\n\n\n<figure class=\"wp-block-image size-large\"><img loading=\"lazy\" decoding=\"async\" width=\"1024\" height=\"576\" src=\"http:\/\/www.gaveanews.com\/wp-content\/uploads\/Futebol-e-dinheiro-1-1024x576.webp\" alt=\"\" class=\"wp-image-167418\" srcset=\"https:\/\/www.gaveanews.com\/wp-content\/uploads\/Futebol-e-dinheiro-1-1024x576.webp 1024w, https:\/\/www.gaveanews.com\/wp-content\/uploads\/Futebol-e-dinheiro-1-300x169.webp 300w, https:\/\/www.gaveanews.com\/wp-content\/uploads\/Futebol-e-dinheiro-1-768x432.webp 768w, https:\/\/www.gaveanews.com\/wp-content\/uploads\/Futebol-e-dinheiro-1-747x420.webp 747w, https:\/\/www.gaveanews.com\/wp-content\/uploads\/Futebol-e-dinheiro-1-640x360.webp 640w, https:\/\/www.gaveanews.com\/wp-content\/uploads\/Futebol-e-dinheiro-1-681x383.webp 681w, https:\/\/www.gaveanews.com\/wp-content\/uploads\/Futebol-e-dinheiro-1-100x56.webp 100w, https:\/\/www.gaveanews.com\/wp-content\/uploads\/Futebol-e-dinheiro-1.webp 1280w\" sizes=\"auto, (max-width: 1024px) 100vw, 1024px\" \/><figcaption class=\"wp-element-caption\">Futebol e dinheiro (Imagem: Editoria de arte\/G\u00e1vea News\/Henrique Machado)<\/figcaption><\/figure>\n\n\n\n<p>A pol\u00edtica de controle de gastos j\u00e1 foi colocada em pr\u00e1tica. O zagueiro Fabr\u00edcio Bruno foi negociado com o Cruzeiro por R$ 44 milh\u00f5es, enquanto o \u00fanico investimento significativo foi a contrata\u00e7\u00e3o do atacante Juninho, por R$ 31 milh\u00f5es parcelados. Danilo tamb\u00e9m chegou, mas sem custo de transfer\u00eancia. Paralelamente, o clube observa de perto a situa\u00e7\u00e3o de Carlos Alcaraz, emprestado ao Everton, cuja cl\u00e1usula de compra pode render at\u00e9 18 milh\u00f5es de euros, incluindo b\u00f4nus.<\/p>\n\n\n\n<p>Outros nomes como Gerson e Lorran tamb\u00e9m estiveram perto de deixar o elenco, mas as negocia\u00e7\u00f5es n\u00e3o avan\u00e7aram. Mesmo assim, a diretoria permanece aberta a novas propostas e continua monitorando o mercado para realizar reposi\u00e7\u00f5es pontuais. A postura mais conservadora no mercado da bola visa garantir a sustentabilidade financeira do clube, sem comprometer a competitividade do time em campo.<\/p>\n<\/div><\/div>\n","protected":false},"excerpt":{"rendered":"<p>Nas \u00faltimas horas, o foco das not\u00edcias sobre o Flamengo se concentram nos bastidores do clube, com destaques do dia a dia do time. Por conta deste contexto, leia abaixo um resumo preparado pela equipe do portal G\u00e1vea News para lhe manter muito bem informado! Jogadores inscritos para o Mundial de Clubes O Flamengo j\u00e1 [&hellip;]<\/p>\n","protected":false},"author":33,"featured_media":126591,"comment_status":"open","ping_status":"closed","sticky":false,"template":"","format":"standard","meta":{"footnotes":""},"categories":[1],"tags":[],"class_list":["post-246067","post","type-post","status-publish","format-standard","has-post-thumbnail","hentry","category-flamengo"],"yoast_head":"<!-- This site is optimized with the Yoast SEO Premium plugin v24.2 (Yoast SEO v26.9) - https:\/\/yoast.com\/product\/yoast-seo-premium-wordpress\/ -->\n<title>Venda de jogadores, postura do Flamengo gera revolta e jogadores inscritos para o Mundial de Clubes: as \u00faltimas not\u00edcias do Meng\u00e3o<\/title>\n<meta name=\"robots\" content=\"index, follow, max-snippet:-1, max-image-preview:large, max-video-preview:-1\" \/>\n<link rel=\"canonical\" href=\"https:\/\/www.gaveanews.com\/index.php\/2025\/03\/28\/venda-de-jogadores-postura-do-flamengo-gera-revolta-e-jogadores-inscritos-para-o-mundial-de-clubes-as-ultimas-noticias-do-mengao\/\" \/>\n<meta property=\"og:locale\" content=\"pt_BR\" \/>\n<meta property=\"og:type\" content=\"article\" \/>\n<meta property=\"og:title\" content=\"Venda de jogadores, postura do Flamengo gera revolta e jogadores inscritos para o Mundial de Clubes: as \u00faltimas not\u00edcias do Meng\u00e3o\" \/>\n<meta property=\"og:description\" content=\"Nas \u00faltimas horas, o foco das not\u00edcias sobre o Flamengo se concentram nos bastidores do clube, com destaques do dia a dia do time. Por conta deste contexto, leia abaixo um resumo preparado pela equipe do portal G\u00e1vea News para lhe manter muito bem informado! Jogadores inscritos para o Mundial de Clubes O Flamengo j\u00e1 [&hellip;]\" \/>\n<meta property=\"og:url\" content=\"https:\/\/www.gaveanews.com\/index.php\/2025\/03\/28\/venda-de-jogadores-postura-do-flamengo-gera-revolta-e-jogadores-inscritos-para-o-mundial-de-clubes-as-ultimas-noticias-do-mengao\/\" \/>\n<meta property=\"og:site_name\" content=\"G\u00e1vea News\" \/>\n<meta property=\"article:publisher\" content=\"https:\/\/facebook.com\/gaveaNews\/\" \/>\n<meta property=\"article:published_time\" content=\"2025-03-28T21:00:00+00:00\" \/>\n<meta property=\"og:image\" content=\"https:\/\/www.gaveanews.com\/wp-content\/uploads\/escudoDoFlamengo.webp\" \/>\n\t<meta property=\"og:image:width\" content=\"1000\" \/>\n\t<meta property=\"og:image:height\" content=\"667\" \/>\n\t<meta property=\"og:image:type\" content=\"image\/jpeg\" \/>\n<meta name=\"author\" content=\"Brenda Cezillo\" \/>\n<meta name=\"twitter:card\" content=\"summary_large_image\" \/>\n<meta name=\"twitter:label1\" content=\"Escrito por\" \/>\n\t<meta name=\"twitter:data1\" content=\"Brenda Cezillo\" \/>\n\t<meta name=\"twitter:label2\" content=\"Est. tempo de leitura\" \/>\n\t<meta name=\"twitter:data2\" content=\"6 minutos\" \/>\n<script type=\"application\/ld+json\" class=\"yoast-schema-graph\">{\"@context\":\"https:\/\/schema.org\",\"@graph\":[{\"@type\":\"NewsArticle\",\"@id\":\"https:\/\/www.gaveanews.com\/index.php\/2025\/03\/28\/venda-de-jogadores-postura-do-flamengo-gera-revolta-e-jogadores-inscritos-para-o-mundial-de-clubes-as-ultimas-noticias-do-mengao\/#article\",\"isPartOf\":{\"@id\":\"https:\/\/www.gaveanews.com\/index.php\/2025\/03\/28\/venda-de-jogadores-postura-do-flamengo-gera-revolta-e-jogadores-inscritos-para-o-mundial-de-clubes-as-ultimas-noticias-do-mengao\/\"},\"author\":{\"name\":\"Brenda Cezillo\",\"@id\":\"https:\/\/www.gaveanews.com\/#\/schema\/person\/c79759ca337c40791ae8d08e2923d403\"},\"headline\":\"Venda de jogadores, postura do Flamengo gera revolta e jogadores inscritos para o Mundial de Clubes: as \u00faltimas not\u00edcias do Meng\u00e3o\",\"datePublished\":\"2025-03-28T21:00:00+00:00\",\"mainEntityOfPage\":{\"@id\":\"https:\/\/www.gaveanews.com\/index.php\/2025\/03\/28\/venda-de-jogadores-postura-do-flamengo-gera-revolta-e-jogadores-inscritos-para-o-mundial-de-clubes-as-ultimas-noticias-do-mengao\/\"},\"wordCount\":880,\"commentCount\":0,\"image\":{\"@id\":\"https:\/\/www.gaveanews.com\/index.php\/2025\/03\/28\/venda-de-jogadores-postura-do-flamengo-gera-revolta-e-jogadores-inscritos-para-o-mundial-de-clubes-as-ultimas-noticias-do-mengao\/#primaryimage\"},\"thumbnailUrl\":\"https:\/\/www.gaveanews.com\/wp-content\/uploads\/escudoDoFlamengo.webp\",\"articleSection\":[\"Flamengo\"],\"inLanguage\":\"pt-BR\",\"potentialAction\":[{\"@type\":\"CommentAction\",\"name\":\"Comment\",\"target\":[\"https:\/\/www.gaveanews.com\/index.php\/2025\/03\/28\/venda-de-jogadores-postura-do-flamengo-gera-revolta-e-jogadores-inscritos-para-o-mundial-de-clubes-as-ultimas-noticias-do-mengao\/#respond\"]}],\"copyrightYear\":\"2025\",\"copyrightHolder\":{\"@id\":\"https:\/\/www.gaveanews.com\/#organization\"}},{\"@type\":\"WebPage\",\"@id\":\"https:\/\/www.gaveanews.com\/index.php\/2025\/03\/28\/venda-de-jogadores-postura-do-flamengo-gera-revolta-e-jogadores-inscritos-para-o-mundial-de-clubes-as-ultimas-noticias-do-mengao\/\",\"url\":\"https:\/\/www.gaveanews.com\/index.php\/2025\/03\/28\/venda-de-jogadores-postura-do-flamengo-gera-revolta-e-jogadores-inscritos-para-o-mundial-de-clubes-as-ultimas-noticias-do-mengao\/\",\"name\":\"Venda de jogadores, postura do Flamengo gera revolta e jogadores inscritos para o Mundial de Clubes: as \u00faltimas not\u00edcias do Meng\u00e3o\",\"isPartOf\":{\"@id\":\"https:\/\/www.gaveanews.com\/#website\"},\"primaryImageOfPage\":{\"@id\":\"https:\/\/www.gaveanews.com\/index.php\/2025\/03\/28\/venda-de-jogadores-postura-do-flamengo-gera-revolta-e-jogadores-inscritos-para-o-mundial-de-clubes-as-ultimas-noticias-do-mengao\/#primaryimage\"},\"image\":{\"@id\":\"https:\/\/www.gaveanews.com\/index.php\/2025\/03\/28\/venda-de-jogadores-postura-do-flamengo-gera-revolta-e-jogadores-inscritos-para-o-mundial-de-clubes-as-ultimas-noticias-do-mengao\/#primaryimage\"},\"thumbnailUrl\":\"https:\/\/www.gaveanews.com\/wp-content\/uploads\/escudoDoFlamengo.webp\",\"datePublished\":\"2025-03-28T21:00:00+00:00\",\"author\":{\"@id\":\"https:\/\/www.gaveanews.com\/#\/schema\/person\/c79759ca337c40791ae8d08e2923d403\"},\"breadcrumb\":{\"@id\":\"https:\/\/www.gaveanews.com\/index.php\/2025\/03\/28\/venda-de-jogadores-postura-do-flamengo-gera-revolta-e-jogadores-inscritos-para-o-mundial-de-clubes-as-ultimas-noticias-do-mengao\/#breadcrumb\"},\"inLanguage\":\"pt-BR\",\"potentialAction\":[{\"@type\":\"ReadAction\",\"target\":[\"https:\/\/www.gaveanews.com\/index.php\/2025\/03\/28\/venda-de-jogadores-postura-do-flamengo-gera-revolta-e-jogadores-inscritos-para-o-mundial-de-clubes-as-ultimas-noticias-do-mengao\/\"]}]},{\"@type\":\"ImageObject\",\"inLanguage\":\"pt-BR\",\"@id\":\"https:\/\/www.gaveanews.com\/index.php\/2025\/03\/28\/venda-de-jogadores-postura-do-flamengo-gera-revolta-e-jogadores-inscritos-para-o-mundial-de-clubes-as-ultimas-noticias-do-mengao\/#primaryimage\",\"url\":\"https:\/\/www.gaveanews.com\/wp-content\/uploads\/escudoDoFlamengo.webp\",\"contentUrl\":\"https:\/\/www.gaveanews.com\/wp-content\/uploads\/escudoDoFlamengo.webp\",\"width\":1000,\"height\":667,\"caption\":\"Escudo do Flamengo (Foto: Reprodu\u00e7\u00e3o)\"},{\"@type\":\"BreadcrumbList\",\"@id\":\"https:\/\/www.gaveanews.com\/index.php\/2025\/03\/28\/venda-de-jogadores-postura-do-flamengo-gera-revolta-e-jogadores-inscritos-para-o-mundial-de-clubes-as-ultimas-noticias-do-mengao\/#breadcrumb\",\"itemListElement\":[{\"@type\":\"ListItem\",\"position\":1,\"name\":\"Home\",\"item\":\"https:\/\/www.gaveanews.com\/\"},{\"@type\":\"ListItem\",\"position\":2,\"name\":\"Venda de jogadores, postura do Flamengo gera revolta e jogadores inscritos para o Mundial de Clubes: as \u00faltimas not\u00edcias do Meng\u00e3o\"}]},{\"@type\":\"WebSite\",\"@id\":\"https:\/\/www.gaveanews.com\/#website\",\"url\":\"https:\/\/www.gaveanews.com\/\",\"name\":\"G\u00e1vea News\",\"description\":\"Veja todas as not\u00edcias sobre o Flamengo: Contrata\u00e7\u00f5es, categorias de base, resultados das partidas, tabela de classifica\u00e7\u00e3o, pr\u00f3ximos jogos!\",\"potentialAction\":[{\"@type\":\"SearchAction\",\"target\":{\"@type\":\"EntryPoint\",\"urlTemplate\":\"https:\/\/www.gaveanews.com\/?s={search_term_string}\"},\"query-input\":{\"@type\":\"PropertyValueSpecification\",\"valueRequired\":true,\"valueName\":\"search_term_string\"}}],\"inLanguage\":\"pt-BR\"},{\"@type\":\"Person\",\"@id\":\"https:\/\/www.gaveanews.com\/#\/schema\/person\/c79759ca337c40791ae8d08e2923d403\",\"name\":\"Brenda Cezillo\",\"image\":{\"@type\":\"ImageObject\",\"inLanguage\":\"pt-BR\",\"@id\":\"https:\/\/www.gaveanews.com\/#\/schema\/person\/image\/\",\"url\":\"https:\/\/secure.gravatar.com\/avatar\/1738d75cee7317f9c29ae61dd67620c5883d80a92e42a6fff88ae5d527af217a?s=96&d=mm&r=g\",\"contentUrl\":\"https:\/\/secure.gravatar.com\/avatar\/1738d75cee7317f9c29ae61dd67620c5883d80a92e42a6fff88ae5d527af217a?s=96&d=mm&r=g\",\"caption\":\"Brenda Cezillo\"}}]}<\/script>\n<!-- \/ Yoast SEO Premium plugin. -->","yoast_head_json":{"title":"Venda de jogadores, postura do Flamengo gera revolta e jogadores inscritos para o Mundial de Clubes: as \u00faltimas not\u00edcias do Meng\u00e3o","robots":{"index":"index","follow":"follow","max-snippet":"max-snippet:-1","max-image-preview":"max-image-preview:large","max-video-preview":"max-video-preview:-1"},"canonical":"https:\/\/www.gaveanews.com\/index.php\/2025\/03\/28\/venda-de-jogadores-postura-do-flamengo-gera-revolta-e-jogadores-inscritos-para-o-mundial-de-clubes-as-ultimas-noticias-do-mengao\/","og_locale":"pt_BR","og_type":"article","og_title":"Venda de jogadores, postura do Flamengo gera revolta e jogadores inscritos para o Mundial de Clubes: as \u00faltimas not\u00edcias do Meng\u00e3o","og_description":"Nas \u00faltimas horas, o foco das not\u00edcias sobre o Flamengo se concentram nos bastidores do clube, com destaques do dia a dia do time. Por conta deste contexto, leia abaixo um resumo preparado pela equipe do portal G\u00e1vea News para lhe manter muito bem informado! Jogadores inscritos para o Mundial de Clubes O Flamengo j\u00e1 [&hellip;]","og_url":"https:\/\/www.gaveanews.com\/index.php\/2025\/03\/28\/venda-de-jogadores-postura-do-flamengo-gera-revolta-e-jogadores-inscritos-para-o-mundial-de-clubes-as-ultimas-noticias-do-mengao\/","og_site_name":"G\u00e1vea News","article_publisher":"https:\/\/facebook.com\/gaveaNews\/","article_published_time":"2025-03-28T21:00:00+00:00","og_image":[{"width":1000,"height":667,"url":"https:\/\/www.gaveanews.com\/wp-content\/uploads\/escudoDoFlamengo.webp","type":"image\/jpeg"}],"author":"Brenda Cezillo","twitter_card":"summary_large_image","twitter_misc":{"Escrito por":"Brenda Cezillo","Est. tempo de leitura":"6 minutos"},"schema":{"@context":"https:\/\/schema.org","@graph":[{"@type":"NewsArticle","@id":"https:\/\/www.gaveanews.com\/index.php\/2025\/03\/28\/venda-de-jogadores-postura-do-flamengo-gera-revolta-e-jogadores-inscritos-para-o-mundial-de-clubes-as-ultimas-noticias-do-mengao\/#article","isPartOf":{"@id":"https:\/\/www.gaveanews.com\/index.php\/2025\/03\/28\/venda-de-jogadores-postura-do-flamengo-gera-revolta-e-jogadores-inscritos-para-o-mundial-de-clubes-as-ultimas-noticias-do-mengao\/"},"author":{"name":"Brenda Cezillo","@id":"https:\/\/www.gaveanews.com\/#\/schema\/person\/c79759ca337c40791ae8d08e2923d403"},"headline":"Venda de jogadores, postura do Flamengo gera revolta e jogadores inscritos para o Mundial de Clubes: as \u00faltimas not\u00edcias do Meng\u00e3o","datePublished":"2025-03-28T21:00:00+00:00","mainEntityOfPage":{"@id":"https:\/\/www.gaveanews.com\/index.php\/2025\/03\/28\/venda-de-jogadores-postura-do-flamengo-gera-revolta-e-jogadores-inscritos-para-o-mundial-de-clubes-as-ultimas-noticias-do-mengao\/"},"wordCount":880,"commentCount":0,"image":{"@id":"https:\/\/www.gaveanews.com\/index.php\/2025\/03\/28\/venda-de-jogadores-postura-do-flamengo-gera-revolta-e-jogadores-inscritos-para-o-mundial-de-clubes-as-ultimas-noticias-do-mengao\/#primaryimage"},"thumbnailUrl":"https:\/\/www.gaveanews.com\/wp-content\/uploads\/escudoDoFlamengo.webp","articleSection":["Flamengo"],"inLanguage":"pt-BR","potentialAction":[{"@type":"CommentAction","name":"Comment","target":["https:\/\/www.gaveanews.com\/index.php\/2025\/03\/28\/venda-de-jogadores-postura-do-flamengo-gera-revolta-e-jogadores-inscritos-para-o-mundial-de-clubes-as-ultimas-noticias-do-mengao\/#respond"]}],"copyrightYear":"2025","copyrightHolder":{"@id":"https:\/\/www.gaveanews.com\/#organization"}},{"@type":"WebPage","@id":"https:\/\/www.gaveanews.com\/index.php\/2025\/03\/28\/venda-de-jogadores-postura-do-flamengo-gera-revolta-e-jogadores-inscritos-para-o-mundial-de-clubes-as-ultimas-noticias-do-mengao\/","url":"https:\/\/www.gaveanews.com\/index.php\/2025\/03\/28\/venda-de-jogadores-postura-do-flamengo-gera-revolta-e-jogadores-inscritos-para-o-mundial-de-clubes-as-ultimas-noticias-do-mengao\/","name":"Venda de jogadores, postura do Flamengo gera revolta e jogadores inscritos para o Mundial de Clubes: as \u00faltimas not\u00edcias do Meng\u00e3o","isPartOf":{"@id":"https:\/\/www.gaveanews.com\/#website"},"primaryImageOfPage":{"@id":"https:\/\/www.gaveanews.com\/index.php\/2025\/03\/28\/venda-de-jogadores-postura-do-flamengo-gera-revolta-e-jogadores-inscritos-para-o-mundial-de-clubes-as-ultimas-noticias-do-mengao\/#primaryimage"},"image":{"@id":"https:\/\/www.gaveanews.com\/index.php\/2025\/03\/28\/venda-de-jogadores-postura-do-flamengo-gera-revolta-e-jogadores-inscritos-para-o-mundial-de-clubes-as-ultimas-noticias-do-mengao\/#primaryimage"},"thumbnailUrl":"https:\/\/www.gaveanews.com\/wp-content\/uploads\/escudoDoFlamengo.webp","datePublished":"2025-03-28T21:00:00+00:00","author":{"@id":"https:\/\/www.gaveanews.com\/#\/schema\/person\/c79759ca337c40791ae8d08e2923d403"},"breadcrumb":{"@id":"https:\/\/www.gaveanews.com\/index.php\/2025\/03\/28\/venda-de-jogadores-postura-do-flamengo-gera-revolta-e-jogadores-inscritos-para-o-mundial-de-clubes-as-ultimas-noticias-do-mengao\/#breadcrumb"},"inLanguage":"pt-BR","potentialAction":[{"@type":"ReadAction","target":["https:\/\/www.gaveanews.com\/index.php\/2025\/03\/28\/venda-de-jogadores-postura-do-flamengo-gera-revolta-e-jogadores-inscritos-para-o-mundial-de-clubes-as-ultimas-noticias-do-mengao\/"]}]},{"@type":"ImageObject","inLanguage":"pt-BR","@id":"https:\/\/www.gaveanews.com\/index.php\/2025\/03\/28\/venda-de-jogadores-postura-do-flamengo-gera-revolta-e-jogadores-inscritos-para-o-mundial-de-clubes-as-ultimas-noticias-do-mengao\/#primaryimage","url":"https:\/\/www.gaveanews.com\/wp-content\/uploads\/escudoDoFlamengo.webp","contentUrl":"https:\/\/www.gaveanews.com\/wp-content\/uploads\/escudoDoFlamengo.webp","width":1000,"height":667,"caption":"Escudo do Flamengo (Foto: Reprodu\u00e7\u00e3o)"},{"@type":"BreadcrumbList","@id":"https:\/\/www.gaveanews.com\/index.php\/2025\/03\/28\/venda-de-jogadores-postura-do-flamengo-gera-revolta-e-jogadores-inscritos-para-o-mundial-de-clubes-as-ultimas-noticias-do-mengao\/#breadcrumb","itemListElement":[{"@type":"ListItem","position":1,"name":"Home","item":"https:\/\/www.gaveanews.com\/"},{"@type":"ListItem","position":2,"name":"Venda de jogadores, postura do Flamengo gera revolta e jogadores inscritos para o Mundial de Clubes: as \u00faltimas not\u00edcias do Meng\u00e3o"}]},{"@type":"WebSite","@id":"https:\/\/www.gaveanews.com\/#website","url":"https:\/\/www.gaveanews.com\/","name":"G\u00e1vea News","description":"Veja todas as not\u00edcias sobre o Flamengo: Contrata\u00e7\u00f5es, categorias de base, resultados das partidas, tabela de classifica\u00e7\u00e3o, pr\u00f3ximos jogos!","potentialAction":[{"@type":"SearchAction","target":{"@type":"EntryPoint","urlTemplate":"https:\/\/www.gaveanews.com\/?s={search_term_string}"},"query-input":{"@type":"PropertyValueSpecification","valueRequired":true,"valueName":"search_term_string"}}],"inLanguage":"pt-BR"},{"@type":"Person","@id":"https:\/\/www.gaveanews.com\/#\/schema\/person\/c79759ca337c40791ae8d08e2923d403","name":"Brenda Cezillo","image":{"@type":"ImageObject","inLanguage":"pt-BR","@id":"https:\/\/www.gaveanews.com\/#\/schema\/person\/image\/","url":"https:\/\/secure.gravatar.com\/avatar\/1738d75cee7317f9c29ae61dd67620c5883d80a92e42a6fff88ae5d527af217a?s=96&d=mm&r=g","contentUrl":"https:\/\/secure.gravatar.com\/avatar\/1738d75cee7317f9c29ae61dd67620c5883d80a92e42a6fff88ae5d527af217a?s=96&d=mm&r=g","caption":"Brenda Cezillo"}}]}},"_links":{"self":[{"href":"https:\/\/www.gaveanews.com\/index.php\/wp-json\/wp\/v2\/posts\/246067","targetHints":{"allow":["GET"]}}],"collection":[{"href":"https:\/\/www.gaveanews.com\/index.php\/wp-json\/wp\/v2\/posts"}],"about":[{"href":"https:\/\/www.gaveanews.com\/index.php\/wp-json\/wp\/v2\/types\/post"}],"author":[{"embeddable":true,"href":"https:\/\/www.gaveanews.com\/index.php\/wp-json\/wp\/v2\/users\/33"}],"replies":[{"embeddable":true,"href":"https:\/\/www.gaveanews.com\/index.php\/wp-json\/wp\/v2\/comments?post=246067"}],"version-history":[{"count":1,"href":"https:\/\/www.gaveanews.com\/index.php\/wp-json\/wp\/v2\/posts\/246067\/revisions"}],"predecessor-version":[{"id":246093,"href":"https:\/\/www.gaveanews.com\/index.php\/wp-json\/wp\/v2\/posts\/246067\/revisions\/246093"}],"wp:featuredmedia":[{"embeddable":true,"href":"https:\/\/www.gaveanews.com\/index.php\/wp-json\/wp\/v2\/media\/126591"}],"wp:attachment":[{"href":"https:\/\/www.gaveanews.com\/index.php\/wp-json\/wp\/v2\/media?parent=246067"}],"wp:term":[{"taxonomy":"category","embeddable":true,"href":"https:\/\/www.gaveanews.com\/index.php\/wp-json\/wp\/v2\/categories?post=246067"},{"taxonomy":"post_tag","embeddable":true,"href":"https:\/\/www.gaveanews.com\/index.php\/wp-json\/wp\/v2\/tags?post=246067"}],"curies":[{"name":"wp","href":"https:\/\/api.w.org\/{rel}","templated":true}]}}