{"id":246076,"date":"2025-03-28T16:55:00","date_gmt":"2025-03-28T19:55:00","guid":{"rendered":"https:\/\/www.gaveanews.com\/?p=246076"},"modified":"2025-03-28T15:37:39","modified_gmt":"2025-03-28T18:37:39","slug":"leo-jardim-ph-joao-victor-lemos-e-lucas-piton-hugo-moura-paulinho-benjamin-garre-coutinho-e-nuno-moreira-pablo-vegetti-lucas-pedrosa-divulga-escalacao-do-vasco-contra-o-santos","status":"publish","type":"post","link":"https:\/\/www.gaveanews.com\/index.php\/2025\/03\/28\/leo-jardim-ph-joao-victor-lemos-e-lucas-piton-hugo-moura-paulinho-benjamin-garre-coutinho-e-nuno-moreira-pablo-vegetti-lucas-pedrosa-divulga-escalacao-do-vasco-contra-o-santos\/","title":{"rendered":"L\u00e9o Jardim; PH, Jo\u00e3o Victor, Lemos e Lucas Piton; Hugo Moura, Paulinho, Benjam\u00edn Garr\u00e9, Coutinho e Nuno Moreira; Pablo Vegetti: Lucas Pedrosa divulga escala\u00e7\u00e3o do Vasco contra o Santos"},"content":{"rendered":"\n<p>A expectativa est\u00e1 alta para a estreia do Vasco no Campeonato Brasileiro 2025, marcada para o pr\u00f3ximo domingo (30) contra o Santos, em S\u00e3o Janu\u00e1rio.&nbsp;<\/p>\n\n\n\n<p>A partida, que acontecer\u00e1 \u00e0s 18h30, promete ser um grande teste para o time de F\u00e1bio Carille, que vem aproveitando o tempo ap\u00f3s o Campeonato Carioca para ajustar a equipe e definir sua escala\u00e7\u00e3o ideal.&nbsp;<\/p>\n\n\n\n<h2 class=\"wp-block-heading\" id=\"h-com-todo-o-elenco-a-disposicao-carille-define-time-titular\">Com todo o elenco \u00e0 disposi\u00e7\u00e3o, Carille define time titular<\/h2>\n\n\n\n<figure class=\"wp-block-image size-full\"><img loading=\"lazy\" decoding=\"async\" width=\"1501\" height=\"1000\" src=\"http:\/\/www.gaveanews.com\/wp-content\/uploads\/Carille-apresentado-pelo-Vasco.webp\" alt=\"Carille apresentado pelo Vasco\" class=\"wp-image-220356\"\/><figcaption class=\"wp-element-caption\">Carille apresentado pelo Vasco (Foto: Divulga\u00e7\u00e3o)<\/figcaption><\/figure>\n\n\n\n<p>Ap\u00f3s a recupera\u00e7\u00e3o de jogadores que estavam no departamento m\u00e9dico, como Philippe Coutinho, Adson, Tch\u00ea Tch\u00ea e L\u00e9o Jardim, Carille tem o elenco completo \u00e0 sua disposi\u00e7\u00e3o para o jogo contra o Santos.&nbsp;<\/p>\n\n\n\n<p>Sendo assim, o treinador tem se dedicado a ensaiar v\u00e1rias possibilidades de forma\u00e7\u00e3o para sua equipe, testando diferentes combina\u00e7\u00f5es durante os treinos. Isso porque a grande meta da temporada \u00e9 garantir uma vaga na pr\u00f3xima edi\u00e7\u00e3o da Libertadores, um objetivo que se torna cada vez mais priorit\u00e1rio.<\/p>\n\n\n\n<p>De acordo com o setorista Lucas Pedrosa, do SBT Rio, a escala\u00e7\u00e3o ideal de Carille j\u00e1 est\u00e1 definida ap\u00f3s uma mini pr\u00e9-temporada.&nbsp;<\/p>\n\n\n\n<p>Dessa maneira, a forma\u00e7\u00e3o para o jogo contra o Santos ser\u00e1 a seguinte: L\u00e9o Jardim; PH, Jo\u00e3o Victor, Lemos e Lucas Piton; Hugo Moura, Paulinho, Benjam\u00edn Garr\u00e9, Coutinho e Nuno Moreira; Pablo Vegetti.<\/p>\n\n\n\n<h2 class=\"wp-block-heading\" id=\"h-a-estreia-de-benjamin-garre-e-a-posicao-de-tche-tche\">A estreia de Benjam\u00edn Garr\u00e9 e a posi\u00e7\u00e3o de Tch\u00ea Tch\u00ea<\/h2>\n\n\n\n<p>Vale destacar que Benjam\u00edn Garr\u00e9, rec\u00e9m-chegado ao clube, deve fazer sua estreia como titular no Vasco, sendo escalado como parte do setor de cria\u00e7\u00e3o ao lado de Philippe Coutinho e Nuno Moreira. O argentino teve uma atua\u00e7\u00e3o destacada nos treinos e tem agradado o treinador, com isso, a expectativa \u00e9 de que ele ajude a impulsionar o time ofensivamente.<\/p>\n\n\n\n<p>J\u00e1 Tch\u00ea Tch\u00ea, apesar de evoluir bem fisicamente, ainda n\u00e3o est\u00e1 100%. Por isso, o volante ficar\u00e1 no banco de reservas contra o Santos, e Paulinho, que tem sido titular, seguir\u00e1 no meio-campo. Dimitri Payet tamb\u00e9m deve come\u00e7ar a partida no banco, \u00e0 disposi\u00e7\u00e3o de Carille para entrar durante o jogo, conforme necess\u00e1rio.<\/p>\n","protected":false},"excerpt":{"rendered":"<p>A expectativa est\u00e1 alta para a estreia do Vasco no Campeonato Brasileiro 2025, marcada para o pr\u00f3ximo domingo (30) contra o Santos, em S\u00e3o Janu\u00e1rio.&nbsp; A partida, que acontecer\u00e1 \u00e0s 18h30, promete ser um grande teste para o time de F\u00e1bio Carille, que vem aproveitando o tempo ap\u00f3s o Campeonato Carioca para ajustar a equipe [&hellip;]<\/p>\n","protected":false},"author":25,"featured_media":220355,"comment_status":"open","ping_status":"closed","sticky":false,"template":"","format":"standard","meta":{"footnotes":""},"categories":[152],"tags":[],"class_list":["post-246076","post","type-post","status-publish","format-standard","has-post-thumbnail","hentry","category-vasco"],"yoast_head":"<!-- This site is optimized with the Yoast SEO Premium plugin v24.2 (Yoast SEO v26.9) - https:\/\/yoast.com\/product\/yoast-seo-premium-wordpress\/ -->\n<title>L\u00e9o Jardim; PH, Jo\u00e3o Victor, Lemos e Lucas Piton; Hugo Moura, Paulinho, Benjam\u00edn Garr\u00e9, Coutinho e Nuno Moreira; Pablo Vegetti: Lucas Pedrosa divulga escala\u00e7\u00e3o do Vasco contra o Santos<\/title>\n<meta name=\"robots\" content=\"index, follow, max-snippet:-1, max-image-preview:large, max-video-preview:-1\" \/>\n<link rel=\"canonical\" href=\"https:\/\/www.gaveanews.com\/index.php\/2025\/03\/28\/leo-jardim-ph-joao-victor-lemos-e-lucas-piton-hugo-moura-paulinho-benjamin-garre-coutinho-e-nuno-moreira-pablo-vegetti-lucas-pedrosa-divulga-escalacao-do-vasco-contra-o-santos\/\" \/>\n<meta property=\"og:locale\" content=\"pt_BR\" \/>\n<meta property=\"og:type\" content=\"article\" \/>\n<meta property=\"og:title\" content=\"L\u00e9o Jardim; PH, Jo\u00e3o Victor, Lemos e Lucas Piton; Hugo Moura, Paulinho, Benjam\u00edn Garr\u00e9, Coutinho e Nuno Moreira; Pablo Vegetti: Lucas Pedrosa divulga escala\u00e7\u00e3o do Vasco contra o Santos\" \/>\n<meta property=\"og:description\" content=\"A expectativa est\u00e1 alta para a estreia do Vasco no Campeonato Brasileiro 2025, marcada para o pr\u00f3ximo domingo (30) contra o Santos, em S\u00e3o Janu\u00e1rio.&nbsp; A partida, que acontecer\u00e1 \u00e0s 18h30, promete ser um grande teste para o time de F\u00e1bio Carille, que vem aproveitando o tempo ap\u00f3s o Campeonato Carioca para ajustar a equipe [&hellip;]\" \/>\n<meta property=\"og:url\" content=\"https:\/\/www.gaveanews.com\/index.php\/2025\/03\/28\/leo-jardim-ph-joao-victor-lemos-e-lucas-piton-hugo-moura-paulinho-benjamin-garre-coutinho-e-nuno-moreira-pablo-vegetti-lucas-pedrosa-divulga-escalacao-do-vasco-contra-o-santos\/\" \/>\n<meta property=\"og:site_name\" content=\"G\u00e1vea News\" \/>\n<meta property=\"article:publisher\" content=\"https:\/\/facebook.com\/gaveaNews\/\" \/>\n<meta property=\"article:published_time\" content=\"2025-03-28T19:55:00+00:00\" \/>\n<meta property=\"og:image\" content=\"https:\/\/www.gaveanews.com\/wp-content\/uploads\/Carille-pelo-Vasco.webp\" \/>\n\t<meta property=\"og:image:width\" content=\"738\" \/>\n\t<meta property=\"og:image:height\" content=\"469\" \/>\n\t<meta property=\"og:image:type\" content=\"image\/jpeg\" \/>\n<meta name=\"author\" content=\"Rafaela Ladeira\" \/>\n<meta name=\"twitter:card\" content=\"summary_large_image\" \/>\n<meta name=\"twitter:label1\" content=\"Escrito por\" \/>\n\t<meta name=\"twitter:data1\" content=\"Rafaela Ladeira\" \/>\n\t<meta name=\"twitter:label2\" content=\"Est. tempo de leitura\" \/>\n\t<meta name=\"twitter:data2\" content=\"3 minutos\" \/>\n<script type=\"application\/ld+json\" class=\"yoast-schema-graph\">{\"@context\":\"https:\/\/schema.org\",\"@graph\":[{\"@type\":\"NewsArticle\",\"@id\":\"https:\/\/www.gaveanews.com\/index.php\/2025\/03\/28\/leo-jardim-ph-joao-victor-lemos-e-lucas-piton-hugo-moura-paulinho-benjamin-garre-coutinho-e-nuno-moreira-pablo-vegetti-lucas-pedrosa-divulga-escalacao-do-vasco-contra-o-santos\/#article\",\"isPartOf\":{\"@id\":\"https:\/\/www.gaveanews.com\/index.php\/2025\/03\/28\/leo-jardim-ph-joao-victor-lemos-e-lucas-piton-hugo-moura-paulinho-benjamin-garre-coutinho-e-nuno-moreira-pablo-vegetti-lucas-pedrosa-divulga-escalacao-do-vasco-contra-o-santos\/\"},\"author\":{\"name\":\"Rafaela Ladeira\",\"@id\":\"https:\/\/www.gaveanews.com\/#\/schema\/person\/0eb3e3fe1754f0205218538adbe8f5ed\"},\"headline\":\"L\u00e9o Jardim; PH, Jo\u00e3o Victor, Lemos e Lucas Piton; Hugo Moura, Paulinho, Benjam\u00edn Garr\u00e9, Coutinho e Nuno Moreira; Pablo Vegetti: Lucas Pedrosa divulga escala\u00e7\u00e3o do Vasco contra o Santos\",\"datePublished\":\"2025-03-28T19:55:00+00:00\",\"mainEntityOfPage\":{\"@id\":\"https:\/\/www.gaveanews.com\/index.php\/2025\/03\/28\/leo-jardim-ph-joao-victor-lemos-e-lucas-piton-hugo-moura-paulinho-benjamin-garre-coutinho-e-nuno-moreira-pablo-vegetti-lucas-pedrosa-divulga-escalacao-do-vasco-contra-o-santos\/\"},\"wordCount\":400,\"commentCount\":0,\"image\":{\"@id\":\"https:\/\/www.gaveanews.com\/index.php\/2025\/03\/28\/leo-jardim-ph-joao-victor-lemos-e-lucas-piton-hugo-moura-paulinho-benjamin-garre-coutinho-e-nuno-moreira-pablo-vegetti-lucas-pedrosa-divulga-escalacao-do-vasco-contra-o-santos\/#primaryimage\"},\"thumbnailUrl\":\"https:\/\/www.gaveanews.com\/wp-content\/uploads\/Carille-pelo-Vasco.webp\",\"articleSection\":[\"Vasco\"],\"inLanguage\":\"pt-BR\",\"potentialAction\":[{\"@type\":\"CommentAction\",\"name\":\"Comment\",\"target\":[\"https:\/\/www.gaveanews.com\/index.php\/2025\/03\/28\/leo-jardim-ph-joao-victor-lemos-e-lucas-piton-hugo-moura-paulinho-benjamin-garre-coutinho-e-nuno-moreira-pablo-vegetti-lucas-pedrosa-divulga-escalacao-do-vasco-contra-o-santos\/#respond\"]}],\"copyrightYear\":\"2025\",\"copyrightHolder\":{\"@id\":\"https:\/\/www.gaveanews.com\/#organization\"}},{\"@type\":\"WebPage\",\"@id\":\"https:\/\/www.gaveanews.com\/index.php\/2025\/03\/28\/leo-jardim-ph-joao-victor-lemos-e-lucas-piton-hugo-moura-paulinho-benjamin-garre-coutinho-e-nuno-moreira-pablo-vegetti-lucas-pedrosa-divulga-escalacao-do-vasco-contra-o-santos\/\",\"url\":\"https:\/\/www.gaveanews.com\/index.php\/2025\/03\/28\/leo-jardim-ph-joao-victor-lemos-e-lucas-piton-hugo-moura-paulinho-benjamin-garre-coutinho-e-nuno-moreira-pablo-vegetti-lucas-pedrosa-divulga-escalacao-do-vasco-contra-o-santos\/\",\"name\":\"L\u00e9o Jardim; PH, Jo\u00e3o Victor, Lemos e Lucas Piton; Hugo Moura, Paulinho, Benjam\u00edn Garr\u00e9, Coutinho e Nuno Moreira; Pablo Vegetti: Lucas Pedrosa divulga escala\u00e7\u00e3o do Vasco contra o Santos\",\"isPartOf\":{\"@id\":\"https:\/\/www.gaveanews.com\/#website\"},\"primaryImageOfPage\":{\"@id\":\"https:\/\/www.gaveanews.com\/index.php\/2025\/03\/28\/leo-jardim-ph-joao-victor-lemos-e-lucas-piton-hugo-moura-paulinho-benjamin-garre-coutinho-e-nuno-moreira-pablo-vegetti-lucas-pedrosa-divulga-escalacao-do-vasco-contra-o-santos\/#primaryimage\"},\"image\":{\"@id\":\"https:\/\/www.gaveanews.com\/index.php\/2025\/03\/28\/leo-jardim-ph-joao-victor-lemos-e-lucas-piton-hugo-moura-paulinho-benjamin-garre-coutinho-e-nuno-moreira-pablo-vegetti-lucas-pedrosa-divulga-escalacao-do-vasco-contra-o-santos\/#primaryimage\"},\"thumbnailUrl\":\"https:\/\/www.gaveanews.com\/wp-content\/uploads\/Carille-pelo-Vasco.webp\",\"datePublished\":\"2025-03-28T19:55:00+00:00\",\"author\":{\"@id\":\"https:\/\/www.gaveanews.com\/#\/schema\/person\/0eb3e3fe1754f0205218538adbe8f5ed\"},\"breadcrumb\":{\"@id\":\"https:\/\/www.gaveanews.com\/index.php\/2025\/03\/28\/leo-jardim-ph-joao-victor-lemos-e-lucas-piton-hugo-moura-paulinho-benjamin-garre-coutinho-e-nuno-moreira-pablo-vegetti-lucas-pedrosa-divulga-escalacao-do-vasco-contra-o-santos\/#breadcrumb\"},\"inLanguage\":\"pt-BR\",\"potentialAction\":[{\"@type\":\"ReadAction\",\"target\":[\"https:\/\/www.gaveanews.com\/index.php\/2025\/03\/28\/leo-jardim-ph-joao-victor-lemos-e-lucas-piton-hugo-moura-paulinho-benjamin-garre-coutinho-e-nuno-moreira-pablo-vegetti-lucas-pedrosa-divulga-escalacao-do-vasco-contra-o-santos\/\"]}]},{\"@type\":\"ImageObject\",\"inLanguage\":\"pt-BR\",\"@id\":\"https:\/\/www.gaveanews.com\/index.php\/2025\/03\/28\/leo-jardim-ph-joao-victor-lemos-e-lucas-piton-hugo-moura-paulinho-benjamin-garre-coutinho-e-nuno-moreira-pablo-vegetti-lucas-pedrosa-divulga-escalacao-do-vasco-contra-o-santos\/#primaryimage\",\"url\":\"https:\/\/www.gaveanews.com\/wp-content\/uploads\/Carille-pelo-Vasco.webp\",\"contentUrl\":\"https:\/\/www.gaveanews.com\/wp-content\/uploads\/Carille-pelo-Vasco.webp\",\"width\":738,\"height\":469,\"caption\":\"Carille pelo Vasco (Foto: Reprodu\u00e7\u00e3o)\"},{\"@type\":\"BreadcrumbList\",\"@id\":\"https:\/\/www.gaveanews.com\/index.php\/2025\/03\/28\/leo-jardim-ph-joao-victor-lemos-e-lucas-piton-hugo-moura-paulinho-benjamin-garre-coutinho-e-nuno-moreira-pablo-vegetti-lucas-pedrosa-divulga-escalacao-do-vasco-contra-o-santos\/#breadcrumb\",\"itemListElement\":[{\"@type\":\"ListItem\",\"position\":1,\"name\":\"Home\",\"item\":\"https:\/\/www.gaveanews.com\/\"},{\"@type\":\"ListItem\",\"position\":2,\"name\":\"L\u00e9o Jardim; PH, Jo\u00e3o Victor, Lemos e Lucas Piton; Hugo Moura, Paulinho, Benjam\u00edn Garr\u00e9, Coutinho e Nuno Moreira; Pablo Vegetti: Lucas Pedrosa divulga escala\u00e7\u00e3o do Vasco contra o Santos\"}]},{\"@type\":\"WebSite\",\"@id\":\"https:\/\/www.gaveanews.com\/#website\",\"url\":\"https:\/\/www.gaveanews.com\/\",\"name\":\"G\u00e1vea News\",\"description\":\"Veja todas as not\u00edcias sobre o Flamengo: Contrata\u00e7\u00f5es, categorias de base, resultados das partidas, tabela de classifica\u00e7\u00e3o, pr\u00f3ximos jogos!\",\"potentialAction\":[{\"@type\":\"SearchAction\",\"target\":{\"@type\":\"EntryPoint\",\"urlTemplate\":\"https:\/\/www.gaveanews.com\/?s={search_term_string}\"},\"query-input\":{\"@type\":\"PropertyValueSpecification\",\"valueRequired\":true,\"valueName\":\"search_term_string\"}}],\"inLanguage\":\"pt-BR\"},{\"@type\":\"Person\",\"@id\":\"https:\/\/www.gaveanews.com\/#\/schema\/person\/0eb3e3fe1754f0205218538adbe8f5ed\",\"name\":\"Rafaela Ladeira\",\"image\":{\"@type\":\"ImageObject\",\"inLanguage\":\"pt-BR\",\"@id\":\"https:\/\/www.gaveanews.com\/#\/schema\/person\/image\/\",\"url\":\"https:\/\/secure.gravatar.com\/avatar\/c31f513acffd85eacab5730cbdfdbbf59f21ba5aeada8cd890acea879fbb2455?s=96&d=mm&r=g\",\"contentUrl\":\"https:\/\/secure.gravatar.com\/avatar\/c31f513acffd85eacab5730cbdfdbbf59f21ba5aeada8cd890acea879fbb2455?s=96&d=mm&r=g\",\"caption\":\"Rafaela Ladeira\"}}]}<\/script>\n<!-- \/ Yoast SEO Premium plugin. -->","yoast_head_json":{"title":"L\u00e9o Jardim; PH, Jo\u00e3o Victor, Lemos e Lucas Piton; Hugo Moura, Paulinho, Benjam\u00edn Garr\u00e9, Coutinho e Nuno Moreira; Pablo Vegetti: Lucas Pedrosa divulga escala\u00e7\u00e3o do Vasco contra o Santos","robots":{"index":"index","follow":"follow","max-snippet":"max-snippet:-1","max-image-preview":"max-image-preview:large","max-video-preview":"max-video-preview:-1"},"canonical":"https:\/\/www.gaveanews.com\/index.php\/2025\/03\/28\/leo-jardim-ph-joao-victor-lemos-e-lucas-piton-hugo-moura-paulinho-benjamin-garre-coutinho-e-nuno-moreira-pablo-vegetti-lucas-pedrosa-divulga-escalacao-do-vasco-contra-o-santos\/","og_locale":"pt_BR","og_type":"article","og_title":"L\u00e9o Jardim; PH, Jo\u00e3o Victor, Lemos e Lucas Piton; Hugo Moura, Paulinho, Benjam\u00edn Garr\u00e9, Coutinho e Nuno Moreira; Pablo Vegetti: Lucas Pedrosa divulga escala\u00e7\u00e3o do Vasco contra o Santos","og_description":"A expectativa est\u00e1 alta para a estreia do Vasco no Campeonato Brasileiro 2025, marcada para o pr\u00f3ximo domingo (30) contra o Santos, em S\u00e3o Janu\u00e1rio.&nbsp; A partida, que acontecer\u00e1 \u00e0s 18h30, promete ser um grande teste para o time de F\u00e1bio Carille, que vem aproveitando o tempo ap\u00f3s o Campeonato Carioca para ajustar a equipe [&hellip;]","og_url":"https:\/\/www.gaveanews.com\/index.php\/2025\/03\/28\/leo-jardim-ph-joao-victor-lemos-e-lucas-piton-hugo-moura-paulinho-benjamin-garre-coutinho-e-nuno-moreira-pablo-vegetti-lucas-pedrosa-divulga-escalacao-do-vasco-contra-o-santos\/","og_site_name":"G\u00e1vea News","article_publisher":"https:\/\/facebook.com\/gaveaNews\/","article_published_time":"2025-03-28T19:55:00+00:00","og_image":[{"width":738,"height":469,"url":"https:\/\/www.gaveanews.com\/wp-content\/uploads\/Carille-pelo-Vasco.webp","type":"image\/jpeg"}],"author":"Rafaela Ladeira","twitter_card":"summary_large_image","twitter_misc":{"Escrito por":"Rafaela Ladeira","Est. tempo de leitura":"3 minutos"},"schema":{"@context":"https:\/\/schema.org","@graph":[{"@type":"NewsArticle","@id":"https:\/\/www.gaveanews.com\/index.php\/2025\/03\/28\/leo-jardim-ph-joao-victor-lemos-e-lucas-piton-hugo-moura-paulinho-benjamin-garre-coutinho-e-nuno-moreira-pablo-vegetti-lucas-pedrosa-divulga-escalacao-do-vasco-contra-o-santos\/#article","isPartOf":{"@id":"https:\/\/www.gaveanews.com\/index.php\/2025\/03\/28\/leo-jardim-ph-joao-victor-lemos-e-lucas-piton-hugo-moura-paulinho-benjamin-garre-coutinho-e-nuno-moreira-pablo-vegetti-lucas-pedrosa-divulga-escalacao-do-vasco-contra-o-santos\/"},"author":{"name":"Rafaela Ladeira","@id":"https:\/\/www.gaveanews.com\/#\/schema\/person\/0eb3e3fe1754f0205218538adbe8f5ed"},"headline":"L\u00e9o Jardim; PH, Jo\u00e3o Victor, Lemos e Lucas Piton; Hugo Moura, Paulinho, Benjam\u00edn Garr\u00e9, Coutinho e Nuno Moreira; Pablo Vegetti: Lucas Pedrosa divulga escala\u00e7\u00e3o do Vasco contra o Santos","datePublished":"2025-03-28T19:55:00+00:00","mainEntityOfPage":{"@id":"https:\/\/www.gaveanews.com\/index.php\/2025\/03\/28\/leo-jardim-ph-joao-victor-lemos-e-lucas-piton-hugo-moura-paulinho-benjamin-garre-coutinho-e-nuno-moreira-pablo-vegetti-lucas-pedrosa-divulga-escalacao-do-vasco-contra-o-santos\/"},"wordCount":400,"commentCount":0,"image":{"@id":"https:\/\/www.gaveanews.com\/index.php\/2025\/03\/28\/leo-jardim-ph-joao-victor-lemos-e-lucas-piton-hugo-moura-paulinho-benjamin-garre-coutinho-e-nuno-moreira-pablo-vegetti-lucas-pedrosa-divulga-escalacao-do-vasco-contra-o-santos\/#primaryimage"},"thumbnailUrl":"https:\/\/www.gaveanews.com\/wp-content\/uploads\/Carille-pelo-Vasco.webp","articleSection":["Vasco"],"inLanguage":"pt-BR","potentialAction":[{"@type":"CommentAction","name":"Comment","target":["https:\/\/www.gaveanews.com\/index.php\/2025\/03\/28\/leo-jardim-ph-joao-victor-lemos-e-lucas-piton-hugo-moura-paulinho-benjamin-garre-coutinho-e-nuno-moreira-pablo-vegetti-lucas-pedrosa-divulga-escalacao-do-vasco-contra-o-santos\/#respond"]}],"copyrightYear":"2025","copyrightHolder":{"@id":"https:\/\/www.gaveanews.com\/#organization"}},{"@type":"WebPage","@id":"https:\/\/www.gaveanews.com\/index.php\/2025\/03\/28\/leo-jardim-ph-joao-victor-lemos-e-lucas-piton-hugo-moura-paulinho-benjamin-garre-coutinho-e-nuno-moreira-pablo-vegetti-lucas-pedrosa-divulga-escalacao-do-vasco-contra-o-santos\/","url":"https:\/\/www.gaveanews.com\/index.php\/2025\/03\/28\/leo-jardim-ph-joao-victor-lemos-e-lucas-piton-hugo-moura-paulinho-benjamin-garre-coutinho-e-nuno-moreira-pablo-vegetti-lucas-pedrosa-divulga-escalacao-do-vasco-contra-o-santos\/","name":"L\u00e9o Jardim; PH, Jo\u00e3o Victor, Lemos e Lucas Piton; Hugo Moura, Paulinho, Benjam\u00edn Garr\u00e9, Coutinho e Nuno Moreira; Pablo Vegetti: Lucas Pedrosa divulga escala\u00e7\u00e3o do Vasco contra o Santos","isPartOf":{"@id":"https:\/\/www.gaveanews.com\/#website"},"primaryImageOfPage":{"@id":"https:\/\/www.gaveanews.com\/index.php\/2025\/03\/28\/leo-jardim-ph-joao-victor-lemos-e-lucas-piton-hugo-moura-paulinho-benjamin-garre-coutinho-e-nuno-moreira-pablo-vegetti-lucas-pedrosa-divulga-escalacao-do-vasco-contra-o-santos\/#primaryimage"},"image":{"@id":"https:\/\/www.gaveanews.com\/index.php\/2025\/03\/28\/leo-jardim-ph-joao-victor-lemos-e-lucas-piton-hugo-moura-paulinho-benjamin-garre-coutinho-e-nuno-moreira-pablo-vegetti-lucas-pedrosa-divulga-escalacao-do-vasco-contra-o-santos\/#primaryimage"},"thumbnailUrl":"https:\/\/www.gaveanews.com\/wp-content\/uploads\/Carille-pelo-Vasco.webp","datePublished":"2025-03-28T19:55:00+00:00","author":{"@id":"https:\/\/www.gaveanews.com\/#\/schema\/person\/0eb3e3fe1754f0205218538adbe8f5ed"},"breadcrumb":{"@id":"https:\/\/www.gaveanews.com\/index.php\/2025\/03\/28\/leo-jardim-ph-joao-victor-lemos-e-lucas-piton-hugo-moura-paulinho-benjamin-garre-coutinho-e-nuno-moreira-pablo-vegetti-lucas-pedrosa-divulga-escalacao-do-vasco-contra-o-santos\/#breadcrumb"},"inLanguage":"pt-BR","potentialAction":[{"@type":"ReadAction","target":["https:\/\/www.gaveanews.com\/index.php\/2025\/03\/28\/leo-jardim-ph-joao-victor-lemos-e-lucas-piton-hugo-moura-paulinho-benjamin-garre-coutinho-e-nuno-moreira-pablo-vegetti-lucas-pedrosa-divulga-escalacao-do-vasco-contra-o-santos\/"]}]},{"@type":"ImageObject","inLanguage":"pt-BR","@id":"https:\/\/www.gaveanews.com\/index.php\/2025\/03\/28\/leo-jardim-ph-joao-victor-lemos-e-lucas-piton-hugo-moura-paulinho-benjamin-garre-coutinho-e-nuno-moreira-pablo-vegetti-lucas-pedrosa-divulga-escalacao-do-vasco-contra-o-santos\/#primaryimage","url":"https:\/\/www.gaveanews.com\/wp-content\/uploads\/Carille-pelo-Vasco.webp","contentUrl":"https:\/\/www.gaveanews.com\/wp-content\/uploads\/Carille-pelo-Vasco.webp","width":738,"height":469,"caption":"Carille pelo Vasco (Foto: Reprodu\u00e7\u00e3o)"},{"@type":"BreadcrumbList","@id":"https:\/\/www.gaveanews.com\/index.php\/2025\/03\/28\/leo-jardim-ph-joao-victor-lemos-e-lucas-piton-hugo-moura-paulinho-benjamin-garre-coutinho-e-nuno-moreira-pablo-vegetti-lucas-pedrosa-divulga-escalacao-do-vasco-contra-o-santos\/#breadcrumb","itemListElement":[{"@type":"ListItem","position":1,"name":"Home","item":"https:\/\/www.gaveanews.com\/"},{"@type":"ListItem","position":2,"name":"L\u00e9o Jardim; PH, Jo\u00e3o Victor, Lemos e Lucas Piton; Hugo Moura, Paulinho, Benjam\u00edn Garr\u00e9, Coutinho e Nuno Moreira; Pablo Vegetti: Lucas Pedrosa divulga escala\u00e7\u00e3o do Vasco contra o Santos"}]},{"@type":"WebSite","@id":"https:\/\/www.gaveanews.com\/#website","url":"https:\/\/www.gaveanews.com\/","name":"G\u00e1vea News","description":"Veja todas as not\u00edcias sobre o Flamengo: Contrata\u00e7\u00f5es, categorias de base, resultados das partidas, tabela de classifica\u00e7\u00e3o, pr\u00f3ximos jogos!","potentialAction":[{"@type":"SearchAction","target":{"@type":"EntryPoint","urlTemplate":"https:\/\/www.gaveanews.com\/?s={search_term_string}"},"query-input":{"@type":"PropertyValueSpecification","valueRequired":true,"valueName":"search_term_string"}}],"inLanguage":"pt-BR"},{"@type":"Person","@id":"https:\/\/www.gaveanews.com\/#\/schema\/person\/0eb3e3fe1754f0205218538adbe8f5ed","name":"Rafaela Ladeira","image":{"@type":"ImageObject","inLanguage":"pt-BR","@id":"https:\/\/www.gaveanews.com\/#\/schema\/person\/image\/","url":"https:\/\/secure.gravatar.com\/avatar\/c31f513acffd85eacab5730cbdfdbbf59f21ba5aeada8cd890acea879fbb2455?s=96&d=mm&r=g","contentUrl":"https:\/\/secure.gravatar.com\/avatar\/c31f513acffd85eacab5730cbdfdbbf59f21ba5aeada8cd890acea879fbb2455?s=96&d=mm&r=g","caption":"Rafaela Ladeira"}}]}},"_links":{"self":[{"href":"https:\/\/www.gaveanews.com\/index.php\/wp-json\/wp\/v2\/posts\/246076","targetHints":{"allow":["GET"]}}],"collection":[{"href":"https:\/\/www.gaveanews.com\/index.php\/wp-json\/wp\/v2\/posts"}],"about":[{"href":"https:\/\/www.gaveanews.com\/index.php\/wp-json\/wp\/v2\/types\/post"}],"author":[{"embeddable":true,"href":"https:\/\/www.gaveanews.com\/index.php\/wp-json\/wp\/v2\/users\/25"}],"replies":[{"embeddable":true,"href":"https:\/\/www.gaveanews.com\/index.php\/wp-json\/wp\/v2\/comments?post=246076"}],"version-history":[{"count":1,"href":"https:\/\/www.gaveanews.com\/index.php\/wp-json\/wp\/v2\/posts\/246076\/revisions"}],"predecessor-version":[{"id":246078,"href":"https:\/\/www.gaveanews.com\/index.php\/wp-json\/wp\/v2\/posts\/246076\/revisions\/246078"}],"wp:featuredmedia":[{"embeddable":true,"href":"https:\/\/www.gaveanews.com\/index.php\/wp-json\/wp\/v2\/media\/220355"}],"wp:attachment":[{"href":"https:\/\/www.gaveanews.com\/index.php\/wp-json\/wp\/v2\/media?parent=246076"}],"wp:term":[{"taxonomy":"category","embeddable":true,"href":"https:\/\/www.gaveanews.com\/index.php\/wp-json\/wp\/v2\/categories?post=246076"},{"taxonomy":"post_tag","embeddable":true,"href":"https:\/\/www.gaveanews.com\/index.php\/wp-json\/wp\/v2\/tags?post=246076"}],"curies":[{"name":"wp","href":"https:\/\/api.w.org\/{rel}","templated":true}]}}