{"id":246082,"date":"2025-03-28T18:10:00","date_gmt":"2025-03-28T21:10:00","guid":{"rendered":"https:\/\/www.gaveanews.com\/?p=246082"},"modified":"2025-03-28T15:58:18","modified_gmt":"2025-03-28T18:58:18","slug":"nova-capacidade-de-sao-januario-elenco-mais-valioso-e-ex-tecnico-do-vasco-e-sincero-as-ultimas-noticias-do-vascao","status":"publish","type":"post","link":"https:\/\/www.gaveanews.com\/index.php\/2025\/03\/28\/nova-capacidade-de-sao-januario-elenco-mais-valioso-e-ex-tecnico-do-vasco-e-sincero-as-ultimas-noticias-do-vascao\/","title":{"rendered":"Nova capacidade de S\u00e3o Janu\u00e1rio, elenco mais valioso e ex-t\u00e9cnico do Vasco \u00e9 sincero: as \u00faltimas not\u00edcias do Vasc\u00e3o"},"content":{"rendered":"\n<p>Nas \u00faltimas horas, o foco das not\u00edcias sobre o Vasco se concentram nos bastidores do clube, com destaques do dia a dia do time.<\/p>\n\n\n\n<p>Por conta deste contexto, leia abaixo um resumo preparado pela equipe do portal G\u00e1vea News para lhe manter muito bem informado!<\/p>\n\n\n\n<h2 class=\"wp-block-heading\" id=\"h-ex-tecnico-do-vasco-e-sincero\">Ex-t\u00e9cnico do Vasco \u00e9 sincero<\/h2>\n\n\n\n<p>O ex-treinador do Vasco da Gama, \u00c1lvaro Pacheco, falou abertamente sobre os desafios enfrentados durante sua curta passagem pelo clube. Em entrevista recente, o t\u00e9cnico portugu\u00eas revelou frustra\u00e7\u00e3o com o ambiente pol\u00edtico inst\u00e1vel que encontrou ao chegar a S\u00e3o Janu\u00e1rio. Apesar das promessas de tempo e estrutura, ele se viu afetado por uma disputa interna entre a 777 Partners e o presidente Pedrinho, o que culminou em sua sa\u00edda precoce do comando da equipe<strong><a href=\"https:\/\/www.gaveanews.com\/index.php\/2025\/03\/25\/ex-tecnico-do-vasco-e-sincero-ao-falar-sobre-seu-fracasso-no-clube\/\"> (leia a mat\u00e9ria completa).<\/a><\/strong><\/p>\n\n\n\n<figure class=\"wp-block-image size-full\"><img loading=\"lazy\" decoding=\"async\" width=\"1000\" height=\"667\" src=\"http:\/\/www.gaveanews.com\/wp-content\/uploads\/Alvaro-Pacheco-treinador-do-Vasco.webp\" alt=\"\" class=\"wp-image-145751\" srcset=\"https:\/\/www.gaveanews.com\/wp-content\/uploads\/Alvaro-Pacheco-treinador-do-Vasco.webp 1000w, https:\/\/www.gaveanews.com\/wp-content\/uploads\/Alvaro-Pacheco-treinador-do-Vasco-300x200.webp 300w, https:\/\/www.gaveanews.com\/wp-content\/uploads\/Alvaro-Pacheco-treinador-do-Vasco-768x512.webp 768w, https:\/\/www.gaveanews.com\/wp-content\/uploads\/Alvaro-Pacheco-treinador-do-Vasco-630x420.webp 630w, https:\/\/www.gaveanews.com\/wp-content\/uploads\/Alvaro-Pacheco-treinador-do-Vasco-640x427.webp 640w, https:\/\/www.gaveanews.com\/wp-content\/uploads\/Alvaro-Pacheco-treinador-do-Vasco-681x454.webp 681w, https:\/\/www.gaveanews.com\/wp-content\/uploads\/Alvaro-Pacheco-treinador-do-Vasco-100x67.webp 100w\" sizes=\"auto, (max-width: 1000px) 100vw, 1000px\" \/><figcaption class=\"wp-element-caption\">\u00c1lvaro Pacheco, treinador do Vasco (Foto: Leandro Amorim\/Vasco)<\/figcaption><\/figure>\n\n\n\n<p>Pacheco relatou que, embora tenha sido alertado sobre a turbul\u00eancia nos bastidores, foi encorajado a continuar. <\/p>\n\n\n\n<p>No entanto, poucos dias ap\u00f3s sua chegada ao Brasil, uma decis\u00e3o judicial afastou a empresa respons\u00e1vel pela SAF do Vasco da gest\u00e3o do clube, abrindo caminho para sua demiss\u00e3o. Ele classificou a experi\u00eancia como \u201cdesilus\u00e3o\u201d, lamentando n\u00e3o ter conseguido implementar seu estilo de jogo ou consolidar um projeto de longo prazo com a equipe cruzmaltina.<\/p>\n\n\n\n<p>Ap\u00f3s sua sa\u00edda, Pacheco assumiu o Al-Orobah, na Ar\u00e1bia Saudita, acreditando no potencial do projeto. Por\u00e9m, novas dificuldades surgiram, como atrasos salariais e falta de estrutura, o que o levou a deixar o cargo novamente. Apesar dos reveses, o treinador manteve o tom reflexivo e demonstrou confian\u00e7a em sua evolu\u00e7\u00e3o profissional, destacando a import\u00e2ncia de estar em um ambiente que apoie suas ideias e ofere\u00e7a condi\u00e7\u00f5es reais de trabalho.<\/p>\n\n\n\n<h2 class=\"wp-block-heading\" id=\"h-elenco-mais-valioso\">Elenco mais valioso<\/h2>\n\n\n\n<p>O Vasco da Gama aparece entre os elencos mais valiosos da Copa Sul-Americana de 2025, ocupando a quinta posi\u00e7\u00e3o no ranking elaborado pelo site Transfermarkt. Avaliado em R$ 526,64 milh\u00f5es, o elenco vasca\u00edno refor\u00e7a o protagonismo do clube no cen\u00e1rio continental. Com isso, a equipe carioca encara a competi\u00e7\u00e3o como uma das prioridades da temporada, intensificando a prepara\u00e7\u00e3o f\u00edsica e t\u00e1tica em seu centro de treinamento, visando um bom desempenho tanto no torneio internacional quanto no Campeonato Brasileiro<strong><a href=\"https:\/\/www.gaveanews.com\/index.php\/2025\/03\/24\/elenco-do-vasco-esta-entre-os-mais-valiosos-da-sul-americana-veja-ranking\/\"> (leia a mat\u00e9ria completa).<\/a><\/strong><\/p>\n\n\n\n<figure class=\"wp-block-image size-large\"><img loading=\"lazy\" decoding=\"async\" width=\"1024\" height=\"683\" src=\"http:\/\/www.gaveanews.com\/wp-content\/uploads\/Jogadores-do-Vasco-durante-partida-contra-o-Atletico-GO-pela-Copa-do-Brasil-2024-1024x683.webp\" alt=\"\" class=\"wp-image-157096\" srcset=\"https:\/\/www.gaveanews.com\/wp-content\/uploads\/Jogadores-do-Vasco-durante-partida-contra-o-Atletico-GO-pela-Copa-do-Brasil-2024-1024x683.webp 1024w, https:\/\/www.gaveanews.com\/wp-content\/uploads\/Jogadores-do-Vasco-durante-partida-contra-o-Atletico-GO-pela-Copa-do-Brasil-2024-300x200.webp 300w, https:\/\/www.gaveanews.com\/wp-content\/uploads\/Jogadores-do-Vasco-durante-partida-contra-o-Atletico-GO-pela-Copa-do-Brasil-2024-768x512.webp 768w, https:\/\/www.gaveanews.com\/wp-content\/uploads\/Jogadores-do-Vasco-durante-partida-contra-o-Atletico-GO-pela-Copa-do-Brasil-2024-630x420.webp 630w, https:\/\/www.gaveanews.com\/wp-content\/uploads\/Jogadores-do-Vasco-durante-partida-contra-o-Atletico-GO-pela-Copa-do-Brasil-2024-1260x840.webp 1260w, https:\/\/www.gaveanews.com\/wp-content\/uploads\/Jogadores-do-Vasco-durante-partida-contra-o-Atletico-GO-pela-Copa-do-Brasil-2024-640x427.webp 640w, https:\/\/www.gaveanews.com\/wp-content\/uploads\/Jogadores-do-Vasco-durante-partida-contra-o-Atletico-GO-pela-Copa-do-Brasil-2024-1280x853.webp 1280w, https:\/\/www.gaveanews.com\/wp-content\/uploads\/Jogadores-do-Vasco-durante-partida-contra-o-Atletico-GO-pela-Copa-do-Brasil-2024-681x454.webp 681w, https:\/\/www.gaveanews.com\/wp-content\/uploads\/Jogadores-do-Vasco-durante-partida-contra-o-Atletico-GO-pela-Copa-do-Brasil-2024-1362x908.webp 1362w, https:\/\/www.gaveanews.com\/wp-content\/uploads\/Jogadores-do-Vasco-durante-partida-contra-o-Atletico-GO-pela-Copa-do-Brasil-2024-100x67.webp 100w, https:\/\/www.gaveanews.com\/wp-content\/uploads\/Jogadores-do-Vasco-durante-partida-contra-o-Atletico-GO-pela-Copa-do-Brasil-2024.webp 1440w\" sizes=\"auto, (max-width: 1024px) 100vw, 1024px\" \/><figcaption class=\"wp-element-caption\">Jogadores do Vasco durante partida contra o Atletico-GO pela Copa do Brasil 2024 (Foto: Reprodu\u00e7\u00e3o\/Instagram)<\/figcaption><\/figure>\n\n\n\n<p>O grupo do Vasco na Sul-Americana \u00e9 formado por advers\u00e1rios de diferentes estilos e tradi\u00e7\u00f5es: Melgar (Peru), Lan\u00fas (Argentina) e Puerto Cabello (Venezuela). A diretoria aposta na for\u00e7a do elenco, que conta com nomes como Philippe Coutinho e Payet, para liderar a chave e avan\u00e7ar \u00e0s fases finais. O Brasil domina a lista dos elencos mais caros, com sete clubes entre os dez primeiros \u2014 sendo o Corinthians o l\u00edder do ranking, seguido por Cruzeiro, Gr\u00eamio, Atl\u00e9tico-MG e o pr\u00f3prio Vasco.<\/p>\n\n\n\n<p>Al\u00e9m das competi\u00e7\u00f5es esportivas, o clube tamb\u00e9m trabalha com estrat\u00e9gias administrativas. Um exemplo \u00e9 o acordo fechado para a venda de mando de campo em uma partida contra o Palmeiras, que render\u00e1 R$ 2,5 milh\u00f5es aos cofres cruzmaltinos. A movimenta\u00e7\u00e3o refor\u00e7a o esfor\u00e7o da diretoria em equilibrar as finan\u00e7as e manter o investimento no elenco, mirando uma temporada s\u00f3lida e de resultados consistentes dentro e fora de campo.<\/p>\n\n\n\n<h2 class=\"wp-block-heading\" id=\"h-nova-capacidade-de-sao-januario\">Nova capacidade de S\u00e3o Janu\u00e1rio<\/h2>\n\n\n\n<p>O Vasco da Gama anunciou planos para a moderniza\u00e7\u00e3o completa de S\u00e3o Janu\u00e1rio, que ser\u00e1 transformado em uma arena com capacidade entre 43 mil e 57 mil lugares. A varia\u00e7\u00e3o depender\u00e1 do estudo econ\u00f4mico-financeiro atualmente em andamento, que busca equilibrar ambi\u00e7\u00e3o estrutural com responsabilidade or\u00e7ament\u00e1ria. O clube, que nunca havia feito uma reforma de grande porte no est\u00e1dio desde sua constru\u00e7\u00e3o em 1927, quer modernizar o espa\u00e7o sem comprometer sua sa\u00fade financeira <strong><a href=\"https:\/\/www.gaveanews.com\/index.php\/2025\/03\/25\/vasco-nova-capacidade-de-sao-januario-e-revelada\/\">(leia a mat\u00e9ria completa).<\/a><\/strong><\/p>\n\n\n\n<figure class=\"wp-block-image size-full\"><img loading=\"lazy\" decoding=\"async\" width=\"799\" height=\"533\" src=\"http:\/\/www.gaveanews.com\/wp-content\/uploads\/Philippe-Coutinho-durante-apresentacao-ao-Vasco-da-Gama-em-Sao-Januario.webp\" alt=\"\" class=\"wp-image-153282\" srcset=\"https:\/\/www.gaveanews.com\/wp-content\/uploads\/Philippe-Coutinho-durante-apresentacao-ao-Vasco-da-Gama-em-Sao-Januario.webp 799w, https:\/\/www.gaveanews.com\/wp-content\/uploads\/Philippe-Coutinho-durante-apresentacao-ao-Vasco-da-Gama-em-Sao-Januario-300x200.webp 300w, https:\/\/www.gaveanews.com\/wp-content\/uploads\/Philippe-Coutinho-durante-apresentacao-ao-Vasco-da-Gama-em-Sao-Januario-768x512.webp 768w, https:\/\/www.gaveanews.com\/wp-content\/uploads\/Philippe-Coutinho-durante-apresentacao-ao-Vasco-da-Gama-em-Sao-Januario-630x420.webp 630w, https:\/\/www.gaveanews.com\/wp-content\/uploads\/Philippe-Coutinho-durante-apresentacao-ao-Vasco-da-Gama-em-Sao-Januario-640x427.webp 640w, https:\/\/www.gaveanews.com\/wp-content\/uploads\/Philippe-Coutinho-durante-apresentacao-ao-Vasco-da-Gama-em-Sao-Januario-681x454.webp 681w, https:\/\/www.gaveanews.com\/wp-content\/uploads\/Philippe-Coutinho-durante-apresentacao-ao-Vasco-da-Gama-em-Sao-Januario-100x67.webp 100w\" sizes=\"auto, (max-width: 799px) 100vw, 799px\" \/><figcaption class=\"wp-element-caption\">Philippe Coutinho durante apresenta\u00e7\u00e3o ao Vasco da Gama em S\u00e3o Janu\u00e1rio (Foto: Reprodu\u00e7\u00e3o\/Vasco)<\/figcaption><\/figure>\n\n\n\n<p>Renato Brito, segundo vice-presidente do Vasco, revelou que o projeto prioriza a inclus\u00e3o de assentos populares, como forma de manter o est\u00e1dio acess\u00edvel \u00e0 torcida. Segundo ele, o objetivo \u00e9 n\u00e3o apenas ampliar a capacidade, mas garantir que a opera\u00e7\u00e3o do novo S\u00e3o Janu\u00e1rio seja sustent\u00e1vel. A diretoria entende que construir um est\u00e1dio para 70 mil pessoas sem garantia de alta ocupa\u00e7\u00e3o traria preju\u00edzos ao clube, algo que desejam evitar com planejamento e realismo.<\/p>\n\n\n\n<p>Enquanto o projeto segue em fase de estudo, o Vasco se prepara para enfrentar o Santos pela estreia do Campeonato Brasileiro, no pr\u00f3prio S\u00e3o Janu\u00e1rio. A torcida vasca\u00edna, conhecida por sua paix\u00e3o e presen\u00e7a, \u00e9 vista como pe\u00e7a-chave para sustentar esse novo momento do clube. A reforma do est\u00e1dio representa mais do que uma obra: simboliza um novo cap\u00edtulo da hist\u00f3ria cruzmaltina, que alia tradi\u00e7\u00e3o com vis\u00e3o de futuro.<\/p>\n","protected":false},"excerpt":{"rendered":"<p>Nas \u00faltimas horas, o foco das not\u00edcias sobre o Vasco se concentram nos bastidores do clube, com destaques do dia a dia do time. Por conta deste contexto, leia abaixo um resumo preparado pela equipe do portal G\u00e1vea News para lhe manter muito bem informado! Ex-t\u00e9cnico do Vasco \u00e9 sincero O ex-treinador do Vasco da [&hellip;]<\/p>\n","protected":false},"author":33,"featured_media":152090,"comment_status":"open","ping_status":"closed","sticky":false,"template":"","format":"standard","meta":{"footnotes":""},"categories":[152],"tags":[],"class_list":["post-246082","post","type-post","status-publish","format-standard","has-post-thumbnail","hentry","category-vasco"],"yoast_head":"<!-- This site is optimized with the Yoast SEO Premium plugin v24.2 (Yoast SEO v26.9) - https:\/\/yoast.com\/product\/yoast-seo-premium-wordpress\/ -->\n<title>Nova capacidade de S\u00e3o Janu\u00e1rio, elenco mais valioso e ex-t\u00e9cnico do Vasco \u00e9 sincero: as \u00faltimas not\u00edcias do Vasc\u00e3o<\/title>\n<meta name=\"robots\" content=\"index, follow, max-snippet:-1, max-image-preview:large, max-video-preview:-1\" \/>\n<link rel=\"canonical\" href=\"https:\/\/www.gaveanews.com\/index.php\/2025\/03\/28\/nova-capacidade-de-sao-januario-elenco-mais-valioso-e-ex-tecnico-do-vasco-e-sincero-as-ultimas-noticias-do-vascao\/\" \/>\n<meta property=\"og:locale\" content=\"pt_BR\" \/>\n<meta property=\"og:type\" content=\"article\" \/>\n<meta property=\"og:title\" content=\"Nova capacidade de S\u00e3o Janu\u00e1rio, elenco mais valioso e ex-t\u00e9cnico do Vasco \u00e9 sincero: as \u00faltimas not\u00edcias do Vasc\u00e3o\" \/>\n<meta property=\"og:description\" content=\"Nas \u00faltimas horas, o foco das not\u00edcias sobre o Vasco se concentram nos bastidores do clube, com destaques do dia a dia do time. Por conta deste contexto, leia abaixo um resumo preparado pela equipe do portal G\u00e1vea News para lhe manter muito bem informado! Ex-t\u00e9cnico do Vasco \u00e9 sincero O ex-treinador do Vasco da [&hellip;]\" \/>\n<meta property=\"og:url\" content=\"https:\/\/www.gaveanews.com\/index.php\/2025\/03\/28\/nova-capacidade-de-sao-januario-elenco-mais-valioso-e-ex-tecnico-do-vasco-e-sincero-as-ultimas-noticias-do-vascao\/\" \/>\n<meta property=\"og:site_name\" content=\"G\u00e1vea News\" \/>\n<meta property=\"article:publisher\" content=\"https:\/\/facebook.com\/gaveaNews\/\" \/>\n<meta property=\"article:published_time\" content=\"2025-03-28T21:10:00+00:00\" \/>\n<meta property=\"og:image\" content=\"https:\/\/www.gaveanews.com\/wp-content\/uploads\/Bandeira-do-Vasco-da-Gama.webp\" \/>\n\t<meta property=\"og:image:width\" content=\"1159\" \/>\n\t<meta property=\"og:image:height\" content=\"772\" \/>\n\t<meta property=\"og:image:type\" content=\"image\/webp\" \/>\n<meta name=\"author\" content=\"Brenda Cezillo\" \/>\n<meta name=\"twitter:card\" content=\"summary_large_image\" \/>\n<meta name=\"twitter:label1\" content=\"Escrito por\" \/>\n\t<meta name=\"twitter:data1\" content=\"Brenda Cezillo\" \/>\n\t<meta name=\"twitter:label2\" content=\"Est. tempo de leitura\" \/>\n\t<meta name=\"twitter:data2\" content=\"6 minutos\" \/>\n<script type=\"application\/ld+json\" class=\"yoast-schema-graph\">{\"@context\":\"https:\/\/schema.org\",\"@graph\":[{\"@type\":\"NewsArticle\",\"@id\":\"https:\/\/www.gaveanews.com\/index.php\/2025\/03\/28\/nova-capacidade-de-sao-januario-elenco-mais-valioso-e-ex-tecnico-do-vasco-e-sincero-as-ultimas-noticias-do-vascao\/#article\",\"isPartOf\":{\"@id\":\"https:\/\/www.gaveanews.com\/index.php\/2025\/03\/28\/nova-capacidade-de-sao-januario-elenco-mais-valioso-e-ex-tecnico-do-vasco-e-sincero-as-ultimas-noticias-do-vascao\/\"},\"author\":{\"name\":\"Brenda Cezillo\",\"@id\":\"https:\/\/www.gaveanews.com\/#\/schema\/person\/c79759ca337c40791ae8d08e2923d403\"},\"headline\":\"Nova capacidade de S\u00e3o Janu\u00e1rio, elenco mais valioso e ex-t\u00e9cnico do Vasco \u00e9 sincero: as \u00faltimas not\u00edcias do Vasc\u00e3o\",\"datePublished\":\"2025-03-28T21:10:00+00:00\",\"mainEntityOfPage\":{\"@id\":\"https:\/\/www.gaveanews.com\/index.php\/2025\/03\/28\/nova-capacidade-de-sao-januario-elenco-mais-valioso-e-ex-tecnico-do-vasco-e-sincero-as-ultimas-noticias-do-vascao\/\"},\"wordCount\":874,\"commentCount\":0,\"image\":{\"@id\":\"https:\/\/www.gaveanews.com\/index.php\/2025\/03\/28\/nova-capacidade-de-sao-januario-elenco-mais-valioso-e-ex-tecnico-do-vasco-e-sincero-as-ultimas-noticias-do-vascao\/#primaryimage\"},\"thumbnailUrl\":\"https:\/\/www.gaveanews.com\/wp-content\/uploads\/Bandeira-do-Vasco-da-Gama.webp\",\"articleSection\":[\"Vasco\"],\"inLanguage\":\"pt-BR\",\"potentialAction\":[{\"@type\":\"CommentAction\",\"name\":\"Comment\",\"target\":[\"https:\/\/www.gaveanews.com\/index.php\/2025\/03\/28\/nova-capacidade-de-sao-januario-elenco-mais-valioso-e-ex-tecnico-do-vasco-e-sincero-as-ultimas-noticias-do-vascao\/#respond\"]}],\"copyrightYear\":\"2025\",\"copyrightHolder\":{\"@id\":\"https:\/\/www.gaveanews.com\/#organization\"}},{\"@type\":\"WebPage\",\"@id\":\"https:\/\/www.gaveanews.com\/index.php\/2025\/03\/28\/nova-capacidade-de-sao-januario-elenco-mais-valioso-e-ex-tecnico-do-vasco-e-sincero-as-ultimas-noticias-do-vascao\/\",\"url\":\"https:\/\/www.gaveanews.com\/index.php\/2025\/03\/28\/nova-capacidade-de-sao-januario-elenco-mais-valioso-e-ex-tecnico-do-vasco-e-sincero-as-ultimas-noticias-do-vascao\/\",\"name\":\"Nova capacidade de S\u00e3o Janu\u00e1rio, elenco mais valioso e ex-t\u00e9cnico do Vasco \u00e9 sincero: as \u00faltimas not\u00edcias do Vasc\u00e3o\",\"isPartOf\":{\"@id\":\"https:\/\/www.gaveanews.com\/#website\"},\"primaryImageOfPage\":{\"@id\":\"https:\/\/www.gaveanews.com\/index.php\/2025\/03\/28\/nova-capacidade-de-sao-januario-elenco-mais-valioso-e-ex-tecnico-do-vasco-e-sincero-as-ultimas-noticias-do-vascao\/#primaryimage\"},\"image\":{\"@id\":\"https:\/\/www.gaveanews.com\/index.php\/2025\/03\/28\/nova-capacidade-de-sao-januario-elenco-mais-valioso-e-ex-tecnico-do-vasco-e-sincero-as-ultimas-noticias-do-vascao\/#primaryimage\"},\"thumbnailUrl\":\"https:\/\/www.gaveanews.com\/wp-content\/uploads\/Bandeira-do-Vasco-da-Gama.webp\",\"datePublished\":\"2025-03-28T21:10:00+00:00\",\"author\":{\"@id\":\"https:\/\/www.gaveanews.com\/#\/schema\/person\/c79759ca337c40791ae8d08e2923d403\"},\"breadcrumb\":{\"@id\":\"https:\/\/www.gaveanews.com\/index.php\/2025\/03\/28\/nova-capacidade-de-sao-januario-elenco-mais-valioso-e-ex-tecnico-do-vasco-e-sincero-as-ultimas-noticias-do-vascao\/#breadcrumb\"},\"inLanguage\":\"pt-BR\",\"potentialAction\":[{\"@type\":\"ReadAction\",\"target\":[\"https:\/\/www.gaveanews.com\/index.php\/2025\/03\/28\/nova-capacidade-de-sao-januario-elenco-mais-valioso-e-ex-tecnico-do-vasco-e-sincero-as-ultimas-noticias-do-vascao\/\"]}]},{\"@type\":\"ImageObject\",\"inLanguage\":\"pt-BR\",\"@id\":\"https:\/\/www.gaveanews.com\/index.php\/2025\/03\/28\/nova-capacidade-de-sao-januario-elenco-mais-valioso-e-ex-tecnico-do-vasco-e-sincero-as-ultimas-noticias-do-vascao\/#primaryimage\",\"url\":\"https:\/\/www.gaveanews.com\/wp-content\/uploads\/Bandeira-do-Vasco-da-Gama.webp\",\"contentUrl\":\"https:\/\/www.gaveanews.com\/wp-content\/uploads\/Bandeira-do-Vasco-da-Gama.webp\",\"width\":1159,\"height\":772,\"caption\":\"Bandeira do Vasco da Gama (Foto: Reprodu\u00e7\u00e3o\/Vasco)\"},{\"@type\":\"BreadcrumbList\",\"@id\":\"https:\/\/www.gaveanews.com\/index.php\/2025\/03\/28\/nova-capacidade-de-sao-januario-elenco-mais-valioso-e-ex-tecnico-do-vasco-e-sincero-as-ultimas-noticias-do-vascao\/#breadcrumb\",\"itemListElement\":[{\"@type\":\"ListItem\",\"position\":1,\"name\":\"Home\",\"item\":\"https:\/\/www.gaveanews.com\/\"},{\"@type\":\"ListItem\",\"position\":2,\"name\":\"Nova capacidade de S\u00e3o Janu\u00e1rio, elenco mais valioso e ex-t\u00e9cnico do Vasco \u00e9 sincero: as \u00faltimas not\u00edcias do Vasc\u00e3o\"}]},{\"@type\":\"WebSite\",\"@id\":\"https:\/\/www.gaveanews.com\/#website\",\"url\":\"https:\/\/www.gaveanews.com\/\",\"name\":\"G\u00e1vea News\",\"description\":\"Veja todas as not\u00edcias sobre o Flamengo: Contrata\u00e7\u00f5es, categorias de base, resultados das partidas, tabela de classifica\u00e7\u00e3o, pr\u00f3ximos jogos!\",\"potentialAction\":[{\"@type\":\"SearchAction\",\"target\":{\"@type\":\"EntryPoint\",\"urlTemplate\":\"https:\/\/www.gaveanews.com\/?s={search_term_string}\"},\"query-input\":{\"@type\":\"PropertyValueSpecification\",\"valueRequired\":true,\"valueName\":\"search_term_string\"}}],\"inLanguage\":\"pt-BR\"},{\"@type\":\"Person\",\"@id\":\"https:\/\/www.gaveanews.com\/#\/schema\/person\/c79759ca337c40791ae8d08e2923d403\",\"name\":\"Brenda Cezillo\",\"image\":{\"@type\":\"ImageObject\",\"inLanguage\":\"pt-BR\",\"@id\":\"https:\/\/www.gaveanews.com\/#\/schema\/person\/image\/\",\"url\":\"https:\/\/secure.gravatar.com\/avatar\/1738d75cee7317f9c29ae61dd67620c5883d80a92e42a6fff88ae5d527af217a?s=96&d=mm&r=g\",\"contentUrl\":\"https:\/\/secure.gravatar.com\/avatar\/1738d75cee7317f9c29ae61dd67620c5883d80a92e42a6fff88ae5d527af217a?s=96&d=mm&r=g\",\"caption\":\"Brenda Cezillo\"}}]}<\/script>\n<!-- \/ Yoast SEO Premium plugin. -->","yoast_head_json":{"title":"Nova capacidade de S\u00e3o Janu\u00e1rio, elenco mais valioso e ex-t\u00e9cnico do Vasco \u00e9 sincero: as \u00faltimas not\u00edcias do Vasc\u00e3o","robots":{"index":"index","follow":"follow","max-snippet":"max-snippet:-1","max-image-preview":"max-image-preview:large","max-video-preview":"max-video-preview:-1"},"canonical":"https:\/\/www.gaveanews.com\/index.php\/2025\/03\/28\/nova-capacidade-de-sao-januario-elenco-mais-valioso-e-ex-tecnico-do-vasco-e-sincero-as-ultimas-noticias-do-vascao\/","og_locale":"pt_BR","og_type":"article","og_title":"Nova capacidade de S\u00e3o Janu\u00e1rio, elenco mais valioso e ex-t\u00e9cnico do Vasco \u00e9 sincero: as \u00faltimas not\u00edcias do Vasc\u00e3o","og_description":"Nas \u00faltimas horas, o foco das not\u00edcias sobre o Vasco se concentram nos bastidores do clube, com destaques do dia a dia do time. Por conta deste contexto, leia abaixo um resumo preparado pela equipe do portal G\u00e1vea News para lhe manter muito bem informado! Ex-t\u00e9cnico do Vasco \u00e9 sincero O ex-treinador do Vasco da [&hellip;]","og_url":"https:\/\/www.gaveanews.com\/index.php\/2025\/03\/28\/nova-capacidade-de-sao-januario-elenco-mais-valioso-e-ex-tecnico-do-vasco-e-sincero-as-ultimas-noticias-do-vascao\/","og_site_name":"G\u00e1vea News","article_publisher":"https:\/\/facebook.com\/gaveaNews\/","article_published_time":"2025-03-28T21:10:00+00:00","og_image":[{"width":1159,"height":772,"url":"https:\/\/www.gaveanews.com\/wp-content\/uploads\/Bandeira-do-Vasco-da-Gama.webp","type":"image\/webp"}],"author":"Brenda Cezillo","twitter_card":"summary_large_image","twitter_misc":{"Escrito por":"Brenda Cezillo","Est. tempo de leitura":"6 minutos"},"schema":{"@context":"https:\/\/schema.org","@graph":[{"@type":"NewsArticle","@id":"https:\/\/www.gaveanews.com\/index.php\/2025\/03\/28\/nova-capacidade-de-sao-januario-elenco-mais-valioso-e-ex-tecnico-do-vasco-e-sincero-as-ultimas-noticias-do-vascao\/#article","isPartOf":{"@id":"https:\/\/www.gaveanews.com\/index.php\/2025\/03\/28\/nova-capacidade-de-sao-januario-elenco-mais-valioso-e-ex-tecnico-do-vasco-e-sincero-as-ultimas-noticias-do-vascao\/"},"author":{"name":"Brenda Cezillo","@id":"https:\/\/www.gaveanews.com\/#\/schema\/person\/c79759ca337c40791ae8d08e2923d403"},"headline":"Nova capacidade de S\u00e3o Janu\u00e1rio, elenco mais valioso e ex-t\u00e9cnico do Vasco \u00e9 sincero: as \u00faltimas not\u00edcias do Vasc\u00e3o","datePublished":"2025-03-28T21:10:00+00:00","mainEntityOfPage":{"@id":"https:\/\/www.gaveanews.com\/index.php\/2025\/03\/28\/nova-capacidade-de-sao-januario-elenco-mais-valioso-e-ex-tecnico-do-vasco-e-sincero-as-ultimas-noticias-do-vascao\/"},"wordCount":874,"commentCount":0,"image":{"@id":"https:\/\/www.gaveanews.com\/index.php\/2025\/03\/28\/nova-capacidade-de-sao-januario-elenco-mais-valioso-e-ex-tecnico-do-vasco-e-sincero-as-ultimas-noticias-do-vascao\/#primaryimage"},"thumbnailUrl":"https:\/\/www.gaveanews.com\/wp-content\/uploads\/Bandeira-do-Vasco-da-Gama.webp","articleSection":["Vasco"],"inLanguage":"pt-BR","potentialAction":[{"@type":"CommentAction","name":"Comment","target":["https:\/\/www.gaveanews.com\/index.php\/2025\/03\/28\/nova-capacidade-de-sao-januario-elenco-mais-valioso-e-ex-tecnico-do-vasco-e-sincero-as-ultimas-noticias-do-vascao\/#respond"]}],"copyrightYear":"2025","copyrightHolder":{"@id":"https:\/\/www.gaveanews.com\/#organization"}},{"@type":"WebPage","@id":"https:\/\/www.gaveanews.com\/index.php\/2025\/03\/28\/nova-capacidade-de-sao-januario-elenco-mais-valioso-e-ex-tecnico-do-vasco-e-sincero-as-ultimas-noticias-do-vascao\/","url":"https:\/\/www.gaveanews.com\/index.php\/2025\/03\/28\/nova-capacidade-de-sao-januario-elenco-mais-valioso-e-ex-tecnico-do-vasco-e-sincero-as-ultimas-noticias-do-vascao\/","name":"Nova capacidade de S\u00e3o Janu\u00e1rio, elenco mais valioso e ex-t\u00e9cnico do Vasco \u00e9 sincero: as \u00faltimas not\u00edcias do Vasc\u00e3o","isPartOf":{"@id":"https:\/\/www.gaveanews.com\/#website"},"primaryImageOfPage":{"@id":"https:\/\/www.gaveanews.com\/index.php\/2025\/03\/28\/nova-capacidade-de-sao-januario-elenco-mais-valioso-e-ex-tecnico-do-vasco-e-sincero-as-ultimas-noticias-do-vascao\/#primaryimage"},"image":{"@id":"https:\/\/www.gaveanews.com\/index.php\/2025\/03\/28\/nova-capacidade-de-sao-januario-elenco-mais-valioso-e-ex-tecnico-do-vasco-e-sincero-as-ultimas-noticias-do-vascao\/#primaryimage"},"thumbnailUrl":"https:\/\/www.gaveanews.com\/wp-content\/uploads\/Bandeira-do-Vasco-da-Gama.webp","datePublished":"2025-03-28T21:10:00+00:00","author":{"@id":"https:\/\/www.gaveanews.com\/#\/schema\/person\/c79759ca337c40791ae8d08e2923d403"},"breadcrumb":{"@id":"https:\/\/www.gaveanews.com\/index.php\/2025\/03\/28\/nova-capacidade-de-sao-januario-elenco-mais-valioso-e-ex-tecnico-do-vasco-e-sincero-as-ultimas-noticias-do-vascao\/#breadcrumb"},"inLanguage":"pt-BR","potentialAction":[{"@type":"ReadAction","target":["https:\/\/www.gaveanews.com\/index.php\/2025\/03\/28\/nova-capacidade-de-sao-januario-elenco-mais-valioso-e-ex-tecnico-do-vasco-e-sincero-as-ultimas-noticias-do-vascao\/"]}]},{"@type":"ImageObject","inLanguage":"pt-BR","@id":"https:\/\/www.gaveanews.com\/index.php\/2025\/03\/28\/nova-capacidade-de-sao-januario-elenco-mais-valioso-e-ex-tecnico-do-vasco-e-sincero-as-ultimas-noticias-do-vascao\/#primaryimage","url":"https:\/\/www.gaveanews.com\/wp-content\/uploads\/Bandeira-do-Vasco-da-Gama.webp","contentUrl":"https:\/\/www.gaveanews.com\/wp-content\/uploads\/Bandeira-do-Vasco-da-Gama.webp","width":1159,"height":772,"caption":"Bandeira do Vasco da Gama (Foto: Reprodu\u00e7\u00e3o\/Vasco)"},{"@type":"BreadcrumbList","@id":"https:\/\/www.gaveanews.com\/index.php\/2025\/03\/28\/nova-capacidade-de-sao-januario-elenco-mais-valioso-e-ex-tecnico-do-vasco-e-sincero-as-ultimas-noticias-do-vascao\/#breadcrumb","itemListElement":[{"@type":"ListItem","position":1,"name":"Home","item":"https:\/\/www.gaveanews.com\/"},{"@type":"ListItem","position":2,"name":"Nova capacidade de S\u00e3o Janu\u00e1rio, elenco mais valioso e ex-t\u00e9cnico do Vasco \u00e9 sincero: as \u00faltimas not\u00edcias do Vasc\u00e3o"}]},{"@type":"WebSite","@id":"https:\/\/www.gaveanews.com\/#website","url":"https:\/\/www.gaveanews.com\/","name":"G\u00e1vea News","description":"Veja todas as not\u00edcias sobre o Flamengo: Contrata\u00e7\u00f5es, categorias de base, resultados das partidas, tabela de classifica\u00e7\u00e3o, pr\u00f3ximos jogos!","potentialAction":[{"@type":"SearchAction","target":{"@type":"EntryPoint","urlTemplate":"https:\/\/www.gaveanews.com\/?s={search_term_string}"},"query-input":{"@type":"PropertyValueSpecification","valueRequired":true,"valueName":"search_term_string"}}],"inLanguage":"pt-BR"},{"@type":"Person","@id":"https:\/\/www.gaveanews.com\/#\/schema\/person\/c79759ca337c40791ae8d08e2923d403","name":"Brenda Cezillo","image":{"@type":"ImageObject","inLanguage":"pt-BR","@id":"https:\/\/www.gaveanews.com\/#\/schema\/person\/image\/","url":"https:\/\/secure.gravatar.com\/avatar\/1738d75cee7317f9c29ae61dd67620c5883d80a92e42a6fff88ae5d527af217a?s=96&d=mm&r=g","contentUrl":"https:\/\/secure.gravatar.com\/avatar\/1738d75cee7317f9c29ae61dd67620c5883d80a92e42a6fff88ae5d527af217a?s=96&d=mm&r=g","caption":"Brenda Cezillo"}}]}},"_links":{"self":[{"href":"https:\/\/www.gaveanews.com\/index.php\/wp-json\/wp\/v2\/posts\/246082","targetHints":{"allow":["GET"]}}],"collection":[{"href":"https:\/\/www.gaveanews.com\/index.php\/wp-json\/wp\/v2\/posts"}],"about":[{"href":"https:\/\/www.gaveanews.com\/index.php\/wp-json\/wp\/v2\/types\/post"}],"author":[{"embeddable":true,"href":"https:\/\/www.gaveanews.com\/index.php\/wp-json\/wp\/v2\/users\/33"}],"replies":[{"embeddable":true,"href":"https:\/\/www.gaveanews.com\/index.php\/wp-json\/wp\/v2\/comments?post=246082"}],"version-history":[{"count":1,"href":"https:\/\/www.gaveanews.com\/index.php\/wp-json\/wp\/v2\/posts\/246082\/revisions"}],"predecessor-version":[{"id":246103,"href":"https:\/\/www.gaveanews.com\/index.php\/wp-json\/wp\/v2\/posts\/246082\/revisions\/246103"}],"wp:featuredmedia":[{"embeddable":true,"href":"https:\/\/www.gaveanews.com\/index.php\/wp-json\/wp\/v2\/media\/152090"}],"wp:attachment":[{"href":"https:\/\/www.gaveanews.com\/index.php\/wp-json\/wp\/v2\/media?parent=246082"}],"wp:term":[{"taxonomy":"category","embeddable":true,"href":"https:\/\/www.gaveanews.com\/index.php\/wp-json\/wp\/v2\/categories?post=246082"},{"taxonomy":"post_tag","embeddable":true,"href":"https:\/\/www.gaveanews.com\/index.php\/wp-json\/wp\/v2\/tags?post=246082"}],"curies":[{"name":"wp","href":"https:\/\/api.w.org\/{rel}","templated":true}]}}