{"id":246083,"date":"2025-03-28T17:20:00","date_gmt":"2025-03-28T20:20:00","guid":{"rendered":"https:\/\/www.gaveanews.com\/?p=246083"},"modified":"2025-03-28T15:44:21","modified_gmt":"2025-03-28T18:44:21","slug":"bap-da-conselho-direcionado-a-filipe-luis-do-flamengo","status":"publish","type":"post","link":"https:\/\/www.gaveanews.com\/index.php\/2025\/03\/28\/bap-da-conselho-direcionado-a-filipe-luis-do-flamengo\/","title":{"rendered":"BAP d\u00e1 conselho direcionado a Filipe Lu\u00eds, do Flamengo"},"content":{"rendered":"\n<p>A Confedera\u00e7\u00e3o Brasileira de Futebol (CBF) enfrenta um momento delicado em sua busca por um novo t\u00e9cnico para a Sele\u00e7\u00e3o Brasileira. Ap\u00f3s a gest\u00e3o abaixo das expectativas de Dorival J\u00fanior, a CBF est\u00e1 considerando alternativas, incluindo nomes renomados como Carlos Ancelotti e Jorge Jesus.&nbsp;<\/p>\n\n\n\n<p>Contudo, uma op\u00e7\u00e3o que ganhou for\u00e7a nos \u00faltimos dias \u00e9 o nome de Filipe Lu\u00eds, atual treinador do Flamengo. Nesse cen\u00e1rio, o presidente rubro-negro, Bap, aproveitou para dar um conselho valioso ao jovem comandante, destacando sua trajet\u00f3ria e os desafios que ainda est\u00e3o por vir.<\/p>\n\n\n\n<h2 class=\"wp-block-heading\" id=\"h-conselhos-de-bap-para-filipe-luis\">Conselhos de Bap para Filipe Lu\u00eds<\/h2>\n\n\n\n<figure class=\"wp-block-image size-full\"><img loading=\"lazy\" decoding=\"async\" width=\"984\" height=\"554\" src=\"http:\/\/www.gaveanews.com\/wp-content\/uploads\/Luiz-Eduardo-Baptista-o-Bap-durante-coletiva-de-imprensa.webp\" alt=\"\" class=\"wp-image-43567\" srcset=\"https:\/\/www.gaveanews.com\/wp-content\/uploads\/Luiz-Eduardo-Baptista-o-Bap-durante-coletiva-de-imprensa.webp 984w, https:\/\/www.gaveanews.com\/wp-content\/uploads\/Luiz-Eduardo-Baptista-o-Bap-durante-coletiva-de-imprensa-300x169.webp 300w, https:\/\/www.gaveanews.com\/wp-content\/uploads\/Luiz-Eduardo-Baptista-o-Bap-durante-coletiva-de-imprensa-768x432.webp 768w, https:\/\/www.gaveanews.com\/wp-content\/uploads\/Luiz-Eduardo-Baptista-o-Bap-durante-coletiva-de-imprensa-746x420.webp 746w, https:\/\/www.gaveanews.com\/wp-content\/uploads\/Luiz-Eduardo-Baptista-o-Bap-durante-coletiva-de-imprensa-640x360.webp 640w, https:\/\/www.gaveanews.com\/wp-content\/uploads\/Luiz-Eduardo-Baptista-o-Bap-durante-coletiva-de-imprensa-681x383.webp 681w, https:\/\/www.gaveanews.com\/wp-content\/uploads\/Luiz-Eduardo-Baptista-o-Bap-durante-coletiva-de-imprensa-100x56.webp 100w\" sizes=\"auto, (max-width: 984px) 100vw, 984px\" \/><figcaption class=\"wp-element-caption\">Luiz Eduardo Baptista, o Bap, durante coletiva de imprensa (Foto: Divulga\u00e7\u00e3o)<\/figcaption><\/figure>\n\n\n\n<p>Em entrevista ao \u2018MengoCast\u2019, Bap n\u00e3o poupou elogios ao trabalho de Filipe Lu\u00eds \u00e0 frente do Flamengo.&nbsp;<\/p>\n\n\n\n<p>&#8220;Tenho orgulho dele ter um reconhecimento t\u00e3o grande com t\u00e3o pouco tempo de profiss\u00e3o e \u00e0 frente de um clube como Flamengo, com todo o desafio e peso que traz&#8221;, disse o presidente.&nbsp;<\/p>\n\n\n\n<p>Por\u00e9m, Bap tamb\u00e9m fez quest\u00e3o de aconselhar Filipe Lu\u00eds sobre seu futuro. &#8220;Vou falar n\u00e3o como torcedor, mas como presidente do Flamengo e algu\u00e9m que foi presidente de empresa: n\u00e3o se deixe desviar dos objetivos das suas carreiras&#8221;, declarou.&nbsp;<\/p>\n\n\n\n<p>Sendo assim, o presidente acredita que, apesar do reconhecimento e das especula\u00e7\u00f5es sobre a Sele\u00e7\u00e3o, Filipe Lu\u00eds deve continuar sua jornada no Flamengo antes de aceitar o desafio de treinar a Sele\u00e7\u00e3o Brasileira.&nbsp;<\/p>\n\n\n\n<p>&#8220;Na minha opini\u00e3o, ele n\u00e3o devia, com a idade que ele est\u00e1 e no est\u00e1gio que est\u00e1, assumir a Sele\u00e7\u00e3o&#8221;, finalizou Bap.<\/p>\n\n\n\n<h2 class=\"wp-block-heading\" id=\"h-a-selecao-brasileira-e-o-futuro-de-filipe-luis\">A Sele\u00e7\u00e3o Brasileira e o futuro de Filipe Lu\u00eds<\/h2>\n\n\n\n<p>Vale destacar que, apesar do nome de Filipe Lu\u00eds ser cogitado para a Sele\u00e7\u00e3o Brasileira, a principal op\u00e7\u00e3o da CBF continua sendo Carlo Ancelotti. Contudo, o t\u00e9cnico do Real Madrid j\u00e1 afirmou que pretende cumprir seu contrato com o clube espanhol.&nbsp;<\/p>\n\n\n\n<p>Com isso, Jorge Jesus, atualmente no Al-Hilal, acaba se tornando a alternativa mais prov\u00e1vel para comandar a equipe.<\/p>\n\n\n\n<h2 class=\"wp-block-heading\" id=\"h-preparacao-para-a-estreia-no-brasileirao\">Prepara\u00e7\u00e3o para a estreia no Brasileir\u00e3o<\/h2>\n\n\n\n<p>Com o Campeonato Brasileiro se aproximando, Filipe Lu\u00eds j\u00e1 se concentra na estreia do Flamengo na competi\u00e7\u00e3o. O time enfrentar\u00e1 o Internacional neste s\u00e1bado (29), \u00e0s 21h, no Maracan\u00e3, em busca de um come\u00e7o positivo no torneio.&nbsp;<\/p>\n\n\n\n<p>Sendo assim, o treinador segue com o foco no Flamengo, sem se deixar desviar pela press\u00e3o da Sele\u00e7\u00e3o, enquanto continua sua trajet\u00f3ria de sucesso no comando do clube carioca.<\/p>\n\n\n\n<p>Com isso, Filipe Lu\u00eds segue consolidando seu nome no futebol brasileiro, com a possibilidade de, em algum momento, alcan\u00e7ar a Sele\u00e7\u00e3o Brasileira, mas sem apressar um passo que, segundo Bap, deve ser dado no tempo certo.<\/p>\n","protected":false},"excerpt":{"rendered":"<p>A Confedera\u00e7\u00e3o Brasileira de Futebol (CBF) enfrenta um momento delicado em sua busca por um novo t\u00e9cnico para a Sele\u00e7\u00e3o Brasileira. Ap\u00f3s a gest\u00e3o abaixo das expectativas de Dorival J\u00fanior, a CBF est\u00e1 considerando alternativas, incluindo nomes renomados como Carlos Ancelotti e Jorge Jesus.&nbsp; Contudo, uma op\u00e7\u00e3o que ganhou for\u00e7a nos \u00faltimos dias \u00e9 o [&hellip;]<\/p>\n","protected":false},"author":25,"featured_media":161321,"comment_status":"open","ping_status":"closed","sticky":false,"template":"","format":"standard","meta":{"footnotes":""},"categories":[1],"tags":[],"class_list":["post-246083","post","type-post","status-publish","format-standard","has-post-thumbnail","hentry","category-flamengo"],"yoast_head":"<!-- This site is optimized with the Yoast SEO Premium plugin v24.2 (Yoast SEO v26.9) - https:\/\/yoast.com\/product\/yoast-seo-premium-wordpress\/ -->\n<title>BAP d\u00e1 conselho direcionado a Filipe Lu\u00eds, do Flamengo<\/title>\n<meta name=\"robots\" content=\"index, follow, max-snippet:-1, max-image-preview:large, max-video-preview:-1\" \/>\n<link rel=\"canonical\" href=\"https:\/\/www.gaveanews.com\/index.php\/2025\/03\/28\/bap-da-conselho-direcionado-a-filipe-luis-do-flamengo\/\" \/>\n<meta property=\"og:locale\" content=\"pt_BR\" \/>\n<meta property=\"og:type\" content=\"article\" \/>\n<meta property=\"og:title\" content=\"BAP d\u00e1 conselho direcionado a Filipe Lu\u00eds, do Flamengo\" \/>\n<meta property=\"og:description\" content=\"A Confedera\u00e7\u00e3o Brasileira de Futebol (CBF) enfrenta um momento delicado em sua busca por um novo t\u00e9cnico para a Sele\u00e7\u00e3o Brasileira. Ap\u00f3s a gest\u00e3o abaixo das expectativas de Dorival J\u00fanior, a CBF est\u00e1 considerando alternativas, incluindo nomes renomados como Carlos Ancelotti e Jorge Jesus.&nbsp; Contudo, uma op\u00e7\u00e3o que ganhou for\u00e7a nos \u00faltimos dias \u00e9 o [&hellip;]\" \/>\n<meta property=\"og:url\" content=\"https:\/\/www.gaveanews.com\/index.php\/2025\/03\/28\/bap-da-conselho-direcionado-a-filipe-luis-do-flamengo\/\" \/>\n<meta property=\"og:site_name\" content=\"G\u00e1vea News\" \/>\n<meta property=\"article:publisher\" content=\"https:\/\/facebook.com\/gaveaNews\/\" \/>\n<meta property=\"article:published_time\" content=\"2025-03-28T20:20:00+00:00\" \/>\n<meta property=\"og:image\" content=\"https:\/\/www.gaveanews.com\/wp-content\/uploads\/filipe-luis-campeao-maracana-860x538-1.webp\" \/>\n\t<meta property=\"og:image:width\" content=\"860\" \/>\n\t<meta property=\"og:image:height\" content=\"538\" \/>\n\t<meta property=\"og:image:type\" content=\"image\/webp\" \/>\n<meta name=\"author\" content=\"Rafaela Ladeira\" \/>\n<meta name=\"twitter:card\" content=\"summary_large_image\" \/>\n<meta name=\"twitter:label1\" content=\"Escrito por\" \/>\n\t<meta name=\"twitter:data1\" content=\"Rafaela Ladeira\" \/>\n\t<meta name=\"twitter:label2\" content=\"Est. tempo de leitura\" \/>\n\t<meta name=\"twitter:data2\" content=\"3 minutos\" \/>\n<script type=\"application\/ld+json\" class=\"yoast-schema-graph\">{\"@context\":\"https:\/\/schema.org\",\"@graph\":[{\"@type\":\"NewsArticle\",\"@id\":\"https:\/\/www.gaveanews.com\/index.php\/2025\/03\/28\/bap-da-conselho-direcionado-a-filipe-luis-do-flamengo\/#article\",\"isPartOf\":{\"@id\":\"https:\/\/www.gaveanews.com\/index.php\/2025\/03\/28\/bap-da-conselho-direcionado-a-filipe-luis-do-flamengo\/\"},\"author\":{\"name\":\"Rafaela Ladeira\",\"@id\":\"https:\/\/www.gaveanews.com\/#\/schema\/person\/0eb3e3fe1754f0205218538adbe8f5ed\"},\"headline\":\"BAP d\u00e1 conselho direcionado a Filipe Lu\u00eds, do Flamengo\",\"datePublished\":\"2025-03-28T20:20:00+00:00\",\"mainEntityOfPage\":{\"@id\":\"https:\/\/www.gaveanews.com\/index.php\/2025\/03\/28\/bap-da-conselho-direcionado-a-filipe-luis-do-flamengo\/\"},\"wordCount\":492,\"commentCount\":0,\"image\":{\"@id\":\"https:\/\/www.gaveanews.com\/index.php\/2025\/03\/28\/bap-da-conselho-direcionado-a-filipe-luis-do-flamengo\/#primaryimage\"},\"thumbnailUrl\":\"https:\/\/www.gaveanews.com\/wp-content\/uploads\/filipe-luis-campeao-maracana-860x538-1.webp\",\"articleSection\":[\"Flamengo\"],\"inLanguage\":\"pt-BR\",\"potentialAction\":[{\"@type\":\"CommentAction\",\"name\":\"Comment\",\"target\":[\"https:\/\/www.gaveanews.com\/index.php\/2025\/03\/28\/bap-da-conselho-direcionado-a-filipe-luis-do-flamengo\/#respond\"]}],\"copyrightYear\":\"2025\",\"copyrightHolder\":{\"@id\":\"https:\/\/www.gaveanews.com\/#organization\"}},{\"@type\":\"WebPage\",\"@id\":\"https:\/\/www.gaveanews.com\/index.php\/2025\/03\/28\/bap-da-conselho-direcionado-a-filipe-luis-do-flamengo\/\",\"url\":\"https:\/\/www.gaveanews.com\/index.php\/2025\/03\/28\/bap-da-conselho-direcionado-a-filipe-luis-do-flamengo\/\",\"name\":\"BAP d\u00e1 conselho direcionado a Filipe Lu\u00eds, do Flamengo\",\"isPartOf\":{\"@id\":\"https:\/\/www.gaveanews.com\/#website\"},\"primaryImageOfPage\":{\"@id\":\"https:\/\/www.gaveanews.com\/index.php\/2025\/03\/28\/bap-da-conselho-direcionado-a-filipe-luis-do-flamengo\/#primaryimage\"},\"image\":{\"@id\":\"https:\/\/www.gaveanews.com\/index.php\/2025\/03\/28\/bap-da-conselho-direcionado-a-filipe-luis-do-flamengo\/#primaryimage\"},\"thumbnailUrl\":\"https:\/\/www.gaveanews.com\/wp-content\/uploads\/filipe-luis-campeao-maracana-860x538-1.webp\",\"datePublished\":\"2025-03-28T20:20:00+00:00\",\"author\":{\"@id\":\"https:\/\/www.gaveanews.com\/#\/schema\/person\/0eb3e3fe1754f0205218538adbe8f5ed\"},\"breadcrumb\":{\"@id\":\"https:\/\/www.gaveanews.com\/index.php\/2025\/03\/28\/bap-da-conselho-direcionado-a-filipe-luis-do-flamengo\/#breadcrumb\"},\"inLanguage\":\"pt-BR\",\"potentialAction\":[{\"@type\":\"ReadAction\",\"target\":[\"https:\/\/www.gaveanews.com\/index.php\/2025\/03\/28\/bap-da-conselho-direcionado-a-filipe-luis-do-flamengo\/\"]}]},{\"@type\":\"ImageObject\",\"inLanguage\":\"pt-BR\",\"@id\":\"https:\/\/www.gaveanews.com\/index.php\/2025\/03\/28\/bap-da-conselho-direcionado-a-filipe-luis-do-flamengo\/#primaryimage\",\"url\":\"https:\/\/www.gaveanews.com\/wp-content\/uploads\/filipe-luis-campeao-maracana-860x538-1.webp\",\"contentUrl\":\"https:\/\/www.gaveanews.com\/wp-content\/uploads\/filipe-luis-campeao-maracana-860x538-1.webp\",\"width\":860,\"height\":538,\"caption\":\"Foto: Adriano Fontes \/ Flamengo\"},{\"@type\":\"BreadcrumbList\",\"@id\":\"https:\/\/www.gaveanews.com\/index.php\/2025\/03\/28\/bap-da-conselho-direcionado-a-filipe-luis-do-flamengo\/#breadcrumb\",\"itemListElement\":[{\"@type\":\"ListItem\",\"position\":1,\"name\":\"Home\",\"item\":\"https:\/\/www.gaveanews.com\/\"},{\"@type\":\"ListItem\",\"position\":2,\"name\":\"BAP d\u00e1 conselho direcionado a Filipe Lu\u00eds, do Flamengo\"}]},{\"@type\":\"WebSite\",\"@id\":\"https:\/\/www.gaveanews.com\/#website\",\"url\":\"https:\/\/www.gaveanews.com\/\",\"name\":\"G\u00e1vea News\",\"description\":\"Veja todas as not\u00edcias sobre o Flamengo: Contrata\u00e7\u00f5es, categorias de base, resultados das partidas, tabela de classifica\u00e7\u00e3o, pr\u00f3ximos jogos!\",\"potentialAction\":[{\"@type\":\"SearchAction\",\"target\":{\"@type\":\"EntryPoint\",\"urlTemplate\":\"https:\/\/www.gaveanews.com\/?s={search_term_string}\"},\"query-input\":{\"@type\":\"PropertyValueSpecification\",\"valueRequired\":true,\"valueName\":\"search_term_string\"}}],\"inLanguage\":\"pt-BR\"},{\"@type\":\"Person\",\"@id\":\"https:\/\/www.gaveanews.com\/#\/schema\/person\/0eb3e3fe1754f0205218538adbe8f5ed\",\"name\":\"Rafaela Ladeira\",\"image\":{\"@type\":\"ImageObject\",\"inLanguage\":\"pt-BR\",\"@id\":\"https:\/\/www.gaveanews.com\/#\/schema\/person\/image\/\",\"url\":\"https:\/\/secure.gravatar.com\/avatar\/c31f513acffd85eacab5730cbdfdbbf59f21ba5aeada8cd890acea879fbb2455?s=96&d=mm&r=g\",\"contentUrl\":\"https:\/\/secure.gravatar.com\/avatar\/c31f513acffd85eacab5730cbdfdbbf59f21ba5aeada8cd890acea879fbb2455?s=96&d=mm&r=g\",\"caption\":\"Rafaela Ladeira\"}}]}<\/script>\n<!-- \/ Yoast SEO Premium plugin. -->","yoast_head_json":{"title":"BAP d\u00e1 conselho direcionado a Filipe Lu\u00eds, do Flamengo","robots":{"index":"index","follow":"follow","max-snippet":"max-snippet:-1","max-image-preview":"max-image-preview:large","max-video-preview":"max-video-preview:-1"},"canonical":"https:\/\/www.gaveanews.com\/index.php\/2025\/03\/28\/bap-da-conselho-direcionado-a-filipe-luis-do-flamengo\/","og_locale":"pt_BR","og_type":"article","og_title":"BAP d\u00e1 conselho direcionado a Filipe Lu\u00eds, do Flamengo","og_description":"A Confedera\u00e7\u00e3o Brasileira de Futebol (CBF) enfrenta um momento delicado em sua busca por um novo t\u00e9cnico para a Sele\u00e7\u00e3o Brasileira. Ap\u00f3s a gest\u00e3o abaixo das expectativas de Dorival J\u00fanior, a CBF est\u00e1 considerando alternativas, incluindo nomes renomados como Carlos Ancelotti e Jorge Jesus.&nbsp; Contudo, uma op\u00e7\u00e3o que ganhou for\u00e7a nos \u00faltimos dias \u00e9 o [&hellip;]","og_url":"https:\/\/www.gaveanews.com\/index.php\/2025\/03\/28\/bap-da-conselho-direcionado-a-filipe-luis-do-flamengo\/","og_site_name":"G\u00e1vea News","article_publisher":"https:\/\/facebook.com\/gaveaNews\/","article_published_time":"2025-03-28T20:20:00+00:00","og_image":[{"width":860,"height":538,"url":"https:\/\/www.gaveanews.com\/wp-content\/uploads\/filipe-luis-campeao-maracana-860x538-1.webp","type":"image\/webp"}],"author":"Rafaela Ladeira","twitter_card":"summary_large_image","twitter_misc":{"Escrito por":"Rafaela Ladeira","Est. tempo de leitura":"3 minutos"},"schema":{"@context":"https:\/\/schema.org","@graph":[{"@type":"NewsArticle","@id":"https:\/\/www.gaveanews.com\/index.php\/2025\/03\/28\/bap-da-conselho-direcionado-a-filipe-luis-do-flamengo\/#article","isPartOf":{"@id":"https:\/\/www.gaveanews.com\/index.php\/2025\/03\/28\/bap-da-conselho-direcionado-a-filipe-luis-do-flamengo\/"},"author":{"name":"Rafaela Ladeira","@id":"https:\/\/www.gaveanews.com\/#\/schema\/person\/0eb3e3fe1754f0205218538adbe8f5ed"},"headline":"BAP d\u00e1 conselho direcionado a Filipe Lu\u00eds, do Flamengo","datePublished":"2025-03-28T20:20:00+00:00","mainEntityOfPage":{"@id":"https:\/\/www.gaveanews.com\/index.php\/2025\/03\/28\/bap-da-conselho-direcionado-a-filipe-luis-do-flamengo\/"},"wordCount":492,"commentCount":0,"image":{"@id":"https:\/\/www.gaveanews.com\/index.php\/2025\/03\/28\/bap-da-conselho-direcionado-a-filipe-luis-do-flamengo\/#primaryimage"},"thumbnailUrl":"https:\/\/www.gaveanews.com\/wp-content\/uploads\/filipe-luis-campeao-maracana-860x538-1.webp","articleSection":["Flamengo"],"inLanguage":"pt-BR","potentialAction":[{"@type":"CommentAction","name":"Comment","target":["https:\/\/www.gaveanews.com\/index.php\/2025\/03\/28\/bap-da-conselho-direcionado-a-filipe-luis-do-flamengo\/#respond"]}],"copyrightYear":"2025","copyrightHolder":{"@id":"https:\/\/www.gaveanews.com\/#organization"}},{"@type":"WebPage","@id":"https:\/\/www.gaveanews.com\/index.php\/2025\/03\/28\/bap-da-conselho-direcionado-a-filipe-luis-do-flamengo\/","url":"https:\/\/www.gaveanews.com\/index.php\/2025\/03\/28\/bap-da-conselho-direcionado-a-filipe-luis-do-flamengo\/","name":"BAP d\u00e1 conselho direcionado a Filipe Lu\u00eds, do Flamengo","isPartOf":{"@id":"https:\/\/www.gaveanews.com\/#website"},"primaryImageOfPage":{"@id":"https:\/\/www.gaveanews.com\/index.php\/2025\/03\/28\/bap-da-conselho-direcionado-a-filipe-luis-do-flamengo\/#primaryimage"},"image":{"@id":"https:\/\/www.gaveanews.com\/index.php\/2025\/03\/28\/bap-da-conselho-direcionado-a-filipe-luis-do-flamengo\/#primaryimage"},"thumbnailUrl":"https:\/\/www.gaveanews.com\/wp-content\/uploads\/filipe-luis-campeao-maracana-860x538-1.webp","datePublished":"2025-03-28T20:20:00+00:00","author":{"@id":"https:\/\/www.gaveanews.com\/#\/schema\/person\/0eb3e3fe1754f0205218538adbe8f5ed"},"breadcrumb":{"@id":"https:\/\/www.gaveanews.com\/index.php\/2025\/03\/28\/bap-da-conselho-direcionado-a-filipe-luis-do-flamengo\/#breadcrumb"},"inLanguage":"pt-BR","potentialAction":[{"@type":"ReadAction","target":["https:\/\/www.gaveanews.com\/index.php\/2025\/03\/28\/bap-da-conselho-direcionado-a-filipe-luis-do-flamengo\/"]}]},{"@type":"ImageObject","inLanguage":"pt-BR","@id":"https:\/\/www.gaveanews.com\/index.php\/2025\/03\/28\/bap-da-conselho-direcionado-a-filipe-luis-do-flamengo\/#primaryimage","url":"https:\/\/www.gaveanews.com\/wp-content\/uploads\/filipe-luis-campeao-maracana-860x538-1.webp","contentUrl":"https:\/\/www.gaveanews.com\/wp-content\/uploads\/filipe-luis-campeao-maracana-860x538-1.webp","width":860,"height":538,"caption":"Foto: Adriano Fontes \/ Flamengo"},{"@type":"BreadcrumbList","@id":"https:\/\/www.gaveanews.com\/index.php\/2025\/03\/28\/bap-da-conselho-direcionado-a-filipe-luis-do-flamengo\/#breadcrumb","itemListElement":[{"@type":"ListItem","position":1,"name":"Home","item":"https:\/\/www.gaveanews.com\/"},{"@type":"ListItem","position":2,"name":"BAP d\u00e1 conselho direcionado a Filipe Lu\u00eds, do Flamengo"}]},{"@type":"WebSite","@id":"https:\/\/www.gaveanews.com\/#website","url":"https:\/\/www.gaveanews.com\/","name":"G\u00e1vea News","description":"Veja todas as not\u00edcias sobre o Flamengo: Contrata\u00e7\u00f5es, categorias de base, resultados das partidas, tabela de classifica\u00e7\u00e3o, pr\u00f3ximos jogos!","potentialAction":[{"@type":"SearchAction","target":{"@type":"EntryPoint","urlTemplate":"https:\/\/www.gaveanews.com\/?s={search_term_string}"},"query-input":{"@type":"PropertyValueSpecification","valueRequired":true,"valueName":"search_term_string"}}],"inLanguage":"pt-BR"},{"@type":"Person","@id":"https:\/\/www.gaveanews.com\/#\/schema\/person\/0eb3e3fe1754f0205218538adbe8f5ed","name":"Rafaela Ladeira","image":{"@type":"ImageObject","inLanguage":"pt-BR","@id":"https:\/\/www.gaveanews.com\/#\/schema\/person\/image\/","url":"https:\/\/secure.gravatar.com\/avatar\/c31f513acffd85eacab5730cbdfdbbf59f21ba5aeada8cd890acea879fbb2455?s=96&d=mm&r=g","contentUrl":"https:\/\/secure.gravatar.com\/avatar\/c31f513acffd85eacab5730cbdfdbbf59f21ba5aeada8cd890acea879fbb2455?s=96&d=mm&r=g","caption":"Rafaela Ladeira"}}]}},"_links":{"self":[{"href":"https:\/\/www.gaveanews.com\/index.php\/wp-json\/wp\/v2\/posts\/246083","targetHints":{"allow":["GET"]}}],"collection":[{"href":"https:\/\/www.gaveanews.com\/index.php\/wp-json\/wp\/v2\/posts"}],"about":[{"href":"https:\/\/www.gaveanews.com\/index.php\/wp-json\/wp\/v2\/types\/post"}],"author":[{"embeddable":true,"href":"https:\/\/www.gaveanews.com\/index.php\/wp-json\/wp\/v2\/users\/25"}],"replies":[{"embeddable":true,"href":"https:\/\/www.gaveanews.com\/index.php\/wp-json\/wp\/v2\/comments?post=246083"}],"version-history":[{"count":1,"href":"https:\/\/www.gaveanews.com\/index.php\/wp-json\/wp\/v2\/posts\/246083\/revisions"}],"predecessor-version":[{"id":246086,"href":"https:\/\/www.gaveanews.com\/index.php\/wp-json\/wp\/v2\/posts\/246083\/revisions\/246086"}],"wp:featuredmedia":[{"embeddable":true,"href":"https:\/\/www.gaveanews.com\/index.php\/wp-json\/wp\/v2\/media\/161321"}],"wp:attachment":[{"href":"https:\/\/www.gaveanews.com\/index.php\/wp-json\/wp\/v2\/media?parent=246083"}],"wp:term":[{"taxonomy":"category","embeddable":true,"href":"https:\/\/www.gaveanews.com\/index.php\/wp-json\/wp\/v2\/categories?post=246083"},{"taxonomy":"post_tag","embeddable":true,"href":"https:\/\/www.gaveanews.com\/index.php\/wp-json\/wp\/v2\/tags?post=246083"}],"curies":[{"name":"wp","href":"https:\/\/api.w.org\/{rel}","templated":true}]}}