{"id":246084,"date":"2025-03-28T17:25:00","date_gmt":"2025-03-28T20:25:00","guid":{"rendered":"https:\/\/www.gaveanews.com\/?p=246084"},"modified":"2025-03-28T15:47:56","modified_gmt":"2025-03-28T18:47:56","slug":"a-declaracao-de-paulo-nunes-direcionada-a-flamengo-atletico-mg-e-internacional","status":"publish","type":"post","link":"https:\/\/www.gaveanews.com\/index.php\/2025\/03\/28\/a-declaracao-de-paulo-nunes-direcionada-a-flamengo-atletico-mg-e-internacional\/","title":{"rendered":"A declara\u00e7\u00e3o de Paulo Nunes direcionada a Flamengo, Atl\u00e9tico-MG e Internacional"},"content":{"rendered":"\n<p>Durante uma recente participa\u00e7\u00e3o no Charla Podcast, o comentarista Paulo Nunes apontou quais equipes do futebol brasileiro, em sua vis\u00e3o, contam com atletas capazes de decidir jogos e, por consequ\u00eancia, disputar t\u00edtulos. Para o ex-atacante, mais do que um sistema coletivo bem estruturado, s\u00e3o os jogadores com capacidade de defini\u00e7\u00e3o que fazem a diferen\u00e7a nas principais competi\u00e7\u00f5es.<\/p>\n\n\n\n<p>\u201cSe tiver um time muito bom coletivamente, ok. Vai chegar at\u00e9 certo ponto. Mas na hora de decidir, na hora do t\u00edtulo, de buscar um jogo dif\u00edcil, \u00e9 esse jogador que faz\u201d, destacou o comentarista da TV Globo. Segundo ele, tr\u00eas clubes se destacam nesse quesito atualmente: Flamengo, Atl\u00e9tico-MG e Internacional.<\/p>\n\n\n\n<figure class=\"wp-block-image size-full\"><img loading=\"lazy\" decoding=\"async\" width=\"799\" height=\"534\" src=\"http:\/\/www.gaveanews.com\/wp-content\/uploads\/Flamengo-campeao-da-Taca-Guanabara-2025.webp\" alt=\"\" class=\"wp-image-231709\"\/><figcaption class=\"wp-element-caption\">Flamengo campe\u00e3o da Ta\u00e7a Guanabara (Foto:PaulaReis\/Flamengo)<\/figcaption><\/figure>\n\n\n\n<p>No caso do Flamengo, a presen\u00e7a de atletas como Arrascaeta, Bruno Henrique, Pedro, Gerson e Luis Ara\u00fajo \u00e9 apontada como fundamental para o bom desempenho da equipe em momentos decisivos. Paulo Nunes, ali\u00e1s, relembrou a final do Mundial de Clubes de 2019, quando o clube carioca enfrentou o Liverpool de igual para igual. \u201cO Flamengo contra o Liverpool, na minha opini\u00e3o, enfrentou e teve jogo, porque tem mais jogadores que resolvem\u201d, afirmou.<\/p>\n\n\n\n<p>No Atl\u00e9tico-MG, o principal nome citado foi o atacante Hulk, al\u00e9m do meia Gustavo Scarpa e do goleiro Everson, que formam, segundo o ex-jogador, a base decisiva do time mineiro. J\u00e1 no Internacional, Alan Patrick e o goleiro Rochet dividem protagonismo com os atacantes Borr\u00e9 e Valencia, todos mencionados como pe\u00e7as com capacidade de desequilibrar partidas.<\/p>\n\n\n\n<p>Al\u00e9m dos tr\u00eas clubes que, conforme sua an\u00e1lise, contam com os jogadores mais decisivos do pa\u00eds, Paulo Nunes tamb\u00e9m comentou sobre o Cruzeiro. A equipe mineira, que estreia no Campeonato Brasileiro neste s\u00e1bado (29), \u00e0s 18h30 (hor\u00e1rio de Bras\u00edlia), contra o Mirassol, foi citada como uma poss\u00edvel surpresa da temporada. \u201c\u00c9 um time que, do meio para frente, se for ajustado, vai dar trabalho. S\u00e3o jogadores inteligentes, com caracter\u00edsticas diferentes, muita movimenta\u00e7\u00e3o\u201d, disse.<\/p>\n\n\n\n<p>Por fim, o comentarista destacou o papel do t\u00e9cnico Leonardo Jardim no processo de reconstru\u00e7\u00e3o do Cruzeiro. Para ele, o treinador pode ser pe\u00e7a importante no desempenho da equipe ao longo da competi\u00e7\u00e3o. \u201c\u00c9 um sistema defensivo reformulado. Acredito que nas m\u00e3os do Leonardo Jardim pode ter uma temporada boa\u201d, concluiu.<\/p>\n","protected":false},"excerpt":{"rendered":"<p>Durante uma recente participa\u00e7\u00e3o no Charla Podcast, o comentarista Paulo Nunes apontou quais equipes do futebol brasileiro, em sua vis\u00e3o, contam com atletas capazes de decidir jogos e, por consequ\u00eancia, disputar t\u00edtulos. Para o ex-atacante, mais do que um sistema coletivo bem estruturado, s\u00e3o os jogadores com capacidade de defini\u00e7\u00e3o que fazem a diferen\u00e7a nas [&hellip;]<\/p>\n","protected":false},"author":27,"featured_media":215468,"comment_status":"open","ping_status":"closed","sticky":false,"template":"","format":"standard","meta":{"footnotes":""},"categories":[136,1,148],"tags":[],"class_list":["post-246084","post","type-post","status-publish","format-standard","has-post-thumbnail","hentry","category-atletico-mg","category-flamengo","category-internacional"],"yoast_head":"<!-- This site is optimized with the Yoast SEO Premium plugin v24.2 (Yoast SEO v26.9) - https:\/\/yoast.com\/product\/yoast-seo-premium-wordpress\/ -->\n<title>A declara\u00e7\u00e3o de Paulo Nunes direcionada a Flamengo, Atl\u00e9tico-MG e Internacional<\/title>\n<meta name=\"robots\" content=\"index, follow, max-snippet:-1, max-image-preview:large, max-video-preview:-1\" \/>\n<link rel=\"canonical\" href=\"https:\/\/www.gaveanews.com\/index.php\/2025\/03\/28\/a-declaracao-de-paulo-nunes-direcionada-a-flamengo-atletico-mg-e-internacional\/\" \/>\n<meta property=\"og:locale\" content=\"pt_BR\" \/>\n<meta property=\"og:type\" content=\"article\" \/>\n<meta property=\"og:title\" content=\"A declara\u00e7\u00e3o de Paulo Nunes direcionada a Flamengo, Atl\u00e9tico-MG e Internacional\" \/>\n<meta property=\"og:description\" content=\"Durante uma recente participa\u00e7\u00e3o no Charla Podcast, o comentarista Paulo Nunes apontou quais equipes do futebol brasileiro, em sua vis\u00e3o, contam com atletas capazes de decidir jogos e, por consequ\u00eancia, disputar t\u00edtulos. Para o ex-atacante, mais do que um sistema coletivo bem estruturado, s\u00e3o os jogadores com capacidade de defini\u00e7\u00e3o que fazem a diferen\u00e7a nas [&hellip;]\" \/>\n<meta property=\"og:url\" content=\"https:\/\/www.gaveanews.com\/index.php\/2025\/03\/28\/a-declaracao-de-paulo-nunes-direcionada-a-flamengo-atletico-mg-e-internacional\/\" \/>\n<meta property=\"og:site_name\" content=\"G\u00e1vea News\" \/>\n<meta property=\"article:publisher\" content=\"https:\/\/facebook.com\/gaveaNews\/\" \/>\n<meta property=\"article:published_time\" content=\"2025-03-28T20:25:00+00:00\" \/>\n<meta property=\"og:image\" content=\"https:\/\/www.gaveanews.com\/wp-content\/uploads\/paulo-nunes-rede-globo-1536x864-1.webp\" \/>\n\t<meta property=\"og:image:width\" content=\"1536\" \/>\n\t<meta property=\"og:image:height\" content=\"864\" \/>\n\t<meta property=\"og:image:type\" content=\"image\/jpeg\" \/>\n<meta name=\"author\" content=\"Matheus Felipe\" \/>\n<meta name=\"twitter:card\" content=\"summary_large_image\" \/>\n<meta name=\"twitter:label1\" content=\"Escrito por\" \/>\n\t<meta name=\"twitter:data1\" content=\"Matheus Felipe\" \/>\n\t<meta name=\"twitter:label2\" content=\"Est. tempo de leitura\" \/>\n\t<meta name=\"twitter:data2\" content=\"3 minutos\" \/>\n<script type=\"application\/ld+json\" class=\"yoast-schema-graph\">{\"@context\":\"https:\/\/schema.org\",\"@graph\":[{\"@type\":\"NewsArticle\",\"@id\":\"https:\/\/www.gaveanews.com\/index.php\/2025\/03\/28\/a-declaracao-de-paulo-nunes-direcionada-a-flamengo-atletico-mg-e-internacional\/#article\",\"isPartOf\":{\"@id\":\"https:\/\/www.gaveanews.com\/index.php\/2025\/03\/28\/a-declaracao-de-paulo-nunes-direcionada-a-flamengo-atletico-mg-e-internacional\/\"},\"author\":{\"name\":\"Matheus Felipe\",\"@id\":\"https:\/\/www.gaveanews.com\/#\/schema\/person\/8207cd4627f56151707418bfc835b2fb\"},\"headline\":\"A declara\u00e7\u00e3o de Paulo Nunes direcionada a Flamengo, Atl\u00e9tico-MG e Internacional\",\"datePublished\":\"2025-03-28T20:25:00+00:00\",\"mainEntityOfPage\":{\"@id\":\"https:\/\/www.gaveanews.com\/index.php\/2025\/03\/28\/a-declaracao-de-paulo-nunes-direcionada-a-flamengo-atletico-mg-e-internacional\/\"},\"wordCount\":413,\"commentCount\":0,\"image\":{\"@id\":\"https:\/\/www.gaveanews.com\/index.php\/2025\/03\/28\/a-declaracao-de-paulo-nunes-direcionada-a-flamengo-atletico-mg-e-internacional\/#primaryimage\"},\"thumbnailUrl\":\"https:\/\/www.gaveanews.com\/wp-content\/uploads\/paulo-nunes-rede-globo-1536x864-1.webp\",\"articleSection\":[\"Atl\u00e9tico-MG\",\"Flamengo\",\"Internacional\"],\"inLanguage\":\"pt-BR\",\"potentialAction\":[{\"@type\":\"CommentAction\",\"name\":\"Comment\",\"target\":[\"https:\/\/www.gaveanews.com\/index.php\/2025\/03\/28\/a-declaracao-de-paulo-nunes-direcionada-a-flamengo-atletico-mg-e-internacional\/#respond\"]}],\"copyrightYear\":\"2025\",\"copyrightHolder\":{\"@id\":\"https:\/\/www.gaveanews.com\/#organization\"}},{\"@type\":\"WebPage\",\"@id\":\"https:\/\/www.gaveanews.com\/index.php\/2025\/03\/28\/a-declaracao-de-paulo-nunes-direcionada-a-flamengo-atletico-mg-e-internacional\/\",\"url\":\"https:\/\/www.gaveanews.com\/index.php\/2025\/03\/28\/a-declaracao-de-paulo-nunes-direcionada-a-flamengo-atletico-mg-e-internacional\/\",\"name\":\"A declara\u00e7\u00e3o de Paulo Nunes direcionada a Flamengo, Atl\u00e9tico-MG e Internacional\",\"isPartOf\":{\"@id\":\"https:\/\/www.gaveanews.com\/#website\"},\"primaryImageOfPage\":{\"@id\":\"https:\/\/www.gaveanews.com\/index.php\/2025\/03\/28\/a-declaracao-de-paulo-nunes-direcionada-a-flamengo-atletico-mg-e-internacional\/#primaryimage\"},\"image\":{\"@id\":\"https:\/\/www.gaveanews.com\/index.php\/2025\/03\/28\/a-declaracao-de-paulo-nunes-direcionada-a-flamengo-atletico-mg-e-internacional\/#primaryimage\"},\"thumbnailUrl\":\"https:\/\/www.gaveanews.com\/wp-content\/uploads\/paulo-nunes-rede-globo-1536x864-1.webp\",\"datePublished\":\"2025-03-28T20:25:00+00:00\",\"author\":{\"@id\":\"https:\/\/www.gaveanews.com\/#\/schema\/person\/8207cd4627f56151707418bfc835b2fb\"},\"breadcrumb\":{\"@id\":\"https:\/\/www.gaveanews.com\/index.php\/2025\/03\/28\/a-declaracao-de-paulo-nunes-direcionada-a-flamengo-atletico-mg-e-internacional\/#breadcrumb\"},\"inLanguage\":\"pt-BR\",\"potentialAction\":[{\"@type\":\"ReadAction\",\"target\":[\"https:\/\/www.gaveanews.com\/index.php\/2025\/03\/28\/a-declaracao-de-paulo-nunes-direcionada-a-flamengo-atletico-mg-e-internacional\/\"]}]},{\"@type\":\"ImageObject\",\"inLanguage\":\"pt-BR\",\"@id\":\"https:\/\/www.gaveanews.com\/index.php\/2025\/03\/28\/a-declaracao-de-paulo-nunes-direcionada-a-flamengo-atletico-mg-e-internacional\/#primaryimage\",\"url\":\"https:\/\/www.gaveanews.com\/wp-content\/uploads\/paulo-nunes-rede-globo-1536x864-1.webp\",\"contentUrl\":\"https:\/\/www.gaveanews.com\/wp-content\/uploads\/paulo-nunes-rede-globo-1536x864-1.webp\",\"width\":1536,\"height\":864,\"caption\":\"Paulo Nunes - Foto: Reprodu\u00e7\u00e3o\"},{\"@type\":\"BreadcrumbList\",\"@id\":\"https:\/\/www.gaveanews.com\/index.php\/2025\/03\/28\/a-declaracao-de-paulo-nunes-direcionada-a-flamengo-atletico-mg-e-internacional\/#breadcrumb\",\"itemListElement\":[{\"@type\":\"ListItem\",\"position\":1,\"name\":\"Home\",\"item\":\"https:\/\/www.gaveanews.com\/\"},{\"@type\":\"ListItem\",\"position\":2,\"name\":\"A declara\u00e7\u00e3o de Paulo Nunes direcionada a Flamengo, Atl\u00e9tico-MG e Internacional\"}]},{\"@type\":\"WebSite\",\"@id\":\"https:\/\/www.gaveanews.com\/#website\",\"url\":\"https:\/\/www.gaveanews.com\/\",\"name\":\"G\u00e1vea News\",\"description\":\"Veja todas as not\u00edcias sobre o Flamengo: Contrata\u00e7\u00f5es, categorias de base, resultados das partidas, tabela de classifica\u00e7\u00e3o, pr\u00f3ximos jogos!\",\"potentialAction\":[{\"@type\":\"SearchAction\",\"target\":{\"@type\":\"EntryPoint\",\"urlTemplate\":\"https:\/\/www.gaveanews.com\/?s={search_term_string}\"},\"query-input\":{\"@type\":\"PropertyValueSpecification\",\"valueRequired\":true,\"valueName\":\"search_term_string\"}}],\"inLanguage\":\"pt-BR\"},{\"@type\":\"Person\",\"@id\":\"https:\/\/www.gaveanews.com\/#\/schema\/person\/8207cd4627f56151707418bfc835b2fb\",\"name\":\"Matheus Felipe\",\"image\":{\"@type\":\"ImageObject\",\"inLanguage\":\"pt-BR\",\"@id\":\"https:\/\/www.gaveanews.com\/#\/schema\/person\/image\/\",\"url\":\"https:\/\/secure.gravatar.com\/avatar\/a452ffbed9130f726358b298bb3a99ce4bd3c5338411f8440e87e14d74c7c087?s=96&d=mm&r=g\",\"contentUrl\":\"https:\/\/secure.gravatar.com\/avatar\/a452ffbed9130f726358b298bb3a99ce4bd3c5338411f8440e87e14d74c7c087?s=96&d=mm&r=g\",\"caption\":\"Matheus Felipe\"}}]}<\/script>\n<!-- \/ Yoast SEO Premium plugin. -->","yoast_head_json":{"title":"A declara\u00e7\u00e3o de Paulo Nunes direcionada a Flamengo, Atl\u00e9tico-MG e Internacional","robots":{"index":"index","follow":"follow","max-snippet":"max-snippet:-1","max-image-preview":"max-image-preview:large","max-video-preview":"max-video-preview:-1"},"canonical":"https:\/\/www.gaveanews.com\/index.php\/2025\/03\/28\/a-declaracao-de-paulo-nunes-direcionada-a-flamengo-atletico-mg-e-internacional\/","og_locale":"pt_BR","og_type":"article","og_title":"A declara\u00e7\u00e3o de Paulo Nunes direcionada a Flamengo, Atl\u00e9tico-MG e Internacional","og_description":"Durante uma recente participa\u00e7\u00e3o no Charla Podcast, o comentarista Paulo Nunes apontou quais equipes do futebol brasileiro, em sua vis\u00e3o, contam com atletas capazes de decidir jogos e, por consequ\u00eancia, disputar t\u00edtulos. Para o ex-atacante, mais do que um sistema coletivo bem estruturado, s\u00e3o os jogadores com capacidade de defini\u00e7\u00e3o que fazem a diferen\u00e7a nas [&hellip;]","og_url":"https:\/\/www.gaveanews.com\/index.php\/2025\/03\/28\/a-declaracao-de-paulo-nunes-direcionada-a-flamengo-atletico-mg-e-internacional\/","og_site_name":"G\u00e1vea News","article_publisher":"https:\/\/facebook.com\/gaveaNews\/","article_published_time":"2025-03-28T20:25:00+00:00","og_image":[{"width":1536,"height":864,"url":"https:\/\/www.gaveanews.com\/wp-content\/uploads\/paulo-nunes-rede-globo-1536x864-1.webp","type":"image\/jpeg"}],"author":"Matheus Felipe","twitter_card":"summary_large_image","twitter_misc":{"Escrito por":"Matheus Felipe","Est. tempo de leitura":"3 minutos"},"schema":{"@context":"https:\/\/schema.org","@graph":[{"@type":"NewsArticle","@id":"https:\/\/www.gaveanews.com\/index.php\/2025\/03\/28\/a-declaracao-de-paulo-nunes-direcionada-a-flamengo-atletico-mg-e-internacional\/#article","isPartOf":{"@id":"https:\/\/www.gaveanews.com\/index.php\/2025\/03\/28\/a-declaracao-de-paulo-nunes-direcionada-a-flamengo-atletico-mg-e-internacional\/"},"author":{"name":"Matheus Felipe","@id":"https:\/\/www.gaveanews.com\/#\/schema\/person\/8207cd4627f56151707418bfc835b2fb"},"headline":"A declara\u00e7\u00e3o de Paulo Nunes direcionada a Flamengo, Atl\u00e9tico-MG e Internacional","datePublished":"2025-03-28T20:25:00+00:00","mainEntityOfPage":{"@id":"https:\/\/www.gaveanews.com\/index.php\/2025\/03\/28\/a-declaracao-de-paulo-nunes-direcionada-a-flamengo-atletico-mg-e-internacional\/"},"wordCount":413,"commentCount":0,"image":{"@id":"https:\/\/www.gaveanews.com\/index.php\/2025\/03\/28\/a-declaracao-de-paulo-nunes-direcionada-a-flamengo-atletico-mg-e-internacional\/#primaryimage"},"thumbnailUrl":"https:\/\/www.gaveanews.com\/wp-content\/uploads\/paulo-nunes-rede-globo-1536x864-1.webp","articleSection":["Atl\u00e9tico-MG","Flamengo","Internacional"],"inLanguage":"pt-BR","potentialAction":[{"@type":"CommentAction","name":"Comment","target":["https:\/\/www.gaveanews.com\/index.php\/2025\/03\/28\/a-declaracao-de-paulo-nunes-direcionada-a-flamengo-atletico-mg-e-internacional\/#respond"]}],"copyrightYear":"2025","copyrightHolder":{"@id":"https:\/\/www.gaveanews.com\/#organization"}},{"@type":"WebPage","@id":"https:\/\/www.gaveanews.com\/index.php\/2025\/03\/28\/a-declaracao-de-paulo-nunes-direcionada-a-flamengo-atletico-mg-e-internacional\/","url":"https:\/\/www.gaveanews.com\/index.php\/2025\/03\/28\/a-declaracao-de-paulo-nunes-direcionada-a-flamengo-atletico-mg-e-internacional\/","name":"A declara\u00e7\u00e3o de Paulo Nunes direcionada a Flamengo, Atl\u00e9tico-MG e Internacional","isPartOf":{"@id":"https:\/\/www.gaveanews.com\/#website"},"primaryImageOfPage":{"@id":"https:\/\/www.gaveanews.com\/index.php\/2025\/03\/28\/a-declaracao-de-paulo-nunes-direcionada-a-flamengo-atletico-mg-e-internacional\/#primaryimage"},"image":{"@id":"https:\/\/www.gaveanews.com\/index.php\/2025\/03\/28\/a-declaracao-de-paulo-nunes-direcionada-a-flamengo-atletico-mg-e-internacional\/#primaryimage"},"thumbnailUrl":"https:\/\/www.gaveanews.com\/wp-content\/uploads\/paulo-nunes-rede-globo-1536x864-1.webp","datePublished":"2025-03-28T20:25:00+00:00","author":{"@id":"https:\/\/www.gaveanews.com\/#\/schema\/person\/8207cd4627f56151707418bfc835b2fb"},"breadcrumb":{"@id":"https:\/\/www.gaveanews.com\/index.php\/2025\/03\/28\/a-declaracao-de-paulo-nunes-direcionada-a-flamengo-atletico-mg-e-internacional\/#breadcrumb"},"inLanguage":"pt-BR","potentialAction":[{"@type":"ReadAction","target":["https:\/\/www.gaveanews.com\/index.php\/2025\/03\/28\/a-declaracao-de-paulo-nunes-direcionada-a-flamengo-atletico-mg-e-internacional\/"]}]},{"@type":"ImageObject","inLanguage":"pt-BR","@id":"https:\/\/www.gaveanews.com\/index.php\/2025\/03\/28\/a-declaracao-de-paulo-nunes-direcionada-a-flamengo-atletico-mg-e-internacional\/#primaryimage","url":"https:\/\/www.gaveanews.com\/wp-content\/uploads\/paulo-nunes-rede-globo-1536x864-1.webp","contentUrl":"https:\/\/www.gaveanews.com\/wp-content\/uploads\/paulo-nunes-rede-globo-1536x864-1.webp","width":1536,"height":864,"caption":"Paulo Nunes - Foto: Reprodu\u00e7\u00e3o"},{"@type":"BreadcrumbList","@id":"https:\/\/www.gaveanews.com\/index.php\/2025\/03\/28\/a-declaracao-de-paulo-nunes-direcionada-a-flamengo-atletico-mg-e-internacional\/#breadcrumb","itemListElement":[{"@type":"ListItem","position":1,"name":"Home","item":"https:\/\/www.gaveanews.com\/"},{"@type":"ListItem","position":2,"name":"A declara\u00e7\u00e3o de Paulo Nunes direcionada a Flamengo, Atl\u00e9tico-MG e Internacional"}]},{"@type":"WebSite","@id":"https:\/\/www.gaveanews.com\/#website","url":"https:\/\/www.gaveanews.com\/","name":"G\u00e1vea News","description":"Veja todas as not\u00edcias sobre o Flamengo: Contrata\u00e7\u00f5es, categorias de base, resultados das partidas, tabela de classifica\u00e7\u00e3o, pr\u00f3ximos jogos!","potentialAction":[{"@type":"SearchAction","target":{"@type":"EntryPoint","urlTemplate":"https:\/\/www.gaveanews.com\/?s={search_term_string}"},"query-input":{"@type":"PropertyValueSpecification","valueRequired":true,"valueName":"search_term_string"}}],"inLanguage":"pt-BR"},{"@type":"Person","@id":"https:\/\/www.gaveanews.com\/#\/schema\/person\/8207cd4627f56151707418bfc835b2fb","name":"Matheus Felipe","image":{"@type":"ImageObject","inLanguage":"pt-BR","@id":"https:\/\/www.gaveanews.com\/#\/schema\/person\/image\/","url":"https:\/\/secure.gravatar.com\/avatar\/a452ffbed9130f726358b298bb3a99ce4bd3c5338411f8440e87e14d74c7c087?s=96&d=mm&r=g","contentUrl":"https:\/\/secure.gravatar.com\/avatar\/a452ffbed9130f726358b298bb3a99ce4bd3c5338411f8440e87e14d74c7c087?s=96&d=mm&r=g","caption":"Matheus Felipe"}}]}},"_links":{"self":[{"href":"https:\/\/www.gaveanews.com\/index.php\/wp-json\/wp\/v2\/posts\/246084","targetHints":{"allow":["GET"]}}],"collection":[{"href":"https:\/\/www.gaveanews.com\/index.php\/wp-json\/wp\/v2\/posts"}],"about":[{"href":"https:\/\/www.gaveanews.com\/index.php\/wp-json\/wp\/v2\/types\/post"}],"author":[{"embeddable":true,"href":"https:\/\/www.gaveanews.com\/index.php\/wp-json\/wp\/v2\/users\/27"}],"replies":[{"embeddable":true,"href":"https:\/\/www.gaveanews.com\/index.php\/wp-json\/wp\/v2\/comments?post=246084"}],"version-history":[{"count":1,"href":"https:\/\/www.gaveanews.com\/index.php\/wp-json\/wp\/v2\/posts\/246084\/revisions"}],"predecessor-version":[{"id":246090,"href":"https:\/\/www.gaveanews.com\/index.php\/wp-json\/wp\/v2\/posts\/246084\/revisions\/246090"}],"wp:featuredmedia":[{"embeddable":true,"href":"https:\/\/www.gaveanews.com\/index.php\/wp-json\/wp\/v2\/media\/215468"}],"wp:attachment":[{"href":"https:\/\/www.gaveanews.com\/index.php\/wp-json\/wp\/v2\/media?parent=246084"}],"wp:term":[{"taxonomy":"category","embeddable":true,"href":"https:\/\/www.gaveanews.com\/index.php\/wp-json\/wp\/v2\/categories?post=246084"},{"taxonomy":"post_tag","embeddable":true,"href":"https:\/\/www.gaveanews.com\/index.php\/wp-json\/wp\/v2\/tags?post=246084"}],"curies":[{"name":"wp","href":"https:\/\/api.w.org\/{rel}","templated":true}]}}