{"id":246088,"date":"2025-03-28T23:35:28","date_gmt":"2025-03-29T02:35:28","guid":{"rendered":"https:\/\/www.gaveanews.com\/?p=246088"},"modified":"2025-03-28T21:53:24","modified_gmt":"2025-03-29T00:53:24","slug":"cbf-e-flamengo-entram-em-rota-de-colisao-nos-bastidores","status":"publish","type":"post","link":"https:\/\/www.gaveanews.com\/index.php\/2025\/03\/28\/cbf-e-flamengo-entram-em-rota-de-colisao-nos-bastidores\/","title":{"rendered":"CBF e Flamengo entram em rota de colis\u00e3o nos bastidores\u00a0"},"content":{"rendered":"\n<p>O Flamengo entrou em atrito com a Confedera\u00e7\u00e3o Brasileira de Futebol (CBF) depois do corte de Gerson da Sele\u00e7\u00e3o Brasileira. O Rubro-Negro acusa a entidade de for\u00e7ar o jogador fisicamente, algo que teria resultado a les\u00e3o muscular que o tirou da partida contra a Argentina e o transforma em d\u00favida para a estreia do Brasileir\u00e3o.<\/p>\n\n\n\n<p>Gerson sentiu o m\u00fasculo posterior da coxa esquerda no confronto contra a Col\u00f4mbia e precisou ser substitu\u00eddo no primeiro tempo. Isso o fez ser cortado da Sele\u00e7\u00e3o, j\u00e1 que ele n\u00e3o teria condi\u00e7\u00f5es f\u00edsicas para jogar contra a Argentina. Por\u00e9m, isso n\u00e3o agradou em nada ao Flamengo.<\/p>\n\n\n\n<p>O clube entende que a comiss\u00e3o t\u00e9cnica do Brasil for\u00e7ou o jogador demais durante os treinamentos antes do jogo contra a Col\u00f4mbia.&nbsp;<\/p>\n\n\n\n<p>Por outro lado, de acordo com o jornalista Bruno Braz, do Uol, quem acompanhou os treinamentos da Sele\u00e7\u00e3o Brasileira discorda da acusa\u00e7\u00e3o flamenguista. Segundo os relatos, os treinos foram de baixa intensidade e insuficientes para agravar o problema.<\/p>\n\n\n\n<p>Posteriormente, Gerson realizou exames e nenhuma les\u00e3o foi constatada, apenas desgaste f\u00edsico. O pr\u00f3prio Flamengo publicou uma atualiza\u00e7\u00e3o sobre o meio-campista confirmando essa vers\u00e3o.<\/p>\n\n\n\n<p>\u201cExame de imagem realizado no clube nesta ter\u00e7a-feira (25) n\u00e3o constatou les\u00e3o muscular no jogador. O atleta apresenta um quadro de desgaste f\u00edsico e, por isso, far\u00e1 trabalhos espec\u00edficos no CT George Helal\u201d, disse.<\/p>\n\n\n\n<p>Embora o Flamengo tenha reclamado do per\u00edodo de Gerson com a Sele\u00e7\u00e3o Brasileira, os problemas musculares dele s\u00e3o recorrentes. Ele j\u00e1 havia sentido desconforto na final do Campeonato Carioca, inclusive tendo relatado isso ao departamento m\u00e9dico da CBF. No jogo da Supercopa do Brasil, contra o Botafogo, o meia tamb\u00e9m sentiu dores na regi\u00e3o.<\/p>\n\n\n\n<p>A situa\u00e7\u00e3o cl\u00ednica de Gerson levanta d\u00favidas sobre a possibilidade dele estrear junto da equipe no Campeonato Brasileiro, no s\u00e1bado (29\/3), no Maracan\u00e3, contra o Internacional, \u00e0s 21 horas.<\/p>\n","protected":false},"excerpt":{"rendered":"<p>O Flamengo entrou em atrito com a Confedera\u00e7\u00e3o Brasileira de Futebol (CBF) depois do corte de Gerson da Sele\u00e7\u00e3o Brasileira. O Rubro-Negro acusa a entidade de for\u00e7ar o jogador fisicamente, algo que teria resultado a les\u00e3o muscular que o tirou da partida contra a Argentina e o transforma em d\u00favida para a estreia do Brasileir\u00e3o. [&hellip;]<\/p>\n","protected":false},"author":29,"featured_media":126591,"comment_status":"open","ping_status":"closed","sticky":false,"template":"","format":"standard","meta":{"footnotes":""},"categories":[1],"tags":[],"class_list":["post-246088","post","type-post","status-publish","format-standard","has-post-thumbnail","hentry","category-flamengo"],"yoast_head":"<!-- This site is optimized with the Yoast SEO Premium plugin v24.2 (Yoast SEO v26.9) - https:\/\/yoast.com\/product\/yoast-seo-premium-wordpress\/ -->\n<title>CBF e Flamengo entram em rota de colis\u00e3o nos bastidores\u00a0<\/title>\n<meta name=\"robots\" content=\"index, follow, max-snippet:-1, max-image-preview:large, max-video-preview:-1\" \/>\n<link rel=\"canonical\" href=\"https:\/\/www.gaveanews.com\/index.php\/2025\/03\/28\/cbf-e-flamengo-entram-em-rota-de-colisao-nos-bastidores\/\" \/>\n<meta property=\"og:locale\" content=\"pt_BR\" \/>\n<meta property=\"og:type\" content=\"article\" \/>\n<meta property=\"og:title\" content=\"CBF e Flamengo entram em rota de colis\u00e3o nos bastidores\u00a0\" \/>\n<meta property=\"og:description\" content=\"O Flamengo entrou em atrito com a Confedera\u00e7\u00e3o Brasileira de Futebol (CBF) depois do corte de Gerson da Sele\u00e7\u00e3o Brasileira. O Rubro-Negro acusa a entidade de for\u00e7ar o jogador fisicamente, algo que teria resultado a les\u00e3o muscular que o tirou da partida contra a Argentina e o transforma em d\u00favida para a estreia do Brasileir\u00e3o. [&hellip;]\" \/>\n<meta property=\"og:url\" content=\"https:\/\/www.gaveanews.com\/index.php\/2025\/03\/28\/cbf-e-flamengo-entram-em-rota-de-colisao-nos-bastidores\/\" \/>\n<meta property=\"og:site_name\" content=\"G\u00e1vea News\" \/>\n<meta property=\"article:publisher\" content=\"https:\/\/facebook.com\/gaveaNews\/\" \/>\n<meta property=\"article:published_time\" content=\"2025-03-29T02:35:28+00:00\" \/>\n<meta property=\"og:image\" content=\"https:\/\/www.gaveanews.com\/wp-content\/uploads\/escudoDoFlamengo.webp\" \/>\n\t<meta property=\"og:image:width\" content=\"1000\" \/>\n\t<meta property=\"og:image:height\" content=\"667\" \/>\n\t<meta property=\"og:image:type\" content=\"image\/jpeg\" \/>\n<meta name=\"author\" content=\"Marco Menezes\" \/>\n<meta name=\"twitter:card\" content=\"summary_large_image\" \/>\n<meta name=\"twitter:label1\" content=\"Escrito por\" \/>\n\t<meta name=\"twitter:data1\" content=\"Marco Menezes\" \/>\n\t<meta name=\"twitter:label2\" content=\"Est. tempo de leitura\" \/>\n\t<meta name=\"twitter:data2\" content=\"2 minutos\" \/>\n<script type=\"application\/ld+json\" class=\"yoast-schema-graph\">{\"@context\":\"https:\/\/schema.org\",\"@graph\":[{\"@type\":\"NewsArticle\",\"@id\":\"https:\/\/www.gaveanews.com\/index.php\/2025\/03\/28\/cbf-e-flamengo-entram-em-rota-de-colisao-nos-bastidores\/#article\",\"isPartOf\":{\"@id\":\"https:\/\/www.gaveanews.com\/index.php\/2025\/03\/28\/cbf-e-flamengo-entram-em-rota-de-colisao-nos-bastidores\/\"},\"author\":{\"name\":\"Marco Menezes\",\"@id\":\"https:\/\/www.gaveanews.com\/#\/schema\/person\/a9f62fe75380c6bada1b2fc49bc23d69\"},\"headline\":\"CBF e Flamengo entram em rota de colis\u00e3o nos bastidores\u00a0\",\"datePublished\":\"2025-03-29T02:35:28+00:00\",\"mainEntityOfPage\":{\"@id\":\"https:\/\/www.gaveanews.com\/index.php\/2025\/03\/28\/cbf-e-flamengo-entram-em-rota-de-colisao-nos-bastidores\/\"},\"wordCount\":353,\"commentCount\":0,\"image\":{\"@id\":\"https:\/\/www.gaveanews.com\/index.php\/2025\/03\/28\/cbf-e-flamengo-entram-em-rota-de-colisao-nos-bastidores\/#primaryimage\"},\"thumbnailUrl\":\"https:\/\/www.gaveanews.com\/wp-content\/uploads\/escudoDoFlamengo.webp\",\"articleSection\":[\"Flamengo\"],\"inLanguage\":\"pt-BR\",\"potentialAction\":[{\"@type\":\"CommentAction\",\"name\":\"Comment\",\"target\":[\"https:\/\/www.gaveanews.com\/index.php\/2025\/03\/28\/cbf-e-flamengo-entram-em-rota-de-colisao-nos-bastidores\/#respond\"]}],\"copyrightYear\":\"2025\",\"copyrightHolder\":{\"@id\":\"https:\/\/www.gaveanews.com\/#organization\"}},{\"@type\":\"WebPage\",\"@id\":\"https:\/\/www.gaveanews.com\/index.php\/2025\/03\/28\/cbf-e-flamengo-entram-em-rota-de-colisao-nos-bastidores\/\",\"url\":\"https:\/\/www.gaveanews.com\/index.php\/2025\/03\/28\/cbf-e-flamengo-entram-em-rota-de-colisao-nos-bastidores\/\",\"name\":\"CBF e Flamengo entram em rota de colis\u00e3o nos bastidores\u00a0\",\"isPartOf\":{\"@id\":\"https:\/\/www.gaveanews.com\/#website\"},\"primaryImageOfPage\":{\"@id\":\"https:\/\/www.gaveanews.com\/index.php\/2025\/03\/28\/cbf-e-flamengo-entram-em-rota-de-colisao-nos-bastidores\/#primaryimage\"},\"image\":{\"@id\":\"https:\/\/www.gaveanews.com\/index.php\/2025\/03\/28\/cbf-e-flamengo-entram-em-rota-de-colisao-nos-bastidores\/#primaryimage\"},\"thumbnailUrl\":\"https:\/\/www.gaveanews.com\/wp-content\/uploads\/escudoDoFlamengo.webp\",\"datePublished\":\"2025-03-29T02:35:28+00:00\",\"author\":{\"@id\":\"https:\/\/www.gaveanews.com\/#\/schema\/person\/a9f62fe75380c6bada1b2fc49bc23d69\"},\"breadcrumb\":{\"@id\":\"https:\/\/www.gaveanews.com\/index.php\/2025\/03\/28\/cbf-e-flamengo-entram-em-rota-de-colisao-nos-bastidores\/#breadcrumb\"},\"inLanguage\":\"pt-BR\",\"potentialAction\":[{\"@type\":\"ReadAction\",\"target\":[\"https:\/\/www.gaveanews.com\/index.php\/2025\/03\/28\/cbf-e-flamengo-entram-em-rota-de-colisao-nos-bastidores\/\"]}]},{\"@type\":\"ImageObject\",\"inLanguage\":\"pt-BR\",\"@id\":\"https:\/\/www.gaveanews.com\/index.php\/2025\/03\/28\/cbf-e-flamengo-entram-em-rota-de-colisao-nos-bastidores\/#primaryimage\",\"url\":\"https:\/\/www.gaveanews.com\/wp-content\/uploads\/escudoDoFlamengo.webp\",\"contentUrl\":\"https:\/\/www.gaveanews.com\/wp-content\/uploads\/escudoDoFlamengo.webp\",\"width\":1000,\"height\":667,\"caption\":\"Escudo do Flamengo (Foto: Reprodu\u00e7\u00e3o)\"},{\"@type\":\"BreadcrumbList\",\"@id\":\"https:\/\/www.gaveanews.com\/index.php\/2025\/03\/28\/cbf-e-flamengo-entram-em-rota-de-colisao-nos-bastidores\/#breadcrumb\",\"itemListElement\":[{\"@type\":\"ListItem\",\"position\":1,\"name\":\"Home\",\"item\":\"https:\/\/www.gaveanews.com\/\"},{\"@type\":\"ListItem\",\"position\":2,\"name\":\"CBF e Flamengo entram em rota de colis\u00e3o nos bastidores\u00a0\"}]},{\"@type\":\"WebSite\",\"@id\":\"https:\/\/www.gaveanews.com\/#website\",\"url\":\"https:\/\/www.gaveanews.com\/\",\"name\":\"G\u00e1vea News\",\"description\":\"Veja todas as not\u00edcias sobre o Flamengo: Contrata\u00e7\u00f5es, categorias de base, resultados das partidas, tabela de classifica\u00e7\u00e3o, pr\u00f3ximos jogos!\",\"potentialAction\":[{\"@type\":\"SearchAction\",\"target\":{\"@type\":\"EntryPoint\",\"urlTemplate\":\"https:\/\/www.gaveanews.com\/?s={search_term_string}\"},\"query-input\":{\"@type\":\"PropertyValueSpecification\",\"valueRequired\":true,\"valueName\":\"search_term_string\"}}],\"inLanguage\":\"pt-BR\"},{\"@type\":\"Person\",\"@id\":\"https:\/\/www.gaveanews.com\/#\/schema\/person\/a9f62fe75380c6bada1b2fc49bc23d69\",\"name\":\"Marco Menezes\",\"image\":{\"@type\":\"ImageObject\",\"inLanguage\":\"pt-BR\",\"@id\":\"https:\/\/www.gaveanews.com\/#\/schema\/person\/image\/\",\"url\":\"https:\/\/secure.gravatar.com\/avatar\/a1d148ae17fc8bfc5dbccffd07979e8bd2c9ba494221779de86ec2c7907b71ec?s=96&d=mm&r=g\",\"contentUrl\":\"https:\/\/secure.gravatar.com\/avatar\/a1d148ae17fc8bfc5dbccffd07979e8bd2c9ba494221779de86ec2c7907b71ec?s=96&d=mm&r=g\",\"caption\":\"Marco Menezes\"}}]}<\/script>\n<!-- \/ Yoast SEO Premium plugin. -->","yoast_head_json":{"title":"CBF e Flamengo entram em rota de colis\u00e3o nos bastidores\u00a0","robots":{"index":"index","follow":"follow","max-snippet":"max-snippet:-1","max-image-preview":"max-image-preview:large","max-video-preview":"max-video-preview:-1"},"canonical":"https:\/\/www.gaveanews.com\/index.php\/2025\/03\/28\/cbf-e-flamengo-entram-em-rota-de-colisao-nos-bastidores\/","og_locale":"pt_BR","og_type":"article","og_title":"CBF e Flamengo entram em rota de colis\u00e3o nos bastidores\u00a0","og_description":"O Flamengo entrou em atrito com a Confedera\u00e7\u00e3o Brasileira de Futebol (CBF) depois do corte de Gerson da Sele\u00e7\u00e3o Brasileira. O Rubro-Negro acusa a entidade de for\u00e7ar o jogador fisicamente, algo que teria resultado a les\u00e3o muscular que o tirou da partida contra a Argentina e o transforma em d\u00favida para a estreia do Brasileir\u00e3o. [&hellip;]","og_url":"https:\/\/www.gaveanews.com\/index.php\/2025\/03\/28\/cbf-e-flamengo-entram-em-rota-de-colisao-nos-bastidores\/","og_site_name":"G\u00e1vea News","article_publisher":"https:\/\/facebook.com\/gaveaNews\/","article_published_time":"2025-03-29T02:35:28+00:00","og_image":[{"width":1000,"height":667,"url":"https:\/\/www.gaveanews.com\/wp-content\/uploads\/escudoDoFlamengo.webp","type":"image\/jpeg"}],"author":"Marco Menezes","twitter_card":"summary_large_image","twitter_misc":{"Escrito por":"Marco Menezes","Est. tempo de leitura":"2 minutos"},"schema":{"@context":"https:\/\/schema.org","@graph":[{"@type":"NewsArticle","@id":"https:\/\/www.gaveanews.com\/index.php\/2025\/03\/28\/cbf-e-flamengo-entram-em-rota-de-colisao-nos-bastidores\/#article","isPartOf":{"@id":"https:\/\/www.gaveanews.com\/index.php\/2025\/03\/28\/cbf-e-flamengo-entram-em-rota-de-colisao-nos-bastidores\/"},"author":{"name":"Marco Menezes","@id":"https:\/\/www.gaveanews.com\/#\/schema\/person\/a9f62fe75380c6bada1b2fc49bc23d69"},"headline":"CBF e Flamengo entram em rota de colis\u00e3o nos bastidores\u00a0","datePublished":"2025-03-29T02:35:28+00:00","mainEntityOfPage":{"@id":"https:\/\/www.gaveanews.com\/index.php\/2025\/03\/28\/cbf-e-flamengo-entram-em-rota-de-colisao-nos-bastidores\/"},"wordCount":353,"commentCount":0,"image":{"@id":"https:\/\/www.gaveanews.com\/index.php\/2025\/03\/28\/cbf-e-flamengo-entram-em-rota-de-colisao-nos-bastidores\/#primaryimage"},"thumbnailUrl":"https:\/\/www.gaveanews.com\/wp-content\/uploads\/escudoDoFlamengo.webp","articleSection":["Flamengo"],"inLanguage":"pt-BR","potentialAction":[{"@type":"CommentAction","name":"Comment","target":["https:\/\/www.gaveanews.com\/index.php\/2025\/03\/28\/cbf-e-flamengo-entram-em-rota-de-colisao-nos-bastidores\/#respond"]}],"copyrightYear":"2025","copyrightHolder":{"@id":"https:\/\/www.gaveanews.com\/#organization"}},{"@type":"WebPage","@id":"https:\/\/www.gaveanews.com\/index.php\/2025\/03\/28\/cbf-e-flamengo-entram-em-rota-de-colisao-nos-bastidores\/","url":"https:\/\/www.gaveanews.com\/index.php\/2025\/03\/28\/cbf-e-flamengo-entram-em-rota-de-colisao-nos-bastidores\/","name":"CBF e Flamengo entram em rota de colis\u00e3o nos bastidores\u00a0","isPartOf":{"@id":"https:\/\/www.gaveanews.com\/#website"},"primaryImageOfPage":{"@id":"https:\/\/www.gaveanews.com\/index.php\/2025\/03\/28\/cbf-e-flamengo-entram-em-rota-de-colisao-nos-bastidores\/#primaryimage"},"image":{"@id":"https:\/\/www.gaveanews.com\/index.php\/2025\/03\/28\/cbf-e-flamengo-entram-em-rota-de-colisao-nos-bastidores\/#primaryimage"},"thumbnailUrl":"https:\/\/www.gaveanews.com\/wp-content\/uploads\/escudoDoFlamengo.webp","datePublished":"2025-03-29T02:35:28+00:00","author":{"@id":"https:\/\/www.gaveanews.com\/#\/schema\/person\/a9f62fe75380c6bada1b2fc49bc23d69"},"breadcrumb":{"@id":"https:\/\/www.gaveanews.com\/index.php\/2025\/03\/28\/cbf-e-flamengo-entram-em-rota-de-colisao-nos-bastidores\/#breadcrumb"},"inLanguage":"pt-BR","potentialAction":[{"@type":"ReadAction","target":["https:\/\/www.gaveanews.com\/index.php\/2025\/03\/28\/cbf-e-flamengo-entram-em-rota-de-colisao-nos-bastidores\/"]}]},{"@type":"ImageObject","inLanguage":"pt-BR","@id":"https:\/\/www.gaveanews.com\/index.php\/2025\/03\/28\/cbf-e-flamengo-entram-em-rota-de-colisao-nos-bastidores\/#primaryimage","url":"https:\/\/www.gaveanews.com\/wp-content\/uploads\/escudoDoFlamengo.webp","contentUrl":"https:\/\/www.gaveanews.com\/wp-content\/uploads\/escudoDoFlamengo.webp","width":1000,"height":667,"caption":"Escudo do Flamengo (Foto: Reprodu\u00e7\u00e3o)"},{"@type":"BreadcrumbList","@id":"https:\/\/www.gaveanews.com\/index.php\/2025\/03\/28\/cbf-e-flamengo-entram-em-rota-de-colisao-nos-bastidores\/#breadcrumb","itemListElement":[{"@type":"ListItem","position":1,"name":"Home","item":"https:\/\/www.gaveanews.com\/"},{"@type":"ListItem","position":2,"name":"CBF e Flamengo entram em rota de colis\u00e3o nos bastidores\u00a0"}]},{"@type":"WebSite","@id":"https:\/\/www.gaveanews.com\/#website","url":"https:\/\/www.gaveanews.com\/","name":"G\u00e1vea News","description":"Veja todas as not\u00edcias sobre o Flamengo: Contrata\u00e7\u00f5es, categorias de base, resultados das partidas, tabela de classifica\u00e7\u00e3o, pr\u00f3ximos jogos!","potentialAction":[{"@type":"SearchAction","target":{"@type":"EntryPoint","urlTemplate":"https:\/\/www.gaveanews.com\/?s={search_term_string}"},"query-input":{"@type":"PropertyValueSpecification","valueRequired":true,"valueName":"search_term_string"}}],"inLanguage":"pt-BR"},{"@type":"Person","@id":"https:\/\/www.gaveanews.com\/#\/schema\/person\/a9f62fe75380c6bada1b2fc49bc23d69","name":"Marco Menezes","image":{"@type":"ImageObject","inLanguage":"pt-BR","@id":"https:\/\/www.gaveanews.com\/#\/schema\/person\/image\/","url":"https:\/\/secure.gravatar.com\/avatar\/a1d148ae17fc8bfc5dbccffd07979e8bd2c9ba494221779de86ec2c7907b71ec?s=96&d=mm&r=g","contentUrl":"https:\/\/secure.gravatar.com\/avatar\/a1d148ae17fc8bfc5dbccffd07979e8bd2c9ba494221779de86ec2c7907b71ec?s=96&d=mm&r=g","caption":"Marco Menezes"}}]}},"_links":{"self":[{"href":"https:\/\/www.gaveanews.com\/index.php\/wp-json\/wp\/v2\/posts\/246088","targetHints":{"allow":["GET"]}}],"collection":[{"href":"https:\/\/www.gaveanews.com\/index.php\/wp-json\/wp\/v2\/posts"}],"about":[{"href":"https:\/\/www.gaveanews.com\/index.php\/wp-json\/wp\/v2\/types\/post"}],"author":[{"embeddable":true,"href":"https:\/\/www.gaveanews.com\/index.php\/wp-json\/wp\/v2\/users\/29"}],"replies":[{"embeddable":true,"href":"https:\/\/www.gaveanews.com\/index.php\/wp-json\/wp\/v2\/comments?post=246088"}],"version-history":[{"count":1,"href":"https:\/\/www.gaveanews.com\/index.php\/wp-json\/wp\/v2\/posts\/246088\/revisions"}],"predecessor-version":[{"id":246089,"href":"https:\/\/www.gaveanews.com\/index.php\/wp-json\/wp\/v2\/posts\/246088\/revisions\/246089"}],"wp:featuredmedia":[{"embeddable":true,"href":"https:\/\/www.gaveanews.com\/index.php\/wp-json\/wp\/v2\/media\/126591"}],"wp:attachment":[{"href":"https:\/\/www.gaveanews.com\/index.php\/wp-json\/wp\/v2\/media?parent=246088"}],"wp:term":[{"taxonomy":"category","embeddable":true,"href":"https:\/\/www.gaveanews.com\/index.php\/wp-json\/wp\/v2\/categories?post=246088"},{"taxonomy":"post_tag","embeddable":true,"href":"https:\/\/www.gaveanews.com\/index.php\/wp-json\/wp\/v2\/tags?post=246088"}],"curies":[{"name":"wp","href":"https:\/\/api.w.org\/{rel}","templated":true}]}}