{"id":246091,"date":"2025-03-28T17:50:00","date_gmt":"2025-03-28T20:50:00","guid":{"rendered":"https:\/\/www.gaveanews.com\/?p=246091"},"modified":"2025-03-28T15:54:01","modified_gmt":"2025-03-28T18:54:01","slug":"a-declaracao-de-flavio-prado-direcionada-a-abel-ferreira-do-palmeiras-futebol-pobre","status":"publish","type":"post","link":"https:\/\/www.gaveanews.com\/index.php\/2025\/03\/28\/a-declaracao-de-flavio-prado-direcionada-a-abel-ferreira-do-palmeiras-futebol-pobre\/","title":{"rendered":"A declara\u00e7\u00e3o de Fl\u00e1vio Prado direcionada a Abel Ferreira, do Palmeiras: &#8220;futebol pobre\u2026&#8221;"},"content":{"rendered":"\n<p>O comentarista esportivo Fl\u00e1vio Prado utilizou suas redes sociais nesta sexta-feira (28) para analisar a recente conquista do Corinthians sobre o Palmeiras no Campeonato Paulista. Em tom cr\u00edtico, ele apontou a queda de rendimento do time alviverde nos \u00faltimos meses e destacou a aus\u00eancia de questionamentos mais incisivos sobre o trabalho de Abel Ferreira.<\/p>\n\n\n\n<p>Segundo Fl\u00e1vio, o t\u00edtulo conquistado pelo Corinthians foi merecido, especialmente diante da atua\u00e7\u00e3o considerada ap\u00e1tica do rival. \u201cO Palmeiras tem o elenco mais caro, est\u00e1 com tudo em dia, ao contr\u00e1rio do seu advers\u00e1rio, mas n\u00e3o conseguiu sequer amea\u00e7ar o Corinthians. Est\u00e1 na hora de se cobrar o t\u00e9cnico\u201d, afirmou o jornalista, referindo-se diretamente a Abel Ferreira.<\/p>\n\n\n\n<figure class=\"wp-block-image size-large\"><img loading=\"lazy\" decoding=\"async\" width=\"1024\" height=\"576\" src=\"http:\/\/www.gaveanews.com\/wp-content\/uploads\/Abel-Ferreira-e-fotografado-passando-instrucoes-durante-um-jogo-do-Palmeiras-1024x576.webp\" alt=\"\" class=\"wp-image-157845\" srcset=\"https:\/\/www.gaveanews.com\/wp-content\/uploads\/Abel-Ferreira-e-fotografado-passando-instrucoes-durante-um-jogo-do-Palmeiras-1024x576.webp 1024w, https:\/\/www.gaveanews.com\/wp-content\/uploads\/Abel-Ferreira-e-fotografado-passando-instrucoes-durante-um-jogo-do-Palmeiras-300x169.webp 300w, https:\/\/www.gaveanews.com\/wp-content\/uploads\/Abel-Ferreira-e-fotografado-passando-instrucoes-durante-um-jogo-do-Palmeiras-768x432.webp 768w, https:\/\/www.gaveanews.com\/wp-content\/uploads\/Abel-Ferreira-e-fotografado-passando-instrucoes-durante-um-jogo-do-Palmeiras-746x420.webp 746w, https:\/\/www.gaveanews.com\/wp-content\/uploads\/Abel-Ferreira-e-fotografado-passando-instrucoes-durante-um-jogo-do-Palmeiras-1493x840.webp 1493w, https:\/\/www.gaveanews.com\/wp-content\/uploads\/Abel-Ferreira-e-fotografado-passando-instrucoes-durante-um-jogo-do-Palmeiras-640x360.webp 640w, https:\/\/www.gaveanews.com\/wp-content\/uploads\/Abel-Ferreira-e-fotografado-passando-instrucoes-durante-um-jogo-do-Palmeiras-1280x720.webp 1280w, https:\/\/www.gaveanews.com\/wp-content\/uploads\/Abel-Ferreira-e-fotografado-passando-instrucoes-durante-um-jogo-do-Palmeiras-681x383.webp 681w, https:\/\/www.gaveanews.com\/wp-content\/uploads\/Abel-Ferreira-e-fotografado-passando-instrucoes-durante-um-jogo-do-Palmeiras-1362x766.webp 1362w, https:\/\/www.gaveanews.com\/wp-content\/uploads\/Abel-Ferreira-e-fotografado-passando-instrucoes-durante-um-jogo-do-Palmeiras-100x56.webp 100w, https:\/\/www.gaveanews.com\/wp-content\/uploads\/Abel-Ferreira-e-fotografado-passando-instrucoes-durante-um-jogo-do-Palmeiras.webp 1500w\" sizes=\"auto, (max-width: 1024px) 100vw, 1024px\" \/><figcaption class=\"wp-element-caption\">Abel Ferreira \u00e9 fotografado passando instru\u00e7\u00f5es durante um jogo do Palmeiras (Foto: Cesar Greco\/Palmeiras)<\/figcaption><\/figure>\n\n\n\n<p>O rev\u00e9s na final do estadual impediu o Palmeiras de alcan\u00e7ar o in\u00e9dito tetracampeonato consecutivo entre os clubes da capital. Al\u00e9m disso, Abel Ferreira perdeu a oportunidade de se isolar como o t\u00e9cnico mais vitorioso da hist\u00f3ria palmeirense. Atualmente, ele soma 10 t\u00edtulos pelo clube, n\u00famero igual ao de Oswaldo Brand\u00e3o.<\/p>\n\n\n\n<p>Apesar do trope\u00e7o no estadual, o treinador portugu\u00eas ainda tem outras quatro competi\u00e7\u00f5es pela frente em 2025. O time disputa o Campeonato Brasileiro, a Copa do Brasil, a Libertadores e o Mundial de Clubes. Fl\u00e1vio Prado, no entanto, sugeriu que apenas os resultados n\u00e3o devem blindar o trabalho do t\u00e9cnico. \u201c\u00c9 necess\u00e1rio analisar o futebol apresentado, e isso vem sendo insuficiente\u201d, destacou.<\/p>\n\n\n\n<p>Ao abordar o desempenho do Corinthians, o comentarista n\u00e3o economizou nos elogios. Ele exaltou a transforma\u00e7\u00e3o do time durante o Campeonato Paulista, principalmente nas fases decisivas. \u201c\u00c9 impressionante como o Corinthians se transforma no estadual. O clube \u00e9 especialista nessa competi\u00e7\u00e3o\u201d, disse, ressaltando a marca de 31 conquistas.<\/p>\n\n\n\n<p>A an\u00e1lise feita por Fl\u00e1vio Prado repercutiu amplamente, principalmente entre torcedores que acompanham de perto o desempenho das duas equipes. Afinal, o momento vivido pelo Palmeiras contrasta com o investimento feito, enquanto o Corinthians, mesmo com limita\u00e7\u00f5es financeiras, voltou a levantar um trof\u00e9u estadual.<\/p>\n","protected":false},"excerpt":{"rendered":"<p>O comentarista esportivo Fl\u00e1vio Prado utilizou suas redes sociais nesta sexta-feira (28) para analisar a recente conquista do Corinthians sobre o Palmeiras no Campeonato Paulista. Em tom cr\u00edtico, ele apontou a queda de rendimento do time alviverde nos \u00faltimos meses e destacou a aus\u00eancia de questionamentos mais incisivos sobre o trabalho de Abel Ferreira. Segundo [&hellip;]<\/p>\n","protected":false},"author":27,"featured_media":102292,"comment_status":"open","ping_status":"closed","sticky":false,"template":"","format":"standard","meta":{"footnotes":""},"categories":[150],"tags":[],"class_list":["post-246091","post","type-post","status-publish","format-standard","has-post-thumbnail","hentry","category-palmeiras"],"yoast_head":"<!-- This site is optimized with the Yoast SEO Premium plugin v24.2 (Yoast SEO v26.9) - https:\/\/yoast.com\/product\/yoast-seo-premium-wordpress\/ -->\n<title>A declara\u00e7\u00e3o de Fl\u00e1vio Prado direcionada a Abel Ferreira, do Palmeiras: &quot;futebol pobre\u2026&quot;<\/title>\n<meta name=\"robots\" content=\"index, follow, max-snippet:-1, max-image-preview:large, max-video-preview:-1\" \/>\n<link rel=\"canonical\" href=\"https:\/\/www.gaveanews.com\/index.php\/2025\/03\/28\/a-declaracao-de-flavio-prado-direcionada-a-abel-ferreira-do-palmeiras-futebol-pobre\/\" \/>\n<meta property=\"og:locale\" content=\"pt_BR\" \/>\n<meta property=\"og:type\" content=\"article\" \/>\n<meta property=\"og:title\" content=\"A declara\u00e7\u00e3o de Fl\u00e1vio Prado direcionada a Abel Ferreira, do Palmeiras: &quot;futebol pobre\u2026&quot;\" \/>\n<meta property=\"og:description\" content=\"O comentarista esportivo Fl\u00e1vio Prado utilizou suas redes sociais nesta sexta-feira (28) para analisar a recente conquista do Corinthians sobre o Palmeiras no Campeonato Paulista. Em tom cr\u00edtico, ele apontou a queda de rendimento do time alviverde nos \u00faltimos meses e destacou a aus\u00eancia de questionamentos mais incisivos sobre o trabalho de Abel Ferreira. Segundo [&hellip;]\" \/>\n<meta property=\"og:url\" content=\"https:\/\/www.gaveanews.com\/index.php\/2025\/03\/28\/a-declaracao-de-flavio-prado-direcionada-a-abel-ferreira-do-palmeiras-futebol-pobre\/\" \/>\n<meta property=\"og:site_name\" content=\"G\u00e1vea News\" \/>\n<meta property=\"article:publisher\" content=\"https:\/\/facebook.com\/gaveaNews\/\" \/>\n<meta property=\"article:published_time\" content=\"2025-03-28T20:50:00+00:00\" \/>\n<meta property=\"og:image\" content=\"https:\/\/www.gaveanews.com\/wp-content\/uploads\/Flavio-Prado.webp\" \/>\n\t<meta property=\"og:image:width\" content=\"999\" \/>\n\t<meta property=\"og:image:height\" content=\"548\" \/>\n\t<meta property=\"og:image:type\" content=\"image\/png\" \/>\n<meta name=\"author\" content=\"Matheus Felipe\" \/>\n<meta name=\"twitter:card\" content=\"summary_large_image\" \/>\n<meta name=\"twitter:label1\" content=\"Escrito por\" \/>\n\t<meta name=\"twitter:data1\" content=\"Matheus Felipe\" \/>\n\t<meta name=\"twitter:label2\" content=\"Est. tempo de leitura\" \/>\n\t<meta name=\"twitter:data2\" content=\"3 minutos\" \/>\n<script type=\"application\/ld+json\" class=\"yoast-schema-graph\">{\"@context\":\"https:\/\/schema.org\",\"@graph\":[{\"@type\":\"NewsArticle\",\"@id\":\"https:\/\/www.gaveanews.com\/index.php\/2025\/03\/28\/a-declaracao-de-flavio-prado-direcionada-a-abel-ferreira-do-palmeiras-futebol-pobre\/#article\",\"isPartOf\":{\"@id\":\"https:\/\/www.gaveanews.com\/index.php\/2025\/03\/28\/a-declaracao-de-flavio-prado-direcionada-a-abel-ferreira-do-palmeiras-futebol-pobre\/\"},\"author\":{\"name\":\"Matheus Felipe\",\"@id\":\"https:\/\/www.gaveanews.com\/#\/schema\/person\/8207cd4627f56151707418bfc835b2fb\"},\"headline\":\"A declara\u00e7\u00e3o de Fl\u00e1vio Prado direcionada a Abel Ferreira, do Palmeiras: &#8220;futebol pobre\u2026&#8221;\",\"datePublished\":\"2025-03-28T20:50:00+00:00\",\"mainEntityOfPage\":{\"@id\":\"https:\/\/www.gaveanews.com\/index.php\/2025\/03\/28\/a-declaracao-de-flavio-prado-direcionada-a-abel-ferreira-do-palmeiras-futebol-pobre\/\"},\"wordCount\":374,\"commentCount\":0,\"image\":{\"@id\":\"https:\/\/www.gaveanews.com\/index.php\/2025\/03\/28\/a-declaracao-de-flavio-prado-direcionada-a-abel-ferreira-do-palmeiras-futebol-pobre\/#primaryimage\"},\"thumbnailUrl\":\"https:\/\/www.gaveanews.com\/wp-content\/uploads\/Flavio-Prado.webp\",\"articleSection\":[\"Palmeiras\"],\"inLanguage\":\"pt-BR\",\"potentialAction\":[{\"@type\":\"CommentAction\",\"name\":\"Comment\",\"target\":[\"https:\/\/www.gaveanews.com\/index.php\/2025\/03\/28\/a-declaracao-de-flavio-prado-direcionada-a-abel-ferreira-do-palmeiras-futebol-pobre\/#respond\"]}],\"copyrightYear\":\"2025\",\"copyrightHolder\":{\"@id\":\"https:\/\/www.gaveanews.com\/#organization\"}},{\"@type\":\"WebPage\",\"@id\":\"https:\/\/www.gaveanews.com\/index.php\/2025\/03\/28\/a-declaracao-de-flavio-prado-direcionada-a-abel-ferreira-do-palmeiras-futebol-pobre\/\",\"url\":\"https:\/\/www.gaveanews.com\/index.php\/2025\/03\/28\/a-declaracao-de-flavio-prado-direcionada-a-abel-ferreira-do-palmeiras-futebol-pobre\/\",\"name\":\"A declara\u00e7\u00e3o de Fl\u00e1vio Prado direcionada a Abel Ferreira, do Palmeiras: \\\"futebol pobre\u2026\\\"\",\"isPartOf\":{\"@id\":\"https:\/\/www.gaveanews.com\/#website\"},\"primaryImageOfPage\":{\"@id\":\"https:\/\/www.gaveanews.com\/index.php\/2025\/03\/28\/a-declaracao-de-flavio-prado-direcionada-a-abel-ferreira-do-palmeiras-futebol-pobre\/#primaryimage\"},\"image\":{\"@id\":\"https:\/\/www.gaveanews.com\/index.php\/2025\/03\/28\/a-declaracao-de-flavio-prado-direcionada-a-abel-ferreira-do-palmeiras-futebol-pobre\/#primaryimage\"},\"thumbnailUrl\":\"https:\/\/www.gaveanews.com\/wp-content\/uploads\/Flavio-Prado.webp\",\"datePublished\":\"2025-03-28T20:50:00+00:00\",\"author\":{\"@id\":\"https:\/\/www.gaveanews.com\/#\/schema\/person\/8207cd4627f56151707418bfc835b2fb\"},\"breadcrumb\":{\"@id\":\"https:\/\/www.gaveanews.com\/index.php\/2025\/03\/28\/a-declaracao-de-flavio-prado-direcionada-a-abel-ferreira-do-palmeiras-futebol-pobre\/#breadcrumb\"},\"inLanguage\":\"pt-BR\",\"potentialAction\":[{\"@type\":\"ReadAction\",\"target\":[\"https:\/\/www.gaveanews.com\/index.php\/2025\/03\/28\/a-declaracao-de-flavio-prado-direcionada-a-abel-ferreira-do-palmeiras-futebol-pobre\/\"]}]},{\"@type\":\"ImageObject\",\"inLanguage\":\"pt-BR\",\"@id\":\"https:\/\/www.gaveanews.com\/index.php\/2025\/03\/28\/a-declaracao-de-flavio-prado-direcionada-a-abel-ferreira-do-palmeiras-futebol-pobre\/#primaryimage\",\"url\":\"https:\/\/www.gaveanews.com\/wp-content\/uploads\/Flavio-Prado.webp\",\"contentUrl\":\"https:\/\/www.gaveanews.com\/wp-content\/uploads\/Flavio-Prado.webp\",\"width\":999,\"height\":548,\"caption\":\"Flavio Prado - Foto: Reprodu\u00e7\u00e3o\"},{\"@type\":\"BreadcrumbList\",\"@id\":\"https:\/\/www.gaveanews.com\/index.php\/2025\/03\/28\/a-declaracao-de-flavio-prado-direcionada-a-abel-ferreira-do-palmeiras-futebol-pobre\/#breadcrumb\",\"itemListElement\":[{\"@type\":\"ListItem\",\"position\":1,\"name\":\"Home\",\"item\":\"https:\/\/www.gaveanews.com\/\"},{\"@type\":\"ListItem\",\"position\":2,\"name\":\"A declara\u00e7\u00e3o de Fl\u00e1vio Prado direcionada a Abel Ferreira, do Palmeiras: &#8220;futebol pobre\u2026&#8221;\"}]},{\"@type\":\"WebSite\",\"@id\":\"https:\/\/www.gaveanews.com\/#website\",\"url\":\"https:\/\/www.gaveanews.com\/\",\"name\":\"G\u00e1vea News\",\"description\":\"Veja todas as not\u00edcias sobre o Flamengo: Contrata\u00e7\u00f5es, categorias de base, resultados das partidas, tabela de classifica\u00e7\u00e3o, pr\u00f3ximos jogos!\",\"potentialAction\":[{\"@type\":\"SearchAction\",\"target\":{\"@type\":\"EntryPoint\",\"urlTemplate\":\"https:\/\/www.gaveanews.com\/?s={search_term_string}\"},\"query-input\":{\"@type\":\"PropertyValueSpecification\",\"valueRequired\":true,\"valueName\":\"search_term_string\"}}],\"inLanguage\":\"pt-BR\"},{\"@type\":\"Person\",\"@id\":\"https:\/\/www.gaveanews.com\/#\/schema\/person\/8207cd4627f56151707418bfc835b2fb\",\"name\":\"Matheus Felipe\",\"image\":{\"@type\":\"ImageObject\",\"inLanguage\":\"pt-BR\",\"@id\":\"https:\/\/www.gaveanews.com\/#\/schema\/person\/image\/\",\"url\":\"https:\/\/secure.gravatar.com\/avatar\/a452ffbed9130f726358b298bb3a99ce4bd3c5338411f8440e87e14d74c7c087?s=96&d=mm&r=g\",\"contentUrl\":\"https:\/\/secure.gravatar.com\/avatar\/a452ffbed9130f726358b298bb3a99ce4bd3c5338411f8440e87e14d74c7c087?s=96&d=mm&r=g\",\"caption\":\"Matheus Felipe\"}}]}<\/script>\n<!-- \/ Yoast SEO Premium plugin. -->","yoast_head_json":{"title":"A declara\u00e7\u00e3o de Fl\u00e1vio Prado direcionada a Abel Ferreira, do Palmeiras: \"futebol pobre\u2026\"","robots":{"index":"index","follow":"follow","max-snippet":"max-snippet:-1","max-image-preview":"max-image-preview:large","max-video-preview":"max-video-preview:-1"},"canonical":"https:\/\/www.gaveanews.com\/index.php\/2025\/03\/28\/a-declaracao-de-flavio-prado-direcionada-a-abel-ferreira-do-palmeiras-futebol-pobre\/","og_locale":"pt_BR","og_type":"article","og_title":"A declara\u00e7\u00e3o de Fl\u00e1vio Prado direcionada a Abel Ferreira, do Palmeiras: \"futebol pobre\u2026\"","og_description":"O comentarista esportivo Fl\u00e1vio Prado utilizou suas redes sociais nesta sexta-feira (28) para analisar a recente conquista do Corinthians sobre o Palmeiras no Campeonato Paulista. Em tom cr\u00edtico, ele apontou a queda de rendimento do time alviverde nos \u00faltimos meses e destacou a aus\u00eancia de questionamentos mais incisivos sobre o trabalho de Abel Ferreira. Segundo [&hellip;]","og_url":"https:\/\/www.gaveanews.com\/index.php\/2025\/03\/28\/a-declaracao-de-flavio-prado-direcionada-a-abel-ferreira-do-palmeiras-futebol-pobre\/","og_site_name":"G\u00e1vea News","article_publisher":"https:\/\/facebook.com\/gaveaNews\/","article_published_time":"2025-03-28T20:50:00+00:00","og_image":[{"width":999,"height":548,"url":"https:\/\/www.gaveanews.com\/wp-content\/uploads\/Flavio-Prado.webp","type":"image\/png"}],"author":"Matheus Felipe","twitter_card":"summary_large_image","twitter_misc":{"Escrito por":"Matheus Felipe","Est. tempo de leitura":"3 minutos"},"schema":{"@context":"https:\/\/schema.org","@graph":[{"@type":"NewsArticle","@id":"https:\/\/www.gaveanews.com\/index.php\/2025\/03\/28\/a-declaracao-de-flavio-prado-direcionada-a-abel-ferreira-do-palmeiras-futebol-pobre\/#article","isPartOf":{"@id":"https:\/\/www.gaveanews.com\/index.php\/2025\/03\/28\/a-declaracao-de-flavio-prado-direcionada-a-abel-ferreira-do-palmeiras-futebol-pobre\/"},"author":{"name":"Matheus Felipe","@id":"https:\/\/www.gaveanews.com\/#\/schema\/person\/8207cd4627f56151707418bfc835b2fb"},"headline":"A declara\u00e7\u00e3o de Fl\u00e1vio Prado direcionada a Abel Ferreira, do Palmeiras: &#8220;futebol pobre\u2026&#8221;","datePublished":"2025-03-28T20:50:00+00:00","mainEntityOfPage":{"@id":"https:\/\/www.gaveanews.com\/index.php\/2025\/03\/28\/a-declaracao-de-flavio-prado-direcionada-a-abel-ferreira-do-palmeiras-futebol-pobre\/"},"wordCount":374,"commentCount":0,"image":{"@id":"https:\/\/www.gaveanews.com\/index.php\/2025\/03\/28\/a-declaracao-de-flavio-prado-direcionada-a-abel-ferreira-do-palmeiras-futebol-pobre\/#primaryimage"},"thumbnailUrl":"https:\/\/www.gaveanews.com\/wp-content\/uploads\/Flavio-Prado.webp","articleSection":["Palmeiras"],"inLanguage":"pt-BR","potentialAction":[{"@type":"CommentAction","name":"Comment","target":["https:\/\/www.gaveanews.com\/index.php\/2025\/03\/28\/a-declaracao-de-flavio-prado-direcionada-a-abel-ferreira-do-palmeiras-futebol-pobre\/#respond"]}],"copyrightYear":"2025","copyrightHolder":{"@id":"https:\/\/www.gaveanews.com\/#organization"}},{"@type":"WebPage","@id":"https:\/\/www.gaveanews.com\/index.php\/2025\/03\/28\/a-declaracao-de-flavio-prado-direcionada-a-abel-ferreira-do-palmeiras-futebol-pobre\/","url":"https:\/\/www.gaveanews.com\/index.php\/2025\/03\/28\/a-declaracao-de-flavio-prado-direcionada-a-abel-ferreira-do-palmeiras-futebol-pobre\/","name":"A declara\u00e7\u00e3o de Fl\u00e1vio Prado direcionada a Abel Ferreira, do Palmeiras: \"futebol pobre\u2026\"","isPartOf":{"@id":"https:\/\/www.gaveanews.com\/#website"},"primaryImageOfPage":{"@id":"https:\/\/www.gaveanews.com\/index.php\/2025\/03\/28\/a-declaracao-de-flavio-prado-direcionada-a-abel-ferreira-do-palmeiras-futebol-pobre\/#primaryimage"},"image":{"@id":"https:\/\/www.gaveanews.com\/index.php\/2025\/03\/28\/a-declaracao-de-flavio-prado-direcionada-a-abel-ferreira-do-palmeiras-futebol-pobre\/#primaryimage"},"thumbnailUrl":"https:\/\/www.gaveanews.com\/wp-content\/uploads\/Flavio-Prado.webp","datePublished":"2025-03-28T20:50:00+00:00","author":{"@id":"https:\/\/www.gaveanews.com\/#\/schema\/person\/8207cd4627f56151707418bfc835b2fb"},"breadcrumb":{"@id":"https:\/\/www.gaveanews.com\/index.php\/2025\/03\/28\/a-declaracao-de-flavio-prado-direcionada-a-abel-ferreira-do-palmeiras-futebol-pobre\/#breadcrumb"},"inLanguage":"pt-BR","potentialAction":[{"@type":"ReadAction","target":["https:\/\/www.gaveanews.com\/index.php\/2025\/03\/28\/a-declaracao-de-flavio-prado-direcionada-a-abel-ferreira-do-palmeiras-futebol-pobre\/"]}]},{"@type":"ImageObject","inLanguage":"pt-BR","@id":"https:\/\/www.gaveanews.com\/index.php\/2025\/03\/28\/a-declaracao-de-flavio-prado-direcionada-a-abel-ferreira-do-palmeiras-futebol-pobre\/#primaryimage","url":"https:\/\/www.gaveanews.com\/wp-content\/uploads\/Flavio-Prado.webp","contentUrl":"https:\/\/www.gaveanews.com\/wp-content\/uploads\/Flavio-Prado.webp","width":999,"height":548,"caption":"Flavio Prado - Foto: Reprodu\u00e7\u00e3o"},{"@type":"BreadcrumbList","@id":"https:\/\/www.gaveanews.com\/index.php\/2025\/03\/28\/a-declaracao-de-flavio-prado-direcionada-a-abel-ferreira-do-palmeiras-futebol-pobre\/#breadcrumb","itemListElement":[{"@type":"ListItem","position":1,"name":"Home","item":"https:\/\/www.gaveanews.com\/"},{"@type":"ListItem","position":2,"name":"A declara\u00e7\u00e3o de Fl\u00e1vio Prado direcionada a Abel Ferreira, do Palmeiras: &#8220;futebol pobre\u2026&#8221;"}]},{"@type":"WebSite","@id":"https:\/\/www.gaveanews.com\/#website","url":"https:\/\/www.gaveanews.com\/","name":"G\u00e1vea News","description":"Veja todas as not\u00edcias sobre o Flamengo: Contrata\u00e7\u00f5es, categorias de base, resultados das partidas, tabela de classifica\u00e7\u00e3o, pr\u00f3ximos jogos!","potentialAction":[{"@type":"SearchAction","target":{"@type":"EntryPoint","urlTemplate":"https:\/\/www.gaveanews.com\/?s={search_term_string}"},"query-input":{"@type":"PropertyValueSpecification","valueRequired":true,"valueName":"search_term_string"}}],"inLanguage":"pt-BR"},{"@type":"Person","@id":"https:\/\/www.gaveanews.com\/#\/schema\/person\/8207cd4627f56151707418bfc835b2fb","name":"Matheus Felipe","image":{"@type":"ImageObject","inLanguage":"pt-BR","@id":"https:\/\/www.gaveanews.com\/#\/schema\/person\/image\/","url":"https:\/\/secure.gravatar.com\/avatar\/a452ffbed9130f726358b298bb3a99ce4bd3c5338411f8440e87e14d74c7c087?s=96&d=mm&r=g","contentUrl":"https:\/\/secure.gravatar.com\/avatar\/a452ffbed9130f726358b298bb3a99ce4bd3c5338411f8440e87e14d74c7c087?s=96&d=mm&r=g","caption":"Matheus Felipe"}}]}},"_links":{"self":[{"href":"https:\/\/www.gaveanews.com\/index.php\/wp-json\/wp\/v2\/posts\/246091","targetHints":{"allow":["GET"]}}],"collection":[{"href":"https:\/\/www.gaveanews.com\/index.php\/wp-json\/wp\/v2\/posts"}],"about":[{"href":"https:\/\/www.gaveanews.com\/index.php\/wp-json\/wp\/v2\/types\/post"}],"author":[{"embeddable":true,"href":"https:\/\/www.gaveanews.com\/index.php\/wp-json\/wp\/v2\/users\/27"}],"replies":[{"embeddable":true,"href":"https:\/\/www.gaveanews.com\/index.php\/wp-json\/wp\/v2\/comments?post=246091"}],"version-history":[{"count":1,"href":"https:\/\/www.gaveanews.com\/index.php\/wp-json\/wp\/v2\/posts\/246091\/revisions"}],"predecessor-version":[{"id":246097,"href":"https:\/\/www.gaveanews.com\/index.php\/wp-json\/wp\/v2\/posts\/246091\/revisions\/246097"}],"wp:featuredmedia":[{"embeddable":true,"href":"https:\/\/www.gaveanews.com\/index.php\/wp-json\/wp\/v2\/media\/102292"}],"wp:attachment":[{"href":"https:\/\/www.gaveanews.com\/index.php\/wp-json\/wp\/v2\/media?parent=246091"}],"wp:term":[{"taxonomy":"category","embeddable":true,"href":"https:\/\/www.gaveanews.com\/index.php\/wp-json\/wp\/v2\/categories?post=246091"},{"taxonomy":"post_tag","embeddable":true,"href":"https:\/\/www.gaveanews.com\/index.php\/wp-json\/wp\/v2\/tags?post=246091"}],"curies":[{"name":"wp","href":"https:\/\/api.w.org\/{rel}","templated":true}]}}