{"id":246100,"date":"2025-03-28T17:55:00","date_gmt":"2025-03-28T20:55:00","guid":{"rendered":"https:\/\/www.gaveanews.com\/?p=246100"},"modified":"2025-03-28T15:57:34","modified_gmt":"2025-03-28T18:57:34","slug":"flamengo-emite-nota-oficial-sobre-partida-contra-o-internacional","status":"publish","type":"post","link":"https:\/\/www.gaveanews.com\/index.php\/2025\/03\/28\/flamengo-emite-nota-oficial-sobre-partida-contra-o-internacional\/","title":{"rendered":"Flamengo emite nota oficial sobre partida contra o Internacional"},"content":{"rendered":"\n<p>O Campeonato Brasileiro 2025 come\u00e7a com um toque de tradi\u00e7\u00e3o, resgatando uma pr\u00e1tica que havia ficado um pouco esquecida nos \u00faltimos anos. Neste s\u00e1bado (29), antes da estreia entre Flamengo e Internacional, os jogadores das duas equipes participar\u00e3o de uma cerim\u00f4nia simb\u00f3lica que promete emocionar os torcedores presentes no Maracan\u00e3.&nbsp;<\/p>\n\n\n\n<p>O evento destaca conquistas recentes de ambos os clubes, que chegam ao duelo com t\u00edtulos importantes no curr\u00edculo.<\/p>\n\n\n\n<h2 class=\"wp-block-heading\" id=\"h-flamengo-e-internacional-celebram-seus-titulos\">Flamengo e Internacional celebram seus t\u00edtulos<\/h2>\n\n\n\n<figure class=\"wp-block-image size-full\"><img loading=\"lazy\" decoding=\"async\" width=\"1200\" height=\"750\" src=\"http:\/\/www.gaveanews.com\/wp-content\/uploads\/Pedro-posa-para-foto-com-a-medalha-de-campeao-do-Campeonato-Carioca-de-2025.webp\" alt=\"\" class=\"wp-image-240726\"\/><figcaption class=\"wp-element-caption\">Pedro posa para foto com a medalha de campe\u00e3o do Campeonato Carioca de 2025 (Foto: Gilvan de Souza\/Flamengo)<\/figcaption><\/figure>\n\n\n\n<p>O Flamengo, bicampe\u00e3o carioca, ter\u00e1 a oportunidade de receber das m\u00e3os dos atletas do Internacional as faixas que celebram sua conquista do Campeonato Carioca deste ano. O t\u00edtulo foi conquistado diante do Fluminense, um feito marcante para a equipe rubro-negra.&nbsp;<\/p>\n\n\n\n<p>Por sua vez, o Internacional, vencedor invicto do Campeonato Ga\u00facho de 2025, levantar\u00e1 o trof\u00e9u da competi\u00e7\u00e3o ao lado dos jogadores do Flamengo, em reconhecimento ao desempenho impec\u00e1vel contra o Gr\u00eamio.<\/p>\n\n\n\n<p>Sendo assim, a cerim\u00f4nia n\u00e3o se limita apenas ao reconhecimento das vit\u00f3rias, mas tamb\u00e9m \u00e0 reedi\u00e7\u00e3o de uma tradi\u00e7\u00e3o que tem o poder de unir os clubes antes de um dos maiores campeonatos do pa\u00eds.&nbsp;<\/p>\n\n\n\n<p>Esse gesto de respeito e admira\u00e7\u00e3o entre as equipes cria uma atmosfera positiva e refor\u00e7a o esp\u00edrito esportivo do futebol brasileiro.<\/p>\n\n\n\n<h2 class=\"wp-block-heading\" id=\"h-protocolo-da-partida\">Protocolo da partida<\/h2>\n\n\n\n<p>Cabe ressaltar que a cerim\u00f4nia ocorrer\u00e1 durante o protocolo oficial da partida, logo ap\u00f3s a entrada das equipes em campo. Com isso, antes do apito inicial, os torcedores poder\u00e3o vivenciar um momento de celebra\u00e7\u00e3o e respeito pelas conquistas recentes, colocando ainda mais emo\u00e7\u00e3o no aguardado duelo entre os dois gigantes.<\/p>\n\n\n\n<p>Vale destacar que, al\u00e9m da simb\u00f3lica troca de faixas, a expectativa \u00e9 grande para a estreia no Campeonato Brasileiro, com os dois times se preparando para um confronto de peso, que promete ser emocionante para quem acompanha o futebol nacional.&nbsp;<\/p>\n\n\n\n<p>A bola rola \u00e0s 21 horas, no Maracan\u00e3, e o clima est\u00e1 preparado para um jogo cheio de hist\u00f3ria.<\/p>\n","protected":false},"excerpt":{"rendered":"<p>O Campeonato Brasileiro 2025 come\u00e7a com um toque de tradi\u00e7\u00e3o, resgatando uma pr\u00e1tica que havia ficado um pouco esquecida nos \u00faltimos anos. Neste s\u00e1bado (29), antes da estreia entre Flamengo e Internacional, os jogadores das duas equipes participar\u00e3o de uma cerim\u00f4nia simb\u00f3lica que promete emocionar os torcedores presentes no Maracan\u00e3.&nbsp; O evento destaca conquistas recentes [&hellip;]<\/p>\n","protected":false},"author":25,"featured_media":124684,"comment_status":"open","ping_status":"closed","sticky":false,"template":"","format":"standard","meta":{"footnotes":""},"categories":[1],"tags":[],"class_list":["post-246100","post","type-post","status-publish","format-standard","has-post-thumbnail","hentry","category-flamengo"],"yoast_head":"<!-- This site is optimized with the Yoast SEO Premium plugin v24.2 (Yoast SEO v26.9) - https:\/\/yoast.com\/product\/yoast-seo-premium-wordpress\/ -->\n<title>Flamengo emite nota oficial sobre partida contra o Internacional<\/title>\n<meta name=\"robots\" content=\"index, follow, max-snippet:-1, max-image-preview:large, max-video-preview:-1\" \/>\n<link rel=\"canonical\" href=\"https:\/\/www.gaveanews.com\/index.php\/2025\/03\/28\/flamengo-emite-nota-oficial-sobre-partida-contra-o-internacional\/\" \/>\n<meta property=\"og:locale\" content=\"pt_BR\" \/>\n<meta property=\"og:type\" content=\"article\" \/>\n<meta property=\"og:title\" content=\"Flamengo emite nota oficial sobre partida contra o Internacional\" \/>\n<meta property=\"og:description\" content=\"O Campeonato Brasileiro 2025 come\u00e7a com um toque de tradi\u00e7\u00e3o, resgatando uma pr\u00e1tica que havia ficado um pouco esquecida nos \u00faltimos anos. Neste s\u00e1bado (29), antes da estreia entre Flamengo e Internacional, os jogadores das duas equipes participar\u00e3o de uma cerim\u00f4nia simb\u00f3lica que promete emocionar os torcedores presentes no Maracan\u00e3.&nbsp; O evento destaca conquistas recentes [&hellip;]\" \/>\n<meta property=\"og:url\" content=\"https:\/\/www.gaveanews.com\/index.php\/2025\/03\/28\/flamengo-emite-nota-oficial-sobre-partida-contra-o-internacional\/\" \/>\n<meta property=\"og:site_name\" content=\"G\u00e1vea News\" \/>\n<meta property=\"article:publisher\" content=\"https:\/\/facebook.com\/gaveaNews\/\" \/>\n<meta property=\"article:published_time\" content=\"2025-03-28T20:55:00+00:00\" \/>\n<meta property=\"og:image\" content=\"https:\/\/www.gaveanews.com\/wp-content\/uploads\/escudoDoFlamengo.webp\" \/>\n\t<meta property=\"og:image:width\" content=\"1095\" \/>\n\t<meta property=\"og:image:height\" content=\"730\" \/>\n\t<meta property=\"og:image:type\" content=\"image\/webp\" \/>\n<meta name=\"author\" content=\"Rafaela Ladeira\" \/>\n<meta name=\"twitter:card\" content=\"summary_large_image\" \/>\n<meta name=\"twitter:label1\" content=\"Escrito por\" \/>\n\t<meta name=\"twitter:data1\" content=\"Rafaela Ladeira\" \/>\n\t<meta name=\"twitter:label2\" content=\"Est. tempo de leitura\" \/>\n\t<meta name=\"twitter:data2\" content=\"3 minutos\" \/>\n<script type=\"application\/ld+json\" class=\"yoast-schema-graph\">{\"@context\":\"https:\/\/schema.org\",\"@graph\":[{\"@type\":\"NewsArticle\",\"@id\":\"https:\/\/www.gaveanews.com\/index.php\/2025\/03\/28\/flamengo-emite-nota-oficial-sobre-partida-contra-o-internacional\/#article\",\"isPartOf\":{\"@id\":\"https:\/\/www.gaveanews.com\/index.php\/2025\/03\/28\/flamengo-emite-nota-oficial-sobre-partida-contra-o-internacional\/\"},\"author\":{\"name\":\"Rafaela Ladeira\",\"@id\":\"https:\/\/www.gaveanews.com\/#\/schema\/person\/0eb3e3fe1754f0205218538adbe8f5ed\"},\"headline\":\"Flamengo emite nota oficial sobre partida contra o Internacional\",\"datePublished\":\"2025-03-28T20:55:00+00:00\",\"mainEntityOfPage\":{\"@id\":\"https:\/\/www.gaveanews.com\/index.php\/2025\/03\/28\/flamengo-emite-nota-oficial-sobre-partida-contra-o-internacional\/\"},\"wordCount\":375,\"commentCount\":0,\"image\":{\"@id\":\"https:\/\/www.gaveanews.com\/index.php\/2025\/03\/28\/flamengo-emite-nota-oficial-sobre-partida-contra-o-internacional\/#primaryimage\"},\"thumbnailUrl\":\"https:\/\/www.gaveanews.com\/wp-content\/uploads\/escudoDoFlamengo.webp\",\"articleSection\":[\"Flamengo\"],\"inLanguage\":\"pt-BR\",\"potentialAction\":[{\"@type\":\"CommentAction\",\"name\":\"Comment\",\"target\":[\"https:\/\/www.gaveanews.com\/index.php\/2025\/03\/28\/flamengo-emite-nota-oficial-sobre-partida-contra-o-internacional\/#respond\"]}],\"copyrightYear\":\"2025\",\"copyrightHolder\":{\"@id\":\"https:\/\/www.gaveanews.com\/#organization\"}},{\"@type\":\"WebPage\",\"@id\":\"https:\/\/www.gaveanews.com\/index.php\/2025\/03\/28\/flamengo-emite-nota-oficial-sobre-partida-contra-o-internacional\/\",\"url\":\"https:\/\/www.gaveanews.com\/index.php\/2025\/03\/28\/flamengo-emite-nota-oficial-sobre-partida-contra-o-internacional\/\",\"name\":\"Flamengo emite nota oficial sobre partida contra o Internacional\",\"isPartOf\":{\"@id\":\"https:\/\/www.gaveanews.com\/#website\"},\"primaryImageOfPage\":{\"@id\":\"https:\/\/www.gaveanews.com\/index.php\/2025\/03\/28\/flamengo-emite-nota-oficial-sobre-partida-contra-o-internacional\/#primaryimage\"},\"image\":{\"@id\":\"https:\/\/www.gaveanews.com\/index.php\/2025\/03\/28\/flamengo-emite-nota-oficial-sobre-partida-contra-o-internacional\/#primaryimage\"},\"thumbnailUrl\":\"https:\/\/www.gaveanews.com\/wp-content\/uploads\/escudoDoFlamengo.webp\",\"datePublished\":\"2025-03-28T20:55:00+00:00\",\"author\":{\"@id\":\"https:\/\/www.gaveanews.com\/#\/schema\/person\/0eb3e3fe1754f0205218538adbe8f5ed\"},\"breadcrumb\":{\"@id\":\"https:\/\/www.gaveanews.com\/index.php\/2025\/03\/28\/flamengo-emite-nota-oficial-sobre-partida-contra-o-internacional\/#breadcrumb\"},\"inLanguage\":\"pt-BR\",\"potentialAction\":[{\"@type\":\"ReadAction\",\"target\":[\"https:\/\/www.gaveanews.com\/index.php\/2025\/03\/28\/flamengo-emite-nota-oficial-sobre-partida-contra-o-internacional\/\"]}]},{\"@type\":\"ImageObject\",\"inLanguage\":\"pt-BR\",\"@id\":\"https:\/\/www.gaveanews.com\/index.php\/2025\/03\/28\/flamengo-emite-nota-oficial-sobre-partida-contra-o-internacional\/#primaryimage\",\"url\":\"https:\/\/www.gaveanews.com\/wp-content\/uploads\/escudoDoFlamengo.webp\",\"contentUrl\":\"https:\/\/www.gaveanews.com\/wp-content\/uploads\/escudoDoFlamengo.webp\",\"width\":1095,\"height\":730,\"caption\":\"Centro de treinamento do Flamengo (Foto: Reprodu\u00e7\u00e3o)\"},{\"@type\":\"BreadcrumbList\",\"@id\":\"https:\/\/www.gaveanews.com\/index.php\/2025\/03\/28\/flamengo-emite-nota-oficial-sobre-partida-contra-o-internacional\/#breadcrumb\",\"itemListElement\":[{\"@type\":\"ListItem\",\"position\":1,\"name\":\"Home\",\"item\":\"https:\/\/www.gaveanews.com\/\"},{\"@type\":\"ListItem\",\"position\":2,\"name\":\"Flamengo emite nota oficial sobre partida contra o Internacional\"}]},{\"@type\":\"WebSite\",\"@id\":\"https:\/\/www.gaveanews.com\/#website\",\"url\":\"https:\/\/www.gaveanews.com\/\",\"name\":\"G\u00e1vea News\",\"description\":\"Veja todas as not\u00edcias sobre o Flamengo: Contrata\u00e7\u00f5es, categorias de base, resultados das partidas, tabela de classifica\u00e7\u00e3o, pr\u00f3ximos jogos!\",\"potentialAction\":[{\"@type\":\"SearchAction\",\"target\":{\"@type\":\"EntryPoint\",\"urlTemplate\":\"https:\/\/www.gaveanews.com\/?s={search_term_string}\"},\"query-input\":{\"@type\":\"PropertyValueSpecification\",\"valueRequired\":true,\"valueName\":\"search_term_string\"}}],\"inLanguage\":\"pt-BR\"},{\"@type\":\"Person\",\"@id\":\"https:\/\/www.gaveanews.com\/#\/schema\/person\/0eb3e3fe1754f0205218538adbe8f5ed\",\"name\":\"Rafaela Ladeira\",\"image\":{\"@type\":\"ImageObject\",\"inLanguage\":\"pt-BR\",\"@id\":\"https:\/\/www.gaveanews.com\/#\/schema\/person\/image\/\",\"url\":\"https:\/\/secure.gravatar.com\/avatar\/c31f513acffd85eacab5730cbdfdbbf59f21ba5aeada8cd890acea879fbb2455?s=96&d=mm&r=g\",\"contentUrl\":\"https:\/\/secure.gravatar.com\/avatar\/c31f513acffd85eacab5730cbdfdbbf59f21ba5aeada8cd890acea879fbb2455?s=96&d=mm&r=g\",\"caption\":\"Rafaela Ladeira\"}}]}<\/script>\n<!-- \/ Yoast SEO Premium plugin. -->","yoast_head_json":{"title":"Flamengo emite nota oficial sobre partida contra o Internacional","robots":{"index":"index","follow":"follow","max-snippet":"max-snippet:-1","max-image-preview":"max-image-preview:large","max-video-preview":"max-video-preview:-1"},"canonical":"https:\/\/www.gaveanews.com\/index.php\/2025\/03\/28\/flamengo-emite-nota-oficial-sobre-partida-contra-o-internacional\/","og_locale":"pt_BR","og_type":"article","og_title":"Flamengo emite nota oficial sobre partida contra o Internacional","og_description":"O Campeonato Brasileiro 2025 come\u00e7a com um toque de tradi\u00e7\u00e3o, resgatando uma pr\u00e1tica que havia ficado um pouco esquecida nos \u00faltimos anos. Neste s\u00e1bado (29), antes da estreia entre Flamengo e Internacional, os jogadores das duas equipes participar\u00e3o de uma cerim\u00f4nia simb\u00f3lica que promete emocionar os torcedores presentes no Maracan\u00e3.&nbsp; O evento destaca conquistas recentes [&hellip;]","og_url":"https:\/\/www.gaveanews.com\/index.php\/2025\/03\/28\/flamengo-emite-nota-oficial-sobre-partida-contra-o-internacional\/","og_site_name":"G\u00e1vea News","article_publisher":"https:\/\/facebook.com\/gaveaNews\/","article_published_time":"2025-03-28T20:55:00+00:00","og_image":[{"width":1095,"height":730,"url":"https:\/\/www.gaveanews.com\/wp-content\/uploads\/escudoDoFlamengo.webp","type":"image\/webp"}],"author":"Rafaela Ladeira","twitter_card":"summary_large_image","twitter_misc":{"Escrito por":"Rafaela Ladeira","Est. tempo de leitura":"3 minutos"},"schema":{"@context":"https:\/\/schema.org","@graph":[{"@type":"NewsArticle","@id":"https:\/\/www.gaveanews.com\/index.php\/2025\/03\/28\/flamengo-emite-nota-oficial-sobre-partida-contra-o-internacional\/#article","isPartOf":{"@id":"https:\/\/www.gaveanews.com\/index.php\/2025\/03\/28\/flamengo-emite-nota-oficial-sobre-partida-contra-o-internacional\/"},"author":{"name":"Rafaela Ladeira","@id":"https:\/\/www.gaveanews.com\/#\/schema\/person\/0eb3e3fe1754f0205218538adbe8f5ed"},"headline":"Flamengo emite nota oficial sobre partida contra o Internacional","datePublished":"2025-03-28T20:55:00+00:00","mainEntityOfPage":{"@id":"https:\/\/www.gaveanews.com\/index.php\/2025\/03\/28\/flamengo-emite-nota-oficial-sobre-partida-contra-o-internacional\/"},"wordCount":375,"commentCount":0,"image":{"@id":"https:\/\/www.gaveanews.com\/index.php\/2025\/03\/28\/flamengo-emite-nota-oficial-sobre-partida-contra-o-internacional\/#primaryimage"},"thumbnailUrl":"https:\/\/www.gaveanews.com\/wp-content\/uploads\/escudoDoFlamengo.webp","articleSection":["Flamengo"],"inLanguage":"pt-BR","potentialAction":[{"@type":"CommentAction","name":"Comment","target":["https:\/\/www.gaveanews.com\/index.php\/2025\/03\/28\/flamengo-emite-nota-oficial-sobre-partida-contra-o-internacional\/#respond"]}],"copyrightYear":"2025","copyrightHolder":{"@id":"https:\/\/www.gaveanews.com\/#organization"}},{"@type":"WebPage","@id":"https:\/\/www.gaveanews.com\/index.php\/2025\/03\/28\/flamengo-emite-nota-oficial-sobre-partida-contra-o-internacional\/","url":"https:\/\/www.gaveanews.com\/index.php\/2025\/03\/28\/flamengo-emite-nota-oficial-sobre-partida-contra-o-internacional\/","name":"Flamengo emite nota oficial sobre partida contra o Internacional","isPartOf":{"@id":"https:\/\/www.gaveanews.com\/#website"},"primaryImageOfPage":{"@id":"https:\/\/www.gaveanews.com\/index.php\/2025\/03\/28\/flamengo-emite-nota-oficial-sobre-partida-contra-o-internacional\/#primaryimage"},"image":{"@id":"https:\/\/www.gaveanews.com\/index.php\/2025\/03\/28\/flamengo-emite-nota-oficial-sobre-partida-contra-o-internacional\/#primaryimage"},"thumbnailUrl":"https:\/\/www.gaveanews.com\/wp-content\/uploads\/escudoDoFlamengo.webp","datePublished":"2025-03-28T20:55:00+00:00","author":{"@id":"https:\/\/www.gaveanews.com\/#\/schema\/person\/0eb3e3fe1754f0205218538adbe8f5ed"},"breadcrumb":{"@id":"https:\/\/www.gaveanews.com\/index.php\/2025\/03\/28\/flamengo-emite-nota-oficial-sobre-partida-contra-o-internacional\/#breadcrumb"},"inLanguage":"pt-BR","potentialAction":[{"@type":"ReadAction","target":["https:\/\/www.gaveanews.com\/index.php\/2025\/03\/28\/flamengo-emite-nota-oficial-sobre-partida-contra-o-internacional\/"]}]},{"@type":"ImageObject","inLanguage":"pt-BR","@id":"https:\/\/www.gaveanews.com\/index.php\/2025\/03\/28\/flamengo-emite-nota-oficial-sobre-partida-contra-o-internacional\/#primaryimage","url":"https:\/\/www.gaveanews.com\/wp-content\/uploads\/escudoDoFlamengo.webp","contentUrl":"https:\/\/www.gaveanews.com\/wp-content\/uploads\/escudoDoFlamengo.webp","width":1095,"height":730,"caption":"Centro de treinamento do Flamengo (Foto: Reprodu\u00e7\u00e3o)"},{"@type":"BreadcrumbList","@id":"https:\/\/www.gaveanews.com\/index.php\/2025\/03\/28\/flamengo-emite-nota-oficial-sobre-partida-contra-o-internacional\/#breadcrumb","itemListElement":[{"@type":"ListItem","position":1,"name":"Home","item":"https:\/\/www.gaveanews.com\/"},{"@type":"ListItem","position":2,"name":"Flamengo emite nota oficial sobre partida contra o Internacional"}]},{"@type":"WebSite","@id":"https:\/\/www.gaveanews.com\/#website","url":"https:\/\/www.gaveanews.com\/","name":"G\u00e1vea News","description":"Veja todas as not\u00edcias sobre o Flamengo: Contrata\u00e7\u00f5es, categorias de base, resultados das partidas, tabela de classifica\u00e7\u00e3o, pr\u00f3ximos jogos!","potentialAction":[{"@type":"SearchAction","target":{"@type":"EntryPoint","urlTemplate":"https:\/\/www.gaveanews.com\/?s={search_term_string}"},"query-input":{"@type":"PropertyValueSpecification","valueRequired":true,"valueName":"search_term_string"}}],"inLanguage":"pt-BR"},{"@type":"Person","@id":"https:\/\/www.gaveanews.com\/#\/schema\/person\/0eb3e3fe1754f0205218538adbe8f5ed","name":"Rafaela Ladeira","image":{"@type":"ImageObject","inLanguage":"pt-BR","@id":"https:\/\/www.gaveanews.com\/#\/schema\/person\/image\/","url":"https:\/\/secure.gravatar.com\/avatar\/c31f513acffd85eacab5730cbdfdbbf59f21ba5aeada8cd890acea879fbb2455?s=96&d=mm&r=g","contentUrl":"https:\/\/secure.gravatar.com\/avatar\/c31f513acffd85eacab5730cbdfdbbf59f21ba5aeada8cd890acea879fbb2455?s=96&d=mm&r=g","caption":"Rafaela Ladeira"}}]}},"_links":{"self":[{"href":"https:\/\/www.gaveanews.com\/index.php\/wp-json\/wp\/v2\/posts\/246100","targetHints":{"allow":["GET"]}}],"collection":[{"href":"https:\/\/www.gaveanews.com\/index.php\/wp-json\/wp\/v2\/posts"}],"about":[{"href":"https:\/\/www.gaveanews.com\/index.php\/wp-json\/wp\/v2\/types\/post"}],"author":[{"embeddable":true,"href":"https:\/\/www.gaveanews.com\/index.php\/wp-json\/wp\/v2\/users\/25"}],"replies":[{"embeddable":true,"href":"https:\/\/www.gaveanews.com\/index.php\/wp-json\/wp\/v2\/comments?post=246100"}],"version-history":[{"count":1,"href":"https:\/\/www.gaveanews.com\/index.php\/wp-json\/wp\/v2\/posts\/246100\/revisions"}],"predecessor-version":[{"id":246102,"href":"https:\/\/www.gaveanews.com\/index.php\/wp-json\/wp\/v2\/posts\/246100\/revisions\/246102"}],"wp:featuredmedia":[{"embeddable":true,"href":"https:\/\/www.gaveanews.com\/index.php\/wp-json\/wp\/v2\/media\/124684"}],"wp:attachment":[{"href":"https:\/\/www.gaveanews.com\/index.php\/wp-json\/wp\/v2\/media?parent=246100"}],"wp:term":[{"taxonomy":"category","embeddable":true,"href":"https:\/\/www.gaveanews.com\/index.php\/wp-json\/wp\/v2\/categories?post=246100"},{"taxonomy":"post_tag","embeddable":true,"href":"https:\/\/www.gaveanews.com\/index.php\/wp-json\/wp\/v2\/tags?post=246100"}],"curies":[{"name":"wp","href":"https:\/\/api.w.org\/{rel}","templated":true}]}}