{"id":246122,"date":"2025-03-28T18:50:00","date_gmt":"2025-03-28T21:50:00","guid":{"rendered":"https:\/\/www.gaveanews.com\/?p=246122"},"modified":"2025-03-28T16:34:43","modified_gmt":"2025-03-28T19:34:43","slug":"vasco-x-santos-a-declaracao-de-vegetti-direcionada-a-neymar","status":"publish","type":"post","link":"https:\/\/www.gaveanews.com\/index.php\/2025\/03\/28\/vasco-x-santos-a-declaracao-de-vegetti-direcionada-a-neymar\/","title":{"rendered":"Vasco x Santos: a declara\u00e7\u00e3o de Vegetti direcionada a Neymar"},"content":{"rendered":"\n<p>O Campeonato Carioca trouxe grandes destaques para o Vasco da Gama, e um dos principais nomes foi o artilheiro Pablo Vegetti. Ele dividiu o pr\u00eamio de melhor atacante do Carioca com outros dois grandes nomes da competi\u00e7\u00e3o: Cano (Fluminense) e Bruno Henrique (Flamengo).&nbsp;<\/p>\n\n\n\n<p>Durante a premia\u00e7\u00e3o, o jogador teve a oportunidade de conversar com a imprensa e projetar os pr\u00f3ximos desafios da equipe, incluindo a estreia no Campeonato Brasileiro e a participa\u00e7\u00e3o na Copa Sul-Americana.<\/p>\n\n\n\n<h2 class=\"wp-block-heading\" id=\"h-vegetti-comenta-sobre-neymar-fora-do-jogo-contra-o-santos\">Vegetti comenta sobre Neymar fora do jogo contra o Santos<\/h2>\n\n\n\n<figure class=\"wp-block-image size-full\"><img loading=\"lazy\" decoding=\"async\" width=\"900\" height=\"600\" src=\"http:\/\/www.gaveanews.com\/wp-content\/uploads\/Neymar-em-acao-com-a-camisa-do-Santos-em-2025.webp\" alt=\"\" class=\"wp-image-244445\"\/><figcaption class=\"wp-element-caption\">Neymar em a\u00e7\u00e3o com a camisa do Santos em 2025 (Fotos: Raul Baretta\/ Santos FC)<\/figcaption><\/figure>\n\n\n\n<p>A grande aus\u00eancia para a estreia do Vasco no Brasileir\u00e3o, contra o Santos, \u00e9 a de Neymar, confirmado como desfalque para a partida. Questionado sobre o impacto dessa aus\u00eancia, Vegetti n\u00e3o escondeu a import\u00e2ncia de Neymar para o jogo, mas refor\u00e7ou a necessidade de foco total no time vasca\u00edno.&nbsp;<\/p>\n\n\n\n<p>&#8220;\u00c9 muito importante, muito importante (Neymar fora), mas temos que pensar em n\u00f3s sempre&#8221;, afirmou o atacante argentino, mostrando que, apesar da aus\u00eancia de um grande nome, o time precisa se concentrar nos seus pr\u00f3prios objetivos.<\/p>\n\n\n\n<h2 class=\"wp-block-heading\" id=\"h-a-sul-americana-e-meta-importante-para-o-vasco\">A Sul-Americana \u00e9 meta importante para o Vasco<\/h2>\n\n\n\n<p>Al\u00e9m do Campeonato Brasileiro, o Vasco tamb\u00e9m tem como objetivo a Copa Sul-Americana. Para Vegetti, essa competi\u00e7\u00e3o internacional representa uma das prioridades do clube nesta temporada.&nbsp;<\/p>\n\n\n\n<p>&#8220;A gente tem que melhorar todo ano. Vamos brigar por alguma ta\u00e7a. Ano passado nos classificamos para uma ta\u00e7a internacional, vamos disputar a Sul-Americana esse ano, \u00e9 um objetivo que temos muito importante&#8221;, disse ele.&nbsp;<\/p>\n\n\n\n<h2 class=\"wp-block-heading\" id=\"h-proximos-desafios\">Pr\u00f3ximos desafios<\/h2>\n\n\n\n<p>Dessa maneira, a temporada do Vasco se desenha com grandes desafios pela frente. Ap\u00f3s a estreia no Brasileir\u00e3o contra o Santos, o time de S\u00e3o Janu\u00e1rio viaja para o Peru, onde enfrentar\u00e1 o Melgar pela primeira rodada da fase de grupos da Copa Sul-Americana.&nbsp;<\/p>\n\n\n\n<p>A chave tamb\u00e9m conta com os times da Academia Puerto Cabello e Lan\u00fas, advers\u00e1rios que o Vasco precisa superar para avan\u00e7ar na competi\u00e7\u00e3o. Vale destacar que, no ano passado, Vegetti ficou muito pr\u00f3ximo da artilharia do Campeonato Brasileiro, e o atacante v\u00ea cada gol como essencial para o progresso do clube.<\/p>\n\n\n\n<p>Com isso, o Vasco segue sua prepara\u00e7\u00e3o para um ano cheio de desafios, buscando evolu\u00e7\u00e3o tanto no Brasileir\u00e3o quanto na Sul-Americana, com a certeza de que o time de S\u00e3o Janu\u00e1rio tem plenas condi\u00e7\u00f5es de brigar por grandes conquistas.<\/p>\n","protected":false},"excerpt":{"rendered":"<p>O Campeonato Carioca trouxe grandes destaques para o Vasco da Gama, e um dos principais nomes foi o artilheiro Pablo Vegetti. Ele dividiu o pr\u00eamio de melhor atacante do Carioca com outros dois grandes nomes da competi\u00e7\u00e3o: Cano (Fluminense) e Bruno Henrique (Flamengo).&nbsp; Durante a premia\u00e7\u00e3o, o jogador teve a oportunidade de conversar com a [&hellip;]<\/p>\n","protected":false},"author":25,"featured_media":146070,"comment_status":"open","ping_status":"closed","sticky":false,"template":"","format":"standard","meta":{"footnotes":""},"categories":[152],"tags":[],"class_list":["post-246122","post","type-post","status-publish","format-standard","has-post-thumbnail","hentry","category-vasco"],"yoast_head":"<!-- This site is optimized with the Yoast SEO Premium plugin v24.2 (Yoast SEO v26.9) - https:\/\/yoast.com\/product\/yoast-seo-premium-wordpress\/ -->\n<title>Vasco x Santos: a declara\u00e7\u00e3o de Vegetti direcionada a Neymar<\/title>\n<meta name=\"robots\" content=\"index, follow, max-snippet:-1, max-image-preview:large, max-video-preview:-1\" \/>\n<link rel=\"canonical\" href=\"https:\/\/www.gaveanews.com\/index.php\/2025\/03\/28\/vasco-x-santos-a-declaracao-de-vegetti-direcionada-a-neymar\/\" \/>\n<meta property=\"og:locale\" content=\"pt_BR\" \/>\n<meta property=\"og:type\" content=\"article\" \/>\n<meta property=\"og:title\" content=\"Vasco x Santos: a declara\u00e7\u00e3o de Vegetti direcionada a Neymar\" \/>\n<meta property=\"og:description\" content=\"O Campeonato Carioca trouxe grandes destaques para o Vasco da Gama, e um dos principais nomes foi o artilheiro Pablo Vegetti. Ele dividiu o pr\u00eamio de melhor atacante do Carioca com outros dois grandes nomes da competi\u00e7\u00e3o: Cano (Fluminense) e Bruno Henrique (Flamengo).&nbsp; Durante a premia\u00e7\u00e3o, o jogador teve a oportunidade de conversar com a [&hellip;]\" \/>\n<meta property=\"og:url\" content=\"https:\/\/www.gaveanews.com\/index.php\/2025\/03\/28\/vasco-x-santos-a-declaracao-de-vegetti-direcionada-a-neymar\/\" \/>\n<meta property=\"og:site_name\" content=\"G\u00e1vea News\" \/>\n<meta property=\"article:publisher\" content=\"https:\/\/facebook.com\/gaveaNews\/\" \/>\n<meta property=\"article:published_time\" content=\"2025-03-28T21:50:00+00:00\" \/>\n<meta name=\"author\" content=\"Rafaela Ladeira\" \/>\n<meta name=\"twitter:card\" content=\"summary_large_image\" \/>\n<meta name=\"twitter:label1\" content=\"Escrito por\" \/>\n\t<meta name=\"twitter:data1\" content=\"Rafaela Ladeira\" \/>\n\t<meta name=\"twitter:label2\" content=\"Est. tempo de leitura\" \/>\n\t<meta name=\"twitter:data2\" content=\"3 minutos\" \/>\n<script type=\"application\/ld+json\" class=\"yoast-schema-graph\">{\"@context\":\"https:\/\/schema.org\",\"@graph\":[{\"@type\":\"NewsArticle\",\"@id\":\"https:\/\/www.gaveanews.com\/index.php\/2025\/03\/28\/vasco-x-santos-a-declaracao-de-vegetti-direcionada-a-neymar\/#article\",\"isPartOf\":{\"@id\":\"https:\/\/www.gaveanews.com\/index.php\/2025\/03\/28\/vasco-x-santos-a-declaracao-de-vegetti-direcionada-a-neymar\/\"},\"author\":{\"name\":\"Rafaela Ladeira\",\"@id\":\"https:\/\/www.gaveanews.com\/#\/schema\/person\/0eb3e3fe1754f0205218538adbe8f5ed\"},\"headline\":\"Vasco x Santos: a declara\u00e7\u00e3o de Vegetti direcionada a Neymar\",\"datePublished\":\"2025-03-28T21:50:00+00:00\",\"mainEntityOfPage\":{\"@id\":\"https:\/\/www.gaveanews.com\/index.php\/2025\/03\/28\/vasco-x-santos-a-declaracao-de-vegetti-direcionada-a-neymar\/\"},\"wordCount\":439,\"commentCount\":0,\"image\":{\"@id\":\"https:\/\/www.gaveanews.com\/index.php\/2025\/03\/28\/vasco-x-santos-a-declaracao-de-vegetti-direcionada-a-neymar\/#primaryimage\"},\"thumbnailUrl\":\"https:\/\/www.gaveanews.com\/wp-content\/uploads\/Pablo-Vegetti-em-acao-pelo-Vasco.avif\",\"articleSection\":[\"Vasco\"],\"inLanguage\":\"pt-BR\",\"potentialAction\":[{\"@type\":\"CommentAction\",\"name\":\"Comment\",\"target\":[\"https:\/\/www.gaveanews.com\/index.php\/2025\/03\/28\/vasco-x-santos-a-declaracao-de-vegetti-direcionada-a-neymar\/#respond\"]}],\"copyrightYear\":\"2025\",\"copyrightHolder\":{\"@id\":\"https:\/\/www.gaveanews.com\/#organization\"}},{\"@type\":\"WebPage\",\"@id\":\"https:\/\/www.gaveanews.com\/index.php\/2025\/03\/28\/vasco-x-santos-a-declaracao-de-vegetti-direcionada-a-neymar\/\",\"url\":\"https:\/\/www.gaveanews.com\/index.php\/2025\/03\/28\/vasco-x-santos-a-declaracao-de-vegetti-direcionada-a-neymar\/\",\"name\":\"Vasco x Santos: a declara\u00e7\u00e3o de Vegetti direcionada a Neymar\",\"isPartOf\":{\"@id\":\"https:\/\/www.gaveanews.com\/#website\"},\"primaryImageOfPage\":{\"@id\":\"https:\/\/www.gaveanews.com\/index.php\/2025\/03\/28\/vasco-x-santos-a-declaracao-de-vegetti-direcionada-a-neymar\/#primaryimage\"},\"image\":{\"@id\":\"https:\/\/www.gaveanews.com\/index.php\/2025\/03\/28\/vasco-x-santos-a-declaracao-de-vegetti-direcionada-a-neymar\/#primaryimage\"},\"thumbnailUrl\":\"https:\/\/www.gaveanews.com\/wp-content\/uploads\/Pablo-Vegetti-em-acao-pelo-Vasco.avif\",\"datePublished\":\"2025-03-28T21:50:00+00:00\",\"author\":{\"@id\":\"https:\/\/www.gaveanews.com\/#\/schema\/person\/0eb3e3fe1754f0205218538adbe8f5ed\"},\"breadcrumb\":{\"@id\":\"https:\/\/www.gaveanews.com\/index.php\/2025\/03\/28\/vasco-x-santos-a-declaracao-de-vegetti-direcionada-a-neymar\/#breadcrumb\"},\"inLanguage\":\"pt-BR\",\"potentialAction\":[{\"@type\":\"ReadAction\",\"target\":[\"https:\/\/www.gaveanews.com\/index.php\/2025\/03\/28\/vasco-x-santos-a-declaracao-de-vegetti-direcionada-a-neymar\/\"]}]},{\"@type\":\"ImageObject\",\"inLanguage\":\"pt-BR\",\"@id\":\"https:\/\/www.gaveanews.com\/index.php\/2025\/03\/28\/vasco-x-santos-a-declaracao-de-vegetti-direcionada-a-neymar\/#primaryimage\",\"url\":\"https:\/\/www.gaveanews.com\/wp-content\/uploads\/Pablo-Vegetti-em-acao-pelo-Vasco.avif\",\"contentUrl\":\"https:\/\/www.gaveanews.com\/wp-content\/uploads\/Pablo-Vegetti-em-acao-pelo-Vasco.avif\",\"width\":900,\"height\":600,\"caption\":\"Pablo Vegetti em a\u00e7\u00e3o pelo Vasco (Foto: Leandro Amorim\/Vasco)\"},{\"@type\":\"BreadcrumbList\",\"@id\":\"https:\/\/www.gaveanews.com\/index.php\/2025\/03\/28\/vasco-x-santos-a-declaracao-de-vegetti-direcionada-a-neymar\/#breadcrumb\",\"itemListElement\":[{\"@type\":\"ListItem\",\"position\":1,\"name\":\"Home\",\"item\":\"https:\/\/www.gaveanews.com\/\"},{\"@type\":\"ListItem\",\"position\":2,\"name\":\"Vasco x Santos: a declara\u00e7\u00e3o de Vegetti direcionada a Neymar\"}]},{\"@type\":\"WebSite\",\"@id\":\"https:\/\/www.gaveanews.com\/#website\",\"url\":\"https:\/\/www.gaveanews.com\/\",\"name\":\"G\u00e1vea News\",\"description\":\"Veja todas as not\u00edcias sobre o Flamengo: Contrata\u00e7\u00f5es, categorias de base, resultados das partidas, tabela de classifica\u00e7\u00e3o, pr\u00f3ximos jogos!\",\"potentialAction\":[{\"@type\":\"SearchAction\",\"target\":{\"@type\":\"EntryPoint\",\"urlTemplate\":\"https:\/\/www.gaveanews.com\/?s={search_term_string}\"},\"query-input\":{\"@type\":\"PropertyValueSpecification\",\"valueRequired\":true,\"valueName\":\"search_term_string\"}}],\"inLanguage\":\"pt-BR\"},{\"@type\":\"Person\",\"@id\":\"https:\/\/www.gaveanews.com\/#\/schema\/person\/0eb3e3fe1754f0205218538adbe8f5ed\",\"name\":\"Rafaela Ladeira\",\"image\":{\"@type\":\"ImageObject\",\"inLanguage\":\"pt-BR\",\"@id\":\"https:\/\/www.gaveanews.com\/#\/schema\/person\/image\/\",\"url\":\"https:\/\/secure.gravatar.com\/avatar\/c31f513acffd85eacab5730cbdfdbbf59f21ba5aeada8cd890acea879fbb2455?s=96&d=mm&r=g\",\"contentUrl\":\"https:\/\/secure.gravatar.com\/avatar\/c31f513acffd85eacab5730cbdfdbbf59f21ba5aeada8cd890acea879fbb2455?s=96&d=mm&r=g\",\"caption\":\"Rafaela Ladeira\"}}]}<\/script>\n<!-- \/ Yoast SEO Premium plugin. -->","yoast_head_json":{"title":"Vasco x Santos: a declara\u00e7\u00e3o de Vegetti direcionada a Neymar","robots":{"index":"index","follow":"follow","max-snippet":"max-snippet:-1","max-image-preview":"max-image-preview:large","max-video-preview":"max-video-preview:-1"},"canonical":"https:\/\/www.gaveanews.com\/index.php\/2025\/03\/28\/vasco-x-santos-a-declaracao-de-vegetti-direcionada-a-neymar\/","og_locale":"pt_BR","og_type":"article","og_title":"Vasco x Santos: a declara\u00e7\u00e3o de Vegetti direcionada a Neymar","og_description":"O Campeonato Carioca trouxe grandes destaques para o Vasco da Gama, e um dos principais nomes foi o artilheiro Pablo Vegetti. Ele dividiu o pr\u00eamio de melhor atacante do Carioca com outros dois grandes nomes da competi\u00e7\u00e3o: Cano (Fluminense) e Bruno Henrique (Flamengo).&nbsp; Durante a premia\u00e7\u00e3o, o jogador teve a oportunidade de conversar com a [&hellip;]","og_url":"https:\/\/www.gaveanews.com\/index.php\/2025\/03\/28\/vasco-x-santos-a-declaracao-de-vegetti-direcionada-a-neymar\/","og_site_name":"G\u00e1vea News","article_publisher":"https:\/\/facebook.com\/gaveaNews\/","article_published_time":"2025-03-28T21:50:00+00:00","author":"Rafaela Ladeira","twitter_card":"summary_large_image","twitter_misc":{"Escrito por":"Rafaela Ladeira","Est. tempo de leitura":"3 minutos"},"schema":{"@context":"https:\/\/schema.org","@graph":[{"@type":"NewsArticle","@id":"https:\/\/www.gaveanews.com\/index.php\/2025\/03\/28\/vasco-x-santos-a-declaracao-de-vegetti-direcionada-a-neymar\/#article","isPartOf":{"@id":"https:\/\/www.gaveanews.com\/index.php\/2025\/03\/28\/vasco-x-santos-a-declaracao-de-vegetti-direcionada-a-neymar\/"},"author":{"name":"Rafaela Ladeira","@id":"https:\/\/www.gaveanews.com\/#\/schema\/person\/0eb3e3fe1754f0205218538adbe8f5ed"},"headline":"Vasco x Santos: a declara\u00e7\u00e3o de Vegetti direcionada a Neymar","datePublished":"2025-03-28T21:50:00+00:00","mainEntityOfPage":{"@id":"https:\/\/www.gaveanews.com\/index.php\/2025\/03\/28\/vasco-x-santos-a-declaracao-de-vegetti-direcionada-a-neymar\/"},"wordCount":439,"commentCount":0,"image":{"@id":"https:\/\/www.gaveanews.com\/index.php\/2025\/03\/28\/vasco-x-santos-a-declaracao-de-vegetti-direcionada-a-neymar\/#primaryimage"},"thumbnailUrl":"https:\/\/www.gaveanews.com\/wp-content\/uploads\/Pablo-Vegetti-em-acao-pelo-Vasco.avif","articleSection":["Vasco"],"inLanguage":"pt-BR","potentialAction":[{"@type":"CommentAction","name":"Comment","target":["https:\/\/www.gaveanews.com\/index.php\/2025\/03\/28\/vasco-x-santos-a-declaracao-de-vegetti-direcionada-a-neymar\/#respond"]}],"copyrightYear":"2025","copyrightHolder":{"@id":"https:\/\/www.gaveanews.com\/#organization"}},{"@type":"WebPage","@id":"https:\/\/www.gaveanews.com\/index.php\/2025\/03\/28\/vasco-x-santos-a-declaracao-de-vegetti-direcionada-a-neymar\/","url":"https:\/\/www.gaveanews.com\/index.php\/2025\/03\/28\/vasco-x-santos-a-declaracao-de-vegetti-direcionada-a-neymar\/","name":"Vasco x Santos: a declara\u00e7\u00e3o de Vegetti direcionada a Neymar","isPartOf":{"@id":"https:\/\/www.gaveanews.com\/#website"},"primaryImageOfPage":{"@id":"https:\/\/www.gaveanews.com\/index.php\/2025\/03\/28\/vasco-x-santos-a-declaracao-de-vegetti-direcionada-a-neymar\/#primaryimage"},"image":{"@id":"https:\/\/www.gaveanews.com\/index.php\/2025\/03\/28\/vasco-x-santos-a-declaracao-de-vegetti-direcionada-a-neymar\/#primaryimage"},"thumbnailUrl":"https:\/\/www.gaveanews.com\/wp-content\/uploads\/Pablo-Vegetti-em-acao-pelo-Vasco.avif","datePublished":"2025-03-28T21:50:00+00:00","author":{"@id":"https:\/\/www.gaveanews.com\/#\/schema\/person\/0eb3e3fe1754f0205218538adbe8f5ed"},"breadcrumb":{"@id":"https:\/\/www.gaveanews.com\/index.php\/2025\/03\/28\/vasco-x-santos-a-declaracao-de-vegetti-direcionada-a-neymar\/#breadcrumb"},"inLanguage":"pt-BR","potentialAction":[{"@type":"ReadAction","target":["https:\/\/www.gaveanews.com\/index.php\/2025\/03\/28\/vasco-x-santos-a-declaracao-de-vegetti-direcionada-a-neymar\/"]}]},{"@type":"ImageObject","inLanguage":"pt-BR","@id":"https:\/\/www.gaveanews.com\/index.php\/2025\/03\/28\/vasco-x-santos-a-declaracao-de-vegetti-direcionada-a-neymar\/#primaryimage","url":"https:\/\/www.gaveanews.com\/wp-content\/uploads\/Pablo-Vegetti-em-acao-pelo-Vasco.avif","contentUrl":"https:\/\/www.gaveanews.com\/wp-content\/uploads\/Pablo-Vegetti-em-acao-pelo-Vasco.avif","width":900,"height":600,"caption":"Pablo Vegetti em a\u00e7\u00e3o pelo Vasco (Foto: Leandro Amorim\/Vasco)"},{"@type":"BreadcrumbList","@id":"https:\/\/www.gaveanews.com\/index.php\/2025\/03\/28\/vasco-x-santos-a-declaracao-de-vegetti-direcionada-a-neymar\/#breadcrumb","itemListElement":[{"@type":"ListItem","position":1,"name":"Home","item":"https:\/\/www.gaveanews.com\/"},{"@type":"ListItem","position":2,"name":"Vasco x Santos: a declara\u00e7\u00e3o de Vegetti direcionada a Neymar"}]},{"@type":"WebSite","@id":"https:\/\/www.gaveanews.com\/#website","url":"https:\/\/www.gaveanews.com\/","name":"G\u00e1vea News","description":"Veja todas as not\u00edcias sobre o Flamengo: Contrata\u00e7\u00f5es, categorias de base, resultados das partidas, tabela de classifica\u00e7\u00e3o, pr\u00f3ximos jogos!","potentialAction":[{"@type":"SearchAction","target":{"@type":"EntryPoint","urlTemplate":"https:\/\/www.gaveanews.com\/?s={search_term_string}"},"query-input":{"@type":"PropertyValueSpecification","valueRequired":true,"valueName":"search_term_string"}}],"inLanguage":"pt-BR"},{"@type":"Person","@id":"https:\/\/www.gaveanews.com\/#\/schema\/person\/0eb3e3fe1754f0205218538adbe8f5ed","name":"Rafaela Ladeira","image":{"@type":"ImageObject","inLanguage":"pt-BR","@id":"https:\/\/www.gaveanews.com\/#\/schema\/person\/image\/","url":"https:\/\/secure.gravatar.com\/avatar\/c31f513acffd85eacab5730cbdfdbbf59f21ba5aeada8cd890acea879fbb2455?s=96&d=mm&r=g","contentUrl":"https:\/\/secure.gravatar.com\/avatar\/c31f513acffd85eacab5730cbdfdbbf59f21ba5aeada8cd890acea879fbb2455?s=96&d=mm&r=g","caption":"Rafaela Ladeira"}}]}},"_links":{"self":[{"href":"https:\/\/www.gaveanews.com\/index.php\/wp-json\/wp\/v2\/posts\/246122","targetHints":{"allow":["GET"]}}],"collection":[{"href":"https:\/\/www.gaveanews.com\/index.php\/wp-json\/wp\/v2\/posts"}],"about":[{"href":"https:\/\/www.gaveanews.com\/index.php\/wp-json\/wp\/v2\/types\/post"}],"author":[{"embeddable":true,"href":"https:\/\/www.gaveanews.com\/index.php\/wp-json\/wp\/v2\/users\/25"}],"replies":[{"embeddable":true,"href":"https:\/\/www.gaveanews.com\/index.php\/wp-json\/wp\/v2\/comments?post=246122"}],"version-history":[{"count":1,"href":"https:\/\/www.gaveanews.com\/index.php\/wp-json\/wp\/v2\/posts\/246122\/revisions"}],"predecessor-version":[{"id":246123,"href":"https:\/\/www.gaveanews.com\/index.php\/wp-json\/wp\/v2\/posts\/246122\/revisions\/246123"}],"wp:featuredmedia":[{"embeddable":true,"href":"https:\/\/www.gaveanews.com\/index.php\/wp-json\/wp\/v2\/media\/146070"}],"wp:attachment":[{"href":"https:\/\/www.gaveanews.com\/index.php\/wp-json\/wp\/v2\/media?parent=246122"}],"wp:term":[{"taxonomy":"category","embeddable":true,"href":"https:\/\/www.gaveanews.com\/index.php\/wp-json\/wp\/v2\/categories?post=246122"},{"taxonomy":"post_tag","embeddable":true,"href":"https:\/\/www.gaveanews.com\/index.php\/wp-json\/wp\/v2\/tags?post=246122"}],"curies":[{"name":"wp","href":"https:\/\/api.w.org\/{rel}","templated":true}]}}