{"id":246174,"date":"2025-03-28T21:05:00","date_gmt":"2025-03-29T00:05:00","guid":{"rendered":"https:\/\/www.gaveanews.com\/?p=246174"},"modified":"2025-03-28T17:50:51","modified_gmt":"2025-03-28T20:50:51","slug":"a-declaracao-de-gustavo-quinteros-direcionada-a-amuzu-cristian-olivera-lucas-esteves-joao-pedro-igor-serrote-e-joao-lucas-do-gremio","status":"publish","type":"post","link":"https:\/\/www.gaveanews.com\/index.php\/2025\/03\/28\/a-declaracao-de-gustavo-quinteros-direcionada-a-amuzu-cristian-olivera-lucas-esteves-joao-pedro-igor-serrote-e-joao-lucas-do-gremio\/","title":{"rendered":"A declara\u00e7\u00e3o de Gustavo Quinteros direcionada a Amuzu, Cristian Olivera, Lucas Esteves, Jo\u00e3o Pedro, Igor Serrote e Jo\u00e3o Lucas, do Gr\u00eamio"},"content":{"rendered":"\n<p>Com tr\u00eas meses de trabalho completados na v\u00e9spera da estreia no Campeonato Brasileiro, o t\u00e9cnico Gustavo Quinteros analisa o est\u00e1gio atual do elenco do Gr\u00eamio e destaca a necessidade de evolu\u00e7\u00e3o, tanto no aspecto coletivo quanto no rendimento individual de alguns atletas. O comandante gremista entende que, apesar das dificuldades enfrentadas no in\u00edcio da temporada, h\u00e1 sinais positivos que indicam um caminho de crescimento t\u00e9cnico e t\u00e1tico.<\/p>\n\n\n\n<p>&#8220;Foi dif\u00edcil porque iniciamos a competi\u00e7\u00e3o e come\u00e7aram a chegar jogadores novos. \u00c9 60, 70% de um time novo, e isso leva tempo no trabalho di\u00e1rio&#8221;, afirmou Quinteros. A reformula\u00e7\u00e3o do elenco durante o Campeonato Ga\u00facho, com entradas e sa\u00eddas ao longo do torneio, impactou diretamente na consolida\u00e7\u00e3o de um estilo de jogo. A falta de uma pr\u00e9-temporada com o grupo completo \u00e9 vista como um dos fatores que atrasaram o entrosamento esperado.<\/p>\n\n\n\n<p>Entre os jogadores citados pelo treinador, nomes como Franco Cristaldo, Villasanti, Amuzu e Cristian Olivera aparecem com destaque. Segundo Quinteros, esses atletas ainda est\u00e3o em processo de adapta\u00e7\u00e3o aos companheiros e \u00e0 proposta de jogo da comiss\u00e3o t\u00e9cnica.<\/p>\n\n\n\n<p>&#8220;Jogadores como Amuzu e Olivera chegaram e se conheceram aqui. N\u00e3o fizeram muitos jogos com Lucas Esteves, com Jo\u00e3o Pedro, Jo\u00e3o Lucas ou Igor Serrote. [&#8230;] Com toda essa semana, treinamos muito a parte t\u00e1tica. [&#8230;] Vamos melhorar muito a partir da competi\u00e7\u00e3o. Eles n\u00e3o tiveram muitos treinamentos, s\u00f3 jogos. Esse conhecimento de movimento, de di\u00e1logo futebol\u00edstico, digamos, \u00e9 o que nos falta\u201d, explicou.<\/p>\n\n\n\n<p>Ali\u00e1s, a organiza\u00e7\u00e3o defensiva \u00e9 outro ponto enfatizado pelo treinador como priorit\u00e1rio. Ele considera que o time precisa apresentar maior solidez na retaguarda e adotar uma postura mais agressiva na marca\u00e7\u00e3o. \u201cTodos os jogadores devem ter essa agressividade ao defender\u201d, destacou. A coordena\u00e7\u00e3o entre defesa e meio-campo, ainda carente de entrosamento, tem sido um dos focos principais nos treinamentos.<\/p>\n\n\n\n<p>Apesar disso, Quinteros reconhece que a evolu\u00e7\u00e3o ofensiva tamb\u00e9m depende da melhora no desempenho individual. \u201cAlguns jogadores precisam melhorar seu n\u00edvel. No ano anterior, tiveram um melhor rendimento. Agora estamos esperando que possam entregar mais ao time na parte ofensiva\u201d, declarou. A falta de continuidade nos jogos e a pouca conviv\u00eancia em campo entre os atletas rec\u00e9m-chegados s\u00e3o barreiras a serem superadas.<\/p>\n\n\n\n<p>A expectativa do treinador \u00e9 que o aumento no tempo de treinamento e o ritmo das competi\u00e7\u00f5es contribuam para a assimila\u00e7\u00e3o dos conceitos propostos. \u201cAgora, com toda essa semana, n\u00f3s treinamos muito a parte t\u00e1tica. Fizemos um jogo-treino que foi muito bom. Vamos melhorar a partir da competi\u00e7\u00e3o\u201d, concluiu Quinteros, projetando avan\u00e7os j\u00e1 nas pr\u00f3ximas partidas.<\/p>\n","protected":false},"excerpt":{"rendered":"<p>Com tr\u00eas meses de trabalho completados na v\u00e9spera da estreia no Campeonato Brasileiro, o t\u00e9cnico Gustavo Quinteros analisa o est\u00e1gio atual do elenco do Gr\u00eamio e destaca a necessidade de evolu\u00e7\u00e3o, tanto no aspecto coletivo quanto no rendimento individual de alguns atletas. O comandante gremista entende que, apesar das dificuldades enfrentadas no in\u00edcio da temporada, [&hellip;]<\/p>\n","protected":false},"author":18,"featured_media":244439,"comment_status":"open","ping_status":"closed","sticky":false,"template":"","format":"standard","meta":{"footnotes":""},"categories":[147],"tags":[],"class_list":["post-246174","post","type-post","status-publish","format-standard","has-post-thumbnail","hentry","category-gremio"],"yoast_head":"<!-- This site is optimized with the Yoast SEO Premium plugin v24.2 (Yoast SEO v26.9) - https:\/\/yoast.com\/product\/yoast-seo-premium-wordpress\/ -->\n<title>A declara\u00e7\u00e3o de Gustavo Quinteros direcionada a Amuzu, Cristian Olivera, Lucas Esteves, Jo\u00e3o Pedro, Igor Serrote e Jo\u00e3o Lucas, do Gr\u00eamio<\/title>\n<meta name=\"robots\" content=\"index, follow, max-snippet:-1, max-image-preview:large, max-video-preview:-1\" \/>\n<link rel=\"canonical\" href=\"https:\/\/www.gaveanews.com\/index.php\/2025\/03\/28\/a-declaracao-de-gustavo-quinteros-direcionada-a-amuzu-cristian-olivera-lucas-esteves-joao-pedro-igor-serrote-e-joao-lucas-do-gremio\/\" \/>\n<meta property=\"og:locale\" content=\"pt_BR\" \/>\n<meta property=\"og:type\" content=\"article\" \/>\n<meta property=\"og:title\" content=\"A declara\u00e7\u00e3o de Gustavo Quinteros direcionada a Amuzu, Cristian Olivera, Lucas Esteves, Jo\u00e3o Pedro, Igor Serrote e Jo\u00e3o Lucas, do Gr\u00eamio\" \/>\n<meta property=\"og:description\" content=\"Com tr\u00eas meses de trabalho completados na v\u00e9spera da estreia no Campeonato Brasileiro, o t\u00e9cnico Gustavo Quinteros analisa o est\u00e1gio atual do elenco do Gr\u00eamio e destaca a necessidade de evolu\u00e7\u00e3o, tanto no aspecto coletivo quanto no rendimento individual de alguns atletas. O comandante gremista entende que, apesar das dificuldades enfrentadas no in\u00edcio da temporada, [&hellip;]\" \/>\n<meta property=\"og:url\" content=\"https:\/\/www.gaveanews.com\/index.php\/2025\/03\/28\/a-declaracao-de-gustavo-quinteros-direcionada-a-amuzu-cristian-olivera-lucas-esteves-joao-pedro-igor-serrote-e-joao-lucas-do-gremio\/\" \/>\n<meta property=\"og:site_name\" content=\"G\u00e1vea News\" \/>\n<meta property=\"article:publisher\" content=\"https:\/\/facebook.com\/gaveaNews\/\" \/>\n<meta property=\"article:published_time\" content=\"2025-03-29T00:05:00+00:00\" \/>\n<meta property=\"og:image\" content=\"https:\/\/www.gaveanews.com\/wp-content\/uploads\/Gustavo-Quinteros-em-acao-pelo-Gremio.webp\" \/>\n\t<meta property=\"og:image:width\" content=\"900\" \/>\n\t<meta property=\"og:image:height\" content=\"600\" \/>\n\t<meta property=\"og:image:type\" content=\"image\/jpeg\" \/>\n<meta name=\"author\" content=\"Paula Silva\" \/>\n<meta name=\"twitter:card\" content=\"summary_large_image\" \/>\n<meta name=\"twitter:label1\" content=\"Escrito por\" \/>\n\t<meta name=\"twitter:data1\" content=\"Paula Silva\" \/>\n\t<meta name=\"twitter:label2\" content=\"Est. tempo de leitura\" \/>\n\t<meta name=\"twitter:data2\" content=\"3 minutos\" \/>\n<script type=\"application\/ld+json\" class=\"yoast-schema-graph\">{\"@context\":\"https:\/\/schema.org\",\"@graph\":[{\"@type\":\"NewsArticle\",\"@id\":\"https:\/\/www.gaveanews.com\/index.php\/2025\/03\/28\/a-declaracao-de-gustavo-quinteros-direcionada-a-amuzu-cristian-olivera-lucas-esteves-joao-pedro-igor-serrote-e-joao-lucas-do-gremio\/#article\",\"isPartOf\":{\"@id\":\"https:\/\/www.gaveanews.com\/index.php\/2025\/03\/28\/a-declaracao-de-gustavo-quinteros-direcionada-a-amuzu-cristian-olivera-lucas-esteves-joao-pedro-igor-serrote-e-joao-lucas-do-gremio\/\"},\"author\":{\"name\":\"Paula Silva\",\"@id\":\"https:\/\/www.gaveanews.com\/#\/schema\/person\/daf63eec72e1164eb13dc35096c2b8da\"},\"headline\":\"A declara\u00e7\u00e3o de Gustavo Quinteros direcionada a Amuzu, Cristian Olivera, Lucas Esteves, Jo\u00e3o Pedro, Igor Serrote e Jo\u00e3o Lucas, do Gr\u00eamio\",\"datePublished\":\"2025-03-29T00:05:00+00:00\",\"mainEntityOfPage\":{\"@id\":\"https:\/\/www.gaveanews.com\/index.php\/2025\/03\/28\/a-declaracao-de-gustavo-quinteros-direcionada-a-amuzu-cristian-olivera-lucas-esteves-joao-pedro-igor-serrote-e-joao-lucas-do-gremio\/\"},\"wordCount\":482,\"commentCount\":0,\"image\":{\"@id\":\"https:\/\/www.gaveanews.com\/index.php\/2025\/03\/28\/a-declaracao-de-gustavo-quinteros-direcionada-a-amuzu-cristian-olivera-lucas-esteves-joao-pedro-igor-serrote-e-joao-lucas-do-gremio\/#primaryimage\"},\"thumbnailUrl\":\"https:\/\/www.gaveanews.com\/wp-content\/uploads\/Gustavo-Quinteros-em-acao-pelo-Gremio.webp\",\"articleSection\":[\"Gr\u00eamio\"],\"inLanguage\":\"pt-BR\",\"potentialAction\":[{\"@type\":\"CommentAction\",\"name\":\"Comment\",\"target\":[\"https:\/\/www.gaveanews.com\/index.php\/2025\/03\/28\/a-declaracao-de-gustavo-quinteros-direcionada-a-amuzu-cristian-olivera-lucas-esteves-joao-pedro-igor-serrote-e-joao-lucas-do-gremio\/#respond\"]}],\"copyrightYear\":\"2025\",\"copyrightHolder\":{\"@id\":\"https:\/\/www.gaveanews.com\/#organization\"}},{\"@type\":\"WebPage\",\"@id\":\"https:\/\/www.gaveanews.com\/index.php\/2025\/03\/28\/a-declaracao-de-gustavo-quinteros-direcionada-a-amuzu-cristian-olivera-lucas-esteves-joao-pedro-igor-serrote-e-joao-lucas-do-gremio\/\",\"url\":\"https:\/\/www.gaveanews.com\/index.php\/2025\/03\/28\/a-declaracao-de-gustavo-quinteros-direcionada-a-amuzu-cristian-olivera-lucas-esteves-joao-pedro-igor-serrote-e-joao-lucas-do-gremio\/\",\"name\":\"A declara\u00e7\u00e3o de Gustavo Quinteros direcionada a Amuzu, Cristian Olivera, Lucas Esteves, Jo\u00e3o Pedro, Igor Serrote e Jo\u00e3o Lucas, do Gr\u00eamio\",\"isPartOf\":{\"@id\":\"https:\/\/www.gaveanews.com\/#website\"},\"primaryImageOfPage\":{\"@id\":\"https:\/\/www.gaveanews.com\/index.php\/2025\/03\/28\/a-declaracao-de-gustavo-quinteros-direcionada-a-amuzu-cristian-olivera-lucas-esteves-joao-pedro-igor-serrote-e-joao-lucas-do-gremio\/#primaryimage\"},\"image\":{\"@id\":\"https:\/\/www.gaveanews.com\/index.php\/2025\/03\/28\/a-declaracao-de-gustavo-quinteros-direcionada-a-amuzu-cristian-olivera-lucas-esteves-joao-pedro-igor-serrote-e-joao-lucas-do-gremio\/#primaryimage\"},\"thumbnailUrl\":\"https:\/\/www.gaveanews.com\/wp-content\/uploads\/Gustavo-Quinteros-em-acao-pelo-Gremio.webp\",\"datePublished\":\"2025-03-29T00:05:00+00:00\",\"author\":{\"@id\":\"https:\/\/www.gaveanews.com\/#\/schema\/person\/daf63eec72e1164eb13dc35096c2b8da\"},\"breadcrumb\":{\"@id\":\"https:\/\/www.gaveanews.com\/index.php\/2025\/03\/28\/a-declaracao-de-gustavo-quinteros-direcionada-a-amuzu-cristian-olivera-lucas-esteves-joao-pedro-igor-serrote-e-joao-lucas-do-gremio\/#breadcrumb\"},\"inLanguage\":\"pt-BR\",\"potentialAction\":[{\"@type\":\"ReadAction\",\"target\":[\"https:\/\/www.gaveanews.com\/index.php\/2025\/03\/28\/a-declaracao-de-gustavo-quinteros-direcionada-a-amuzu-cristian-olivera-lucas-esteves-joao-pedro-igor-serrote-e-joao-lucas-do-gremio\/\"]}]},{\"@type\":\"ImageObject\",\"inLanguage\":\"pt-BR\",\"@id\":\"https:\/\/www.gaveanews.com\/index.php\/2025\/03\/28\/a-declaracao-de-gustavo-quinteros-direcionada-a-amuzu-cristian-olivera-lucas-esteves-joao-pedro-igor-serrote-e-joao-lucas-do-gremio\/#primaryimage\",\"url\":\"https:\/\/www.gaveanews.com\/wp-content\/uploads\/Gustavo-Quinteros-em-acao-pelo-Gremio.webp\",\"contentUrl\":\"https:\/\/www.gaveanews.com\/wp-content\/uploads\/Gustavo-Quinteros-em-acao-pelo-Gremio.webp\",\"width\":900,\"height\":600,\"caption\":\"Gustavo Quinteros em a\u00e7\u00e3o pelo Gr\u00eamio (Foto: Lucas Uebel\/Gr\u00eamio FBPA)\"},{\"@type\":\"BreadcrumbList\",\"@id\":\"https:\/\/www.gaveanews.com\/index.php\/2025\/03\/28\/a-declaracao-de-gustavo-quinteros-direcionada-a-amuzu-cristian-olivera-lucas-esteves-joao-pedro-igor-serrote-e-joao-lucas-do-gremio\/#breadcrumb\",\"itemListElement\":[{\"@type\":\"ListItem\",\"position\":1,\"name\":\"Home\",\"item\":\"https:\/\/www.gaveanews.com\/\"},{\"@type\":\"ListItem\",\"position\":2,\"name\":\"A declara\u00e7\u00e3o de Gustavo Quinteros direcionada a Amuzu, Cristian Olivera, Lucas Esteves, Jo\u00e3o Pedro, Igor Serrote e Jo\u00e3o Lucas, do Gr\u00eamio\"}]},{\"@type\":\"WebSite\",\"@id\":\"https:\/\/www.gaveanews.com\/#website\",\"url\":\"https:\/\/www.gaveanews.com\/\",\"name\":\"G\u00e1vea News\",\"description\":\"Veja todas as not\u00edcias sobre o Flamengo: Contrata\u00e7\u00f5es, categorias de base, resultados das partidas, tabela de classifica\u00e7\u00e3o, pr\u00f3ximos jogos!\",\"potentialAction\":[{\"@type\":\"SearchAction\",\"target\":{\"@type\":\"EntryPoint\",\"urlTemplate\":\"https:\/\/www.gaveanews.com\/?s={search_term_string}\"},\"query-input\":{\"@type\":\"PropertyValueSpecification\",\"valueRequired\":true,\"valueName\":\"search_term_string\"}}],\"inLanguage\":\"pt-BR\"},{\"@type\":\"Person\",\"@id\":\"https:\/\/www.gaveanews.com\/#\/schema\/person\/daf63eec72e1164eb13dc35096c2b8da\",\"name\":\"Paula Silva\",\"image\":{\"@type\":\"ImageObject\",\"inLanguage\":\"pt-BR\",\"@id\":\"https:\/\/www.gaveanews.com\/#\/schema\/person\/image\/\",\"url\":\"https:\/\/secure.gravatar.com\/avatar\/eda381c845527cc5d64c13b901833cda29d97500ba040d3e6461f76f51d163bb?s=96&d=mm&r=g\",\"contentUrl\":\"https:\/\/secure.gravatar.com\/avatar\/eda381c845527cc5d64c13b901833cda29d97500ba040d3e6461f76f51d163bb?s=96&d=mm&r=g\",\"caption\":\"Paula Silva\"}}]}<\/script>\n<!-- \/ Yoast SEO Premium plugin. -->","yoast_head_json":{"title":"A declara\u00e7\u00e3o de Gustavo Quinteros direcionada a Amuzu, Cristian Olivera, Lucas Esteves, Jo\u00e3o Pedro, Igor Serrote e Jo\u00e3o Lucas, do Gr\u00eamio","robots":{"index":"index","follow":"follow","max-snippet":"max-snippet:-1","max-image-preview":"max-image-preview:large","max-video-preview":"max-video-preview:-1"},"canonical":"https:\/\/www.gaveanews.com\/index.php\/2025\/03\/28\/a-declaracao-de-gustavo-quinteros-direcionada-a-amuzu-cristian-olivera-lucas-esteves-joao-pedro-igor-serrote-e-joao-lucas-do-gremio\/","og_locale":"pt_BR","og_type":"article","og_title":"A declara\u00e7\u00e3o de Gustavo Quinteros direcionada a Amuzu, Cristian Olivera, Lucas Esteves, Jo\u00e3o Pedro, Igor Serrote e Jo\u00e3o Lucas, do Gr\u00eamio","og_description":"Com tr\u00eas meses de trabalho completados na v\u00e9spera da estreia no Campeonato Brasileiro, o t\u00e9cnico Gustavo Quinteros analisa o est\u00e1gio atual do elenco do Gr\u00eamio e destaca a necessidade de evolu\u00e7\u00e3o, tanto no aspecto coletivo quanto no rendimento individual de alguns atletas. O comandante gremista entende que, apesar das dificuldades enfrentadas no in\u00edcio da temporada, [&hellip;]","og_url":"https:\/\/www.gaveanews.com\/index.php\/2025\/03\/28\/a-declaracao-de-gustavo-quinteros-direcionada-a-amuzu-cristian-olivera-lucas-esteves-joao-pedro-igor-serrote-e-joao-lucas-do-gremio\/","og_site_name":"G\u00e1vea News","article_publisher":"https:\/\/facebook.com\/gaveaNews\/","article_published_time":"2025-03-29T00:05:00+00:00","og_image":[{"width":900,"height":600,"url":"https:\/\/www.gaveanews.com\/wp-content\/uploads\/Gustavo-Quinteros-em-acao-pelo-Gremio.webp","type":"image\/jpeg"}],"author":"Paula Silva","twitter_card":"summary_large_image","twitter_misc":{"Escrito por":"Paula Silva","Est. tempo de leitura":"3 minutos"},"schema":{"@context":"https:\/\/schema.org","@graph":[{"@type":"NewsArticle","@id":"https:\/\/www.gaveanews.com\/index.php\/2025\/03\/28\/a-declaracao-de-gustavo-quinteros-direcionada-a-amuzu-cristian-olivera-lucas-esteves-joao-pedro-igor-serrote-e-joao-lucas-do-gremio\/#article","isPartOf":{"@id":"https:\/\/www.gaveanews.com\/index.php\/2025\/03\/28\/a-declaracao-de-gustavo-quinteros-direcionada-a-amuzu-cristian-olivera-lucas-esteves-joao-pedro-igor-serrote-e-joao-lucas-do-gremio\/"},"author":{"name":"Paula Silva","@id":"https:\/\/www.gaveanews.com\/#\/schema\/person\/daf63eec72e1164eb13dc35096c2b8da"},"headline":"A declara\u00e7\u00e3o de Gustavo Quinteros direcionada a Amuzu, Cristian Olivera, Lucas Esteves, Jo\u00e3o Pedro, Igor Serrote e Jo\u00e3o Lucas, do Gr\u00eamio","datePublished":"2025-03-29T00:05:00+00:00","mainEntityOfPage":{"@id":"https:\/\/www.gaveanews.com\/index.php\/2025\/03\/28\/a-declaracao-de-gustavo-quinteros-direcionada-a-amuzu-cristian-olivera-lucas-esteves-joao-pedro-igor-serrote-e-joao-lucas-do-gremio\/"},"wordCount":482,"commentCount":0,"image":{"@id":"https:\/\/www.gaveanews.com\/index.php\/2025\/03\/28\/a-declaracao-de-gustavo-quinteros-direcionada-a-amuzu-cristian-olivera-lucas-esteves-joao-pedro-igor-serrote-e-joao-lucas-do-gremio\/#primaryimage"},"thumbnailUrl":"https:\/\/www.gaveanews.com\/wp-content\/uploads\/Gustavo-Quinteros-em-acao-pelo-Gremio.webp","articleSection":["Gr\u00eamio"],"inLanguage":"pt-BR","potentialAction":[{"@type":"CommentAction","name":"Comment","target":["https:\/\/www.gaveanews.com\/index.php\/2025\/03\/28\/a-declaracao-de-gustavo-quinteros-direcionada-a-amuzu-cristian-olivera-lucas-esteves-joao-pedro-igor-serrote-e-joao-lucas-do-gremio\/#respond"]}],"copyrightYear":"2025","copyrightHolder":{"@id":"https:\/\/www.gaveanews.com\/#organization"}},{"@type":"WebPage","@id":"https:\/\/www.gaveanews.com\/index.php\/2025\/03\/28\/a-declaracao-de-gustavo-quinteros-direcionada-a-amuzu-cristian-olivera-lucas-esteves-joao-pedro-igor-serrote-e-joao-lucas-do-gremio\/","url":"https:\/\/www.gaveanews.com\/index.php\/2025\/03\/28\/a-declaracao-de-gustavo-quinteros-direcionada-a-amuzu-cristian-olivera-lucas-esteves-joao-pedro-igor-serrote-e-joao-lucas-do-gremio\/","name":"A declara\u00e7\u00e3o de Gustavo Quinteros direcionada a Amuzu, Cristian Olivera, Lucas Esteves, Jo\u00e3o Pedro, Igor Serrote e Jo\u00e3o Lucas, do Gr\u00eamio","isPartOf":{"@id":"https:\/\/www.gaveanews.com\/#website"},"primaryImageOfPage":{"@id":"https:\/\/www.gaveanews.com\/index.php\/2025\/03\/28\/a-declaracao-de-gustavo-quinteros-direcionada-a-amuzu-cristian-olivera-lucas-esteves-joao-pedro-igor-serrote-e-joao-lucas-do-gremio\/#primaryimage"},"image":{"@id":"https:\/\/www.gaveanews.com\/index.php\/2025\/03\/28\/a-declaracao-de-gustavo-quinteros-direcionada-a-amuzu-cristian-olivera-lucas-esteves-joao-pedro-igor-serrote-e-joao-lucas-do-gremio\/#primaryimage"},"thumbnailUrl":"https:\/\/www.gaveanews.com\/wp-content\/uploads\/Gustavo-Quinteros-em-acao-pelo-Gremio.webp","datePublished":"2025-03-29T00:05:00+00:00","author":{"@id":"https:\/\/www.gaveanews.com\/#\/schema\/person\/daf63eec72e1164eb13dc35096c2b8da"},"breadcrumb":{"@id":"https:\/\/www.gaveanews.com\/index.php\/2025\/03\/28\/a-declaracao-de-gustavo-quinteros-direcionada-a-amuzu-cristian-olivera-lucas-esteves-joao-pedro-igor-serrote-e-joao-lucas-do-gremio\/#breadcrumb"},"inLanguage":"pt-BR","potentialAction":[{"@type":"ReadAction","target":["https:\/\/www.gaveanews.com\/index.php\/2025\/03\/28\/a-declaracao-de-gustavo-quinteros-direcionada-a-amuzu-cristian-olivera-lucas-esteves-joao-pedro-igor-serrote-e-joao-lucas-do-gremio\/"]}]},{"@type":"ImageObject","inLanguage":"pt-BR","@id":"https:\/\/www.gaveanews.com\/index.php\/2025\/03\/28\/a-declaracao-de-gustavo-quinteros-direcionada-a-amuzu-cristian-olivera-lucas-esteves-joao-pedro-igor-serrote-e-joao-lucas-do-gremio\/#primaryimage","url":"https:\/\/www.gaveanews.com\/wp-content\/uploads\/Gustavo-Quinteros-em-acao-pelo-Gremio.webp","contentUrl":"https:\/\/www.gaveanews.com\/wp-content\/uploads\/Gustavo-Quinteros-em-acao-pelo-Gremio.webp","width":900,"height":600,"caption":"Gustavo Quinteros em a\u00e7\u00e3o pelo Gr\u00eamio (Foto: Lucas Uebel\/Gr\u00eamio FBPA)"},{"@type":"BreadcrumbList","@id":"https:\/\/www.gaveanews.com\/index.php\/2025\/03\/28\/a-declaracao-de-gustavo-quinteros-direcionada-a-amuzu-cristian-olivera-lucas-esteves-joao-pedro-igor-serrote-e-joao-lucas-do-gremio\/#breadcrumb","itemListElement":[{"@type":"ListItem","position":1,"name":"Home","item":"https:\/\/www.gaveanews.com\/"},{"@type":"ListItem","position":2,"name":"A declara\u00e7\u00e3o de Gustavo Quinteros direcionada a Amuzu, Cristian Olivera, Lucas Esteves, Jo\u00e3o Pedro, Igor Serrote e Jo\u00e3o Lucas, do Gr\u00eamio"}]},{"@type":"WebSite","@id":"https:\/\/www.gaveanews.com\/#website","url":"https:\/\/www.gaveanews.com\/","name":"G\u00e1vea News","description":"Veja todas as not\u00edcias sobre o Flamengo: Contrata\u00e7\u00f5es, categorias de base, resultados das partidas, tabela de classifica\u00e7\u00e3o, pr\u00f3ximos jogos!","potentialAction":[{"@type":"SearchAction","target":{"@type":"EntryPoint","urlTemplate":"https:\/\/www.gaveanews.com\/?s={search_term_string}"},"query-input":{"@type":"PropertyValueSpecification","valueRequired":true,"valueName":"search_term_string"}}],"inLanguage":"pt-BR"},{"@type":"Person","@id":"https:\/\/www.gaveanews.com\/#\/schema\/person\/daf63eec72e1164eb13dc35096c2b8da","name":"Paula Silva","image":{"@type":"ImageObject","inLanguage":"pt-BR","@id":"https:\/\/www.gaveanews.com\/#\/schema\/person\/image\/","url":"https:\/\/secure.gravatar.com\/avatar\/eda381c845527cc5d64c13b901833cda29d97500ba040d3e6461f76f51d163bb?s=96&d=mm&r=g","contentUrl":"https:\/\/secure.gravatar.com\/avatar\/eda381c845527cc5d64c13b901833cda29d97500ba040d3e6461f76f51d163bb?s=96&d=mm&r=g","caption":"Paula Silva"}}]}},"_links":{"self":[{"href":"https:\/\/www.gaveanews.com\/index.php\/wp-json\/wp\/v2\/posts\/246174","targetHints":{"allow":["GET"]}}],"collection":[{"href":"https:\/\/www.gaveanews.com\/index.php\/wp-json\/wp\/v2\/posts"}],"about":[{"href":"https:\/\/www.gaveanews.com\/index.php\/wp-json\/wp\/v2\/types\/post"}],"author":[{"embeddable":true,"href":"https:\/\/www.gaveanews.com\/index.php\/wp-json\/wp\/v2\/users\/18"}],"replies":[{"embeddable":true,"href":"https:\/\/www.gaveanews.com\/index.php\/wp-json\/wp\/v2\/comments?post=246174"}],"version-history":[{"count":1,"href":"https:\/\/www.gaveanews.com\/index.php\/wp-json\/wp\/v2\/posts\/246174\/revisions"}],"predecessor-version":[{"id":246181,"href":"https:\/\/www.gaveanews.com\/index.php\/wp-json\/wp\/v2\/posts\/246174\/revisions\/246181"}],"wp:featuredmedia":[{"embeddable":true,"href":"https:\/\/www.gaveanews.com\/index.php\/wp-json\/wp\/v2\/media\/244439"}],"wp:attachment":[{"href":"https:\/\/www.gaveanews.com\/index.php\/wp-json\/wp\/v2\/media?parent=246174"}],"wp:term":[{"taxonomy":"category","embeddable":true,"href":"https:\/\/www.gaveanews.com\/index.php\/wp-json\/wp\/v2\/categories?post=246174"},{"taxonomy":"post_tag","embeddable":true,"href":"https:\/\/www.gaveanews.com\/index.php\/wp-json\/wp\/v2\/tags?post=246174"}],"curies":[{"name":"wp","href":"https:\/\/api.w.org\/{rel}","templated":true}]}}