{"id":246187,"date":"2025-03-28T21:15:00","date_gmt":"2025-03-29T00:15:00","guid":{"rendered":"https:\/\/www.gaveanews.com\/?p=246187"},"modified":"2025-03-28T18:02:45","modified_gmt":"2025-03-28T21:02:45","slug":"a-declaracao-de-leonardo-jardim-direcionada-a-villalba-do-cruzeiro","status":"publish","type":"post","link":"https:\/\/www.gaveanews.com\/index.php\/2025\/03\/28\/a-declaracao-de-leonardo-jardim-direcionada-a-villalba-do-cruzeiro\/","title":{"rendered":"A declara\u00e7\u00e3o de Leonardo Jardim direcionada a Villalba, do Cruzeiro"},"content":{"rendered":"\n<p>A trajet\u00f3ria recente de Lucas Villalba no Cruzeiro evidencia uma reviravolta significativa sob o comando do t\u00e9cnico Leonardo Jardim. O defensor argentino, que chegou ao clube ainda em 2024 por empr\u00e9stimo do Argentinos Juniors, iniciou a temporada de 2025 em baixa, mas surpreendentemente conquistou uma vaga entre os titulares da equipe celeste.<\/p>\n\n\n\n<p>Logo ap\u00f3s assumir o cargo, no in\u00edcio de fevereiro, Jardim promoveu Villalba ao time que enfrentou o Democrata-GV, pela \u00faltima rodada da fase de grupos do Campeonato Mineiro. O desempenho, por\u00e9m, causou forte inc\u00f4modo no treinador. \u201cFiquei t\u00e3o mal com a qualidade que apresentou. Falei: \u2018Como o cara joga no Cruzeiro?\u2019\u201d, disse o t\u00e9cnico, revelando que o jogador havia atuado apenas cinco minutos nos dois meses anteriores e se encontrava, segundo ele, \u201ccompletamente fora de forma\u201d.<\/p>\n\n\n\n<p>Apesar disso, o zagueiro argentino n\u00e3o apenas permaneceu no grupo, como passou a ser utilizado em uma nova fun\u00e7\u00e3o. Com o tempo para treinamentos ap\u00f3s a elimina\u00e7\u00e3o na semifinal do estadual, Jardim come\u00e7ou a utilizar Villalba como lateral-esquerdo. A mudan\u00e7a surtiu efeito. O atleta passou a ser testado com mais frequ\u00eancia e se destacou nos confrontos contra Botafogo e Bragantino, ganhando espa\u00e7o na disputa pela posi\u00e7\u00e3o.<\/p>\n\n\n\n<p>\u201cHoje est\u00e3o vendo um Villalba diferente, jogador competitivo\u201d, afirmou Jardim. O treinador tamb\u00e9m enfatizou que seu objetivo \u00e9 preparar todos os atletas para estarem prontos quando forem chamados. \u201cN\u00e3o quero jogadores destreinados ou fora de forma. Isso n\u00e3o vai ajudar\u201d, completou o portugu\u00eas, refor\u00e7ando sua filosofia de trabalho baseada na meritocracia e na exig\u00eancia f\u00edsica.<\/p>\n\n\n\n<p>Villalba, inclusive, superou concorrentes diretos como Kaiki e Marlon, consolidando-se como o titular na lateral. Atualmente, o jogador \u00e9 pe\u00e7a importante no elenco e representa um dos principais exemplos de recupera\u00e7\u00e3o e adapta\u00e7\u00e3o durante o per\u00edodo de reformula\u00e7\u00e3o sob o novo comando t\u00e9cnico.<\/p>\n\n\n\n<p>O defensor teve sua contrata\u00e7\u00e3o definitiva acertada no fim do ano passado, quando o Cruzeiro pagou cerca de R$ 5 milh\u00f5es para adquiri-lo em definitivo. O v\u00ednculo com o clube vai at\u00e9 o fim de 2026. Agora, a expectativa interna \u00e9 de que ele mantenha o n\u00edvel de desempenho e aproveite a nova oportunidade que lhe foi dada.<\/p>\n","protected":false},"excerpt":{"rendered":"<p>A trajet\u00f3ria recente de Lucas Villalba no Cruzeiro evidencia uma reviravolta significativa sob o comando do t\u00e9cnico Leonardo Jardim. O defensor argentino, que chegou ao clube ainda em 2024 por empr\u00e9stimo do Argentinos Juniors, iniciou a temporada de 2025 em baixa, mas surpreendentemente conquistou uma vaga entre os titulares da equipe celeste. Logo ap\u00f3s assumir [&hellip;]<\/p>\n","protected":false},"author":18,"featured_media":225548,"comment_status":"open","ping_status":"closed","sticky":false,"template":"","format":"standard","meta":{"footnotes":""},"categories":[143],"tags":[],"class_list":["post-246187","post","type-post","status-publish","format-standard","has-post-thumbnail","hentry","category-cruzeiro"],"yoast_head":"<!-- This site is optimized with the Yoast SEO Premium plugin v24.2 (Yoast SEO v26.9) - https:\/\/yoast.com\/product\/yoast-seo-premium-wordpress\/ -->\n<title>A declara\u00e7\u00e3o de Leonardo Jardim direcionada a Villalba, do Cruzeiro<\/title>\n<meta name=\"robots\" content=\"index, follow, max-snippet:-1, max-image-preview:large, max-video-preview:-1\" \/>\n<link rel=\"canonical\" href=\"https:\/\/www.gaveanews.com\/index.php\/2025\/03\/28\/a-declaracao-de-leonardo-jardim-direcionada-a-villalba-do-cruzeiro\/\" \/>\n<meta property=\"og:locale\" content=\"pt_BR\" \/>\n<meta property=\"og:type\" content=\"article\" \/>\n<meta property=\"og:title\" content=\"A declara\u00e7\u00e3o de Leonardo Jardim direcionada a Villalba, do Cruzeiro\" \/>\n<meta property=\"og:description\" content=\"A trajet\u00f3ria recente de Lucas Villalba no Cruzeiro evidencia uma reviravolta significativa sob o comando do t\u00e9cnico Leonardo Jardim. O defensor argentino, que chegou ao clube ainda em 2024 por empr\u00e9stimo do Argentinos Juniors, iniciou a temporada de 2025 em baixa, mas surpreendentemente conquistou uma vaga entre os titulares da equipe celeste. Logo ap\u00f3s assumir [&hellip;]\" \/>\n<meta property=\"og:url\" content=\"https:\/\/www.gaveanews.com\/index.php\/2025\/03\/28\/a-declaracao-de-leonardo-jardim-direcionada-a-villalba-do-cruzeiro\/\" \/>\n<meta property=\"og:site_name\" content=\"G\u00e1vea News\" \/>\n<meta property=\"article:publisher\" content=\"https:\/\/facebook.com\/gaveaNews\/\" \/>\n<meta property=\"article:published_time\" content=\"2025-03-29T00:15:00+00:00\" \/>\n<meta property=\"og:image\" content=\"https:\/\/www.gaveanews.com\/wp-content\/uploads\/Leonardo-Jardim-durante-partida-do-Cruzeiro-em-2025.webp\" \/>\n\t<meta property=\"og:image:width\" content=\"799\" \/>\n\t<meta property=\"og:image:height\" content=\"533\" \/>\n\t<meta property=\"og:image:type\" content=\"image\/jpeg\" \/>\n<meta name=\"author\" content=\"Paula Silva\" \/>\n<meta name=\"twitter:card\" content=\"summary_large_image\" \/>\n<meta name=\"twitter:label1\" content=\"Escrito por\" \/>\n\t<meta name=\"twitter:data1\" content=\"Paula Silva\" \/>\n\t<meta name=\"twitter:label2\" content=\"Est. tempo de leitura\" \/>\n\t<meta name=\"twitter:data2\" content=\"3 minutos\" \/>\n<script type=\"application\/ld+json\" class=\"yoast-schema-graph\">{\"@context\":\"https:\/\/schema.org\",\"@graph\":[{\"@type\":\"NewsArticle\",\"@id\":\"https:\/\/www.gaveanews.com\/index.php\/2025\/03\/28\/a-declaracao-de-leonardo-jardim-direcionada-a-villalba-do-cruzeiro\/#article\",\"isPartOf\":{\"@id\":\"https:\/\/www.gaveanews.com\/index.php\/2025\/03\/28\/a-declaracao-de-leonardo-jardim-direcionada-a-villalba-do-cruzeiro\/\"},\"author\":{\"name\":\"Paula Silva\",\"@id\":\"https:\/\/www.gaveanews.com\/#\/schema\/person\/daf63eec72e1164eb13dc35096c2b8da\"},\"headline\":\"A declara\u00e7\u00e3o de Leonardo Jardim direcionada a Villalba, do Cruzeiro\",\"datePublished\":\"2025-03-29T00:15:00+00:00\",\"mainEntityOfPage\":{\"@id\":\"https:\/\/www.gaveanews.com\/index.php\/2025\/03\/28\/a-declaracao-de-leonardo-jardim-direcionada-a-villalba-do-cruzeiro\/\"},\"wordCount\":390,\"commentCount\":0,\"image\":{\"@id\":\"https:\/\/www.gaveanews.com\/index.php\/2025\/03\/28\/a-declaracao-de-leonardo-jardim-direcionada-a-villalba-do-cruzeiro\/#primaryimage\"},\"thumbnailUrl\":\"https:\/\/www.gaveanews.com\/wp-content\/uploads\/Leonardo-Jardim-durante-partida-do-Cruzeiro-em-2025.webp\",\"articleSection\":[\"Cruzeiro\"],\"inLanguage\":\"pt-BR\",\"potentialAction\":[{\"@type\":\"CommentAction\",\"name\":\"Comment\",\"target\":[\"https:\/\/www.gaveanews.com\/index.php\/2025\/03\/28\/a-declaracao-de-leonardo-jardim-direcionada-a-villalba-do-cruzeiro\/#respond\"]}],\"copyrightYear\":\"2025\",\"copyrightHolder\":{\"@id\":\"https:\/\/www.gaveanews.com\/#organization\"}},{\"@type\":\"WebPage\",\"@id\":\"https:\/\/www.gaveanews.com\/index.php\/2025\/03\/28\/a-declaracao-de-leonardo-jardim-direcionada-a-villalba-do-cruzeiro\/\",\"url\":\"https:\/\/www.gaveanews.com\/index.php\/2025\/03\/28\/a-declaracao-de-leonardo-jardim-direcionada-a-villalba-do-cruzeiro\/\",\"name\":\"A declara\u00e7\u00e3o de Leonardo Jardim direcionada a Villalba, do Cruzeiro\",\"isPartOf\":{\"@id\":\"https:\/\/www.gaveanews.com\/#website\"},\"primaryImageOfPage\":{\"@id\":\"https:\/\/www.gaveanews.com\/index.php\/2025\/03\/28\/a-declaracao-de-leonardo-jardim-direcionada-a-villalba-do-cruzeiro\/#primaryimage\"},\"image\":{\"@id\":\"https:\/\/www.gaveanews.com\/index.php\/2025\/03\/28\/a-declaracao-de-leonardo-jardim-direcionada-a-villalba-do-cruzeiro\/#primaryimage\"},\"thumbnailUrl\":\"https:\/\/www.gaveanews.com\/wp-content\/uploads\/Leonardo-Jardim-durante-partida-do-Cruzeiro-em-2025.webp\",\"datePublished\":\"2025-03-29T00:15:00+00:00\",\"author\":{\"@id\":\"https:\/\/www.gaveanews.com\/#\/schema\/person\/daf63eec72e1164eb13dc35096c2b8da\"},\"breadcrumb\":{\"@id\":\"https:\/\/www.gaveanews.com\/index.php\/2025\/03\/28\/a-declaracao-de-leonardo-jardim-direcionada-a-villalba-do-cruzeiro\/#breadcrumb\"},\"inLanguage\":\"pt-BR\",\"potentialAction\":[{\"@type\":\"ReadAction\",\"target\":[\"https:\/\/www.gaveanews.com\/index.php\/2025\/03\/28\/a-declaracao-de-leonardo-jardim-direcionada-a-villalba-do-cruzeiro\/\"]}]},{\"@type\":\"ImageObject\",\"inLanguage\":\"pt-BR\",\"@id\":\"https:\/\/www.gaveanews.com\/index.php\/2025\/03\/28\/a-declaracao-de-leonardo-jardim-direcionada-a-villalba-do-cruzeiro\/#primaryimage\",\"url\":\"https:\/\/www.gaveanews.com\/wp-content\/uploads\/Leonardo-Jardim-durante-partida-do-Cruzeiro-em-2025.webp\",\"contentUrl\":\"https:\/\/www.gaveanews.com\/wp-content\/uploads\/Leonardo-Jardim-durante-partida-do-Cruzeiro-em-2025.webp\",\"width\":799,\"height\":533,\"caption\":\"Leonardo Jardim durante partida do Cruzeiro em 2025 (Foto: Gustavo Aleixo\/Cruzeiro)\"},{\"@type\":\"BreadcrumbList\",\"@id\":\"https:\/\/www.gaveanews.com\/index.php\/2025\/03\/28\/a-declaracao-de-leonardo-jardim-direcionada-a-villalba-do-cruzeiro\/#breadcrumb\",\"itemListElement\":[{\"@type\":\"ListItem\",\"position\":1,\"name\":\"Home\",\"item\":\"https:\/\/www.gaveanews.com\/\"},{\"@type\":\"ListItem\",\"position\":2,\"name\":\"A declara\u00e7\u00e3o de Leonardo Jardim direcionada a Villalba, do Cruzeiro\"}]},{\"@type\":\"WebSite\",\"@id\":\"https:\/\/www.gaveanews.com\/#website\",\"url\":\"https:\/\/www.gaveanews.com\/\",\"name\":\"G\u00e1vea News\",\"description\":\"Veja todas as not\u00edcias sobre o Flamengo: Contrata\u00e7\u00f5es, categorias de base, resultados das partidas, tabela de classifica\u00e7\u00e3o, pr\u00f3ximos jogos!\",\"potentialAction\":[{\"@type\":\"SearchAction\",\"target\":{\"@type\":\"EntryPoint\",\"urlTemplate\":\"https:\/\/www.gaveanews.com\/?s={search_term_string}\"},\"query-input\":{\"@type\":\"PropertyValueSpecification\",\"valueRequired\":true,\"valueName\":\"search_term_string\"}}],\"inLanguage\":\"pt-BR\"},{\"@type\":\"Person\",\"@id\":\"https:\/\/www.gaveanews.com\/#\/schema\/person\/daf63eec72e1164eb13dc35096c2b8da\",\"name\":\"Paula Silva\",\"image\":{\"@type\":\"ImageObject\",\"inLanguage\":\"pt-BR\",\"@id\":\"https:\/\/www.gaveanews.com\/#\/schema\/person\/image\/\",\"url\":\"https:\/\/secure.gravatar.com\/avatar\/eda381c845527cc5d64c13b901833cda29d97500ba040d3e6461f76f51d163bb?s=96&d=mm&r=g\",\"contentUrl\":\"https:\/\/secure.gravatar.com\/avatar\/eda381c845527cc5d64c13b901833cda29d97500ba040d3e6461f76f51d163bb?s=96&d=mm&r=g\",\"caption\":\"Paula Silva\"}}]}<\/script>\n<!-- \/ Yoast SEO Premium plugin. -->","yoast_head_json":{"title":"A declara\u00e7\u00e3o de Leonardo Jardim direcionada a Villalba, do Cruzeiro","robots":{"index":"index","follow":"follow","max-snippet":"max-snippet:-1","max-image-preview":"max-image-preview:large","max-video-preview":"max-video-preview:-1"},"canonical":"https:\/\/www.gaveanews.com\/index.php\/2025\/03\/28\/a-declaracao-de-leonardo-jardim-direcionada-a-villalba-do-cruzeiro\/","og_locale":"pt_BR","og_type":"article","og_title":"A declara\u00e7\u00e3o de Leonardo Jardim direcionada a Villalba, do Cruzeiro","og_description":"A trajet\u00f3ria recente de Lucas Villalba no Cruzeiro evidencia uma reviravolta significativa sob o comando do t\u00e9cnico Leonardo Jardim. O defensor argentino, que chegou ao clube ainda em 2024 por empr\u00e9stimo do Argentinos Juniors, iniciou a temporada de 2025 em baixa, mas surpreendentemente conquistou uma vaga entre os titulares da equipe celeste. Logo ap\u00f3s assumir [&hellip;]","og_url":"https:\/\/www.gaveanews.com\/index.php\/2025\/03\/28\/a-declaracao-de-leonardo-jardim-direcionada-a-villalba-do-cruzeiro\/","og_site_name":"G\u00e1vea News","article_publisher":"https:\/\/facebook.com\/gaveaNews\/","article_published_time":"2025-03-29T00:15:00+00:00","og_image":[{"width":799,"height":533,"url":"https:\/\/www.gaveanews.com\/wp-content\/uploads\/Leonardo-Jardim-durante-partida-do-Cruzeiro-em-2025.webp","type":"image\/jpeg"}],"author":"Paula Silva","twitter_card":"summary_large_image","twitter_misc":{"Escrito por":"Paula Silva","Est. tempo de leitura":"3 minutos"},"schema":{"@context":"https:\/\/schema.org","@graph":[{"@type":"NewsArticle","@id":"https:\/\/www.gaveanews.com\/index.php\/2025\/03\/28\/a-declaracao-de-leonardo-jardim-direcionada-a-villalba-do-cruzeiro\/#article","isPartOf":{"@id":"https:\/\/www.gaveanews.com\/index.php\/2025\/03\/28\/a-declaracao-de-leonardo-jardim-direcionada-a-villalba-do-cruzeiro\/"},"author":{"name":"Paula Silva","@id":"https:\/\/www.gaveanews.com\/#\/schema\/person\/daf63eec72e1164eb13dc35096c2b8da"},"headline":"A declara\u00e7\u00e3o de Leonardo Jardim direcionada a Villalba, do Cruzeiro","datePublished":"2025-03-29T00:15:00+00:00","mainEntityOfPage":{"@id":"https:\/\/www.gaveanews.com\/index.php\/2025\/03\/28\/a-declaracao-de-leonardo-jardim-direcionada-a-villalba-do-cruzeiro\/"},"wordCount":390,"commentCount":0,"image":{"@id":"https:\/\/www.gaveanews.com\/index.php\/2025\/03\/28\/a-declaracao-de-leonardo-jardim-direcionada-a-villalba-do-cruzeiro\/#primaryimage"},"thumbnailUrl":"https:\/\/www.gaveanews.com\/wp-content\/uploads\/Leonardo-Jardim-durante-partida-do-Cruzeiro-em-2025.webp","articleSection":["Cruzeiro"],"inLanguage":"pt-BR","potentialAction":[{"@type":"CommentAction","name":"Comment","target":["https:\/\/www.gaveanews.com\/index.php\/2025\/03\/28\/a-declaracao-de-leonardo-jardim-direcionada-a-villalba-do-cruzeiro\/#respond"]}],"copyrightYear":"2025","copyrightHolder":{"@id":"https:\/\/www.gaveanews.com\/#organization"}},{"@type":"WebPage","@id":"https:\/\/www.gaveanews.com\/index.php\/2025\/03\/28\/a-declaracao-de-leonardo-jardim-direcionada-a-villalba-do-cruzeiro\/","url":"https:\/\/www.gaveanews.com\/index.php\/2025\/03\/28\/a-declaracao-de-leonardo-jardim-direcionada-a-villalba-do-cruzeiro\/","name":"A declara\u00e7\u00e3o de Leonardo Jardim direcionada a Villalba, do Cruzeiro","isPartOf":{"@id":"https:\/\/www.gaveanews.com\/#website"},"primaryImageOfPage":{"@id":"https:\/\/www.gaveanews.com\/index.php\/2025\/03\/28\/a-declaracao-de-leonardo-jardim-direcionada-a-villalba-do-cruzeiro\/#primaryimage"},"image":{"@id":"https:\/\/www.gaveanews.com\/index.php\/2025\/03\/28\/a-declaracao-de-leonardo-jardim-direcionada-a-villalba-do-cruzeiro\/#primaryimage"},"thumbnailUrl":"https:\/\/www.gaveanews.com\/wp-content\/uploads\/Leonardo-Jardim-durante-partida-do-Cruzeiro-em-2025.webp","datePublished":"2025-03-29T00:15:00+00:00","author":{"@id":"https:\/\/www.gaveanews.com\/#\/schema\/person\/daf63eec72e1164eb13dc35096c2b8da"},"breadcrumb":{"@id":"https:\/\/www.gaveanews.com\/index.php\/2025\/03\/28\/a-declaracao-de-leonardo-jardim-direcionada-a-villalba-do-cruzeiro\/#breadcrumb"},"inLanguage":"pt-BR","potentialAction":[{"@type":"ReadAction","target":["https:\/\/www.gaveanews.com\/index.php\/2025\/03\/28\/a-declaracao-de-leonardo-jardim-direcionada-a-villalba-do-cruzeiro\/"]}]},{"@type":"ImageObject","inLanguage":"pt-BR","@id":"https:\/\/www.gaveanews.com\/index.php\/2025\/03\/28\/a-declaracao-de-leonardo-jardim-direcionada-a-villalba-do-cruzeiro\/#primaryimage","url":"https:\/\/www.gaveanews.com\/wp-content\/uploads\/Leonardo-Jardim-durante-partida-do-Cruzeiro-em-2025.webp","contentUrl":"https:\/\/www.gaveanews.com\/wp-content\/uploads\/Leonardo-Jardim-durante-partida-do-Cruzeiro-em-2025.webp","width":799,"height":533,"caption":"Leonardo Jardim durante partida do Cruzeiro em 2025 (Foto: Gustavo Aleixo\/Cruzeiro)"},{"@type":"BreadcrumbList","@id":"https:\/\/www.gaveanews.com\/index.php\/2025\/03\/28\/a-declaracao-de-leonardo-jardim-direcionada-a-villalba-do-cruzeiro\/#breadcrumb","itemListElement":[{"@type":"ListItem","position":1,"name":"Home","item":"https:\/\/www.gaveanews.com\/"},{"@type":"ListItem","position":2,"name":"A declara\u00e7\u00e3o de Leonardo Jardim direcionada a Villalba, do Cruzeiro"}]},{"@type":"WebSite","@id":"https:\/\/www.gaveanews.com\/#website","url":"https:\/\/www.gaveanews.com\/","name":"G\u00e1vea News","description":"Veja todas as not\u00edcias sobre o Flamengo: Contrata\u00e7\u00f5es, categorias de base, resultados das partidas, tabela de classifica\u00e7\u00e3o, pr\u00f3ximos jogos!","potentialAction":[{"@type":"SearchAction","target":{"@type":"EntryPoint","urlTemplate":"https:\/\/www.gaveanews.com\/?s={search_term_string}"},"query-input":{"@type":"PropertyValueSpecification","valueRequired":true,"valueName":"search_term_string"}}],"inLanguage":"pt-BR"},{"@type":"Person","@id":"https:\/\/www.gaveanews.com\/#\/schema\/person\/daf63eec72e1164eb13dc35096c2b8da","name":"Paula Silva","image":{"@type":"ImageObject","inLanguage":"pt-BR","@id":"https:\/\/www.gaveanews.com\/#\/schema\/person\/image\/","url":"https:\/\/secure.gravatar.com\/avatar\/eda381c845527cc5d64c13b901833cda29d97500ba040d3e6461f76f51d163bb?s=96&d=mm&r=g","contentUrl":"https:\/\/secure.gravatar.com\/avatar\/eda381c845527cc5d64c13b901833cda29d97500ba040d3e6461f76f51d163bb?s=96&d=mm&r=g","caption":"Paula Silva"}}]}},"_links":{"self":[{"href":"https:\/\/www.gaveanews.com\/index.php\/wp-json\/wp\/v2\/posts\/246187","targetHints":{"allow":["GET"]}}],"collection":[{"href":"https:\/\/www.gaveanews.com\/index.php\/wp-json\/wp\/v2\/posts"}],"about":[{"href":"https:\/\/www.gaveanews.com\/index.php\/wp-json\/wp\/v2\/types\/post"}],"author":[{"embeddable":true,"href":"https:\/\/www.gaveanews.com\/index.php\/wp-json\/wp\/v2\/users\/18"}],"replies":[{"embeddable":true,"href":"https:\/\/www.gaveanews.com\/index.php\/wp-json\/wp\/v2\/comments?post=246187"}],"version-history":[{"count":1,"href":"https:\/\/www.gaveanews.com\/index.php\/wp-json\/wp\/v2\/posts\/246187\/revisions"}],"predecessor-version":[{"id":246198,"href":"https:\/\/www.gaveanews.com\/index.php\/wp-json\/wp\/v2\/posts\/246187\/revisions\/246198"}],"wp:featuredmedia":[{"embeddable":true,"href":"https:\/\/www.gaveanews.com\/index.php\/wp-json\/wp\/v2\/media\/225548"}],"wp:attachment":[{"href":"https:\/\/www.gaveanews.com\/index.php\/wp-json\/wp\/v2\/media?parent=246187"}],"wp:term":[{"taxonomy":"category","embeddable":true,"href":"https:\/\/www.gaveanews.com\/index.php\/wp-json\/wp\/v2\/categories?post=246187"},{"taxonomy":"post_tag","embeddable":true,"href":"https:\/\/www.gaveanews.com\/index.php\/wp-json\/wp\/v2\/tags?post=246187"}],"curies":[{"name":"wp","href":"https:\/\/api.w.org\/{rel}","templated":true}]}}