{"id":246234,"date":"2025-03-28T23:45:44","date_gmt":"2025-03-29T02:45:44","guid":{"rendered":"https:\/\/www.gaveanews.com\/?p=246234"},"modified":"2025-03-28T21:53:48","modified_gmt":"2025-03-29T00:53:48","slug":"a-declaracao-de-cadu-santoro-direcionada-a-everton-ribeiro-do-bahia","status":"publish","type":"post","link":"https:\/\/www.gaveanews.com\/index.php\/2025\/03\/28\/a-declaracao-de-cadu-santoro-direcionada-a-everton-ribeiro-do-bahia\/","title":{"rendered":"A declara\u00e7\u00e3o de Cadu Santoro direcionada a Everton Ribeiro, do Bahia"},"content":{"rendered":"\n<p>Desde que o Bahia passou a integrar o Grupo City, Cadu Santoro tem desempenhado um papel fundamental na reestrutura\u00e7\u00e3o do clube, mesmo sem grande exposi\u00e7\u00e3o midi\u00e1tica. Como diretor de futebol do Tricolor, ele tem sido pe\u00e7a-chave no planejamento de contrata\u00e7\u00f5es, vendas e na evolu\u00e7\u00e3o da equipe dentro de campo.<\/p>\n\n\n\n<p>Em 2023, o Bahia evitou o rebaixamento e, no ano seguinte, garantiu uma vaga na Libertadores. Mais recentemente, conquistou o t\u00edtulo do Campeonato Baiano, o primeiro sob a administra\u00e7\u00e3o do Grupo City, consolidando o crescimento do clube.<\/p>\n\n\n\n<p>Uma das contrata\u00e7\u00f5es mais emblem\u00e1ticas dessa fase foi a chegada de Everton Ribeiro, que, segundo Cadu, mudou a percep\u00e7\u00e3o do mercado em rela\u00e7\u00e3o ao Bahia.<\/p>\n\n\n\n<p> \u201cA estrat\u00e9gia foi abrir a janela de transfer\u00eancias com a contrata\u00e7\u00e3o dele. Acredit\u00e1vamos que a chegada de Everton iria trazer reflexos positivos, com outros atletas enxergando o clube de uma forma diferente. Antes, viam como um time que brigava por posi\u00e7\u00f5es intermedi\u00e1rias na tabela. Agora, com um jogador do hist\u00f3rico vencedor dele, todos sabem que estamos aqui para disputar t\u00edtulos\u201d, explicou.<\/p>\n\n\n\n<p>Everton Ribeiro rapidamente se tornou uma lideran\u00e7a no elenco e um jogador admirado pelos companheiros. Cadu citou como exemplo o gol marcado pelo meio-campista contra a Jacuipense e a rea\u00e7\u00e3o da equipe na comemora\u00e7\u00e3o.<\/p>\n\n\n\n<p> \u201cFoi muito legal. Voc\u00ea v\u00ea a forma como ele comemora e como os atletas comemoram com ele. Isso mostra a grandeza do Everton Ribeiro. Como o Rog\u00e9rio j\u00e1 falou algumas vezes, possivelmente \u00e9 o atleta em atividade com mais hist\u00f3ria no futebol brasileiro.\u201d<\/p>\n\n\n\n<p>O contrato de Everton com o Bahia tem dura\u00e7\u00e3o inicial de dois anos, mas h\u00e1 mecanismos para uma poss\u00edvel renova\u00e7\u00e3o. O clube mant\u00e9m di\u00e1logo aberto com o jogador e seus empres\u00e1rios para definir os pr\u00f3ximos passos. Sobre um poss\u00edvel papel do meia ap\u00f3s encerrar a carreira, Cadu afirmou que esse ainda n\u00e3o \u00e9 um assunto em discuss\u00e3o.<\/p>\n\n\n\n<p> \u201cEle ainda tem muito a contribuir dentro de campo. Nem passa pela cabe\u00e7a dele esse p\u00f3s-carreira agora. Vamos viver o dia a dia, ano a ano, e, com certeza, ele ter\u00e1 essa conversa no momento certo com a fam\u00edlia.\u201d<\/p>\n","protected":false},"excerpt":{"rendered":"<p>Desde que o Bahia passou a integrar o Grupo City, Cadu Santoro tem desempenhado um papel fundamental na reestrutura\u00e7\u00e3o do clube, mesmo sem grande exposi\u00e7\u00e3o midi\u00e1tica. Como diretor de futebol do Tricolor, ele tem sido pe\u00e7a-chave no planejamento de contrata\u00e7\u00f5es, vendas e na evolu\u00e7\u00e3o da equipe dentro de campo. Em 2023, o Bahia evitou o [&hellip;]<\/p>\n","protected":false},"author":17,"featured_media":148291,"comment_status":"open","ping_status":"closed","sticky":false,"template":"","format":"standard","meta":{"footnotes":""},"categories":[137],"tags":[],"class_list":["post-246234","post","type-post","status-publish","format-standard","has-post-thumbnail","hentry","category-bahia"],"yoast_head":"<!-- This site is optimized with the Yoast SEO Premium plugin v24.2 (Yoast SEO v26.9) - https:\/\/yoast.com\/product\/yoast-seo-premium-wordpress\/ -->\n<title>A declara\u00e7\u00e3o de Cadu Santoro direcionada a Everton Ribeiro, do Bahia<\/title>\n<meta name=\"robots\" content=\"index, follow, max-snippet:-1, max-image-preview:large, max-video-preview:-1\" \/>\n<link rel=\"canonical\" href=\"https:\/\/www.gaveanews.com\/index.php\/2025\/03\/28\/a-declaracao-de-cadu-santoro-direcionada-a-everton-ribeiro-do-bahia\/\" \/>\n<meta property=\"og:locale\" content=\"pt_BR\" \/>\n<meta property=\"og:type\" content=\"article\" \/>\n<meta property=\"og:title\" content=\"A declara\u00e7\u00e3o de Cadu Santoro direcionada a Everton Ribeiro, do Bahia\" \/>\n<meta property=\"og:description\" content=\"Desde que o Bahia passou a integrar o Grupo City, Cadu Santoro tem desempenhado um papel fundamental na reestrutura\u00e7\u00e3o do clube, mesmo sem grande exposi\u00e7\u00e3o midi\u00e1tica. Como diretor de futebol do Tricolor, ele tem sido pe\u00e7a-chave no planejamento de contrata\u00e7\u00f5es, vendas e na evolu\u00e7\u00e3o da equipe dentro de campo. Em 2023, o Bahia evitou o [&hellip;]\" \/>\n<meta property=\"og:url\" content=\"https:\/\/www.gaveanews.com\/index.php\/2025\/03\/28\/a-declaracao-de-cadu-santoro-direcionada-a-everton-ribeiro-do-bahia\/\" \/>\n<meta property=\"og:site_name\" content=\"G\u00e1vea News\" \/>\n<meta property=\"article:publisher\" content=\"https:\/\/facebook.com\/gaveaNews\/\" \/>\n<meta property=\"article:published_time\" content=\"2025-03-29T02:45:44+00:00\" \/>\n<meta name=\"author\" content=\"Geovanna Thomaz\" \/>\n<meta name=\"twitter:card\" content=\"summary_large_image\" \/>\n<meta name=\"twitter:label1\" content=\"Escrito por\" \/>\n\t<meta name=\"twitter:data1\" content=\"Geovanna Thomaz\" \/>\n\t<meta name=\"twitter:label2\" content=\"Est. tempo de leitura\" \/>\n\t<meta name=\"twitter:data2\" content=\"3 minutos\" \/>\n<script type=\"application\/ld+json\" class=\"yoast-schema-graph\">{\"@context\":\"https:\/\/schema.org\",\"@graph\":[{\"@type\":\"NewsArticle\",\"@id\":\"https:\/\/www.gaveanews.com\/index.php\/2025\/03\/28\/a-declaracao-de-cadu-santoro-direcionada-a-everton-ribeiro-do-bahia\/#article\",\"isPartOf\":{\"@id\":\"https:\/\/www.gaveanews.com\/index.php\/2025\/03\/28\/a-declaracao-de-cadu-santoro-direcionada-a-everton-ribeiro-do-bahia\/\"},\"author\":{\"name\":\"Geovanna Thomaz\",\"@id\":\"https:\/\/www.gaveanews.com\/#\/schema\/person\/f42654babcd2b2014a1a65af82b081f1\"},\"headline\":\"A declara\u00e7\u00e3o de Cadu Santoro direcionada a Everton Ribeiro, do Bahia\",\"datePublished\":\"2025-03-29T02:45:44+00:00\",\"mainEntityOfPage\":{\"@id\":\"https:\/\/www.gaveanews.com\/index.php\/2025\/03\/28\/a-declaracao-de-cadu-santoro-direcionada-a-everton-ribeiro-do-bahia\/\"},\"wordCount\":393,\"commentCount\":0,\"image\":{\"@id\":\"https:\/\/www.gaveanews.com\/index.php\/2025\/03\/28\/a-declaracao-de-cadu-santoro-direcionada-a-everton-ribeiro-do-bahia\/#primaryimage\"},\"thumbnailUrl\":\"https:\/\/www.gaveanews.com\/wp-content\/uploads\/53630999807-63f737b3c1-k.avif\",\"articleSection\":[\"Bahia\"],\"inLanguage\":\"pt-BR\",\"potentialAction\":[{\"@type\":\"CommentAction\",\"name\":\"Comment\",\"target\":[\"https:\/\/www.gaveanews.com\/index.php\/2025\/03\/28\/a-declaracao-de-cadu-santoro-direcionada-a-everton-ribeiro-do-bahia\/#respond\"]}],\"copyrightYear\":\"2025\",\"copyrightHolder\":{\"@id\":\"https:\/\/www.gaveanews.com\/#organization\"}},{\"@type\":\"WebPage\",\"@id\":\"https:\/\/www.gaveanews.com\/index.php\/2025\/03\/28\/a-declaracao-de-cadu-santoro-direcionada-a-everton-ribeiro-do-bahia\/\",\"url\":\"https:\/\/www.gaveanews.com\/index.php\/2025\/03\/28\/a-declaracao-de-cadu-santoro-direcionada-a-everton-ribeiro-do-bahia\/\",\"name\":\"A declara\u00e7\u00e3o de Cadu Santoro direcionada a Everton Ribeiro, do Bahia\",\"isPartOf\":{\"@id\":\"https:\/\/www.gaveanews.com\/#website\"},\"primaryImageOfPage\":{\"@id\":\"https:\/\/www.gaveanews.com\/index.php\/2025\/03\/28\/a-declaracao-de-cadu-santoro-direcionada-a-everton-ribeiro-do-bahia\/#primaryimage\"},\"image\":{\"@id\":\"https:\/\/www.gaveanews.com\/index.php\/2025\/03\/28\/a-declaracao-de-cadu-santoro-direcionada-a-everton-ribeiro-do-bahia\/#primaryimage\"},\"thumbnailUrl\":\"https:\/\/www.gaveanews.com\/wp-content\/uploads\/53630999807-63f737b3c1-k.avif\",\"datePublished\":\"2025-03-29T02:45:44+00:00\",\"author\":{\"@id\":\"https:\/\/www.gaveanews.com\/#\/schema\/person\/f42654babcd2b2014a1a65af82b081f1\"},\"breadcrumb\":{\"@id\":\"https:\/\/www.gaveanews.com\/index.php\/2025\/03\/28\/a-declaracao-de-cadu-santoro-direcionada-a-everton-ribeiro-do-bahia\/#breadcrumb\"},\"inLanguage\":\"pt-BR\",\"potentialAction\":[{\"@type\":\"ReadAction\",\"target\":[\"https:\/\/www.gaveanews.com\/index.php\/2025\/03\/28\/a-declaracao-de-cadu-santoro-direcionada-a-everton-ribeiro-do-bahia\/\"]}]},{\"@type\":\"ImageObject\",\"inLanguage\":\"pt-BR\",\"@id\":\"https:\/\/www.gaveanews.com\/index.php\/2025\/03\/28\/a-declaracao-de-cadu-santoro-direcionada-a-everton-ribeiro-do-bahia\/#primaryimage\",\"url\":\"https:\/\/www.gaveanews.com\/wp-content\/uploads\/53630999807-63f737b3c1-k.avif\",\"contentUrl\":\"https:\/\/www.gaveanews.com\/wp-content\/uploads\/53630999807-63f737b3c1-k.avif\",\"width\":984,\"height\":656,\"caption\":\"Everton Ribeiro em treino do Bahia \u2014 Foto: Tiago Caldas \/ EC Bahia\"},{\"@type\":\"BreadcrumbList\",\"@id\":\"https:\/\/www.gaveanews.com\/index.php\/2025\/03\/28\/a-declaracao-de-cadu-santoro-direcionada-a-everton-ribeiro-do-bahia\/#breadcrumb\",\"itemListElement\":[{\"@type\":\"ListItem\",\"position\":1,\"name\":\"Home\",\"item\":\"https:\/\/www.gaveanews.com\/\"},{\"@type\":\"ListItem\",\"position\":2,\"name\":\"A declara\u00e7\u00e3o de Cadu Santoro direcionada a Everton Ribeiro, do Bahia\"}]},{\"@type\":\"WebSite\",\"@id\":\"https:\/\/www.gaveanews.com\/#website\",\"url\":\"https:\/\/www.gaveanews.com\/\",\"name\":\"G\u00e1vea News\",\"description\":\"Veja todas as not\u00edcias sobre o Flamengo: Contrata\u00e7\u00f5es, categorias de base, resultados das partidas, tabela de classifica\u00e7\u00e3o, pr\u00f3ximos jogos!\",\"potentialAction\":[{\"@type\":\"SearchAction\",\"target\":{\"@type\":\"EntryPoint\",\"urlTemplate\":\"https:\/\/www.gaveanews.com\/?s={search_term_string}\"},\"query-input\":{\"@type\":\"PropertyValueSpecification\",\"valueRequired\":true,\"valueName\":\"search_term_string\"}}],\"inLanguage\":\"pt-BR\"},{\"@type\":\"Person\",\"@id\":\"https:\/\/www.gaveanews.com\/#\/schema\/person\/f42654babcd2b2014a1a65af82b081f1\",\"name\":\"Geovanna Thomaz\",\"image\":{\"@type\":\"ImageObject\",\"inLanguage\":\"pt-BR\",\"@id\":\"https:\/\/www.gaveanews.com\/#\/schema\/person\/image\/\",\"url\":\"https:\/\/secure.gravatar.com\/avatar\/4092073255489533afb558984b49b64268c47198af8623cc82a925ae9fb7118a?s=96&d=mm&r=g\",\"contentUrl\":\"https:\/\/secure.gravatar.com\/avatar\/4092073255489533afb558984b49b64268c47198af8623cc82a925ae9fb7118a?s=96&d=mm&r=g\",\"caption\":\"Geovanna Thomaz\"}}]}<\/script>\n<!-- \/ Yoast SEO Premium plugin. -->","yoast_head_json":{"title":"A declara\u00e7\u00e3o de Cadu Santoro direcionada a Everton Ribeiro, do Bahia","robots":{"index":"index","follow":"follow","max-snippet":"max-snippet:-1","max-image-preview":"max-image-preview:large","max-video-preview":"max-video-preview:-1"},"canonical":"https:\/\/www.gaveanews.com\/index.php\/2025\/03\/28\/a-declaracao-de-cadu-santoro-direcionada-a-everton-ribeiro-do-bahia\/","og_locale":"pt_BR","og_type":"article","og_title":"A declara\u00e7\u00e3o de Cadu Santoro direcionada a Everton Ribeiro, do Bahia","og_description":"Desde que o Bahia passou a integrar o Grupo City, Cadu Santoro tem desempenhado um papel fundamental na reestrutura\u00e7\u00e3o do clube, mesmo sem grande exposi\u00e7\u00e3o midi\u00e1tica. Como diretor de futebol do Tricolor, ele tem sido pe\u00e7a-chave no planejamento de contrata\u00e7\u00f5es, vendas e na evolu\u00e7\u00e3o da equipe dentro de campo. Em 2023, o Bahia evitou o [&hellip;]","og_url":"https:\/\/www.gaveanews.com\/index.php\/2025\/03\/28\/a-declaracao-de-cadu-santoro-direcionada-a-everton-ribeiro-do-bahia\/","og_site_name":"G\u00e1vea News","article_publisher":"https:\/\/facebook.com\/gaveaNews\/","article_published_time":"2025-03-29T02:45:44+00:00","author":"Geovanna Thomaz","twitter_card":"summary_large_image","twitter_misc":{"Escrito por":"Geovanna Thomaz","Est. tempo de leitura":"3 minutos"},"schema":{"@context":"https:\/\/schema.org","@graph":[{"@type":"NewsArticle","@id":"https:\/\/www.gaveanews.com\/index.php\/2025\/03\/28\/a-declaracao-de-cadu-santoro-direcionada-a-everton-ribeiro-do-bahia\/#article","isPartOf":{"@id":"https:\/\/www.gaveanews.com\/index.php\/2025\/03\/28\/a-declaracao-de-cadu-santoro-direcionada-a-everton-ribeiro-do-bahia\/"},"author":{"name":"Geovanna Thomaz","@id":"https:\/\/www.gaveanews.com\/#\/schema\/person\/f42654babcd2b2014a1a65af82b081f1"},"headline":"A declara\u00e7\u00e3o de Cadu Santoro direcionada a Everton Ribeiro, do Bahia","datePublished":"2025-03-29T02:45:44+00:00","mainEntityOfPage":{"@id":"https:\/\/www.gaveanews.com\/index.php\/2025\/03\/28\/a-declaracao-de-cadu-santoro-direcionada-a-everton-ribeiro-do-bahia\/"},"wordCount":393,"commentCount":0,"image":{"@id":"https:\/\/www.gaveanews.com\/index.php\/2025\/03\/28\/a-declaracao-de-cadu-santoro-direcionada-a-everton-ribeiro-do-bahia\/#primaryimage"},"thumbnailUrl":"https:\/\/www.gaveanews.com\/wp-content\/uploads\/53630999807-63f737b3c1-k.avif","articleSection":["Bahia"],"inLanguage":"pt-BR","potentialAction":[{"@type":"CommentAction","name":"Comment","target":["https:\/\/www.gaveanews.com\/index.php\/2025\/03\/28\/a-declaracao-de-cadu-santoro-direcionada-a-everton-ribeiro-do-bahia\/#respond"]}],"copyrightYear":"2025","copyrightHolder":{"@id":"https:\/\/www.gaveanews.com\/#organization"}},{"@type":"WebPage","@id":"https:\/\/www.gaveanews.com\/index.php\/2025\/03\/28\/a-declaracao-de-cadu-santoro-direcionada-a-everton-ribeiro-do-bahia\/","url":"https:\/\/www.gaveanews.com\/index.php\/2025\/03\/28\/a-declaracao-de-cadu-santoro-direcionada-a-everton-ribeiro-do-bahia\/","name":"A declara\u00e7\u00e3o de Cadu Santoro direcionada a Everton Ribeiro, do Bahia","isPartOf":{"@id":"https:\/\/www.gaveanews.com\/#website"},"primaryImageOfPage":{"@id":"https:\/\/www.gaveanews.com\/index.php\/2025\/03\/28\/a-declaracao-de-cadu-santoro-direcionada-a-everton-ribeiro-do-bahia\/#primaryimage"},"image":{"@id":"https:\/\/www.gaveanews.com\/index.php\/2025\/03\/28\/a-declaracao-de-cadu-santoro-direcionada-a-everton-ribeiro-do-bahia\/#primaryimage"},"thumbnailUrl":"https:\/\/www.gaveanews.com\/wp-content\/uploads\/53630999807-63f737b3c1-k.avif","datePublished":"2025-03-29T02:45:44+00:00","author":{"@id":"https:\/\/www.gaveanews.com\/#\/schema\/person\/f42654babcd2b2014a1a65af82b081f1"},"breadcrumb":{"@id":"https:\/\/www.gaveanews.com\/index.php\/2025\/03\/28\/a-declaracao-de-cadu-santoro-direcionada-a-everton-ribeiro-do-bahia\/#breadcrumb"},"inLanguage":"pt-BR","potentialAction":[{"@type":"ReadAction","target":["https:\/\/www.gaveanews.com\/index.php\/2025\/03\/28\/a-declaracao-de-cadu-santoro-direcionada-a-everton-ribeiro-do-bahia\/"]}]},{"@type":"ImageObject","inLanguage":"pt-BR","@id":"https:\/\/www.gaveanews.com\/index.php\/2025\/03\/28\/a-declaracao-de-cadu-santoro-direcionada-a-everton-ribeiro-do-bahia\/#primaryimage","url":"https:\/\/www.gaveanews.com\/wp-content\/uploads\/53630999807-63f737b3c1-k.avif","contentUrl":"https:\/\/www.gaveanews.com\/wp-content\/uploads\/53630999807-63f737b3c1-k.avif","width":984,"height":656,"caption":"Everton Ribeiro em treino do Bahia \u2014 Foto: Tiago Caldas \/ EC Bahia"},{"@type":"BreadcrumbList","@id":"https:\/\/www.gaveanews.com\/index.php\/2025\/03\/28\/a-declaracao-de-cadu-santoro-direcionada-a-everton-ribeiro-do-bahia\/#breadcrumb","itemListElement":[{"@type":"ListItem","position":1,"name":"Home","item":"https:\/\/www.gaveanews.com\/"},{"@type":"ListItem","position":2,"name":"A declara\u00e7\u00e3o de Cadu Santoro direcionada a Everton Ribeiro, do Bahia"}]},{"@type":"WebSite","@id":"https:\/\/www.gaveanews.com\/#website","url":"https:\/\/www.gaveanews.com\/","name":"G\u00e1vea News","description":"Veja todas as not\u00edcias sobre o Flamengo: Contrata\u00e7\u00f5es, categorias de base, resultados das partidas, tabela de classifica\u00e7\u00e3o, pr\u00f3ximos jogos!","potentialAction":[{"@type":"SearchAction","target":{"@type":"EntryPoint","urlTemplate":"https:\/\/www.gaveanews.com\/?s={search_term_string}"},"query-input":{"@type":"PropertyValueSpecification","valueRequired":true,"valueName":"search_term_string"}}],"inLanguage":"pt-BR"},{"@type":"Person","@id":"https:\/\/www.gaveanews.com\/#\/schema\/person\/f42654babcd2b2014a1a65af82b081f1","name":"Geovanna Thomaz","image":{"@type":"ImageObject","inLanguage":"pt-BR","@id":"https:\/\/www.gaveanews.com\/#\/schema\/person\/image\/","url":"https:\/\/secure.gravatar.com\/avatar\/4092073255489533afb558984b49b64268c47198af8623cc82a925ae9fb7118a?s=96&d=mm&r=g","contentUrl":"https:\/\/secure.gravatar.com\/avatar\/4092073255489533afb558984b49b64268c47198af8623cc82a925ae9fb7118a?s=96&d=mm&r=g","caption":"Geovanna Thomaz"}}]}},"_links":{"self":[{"href":"https:\/\/www.gaveanews.com\/index.php\/wp-json\/wp\/v2\/posts\/246234","targetHints":{"allow":["GET"]}}],"collection":[{"href":"https:\/\/www.gaveanews.com\/index.php\/wp-json\/wp\/v2\/posts"}],"about":[{"href":"https:\/\/www.gaveanews.com\/index.php\/wp-json\/wp\/v2\/types\/post"}],"author":[{"embeddable":true,"href":"https:\/\/www.gaveanews.com\/index.php\/wp-json\/wp\/v2\/users\/17"}],"replies":[{"embeddable":true,"href":"https:\/\/www.gaveanews.com\/index.php\/wp-json\/wp\/v2\/comments?post=246234"}],"version-history":[{"count":1,"href":"https:\/\/www.gaveanews.com\/index.php\/wp-json\/wp\/v2\/posts\/246234\/revisions"}],"predecessor-version":[{"id":246235,"href":"https:\/\/www.gaveanews.com\/index.php\/wp-json\/wp\/v2\/posts\/246234\/revisions\/246235"}],"wp:featuredmedia":[{"embeddable":true,"href":"https:\/\/www.gaveanews.com\/index.php\/wp-json\/wp\/v2\/media\/148291"}],"wp:attachment":[{"href":"https:\/\/www.gaveanews.com\/index.php\/wp-json\/wp\/v2\/media?parent=246234"}],"wp:term":[{"taxonomy":"category","embeddable":true,"href":"https:\/\/www.gaveanews.com\/index.php\/wp-json\/wp\/v2\/categories?post=246234"},{"taxonomy":"post_tag","embeddable":true,"href":"https:\/\/www.gaveanews.com\/index.php\/wp-json\/wp\/v2\/tags?post=246234"}],"curies":[{"name":"wp","href":"https:\/\/api.w.org\/{rel}","templated":true}]}}