{"id":246237,"date":"2025-03-28T23:50:22","date_gmt":"2025-03-29T02:50:22","guid":{"rendered":"https:\/\/www.gaveanews.com\/?p=246237"},"modified":"2025-03-28T21:54:02","modified_gmt":"2025-03-29T00:54:02","slug":"a-declaracao-de-renato-paiva-do-botafogo-direcionada-a-flamengo-e-palmeiras","status":"publish","type":"post","link":"https:\/\/www.gaveanews.com\/index.php\/2025\/03\/28\/a-declaracao-de-renato-paiva-do-botafogo-direcionada-a-flamengo-e-palmeiras\/","title":{"rendered":"A declara\u00e7\u00e3o de Renato Paiva, do Botafogo, direcionada a Flamengo e Palmeiras"},"content":{"rendered":"\n<p>Renato Paiva concedeu entrevista ao jornal portugu\u00eas &#8220;A Bola&#8221; e foi questionado sobre o favoritismo de Flamengo e Palmeiras nas competi\u00e7\u00f5es de 2025. O t\u00e9cnico do Botafogo reconheceu a superioridade dos elencos, mas afirmou que sua equipe buscar\u00e1 contrariar as expectativas.<\/p>\n\n\n\n<p>\u201cPelo menos na teoria e no investimento, sim, n\u00e3o h\u00e1 d\u00favida nenhuma. O Flamengo tem quase duas equipes. Tem 11 a jogar e olha para o banco e tem outros quase do mesmo n\u00edvel. O Palmeiras refor\u00e7ou-se muito bem tamb\u00e9m, com dois super jogadores para a frente, o Paulinho e o Vitor Roque, que s\u00e3o dois grandes jogadores. Agora vem o Evangelista. Refor\u00e7ou-se muito bem o Palmeiras\u201d, analisou Paiva.<\/p>\n\n\n\n<p>Apesar disso, o treinador portugu\u00eas acredita que o desempenho dentro de campo pode surpreender. \u201cTem 11 muito fortes e uma segunda linha muito forte. Isso faz deles, que \u00e9 a an\u00e1lise que eu fa\u00e7o e toda a gente faz, na teoria, os favoritos. Mas \u00e9 teoria, e como muitas vezes a teoria \u00e9 contrariada pela pr\u00e1tica, aquilo que n\u00f3s queremos \u00e9 contrariar e p\u00f4r em pr\u00e1tica outras coisas que nos fazem melhores que eles. Se vamos conseguir ou n\u00e3o, eu n\u00e3o sei, mas estou de acordo que os dois melhores elencos s\u00e3o esses neste momento.\u201d<\/p>\n\n\n\n<p>Durante a entrevista, Paiva tamb\u00e9m falou sobre seu contato com Artur Jorge, t\u00e9cnico portugu\u00eas que comandou o Botafogo na conquista da Libertadores e do Campeonato Brasileiro em 2024. Ele esclareceu que a falta de uma troca de mensagens inicial gerou pol\u00eamica desnecess\u00e1ria e garantiu que manteve uma conversa com o ex-comandante alvinegro.<\/p>\n\n\n\n<p>\u201cFalamos por mensagem, at\u00e9 porque se fez um barulho desnecess\u00e1rio quando eu respondi que tinha 250 mensagens no telefone e me perguntaram depois se alguma era do Artur, e eu disse que n\u00e3o. Por isso, tive o cuidado de lhe ligar e dizer que n\u00e3o havia pol\u00eamica nenhuma, at\u00e9 porque ele n\u00e3o tinha obriga\u00e7\u00e3o nenhuma de mandar mensagem e porque fomos colegas de turma no UEFA Pro e temos boa rela\u00e7\u00e3o. Ele disse que estava tudo tranquilo, que tinha orgulho de eu ser o sucessor dele e trocamos ideias r\u00e1pidas.\u201d<\/p>\n\n\n\n<p>Paiva tamb\u00e9m comentou sobre sua primeira impress\u00e3o do elenco alvinegro. \u201cEncontrei um grupo sedento, que n\u00e3o est\u00e1 contente com o que ganhou\u201d, afirmou o treinador.<\/p>\n\n\n\n<p>Neste domingo, o Botafogo estreia no Campeonato Brasileiro enfrentando o Palmeiras, \u00e0s 16h, no Allianz Parque. Ser\u00e1 a primeira partida oficial de Renato Paiva no comando da equipe.<\/p>\n","protected":false},"excerpt":{"rendered":"<p>Renato Paiva concedeu entrevista ao jornal portugu\u00eas &#8220;A Bola&#8221; e foi questionado sobre o favoritismo de Flamengo e Palmeiras nas competi\u00e7\u00f5es de 2025. O t\u00e9cnico do Botafogo reconheceu a superioridade dos elencos, mas afirmou que sua equipe buscar\u00e1 contrariar as expectativas. \u201cPelo menos na teoria e no investimento, sim, n\u00e3o h\u00e1 d\u00favida nenhuma. O Flamengo [&hellip;]<\/p>\n","protected":false},"author":17,"featured_media":244411,"comment_status":"open","ping_status":"closed","sticky":false,"template":"","format":"standard","meta":{"footnotes":""},"categories":[138,1,150],"tags":[],"class_list":["post-246237","post","type-post","status-publish","format-standard","has-post-thumbnail","hentry","category-botafogo","category-flamengo","category-palmeiras"],"yoast_head":"<!-- This site is optimized with the Yoast SEO Premium plugin v24.2 (Yoast SEO v26.9) - https:\/\/yoast.com\/product\/yoast-seo-premium-wordpress\/ -->\n<title>A declara\u00e7\u00e3o de Renato Paiva, do Botafogo, direcionada a Flamengo e Palmeiras<\/title>\n<meta name=\"robots\" content=\"index, follow, max-snippet:-1, max-image-preview:large, max-video-preview:-1\" \/>\n<link rel=\"canonical\" href=\"https:\/\/www.gaveanews.com\/index.php\/2025\/03\/28\/a-declaracao-de-renato-paiva-do-botafogo-direcionada-a-flamengo-e-palmeiras\/\" \/>\n<meta property=\"og:locale\" content=\"pt_BR\" \/>\n<meta property=\"og:type\" content=\"article\" \/>\n<meta property=\"og:title\" content=\"A declara\u00e7\u00e3o de Renato Paiva, do Botafogo, direcionada a Flamengo e Palmeiras\" \/>\n<meta property=\"og:description\" content=\"Renato Paiva concedeu entrevista ao jornal portugu\u00eas &#8220;A Bola&#8221; e foi questionado sobre o favoritismo de Flamengo e Palmeiras nas competi\u00e7\u00f5es de 2025. O t\u00e9cnico do Botafogo reconheceu a superioridade dos elencos, mas afirmou que sua equipe buscar\u00e1 contrariar as expectativas. \u201cPelo menos na teoria e no investimento, sim, n\u00e3o h\u00e1 d\u00favida nenhuma. O Flamengo [&hellip;]\" \/>\n<meta property=\"og:url\" content=\"https:\/\/www.gaveanews.com\/index.php\/2025\/03\/28\/a-declaracao-de-renato-paiva-do-botafogo-direcionada-a-flamengo-e-palmeiras\/\" \/>\n<meta property=\"og:site_name\" content=\"G\u00e1vea News\" \/>\n<meta property=\"article:publisher\" content=\"https:\/\/facebook.com\/gaveaNews\/\" \/>\n<meta property=\"article:published_time\" content=\"2025-03-29T02:50:22+00:00\" \/>\n<meta property=\"og:image\" content=\"https:\/\/www.gaveanews.com\/wp-content\/uploads\/Renato-Paiva-em-acao-pelo-Botafogo-em-2025.webp\" \/>\n\t<meta property=\"og:image:width\" content=\"900\" \/>\n\t<meta property=\"og:image:height\" content=\"600\" \/>\n\t<meta property=\"og:image:type\" content=\"image\/jpeg\" \/>\n<meta name=\"author\" content=\"Geovanna Thomaz\" \/>\n<meta name=\"twitter:card\" content=\"summary_large_image\" \/>\n<meta name=\"twitter:label1\" content=\"Escrito por\" \/>\n\t<meta name=\"twitter:data1\" content=\"Geovanna Thomaz\" \/>\n\t<meta name=\"twitter:label2\" content=\"Est. tempo de leitura\" \/>\n\t<meta name=\"twitter:data2\" content=\"3 minutos\" \/>\n<script type=\"application\/ld+json\" class=\"yoast-schema-graph\">{\"@context\":\"https:\/\/schema.org\",\"@graph\":[{\"@type\":\"NewsArticle\",\"@id\":\"https:\/\/www.gaveanews.com\/index.php\/2025\/03\/28\/a-declaracao-de-renato-paiva-do-botafogo-direcionada-a-flamengo-e-palmeiras\/#article\",\"isPartOf\":{\"@id\":\"https:\/\/www.gaveanews.com\/index.php\/2025\/03\/28\/a-declaracao-de-renato-paiva-do-botafogo-direcionada-a-flamengo-e-palmeiras\/\"},\"author\":{\"name\":\"Geovanna Thomaz\",\"@id\":\"https:\/\/www.gaveanews.com\/#\/schema\/person\/f42654babcd2b2014a1a65af82b081f1\"},\"headline\":\"A declara\u00e7\u00e3o de Renato Paiva, do Botafogo, direcionada a Flamengo e Palmeiras\",\"datePublished\":\"2025-03-29T02:50:22+00:00\",\"mainEntityOfPage\":{\"@id\":\"https:\/\/www.gaveanews.com\/index.php\/2025\/03\/28\/a-declaracao-de-renato-paiva-do-botafogo-direcionada-a-flamengo-e-palmeiras\/\"},\"wordCount\":440,\"commentCount\":0,\"image\":{\"@id\":\"https:\/\/www.gaveanews.com\/index.php\/2025\/03\/28\/a-declaracao-de-renato-paiva-do-botafogo-direcionada-a-flamengo-e-palmeiras\/#primaryimage\"},\"thumbnailUrl\":\"https:\/\/www.gaveanews.com\/wp-content\/uploads\/Renato-Paiva-em-acao-pelo-Botafogo-em-2025.webp\",\"articleSection\":[\"Botafogo\",\"Flamengo\",\"Palmeiras\"],\"inLanguage\":\"pt-BR\",\"potentialAction\":[{\"@type\":\"CommentAction\",\"name\":\"Comment\",\"target\":[\"https:\/\/www.gaveanews.com\/index.php\/2025\/03\/28\/a-declaracao-de-renato-paiva-do-botafogo-direcionada-a-flamengo-e-palmeiras\/#respond\"]}],\"copyrightYear\":\"2025\",\"copyrightHolder\":{\"@id\":\"https:\/\/www.gaveanews.com\/#organization\"}},{\"@type\":\"WebPage\",\"@id\":\"https:\/\/www.gaveanews.com\/index.php\/2025\/03\/28\/a-declaracao-de-renato-paiva-do-botafogo-direcionada-a-flamengo-e-palmeiras\/\",\"url\":\"https:\/\/www.gaveanews.com\/index.php\/2025\/03\/28\/a-declaracao-de-renato-paiva-do-botafogo-direcionada-a-flamengo-e-palmeiras\/\",\"name\":\"A declara\u00e7\u00e3o de Renato Paiva, do Botafogo, direcionada a Flamengo e Palmeiras\",\"isPartOf\":{\"@id\":\"https:\/\/www.gaveanews.com\/#website\"},\"primaryImageOfPage\":{\"@id\":\"https:\/\/www.gaveanews.com\/index.php\/2025\/03\/28\/a-declaracao-de-renato-paiva-do-botafogo-direcionada-a-flamengo-e-palmeiras\/#primaryimage\"},\"image\":{\"@id\":\"https:\/\/www.gaveanews.com\/index.php\/2025\/03\/28\/a-declaracao-de-renato-paiva-do-botafogo-direcionada-a-flamengo-e-palmeiras\/#primaryimage\"},\"thumbnailUrl\":\"https:\/\/www.gaveanews.com\/wp-content\/uploads\/Renato-Paiva-em-acao-pelo-Botafogo-em-2025.webp\",\"datePublished\":\"2025-03-29T02:50:22+00:00\",\"author\":{\"@id\":\"https:\/\/www.gaveanews.com\/#\/schema\/person\/f42654babcd2b2014a1a65af82b081f1\"},\"breadcrumb\":{\"@id\":\"https:\/\/www.gaveanews.com\/index.php\/2025\/03\/28\/a-declaracao-de-renato-paiva-do-botafogo-direcionada-a-flamengo-e-palmeiras\/#breadcrumb\"},\"inLanguage\":\"pt-BR\",\"potentialAction\":[{\"@type\":\"ReadAction\",\"target\":[\"https:\/\/www.gaveanews.com\/index.php\/2025\/03\/28\/a-declaracao-de-renato-paiva-do-botafogo-direcionada-a-flamengo-e-palmeiras\/\"]}]},{\"@type\":\"ImageObject\",\"inLanguage\":\"pt-BR\",\"@id\":\"https:\/\/www.gaveanews.com\/index.php\/2025\/03\/28\/a-declaracao-de-renato-paiva-do-botafogo-direcionada-a-flamengo-e-palmeiras\/#primaryimage\",\"url\":\"https:\/\/www.gaveanews.com\/wp-content\/uploads\/Renato-Paiva-em-acao-pelo-Botafogo-em-2025.webp\",\"contentUrl\":\"https:\/\/www.gaveanews.com\/wp-content\/uploads\/Renato-Paiva-em-acao-pelo-Botafogo-em-2025.webp\",\"width\":900,\"height\":600,\"caption\":\"Renato Paiva em a\u00e7\u00e3o pelo Botafogo em 2025 (Foto: Vitor Silva\/Botafogo)\"},{\"@type\":\"BreadcrumbList\",\"@id\":\"https:\/\/www.gaveanews.com\/index.php\/2025\/03\/28\/a-declaracao-de-renato-paiva-do-botafogo-direcionada-a-flamengo-e-palmeiras\/#breadcrumb\",\"itemListElement\":[{\"@type\":\"ListItem\",\"position\":1,\"name\":\"Home\",\"item\":\"https:\/\/www.gaveanews.com\/\"},{\"@type\":\"ListItem\",\"position\":2,\"name\":\"A declara\u00e7\u00e3o de Renato Paiva, do Botafogo, direcionada a Flamengo e Palmeiras\"}]},{\"@type\":\"WebSite\",\"@id\":\"https:\/\/www.gaveanews.com\/#website\",\"url\":\"https:\/\/www.gaveanews.com\/\",\"name\":\"G\u00e1vea News\",\"description\":\"Veja todas as not\u00edcias sobre o Flamengo: Contrata\u00e7\u00f5es, categorias de base, resultados das partidas, tabela de classifica\u00e7\u00e3o, pr\u00f3ximos jogos!\",\"potentialAction\":[{\"@type\":\"SearchAction\",\"target\":{\"@type\":\"EntryPoint\",\"urlTemplate\":\"https:\/\/www.gaveanews.com\/?s={search_term_string}\"},\"query-input\":{\"@type\":\"PropertyValueSpecification\",\"valueRequired\":true,\"valueName\":\"search_term_string\"}}],\"inLanguage\":\"pt-BR\"},{\"@type\":\"Person\",\"@id\":\"https:\/\/www.gaveanews.com\/#\/schema\/person\/f42654babcd2b2014a1a65af82b081f1\",\"name\":\"Geovanna Thomaz\",\"image\":{\"@type\":\"ImageObject\",\"inLanguage\":\"pt-BR\",\"@id\":\"https:\/\/www.gaveanews.com\/#\/schema\/person\/image\/\",\"url\":\"https:\/\/secure.gravatar.com\/avatar\/4092073255489533afb558984b49b64268c47198af8623cc82a925ae9fb7118a?s=96&d=mm&r=g\",\"contentUrl\":\"https:\/\/secure.gravatar.com\/avatar\/4092073255489533afb558984b49b64268c47198af8623cc82a925ae9fb7118a?s=96&d=mm&r=g\",\"caption\":\"Geovanna Thomaz\"}}]}<\/script>\n<!-- \/ Yoast SEO Premium plugin. -->","yoast_head_json":{"title":"A declara\u00e7\u00e3o de Renato Paiva, do Botafogo, direcionada a Flamengo e Palmeiras","robots":{"index":"index","follow":"follow","max-snippet":"max-snippet:-1","max-image-preview":"max-image-preview:large","max-video-preview":"max-video-preview:-1"},"canonical":"https:\/\/www.gaveanews.com\/index.php\/2025\/03\/28\/a-declaracao-de-renato-paiva-do-botafogo-direcionada-a-flamengo-e-palmeiras\/","og_locale":"pt_BR","og_type":"article","og_title":"A declara\u00e7\u00e3o de Renato Paiva, do Botafogo, direcionada a Flamengo e Palmeiras","og_description":"Renato Paiva concedeu entrevista ao jornal portugu\u00eas &#8220;A Bola&#8221; e foi questionado sobre o favoritismo de Flamengo e Palmeiras nas competi\u00e7\u00f5es de 2025. O t\u00e9cnico do Botafogo reconheceu a superioridade dos elencos, mas afirmou que sua equipe buscar\u00e1 contrariar as expectativas. \u201cPelo menos na teoria e no investimento, sim, n\u00e3o h\u00e1 d\u00favida nenhuma. O Flamengo [&hellip;]","og_url":"https:\/\/www.gaveanews.com\/index.php\/2025\/03\/28\/a-declaracao-de-renato-paiva-do-botafogo-direcionada-a-flamengo-e-palmeiras\/","og_site_name":"G\u00e1vea News","article_publisher":"https:\/\/facebook.com\/gaveaNews\/","article_published_time":"2025-03-29T02:50:22+00:00","og_image":[{"width":900,"height":600,"url":"https:\/\/www.gaveanews.com\/wp-content\/uploads\/Renato-Paiva-em-acao-pelo-Botafogo-em-2025.webp","type":"image\/jpeg"}],"author":"Geovanna Thomaz","twitter_card":"summary_large_image","twitter_misc":{"Escrito por":"Geovanna Thomaz","Est. tempo de leitura":"3 minutos"},"schema":{"@context":"https:\/\/schema.org","@graph":[{"@type":"NewsArticle","@id":"https:\/\/www.gaveanews.com\/index.php\/2025\/03\/28\/a-declaracao-de-renato-paiva-do-botafogo-direcionada-a-flamengo-e-palmeiras\/#article","isPartOf":{"@id":"https:\/\/www.gaveanews.com\/index.php\/2025\/03\/28\/a-declaracao-de-renato-paiva-do-botafogo-direcionada-a-flamengo-e-palmeiras\/"},"author":{"name":"Geovanna Thomaz","@id":"https:\/\/www.gaveanews.com\/#\/schema\/person\/f42654babcd2b2014a1a65af82b081f1"},"headline":"A declara\u00e7\u00e3o de Renato Paiva, do Botafogo, direcionada a Flamengo e Palmeiras","datePublished":"2025-03-29T02:50:22+00:00","mainEntityOfPage":{"@id":"https:\/\/www.gaveanews.com\/index.php\/2025\/03\/28\/a-declaracao-de-renato-paiva-do-botafogo-direcionada-a-flamengo-e-palmeiras\/"},"wordCount":440,"commentCount":0,"image":{"@id":"https:\/\/www.gaveanews.com\/index.php\/2025\/03\/28\/a-declaracao-de-renato-paiva-do-botafogo-direcionada-a-flamengo-e-palmeiras\/#primaryimage"},"thumbnailUrl":"https:\/\/www.gaveanews.com\/wp-content\/uploads\/Renato-Paiva-em-acao-pelo-Botafogo-em-2025.webp","articleSection":["Botafogo","Flamengo","Palmeiras"],"inLanguage":"pt-BR","potentialAction":[{"@type":"CommentAction","name":"Comment","target":["https:\/\/www.gaveanews.com\/index.php\/2025\/03\/28\/a-declaracao-de-renato-paiva-do-botafogo-direcionada-a-flamengo-e-palmeiras\/#respond"]}],"copyrightYear":"2025","copyrightHolder":{"@id":"https:\/\/www.gaveanews.com\/#organization"}},{"@type":"WebPage","@id":"https:\/\/www.gaveanews.com\/index.php\/2025\/03\/28\/a-declaracao-de-renato-paiva-do-botafogo-direcionada-a-flamengo-e-palmeiras\/","url":"https:\/\/www.gaveanews.com\/index.php\/2025\/03\/28\/a-declaracao-de-renato-paiva-do-botafogo-direcionada-a-flamengo-e-palmeiras\/","name":"A declara\u00e7\u00e3o de Renato Paiva, do Botafogo, direcionada a Flamengo e Palmeiras","isPartOf":{"@id":"https:\/\/www.gaveanews.com\/#website"},"primaryImageOfPage":{"@id":"https:\/\/www.gaveanews.com\/index.php\/2025\/03\/28\/a-declaracao-de-renato-paiva-do-botafogo-direcionada-a-flamengo-e-palmeiras\/#primaryimage"},"image":{"@id":"https:\/\/www.gaveanews.com\/index.php\/2025\/03\/28\/a-declaracao-de-renato-paiva-do-botafogo-direcionada-a-flamengo-e-palmeiras\/#primaryimage"},"thumbnailUrl":"https:\/\/www.gaveanews.com\/wp-content\/uploads\/Renato-Paiva-em-acao-pelo-Botafogo-em-2025.webp","datePublished":"2025-03-29T02:50:22+00:00","author":{"@id":"https:\/\/www.gaveanews.com\/#\/schema\/person\/f42654babcd2b2014a1a65af82b081f1"},"breadcrumb":{"@id":"https:\/\/www.gaveanews.com\/index.php\/2025\/03\/28\/a-declaracao-de-renato-paiva-do-botafogo-direcionada-a-flamengo-e-palmeiras\/#breadcrumb"},"inLanguage":"pt-BR","potentialAction":[{"@type":"ReadAction","target":["https:\/\/www.gaveanews.com\/index.php\/2025\/03\/28\/a-declaracao-de-renato-paiva-do-botafogo-direcionada-a-flamengo-e-palmeiras\/"]}]},{"@type":"ImageObject","inLanguage":"pt-BR","@id":"https:\/\/www.gaveanews.com\/index.php\/2025\/03\/28\/a-declaracao-de-renato-paiva-do-botafogo-direcionada-a-flamengo-e-palmeiras\/#primaryimage","url":"https:\/\/www.gaveanews.com\/wp-content\/uploads\/Renato-Paiva-em-acao-pelo-Botafogo-em-2025.webp","contentUrl":"https:\/\/www.gaveanews.com\/wp-content\/uploads\/Renato-Paiva-em-acao-pelo-Botafogo-em-2025.webp","width":900,"height":600,"caption":"Renato Paiva em a\u00e7\u00e3o pelo Botafogo em 2025 (Foto: Vitor Silva\/Botafogo)"},{"@type":"BreadcrumbList","@id":"https:\/\/www.gaveanews.com\/index.php\/2025\/03\/28\/a-declaracao-de-renato-paiva-do-botafogo-direcionada-a-flamengo-e-palmeiras\/#breadcrumb","itemListElement":[{"@type":"ListItem","position":1,"name":"Home","item":"https:\/\/www.gaveanews.com\/"},{"@type":"ListItem","position":2,"name":"A declara\u00e7\u00e3o de Renato Paiva, do Botafogo, direcionada a Flamengo e Palmeiras"}]},{"@type":"WebSite","@id":"https:\/\/www.gaveanews.com\/#website","url":"https:\/\/www.gaveanews.com\/","name":"G\u00e1vea News","description":"Veja todas as not\u00edcias sobre o Flamengo: Contrata\u00e7\u00f5es, categorias de base, resultados das partidas, tabela de classifica\u00e7\u00e3o, pr\u00f3ximos jogos!","potentialAction":[{"@type":"SearchAction","target":{"@type":"EntryPoint","urlTemplate":"https:\/\/www.gaveanews.com\/?s={search_term_string}"},"query-input":{"@type":"PropertyValueSpecification","valueRequired":true,"valueName":"search_term_string"}}],"inLanguage":"pt-BR"},{"@type":"Person","@id":"https:\/\/www.gaveanews.com\/#\/schema\/person\/f42654babcd2b2014a1a65af82b081f1","name":"Geovanna Thomaz","image":{"@type":"ImageObject","inLanguage":"pt-BR","@id":"https:\/\/www.gaveanews.com\/#\/schema\/person\/image\/","url":"https:\/\/secure.gravatar.com\/avatar\/4092073255489533afb558984b49b64268c47198af8623cc82a925ae9fb7118a?s=96&d=mm&r=g","contentUrl":"https:\/\/secure.gravatar.com\/avatar\/4092073255489533afb558984b49b64268c47198af8623cc82a925ae9fb7118a?s=96&d=mm&r=g","caption":"Geovanna Thomaz"}}]}},"_links":{"self":[{"href":"https:\/\/www.gaveanews.com\/index.php\/wp-json\/wp\/v2\/posts\/246237","targetHints":{"allow":["GET"]}}],"collection":[{"href":"https:\/\/www.gaveanews.com\/index.php\/wp-json\/wp\/v2\/posts"}],"about":[{"href":"https:\/\/www.gaveanews.com\/index.php\/wp-json\/wp\/v2\/types\/post"}],"author":[{"embeddable":true,"href":"https:\/\/www.gaveanews.com\/index.php\/wp-json\/wp\/v2\/users\/17"}],"replies":[{"embeddable":true,"href":"https:\/\/www.gaveanews.com\/index.php\/wp-json\/wp\/v2\/comments?post=246237"}],"version-history":[{"count":1,"href":"https:\/\/www.gaveanews.com\/index.php\/wp-json\/wp\/v2\/posts\/246237\/revisions"}],"predecessor-version":[{"id":246238,"href":"https:\/\/www.gaveanews.com\/index.php\/wp-json\/wp\/v2\/posts\/246237\/revisions\/246238"}],"wp:featuredmedia":[{"embeddable":true,"href":"https:\/\/www.gaveanews.com\/index.php\/wp-json\/wp\/v2\/media\/244411"}],"wp:attachment":[{"href":"https:\/\/www.gaveanews.com\/index.php\/wp-json\/wp\/v2\/media?parent=246237"}],"wp:term":[{"taxonomy":"category","embeddable":true,"href":"https:\/\/www.gaveanews.com\/index.php\/wp-json\/wp\/v2\/categories?post=246237"},{"taxonomy":"post_tag","embeddable":true,"href":"https:\/\/www.gaveanews.com\/index.php\/wp-json\/wp\/v2\/tags?post=246237"}],"curies":[{"name":"wp","href":"https:\/\/api.w.org\/{rel}","templated":true}]}}