{"id":246261,"date":"2025-03-30T10:40:21","date_gmt":"2025-03-30T13:40:21","guid":{"rendered":"https:\/\/www.gaveanews.com\/?p=246261"},"modified":"2025-03-30T10:36:35","modified_gmt":"2025-03-30T13:36:35","slug":"video-a-declaracao-de-fabrizio-angileri-apos-o-titulo-do-corinthians","status":"publish","type":"post","link":"https:\/\/www.gaveanews.com\/index.php\/2025\/03\/30\/video-a-declaracao-de-fabrizio-angileri-apos-o-titulo-do-corinthians\/","title":{"rendered":"V\u00eddeo: a declara\u00e7\u00e3o de Fabrizio Angileri ap\u00f3s o t\u00edtulo do Corinthians"},"content":{"rendered":"\n<p>O Corinthians conquistou o Campeonato Paulista de 2025, encerrando um jejum de quase seis anos sem t\u00edtulos estaduais. O Tim\u00e3o empatou por 0 a 0 com o Palmeiras na segunda partida da final, realizada nesta quinta-feira, na Neo Qu\u00edmica Arena, resultado suficiente para garantir a ta\u00e7a, j\u00e1 que havia vencido o jogo de ida por 1 a 0. A grande defesa de Hugo Souza, que impediu o gol de Raphael Veiga ao defender um p\u00eanalti na segunda etapa, foi fundamental para a conquista alvinegra.<\/p>\n\n\n\n<p>Com a vit\u00f3ria, o Corinthians alcan\u00e7ou seu 31\u00ba t\u00edtulo paulista, ampliando ainda mais sua lideran\u00e7a na lista de maiores campe\u00f5es do torneio. O t\u00edtulo tamb\u00e9m representa a volta do time ao topo do futebol paulista, ap\u00f3s um longo per\u00edodo de espera desde sua \u00faltima conquista, em 2019.<\/p>\n\n\n\n<p>Por outro lado, o Palmeiras de Abel Ferreira lutava para se tornar o \u00fanico tetracampe\u00e3o consecutivo da era profissional do Paulist\u00e3o, mas viu o sonho esvair-se diante do rival.<\/p>\n\n\n\n<p> Al\u00e9m disso, o Corinthians se vingou da derrota sofrida na decis\u00e3o de 2020, quando o time n\u00e3o conseguiu conquistar o quarto t\u00edtulo consecutivo ao ser derrotado pelo Palmeiras no Allianz Parque.<\/p>\n\n\n\n<p>Fabricio Angileri falou ap\u00f3s o t\u00edtulo conquistado afirmando que ficou nove meses sem jogar, al\u00e9m disso ele agradeceu a todos os companheiros. <\/p>\n\n\n\n<p>&#8220;A verdade \u00e9 que estou muito feliz, acima de tudo. Um m\u00eas atr\u00e1s, eu estava em uma situa\u00e7\u00e3o complicada, saindo da situa\u00e7\u00e3o na Espanha. \u00c9 verdade que fiquei nove meses sem jogar, mas em todo momento treinei, me mantive muito bem fisicamente e tecnicamente. Hoje estou muito contente, porque acho que estou aproveitando essa situa\u00e7\u00e3o tr\u00eas vezes mais. Agrade\u00e7o aos meus companheiros, como disse antes, todos contribu\u00edmos com o nosso esfor\u00e7o. Tive a oportunidade de jogar os \u00faltimos quatro jogos e acredito que estive \u00e0 altura, ent\u00e3o estou muito feliz e aproveitando em dobro&#8221;, afirmou. <\/p>\n\n\n\n<blockquote class=\"twitter-tweet\" data-media-max-width=\"560\"><p lang=\"pt\" dir=\"ltr\">\ud83c\udfc6\ud83e\udd85 Rec\u00e9m chegado ao Corinthians, Fabrizio Angileri celebrou o t\u00edtulo e relembrou o per\u00edodo sem jogar no futebol espanhol.<br><br>\ud83c\udf99\ufe0f <a href=\"https:\/\/twitter.com\/victboni?ref_src=twsrc%5Etfw\">@victboni<\/a> <a href=\"https:\/\/twitter.com\/hashtag\/Corinthians?src=hash&amp;ref_src=twsrc%5Etfw\">#Corinthians<\/a> <a href=\"https:\/\/twitter.com\/hashtag\/Tim%C3%A3o?src=hash&amp;ref_src=twsrc%5Etfw\">#Tim\u00e3o<\/a> <a href=\"https:\/\/twitter.com\/hashtag\/Futebol?src=hash&amp;ref_src=twsrc%5Etfw\">#Futebol<\/a> <a href=\"https:\/\/t.co\/TwxKZwOLoX\">pic.twitter.com\/TwxKZwOLoX<\/a><\/p>&mdash; Jovem Pan Esportes (@JovemPanEsporte) <a href=\"https:\/\/twitter.com\/JovemPanEsporte\/status\/1905680165826392317?ref_src=twsrc%5Etfw\">March 28, 2025<\/a><\/blockquote> <script async src=\"https:\/\/platform.twitter.com\/widgets.js\" charset=\"utf-8\"><\/script>\n","protected":false},"excerpt":{"rendered":"<p>O Corinthians conquistou o Campeonato Paulista de 2025, encerrando um jejum de quase seis anos sem t\u00edtulos estaduais. O Tim\u00e3o empatou por 0 a 0 com o Palmeiras na segunda partida da final, realizada nesta quinta-feira, na Neo Qu\u00edmica Arena, resultado suficiente para garantir a ta\u00e7a, j\u00e1 que havia vencido o jogo de ida por [&hellip;]<\/p>\n","protected":false},"author":17,"featured_media":76098,"comment_status":"open","ping_status":"closed","sticky":false,"template":"","format":"standard","meta":{"footnotes":""},"categories":[141],"tags":[],"class_list":["post-246261","post","type-post","status-publish","format-standard","has-post-thumbnail","hentry","category-corinthians"],"yoast_head":"<!-- This site is optimized with the Yoast SEO Premium plugin v24.2 (Yoast SEO v26.9) - https:\/\/yoast.com\/product\/yoast-seo-premium-wordpress\/ -->\n<title>V\u00eddeo: a declara\u00e7\u00e3o de Fabrizio Angileri ap\u00f3s o t\u00edtulo do Corinthians<\/title>\n<meta name=\"robots\" content=\"index, follow, max-snippet:-1, max-image-preview:large, max-video-preview:-1\" \/>\n<link rel=\"canonical\" href=\"https:\/\/www.gaveanews.com\/index.php\/2025\/03\/30\/video-a-declaracao-de-fabrizio-angileri-apos-o-titulo-do-corinthians\/\" \/>\n<meta property=\"og:locale\" content=\"pt_BR\" \/>\n<meta property=\"og:type\" content=\"article\" \/>\n<meta property=\"og:title\" content=\"V\u00eddeo: a declara\u00e7\u00e3o de Fabrizio Angileri ap\u00f3s o t\u00edtulo do Corinthians\" \/>\n<meta property=\"og:description\" content=\"O Corinthians conquistou o Campeonato Paulista de 2025, encerrando um jejum de quase seis anos sem t\u00edtulos estaduais. O Tim\u00e3o empatou por 0 a 0 com o Palmeiras na segunda partida da final, realizada nesta quinta-feira, na Neo Qu\u00edmica Arena, resultado suficiente para garantir a ta\u00e7a, j\u00e1 que havia vencido o jogo de ida por [&hellip;]\" \/>\n<meta property=\"og:url\" content=\"https:\/\/www.gaveanews.com\/index.php\/2025\/03\/30\/video-a-declaracao-de-fabrizio-angileri-apos-o-titulo-do-corinthians\/\" \/>\n<meta property=\"og:site_name\" content=\"G\u00e1vea News\" \/>\n<meta property=\"article:publisher\" content=\"https:\/\/facebook.com\/gaveaNews\/\" \/>\n<meta property=\"article:published_time\" content=\"2025-03-30T13:40:21+00:00\" \/>\n<meta property=\"og:image\" content=\"https:\/\/www.gaveanews.com\/wp-content\/uploads\/Fabrizio-Angileri-lateral-do-River-Plate.webp\" \/>\n\t<meta property=\"og:image:width\" content=\"640\" \/>\n\t<meta property=\"og:image:height\" content=\"400\" \/>\n\t<meta property=\"og:image:type\" content=\"image\/jpeg\" \/>\n<meta name=\"author\" content=\"Geovanna Thomaz\" \/>\n<meta name=\"twitter:card\" content=\"summary_large_image\" \/>\n<meta name=\"twitter:label1\" content=\"Escrito por\" \/>\n\t<meta name=\"twitter:data1\" content=\"Geovanna Thomaz\" \/>\n\t<meta name=\"twitter:label2\" content=\"Est. tempo de leitura\" \/>\n\t<meta name=\"twitter:data2\" content=\"2 minutos\" \/>\n<script type=\"application\/ld+json\" class=\"yoast-schema-graph\">{\"@context\":\"https:\/\/schema.org\",\"@graph\":[{\"@type\":\"NewsArticle\",\"@id\":\"https:\/\/www.gaveanews.com\/index.php\/2025\/03\/30\/video-a-declaracao-de-fabrizio-angileri-apos-o-titulo-do-corinthians\/#article\",\"isPartOf\":{\"@id\":\"https:\/\/www.gaveanews.com\/index.php\/2025\/03\/30\/video-a-declaracao-de-fabrizio-angileri-apos-o-titulo-do-corinthians\/\"},\"author\":{\"name\":\"Geovanna Thomaz\",\"@id\":\"https:\/\/www.gaveanews.com\/#\/schema\/person\/f42654babcd2b2014a1a65af82b081f1\"},\"headline\":\"V\u00eddeo: a declara\u00e7\u00e3o de Fabrizio Angileri ap\u00f3s o t\u00edtulo do Corinthians\",\"datePublished\":\"2025-03-30T13:40:21+00:00\",\"mainEntityOfPage\":{\"@id\":\"https:\/\/www.gaveanews.com\/index.php\/2025\/03\/30\/video-a-declaracao-de-fabrizio-angileri-apos-o-titulo-do-corinthians\/\"},\"wordCount\":381,\"commentCount\":0,\"image\":{\"@id\":\"https:\/\/www.gaveanews.com\/index.php\/2025\/03\/30\/video-a-declaracao-de-fabrizio-angileri-apos-o-titulo-do-corinthians\/#primaryimage\"},\"thumbnailUrl\":\"https:\/\/www.gaveanews.com\/wp-content\/uploads\/Fabrizio-Angileri-lateral-do-River-Plate.webp\",\"articleSection\":[\"Corinthians\"],\"inLanguage\":\"pt-BR\",\"potentialAction\":[{\"@type\":\"CommentAction\",\"name\":\"Comment\",\"target\":[\"https:\/\/www.gaveanews.com\/index.php\/2025\/03\/30\/video-a-declaracao-de-fabrizio-angileri-apos-o-titulo-do-corinthians\/#respond\"]}],\"copyrightYear\":\"2025\",\"copyrightHolder\":{\"@id\":\"https:\/\/www.gaveanews.com\/#organization\"}},{\"@type\":\"WebPage\",\"@id\":\"https:\/\/www.gaveanews.com\/index.php\/2025\/03\/30\/video-a-declaracao-de-fabrizio-angileri-apos-o-titulo-do-corinthians\/\",\"url\":\"https:\/\/www.gaveanews.com\/index.php\/2025\/03\/30\/video-a-declaracao-de-fabrizio-angileri-apos-o-titulo-do-corinthians\/\",\"name\":\"V\u00eddeo: a declara\u00e7\u00e3o de Fabrizio Angileri ap\u00f3s o t\u00edtulo do Corinthians\",\"isPartOf\":{\"@id\":\"https:\/\/www.gaveanews.com\/#website\"},\"primaryImageOfPage\":{\"@id\":\"https:\/\/www.gaveanews.com\/index.php\/2025\/03\/30\/video-a-declaracao-de-fabrizio-angileri-apos-o-titulo-do-corinthians\/#primaryimage\"},\"image\":{\"@id\":\"https:\/\/www.gaveanews.com\/index.php\/2025\/03\/30\/video-a-declaracao-de-fabrizio-angileri-apos-o-titulo-do-corinthians\/#primaryimage\"},\"thumbnailUrl\":\"https:\/\/www.gaveanews.com\/wp-content\/uploads\/Fabrizio-Angileri-lateral-do-River-Plate.webp\",\"datePublished\":\"2025-03-30T13:40:21+00:00\",\"author\":{\"@id\":\"https:\/\/www.gaveanews.com\/#\/schema\/person\/f42654babcd2b2014a1a65af82b081f1\"},\"breadcrumb\":{\"@id\":\"https:\/\/www.gaveanews.com\/index.php\/2025\/03\/30\/video-a-declaracao-de-fabrizio-angileri-apos-o-titulo-do-corinthians\/#breadcrumb\"},\"inLanguage\":\"pt-BR\",\"potentialAction\":[{\"@type\":\"ReadAction\",\"target\":[\"https:\/\/www.gaveanews.com\/index.php\/2025\/03\/30\/video-a-declaracao-de-fabrizio-angileri-apos-o-titulo-do-corinthians\/\"]}]},{\"@type\":\"ImageObject\",\"inLanguage\":\"pt-BR\",\"@id\":\"https:\/\/www.gaveanews.com\/index.php\/2025\/03\/30\/video-a-declaracao-de-fabrizio-angileri-apos-o-titulo-do-corinthians\/#primaryimage\",\"url\":\"https:\/\/www.gaveanews.com\/wp-content\/uploads\/Fabrizio-Angileri-lateral-do-River-Plate.webp\",\"contentUrl\":\"https:\/\/www.gaveanews.com\/wp-content\/uploads\/Fabrizio-Angileri-lateral-do-River-Plate.webp\",\"width\":640,\"height\":400,\"caption\":\"Fabrizio Angileri, lateral do River Plate (Foto: Reprodu\u00e7\u00e3o\/Twitter\/River Plate)\"},{\"@type\":\"BreadcrumbList\",\"@id\":\"https:\/\/www.gaveanews.com\/index.php\/2025\/03\/30\/video-a-declaracao-de-fabrizio-angileri-apos-o-titulo-do-corinthians\/#breadcrumb\",\"itemListElement\":[{\"@type\":\"ListItem\",\"position\":1,\"name\":\"Home\",\"item\":\"https:\/\/www.gaveanews.com\/\"},{\"@type\":\"ListItem\",\"position\":2,\"name\":\"V\u00eddeo: a declara\u00e7\u00e3o de Fabrizio Angileri ap\u00f3s o t\u00edtulo do Corinthians\"}]},{\"@type\":\"WebSite\",\"@id\":\"https:\/\/www.gaveanews.com\/#website\",\"url\":\"https:\/\/www.gaveanews.com\/\",\"name\":\"G\u00e1vea News\",\"description\":\"Veja todas as not\u00edcias sobre o Flamengo: Contrata\u00e7\u00f5es, categorias de base, resultados das partidas, tabela de classifica\u00e7\u00e3o, pr\u00f3ximos jogos!\",\"potentialAction\":[{\"@type\":\"SearchAction\",\"target\":{\"@type\":\"EntryPoint\",\"urlTemplate\":\"https:\/\/www.gaveanews.com\/?s={search_term_string}\"},\"query-input\":{\"@type\":\"PropertyValueSpecification\",\"valueRequired\":true,\"valueName\":\"search_term_string\"}}],\"inLanguage\":\"pt-BR\"},{\"@type\":\"Person\",\"@id\":\"https:\/\/www.gaveanews.com\/#\/schema\/person\/f42654babcd2b2014a1a65af82b081f1\",\"name\":\"Geovanna Thomaz\",\"image\":{\"@type\":\"ImageObject\",\"inLanguage\":\"pt-BR\",\"@id\":\"https:\/\/www.gaveanews.com\/#\/schema\/person\/image\/\",\"url\":\"https:\/\/secure.gravatar.com\/avatar\/4092073255489533afb558984b49b64268c47198af8623cc82a925ae9fb7118a?s=96&d=mm&r=g\",\"contentUrl\":\"https:\/\/secure.gravatar.com\/avatar\/4092073255489533afb558984b49b64268c47198af8623cc82a925ae9fb7118a?s=96&d=mm&r=g\",\"caption\":\"Geovanna Thomaz\"}}]}<\/script>\n<!-- \/ Yoast SEO Premium plugin. -->","yoast_head_json":{"title":"V\u00eddeo: a declara\u00e7\u00e3o de Fabrizio Angileri ap\u00f3s o t\u00edtulo do Corinthians","robots":{"index":"index","follow":"follow","max-snippet":"max-snippet:-1","max-image-preview":"max-image-preview:large","max-video-preview":"max-video-preview:-1"},"canonical":"https:\/\/www.gaveanews.com\/index.php\/2025\/03\/30\/video-a-declaracao-de-fabrizio-angileri-apos-o-titulo-do-corinthians\/","og_locale":"pt_BR","og_type":"article","og_title":"V\u00eddeo: a declara\u00e7\u00e3o de Fabrizio Angileri ap\u00f3s o t\u00edtulo do Corinthians","og_description":"O Corinthians conquistou o Campeonato Paulista de 2025, encerrando um jejum de quase seis anos sem t\u00edtulos estaduais. O Tim\u00e3o empatou por 0 a 0 com o Palmeiras na segunda partida da final, realizada nesta quinta-feira, na Neo Qu\u00edmica Arena, resultado suficiente para garantir a ta\u00e7a, j\u00e1 que havia vencido o jogo de ida por [&hellip;]","og_url":"https:\/\/www.gaveanews.com\/index.php\/2025\/03\/30\/video-a-declaracao-de-fabrizio-angileri-apos-o-titulo-do-corinthians\/","og_site_name":"G\u00e1vea News","article_publisher":"https:\/\/facebook.com\/gaveaNews\/","article_published_time":"2025-03-30T13:40:21+00:00","og_image":[{"width":640,"height":400,"url":"https:\/\/www.gaveanews.com\/wp-content\/uploads\/Fabrizio-Angileri-lateral-do-River-Plate.webp","type":"image\/jpeg"}],"author":"Geovanna Thomaz","twitter_card":"summary_large_image","twitter_misc":{"Escrito por":"Geovanna Thomaz","Est. tempo de leitura":"2 minutos"},"schema":{"@context":"https:\/\/schema.org","@graph":[{"@type":"NewsArticle","@id":"https:\/\/www.gaveanews.com\/index.php\/2025\/03\/30\/video-a-declaracao-de-fabrizio-angileri-apos-o-titulo-do-corinthians\/#article","isPartOf":{"@id":"https:\/\/www.gaveanews.com\/index.php\/2025\/03\/30\/video-a-declaracao-de-fabrizio-angileri-apos-o-titulo-do-corinthians\/"},"author":{"name":"Geovanna Thomaz","@id":"https:\/\/www.gaveanews.com\/#\/schema\/person\/f42654babcd2b2014a1a65af82b081f1"},"headline":"V\u00eddeo: a declara\u00e7\u00e3o de Fabrizio Angileri ap\u00f3s o t\u00edtulo do Corinthians","datePublished":"2025-03-30T13:40:21+00:00","mainEntityOfPage":{"@id":"https:\/\/www.gaveanews.com\/index.php\/2025\/03\/30\/video-a-declaracao-de-fabrizio-angileri-apos-o-titulo-do-corinthians\/"},"wordCount":381,"commentCount":0,"image":{"@id":"https:\/\/www.gaveanews.com\/index.php\/2025\/03\/30\/video-a-declaracao-de-fabrizio-angileri-apos-o-titulo-do-corinthians\/#primaryimage"},"thumbnailUrl":"https:\/\/www.gaveanews.com\/wp-content\/uploads\/Fabrizio-Angileri-lateral-do-River-Plate.webp","articleSection":["Corinthians"],"inLanguage":"pt-BR","potentialAction":[{"@type":"CommentAction","name":"Comment","target":["https:\/\/www.gaveanews.com\/index.php\/2025\/03\/30\/video-a-declaracao-de-fabrizio-angileri-apos-o-titulo-do-corinthians\/#respond"]}],"copyrightYear":"2025","copyrightHolder":{"@id":"https:\/\/www.gaveanews.com\/#organization"}},{"@type":"WebPage","@id":"https:\/\/www.gaveanews.com\/index.php\/2025\/03\/30\/video-a-declaracao-de-fabrizio-angileri-apos-o-titulo-do-corinthians\/","url":"https:\/\/www.gaveanews.com\/index.php\/2025\/03\/30\/video-a-declaracao-de-fabrizio-angileri-apos-o-titulo-do-corinthians\/","name":"V\u00eddeo: a declara\u00e7\u00e3o de Fabrizio Angileri ap\u00f3s o t\u00edtulo do Corinthians","isPartOf":{"@id":"https:\/\/www.gaveanews.com\/#website"},"primaryImageOfPage":{"@id":"https:\/\/www.gaveanews.com\/index.php\/2025\/03\/30\/video-a-declaracao-de-fabrizio-angileri-apos-o-titulo-do-corinthians\/#primaryimage"},"image":{"@id":"https:\/\/www.gaveanews.com\/index.php\/2025\/03\/30\/video-a-declaracao-de-fabrizio-angileri-apos-o-titulo-do-corinthians\/#primaryimage"},"thumbnailUrl":"https:\/\/www.gaveanews.com\/wp-content\/uploads\/Fabrizio-Angileri-lateral-do-River-Plate.webp","datePublished":"2025-03-30T13:40:21+00:00","author":{"@id":"https:\/\/www.gaveanews.com\/#\/schema\/person\/f42654babcd2b2014a1a65af82b081f1"},"breadcrumb":{"@id":"https:\/\/www.gaveanews.com\/index.php\/2025\/03\/30\/video-a-declaracao-de-fabrizio-angileri-apos-o-titulo-do-corinthians\/#breadcrumb"},"inLanguage":"pt-BR","potentialAction":[{"@type":"ReadAction","target":["https:\/\/www.gaveanews.com\/index.php\/2025\/03\/30\/video-a-declaracao-de-fabrizio-angileri-apos-o-titulo-do-corinthians\/"]}]},{"@type":"ImageObject","inLanguage":"pt-BR","@id":"https:\/\/www.gaveanews.com\/index.php\/2025\/03\/30\/video-a-declaracao-de-fabrizio-angileri-apos-o-titulo-do-corinthians\/#primaryimage","url":"https:\/\/www.gaveanews.com\/wp-content\/uploads\/Fabrizio-Angileri-lateral-do-River-Plate.webp","contentUrl":"https:\/\/www.gaveanews.com\/wp-content\/uploads\/Fabrizio-Angileri-lateral-do-River-Plate.webp","width":640,"height":400,"caption":"Fabrizio Angileri, lateral do River Plate (Foto: Reprodu\u00e7\u00e3o\/Twitter\/River Plate)"},{"@type":"BreadcrumbList","@id":"https:\/\/www.gaveanews.com\/index.php\/2025\/03\/30\/video-a-declaracao-de-fabrizio-angileri-apos-o-titulo-do-corinthians\/#breadcrumb","itemListElement":[{"@type":"ListItem","position":1,"name":"Home","item":"https:\/\/www.gaveanews.com\/"},{"@type":"ListItem","position":2,"name":"V\u00eddeo: a declara\u00e7\u00e3o de Fabrizio Angileri ap\u00f3s o t\u00edtulo do Corinthians"}]},{"@type":"WebSite","@id":"https:\/\/www.gaveanews.com\/#website","url":"https:\/\/www.gaveanews.com\/","name":"G\u00e1vea News","description":"Veja todas as not\u00edcias sobre o Flamengo: Contrata\u00e7\u00f5es, categorias de base, resultados das partidas, tabela de classifica\u00e7\u00e3o, pr\u00f3ximos jogos!","potentialAction":[{"@type":"SearchAction","target":{"@type":"EntryPoint","urlTemplate":"https:\/\/www.gaveanews.com\/?s={search_term_string}"},"query-input":{"@type":"PropertyValueSpecification","valueRequired":true,"valueName":"search_term_string"}}],"inLanguage":"pt-BR"},{"@type":"Person","@id":"https:\/\/www.gaveanews.com\/#\/schema\/person\/f42654babcd2b2014a1a65af82b081f1","name":"Geovanna Thomaz","image":{"@type":"ImageObject","inLanguage":"pt-BR","@id":"https:\/\/www.gaveanews.com\/#\/schema\/person\/image\/","url":"https:\/\/secure.gravatar.com\/avatar\/4092073255489533afb558984b49b64268c47198af8623cc82a925ae9fb7118a?s=96&d=mm&r=g","contentUrl":"https:\/\/secure.gravatar.com\/avatar\/4092073255489533afb558984b49b64268c47198af8623cc82a925ae9fb7118a?s=96&d=mm&r=g","caption":"Geovanna Thomaz"}}]}},"_links":{"self":[{"href":"https:\/\/www.gaveanews.com\/index.php\/wp-json\/wp\/v2\/posts\/246261","targetHints":{"allow":["GET"]}}],"collection":[{"href":"https:\/\/www.gaveanews.com\/index.php\/wp-json\/wp\/v2\/posts"}],"about":[{"href":"https:\/\/www.gaveanews.com\/index.php\/wp-json\/wp\/v2\/types\/post"}],"author":[{"embeddable":true,"href":"https:\/\/www.gaveanews.com\/index.php\/wp-json\/wp\/v2\/users\/17"}],"replies":[{"embeddable":true,"href":"https:\/\/www.gaveanews.com\/index.php\/wp-json\/wp\/v2\/comments?post=246261"}],"version-history":[{"count":2,"href":"https:\/\/www.gaveanews.com\/index.php\/wp-json\/wp\/v2\/posts\/246261\/revisions"}],"predecessor-version":[{"id":246319,"href":"https:\/\/www.gaveanews.com\/index.php\/wp-json\/wp\/v2\/posts\/246261\/revisions\/246319"}],"wp:featuredmedia":[{"embeddable":true,"href":"https:\/\/www.gaveanews.com\/index.php\/wp-json\/wp\/v2\/media\/76098"}],"wp:attachment":[{"href":"https:\/\/www.gaveanews.com\/index.php\/wp-json\/wp\/v2\/media?parent=246261"}],"wp:term":[{"taxonomy":"category","embeddable":true,"href":"https:\/\/www.gaveanews.com\/index.php\/wp-json\/wp\/v2\/categories?post=246261"},{"taxonomy":"post_tag","embeddable":true,"href":"https:\/\/www.gaveanews.com\/index.php\/wp-json\/wp\/v2\/tags?post=246261"}],"curies":[{"name":"wp","href":"https:\/\/api.w.org\/{rel}","templated":true}]}}