{"id":246328,"date":"2025-03-29T18:05:00","date_gmt":"2025-03-29T21:05:00","guid":{"rendered":"https:\/\/www.gaveanews.com\/?p=246328"},"modified":"2025-03-29T15:37:37","modified_gmt":"2025-03-29T18:37:37","slug":"gremio-x-atletico-mg-a-escalacao-escolhida-por-cuca","status":"publish","type":"post","link":"https:\/\/www.gaveanews.com\/index.php\/2025\/03\/29\/gremio-x-atletico-mg-a-escalacao-escolhida-por-cuca\/","title":{"rendered":"Gr\u00eamio x Atl\u00e9tico-MG: a escala\u00e7\u00e3o escolhida por Cuca"},"content":{"rendered":"\n<h2 class=\"wp-block-heading\" id=\"h-times-se-enfrentam-neste-sabado\">Times se enfrentam neste s\u00e1bado <\/h2>\n\n\n\n<p>Ap\u00f3s conquistar o estadual pela sexta vez seguida, o Atl\u00e9tico-MG agora inicia sua trajet\u00f3ria no Campeonato Brasileiro de 2025. Neste s\u00e1bado (29), o Galo visita o Gr\u00eamio na Arena, \u00e0s 18h30 (hor\u00e1rio de Bras\u00edlia).<\/p>\n\n\n\n<p>Para a estreia do Atl\u00e9tico no Brasileir\u00e3o, o t\u00e9cnico Cuca ter\u00e1 dois refor\u00e7os de peso. Hulk est\u00e1 recuperado de uma les\u00e3o na coxa direita e Junior Santos tamb\u00e9m est\u00e1 a disposi\u00e7\u00e3o do treinador ap\u00f3s se recuperar de uma les\u00e3o na panturrilha. <\/p>\n\n\n\n<p>Al\u00e9m da dupla, Cuca ter\u00e1 os retornos de Guilherme Arana, Junior Alonso e Alan Franco. Os tr\u00eas estavam defendendo suas sele\u00e7\u00f5es na Data Fifa. Caio Maia e Cadu se recuperam de cirurgias no joelho. Brahian Palacios sofreu uma nova les\u00e3o muscular. Desta forma, o trio \u00e9 desfalque para a estreia da equipe. <\/p>\n\n\n\n<p>Vale lembrar ainda que o atacante Deyverson foi vendido para o Fortaleza por cerca de R$ 7 milh\u00f5es, assinando v\u00ednculo com o time cearense at\u00e9 o fim de 2027. O ex-camisa 9 do Galo j\u00e1 viajou e foi anunciado pelo Le\u00e3o do Pici na \u00faltima sexta-feira (28). Desta forma, podemos considerar que Cuca ter\u00e1 menos um jogador para contar na partida. <\/p>\n\n\n\n<h2 class=\"wp-block-heading\" id=\"h-veja-os-relacionados-do-atletico-para-a-partida\">Veja os relacionados do Atl\u00e9tico para a partida:<\/h2>\n\n\n\n<ul class=\"wp-block-list\">\n<li><strong>Goleiros:<\/strong><\/li>\n\n\n\n<li>Everson<\/li>\n\n\n\n<li>Robert<\/li>\n\n\n\n<li>Gabriel Delfim <\/li>\n<\/ul>\n\n\n\n<ul class=\"wp-block-list\">\n<li><strong>Laterais: <\/strong><\/li>\n\n\n\n<li>Guilherme Arana<\/li>\n\n\n\n<li>Caio Paulista<\/li>\n\n\n\n<li>Renzo Saravia<\/li>\n\n\n\n<li>Natanael<\/li>\n\n\n\n<li>Rubens<\/li>\n<\/ul>\n\n\n\n<ul class=\"wp-block-list\">\n<li><strong>Zagueiros: <\/strong><\/li>\n\n\n\n<li>Junior Alonso<\/li>\n\n\n\n<li>Igor Rabello<\/li>\n\n\n\n<li>Lyanco<\/li>\n\n\n\n<li>Vitor Hugo<\/li>\n<\/ul>\n\n\n\n<ul class=\"wp-block-list\">\n<li><strong>Meio-campistas:<\/strong><\/li>\n\n\n\n<li>Bernard<\/li>\n\n\n\n<li>Fausto Vera<\/li>\n\n\n\n<li>Alan Franco<\/li>\n\n\n\n<li>Gabriel Menino<\/li>\n\n\n\n<li>Igor Gomes<\/li>\n\n\n\n<li>Patrick Silva<\/li>\n\n\n\n<li>Gustavo Scarpa<\/li>\n<\/ul>\n\n\n\n<ul class=\"wp-block-list\">\n<li><strong>Atacantes:<\/strong><\/li>\n\n\n\n<li>Hulk<\/li>\n\n\n\n<li>Tom\u00e1s Cuello<\/li>\n\n\n\n<li>Rony<\/li>\n\n\n\n<li>Jo\u00e3o Marcelo<\/li>\n\n\n\n<li>J\u00fanior Santos<\/li>\n<\/ul>\n\n\n\n<p>Com praticamente todos os jogadores a disposi\u00e7\u00e3o, o t\u00e9cnico Cuca dever\u00e1 escalar o time titular, que \u00e9: Everson; Natanel; Lyanco, Junior Alonso; Guilherme Arana; Alan Franco, Gabriel Menino; Gustavo Scarpa; Rony, Tom\u00e1s Cuello, Hulk (Rubens).<\/p>\n\n\n\n<h2 class=\"wp-block-heading\" id=\"h-arbitragem\">Arbitragem:<\/h2>\n\n\n\n<ul class=\"wp-block-list\">\n<li><strong>\u00c1rbitro:\u00a0<\/strong>Raphael Claus (SP);<\/li>\n\n\n\n<li><strong>Assistente 1:\u00a0<\/strong>Danilo Ricardo Simon Manis (SP);<\/li>\n\n\n\n<li><strong>Assistente 2:\u00a0<\/strong>Evandro de Melo Lima (SP);<\/li>\n\n\n\n<li><strong>VAR:\u00a0<\/strong>Daiane Muniz (SP);<\/li>\n\n\n\n<li><strong>Quarto \u00e1rbitro:\u00a0<\/strong>Joao Vitor Gobi (SP).<\/li>\n<\/ul>\n","protected":false},"excerpt":{"rendered":"<p>Times se enfrentam neste s\u00e1bado Ap\u00f3s conquistar o estadual pela sexta vez seguida, o Atl\u00e9tico-MG agora inicia sua trajet\u00f3ria no Campeonato Brasileiro de 2025. Neste s\u00e1bado (29), o Galo visita o Gr\u00eamio na Arena, \u00e0s 18h30 (hor\u00e1rio de Bras\u00edlia). Para a estreia do Atl\u00e9tico no Brasileir\u00e3o, o t\u00e9cnico Cuca ter\u00e1 dois refor\u00e7os de peso. Hulk [&hellip;]<\/p>\n","protected":false},"author":21,"featured_media":68026,"comment_status":"open","ping_status":"closed","sticky":false,"template":"","format":"standard","meta":{"footnotes":""},"categories":[136,147],"tags":[],"class_list":["post-246328","post","type-post","status-publish","format-standard","has-post-thumbnail","hentry","category-atletico-mg","category-gremio"],"yoast_head":"<!-- This site is optimized with the Yoast SEO Premium plugin v24.2 (Yoast SEO v26.9) - https:\/\/yoast.com\/product\/yoast-seo-premium-wordpress\/ -->\n<title>Gr\u00eamio x Atl\u00e9tico-MG: a escala\u00e7\u00e3o escolhida por Cuca<\/title>\n<meta name=\"robots\" content=\"index, follow, max-snippet:-1, max-image-preview:large, max-video-preview:-1\" \/>\n<link rel=\"canonical\" href=\"https:\/\/www.gaveanews.com\/index.php\/2025\/03\/29\/gremio-x-atletico-mg-a-escalacao-escolhida-por-cuca\/\" \/>\n<meta property=\"og:locale\" content=\"pt_BR\" \/>\n<meta property=\"og:type\" content=\"article\" \/>\n<meta property=\"og:title\" content=\"Gr\u00eamio x Atl\u00e9tico-MG: a escala\u00e7\u00e3o escolhida por Cuca\" \/>\n<meta property=\"og:description\" content=\"Times se enfrentam neste s\u00e1bado Ap\u00f3s conquistar o estadual pela sexta vez seguida, o Atl\u00e9tico-MG agora inicia sua trajet\u00f3ria no Campeonato Brasileiro de 2025. Neste s\u00e1bado (29), o Galo visita o Gr\u00eamio na Arena, \u00e0s 18h30 (hor\u00e1rio de Bras\u00edlia). Para a estreia do Atl\u00e9tico no Brasileir\u00e3o, o t\u00e9cnico Cuca ter\u00e1 dois refor\u00e7os de peso. Hulk [&hellip;]\" \/>\n<meta property=\"og:url\" content=\"https:\/\/www.gaveanews.com\/index.php\/2025\/03\/29\/gremio-x-atletico-mg-a-escalacao-escolhida-por-cuca\/\" \/>\n<meta property=\"og:site_name\" content=\"G\u00e1vea News\" \/>\n<meta property=\"article:publisher\" content=\"https:\/\/facebook.com\/gaveaNews\/\" \/>\n<meta property=\"article:published_time\" content=\"2025-03-29T21:05:00+00:00\" \/>\n<meta property=\"og:image\" content=\"https:\/\/www.gaveanews.com\/wp-content\/uploads\/Cuca-tecnico-do-Atletico-MG.webp\" \/>\n\t<meta property=\"og:image:width\" content=\"1024\" \/>\n\t<meta property=\"og:image:height\" content=\"683\" \/>\n\t<meta property=\"og:image:type\" content=\"image\/jpeg\" \/>\n<meta name=\"author\" content=\"Andr\u00e9 Serra\" \/>\n<meta name=\"twitter:card\" content=\"summary_large_image\" \/>\n<meta name=\"twitter:label1\" content=\"Escrito por\" \/>\n\t<meta name=\"twitter:data1\" content=\"Andr\u00e9 Serra\" \/>\n\t<meta name=\"twitter:label2\" content=\"Est. tempo de leitura\" \/>\n\t<meta name=\"twitter:data2\" content=\"2 minutos\" \/>\n<script type=\"application\/ld+json\" class=\"yoast-schema-graph\">{\"@context\":\"https:\/\/schema.org\",\"@graph\":[{\"@type\":\"NewsArticle\",\"@id\":\"https:\/\/www.gaveanews.com\/index.php\/2025\/03\/29\/gremio-x-atletico-mg-a-escalacao-escolhida-por-cuca\/#article\",\"isPartOf\":{\"@id\":\"https:\/\/www.gaveanews.com\/index.php\/2025\/03\/29\/gremio-x-atletico-mg-a-escalacao-escolhida-por-cuca\/\"},\"author\":{\"name\":\"Andr\u00e9 Serra\",\"@id\":\"https:\/\/www.gaveanews.com\/#\/schema\/person\/0277a79a1289c451c281ec0411d84f0c\"},\"headline\":\"Gr\u00eamio x Atl\u00e9tico-MG: a escala\u00e7\u00e3o escolhida por Cuca\",\"datePublished\":\"2025-03-29T21:05:00+00:00\",\"mainEntityOfPage\":{\"@id\":\"https:\/\/www.gaveanews.com\/index.php\/2025\/03\/29\/gremio-x-atletico-mg-a-escalacao-escolhida-por-cuca\/\"},\"wordCount\":342,\"commentCount\":0,\"image\":{\"@id\":\"https:\/\/www.gaveanews.com\/index.php\/2025\/03\/29\/gremio-x-atletico-mg-a-escalacao-escolhida-por-cuca\/#primaryimage\"},\"thumbnailUrl\":\"https:\/\/www.gaveanews.com\/wp-content\/uploads\/Cuca-tecnico-do-Atletico-MG.webp\",\"articleSection\":[\"Atl\u00e9tico-MG\",\"Gr\u00eamio\"],\"inLanguage\":\"pt-BR\",\"potentialAction\":[{\"@type\":\"CommentAction\",\"name\":\"Comment\",\"target\":[\"https:\/\/www.gaveanews.com\/index.php\/2025\/03\/29\/gremio-x-atletico-mg-a-escalacao-escolhida-por-cuca\/#respond\"]}],\"copyrightYear\":\"2025\",\"copyrightHolder\":{\"@id\":\"https:\/\/www.gaveanews.com\/#organization\"}},{\"@type\":\"WebPage\",\"@id\":\"https:\/\/www.gaveanews.com\/index.php\/2025\/03\/29\/gremio-x-atletico-mg-a-escalacao-escolhida-por-cuca\/\",\"url\":\"https:\/\/www.gaveanews.com\/index.php\/2025\/03\/29\/gremio-x-atletico-mg-a-escalacao-escolhida-por-cuca\/\",\"name\":\"Gr\u00eamio x Atl\u00e9tico-MG: a escala\u00e7\u00e3o escolhida por Cuca\",\"isPartOf\":{\"@id\":\"https:\/\/www.gaveanews.com\/#website\"},\"primaryImageOfPage\":{\"@id\":\"https:\/\/www.gaveanews.com\/index.php\/2025\/03\/29\/gremio-x-atletico-mg-a-escalacao-escolhida-por-cuca\/#primaryimage\"},\"image\":{\"@id\":\"https:\/\/www.gaveanews.com\/index.php\/2025\/03\/29\/gremio-x-atletico-mg-a-escalacao-escolhida-por-cuca\/#primaryimage\"},\"thumbnailUrl\":\"https:\/\/www.gaveanews.com\/wp-content\/uploads\/Cuca-tecnico-do-Atletico-MG.webp\",\"datePublished\":\"2025-03-29T21:05:00+00:00\",\"author\":{\"@id\":\"https:\/\/www.gaveanews.com\/#\/schema\/person\/0277a79a1289c451c281ec0411d84f0c\"},\"breadcrumb\":{\"@id\":\"https:\/\/www.gaveanews.com\/index.php\/2025\/03\/29\/gremio-x-atletico-mg-a-escalacao-escolhida-por-cuca\/#breadcrumb\"},\"inLanguage\":\"pt-BR\",\"potentialAction\":[{\"@type\":\"ReadAction\",\"target\":[\"https:\/\/www.gaveanews.com\/index.php\/2025\/03\/29\/gremio-x-atletico-mg-a-escalacao-escolhida-por-cuca\/\"]}]},{\"@type\":\"ImageObject\",\"inLanguage\":\"pt-BR\",\"@id\":\"https:\/\/www.gaveanews.com\/index.php\/2025\/03\/29\/gremio-x-atletico-mg-a-escalacao-escolhida-por-cuca\/#primaryimage\",\"url\":\"https:\/\/www.gaveanews.com\/wp-content\/uploads\/Cuca-tecnico-do-Atletico-MG.webp\",\"contentUrl\":\"https:\/\/www.gaveanews.com\/wp-content\/uploads\/Cuca-tecnico-do-Atletico-MG.webp\",\"width\":1024,\"height\":683,\"caption\":\"Cuca como treinador do Atl\u00e9tico-MG (Foto: Bruno Cantini\/Atl\u00e9tico-MG)\"},{\"@type\":\"BreadcrumbList\",\"@id\":\"https:\/\/www.gaveanews.com\/index.php\/2025\/03\/29\/gremio-x-atletico-mg-a-escalacao-escolhida-por-cuca\/#breadcrumb\",\"itemListElement\":[{\"@type\":\"ListItem\",\"position\":1,\"name\":\"Home\",\"item\":\"https:\/\/www.gaveanews.com\/\"},{\"@type\":\"ListItem\",\"position\":2,\"name\":\"Gr\u00eamio x Atl\u00e9tico-MG: a escala\u00e7\u00e3o escolhida por Cuca\"}]},{\"@type\":\"WebSite\",\"@id\":\"https:\/\/www.gaveanews.com\/#website\",\"url\":\"https:\/\/www.gaveanews.com\/\",\"name\":\"G\u00e1vea News\",\"description\":\"Veja todas as not\u00edcias sobre o Flamengo: Contrata\u00e7\u00f5es, categorias de base, resultados das partidas, tabela de classifica\u00e7\u00e3o, pr\u00f3ximos jogos!\",\"potentialAction\":[{\"@type\":\"SearchAction\",\"target\":{\"@type\":\"EntryPoint\",\"urlTemplate\":\"https:\/\/www.gaveanews.com\/?s={search_term_string}\"},\"query-input\":{\"@type\":\"PropertyValueSpecification\",\"valueRequired\":true,\"valueName\":\"search_term_string\"}}],\"inLanguage\":\"pt-BR\"},{\"@type\":\"Person\",\"@id\":\"https:\/\/www.gaveanews.com\/#\/schema\/person\/0277a79a1289c451c281ec0411d84f0c\",\"name\":\"Andr\u00e9 Serra\",\"image\":{\"@type\":\"ImageObject\",\"inLanguage\":\"pt-BR\",\"@id\":\"https:\/\/www.gaveanews.com\/#\/schema\/person\/image\/\",\"url\":\"https:\/\/secure.gravatar.com\/avatar\/d7231369fe48db93292b3e88eb2162dbd9a34a47a8437d9ef3bcaca2a86a83d7?s=96&d=mm&r=g\",\"contentUrl\":\"https:\/\/secure.gravatar.com\/avatar\/d7231369fe48db93292b3e88eb2162dbd9a34a47a8437d9ef3bcaca2a86a83d7?s=96&d=mm&r=g\",\"caption\":\"Andr\u00e9 Serra\"}}]}<\/script>\n<!-- \/ Yoast SEO Premium plugin. -->","yoast_head_json":{"title":"Gr\u00eamio x Atl\u00e9tico-MG: a escala\u00e7\u00e3o escolhida por Cuca","robots":{"index":"index","follow":"follow","max-snippet":"max-snippet:-1","max-image-preview":"max-image-preview:large","max-video-preview":"max-video-preview:-1"},"canonical":"https:\/\/www.gaveanews.com\/index.php\/2025\/03\/29\/gremio-x-atletico-mg-a-escalacao-escolhida-por-cuca\/","og_locale":"pt_BR","og_type":"article","og_title":"Gr\u00eamio x Atl\u00e9tico-MG: a escala\u00e7\u00e3o escolhida por Cuca","og_description":"Times se enfrentam neste s\u00e1bado Ap\u00f3s conquistar o estadual pela sexta vez seguida, o Atl\u00e9tico-MG agora inicia sua trajet\u00f3ria no Campeonato Brasileiro de 2025. Neste s\u00e1bado (29), o Galo visita o Gr\u00eamio na Arena, \u00e0s 18h30 (hor\u00e1rio de Bras\u00edlia). Para a estreia do Atl\u00e9tico no Brasileir\u00e3o, o t\u00e9cnico Cuca ter\u00e1 dois refor\u00e7os de peso. Hulk [&hellip;]","og_url":"https:\/\/www.gaveanews.com\/index.php\/2025\/03\/29\/gremio-x-atletico-mg-a-escalacao-escolhida-por-cuca\/","og_site_name":"G\u00e1vea News","article_publisher":"https:\/\/facebook.com\/gaveaNews\/","article_published_time":"2025-03-29T21:05:00+00:00","og_image":[{"width":1024,"height":683,"url":"https:\/\/www.gaveanews.com\/wp-content\/uploads\/Cuca-tecnico-do-Atletico-MG.webp","type":"image\/jpeg"}],"author":"Andr\u00e9 Serra","twitter_card":"summary_large_image","twitter_misc":{"Escrito por":"Andr\u00e9 Serra","Est. tempo de leitura":"2 minutos"},"schema":{"@context":"https:\/\/schema.org","@graph":[{"@type":"NewsArticle","@id":"https:\/\/www.gaveanews.com\/index.php\/2025\/03\/29\/gremio-x-atletico-mg-a-escalacao-escolhida-por-cuca\/#article","isPartOf":{"@id":"https:\/\/www.gaveanews.com\/index.php\/2025\/03\/29\/gremio-x-atletico-mg-a-escalacao-escolhida-por-cuca\/"},"author":{"name":"Andr\u00e9 Serra","@id":"https:\/\/www.gaveanews.com\/#\/schema\/person\/0277a79a1289c451c281ec0411d84f0c"},"headline":"Gr\u00eamio x Atl\u00e9tico-MG: a escala\u00e7\u00e3o escolhida por Cuca","datePublished":"2025-03-29T21:05:00+00:00","mainEntityOfPage":{"@id":"https:\/\/www.gaveanews.com\/index.php\/2025\/03\/29\/gremio-x-atletico-mg-a-escalacao-escolhida-por-cuca\/"},"wordCount":342,"commentCount":0,"image":{"@id":"https:\/\/www.gaveanews.com\/index.php\/2025\/03\/29\/gremio-x-atletico-mg-a-escalacao-escolhida-por-cuca\/#primaryimage"},"thumbnailUrl":"https:\/\/www.gaveanews.com\/wp-content\/uploads\/Cuca-tecnico-do-Atletico-MG.webp","articleSection":["Atl\u00e9tico-MG","Gr\u00eamio"],"inLanguage":"pt-BR","potentialAction":[{"@type":"CommentAction","name":"Comment","target":["https:\/\/www.gaveanews.com\/index.php\/2025\/03\/29\/gremio-x-atletico-mg-a-escalacao-escolhida-por-cuca\/#respond"]}],"copyrightYear":"2025","copyrightHolder":{"@id":"https:\/\/www.gaveanews.com\/#organization"}},{"@type":"WebPage","@id":"https:\/\/www.gaveanews.com\/index.php\/2025\/03\/29\/gremio-x-atletico-mg-a-escalacao-escolhida-por-cuca\/","url":"https:\/\/www.gaveanews.com\/index.php\/2025\/03\/29\/gremio-x-atletico-mg-a-escalacao-escolhida-por-cuca\/","name":"Gr\u00eamio x Atl\u00e9tico-MG: a escala\u00e7\u00e3o escolhida por Cuca","isPartOf":{"@id":"https:\/\/www.gaveanews.com\/#website"},"primaryImageOfPage":{"@id":"https:\/\/www.gaveanews.com\/index.php\/2025\/03\/29\/gremio-x-atletico-mg-a-escalacao-escolhida-por-cuca\/#primaryimage"},"image":{"@id":"https:\/\/www.gaveanews.com\/index.php\/2025\/03\/29\/gremio-x-atletico-mg-a-escalacao-escolhida-por-cuca\/#primaryimage"},"thumbnailUrl":"https:\/\/www.gaveanews.com\/wp-content\/uploads\/Cuca-tecnico-do-Atletico-MG.webp","datePublished":"2025-03-29T21:05:00+00:00","author":{"@id":"https:\/\/www.gaveanews.com\/#\/schema\/person\/0277a79a1289c451c281ec0411d84f0c"},"breadcrumb":{"@id":"https:\/\/www.gaveanews.com\/index.php\/2025\/03\/29\/gremio-x-atletico-mg-a-escalacao-escolhida-por-cuca\/#breadcrumb"},"inLanguage":"pt-BR","potentialAction":[{"@type":"ReadAction","target":["https:\/\/www.gaveanews.com\/index.php\/2025\/03\/29\/gremio-x-atletico-mg-a-escalacao-escolhida-por-cuca\/"]}]},{"@type":"ImageObject","inLanguage":"pt-BR","@id":"https:\/\/www.gaveanews.com\/index.php\/2025\/03\/29\/gremio-x-atletico-mg-a-escalacao-escolhida-por-cuca\/#primaryimage","url":"https:\/\/www.gaveanews.com\/wp-content\/uploads\/Cuca-tecnico-do-Atletico-MG.webp","contentUrl":"https:\/\/www.gaveanews.com\/wp-content\/uploads\/Cuca-tecnico-do-Atletico-MG.webp","width":1024,"height":683,"caption":"Cuca como treinador do Atl\u00e9tico-MG (Foto: Bruno Cantini\/Atl\u00e9tico-MG)"},{"@type":"BreadcrumbList","@id":"https:\/\/www.gaveanews.com\/index.php\/2025\/03\/29\/gremio-x-atletico-mg-a-escalacao-escolhida-por-cuca\/#breadcrumb","itemListElement":[{"@type":"ListItem","position":1,"name":"Home","item":"https:\/\/www.gaveanews.com\/"},{"@type":"ListItem","position":2,"name":"Gr\u00eamio x Atl\u00e9tico-MG: a escala\u00e7\u00e3o escolhida por Cuca"}]},{"@type":"WebSite","@id":"https:\/\/www.gaveanews.com\/#website","url":"https:\/\/www.gaveanews.com\/","name":"G\u00e1vea News","description":"Veja todas as not\u00edcias sobre o Flamengo: Contrata\u00e7\u00f5es, categorias de base, resultados das partidas, tabela de classifica\u00e7\u00e3o, pr\u00f3ximos jogos!","potentialAction":[{"@type":"SearchAction","target":{"@type":"EntryPoint","urlTemplate":"https:\/\/www.gaveanews.com\/?s={search_term_string}"},"query-input":{"@type":"PropertyValueSpecification","valueRequired":true,"valueName":"search_term_string"}}],"inLanguage":"pt-BR"},{"@type":"Person","@id":"https:\/\/www.gaveanews.com\/#\/schema\/person\/0277a79a1289c451c281ec0411d84f0c","name":"Andr\u00e9 Serra","image":{"@type":"ImageObject","inLanguage":"pt-BR","@id":"https:\/\/www.gaveanews.com\/#\/schema\/person\/image\/","url":"https:\/\/secure.gravatar.com\/avatar\/d7231369fe48db93292b3e88eb2162dbd9a34a47a8437d9ef3bcaca2a86a83d7?s=96&d=mm&r=g","contentUrl":"https:\/\/secure.gravatar.com\/avatar\/d7231369fe48db93292b3e88eb2162dbd9a34a47a8437d9ef3bcaca2a86a83d7?s=96&d=mm&r=g","caption":"Andr\u00e9 Serra"}}]}},"_links":{"self":[{"href":"https:\/\/www.gaveanews.com\/index.php\/wp-json\/wp\/v2\/posts\/246328","targetHints":{"allow":["GET"]}}],"collection":[{"href":"https:\/\/www.gaveanews.com\/index.php\/wp-json\/wp\/v2\/posts"}],"about":[{"href":"https:\/\/www.gaveanews.com\/index.php\/wp-json\/wp\/v2\/types\/post"}],"author":[{"embeddable":true,"href":"https:\/\/www.gaveanews.com\/index.php\/wp-json\/wp\/v2\/users\/21"}],"replies":[{"embeddable":true,"href":"https:\/\/www.gaveanews.com\/index.php\/wp-json\/wp\/v2\/comments?post=246328"}],"version-history":[{"count":1,"href":"https:\/\/www.gaveanews.com\/index.php\/wp-json\/wp\/v2\/posts\/246328\/revisions"}],"predecessor-version":[{"id":246330,"href":"https:\/\/www.gaveanews.com\/index.php\/wp-json\/wp\/v2\/posts\/246328\/revisions\/246330"}],"wp:featuredmedia":[{"embeddable":true,"href":"https:\/\/www.gaveanews.com\/index.php\/wp-json\/wp\/v2\/media\/68026"}],"wp:attachment":[{"href":"https:\/\/www.gaveanews.com\/index.php\/wp-json\/wp\/v2\/media?parent=246328"}],"wp:term":[{"taxonomy":"category","embeddable":true,"href":"https:\/\/www.gaveanews.com\/index.php\/wp-json\/wp\/v2\/categories?post=246328"},{"taxonomy":"post_tag","embeddable":true,"href":"https:\/\/www.gaveanews.com\/index.php\/wp-json\/wp\/v2\/tags?post=246328"}],"curies":[{"name":"wp","href":"https:\/\/api.w.org\/{rel}","templated":true}]}}