{"id":246337,"date":"2025-03-29T17:55:00","date_gmt":"2025-03-29T20:55:00","guid":{"rendered":"https:\/\/www.gaveanews.com\/?p=246337"},"modified":"2025-03-29T15:36:26","modified_gmt":"2025-03-29T18:36:26","slug":"santos-inicia-conversas-para-permanencia-de-neymar","status":"publish","type":"post","link":"https:\/\/www.gaveanews.com\/index.php\/2025\/03\/29\/santos-inicia-conversas-para-permanencia-de-neymar\/","title":{"rendered":"Santos inicia conversas para perman\u00eancia de Neymar"},"content":{"rendered":"\n<p>O futuro de Neymar no Santos permanece uma inc\u00f3gnita, sobretudo porque o jogador se recupera atualmente de uma les\u00e3o. Seu v\u00ednculo contratual com o clube da Vila Belmiro expira em junho, portanto, as especula\u00e7\u00f5es sobre sua perman\u00eancia aumentam consideravelmente.<\/p>\n\n\n\n<p>Apesar da aus\u00eancia dos gramados devido \u00e0 recupera\u00e7\u00e3o f\u00edsica, o nome do atacante continua central nas discuss\u00f5es internas do Peixe. A diretoria santista, ciente do prazo contratual, j\u00e1 se movimenta nos bastidores visando a extens\u00e3o do acordo com o atleta.<\/p>\n\n\n\n<h2 class=\"wp-block-heading\" id=\"h-negociacoes-em-andamento\">Negocia\u00e7\u00f5es em andamento<\/h2>\n\n\n\n<p>O CEO do Santos, Pedro Martins, confirmou recentemente o in\u00edcio das tratativas para manter Neymar por mais tempo no clube. Ele compartilhou essas informa\u00e7\u00f5es durante uma entrevista concedida ao canal especializado \u2018De Olho no Peixe\u2019.<\/p>\n\n\n\n<p>Conforme detalhou Martins, o presidente Marcelo Teixeira lidera pessoalmente as conversas com os representantes do jogador. O objetivo principal da gest\u00e3o \u00e9 assegurar a perman\u00eancia do craque no elenco santista ao menos at\u00e9 o final da temporada vigente.<\/p>\n\n\n\n<p>Martins tamb\u00e9m expressou uma vis\u00e3o otimista sobre o andamento do processo negocial. Ele sugeriu que as conversas devem transcorrer com tranquilidade e sem pressa desnecess\u00e1ria de ambas as partes envolvidas.<\/p>\n\n\n\n<p>Ademais, o dirigente indicou que a avalia\u00e7\u00e3o m\u00fatua sobre o per\u00edodo inicial de retorno do jogador ser\u00e1 um fator fundamental. Se ambos os lados demonstrarem contentamento, a renova\u00e7\u00e3o contratual tende a ser um ajuste mais simples, segundo sua perspectiva.<\/p>\n\n\n\n<figure class=\"wp-block-image size-full is-resized\"><img loading=\"lazy\" decoding=\"async\" width=\"740\" height=\"416\" src=\"http:\/\/www.gaveanews.com\/wp-content\/uploads\/image-2024-06-22T183004.202.webp\" alt=\"\" class=\"wp-image-148899\" style=\"width:840px;height:auto\" srcset=\"https:\/\/www.gaveanews.com\/wp-content\/uploads\/image-2024-06-22T183004.202.webp 740w, https:\/\/www.gaveanews.com\/wp-content\/uploads\/image-2024-06-22T183004.202-300x169.webp 300w, https:\/\/www.gaveanews.com\/wp-content\/uploads\/image-2024-06-22T183004.202-640x360.webp 640w, https:\/\/www.gaveanews.com\/wp-content\/uploads\/image-2024-06-22T183004.202-681x383.webp 681w, https:\/\/www.gaveanews.com\/wp-content\/uploads\/image-2024-06-22T183004.202-100x56.webp 100w\" sizes=\"auto, (max-width: 740px) 100vw, 740px\" \/><figcaption class=\"wp-element-caption\">Marcelo Teixeira-  Foto: Raul Baretta\/ Santos FC<\/figcaption><\/figure>\n\n\n\n<h2 class=\"wp-block-heading\" id=\"h-perspectivas-e-envolvimento-familiar\">Perspectivas e envolvimento familiar<\/h2>\n\n\n\n<p>At\u00e9 o momento presente, n\u00e3o existem sinais concretos que apontem para um encaminhamento definitivo sobre a renova\u00e7\u00e3o do contrato de Neymar. Contudo, o desejo da diretoria santista \u00e9 firme em persuadir o jogador a continuar vestindo a camisa do clube.<\/p>\n\n\n\n<p>A gest\u00e3o alvinegra espera que Neymar n\u00e3o apenas permane\u00e7a na equipe, mas tamb\u00e9m assuma um papel de lideran\u00e7a em um projeto maior que est\u00e1 sendo desenvolvido no Santos. Este projeto, ali\u00e1s, j\u00e1 recebe apoio direto de seu pai, Neymar da Silva Santos.<\/p>\n\n\n\n<p>O pai do atleta demonstra envolvimento ativo com as iniciativas do clube. Ele tem orientado e acompanhado de perto as reformas estruturais que ocorrem tanto no est\u00e1dio da Vila Belmiro quanto no Centro de Treinamento Rei Pel\u00e9.<\/p>\n\n\n\n<p>Por fim, Pedro Martins sinalizou que as discuss\u00f5es relativas \u00e0 perman\u00eancia de Neymar provavelmente se estender\u00e3o por mais algum tempo. Portanto, a defini\u00e7\u00e3o sobre o futuro do atacante no Santos ainda demandar\u00e1 paci\u00eancia dos torcedores e da imprensa.<\/p>\n","protected":false},"excerpt":{"rendered":"<p>O futuro de Neymar no Santos permanece uma inc\u00f3gnita, sobretudo porque o jogador se recupera atualmente de uma les\u00e3o. Seu v\u00ednculo contratual com o clube da Vila Belmiro expira em junho, portanto, as especula\u00e7\u00f5es sobre sua perman\u00eancia aumentam consideravelmente. Apesar da aus\u00eancia dos gramados devido \u00e0 recupera\u00e7\u00e3o f\u00edsica, o nome do atacante continua central nas [&hellip;]<\/p>\n","protected":false},"author":28,"featured_media":244445,"comment_status":"open","ping_status":"closed","sticky":false,"template":"","format":"standard","meta":{"footnotes":""},"categories":[139],"tags":[],"class_list":["post-246337","post","type-post","status-publish","format-standard","has-post-thumbnail","hentry","category-santos"],"yoast_head":"<!-- This site is optimized with the Yoast SEO Premium plugin v24.2 (Yoast SEO v26.9) - https:\/\/yoast.com\/product\/yoast-seo-premium-wordpress\/ -->\n<title>Santos inicia conversas para perman\u00eancia de Neymar<\/title>\n<meta name=\"robots\" content=\"index, follow, max-snippet:-1, max-image-preview:large, max-video-preview:-1\" \/>\n<link rel=\"canonical\" href=\"https:\/\/www.gaveanews.com\/index.php\/2025\/03\/29\/santos-inicia-conversas-para-permanencia-de-neymar\/\" \/>\n<meta property=\"og:locale\" content=\"pt_BR\" \/>\n<meta property=\"og:type\" content=\"article\" \/>\n<meta property=\"og:title\" content=\"Santos inicia conversas para perman\u00eancia de Neymar\" \/>\n<meta property=\"og:description\" content=\"O futuro de Neymar no Santos permanece uma inc\u00f3gnita, sobretudo porque o jogador se recupera atualmente de uma les\u00e3o. Seu v\u00ednculo contratual com o clube da Vila Belmiro expira em junho, portanto, as especula\u00e7\u00f5es sobre sua perman\u00eancia aumentam consideravelmente. Apesar da aus\u00eancia dos gramados devido \u00e0 recupera\u00e7\u00e3o f\u00edsica, o nome do atacante continua central nas [&hellip;]\" \/>\n<meta property=\"og:url\" content=\"https:\/\/www.gaveanews.com\/index.php\/2025\/03\/29\/santos-inicia-conversas-para-permanencia-de-neymar\/\" \/>\n<meta property=\"og:site_name\" content=\"G\u00e1vea News\" \/>\n<meta property=\"article:publisher\" content=\"https:\/\/facebook.com\/gaveaNews\/\" \/>\n<meta property=\"article:published_time\" content=\"2025-03-29T20:55:00+00:00\" \/>\n<meta property=\"og:image\" content=\"https:\/\/www.gaveanews.com\/wp-content\/uploads\/Neymar-em-acao-com-a-camisa-do-Santos-em-2025.webp\" \/>\n\t<meta property=\"og:image:width\" content=\"900\" \/>\n\t<meta property=\"og:image:height\" content=\"600\" \/>\n\t<meta property=\"og:image:type\" content=\"image\/jpeg\" \/>\n<meta name=\"author\" content=\"Hudson Pereira\" \/>\n<meta name=\"twitter:card\" content=\"summary_large_image\" \/>\n<meta name=\"twitter:label1\" content=\"Escrito por\" \/>\n\t<meta name=\"twitter:data1\" content=\"Hudson Pereira\" \/>\n\t<meta name=\"twitter:label2\" content=\"Est. tempo de leitura\" \/>\n\t<meta name=\"twitter:data2\" content=\"3 minutos\" \/>\n<script type=\"application\/ld+json\" class=\"yoast-schema-graph\">{\"@context\":\"https:\/\/schema.org\",\"@graph\":[{\"@type\":\"NewsArticle\",\"@id\":\"https:\/\/www.gaveanews.com\/index.php\/2025\/03\/29\/santos-inicia-conversas-para-permanencia-de-neymar\/#article\",\"isPartOf\":{\"@id\":\"https:\/\/www.gaveanews.com\/index.php\/2025\/03\/29\/santos-inicia-conversas-para-permanencia-de-neymar\/\"},\"author\":{\"name\":\"Hudson Pereira\",\"@id\":\"https:\/\/www.gaveanews.com\/#\/schema\/person\/bd08f00534b403119b92741a6d469ef0\"},\"headline\":\"Santos inicia conversas para perman\u00eancia de Neymar\",\"datePublished\":\"2025-03-29T20:55:00+00:00\",\"mainEntityOfPage\":{\"@id\":\"https:\/\/www.gaveanews.com\/index.php\/2025\/03\/29\/santos-inicia-conversas-para-permanencia-de-neymar\/\"},\"wordCount\":432,\"commentCount\":0,\"image\":{\"@id\":\"https:\/\/www.gaveanews.com\/index.php\/2025\/03\/29\/santos-inicia-conversas-para-permanencia-de-neymar\/#primaryimage\"},\"thumbnailUrl\":\"https:\/\/www.gaveanews.com\/wp-content\/uploads\/Neymar-em-acao-com-a-camisa-do-Santos-em-2025.webp\",\"articleSection\":[\"Santos\"],\"inLanguage\":\"pt-BR\",\"potentialAction\":[{\"@type\":\"CommentAction\",\"name\":\"Comment\",\"target\":[\"https:\/\/www.gaveanews.com\/index.php\/2025\/03\/29\/santos-inicia-conversas-para-permanencia-de-neymar\/#respond\"]}],\"copyrightYear\":\"2025\",\"copyrightHolder\":{\"@id\":\"https:\/\/www.gaveanews.com\/#organization\"}},{\"@type\":\"WebPage\",\"@id\":\"https:\/\/www.gaveanews.com\/index.php\/2025\/03\/29\/santos-inicia-conversas-para-permanencia-de-neymar\/\",\"url\":\"https:\/\/www.gaveanews.com\/index.php\/2025\/03\/29\/santos-inicia-conversas-para-permanencia-de-neymar\/\",\"name\":\"Santos inicia conversas para perman\u00eancia de Neymar\",\"isPartOf\":{\"@id\":\"https:\/\/www.gaveanews.com\/#website\"},\"primaryImageOfPage\":{\"@id\":\"https:\/\/www.gaveanews.com\/index.php\/2025\/03\/29\/santos-inicia-conversas-para-permanencia-de-neymar\/#primaryimage\"},\"image\":{\"@id\":\"https:\/\/www.gaveanews.com\/index.php\/2025\/03\/29\/santos-inicia-conversas-para-permanencia-de-neymar\/#primaryimage\"},\"thumbnailUrl\":\"https:\/\/www.gaveanews.com\/wp-content\/uploads\/Neymar-em-acao-com-a-camisa-do-Santos-em-2025.webp\",\"datePublished\":\"2025-03-29T20:55:00+00:00\",\"author\":{\"@id\":\"https:\/\/www.gaveanews.com\/#\/schema\/person\/bd08f00534b403119b92741a6d469ef0\"},\"breadcrumb\":{\"@id\":\"https:\/\/www.gaveanews.com\/index.php\/2025\/03\/29\/santos-inicia-conversas-para-permanencia-de-neymar\/#breadcrumb\"},\"inLanguage\":\"pt-BR\",\"potentialAction\":[{\"@type\":\"ReadAction\",\"target\":[\"https:\/\/www.gaveanews.com\/index.php\/2025\/03\/29\/santos-inicia-conversas-para-permanencia-de-neymar\/\"]}]},{\"@type\":\"ImageObject\",\"inLanguage\":\"pt-BR\",\"@id\":\"https:\/\/www.gaveanews.com\/index.php\/2025\/03\/29\/santos-inicia-conversas-para-permanencia-de-neymar\/#primaryimage\",\"url\":\"https:\/\/www.gaveanews.com\/wp-content\/uploads\/Neymar-em-acao-com-a-camisa-do-Santos-em-2025.webp\",\"contentUrl\":\"https:\/\/www.gaveanews.com\/wp-content\/uploads\/Neymar-em-acao-com-a-camisa-do-Santos-em-2025.webp\",\"width\":900,\"height\":600,\"caption\":\"Neymar em a\u00e7\u00e3o com a camisa do Santos em 2025 (Foto: Raul Baretta\/ Santos FC)\"},{\"@type\":\"BreadcrumbList\",\"@id\":\"https:\/\/www.gaveanews.com\/index.php\/2025\/03\/29\/santos-inicia-conversas-para-permanencia-de-neymar\/#breadcrumb\",\"itemListElement\":[{\"@type\":\"ListItem\",\"position\":1,\"name\":\"Home\",\"item\":\"https:\/\/www.gaveanews.com\/\"},{\"@type\":\"ListItem\",\"position\":2,\"name\":\"Santos inicia conversas para perman\u00eancia de Neymar\"}]},{\"@type\":\"WebSite\",\"@id\":\"https:\/\/www.gaveanews.com\/#website\",\"url\":\"https:\/\/www.gaveanews.com\/\",\"name\":\"G\u00e1vea News\",\"description\":\"Veja todas as not\u00edcias sobre o Flamengo: Contrata\u00e7\u00f5es, categorias de base, resultados das partidas, tabela de classifica\u00e7\u00e3o, pr\u00f3ximos jogos!\",\"potentialAction\":[{\"@type\":\"SearchAction\",\"target\":{\"@type\":\"EntryPoint\",\"urlTemplate\":\"https:\/\/www.gaveanews.com\/?s={search_term_string}\"},\"query-input\":{\"@type\":\"PropertyValueSpecification\",\"valueRequired\":true,\"valueName\":\"search_term_string\"}}],\"inLanguage\":\"pt-BR\"},{\"@type\":\"Person\",\"@id\":\"https:\/\/www.gaveanews.com\/#\/schema\/person\/bd08f00534b403119b92741a6d469ef0\",\"name\":\"Hudson Pereira\",\"image\":{\"@type\":\"ImageObject\",\"inLanguage\":\"pt-BR\",\"@id\":\"https:\/\/www.gaveanews.com\/#\/schema\/person\/image\/\",\"url\":\"https:\/\/secure.gravatar.com\/avatar\/ecc491b489e454e510efffc9b23c1052ce5fb4f2e05555768ba65819cd55f03e?s=96&d=mm&r=g\",\"contentUrl\":\"https:\/\/secure.gravatar.com\/avatar\/ecc491b489e454e510efffc9b23c1052ce5fb4f2e05555768ba65819cd55f03e?s=96&d=mm&r=g\",\"caption\":\"Hudson Pereira\"}}]}<\/script>\n<!-- \/ Yoast SEO Premium plugin. -->","yoast_head_json":{"title":"Santos inicia conversas para perman\u00eancia de Neymar","robots":{"index":"index","follow":"follow","max-snippet":"max-snippet:-1","max-image-preview":"max-image-preview:large","max-video-preview":"max-video-preview:-1"},"canonical":"https:\/\/www.gaveanews.com\/index.php\/2025\/03\/29\/santos-inicia-conversas-para-permanencia-de-neymar\/","og_locale":"pt_BR","og_type":"article","og_title":"Santos inicia conversas para perman\u00eancia de Neymar","og_description":"O futuro de Neymar no Santos permanece uma inc\u00f3gnita, sobretudo porque o jogador se recupera atualmente de uma les\u00e3o. Seu v\u00ednculo contratual com o clube da Vila Belmiro expira em junho, portanto, as especula\u00e7\u00f5es sobre sua perman\u00eancia aumentam consideravelmente. Apesar da aus\u00eancia dos gramados devido \u00e0 recupera\u00e7\u00e3o f\u00edsica, o nome do atacante continua central nas [&hellip;]","og_url":"https:\/\/www.gaveanews.com\/index.php\/2025\/03\/29\/santos-inicia-conversas-para-permanencia-de-neymar\/","og_site_name":"G\u00e1vea News","article_publisher":"https:\/\/facebook.com\/gaveaNews\/","article_published_time":"2025-03-29T20:55:00+00:00","og_image":[{"width":900,"height":600,"url":"https:\/\/www.gaveanews.com\/wp-content\/uploads\/Neymar-em-acao-com-a-camisa-do-Santos-em-2025.webp","type":"image\/jpeg"}],"author":"Hudson Pereira","twitter_card":"summary_large_image","twitter_misc":{"Escrito por":"Hudson Pereira","Est. tempo de leitura":"3 minutos"},"schema":{"@context":"https:\/\/schema.org","@graph":[{"@type":"NewsArticle","@id":"https:\/\/www.gaveanews.com\/index.php\/2025\/03\/29\/santos-inicia-conversas-para-permanencia-de-neymar\/#article","isPartOf":{"@id":"https:\/\/www.gaveanews.com\/index.php\/2025\/03\/29\/santos-inicia-conversas-para-permanencia-de-neymar\/"},"author":{"name":"Hudson Pereira","@id":"https:\/\/www.gaveanews.com\/#\/schema\/person\/bd08f00534b403119b92741a6d469ef0"},"headline":"Santos inicia conversas para perman\u00eancia de Neymar","datePublished":"2025-03-29T20:55:00+00:00","mainEntityOfPage":{"@id":"https:\/\/www.gaveanews.com\/index.php\/2025\/03\/29\/santos-inicia-conversas-para-permanencia-de-neymar\/"},"wordCount":432,"commentCount":0,"image":{"@id":"https:\/\/www.gaveanews.com\/index.php\/2025\/03\/29\/santos-inicia-conversas-para-permanencia-de-neymar\/#primaryimage"},"thumbnailUrl":"https:\/\/www.gaveanews.com\/wp-content\/uploads\/Neymar-em-acao-com-a-camisa-do-Santos-em-2025.webp","articleSection":["Santos"],"inLanguage":"pt-BR","potentialAction":[{"@type":"CommentAction","name":"Comment","target":["https:\/\/www.gaveanews.com\/index.php\/2025\/03\/29\/santos-inicia-conversas-para-permanencia-de-neymar\/#respond"]}],"copyrightYear":"2025","copyrightHolder":{"@id":"https:\/\/www.gaveanews.com\/#organization"}},{"@type":"WebPage","@id":"https:\/\/www.gaveanews.com\/index.php\/2025\/03\/29\/santos-inicia-conversas-para-permanencia-de-neymar\/","url":"https:\/\/www.gaveanews.com\/index.php\/2025\/03\/29\/santos-inicia-conversas-para-permanencia-de-neymar\/","name":"Santos inicia conversas para perman\u00eancia de Neymar","isPartOf":{"@id":"https:\/\/www.gaveanews.com\/#website"},"primaryImageOfPage":{"@id":"https:\/\/www.gaveanews.com\/index.php\/2025\/03\/29\/santos-inicia-conversas-para-permanencia-de-neymar\/#primaryimage"},"image":{"@id":"https:\/\/www.gaveanews.com\/index.php\/2025\/03\/29\/santos-inicia-conversas-para-permanencia-de-neymar\/#primaryimage"},"thumbnailUrl":"https:\/\/www.gaveanews.com\/wp-content\/uploads\/Neymar-em-acao-com-a-camisa-do-Santos-em-2025.webp","datePublished":"2025-03-29T20:55:00+00:00","author":{"@id":"https:\/\/www.gaveanews.com\/#\/schema\/person\/bd08f00534b403119b92741a6d469ef0"},"breadcrumb":{"@id":"https:\/\/www.gaveanews.com\/index.php\/2025\/03\/29\/santos-inicia-conversas-para-permanencia-de-neymar\/#breadcrumb"},"inLanguage":"pt-BR","potentialAction":[{"@type":"ReadAction","target":["https:\/\/www.gaveanews.com\/index.php\/2025\/03\/29\/santos-inicia-conversas-para-permanencia-de-neymar\/"]}]},{"@type":"ImageObject","inLanguage":"pt-BR","@id":"https:\/\/www.gaveanews.com\/index.php\/2025\/03\/29\/santos-inicia-conversas-para-permanencia-de-neymar\/#primaryimage","url":"https:\/\/www.gaveanews.com\/wp-content\/uploads\/Neymar-em-acao-com-a-camisa-do-Santos-em-2025.webp","contentUrl":"https:\/\/www.gaveanews.com\/wp-content\/uploads\/Neymar-em-acao-com-a-camisa-do-Santos-em-2025.webp","width":900,"height":600,"caption":"Neymar em a\u00e7\u00e3o com a camisa do Santos em 2025 (Foto: Raul Baretta\/ Santos FC)"},{"@type":"BreadcrumbList","@id":"https:\/\/www.gaveanews.com\/index.php\/2025\/03\/29\/santos-inicia-conversas-para-permanencia-de-neymar\/#breadcrumb","itemListElement":[{"@type":"ListItem","position":1,"name":"Home","item":"https:\/\/www.gaveanews.com\/"},{"@type":"ListItem","position":2,"name":"Santos inicia conversas para perman\u00eancia de Neymar"}]},{"@type":"WebSite","@id":"https:\/\/www.gaveanews.com\/#website","url":"https:\/\/www.gaveanews.com\/","name":"G\u00e1vea News","description":"Veja todas as not\u00edcias sobre o Flamengo: Contrata\u00e7\u00f5es, categorias de base, resultados das partidas, tabela de classifica\u00e7\u00e3o, pr\u00f3ximos jogos!","potentialAction":[{"@type":"SearchAction","target":{"@type":"EntryPoint","urlTemplate":"https:\/\/www.gaveanews.com\/?s={search_term_string}"},"query-input":{"@type":"PropertyValueSpecification","valueRequired":true,"valueName":"search_term_string"}}],"inLanguage":"pt-BR"},{"@type":"Person","@id":"https:\/\/www.gaveanews.com\/#\/schema\/person\/bd08f00534b403119b92741a6d469ef0","name":"Hudson Pereira","image":{"@type":"ImageObject","inLanguage":"pt-BR","@id":"https:\/\/www.gaveanews.com\/#\/schema\/person\/image\/","url":"https:\/\/secure.gravatar.com\/avatar\/ecc491b489e454e510efffc9b23c1052ce5fb4f2e05555768ba65819cd55f03e?s=96&d=mm&r=g","contentUrl":"https:\/\/secure.gravatar.com\/avatar\/ecc491b489e454e510efffc9b23c1052ce5fb4f2e05555768ba65819cd55f03e?s=96&d=mm&r=g","caption":"Hudson Pereira"}}]}},"_links":{"self":[{"href":"https:\/\/www.gaveanews.com\/index.php\/wp-json\/wp\/v2\/posts\/246337","targetHints":{"allow":["GET"]}}],"collection":[{"href":"https:\/\/www.gaveanews.com\/index.php\/wp-json\/wp\/v2\/posts"}],"about":[{"href":"https:\/\/www.gaveanews.com\/index.php\/wp-json\/wp\/v2\/types\/post"}],"author":[{"embeddable":true,"href":"https:\/\/www.gaveanews.com\/index.php\/wp-json\/wp\/v2\/users\/28"}],"replies":[{"embeddable":true,"href":"https:\/\/www.gaveanews.com\/index.php\/wp-json\/wp\/v2\/comments?post=246337"}],"version-history":[{"count":2,"href":"https:\/\/www.gaveanews.com\/index.php\/wp-json\/wp\/v2\/posts\/246337\/revisions"}],"predecessor-version":[{"id":246339,"href":"https:\/\/www.gaveanews.com\/index.php\/wp-json\/wp\/v2\/posts\/246337\/revisions\/246339"}],"wp:featuredmedia":[{"embeddable":true,"href":"https:\/\/www.gaveanews.com\/index.php\/wp-json\/wp\/v2\/media\/244445"}],"wp:attachment":[{"href":"https:\/\/www.gaveanews.com\/index.php\/wp-json\/wp\/v2\/media?parent=246337"}],"wp:term":[{"taxonomy":"category","embeddable":true,"href":"https:\/\/www.gaveanews.com\/index.php\/wp-json\/wp\/v2\/categories?post=246337"},{"taxonomy":"post_tag","embeddable":true,"href":"https:\/\/www.gaveanews.com\/index.php\/wp-json\/wp\/v2\/tags?post=246337"}],"curies":[{"name":"wp","href":"https:\/\/api.w.org\/{rel}","templated":true}]}}