{"id":246346,"date":"2025-03-29T17:30:00","date_gmt":"2025-03-29T20:30:00","guid":{"rendered":"https:\/\/www.gaveanews.com\/?p=246346"},"modified":"2025-03-29T15:35:22","modified_gmt":"2025-03-29T18:35:22","slug":"paulo-nunes-aponta-campeao-do-brasileirao-2025-joga-o-melhor-futebol","status":"publish","type":"post","link":"https:\/\/www.gaveanews.com\/index.php\/2025\/03\/29\/paulo-nunes-aponta-campeao-do-brasileirao-2025-joga-o-melhor-futebol\/","title":{"rendered":"Paulo Nunes aponta campe\u00e3o do Brasileir\u00e3o 2025: &#8220;joga o melhor futebol\u2026&#8221;"},"content":{"rendered":"\n<p>A disputa pelo t\u00edtulo do Brasileir\u00e3o j\u00e1 mobiliza an\u00e1lises sobre os principais candidatos, segundo o ex-atacante Paulo Nunes. Em sua vis\u00e3o, dois clubes despontam como favoritos, embora ele considere que um deles demonstra um est\u00e1gio superior ao rival paulista neste in\u00edcio de competi\u00e7\u00e3o.<\/p>\n\n\n\n<p>Durante sua participa\u00e7\u00e3o no programa &#8220;Sele\u00e7\u00e3o Sportv&#8221;, o comentarista enfatizou que a equipe rubro-negra, dirigida por Filipe Lu\u00eds, apresenta-se como a mais coesa e pronta entre os concorrentes no momento.<\/p>\n\n\n\n<p>Al\u00e9m disso, Nunes considera que este elenco demonstra o futebol mais vistoso atualmente. Ele complementou sua an\u00e1lise, mesmo reconhecendo a amostra ainda pequena, afirmando que &#8220;Para mim, o Flamengo hoje \u00e9 o time que joga o melhor futebol, mas tamb\u00e9m \u00e9 um recorte pequeno de amostra. \u00c9 o time que mais se mostra preparado&#8221;.<\/p>\n\n\n\n<p>Olhando adiante na temporada, o profissional do Grupo Globo projeta uma ascens\u00e3o do Palmeiras. Consequentemente, ele acredita que o time paulista atingir\u00e1 um n\u00edvel similar ao do clube carioca.<\/p>\n\n\n\n<p>Essa expectativa baseia-se tanto nos atletas que devem estrear pelo Verd\u00e3o quanto na evolu\u00e7\u00e3o cont\u00ednua sob o comando de Abel Ferreira. Nunes mencionou especificamente que o Palmeiras avan\u00e7ar\u00e1, &#8220;pois ele tem jogadores para estrear&#8221;. <\/p>\n\n\n\n<p>Al\u00e9m disso, ressaltou a compet\u00eancia de Abel na gest\u00e3o do elenco ao longo do Campeonato Brasileiro, indicando que haver\u00e1 tempo h\u00e1bil para o trabalho. Por fim, Nunes ponderou que a press\u00e3o por este t\u00edtulo ser\u00e1 significativa sobre a equipe alviverde.<\/p>\n\n\n\n<figure class=\"wp-block-image size-large\"><img loading=\"lazy\" decoding=\"async\" width=\"1024\" height=\"683\" src=\"http:\/\/www.gaveanews.com\/wp-content\/uploads\/Filipe-Luis-como-tecnico-do-Flamengo-em-2024-1024x683.webp\" alt=\"\" class=\"wp-image-171213\" srcset=\"https:\/\/www.gaveanews.com\/wp-content\/uploads\/Filipe-Luis-como-tecnico-do-Flamengo-em-2024-1024x683.webp 1024w, https:\/\/www.gaveanews.com\/wp-content\/uploads\/Filipe-Luis-como-tecnico-do-Flamengo-em-2024-300x200.webp 300w, https:\/\/www.gaveanews.com\/wp-content\/uploads\/Filipe-Luis-como-tecnico-do-Flamengo-em-2024-768x512.webp 768w, https:\/\/www.gaveanews.com\/wp-content\/uploads\/Filipe-Luis-como-tecnico-do-Flamengo-em-2024-630x420.webp 630w, https:\/\/www.gaveanews.com\/wp-content\/uploads\/Filipe-Luis-como-tecnico-do-Flamengo-em-2024-640x427.webp 640w, https:\/\/www.gaveanews.com\/wp-content\/uploads\/Filipe-Luis-como-tecnico-do-Flamengo-em-2024-681x454.webp 681w, https:\/\/www.gaveanews.com\/wp-content\/uploads\/Filipe-Luis-como-tecnico-do-Flamengo-em-2024-100x67.webp 100w, https:\/\/www.gaveanews.com\/wp-content\/uploads\/Filipe-Luis-como-tecnico-do-Flamengo-em-2024.webp 1065w\" sizes=\"auto, (max-width: 1024px) 100vw, 1024px\" \/><figcaption class=\"wp-element-caption\">Filipe Lu\u00eds como t\u00e9cnico do Flamengo em 2024 (Foto: Gilvan de Souza e Marcelo Cortes \/ CRF)<\/figcaption><\/figure>\n\n\n\n<h2 class=\"wp-block-heading\" id=\"h-detalhes-da-estreia-e-desfalques-rubro-negros\">Detalhes da estreia e desfalques rubro-negros<\/h2>\n\n\n\n<p>O Flamengo inicia sua campanha no Brasileir\u00e3o jogando em seus dom\u00ednios. Neste s\u00e1bado (29), o time recebe o Internacional no est\u00e1dio do Maracan\u00e3, \u00e0s 21h (hor\u00e1rio de Bras\u00edlia), em partida v\u00e1lida pela primeira rodada. O confronto colocar\u00e1 frente a frente o atual campe\u00e3o carioca e o campe\u00e3o ga\u00facho.<\/p>\n\n\n\n<p>Contudo, o t\u00e9cnico Filipe Lu\u00eds enfrenta poss\u00edveis desfalques importantes para esta estreia. O meio-campista Gerson, em virtude de dores musculares, provavelmente ficar\u00e1 de fora do confronto neste final de semana.<\/p>\n\n\n\n<p>Ademais, o zagueiro Danilo permanece sob os cuidados do departamento m\u00e9dico do clube. Apesar dessas potenciais aus\u00eancias, Filipe Lu\u00eds poder\u00e1 contar com os demais atletas principais do elenco para a partida inaugural da competi\u00e7\u00e3o nacional.<\/p>\n","protected":false},"excerpt":{"rendered":"<p>A disputa pelo t\u00edtulo do Brasileir\u00e3o j\u00e1 mobiliza an\u00e1lises sobre os principais candidatos, segundo o ex-atacante Paulo Nunes. Em sua vis\u00e3o, dois clubes despontam como favoritos, embora ele considere que um deles demonstra um est\u00e1gio superior ao rival paulista neste in\u00edcio de competi\u00e7\u00e3o. Durante sua participa\u00e7\u00e3o no programa &#8220;Sele\u00e7\u00e3o Sportv&#8221;, o comentarista enfatizou que a [&hellip;]<\/p>\n","protected":false},"author":28,"featured_media":215468,"comment_status":"open","ping_status":"closed","sticky":false,"template":"","format":"standard","meta":{"footnotes":""},"categories":[1],"tags":[],"class_list":["post-246346","post","type-post","status-publish","format-standard","has-post-thumbnail","hentry","category-flamengo"],"yoast_head":"<!-- This site is optimized with the Yoast SEO Premium plugin v24.2 (Yoast SEO v26.9) - https:\/\/yoast.com\/product\/yoast-seo-premium-wordpress\/ -->\n<title>Paulo Nunes aponta campe\u00e3o do Brasileir\u00e3o 2025: &quot;joga o melhor futebol\u2026&quot;<\/title>\n<meta name=\"robots\" content=\"index, follow, max-snippet:-1, max-image-preview:large, max-video-preview:-1\" \/>\n<link rel=\"canonical\" href=\"https:\/\/www.gaveanews.com\/index.php\/2025\/03\/29\/paulo-nunes-aponta-campeao-do-brasileirao-2025-joga-o-melhor-futebol\/\" \/>\n<meta property=\"og:locale\" content=\"pt_BR\" \/>\n<meta property=\"og:type\" content=\"article\" \/>\n<meta property=\"og:title\" content=\"Paulo Nunes aponta campe\u00e3o do Brasileir\u00e3o 2025: &quot;joga o melhor futebol\u2026&quot;\" \/>\n<meta property=\"og:description\" content=\"A disputa pelo t\u00edtulo do Brasileir\u00e3o j\u00e1 mobiliza an\u00e1lises sobre os principais candidatos, segundo o ex-atacante Paulo Nunes. Em sua vis\u00e3o, dois clubes despontam como favoritos, embora ele considere que um deles demonstra um est\u00e1gio superior ao rival paulista neste in\u00edcio de competi\u00e7\u00e3o. Durante sua participa\u00e7\u00e3o no programa &#8220;Sele\u00e7\u00e3o Sportv&#8221;, o comentarista enfatizou que a [&hellip;]\" \/>\n<meta property=\"og:url\" content=\"https:\/\/www.gaveanews.com\/index.php\/2025\/03\/29\/paulo-nunes-aponta-campeao-do-brasileirao-2025-joga-o-melhor-futebol\/\" \/>\n<meta property=\"og:site_name\" content=\"G\u00e1vea News\" \/>\n<meta property=\"article:publisher\" content=\"https:\/\/facebook.com\/gaveaNews\/\" \/>\n<meta property=\"article:published_time\" content=\"2025-03-29T20:30:00+00:00\" \/>\n<meta property=\"og:image\" content=\"https:\/\/www.gaveanews.com\/wp-content\/uploads\/paulo-nunes-rede-globo-1536x864-1.webp\" \/>\n\t<meta property=\"og:image:width\" content=\"1536\" \/>\n\t<meta property=\"og:image:height\" content=\"864\" \/>\n\t<meta property=\"og:image:type\" content=\"image\/jpeg\" \/>\n<meta name=\"author\" content=\"Hudson Pereira\" \/>\n<meta name=\"twitter:card\" content=\"summary_large_image\" \/>\n<meta name=\"twitter:label1\" content=\"Escrito por\" \/>\n\t<meta name=\"twitter:data1\" content=\"Hudson Pereira\" \/>\n\t<meta name=\"twitter:label2\" content=\"Est. tempo de leitura\" \/>\n\t<meta name=\"twitter:data2\" content=\"3 minutos\" \/>\n<script type=\"application\/ld+json\" class=\"yoast-schema-graph\">{\"@context\":\"https:\/\/schema.org\",\"@graph\":[{\"@type\":\"NewsArticle\",\"@id\":\"https:\/\/www.gaveanews.com\/index.php\/2025\/03\/29\/paulo-nunes-aponta-campeao-do-brasileirao-2025-joga-o-melhor-futebol\/#article\",\"isPartOf\":{\"@id\":\"https:\/\/www.gaveanews.com\/index.php\/2025\/03\/29\/paulo-nunes-aponta-campeao-do-brasileirao-2025-joga-o-melhor-futebol\/\"},\"author\":{\"name\":\"Hudson Pereira\",\"@id\":\"https:\/\/www.gaveanews.com\/#\/schema\/person\/bd08f00534b403119b92741a6d469ef0\"},\"headline\":\"Paulo Nunes aponta campe\u00e3o do Brasileir\u00e3o 2025: &#8220;joga o melhor futebol\u2026&#8221;\",\"datePublished\":\"2025-03-29T20:30:00+00:00\",\"mainEntityOfPage\":{\"@id\":\"https:\/\/www.gaveanews.com\/index.php\/2025\/03\/29\/paulo-nunes-aponta-campeao-do-brasileirao-2025-joga-o-melhor-futebol\/\"},\"wordCount\":416,\"commentCount\":0,\"image\":{\"@id\":\"https:\/\/www.gaveanews.com\/index.php\/2025\/03\/29\/paulo-nunes-aponta-campeao-do-brasileirao-2025-joga-o-melhor-futebol\/#primaryimage\"},\"thumbnailUrl\":\"https:\/\/www.gaveanews.com\/wp-content\/uploads\/paulo-nunes-rede-globo-1536x864-1.webp\",\"articleSection\":[\"Flamengo\"],\"inLanguage\":\"pt-BR\",\"potentialAction\":[{\"@type\":\"CommentAction\",\"name\":\"Comment\",\"target\":[\"https:\/\/www.gaveanews.com\/index.php\/2025\/03\/29\/paulo-nunes-aponta-campeao-do-brasileirao-2025-joga-o-melhor-futebol\/#respond\"]}],\"copyrightYear\":\"2025\",\"copyrightHolder\":{\"@id\":\"https:\/\/www.gaveanews.com\/#organization\"}},{\"@type\":\"WebPage\",\"@id\":\"https:\/\/www.gaveanews.com\/index.php\/2025\/03\/29\/paulo-nunes-aponta-campeao-do-brasileirao-2025-joga-o-melhor-futebol\/\",\"url\":\"https:\/\/www.gaveanews.com\/index.php\/2025\/03\/29\/paulo-nunes-aponta-campeao-do-brasileirao-2025-joga-o-melhor-futebol\/\",\"name\":\"Paulo Nunes aponta campe\u00e3o do Brasileir\u00e3o 2025: \\\"joga o melhor futebol\u2026\\\"\",\"isPartOf\":{\"@id\":\"https:\/\/www.gaveanews.com\/#website\"},\"primaryImageOfPage\":{\"@id\":\"https:\/\/www.gaveanews.com\/index.php\/2025\/03\/29\/paulo-nunes-aponta-campeao-do-brasileirao-2025-joga-o-melhor-futebol\/#primaryimage\"},\"image\":{\"@id\":\"https:\/\/www.gaveanews.com\/index.php\/2025\/03\/29\/paulo-nunes-aponta-campeao-do-brasileirao-2025-joga-o-melhor-futebol\/#primaryimage\"},\"thumbnailUrl\":\"https:\/\/www.gaveanews.com\/wp-content\/uploads\/paulo-nunes-rede-globo-1536x864-1.webp\",\"datePublished\":\"2025-03-29T20:30:00+00:00\",\"author\":{\"@id\":\"https:\/\/www.gaveanews.com\/#\/schema\/person\/bd08f00534b403119b92741a6d469ef0\"},\"breadcrumb\":{\"@id\":\"https:\/\/www.gaveanews.com\/index.php\/2025\/03\/29\/paulo-nunes-aponta-campeao-do-brasileirao-2025-joga-o-melhor-futebol\/#breadcrumb\"},\"inLanguage\":\"pt-BR\",\"potentialAction\":[{\"@type\":\"ReadAction\",\"target\":[\"https:\/\/www.gaveanews.com\/index.php\/2025\/03\/29\/paulo-nunes-aponta-campeao-do-brasileirao-2025-joga-o-melhor-futebol\/\"]}]},{\"@type\":\"ImageObject\",\"inLanguage\":\"pt-BR\",\"@id\":\"https:\/\/www.gaveanews.com\/index.php\/2025\/03\/29\/paulo-nunes-aponta-campeao-do-brasileirao-2025-joga-o-melhor-futebol\/#primaryimage\",\"url\":\"https:\/\/www.gaveanews.com\/wp-content\/uploads\/paulo-nunes-rede-globo-1536x864-1.webp\",\"contentUrl\":\"https:\/\/www.gaveanews.com\/wp-content\/uploads\/paulo-nunes-rede-globo-1536x864-1.webp\",\"width\":1536,\"height\":864,\"caption\":\"Paulo Nunes - Foto: Reprodu\u00e7\u00e3o\"},{\"@type\":\"BreadcrumbList\",\"@id\":\"https:\/\/www.gaveanews.com\/index.php\/2025\/03\/29\/paulo-nunes-aponta-campeao-do-brasileirao-2025-joga-o-melhor-futebol\/#breadcrumb\",\"itemListElement\":[{\"@type\":\"ListItem\",\"position\":1,\"name\":\"Home\",\"item\":\"https:\/\/www.gaveanews.com\/\"},{\"@type\":\"ListItem\",\"position\":2,\"name\":\"Paulo Nunes aponta campe\u00e3o do Brasileir\u00e3o 2025: &#8220;joga o melhor futebol\u2026&#8221;\"}]},{\"@type\":\"WebSite\",\"@id\":\"https:\/\/www.gaveanews.com\/#website\",\"url\":\"https:\/\/www.gaveanews.com\/\",\"name\":\"G\u00e1vea News\",\"description\":\"Veja todas as not\u00edcias sobre o Flamengo: Contrata\u00e7\u00f5es, categorias de base, resultados das partidas, tabela de classifica\u00e7\u00e3o, pr\u00f3ximos jogos!\",\"potentialAction\":[{\"@type\":\"SearchAction\",\"target\":{\"@type\":\"EntryPoint\",\"urlTemplate\":\"https:\/\/www.gaveanews.com\/?s={search_term_string}\"},\"query-input\":{\"@type\":\"PropertyValueSpecification\",\"valueRequired\":true,\"valueName\":\"search_term_string\"}}],\"inLanguage\":\"pt-BR\"},{\"@type\":\"Person\",\"@id\":\"https:\/\/www.gaveanews.com\/#\/schema\/person\/bd08f00534b403119b92741a6d469ef0\",\"name\":\"Hudson Pereira\",\"image\":{\"@type\":\"ImageObject\",\"inLanguage\":\"pt-BR\",\"@id\":\"https:\/\/www.gaveanews.com\/#\/schema\/person\/image\/\",\"url\":\"https:\/\/secure.gravatar.com\/avatar\/ecc491b489e454e510efffc9b23c1052ce5fb4f2e05555768ba65819cd55f03e?s=96&d=mm&r=g\",\"contentUrl\":\"https:\/\/secure.gravatar.com\/avatar\/ecc491b489e454e510efffc9b23c1052ce5fb4f2e05555768ba65819cd55f03e?s=96&d=mm&r=g\",\"caption\":\"Hudson Pereira\"}}]}<\/script>\n<!-- \/ Yoast SEO Premium plugin. -->","yoast_head_json":{"title":"Paulo Nunes aponta campe\u00e3o do Brasileir\u00e3o 2025: \"joga o melhor futebol\u2026\"","robots":{"index":"index","follow":"follow","max-snippet":"max-snippet:-1","max-image-preview":"max-image-preview:large","max-video-preview":"max-video-preview:-1"},"canonical":"https:\/\/www.gaveanews.com\/index.php\/2025\/03\/29\/paulo-nunes-aponta-campeao-do-brasileirao-2025-joga-o-melhor-futebol\/","og_locale":"pt_BR","og_type":"article","og_title":"Paulo Nunes aponta campe\u00e3o do Brasileir\u00e3o 2025: \"joga o melhor futebol\u2026\"","og_description":"A disputa pelo t\u00edtulo do Brasileir\u00e3o j\u00e1 mobiliza an\u00e1lises sobre os principais candidatos, segundo o ex-atacante Paulo Nunes. Em sua vis\u00e3o, dois clubes despontam como favoritos, embora ele considere que um deles demonstra um est\u00e1gio superior ao rival paulista neste in\u00edcio de competi\u00e7\u00e3o. Durante sua participa\u00e7\u00e3o no programa &#8220;Sele\u00e7\u00e3o Sportv&#8221;, o comentarista enfatizou que a [&hellip;]","og_url":"https:\/\/www.gaveanews.com\/index.php\/2025\/03\/29\/paulo-nunes-aponta-campeao-do-brasileirao-2025-joga-o-melhor-futebol\/","og_site_name":"G\u00e1vea News","article_publisher":"https:\/\/facebook.com\/gaveaNews\/","article_published_time":"2025-03-29T20:30:00+00:00","og_image":[{"width":1536,"height":864,"url":"https:\/\/www.gaveanews.com\/wp-content\/uploads\/paulo-nunes-rede-globo-1536x864-1.webp","type":"image\/jpeg"}],"author":"Hudson Pereira","twitter_card":"summary_large_image","twitter_misc":{"Escrito por":"Hudson Pereira","Est. tempo de leitura":"3 minutos"},"schema":{"@context":"https:\/\/schema.org","@graph":[{"@type":"NewsArticle","@id":"https:\/\/www.gaveanews.com\/index.php\/2025\/03\/29\/paulo-nunes-aponta-campeao-do-brasileirao-2025-joga-o-melhor-futebol\/#article","isPartOf":{"@id":"https:\/\/www.gaveanews.com\/index.php\/2025\/03\/29\/paulo-nunes-aponta-campeao-do-brasileirao-2025-joga-o-melhor-futebol\/"},"author":{"name":"Hudson Pereira","@id":"https:\/\/www.gaveanews.com\/#\/schema\/person\/bd08f00534b403119b92741a6d469ef0"},"headline":"Paulo Nunes aponta campe\u00e3o do Brasileir\u00e3o 2025: &#8220;joga o melhor futebol\u2026&#8221;","datePublished":"2025-03-29T20:30:00+00:00","mainEntityOfPage":{"@id":"https:\/\/www.gaveanews.com\/index.php\/2025\/03\/29\/paulo-nunes-aponta-campeao-do-brasileirao-2025-joga-o-melhor-futebol\/"},"wordCount":416,"commentCount":0,"image":{"@id":"https:\/\/www.gaveanews.com\/index.php\/2025\/03\/29\/paulo-nunes-aponta-campeao-do-brasileirao-2025-joga-o-melhor-futebol\/#primaryimage"},"thumbnailUrl":"https:\/\/www.gaveanews.com\/wp-content\/uploads\/paulo-nunes-rede-globo-1536x864-1.webp","articleSection":["Flamengo"],"inLanguage":"pt-BR","potentialAction":[{"@type":"CommentAction","name":"Comment","target":["https:\/\/www.gaveanews.com\/index.php\/2025\/03\/29\/paulo-nunes-aponta-campeao-do-brasileirao-2025-joga-o-melhor-futebol\/#respond"]}],"copyrightYear":"2025","copyrightHolder":{"@id":"https:\/\/www.gaveanews.com\/#organization"}},{"@type":"WebPage","@id":"https:\/\/www.gaveanews.com\/index.php\/2025\/03\/29\/paulo-nunes-aponta-campeao-do-brasileirao-2025-joga-o-melhor-futebol\/","url":"https:\/\/www.gaveanews.com\/index.php\/2025\/03\/29\/paulo-nunes-aponta-campeao-do-brasileirao-2025-joga-o-melhor-futebol\/","name":"Paulo Nunes aponta campe\u00e3o do Brasileir\u00e3o 2025: \"joga o melhor futebol\u2026\"","isPartOf":{"@id":"https:\/\/www.gaveanews.com\/#website"},"primaryImageOfPage":{"@id":"https:\/\/www.gaveanews.com\/index.php\/2025\/03\/29\/paulo-nunes-aponta-campeao-do-brasileirao-2025-joga-o-melhor-futebol\/#primaryimage"},"image":{"@id":"https:\/\/www.gaveanews.com\/index.php\/2025\/03\/29\/paulo-nunes-aponta-campeao-do-brasileirao-2025-joga-o-melhor-futebol\/#primaryimage"},"thumbnailUrl":"https:\/\/www.gaveanews.com\/wp-content\/uploads\/paulo-nunes-rede-globo-1536x864-1.webp","datePublished":"2025-03-29T20:30:00+00:00","author":{"@id":"https:\/\/www.gaveanews.com\/#\/schema\/person\/bd08f00534b403119b92741a6d469ef0"},"breadcrumb":{"@id":"https:\/\/www.gaveanews.com\/index.php\/2025\/03\/29\/paulo-nunes-aponta-campeao-do-brasileirao-2025-joga-o-melhor-futebol\/#breadcrumb"},"inLanguage":"pt-BR","potentialAction":[{"@type":"ReadAction","target":["https:\/\/www.gaveanews.com\/index.php\/2025\/03\/29\/paulo-nunes-aponta-campeao-do-brasileirao-2025-joga-o-melhor-futebol\/"]}]},{"@type":"ImageObject","inLanguage":"pt-BR","@id":"https:\/\/www.gaveanews.com\/index.php\/2025\/03\/29\/paulo-nunes-aponta-campeao-do-brasileirao-2025-joga-o-melhor-futebol\/#primaryimage","url":"https:\/\/www.gaveanews.com\/wp-content\/uploads\/paulo-nunes-rede-globo-1536x864-1.webp","contentUrl":"https:\/\/www.gaveanews.com\/wp-content\/uploads\/paulo-nunes-rede-globo-1536x864-1.webp","width":1536,"height":864,"caption":"Paulo Nunes - Foto: Reprodu\u00e7\u00e3o"},{"@type":"BreadcrumbList","@id":"https:\/\/www.gaveanews.com\/index.php\/2025\/03\/29\/paulo-nunes-aponta-campeao-do-brasileirao-2025-joga-o-melhor-futebol\/#breadcrumb","itemListElement":[{"@type":"ListItem","position":1,"name":"Home","item":"https:\/\/www.gaveanews.com\/"},{"@type":"ListItem","position":2,"name":"Paulo Nunes aponta campe\u00e3o do Brasileir\u00e3o 2025: &#8220;joga o melhor futebol\u2026&#8221;"}]},{"@type":"WebSite","@id":"https:\/\/www.gaveanews.com\/#website","url":"https:\/\/www.gaveanews.com\/","name":"G\u00e1vea News","description":"Veja todas as not\u00edcias sobre o Flamengo: Contrata\u00e7\u00f5es, categorias de base, resultados das partidas, tabela de classifica\u00e7\u00e3o, pr\u00f3ximos jogos!","potentialAction":[{"@type":"SearchAction","target":{"@type":"EntryPoint","urlTemplate":"https:\/\/www.gaveanews.com\/?s={search_term_string}"},"query-input":{"@type":"PropertyValueSpecification","valueRequired":true,"valueName":"search_term_string"}}],"inLanguage":"pt-BR"},{"@type":"Person","@id":"https:\/\/www.gaveanews.com\/#\/schema\/person\/bd08f00534b403119b92741a6d469ef0","name":"Hudson Pereira","image":{"@type":"ImageObject","inLanguage":"pt-BR","@id":"https:\/\/www.gaveanews.com\/#\/schema\/person\/image\/","url":"https:\/\/secure.gravatar.com\/avatar\/ecc491b489e454e510efffc9b23c1052ce5fb4f2e05555768ba65819cd55f03e?s=96&d=mm&r=g","contentUrl":"https:\/\/secure.gravatar.com\/avatar\/ecc491b489e454e510efffc9b23c1052ce5fb4f2e05555768ba65819cd55f03e?s=96&d=mm&r=g","caption":"Hudson Pereira"}}]}},"_links":{"self":[{"href":"https:\/\/www.gaveanews.com\/index.php\/wp-json\/wp\/v2\/posts\/246346","targetHints":{"allow":["GET"]}}],"collection":[{"href":"https:\/\/www.gaveanews.com\/index.php\/wp-json\/wp\/v2\/posts"}],"about":[{"href":"https:\/\/www.gaveanews.com\/index.php\/wp-json\/wp\/v2\/types\/post"}],"author":[{"embeddable":true,"href":"https:\/\/www.gaveanews.com\/index.php\/wp-json\/wp\/v2\/users\/28"}],"replies":[{"embeddable":true,"href":"https:\/\/www.gaveanews.com\/index.php\/wp-json\/wp\/v2\/comments?post=246346"}],"version-history":[{"count":2,"href":"https:\/\/www.gaveanews.com\/index.php\/wp-json\/wp\/v2\/posts\/246346\/revisions"}],"predecessor-version":[{"id":246353,"href":"https:\/\/www.gaveanews.com\/index.php\/wp-json\/wp\/v2\/posts\/246346\/revisions\/246353"}],"wp:featuredmedia":[{"embeddable":true,"href":"https:\/\/www.gaveanews.com\/index.php\/wp-json\/wp\/v2\/media\/215468"}],"wp:attachment":[{"href":"https:\/\/www.gaveanews.com\/index.php\/wp-json\/wp\/v2\/media?parent=246346"}],"wp:term":[{"taxonomy":"category","embeddable":true,"href":"https:\/\/www.gaveanews.com\/index.php\/wp-json\/wp\/v2\/categories?post=246346"},{"taxonomy":"post_tag","embeddable":true,"href":"https:\/\/www.gaveanews.com\/index.php\/wp-json\/wp\/v2\/tags?post=246346"}],"curies":[{"name":"wp","href":"https:\/\/api.w.org\/{rel}","templated":true}]}}