{"id":246348,"date":"2025-03-29T16:10:00","date_gmt":"2025-03-29T19:10:00","guid":{"rendered":"https:\/\/www.gaveanews.com\/?p=246348"},"modified":"2025-03-29T14:31:03","modified_gmt":"2025-03-29T17:31:03","slug":"reviravolta-sobre-palacios-torcida-provoca-neymar-e-situacao-inedita-as-ultimas-noticias-do-vasco","status":"publish","type":"post","link":"https:\/\/www.gaveanews.com\/index.php\/2025\/03\/29\/reviravolta-sobre-palacios-torcida-provoca-neymar-e-situacao-inedita-as-ultimas-noticias-do-vasco\/","title":{"rendered":"Reviravolta sobre Palacios, torcida provoca Neymar e situa\u00e7\u00e3o in\u00e9dita: as \u00faltimas not\u00edcias do Vasco"},"content":{"rendered":"\n<p>Nas \u00faltimas horas, o foco das not\u00edcias sobre o Vasco se concentram nos bastidores do clube, com destaques do dia a dia do time.<\/p>\n\n\n\n<p>Por conta deste contexto, leia abaixo um resumo preparado pela equipe do portal G\u00e1vea News para lhe manter muito bem informado!<\/p>\n\n\n\n<div class=\"wp-block-group\"><div class=\"wp-block-group__inner-container is-layout-constrained wp-block-group-is-layout-constrained\">\n<h2 class=\"wp-block-heading\" id=\"h-situacao-inedita\">Situa\u00e7\u00e3o in\u00e9dita<\/h2>\n\n\n\n<p>O Vasco da Gama se prepara para iniciar sua campanha no Campeonato Brasileiro de 2025 em um duelo in\u00e9dito contra o Santos, no pr\u00f3ximo domingo (30), em S\u00e3o Janu\u00e1rio. Ser\u00e1 a primeira vez, desde a ado\u00e7\u00e3o do formato de pontos corridos em 2003, que os dois clubes se enfrentam logo na estreia da competi\u00e7\u00e3o. A expectativa \u00e9 de uma partida marcante, tanto pelo simbolismo do confronto quanto pelo bom retrospecto vasca\u00edno em primeiras rodadas ao longo dos anos <strong><a href=\"https:\/\/www.gaveanews.com\/index.php\/2025\/03\/24\/vasco-vai-enfrentar-situacao-jamais-vivida-antes-na-proxima-semana\/\">(leia a mat\u00e9ria completa).<\/a><\/strong><\/p>\n\n\n\n<figure class=\"wp-block-image size-large\"><img loading=\"lazy\" decoding=\"async\" width=\"1024\" height=\"768\" src=\"http:\/\/www.gaveanews.com\/wp-content\/uploads\/Camisa-do-Vasco-2024-1024x768.webp\" alt=\"\" class=\"wp-image-161261\" srcset=\"https:\/\/www.gaveanews.com\/wp-content\/uploads\/Camisa-do-Vasco-2024-1024x768.webp 1024w, https:\/\/www.gaveanews.com\/wp-content\/uploads\/Camisa-do-Vasco-2024-300x225.webp 300w, https:\/\/www.gaveanews.com\/wp-content\/uploads\/Camisa-do-Vasco-2024-768x576.webp 768w, https:\/\/www.gaveanews.com\/wp-content\/uploads\/Camisa-do-Vasco-2024-560x420.webp 560w, https:\/\/www.gaveanews.com\/wp-content\/uploads\/Camisa-do-Vasco-2024-80x60.webp 80w, https:\/\/www.gaveanews.com\/wp-content\/uploads\/Camisa-do-Vasco-2024-160x120.webp 160w, https:\/\/www.gaveanews.com\/wp-content\/uploads\/Camisa-do-Vasco-2024-100x75.webp 100w, https:\/\/www.gaveanews.com\/wp-content\/uploads\/Camisa-do-Vasco-2024-200x150.webp 200w, https:\/\/www.gaveanews.com\/wp-content\/uploads\/Camisa-do-Vasco-2024-180x135.webp 180w, https:\/\/www.gaveanews.com\/wp-content\/uploads\/Camisa-do-Vasco-2024-360x270.webp 360w, https:\/\/www.gaveanews.com\/wp-content\/uploads\/Camisa-do-Vasco-2024-238x178.webp 238w, https:\/\/www.gaveanews.com\/wp-content\/uploads\/Camisa-do-Vasco-2024-476x356.webp 476w, https:\/\/www.gaveanews.com\/wp-content\/uploads\/Camisa-do-Vasco-2024-640x480.webp 640w, https:\/\/www.gaveanews.com\/wp-content\/uploads\/Camisa-do-Vasco-2024-681x511.webp 681w, https:\/\/www.gaveanews.com\/wp-content\/uploads\/Camisa-do-Vasco-2024.webp 1059w\" sizes=\"auto, (max-width: 1024px) 100vw, 1024px\" \/><figcaption class=\"wp-element-caption\">Camisa do Vasco 2024 (Foto: Reprodu\u00e7\u00e3o\/Instagram)<\/figcaption><\/figure>\n\n\n\n<p>Com 17 estreias na S\u00e9rie A nesse formato, o Vasco soma nove vit\u00f3rias, superando as derrotas e empates. Entre os destaques est\u00e3o vit\u00f3rias contra advers\u00e1rios como Gr\u00eamio e Atl\u00e9tico-MG, que figuram como os times mais derrotados pelo Cruz-Maltino em aberturas de campeonato. <\/p>\n\n\n\n<p>Apesar disso, o clube tamb\u00e9m acumulou derrotas significativas, como os 4 a 0 para o Palmeiras em 2017 e os 4 a 1 sofridos contra o Athletico em 2019, mostrando que o in\u00edcio da temporada nem sempre foi est\u00e1vel.<\/p>\n\n\n\n<p>O hist\u00f3rico do Vasco em estreias demonstra certa solidez, sendo um fator positivo para a confian\u00e7a do elenco nesta nova jornada. Em 2024, o time venceu o Gr\u00eamio logo na abertura com gol de Mateus Carvalho, e busca repetir o feito diante do Santos. O jogo, agendado para as 18h30 no hor\u00e1rio de Bras\u00edlia, n\u00e3o apenas inaugura o Brasileir\u00e3o 2025 para os dois clubes, como tamb\u00e9m promete ser o pontap\u00e9 inicial de uma trajet\u00f3ria que pode definir os rumos da temporada vasca\u00edna.<\/p>\n\n\n\n<h2 class=\"wp-block-heading\" id=\"h-torcida-provoca-neymar\">Torcida provoca Neymar<\/h2>\n\n\n\n<p>O Campeonato Brasileiro de 2025 j\u00e1 come\u00e7a em clima de provoca\u00e7\u00e3o, especialmente para o confronto entre Vasco da Gama e Santos, marcado para o dia 30 de mar\u00e7o, em S\u00e3o Janu\u00e1rio. A torcida vasca\u00edna, animada com a estreia em casa, tem provocado Neymar nas redes sociais, aumentando a expectativa em torno da participa\u00e7\u00e3o do camisa 10 santista, que ainda se recupera de uma les\u00e3o. A partida marcar\u00e1 o in\u00edcio da caminhada dos dois clubes na competi\u00e7\u00e3o nacional, cercada por tens\u00e3o e rivalidade hist\u00f3rica <strong><a href=\"https:\/\/www.gaveanews.com\/index.php\/2025\/03\/25\/torcida-do-vasco-provoca-neymar-do-santos\/\">(leia a mat\u00e9ria completa).<\/a><\/strong><\/p>\n\n\n\n<figure class=\"wp-block-image size-full\"><img loading=\"lazy\" decoding=\"async\" width=\"900\" height=\"600\" src=\"http:\/\/www.gaveanews.com\/wp-content\/uploads\/Neymar-em-acao-com-a-camisa-do-Santos-em-2025.webp\" alt=\"\" class=\"wp-image-244445\"\/><figcaption class=\"wp-element-caption\">Neymar em a\u00e7\u00e3o com a camisa do Santos em 2025 (Foto: Raul Baretta\/ Santos FC)<\/figcaption><\/figure>\n\n\n\n<p>O Vasco, comandado por F\u00e1bio Carille, chega ao Brasileir\u00e3o ap\u00f3s boa campanha no Campeonato Carioca, onde alcan\u00e7ou a semifinal. Com Philippe Coutinho entre os refor\u00e7os e uma torcida confiante, o clube carioca quer transformar S\u00e3o Janu\u00e1rio em um verdadeiro caldeir\u00e3o. Enquanto isso, a poss\u00edvel presen\u00e7a de Neymar entre os relacionados do Santos eleva o n\u00edvel do embate, mesmo que o jogador ainda esteja longe de sua melhor forma f\u00edsica. As provoca\u00e7\u00f5es antecipam um jogo com clima quente dentro e fora de campo.<\/p>\n\n\n\n<p>Historicamente, os duelos entre Vasco e Santos sempre foram equilibrados, com ligeira vantagem para o clube paulista. O \u00faltimo confronto, em 2023, terminou com goleada do Santos por 4 a 1. Agora, o desafio de Carille \u00e9 n\u00e3o s\u00f3 vencer na estreia, mas tamb\u00e9m responder \u00e0s cr\u00edticas ap\u00f3s a elimina\u00e7\u00e3o no estadual. Para o Santos, o retorno de Neymar pode representar um novo come\u00e7o, e a estreia \u00e9 vista como uma oportunidade de afirma\u00e7\u00e3o para o elenco sob o comando de Pedro Caixinha.<\/p>\n\n\n\n<h2 class=\"wp-block-heading\" id=\"h-reviravolta-sobre-palacios\">Reviravolta sobre Palacios<\/h2>\n\n\n\n<p>O Vasco da Gama voltou a se movimentar no mercado e mira novamente a contrata\u00e7\u00e3o de Brahian Palacios, atacante do Atl\u00e9tico-MG. A reaproxima\u00e7\u00e3o acontece em um momento oportuno, j\u00e1 que o jogador n\u00e3o foi relacionado para as finais do Campeonato Mineiro, o que acendeu o alerta na diretoria vasca\u00edna sobre sua poss\u00edvel sa\u00edda. O clube carioca v\u00ea nessa situa\u00e7\u00e3o uma chance valiosa de refor\u00e7ar seu ataque, setor considerado prioridade na atual janela de transfer\u00eancias <strong><a href=\"https:\/\/www.gaveanews.com\/index.php\/2025\/03\/25\/vasco-reviravolta-na-contratacao-de-brahian-palacios-do-atletico-mg\/\">(leia a mat\u00e9ria completa).<\/a><\/strong><\/p>\n\n\n\n<figure class=\"wp-block-image size-large\"><img loading=\"lazy\" decoding=\"async\" width=\"1024\" height=\"844\" src=\"http:\/\/www.gaveanews.com\/wp-content\/uploads\/Brahian-Palacios-pelo-Atletico-MG-1024x844.webp\" alt=\"\" class=\"wp-image-172474\" srcset=\"https:\/\/www.gaveanews.com\/wp-content\/uploads\/Brahian-Palacios-pelo-Atletico-MG-1024x844.webp 1024w, https:\/\/www.gaveanews.com\/wp-content\/uploads\/Brahian-Palacios-pelo-Atletico-MG-300x247.webp 300w, https:\/\/www.gaveanews.com\/wp-content\/uploads\/Brahian-Palacios-pelo-Atletico-MG-768x633.webp 768w, https:\/\/www.gaveanews.com\/wp-content\/uploads\/Brahian-Palacios-pelo-Atletico-MG-509x420.webp 509w, https:\/\/www.gaveanews.com\/wp-content\/uploads\/Brahian-Palacios-pelo-Atletico-MG-1019x840.webp 1019w, https:\/\/www.gaveanews.com\/wp-content\/uploads\/Brahian-Palacios-pelo-Atletico-MG-640x528.webp 640w, https:\/\/www.gaveanews.com\/wp-content\/uploads\/Brahian-Palacios-pelo-Atletico-MG-1280x1055.webp 1280w, https:\/\/www.gaveanews.com\/wp-content\/uploads\/Brahian-Palacios-pelo-Atletico-MG-681x561.webp 681w, https:\/\/www.gaveanews.com\/wp-content\/uploads\/Brahian-Palacios-pelo-Atletico-MG-100x82.webp 100w, https:\/\/www.gaveanews.com\/wp-content\/uploads\/Brahian-Palacios-pelo-Atletico-MG.webp 1293w\" sizes=\"auto, (max-width: 1024px) 100vw, 1024px\" \/><figcaption class=\"wp-element-caption\">Brahian Palacios pelo Atl\u00e9tico-MG (Foto: Pedro Souza\/Atl\u00e9tico-MG)<\/figcaption><\/figure>\n\n\n\n<p>Palacios chegou ao Galo cercado de expectativa, mas sua recente aus\u00eancia nas partidas decisivas e a falta de oportunidades sob o comando de Cuca indicam que o colombiano est\u00e1 fora dos planos da equipe mineira. Diante disso, o Vasco, por meio do diretor executivo Marcelo Sant\u2019Ana, j\u00e1 deixou claro seu desejo de contar com o atleta. A possibilidade de uma negocia\u00e7\u00e3o nacional torna o cen\u00e1rio ainda mais favor\u00e1vel para que o clube avance nas tratativas.<\/p>\n\n\n\n<p>A expectativa da diretoria cruzmaltina \u00e9 que a chegada de Palacios traga qualidade t\u00e9cnica e mais varia\u00e7\u00f5es ofensivas ao elenco comandado por F\u00e1bio Carille. Mesmo com outras negocia\u00e7\u00f5es n\u00e3o concretizadas, o nome do colombiano continua sendo um dos principais alvos. A confian\u00e7a no potencial do jogador e a atual situa\u00e7\u00e3o no Atl\u00e9tico-MG mant\u00eam o Vasco atento e pronto para fazer uma proposta concreta nos pr\u00f3ximos dias.<\/p>\n<\/div><\/div>\n","protected":false},"excerpt":{"rendered":"<p>Nas \u00faltimas horas, o foco das not\u00edcias sobre o Vasco se concentram nos bastidores do clube, com destaques do dia a dia do time. Por conta deste contexto, leia abaixo um resumo preparado pela equipe do portal G\u00e1vea News para lhe manter muito bem informado! Situa\u00e7\u00e3o in\u00e9dita O Vasco da Gama se prepara para iniciar [&hellip;]<\/p>\n","protected":false},"author":33,"featured_media":152090,"comment_status":"open","ping_status":"closed","sticky":false,"template":"","format":"standard","meta":{"footnotes":""},"categories":[152],"tags":[],"class_list":["post-246348","post","type-post","status-publish","format-standard","has-post-thumbnail","hentry","category-vasco"],"yoast_head":"<!-- This site is optimized with the Yoast SEO Premium plugin v24.2 (Yoast SEO v26.9) - https:\/\/yoast.com\/product\/yoast-seo-premium-wordpress\/ -->\n<title>Reviravolta sobre Palacios, torcida provoca Neymar e situa\u00e7\u00e3o in\u00e9dita: as \u00faltimas not\u00edcias do Vasco<\/title>\n<meta name=\"robots\" content=\"index, follow, max-snippet:-1, max-image-preview:large, max-video-preview:-1\" \/>\n<link rel=\"canonical\" href=\"https:\/\/www.gaveanews.com\/index.php\/2025\/03\/29\/reviravolta-sobre-palacios-torcida-provoca-neymar-e-situacao-inedita-as-ultimas-noticias-do-vasco\/\" \/>\n<meta property=\"og:locale\" content=\"pt_BR\" \/>\n<meta property=\"og:type\" content=\"article\" \/>\n<meta property=\"og:title\" content=\"Reviravolta sobre Palacios, torcida provoca Neymar e situa\u00e7\u00e3o in\u00e9dita: as \u00faltimas not\u00edcias do Vasco\" \/>\n<meta property=\"og:description\" content=\"Nas \u00faltimas horas, o foco das not\u00edcias sobre o Vasco se concentram nos bastidores do clube, com destaques do dia a dia do time. Por conta deste contexto, leia abaixo um resumo preparado pela equipe do portal G\u00e1vea News para lhe manter muito bem informado! Situa\u00e7\u00e3o in\u00e9dita O Vasco da Gama se prepara para iniciar [&hellip;]\" \/>\n<meta property=\"og:url\" content=\"https:\/\/www.gaveanews.com\/index.php\/2025\/03\/29\/reviravolta-sobre-palacios-torcida-provoca-neymar-e-situacao-inedita-as-ultimas-noticias-do-vasco\/\" \/>\n<meta property=\"og:site_name\" content=\"G\u00e1vea News\" \/>\n<meta property=\"article:publisher\" content=\"https:\/\/facebook.com\/gaveaNews\/\" \/>\n<meta property=\"article:published_time\" content=\"2025-03-29T19:10:00+00:00\" \/>\n<meta property=\"og:image\" content=\"https:\/\/www.gaveanews.com\/wp-content\/uploads\/Bandeira-do-Vasco-da-Gama.webp\" \/>\n\t<meta property=\"og:image:width\" content=\"1159\" \/>\n\t<meta property=\"og:image:height\" content=\"772\" \/>\n\t<meta property=\"og:image:type\" content=\"image\/webp\" \/>\n<meta name=\"author\" content=\"Brenda Cezillo\" \/>\n<meta name=\"twitter:card\" content=\"summary_large_image\" \/>\n<meta name=\"twitter:label1\" content=\"Escrito por\" \/>\n\t<meta name=\"twitter:data1\" content=\"Brenda Cezillo\" \/>\n\t<meta name=\"twitter:label2\" content=\"Est. tempo de leitura\" \/>\n\t<meta name=\"twitter:data2\" content=\"6 minutos\" \/>\n<script type=\"application\/ld+json\" class=\"yoast-schema-graph\">{\"@context\":\"https:\/\/schema.org\",\"@graph\":[{\"@type\":\"NewsArticle\",\"@id\":\"https:\/\/www.gaveanews.com\/index.php\/2025\/03\/29\/reviravolta-sobre-palacios-torcida-provoca-neymar-e-situacao-inedita-as-ultimas-noticias-do-vasco\/#article\",\"isPartOf\":{\"@id\":\"https:\/\/www.gaveanews.com\/index.php\/2025\/03\/29\/reviravolta-sobre-palacios-torcida-provoca-neymar-e-situacao-inedita-as-ultimas-noticias-do-vasco\/\"},\"author\":{\"name\":\"Brenda Cezillo\",\"@id\":\"https:\/\/www.gaveanews.com\/#\/schema\/person\/c79759ca337c40791ae8d08e2923d403\"},\"headline\":\"Reviravolta sobre Palacios, torcida provoca Neymar e situa\u00e7\u00e3o in\u00e9dita: as \u00faltimas not\u00edcias do Vasco\",\"datePublished\":\"2025-03-29T19:10:00+00:00\",\"mainEntityOfPage\":{\"@id\":\"https:\/\/www.gaveanews.com\/index.php\/2025\/03\/29\/reviravolta-sobre-palacios-torcida-provoca-neymar-e-situacao-inedita-as-ultimas-noticias-do-vasco\/\"},\"wordCount\":887,\"commentCount\":0,\"image\":{\"@id\":\"https:\/\/www.gaveanews.com\/index.php\/2025\/03\/29\/reviravolta-sobre-palacios-torcida-provoca-neymar-e-situacao-inedita-as-ultimas-noticias-do-vasco\/#primaryimage\"},\"thumbnailUrl\":\"https:\/\/www.gaveanews.com\/wp-content\/uploads\/Bandeira-do-Vasco-da-Gama.webp\",\"articleSection\":[\"Vasco\"],\"inLanguage\":\"pt-BR\",\"potentialAction\":[{\"@type\":\"CommentAction\",\"name\":\"Comment\",\"target\":[\"https:\/\/www.gaveanews.com\/index.php\/2025\/03\/29\/reviravolta-sobre-palacios-torcida-provoca-neymar-e-situacao-inedita-as-ultimas-noticias-do-vasco\/#respond\"]}],\"copyrightYear\":\"2025\",\"copyrightHolder\":{\"@id\":\"https:\/\/www.gaveanews.com\/#organization\"}},{\"@type\":\"WebPage\",\"@id\":\"https:\/\/www.gaveanews.com\/index.php\/2025\/03\/29\/reviravolta-sobre-palacios-torcida-provoca-neymar-e-situacao-inedita-as-ultimas-noticias-do-vasco\/\",\"url\":\"https:\/\/www.gaveanews.com\/index.php\/2025\/03\/29\/reviravolta-sobre-palacios-torcida-provoca-neymar-e-situacao-inedita-as-ultimas-noticias-do-vasco\/\",\"name\":\"Reviravolta sobre Palacios, torcida provoca Neymar e situa\u00e7\u00e3o in\u00e9dita: as \u00faltimas not\u00edcias do Vasco\",\"isPartOf\":{\"@id\":\"https:\/\/www.gaveanews.com\/#website\"},\"primaryImageOfPage\":{\"@id\":\"https:\/\/www.gaveanews.com\/index.php\/2025\/03\/29\/reviravolta-sobre-palacios-torcida-provoca-neymar-e-situacao-inedita-as-ultimas-noticias-do-vasco\/#primaryimage\"},\"image\":{\"@id\":\"https:\/\/www.gaveanews.com\/index.php\/2025\/03\/29\/reviravolta-sobre-palacios-torcida-provoca-neymar-e-situacao-inedita-as-ultimas-noticias-do-vasco\/#primaryimage\"},\"thumbnailUrl\":\"https:\/\/www.gaveanews.com\/wp-content\/uploads\/Bandeira-do-Vasco-da-Gama.webp\",\"datePublished\":\"2025-03-29T19:10:00+00:00\",\"author\":{\"@id\":\"https:\/\/www.gaveanews.com\/#\/schema\/person\/c79759ca337c40791ae8d08e2923d403\"},\"breadcrumb\":{\"@id\":\"https:\/\/www.gaveanews.com\/index.php\/2025\/03\/29\/reviravolta-sobre-palacios-torcida-provoca-neymar-e-situacao-inedita-as-ultimas-noticias-do-vasco\/#breadcrumb\"},\"inLanguage\":\"pt-BR\",\"potentialAction\":[{\"@type\":\"ReadAction\",\"target\":[\"https:\/\/www.gaveanews.com\/index.php\/2025\/03\/29\/reviravolta-sobre-palacios-torcida-provoca-neymar-e-situacao-inedita-as-ultimas-noticias-do-vasco\/\"]}]},{\"@type\":\"ImageObject\",\"inLanguage\":\"pt-BR\",\"@id\":\"https:\/\/www.gaveanews.com\/index.php\/2025\/03\/29\/reviravolta-sobre-palacios-torcida-provoca-neymar-e-situacao-inedita-as-ultimas-noticias-do-vasco\/#primaryimage\",\"url\":\"https:\/\/www.gaveanews.com\/wp-content\/uploads\/Bandeira-do-Vasco-da-Gama.webp\",\"contentUrl\":\"https:\/\/www.gaveanews.com\/wp-content\/uploads\/Bandeira-do-Vasco-da-Gama.webp\",\"width\":1159,\"height\":772,\"caption\":\"Bandeira do Vasco da Gama (Foto: Reprodu\u00e7\u00e3o\/Vasco)\"},{\"@type\":\"BreadcrumbList\",\"@id\":\"https:\/\/www.gaveanews.com\/index.php\/2025\/03\/29\/reviravolta-sobre-palacios-torcida-provoca-neymar-e-situacao-inedita-as-ultimas-noticias-do-vasco\/#breadcrumb\",\"itemListElement\":[{\"@type\":\"ListItem\",\"position\":1,\"name\":\"Home\",\"item\":\"https:\/\/www.gaveanews.com\/\"},{\"@type\":\"ListItem\",\"position\":2,\"name\":\"Reviravolta sobre Palacios, torcida provoca Neymar e situa\u00e7\u00e3o in\u00e9dita: as \u00faltimas not\u00edcias do Vasco\"}]},{\"@type\":\"WebSite\",\"@id\":\"https:\/\/www.gaveanews.com\/#website\",\"url\":\"https:\/\/www.gaveanews.com\/\",\"name\":\"G\u00e1vea News\",\"description\":\"Veja todas as not\u00edcias sobre o Flamengo: Contrata\u00e7\u00f5es, categorias de base, resultados das partidas, tabela de classifica\u00e7\u00e3o, pr\u00f3ximos jogos!\",\"potentialAction\":[{\"@type\":\"SearchAction\",\"target\":{\"@type\":\"EntryPoint\",\"urlTemplate\":\"https:\/\/www.gaveanews.com\/?s={search_term_string}\"},\"query-input\":{\"@type\":\"PropertyValueSpecification\",\"valueRequired\":true,\"valueName\":\"search_term_string\"}}],\"inLanguage\":\"pt-BR\"},{\"@type\":\"Person\",\"@id\":\"https:\/\/www.gaveanews.com\/#\/schema\/person\/c79759ca337c40791ae8d08e2923d403\",\"name\":\"Brenda Cezillo\",\"image\":{\"@type\":\"ImageObject\",\"inLanguage\":\"pt-BR\",\"@id\":\"https:\/\/www.gaveanews.com\/#\/schema\/person\/image\/\",\"url\":\"https:\/\/secure.gravatar.com\/avatar\/1738d75cee7317f9c29ae61dd67620c5883d80a92e42a6fff88ae5d527af217a?s=96&d=mm&r=g\",\"contentUrl\":\"https:\/\/secure.gravatar.com\/avatar\/1738d75cee7317f9c29ae61dd67620c5883d80a92e42a6fff88ae5d527af217a?s=96&d=mm&r=g\",\"caption\":\"Brenda Cezillo\"}}]}<\/script>\n<!-- \/ Yoast SEO Premium plugin. -->","yoast_head_json":{"title":"Reviravolta sobre Palacios, torcida provoca Neymar e situa\u00e7\u00e3o in\u00e9dita: as \u00faltimas not\u00edcias do Vasco","robots":{"index":"index","follow":"follow","max-snippet":"max-snippet:-1","max-image-preview":"max-image-preview:large","max-video-preview":"max-video-preview:-1"},"canonical":"https:\/\/www.gaveanews.com\/index.php\/2025\/03\/29\/reviravolta-sobre-palacios-torcida-provoca-neymar-e-situacao-inedita-as-ultimas-noticias-do-vasco\/","og_locale":"pt_BR","og_type":"article","og_title":"Reviravolta sobre Palacios, torcida provoca Neymar e situa\u00e7\u00e3o in\u00e9dita: as \u00faltimas not\u00edcias do Vasco","og_description":"Nas \u00faltimas horas, o foco das not\u00edcias sobre o Vasco se concentram nos bastidores do clube, com destaques do dia a dia do time. Por conta deste contexto, leia abaixo um resumo preparado pela equipe do portal G\u00e1vea News para lhe manter muito bem informado! Situa\u00e7\u00e3o in\u00e9dita O Vasco da Gama se prepara para iniciar [&hellip;]","og_url":"https:\/\/www.gaveanews.com\/index.php\/2025\/03\/29\/reviravolta-sobre-palacios-torcida-provoca-neymar-e-situacao-inedita-as-ultimas-noticias-do-vasco\/","og_site_name":"G\u00e1vea News","article_publisher":"https:\/\/facebook.com\/gaveaNews\/","article_published_time":"2025-03-29T19:10:00+00:00","og_image":[{"width":1159,"height":772,"url":"https:\/\/www.gaveanews.com\/wp-content\/uploads\/Bandeira-do-Vasco-da-Gama.webp","type":"image\/webp"}],"author":"Brenda Cezillo","twitter_card":"summary_large_image","twitter_misc":{"Escrito por":"Brenda Cezillo","Est. tempo de leitura":"6 minutos"},"schema":{"@context":"https:\/\/schema.org","@graph":[{"@type":"NewsArticle","@id":"https:\/\/www.gaveanews.com\/index.php\/2025\/03\/29\/reviravolta-sobre-palacios-torcida-provoca-neymar-e-situacao-inedita-as-ultimas-noticias-do-vasco\/#article","isPartOf":{"@id":"https:\/\/www.gaveanews.com\/index.php\/2025\/03\/29\/reviravolta-sobre-palacios-torcida-provoca-neymar-e-situacao-inedita-as-ultimas-noticias-do-vasco\/"},"author":{"name":"Brenda Cezillo","@id":"https:\/\/www.gaveanews.com\/#\/schema\/person\/c79759ca337c40791ae8d08e2923d403"},"headline":"Reviravolta sobre Palacios, torcida provoca Neymar e situa\u00e7\u00e3o in\u00e9dita: as \u00faltimas not\u00edcias do Vasco","datePublished":"2025-03-29T19:10:00+00:00","mainEntityOfPage":{"@id":"https:\/\/www.gaveanews.com\/index.php\/2025\/03\/29\/reviravolta-sobre-palacios-torcida-provoca-neymar-e-situacao-inedita-as-ultimas-noticias-do-vasco\/"},"wordCount":887,"commentCount":0,"image":{"@id":"https:\/\/www.gaveanews.com\/index.php\/2025\/03\/29\/reviravolta-sobre-palacios-torcida-provoca-neymar-e-situacao-inedita-as-ultimas-noticias-do-vasco\/#primaryimage"},"thumbnailUrl":"https:\/\/www.gaveanews.com\/wp-content\/uploads\/Bandeira-do-Vasco-da-Gama.webp","articleSection":["Vasco"],"inLanguage":"pt-BR","potentialAction":[{"@type":"CommentAction","name":"Comment","target":["https:\/\/www.gaveanews.com\/index.php\/2025\/03\/29\/reviravolta-sobre-palacios-torcida-provoca-neymar-e-situacao-inedita-as-ultimas-noticias-do-vasco\/#respond"]}],"copyrightYear":"2025","copyrightHolder":{"@id":"https:\/\/www.gaveanews.com\/#organization"}},{"@type":"WebPage","@id":"https:\/\/www.gaveanews.com\/index.php\/2025\/03\/29\/reviravolta-sobre-palacios-torcida-provoca-neymar-e-situacao-inedita-as-ultimas-noticias-do-vasco\/","url":"https:\/\/www.gaveanews.com\/index.php\/2025\/03\/29\/reviravolta-sobre-palacios-torcida-provoca-neymar-e-situacao-inedita-as-ultimas-noticias-do-vasco\/","name":"Reviravolta sobre Palacios, torcida provoca Neymar e situa\u00e7\u00e3o in\u00e9dita: as \u00faltimas not\u00edcias do Vasco","isPartOf":{"@id":"https:\/\/www.gaveanews.com\/#website"},"primaryImageOfPage":{"@id":"https:\/\/www.gaveanews.com\/index.php\/2025\/03\/29\/reviravolta-sobre-palacios-torcida-provoca-neymar-e-situacao-inedita-as-ultimas-noticias-do-vasco\/#primaryimage"},"image":{"@id":"https:\/\/www.gaveanews.com\/index.php\/2025\/03\/29\/reviravolta-sobre-palacios-torcida-provoca-neymar-e-situacao-inedita-as-ultimas-noticias-do-vasco\/#primaryimage"},"thumbnailUrl":"https:\/\/www.gaveanews.com\/wp-content\/uploads\/Bandeira-do-Vasco-da-Gama.webp","datePublished":"2025-03-29T19:10:00+00:00","author":{"@id":"https:\/\/www.gaveanews.com\/#\/schema\/person\/c79759ca337c40791ae8d08e2923d403"},"breadcrumb":{"@id":"https:\/\/www.gaveanews.com\/index.php\/2025\/03\/29\/reviravolta-sobre-palacios-torcida-provoca-neymar-e-situacao-inedita-as-ultimas-noticias-do-vasco\/#breadcrumb"},"inLanguage":"pt-BR","potentialAction":[{"@type":"ReadAction","target":["https:\/\/www.gaveanews.com\/index.php\/2025\/03\/29\/reviravolta-sobre-palacios-torcida-provoca-neymar-e-situacao-inedita-as-ultimas-noticias-do-vasco\/"]}]},{"@type":"ImageObject","inLanguage":"pt-BR","@id":"https:\/\/www.gaveanews.com\/index.php\/2025\/03\/29\/reviravolta-sobre-palacios-torcida-provoca-neymar-e-situacao-inedita-as-ultimas-noticias-do-vasco\/#primaryimage","url":"https:\/\/www.gaveanews.com\/wp-content\/uploads\/Bandeira-do-Vasco-da-Gama.webp","contentUrl":"https:\/\/www.gaveanews.com\/wp-content\/uploads\/Bandeira-do-Vasco-da-Gama.webp","width":1159,"height":772,"caption":"Bandeira do Vasco da Gama (Foto: Reprodu\u00e7\u00e3o\/Vasco)"},{"@type":"BreadcrumbList","@id":"https:\/\/www.gaveanews.com\/index.php\/2025\/03\/29\/reviravolta-sobre-palacios-torcida-provoca-neymar-e-situacao-inedita-as-ultimas-noticias-do-vasco\/#breadcrumb","itemListElement":[{"@type":"ListItem","position":1,"name":"Home","item":"https:\/\/www.gaveanews.com\/"},{"@type":"ListItem","position":2,"name":"Reviravolta sobre Palacios, torcida provoca Neymar e situa\u00e7\u00e3o in\u00e9dita: as \u00faltimas not\u00edcias do Vasco"}]},{"@type":"WebSite","@id":"https:\/\/www.gaveanews.com\/#website","url":"https:\/\/www.gaveanews.com\/","name":"G\u00e1vea News","description":"Veja todas as not\u00edcias sobre o Flamengo: Contrata\u00e7\u00f5es, categorias de base, resultados das partidas, tabela de classifica\u00e7\u00e3o, pr\u00f3ximos jogos!","potentialAction":[{"@type":"SearchAction","target":{"@type":"EntryPoint","urlTemplate":"https:\/\/www.gaveanews.com\/?s={search_term_string}"},"query-input":{"@type":"PropertyValueSpecification","valueRequired":true,"valueName":"search_term_string"}}],"inLanguage":"pt-BR"},{"@type":"Person","@id":"https:\/\/www.gaveanews.com\/#\/schema\/person\/c79759ca337c40791ae8d08e2923d403","name":"Brenda Cezillo","image":{"@type":"ImageObject","inLanguage":"pt-BR","@id":"https:\/\/www.gaveanews.com\/#\/schema\/person\/image\/","url":"https:\/\/secure.gravatar.com\/avatar\/1738d75cee7317f9c29ae61dd67620c5883d80a92e42a6fff88ae5d527af217a?s=96&d=mm&r=g","contentUrl":"https:\/\/secure.gravatar.com\/avatar\/1738d75cee7317f9c29ae61dd67620c5883d80a92e42a6fff88ae5d527af217a?s=96&d=mm&r=g","caption":"Brenda Cezillo"}}]}},"_links":{"self":[{"href":"https:\/\/www.gaveanews.com\/index.php\/wp-json\/wp\/v2\/posts\/246348","targetHints":{"allow":["GET"]}}],"collection":[{"href":"https:\/\/www.gaveanews.com\/index.php\/wp-json\/wp\/v2\/posts"}],"about":[{"href":"https:\/\/www.gaveanews.com\/index.php\/wp-json\/wp\/v2\/types\/post"}],"author":[{"embeddable":true,"href":"https:\/\/www.gaveanews.com\/index.php\/wp-json\/wp\/v2\/users\/33"}],"replies":[{"embeddable":true,"href":"https:\/\/www.gaveanews.com\/index.php\/wp-json\/wp\/v2\/comments?post=246348"}],"version-history":[{"count":1,"href":"https:\/\/www.gaveanews.com\/index.php\/wp-json\/wp\/v2\/posts\/246348\/revisions"}],"predecessor-version":[{"id":246406,"href":"https:\/\/www.gaveanews.com\/index.php\/wp-json\/wp\/v2\/posts\/246348\/revisions\/246406"}],"wp:featuredmedia":[{"embeddable":true,"href":"https:\/\/www.gaveanews.com\/index.php\/wp-json\/wp\/v2\/media\/152090"}],"wp:attachment":[{"href":"https:\/\/www.gaveanews.com\/index.php\/wp-json\/wp\/v2\/media?parent=246348"}],"wp:term":[{"taxonomy":"category","embeddable":true,"href":"https:\/\/www.gaveanews.com\/index.php\/wp-json\/wp\/v2\/categories?post=246348"},{"taxonomy":"post_tag","embeddable":true,"href":"https:\/\/www.gaveanews.com\/index.php\/wp-json\/wp\/v2\/tags?post=246348"}],"curies":[{"name":"wp","href":"https:\/\/api.w.org\/{rel}","templated":true}]}}