{"id":246349,"date":"2025-03-29T16:05:00","date_gmt":"2025-03-29T19:05:00","guid":{"rendered":"https:\/\/www.gaveanews.com\/?p=246349"},"modified":"2025-03-29T14:31:00","modified_gmt":"2025-03-29T17:31:00","slug":"saida-de-wesley-rival-sendo-ajudado-e-a-declaracao-de-tche-tche-as-ultimas-noticias-do-flamengo","status":"publish","type":"post","link":"https:\/\/www.gaveanews.com\/index.php\/2025\/03\/29\/saida-de-wesley-rival-sendo-ajudado-e-a-declaracao-de-tche-tche-as-ultimas-noticias-do-flamengo\/","title":{"rendered":"Sa\u00edda de Wesley, rival sendo ajudado e a declara\u00e7\u00e3o de Tch\u00ea Tch\u00ea: as \u00faltimas not\u00edcias do Flamengo"},"content":{"rendered":"\n<p>Nas \u00faltimas horas, o foco das not\u00edcias sobre o Flamengo se concentram nos bastidores do clube, com destaques do dia a dia do time.<\/p>\n\n\n\n<p>Por conta deste contexto, leia abaixo um resumo preparado pela equipe do portal G\u00e1vea News para lhe manter muito bem informado!<\/p>\n\n\n\n<div class=\"wp-block-group\"><div class=\"wp-block-group__inner-container is-layout-constrained wp-block-group-is-layout-constrained\">\n<h2 class=\"wp-block-heading\" id=\"h-declaracao-de-tche-tche\">Declara\u00e7\u00e3o de Tch\u00ea Tch\u00ea<\/h2>\n\n\n\n<p>Em entrevista recente, Tch\u00ea Tch\u00ea, volante do Vasco da Gama, comentou sobre mais uma derrota para o Flamengo no tradicional Cl\u00e1ssico dos Milh\u00f5es. Apesar do resultado desfavor\u00e1vel, o jogador valorizou a atua\u00e7\u00e3o vasca\u00edna, destacando o empenho da equipe durante a partida. Ele ressaltou que, embora o jogo tenha sido truncado e pouco atrativo, quem entende de futebol consegue enxergar a luta do elenco cruz-maltino<strong><a href=\"https:\/\/www.gaveanews.com\/index.php\/2025\/03\/26\/video-a-declaracao-de-tche-tche-do-vasco-relacionada-ao-flamengo\/\"> (leia a mat\u00e9ria completa).<\/a><\/strong><\/p>\n\n\n\n<figure class=\"wp-block-image size-large\"><img loading=\"lazy\" decoding=\"async\" width=\"1024\" height=\"768\" src=\"http:\/\/www.gaveanews.com\/wp-content\/uploads\/Camisa-do-Vasco-2024-1024x768.webp\" alt=\"\" class=\"wp-image-161261\" srcset=\"https:\/\/www.gaveanews.com\/wp-content\/uploads\/Camisa-do-Vasco-2024-1024x768.webp 1024w, https:\/\/www.gaveanews.com\/wp-content\/uploads\/Camisa-do-Vasco-2024-300x225.webp 300w, https:\/\/www.gaveanews.com\/wp-content\/uploads\/Camisa-do-Vasco-2024-768x576.webp 768w, https:\/\/www.gaveanews.com\/wp-content\/uploads\/Camisa-do-Vasco-2024-560x420.webp 560w, https:\/\/www.gaveanews.com\/wp-content\/uploads\/Camisa-do-Vasco-2024-80x60.webp 80w, https:\/\/www.gaveanews.com\/wp-content\/uploads\/Camisa-do-Vasco-2024-160x120.webp 160w, https:\/\/www.gaveanews.com\/wp-content\/uploads\/Camisa-do-Vasco-2024-100x75.webp 100w, https:\/\/www.gaveanews.com\/wp-content\/uploads\/Camisa-do-Vasco-2024-200x150.webp 200w, https:\/\/www.gaveanews.com\/wp-content\/uploads\/Camisa-do-Vasco-2024-180x135.webp 180w, https:\/\/www.gaveanews.com\/wp-content\/uploads\/Camisa-do-Vasco-2024-360x270.webp 360w, https:\/\/www.gaveanews.com\/wp-content\/uploads\/Camisa-do-Vasco-2024-238x178.webp 238w, https:\/\/www.gaveanews.com\/wp-content\/uploads\/Camisa-do-Vasco-2024-476x356.webp 476w, https:\/\/www.gaveanews.com\/wp-content\/uploads\/Camisa-do-Vasco-2024-640x480.webp 640w, https:\/\/www.gaveanews.com\/wp-content\/uploads\/Camisa-do-Vasco-2024-681x511.webp 681w, https:\/\/www.gaveanews.com\/wp-content\/uploads\/Camisa-do-Vasco-2024.webp 1059w\" sizes=\"auto, (max-width: 1024px) 100vw, 1024px\" \/><figcaption class=\"wp-element-caption\">Camisa do Vasco 2024 (Foto: Reprodu\u00e7\u00e3o\/Instagram)<\/figcaption><\/figure>\n\n\n\n<p>O atleta tamb\u00e9m refletiu sobre o peso emocional de uma derrota em cl\u00e1ssico, afirmando que n\u00e3o se pode encarar esse tipo de rev\u00e9s como algo natural. Ao mesmo tempo, reconheceu a for\u00e7a do Flamengo, demonstrando respeito pelo advers\u00e1rio. <\/p>\n\n\n\n<p>Para o pr\u00f3ximo confronto entre os clubes, v\u00e1lido pelo Campeonato Brasileiro, Tch\u00ea Tch\u00ea prometeu que o Vasco vai brigar \u201cno bom sentido\u201d e deixou no ar um tom de revanche saud\u00e1vel, mostrando confian\u00e7a na evolu\u00e7\u00e3o do time.<\/p>\n\n\n\n<p>O hist\u00f3rico recente entre as equipes evidencia a superioridade rubro-negra: nos \u00faltimos 20 confrontos, o Flamengo venceu 15 vezes, empatou tr\u00eas e perdeu apenas duas. Al\u00e9m disso, marcou 41 gols contra apenas 17 do rival, acumulando 80% de aproveitamento nos pontos disputados. Esses n\u00fameros refletem o dom\u00ednio do Flamengo nas \u00faltimas temporadas, enquanto o Vasco ainda busca retomar sua competitividade nos cl\u00e1ssicos.<\/p>\n\n\n\n<h2 class=\"wp-block-heading\" id=\"h-rival-sendo-ajudado\">Rival sendo ajudado<\/h2>\n\n\n\n<p>A exclus\u00e3o do Club Le\u00f3n do Mundial de Clubes de 2025 tem causado grande pol\u00eamica no futebol internacional. A decis\u00e3o da FIFA foi baseada em uma regra que pro\u00edbe a presen\u00e7a de duas equipes com o mesmo grupo propriet\u00e1rio na competi\u00e7\u00e3o, afetando diretamente o Grupo D, que conta com Flamengo, Chelsea e Esp\u00e9rance de Tunis. O Le\u00f3n foi retirado do torneio por pertencer ao mesmo conglomerado do Pachuca, que foi mantido no campeonato. A decis\u00e3o provocou indigna\u00e7\u00e3o na Concacaf, que prontamente se manifestou em apoio ao clube mexicano <strong><a href=\"https:\/\/www.gaveanews.com\/index.php\/2025\/03\/26\/federacao-vai-ajudar-rival-do-flamengo\/\">(leia a mat\u00e9ria completa).<\/a><\/strong><\/p>\n\n\n\n<figure class=\"wp-block-image size-large\"><img loading=\"lazy\" decoding=\"async\" width=\"1022\" height=\"1024\" src=\"http:\/\/www.gaveanews.com\/wp-content\/uploads\/fachada-do-modulo-profissional-do-ninho-do-urubu-centro-de-treinamento-do-flamengo-1642444901774_v2_1x1-1022x1024.webp\" alt=\"\" class=\"wp-image-213513\" srcset=\"https:\/\/www.gaveanews.com\/wp-content\/uploads\/fachada-do-modulo-profissional-do-ninho-do-urubu-centro-de-treinamento-do-flamengo-1642444901774_v2_1x1-1022x1024.webp 1022w, https:\/\/www.gaveanews.com\/wp-content\/uploads\/fachada-do-modulo-profissional-do-ninho-do-urubu-centro-de-treinamento-do-flamengo-1642444901774_v2_1x1-300x300.webp 300w, https:\/\/www.gaveanews.com\/wp-content\/uploads\/fachada-do-modulo-profissional-do-ninho-do-urubu-centro-de-treinamento-do-flamengo-1642444901774_v2_1x1-150x150.webp 150w, https:\/\/www.gaveanews.com\/wp-content\/uploads\/fachada-do-modulo-profissional-do-ninho-do-urubu-centro-de-treinamento-do-flamengo-1642444901774_v2_1x1-768x769.webp 768w, https:\/\/www.gaveanews.com\/wp-content\/uploads\/fachada-do-modulo-profissional-do-ninho-do-urubu-centro-de-treinamento-do-flamengo-1642444901774_v2_1x1-419x420.webp 419w, https:\/\/www.gaveanews.com\/wp-content\/uploads\/fachada-do-modulo-profissional-do-ninho-do-urubu-centro-de-treinamento-do-flamengo-1642444901774_v2_1x1-839x840.webp 839w, https:\/\/www.gaveanews.com\/wp-content\/uploads\/fachada-do-modulo-profissional-do-ninho-do-urubu-centro-de-treinamento-do-flamengo-1642444901774_v2_1x1-640x641.webp 640w, https:\/\/www.gaveanews.com\/wp-content\/uploads\/fachada-do-modulo-profissional-do-ninho-do-urubu-centro-de-treinamento-do-flamengo-1642444901774_v2_1x1-1280x1282.webp 1280w, https:\/\/www.gaveanews.com\/wp-content\/uploads\/fachada-do-modulo-profissional-do-ninho-do-urubu-centro-de-treinamento-do-flamengo-1642444901774_v2_1x1-681x682.webp 681w, https:\/\/www.gaveanews.com\/wp-content\/uploads\/fachada-do-modulo-profissional-do-ninho-do-urubu-centro-de-treinamento-do-flamengo-1642444901774_v2_1x1-100x100.webp 100w, https:\/\/www.gaveanews.com\/wp-content\/uploads\/fachada-do-modulo-profissional-do-ninho-do-urubu-centro-de-treinamento-do-flamengo-1642444901774_v2_1x1.webp 1361w\" sizes=\"auto, (max-width: 1022px) 100vw, 1022px\" \/><figcaption class=\"wp-element-caption\">CT Ninho do Urubu (Foto: Divulga\u00e7\u00e3o Flamengo)<\/figcaption><\/figure>\n\n\n\n<p>O presidente da Concacaf, Victor Montagliani, declarou publicamente que o Le\u00f3n conquistou sua vaga legitimamente ao vencer a Liga dos Campe\u00f5es da Concacaf e que a entidade est\u00e1 empenhada em apoiar o clube na tentativa de revers\u00e3o da exclus\u00e3o. O Le\u00f3n, por sua vez, j\u00e1 acionou a Corte Arbitral do Esporte (CAS), buscando a reintegra\u00e7\u00e3o no torneio. Essa movimenta\u00e7\u00e3o, no entanto, gerou desconforto em outras equipes, como o Alajuelense, que se v\u00ea como poss\u00edvel substituto e criticou a postura da Concacaf por considerar que ela viola princ\u00edpios de neutralidade.<\/p>\n\n\n\n<p>Enquanto a FIFA aguarda o parecer da CAS para oficializar quem ocupar\u00e1 a vaga do Le\u00f3n, a situa\u00e7\u00e3o segue indefinida e chama a aten\u00e7\u00e3o, especialmente dos torcedores do Flamengo. A incerteza sobre qual equipe completar\u00e1 o grupo pode alterar o cen\u00e1rio da fase classificat\u00f3ria, influenciando diretamente a trajet\u00f3ria do Rubro-Negro no torneio. O desenrolar do caso \u00e9 aguardado com expectativa nos bastidores do futebol internacional.<\/p>\n\n\n\n<h2 class=\"wp-block-heading\" id=\"h-saida-de-wesley\">Sa\u00edda de Wesley<\/h2>\n\n\n\n<p>O lateral-direito Wesley, do Flamengo, tem ganhado destaque n\u00e3o s\u00f3 no futebol nacional como tamb\u00e9m internacionalmente, sendo apontado como alvo do Barcelona. O jogador, que vem mostrando desempenho s\u00f3lido e j\u00e1 foi convocado para a Sele\u00e7\u00e3o Brasileira, despertou o interesse do clube catal\u00e3o, que estuda sua contrata\u00e7\u00e3o para refor\u00e7ar o elenco principal. A movimenta\u00e7\u00e3o indica que Wesley pode se tornar uma das pe\u00e7as mais cobi\u00e7adas da pr\u00f3xima janela de transfer\u00eancias <strong><a href=\"https:\/\/www.gaveanews.com\/index.php\/2025\/03\/25\/barcelona-mira-a-contratacao-de-dois-jogadores-do-brasil\/\">(leia a mat\u00e9ria completa).<\/a><\/strong><\/p>\n\n\n\n<figure class=\"wp-block-image size-large\"><img loading=\"lazy\" decoding=\"async\" width=\"1024\" height=\"576\" src=\"http:\/\/www.gaveanews.com\/wp-content\/uploads\/GgZnA0yXYAAykTp-1024x576.webp\" alt=\"Lateral Wesley, do Flamengo\" class=\"wp-image-207524\" srcset=\"https:\/\/www.gaveanews.com\/wp-content\/uploads\/GgZnA0yXYAAykTp-1024x576.webp 1024w, https:\/\/www.gaveanews.com\/wp-content\/uploads\/GgZnA0yXYAAykTp-300x169.webp 300w, https:\/\/www.gaveanews.com\/wp-content\/uploads\/GgZnA0yXYAAykTp-768x432.webp 768w, https:\/\/www.gaveanews.com\/wp-content\/uploads\/GgZnA0yXYAAykTp-1536x864.webp 1536w, https:\/\/www.gaveanews.com\/wp-content\/uploads\/GgZnA0yXYAAykTp-747x420.webp 747w, https:\/\/www.gaveanews.com\/wp-content\/uploads\/GgZnA0yXYAAykTp-1493x840.webp 1493w, https:\/\/www.gaveanews.com\/wp-content\/uploads\/GgZnA0yXYAAykTp-640x360.webp 640w, https:\/\/www.gaveanews.com\/wp-content\/uploads\/GgZnA0yXYAAykTp-1280x720.webp 1280w, https:\/\/www.gaveanews.com\/wp-content\/uploads\/GgZnA0yXYAAykTp-681x383.webp 681w, https:\/\/www.gaveanews.com\/wp-content\/uploads\/GgZnA0yXYAAykTp-1362x766.webp 1362w, https:\/\/www.gaveanews.com\/wp-content\/uploads\/GgZnA0yXYAAykTp-100x56.webp 100w, https:\/\/www.gaveanews.com\/wp-content\/uploads\/GgZnA0yXYAAykTp.webp 1920w\" sizes=\"auto, (max-width: 1024px) 100vw, 1024px\" \/><figcaption class=\"wp-element-caption\">Lateral Wesley, do Flamengo (Foto: Divulga\u00e7\u00e3o)<\/figcaption><\/figure>\n\n\n\n<p>Segundo informa\u00e7\u00f5es da imprensa espanhola, o Barcelona tentou contratar o atleta em 2023 para o time B, mas n\u00e3o teve sucesso. Agora, com atua\u00e7\u00f5es ainda mais consistentes, Wesley passou a ser considerado para o elenco principal, disputando vaga com Jules Kound\u00e9. O Flamengo, atento \u00e0 valoriza\u00e7\u00e3o do jogador, estipulou uma multa de \u20ac 30 milh\u00f5es, valor que pode dificultar as negocia\u00e7\u00f5es. Al\u00e9m do destaque no clube, o lateral brilhou nas Eliminat\u00f3rias da Copa do Mundo, sendo elogiado ap\u00f3s a vit\u00f3ria contra a Col\u00f4mbia.<\/p>\n\n\n\n<p>Como alternativa, o clube catal\u00e3o tamb\u00e9m observa Vanderson, do M\u00f4naco, outro lateral brasileiro em ascens\u00e3o. Enquanto Wesley tem um valor de mercado estimado em \u20ac 9 milh\u00f5es, Vanderson aparece avaliado em \u20ac 20 milh\u00f5es, o que torna o planejamento financeiro do Barcelona crucial para definir o rumo da negocia\u00e7\u00e3o. Com isso, o futuro de Wesley segue incerto, mas promissor, sendo monitorado de perto por um dos maiores clubes do mundo.<\/p>\n<\/div><\/div>\n","protected":false},"excerpt":{"rendered":"<p>Nas \u00faltimas horas, o foco das not\u00edcias sobre o Flamengo se concentram nos bastidores do clube, com destaques do dia a dia do time. Por conta deste contexto, leia abaixo um resumo preparado pela equipe do portal G\u00e1vea News para lhe manter muito bem informado! Declara\u00e7\u00e3o de Tch\u00ea Tch\u00ea Em entrevista recente, Tch\u00ea Tch\u00ea, volante [&hellip;]<\/p>\n","protected":false},"author":33,"featured_media":101250,"comment_status":"open","ping_status":"closed","sticky":false,"template":"","format":"standard","meta":{"footnotes":""},"categories":[1],"tags":[],"class_list":["post-246349","post","type-post","status-publish","format-standard","has-post-thumbnail","hentry","category-flamengo"],"yoast_head":"<!-- This site is optimized with the Yoast SEO Premium plugin v24.2 (Yoast SEO v26.9) - https:\/\/yoast.com\/product\/yoast-seo-premium-wordpress\/ -->\n<title>Sa\u00edda de Wesley, rival sendo ajudado e a declara\u00e7\u00e3o de Tch\u00ea Tch\u00ea: as \u00faltimas not\u00edcias do Flamengo<\/title>\n<meta name=\"robots\" content=\"index, follow, max-snippet:-1, max-image-preview:large, max-video-preview:-1\" \/>\n<link rel=\"canonical\" href=\"https:\/\/www.gaveanews.com\/index.php\/2025\/03\/29\/saida-de-wesley-rival-sendo-ajudado-e-a-declaracao-de-tche-tche-as-ultimas-noticias-do-flamengo\/\" \/>\n<meta property=\"og:locale\" content=\"pt_BR\" \/>\n<meta property=\"og:type\" content=\"article\" \/>\n<meta property=\"og:title\" content=\"Sa\u00edda de Wesley, rival sendo ajudado e a declara\u00e7\u00e3o de Tch\u00ea Tch\u00ea: as \u00faltimas not\u00edcias do Flamengo\" \/>\n<meta property=\"og:description\" content=\"Nas \u00faltimas horas, o foco das not\u00edcias sobre o Flamengo se concentram nos bastidores do clube, com destaques do dia a dia do time. Por conta deste contexto, leia abaixo um resumo preparado pela equipe do portal G\u00e1vea News para lhe manter muito bem informado! Declara\u00e7\u00e3o de Tch\u00ea Tch\u00ea Em entrevista recente, Tch\u00ea Tch\u00ea, volante [&hellip;]\" \/>\n<meta property=\"og:url\" content=\"https:\/\/www.gaveanews.com\/index.php\/2025\/03\/29\/saida-de-wesley-rival-sendo-ajudado-e-a-declaracao-de-tche-tche-as-ultimas-noticias-do-flamengo\/\" \/>\n<meta property=\"og:site_name\" content=\"G\u00e1vea News\" \/>\n<meta property=\"article:publisher\" content=\"https:\/\/facebook.com\/gaveaNews\/\" \/>\n<meta property=\"article:published_time\" content=\"2025-03-29T19:05:00+00:00\" \/>\n<meta property=\"og:image\" content=\"https:\/\/www.gaveanews.com\/wp-content\/uploads\/Maracanao-escudo-Flamengo.webp\" \/>\n\t<meta property=\"og:image:width\" content=\"640\" \/>\n\t<meta property=\"og:image:height\" content=\"427\" \/>\n\t<meta property=\"og:image:type\" content=\"image\/jpeg\" \/>\n<meta name=\"author\" content=\"Brenda Cezillo\" \/>\n<meta name=\"twitter:card\" content=\"summary_large_image\" \/>\n<meta name=\"twitter:label1\" content=\"Escrito por\" \/>\n\t<meta name=\"twitter:data1\" content=\"Brenda Cezillo\" \/>\n\t<meta name=\"twitter:label2\" content=\"Est. tempo de leitura\" \/>\n\t<meta name=\"twitter:data2\" content=\"5 minutos\" \/>\n<script type=\"application\/ld+json\" class=\"yoast-schema-graph\">{\"@context\":\"https:\/\/schema.org\",\"@graph\":[{\"@type\":\"NewsArticle\",\"@id\":\"https:\/\/www.gaveanews.com\/index.php\/2025\/03\/29\/saida-de-wesley-rival-sendo-ajudado-e-a-declaracao-de-tche-tche-as-ultimas-noticias-do-flamengo\/#article\",\"isPartOf\":{\"@id\":\"https:\/\/www.gaveanews.com\/index.php\/2025\/03\/29\/saida-de-wesley-rival-sendo-ajudado-e-a-declaracao-de-tche-tche-as-ultimas-noticias-do-flamengo\/\"},\"author\":{\"name\":\"Brenda Cezillo\",\"@id\":\"https:\/\/www.gaveanews.com\/#\/schema\/person\/c79759ca337c40791ae8d08e2923d403\"},\"headline\":\"Sa\u00edda de Wesley, rival sendo ajudado e a declara\u00e7\u00e3o de Tch\u00ea Tch\u00ea: as \u00faltimas not\u00edcias do Flamengo\",\"datePublished\":\"2025-03-29T19:05:00+00:00\",\"mainEntityOfPage\":{\"@id\":\"https:\/\/www.gaveanews.com\/index.php\/2025\/03\/29\/saida-de-wesley-rival-sendo-ajudado-e-a-declaracao-de-tche-tche-as-ultimas-noticias-do-flamengo\/\"},\"wordCount\":846,\"commentCount\":0,\"image\":{\"@id\":\"https:\/\/www.gaveanews.com\/index.php\/2025\/03\/29\/saida-de-wesley-rival-sendo-ajudado-e-a-declaracao-de-tche-tche-as-ultimas-noticias-do-flamengo\/#primaryimage\"},\"thumbnailUrl\":\"https:\/\/www.gaveanews.com\/wp-content\/uploads\/Maracanao-escudo-Flamengo.webp\",\"articleSection\":[\"Flamengo\"],\"inLanguage\":\"pt-BR\",\"potentialAction\":[{\"@type\":\"CommentAction\",\"name\":\"Comment\",\"target\":[\"https:\/\/www.gaveanews.com\/index.php\/2025\/03\/29\/saida-de-wesley-rival-sendo-ajudado-e-a-declaracao-de-tche-tche-as-ultimas-noticias-do-flamengo\/#respond\"]}],\"copyrightYear\":\"2025\",\"copyrightHolder\":{\"@id\":\"https:\/\/www.gaveanews.com\/#organization\"}},{\"@type\":\"WebPage\",\"@id\":\"https:\/\/www.gaveanews.com\/index.php\/2025\/03\/29\/saida-de-wesley-rival-sendo-ajudado-e-a-declaracao-de-tche-tche-as-ultimas-noticias-do-flamengo\/\",\"url\":\"https:\/\/www.gaveanews.com\/index.php\/2025\/03\/29\/saida-de-wesley-rival-sendo-ajudado-e-a-declaracao-de-tche-tche-as-ultimas-noticias-do-flamengo\/\",\"name\":\"Sa\u00edda de Wesley, rival sendo ajudado e a declara\u00e7\u00e3o de Tch\u00ea Tch\u00ea: as \u00faltimas not\u00edcias do Flamengo\",\"isPartOf\":{\"@id\":\"https:\/\/www.gaveanews.com\/#website\"},\"primaryImageOfPage\":{\"@id\":\"https:\/\/www.gaveanews.com\/index.php\/2025\/03\/29\/saida-de-wesley-rival-sendo-ajudado-e-a-declaracao-de-tche-tche-as-ultimas-noticias-do-flamengo\/#primaryimage\"},\"image\":{\"@id\":\"https:\/\/www.gaveanews.com\/index.php\/2025\/03\/29\/saida-de-wesley-rival-sendo-ajudado-e-a-declaracao-de-tche-tche-as-ultimas-noticias-do-flamengo\/#primaryimage\"},\"thumbnailUrl\":\"https:\/\/www.gaveanews.com\/wp-content\/uploads\/Maracanao-escudo-Flamengo.webp\",\"datePublished\":\"2025-03-29T19:05:00+00:00\",\"author\":{\"@id\":\"https:\/\/www.gaveanews.com\/#\/schema\/person\/c79759ca337c40791ae8d08e2923d403\"},\"breadcrumb\":{\"@id\":\"https:\/\/www.gaveanews.com\/index.php\/2025\/03\/29\/saida-de-wesley-rival-sendo-ajudado-e-a-declaracao-de-tche-tche-as-ultimas-noticias-do-flamengo\/#breadcrumb\"},\"inLanguage\":\"pt-BR\",\"potentialAction\":[{\"@type\":\"ReadAction\",\"target\":[\"https:\/\/www.gaveanews.com\/index.php\/2025\/03\/29\/saida-de-wesley-rival-sendo-ajudado-e-a-declaracao-de-tche-tche-as-ultimas-noticias-do-flamengo\/\"]}]},{\"@type\":\"ImageObject\",\"inLanguage\":\"pt-BR\",\"@id\":\"https:\/\/www.gaveanews.com\/index.php\/2025\/03\/29\/saida-de-wesley-rival-sendo-ajudado-e-a-declaracao-de-tche-tche-as-ultimas-noticias-do-flamengo\/#primaryimage\",\"url\":\"https:\/\/www.gaveanews.com\/wp-content\/uploads\/Maracanao-escudo-Flamengo.webp\",\"contentUrl\":\"https:\/\/www.gaveanews.com\/wp-content\/uploads\/Maracanao-escudo-Flamengo.webp\",\"width\":640,\"height\":427,\"caption\":\"Escudo do Flamengo no gramado do Maracan\u00e3 (Foto: Reprodu\u00e7\u00e3o)\"},{\"@type\":\"BreadcrumbList\",\"@id\":\"https:\/\/www.gaveanews.com\/index.php\/2025\/03\/29\/saida-de-wesley-rival-sendo-ajudado-e-a-declaracao-de-tche-tche-as-ultimas-noticias-do-flamengo\/#breadcrumb\",\"itemListElement\":[{\"@type\":\"ListItem\",\"position\":1,\"name\":\"Home\",\"item\":\"https:\/\/www.gaveanews.com\/\"},{\"@type\":\"ListItem\",\"position\":2,\"name\":\"Sa\u00edda de Wesley, rival sendo ajudado e a declara\u00e7\u00e3o de Tch\u00ea Tch\u00ea: as \u00faltimas not\u00edcias do Flamengo\"}]},{\"@type\":\"WebSite\",\"@id\":\"https:\/\/www.gaveanews.com\/#website\",\"url\":\"https:\/\/www.gaveanews.com\/\",\"name\":\"G\u00e1vea News\",\"description\":\"Veja todas as not\u00edcias sobre o Flamengo: Contrata\u00e7\u00f5es, categorias de base, resultados das partidas, tabela de classifica\u00e7\u00e3o, pr\u00f3ximos jogos!\",\"potentialAction\":[{\"@type\":\"SearchAction\",\"target\":{\"@type\":\"EntryPoint\",\"urlTemplate\":\"https:\/\/www.gaveanews.com\/?s={search_term_string}\"},\"query-input\":{\"@type\":\"PropertyValueSpecification\",\"valueRequired\":true,\"valueName\":\"search_term_string\"}}],\"inLanguage\":\"pt-BR\"},{\"@type\":\"Person\",\"@id\":\"https:\/\/www.gaveanews.com\/#\/schema\/person\/c79759ca337c40791ae8d08e2923d403\",\"name\":\"Brenda Cezillo\",\"image\":{\"@type\":\"ImageObject\",\"inLanguage\":\"pt-BR\",\"@id\":\"https:\/\/www.gaveanews.com\/#\/schema\/person\/image\/\",\"url\":\"https:\/\/secure.gravatar.com\/avatar\/1738d75cee7317f9c29ae61dd67620c5883d80a92e42a6fff88ae5d527af217a?s=96&d=mm&r=g\",\"contentUrl\":\"https:\/\/secure.gravatar.com\/avatar\/1738d75cee7317f9c29ae61dd67620c5883d80a92e42a6fff88ae5d527af217a?s=96&d=mm&r=g\",\"caption\":\"Brenda Cezillo\"}}]}<\/script>\n<!-- \/ Yoast SEO Premium plugin. -->","yoast_head_json":{"title":"Sa\u00edda de Wesley, rival sendo ajudado e a declara\u00e7\u00e3o de Tch\u00ea Tch\u00ea: as \u00faltimas not\u00edcias do Flamengo","robots":{"index":"index","follow":"follow","max-snippet":"max-snippet:-1","max-image-preview":"max-image-preview:large","max-video-preview":"max-video-preview:-1"},"canonical":"https:\/\/www.gaveanews.com\/index.php\/2025\/03\/29\/saida-de-wesley-rival-sendo-ajudado-e-a-declaracao-de-tche-tche-as-ultimas-noticias-do-flamengo\/","og_locale":"pt_BR","og_type":"article","og_title":"Sa\u00edda de Wesley, rival sendo ajudado e a declara\u00e7\u00e3o de Tch\u00ea Tch\u00ea: as \u00faltimas not\u00edcias do Flamengo","og_description":"Nas \u00faltimas horas, o foco das not\u00edcias sobre o Flamengo se concentram nos bastidores do clube, com destaques do dia a dia do time. Por conta deste contexto, leia abaixo um resumo preparado pela equipe do portal G\u00e1vea News para lhe manter muito bem informado! Declara\u00e7\u00e3o de Tch\u00ea Tch\u00ea Em entrevista recente, Tch\u00ea Tch\u00ea, volante [&hellip;]","og_url":"https:\/\/www.gaveanews.com\/index.php\/2025\/03\/29\/saida-de-wesley-rival-sendo-ajudado-e-a-declaracao-de-tche-tche-as-ultimas-noticias-do-flamengo\/","og_site_name":"G\u00e1vea News","article_publisher":"https:\/\/facebook.com\/gaveaNews\/","article_published_time":"2025-03-29T19:05:00+00:00","og_image":[{"width":640,"height":427,"url":"https:\/\/www.gaveanews.com\/wp-content\/uploads\/Maracanao-escudo-Flamengo.webp","type":"image\/jpeg"}],"author":"Brenda Cezillo","twitter_card":"summary_large_image","twitter_misc":{"Escrito por":"Brenda Cezillo","Est. tempo de leitura":"5 minutos"},"schema":{"@context":"https:\/\/schema.org","@graph":[{"@type":"NewsArticle","@id":"https:\/\/www.gaveanews.com\/index.php\/2025\/03\/29\/saida-de-wesley-rival-sendo-ajudado-e-a-declaracao-de-tche-tche-as-ultimas-noticias-do-flamengo\/#article","isPartOf":{"@id":"https:\/\/www.gaveanews.com\/index.php\/2025\/03\/29\/saida-de-wesley-rival-sendo-ajudado-e-a-declaracao-de-tche-tche-as-ultimas-noticias-do-flamengo\/"},"author":{"name":"Brenda Cezillo","@id":"https:\/\/www.gaveanews.com\/#\/schema\/person\/c79759ca337c40791ae8d08e2923d403"},"headline":"Sa\u00edda de Wesley, rival sendo ajudado e a declara\u00e7\u00e3o de Tch\u00ea Tch\u00ea: as \u00faltimas not\u00edcias do Flamengo","datePublished":"2025-03-29T19:05:00+00:00","mainEntityOfPage":{"@id":"https:\/\/www.gaveanews.com\/index.php\/2025\/03\/29\/saida-de-wesley-rival-sendo-ajudado-e-a-declaracao-de-tche-tche-as-ultimas-noticias-do-flamengo\/"},"wordCount":846,"commentCount":0,"image":{"@id":"https:\/\/www.gaveanews.com\/index.php\/2025\/03\/29\/saida-de-wesley-rival-sendo-ajudado-e-a-declaracao-de-tche-tche-as-ultimas-noticias-do-flamengo\/#primaryimage"},"thumbnailUrl":"https:\/\/www.gaveanews.com\/wp-content\/uploads\/Maracanao-escudo-Flamengo.webp","articleSection":["Flamengo"],"inLanguage":"pt-BR","potentialAction":[{"@type":"CommentAction","name":"Comment","target":["https:\/\/www.gaveanews.com\/index.php\/2025\/03\/29\/saida-de-wesley-rival-sendo-ajudado-e-a-declaracao-de-tche-tche-as-ultimas-noticias-do-flamengo\/#respond"]}],"copyrightYear":"2025","copyrightHolder":{"@id":"https:\/\/www.gaveanews.com\/#organization"}},{"@type":"WebPage","@id":"https:\/\/www.gaveanews.com\/index.php\/2025\/03\/29\/saida-de-wesley-rival-sendo-ajudado-e-a-declaracao-de-tche-tche-as-ultimas-noticias-do-flamengo\/","url":"https:\/\/www.gaveanews.com\/index.php\/2025\/03\/29\/saida-de-wesley-rival-sendo-ajudado-e-a-declaracao-de-tche-tche-as-ultimas-noticias-do-flamengo\/","name":"Sa\u00edda de Wesley, rival sendo ajudado e a declara\u00e7\u00e3o de Tch\u00ea Tch\u00ea: as \u00faltimas not\u00edcias do Flamengo","isPartOf":{"@id":"https:\/\/www.gaveanews.com\/#website"},"primaryImageOfPage":{"@id":"https:\/\/www.gaveanews.com\/index.php\/2025\/03\/29\/saida-de-wesley-rival-sendo-ajudado-e-a-declaracao-de-tche-tche-as-ultimas-noticias-do-flamengo\/#primaryimage"},"image":{"@id":"https:\/\/www.gaveanews.com\/index.php\/2025\/03\/29\/saida-de-wesley-rival-sendo-ajudado-e-a-declaracao-de-tche-tche-as-ultimas-noticias-do-flamengo\/#primaryimage"},"thumbnailUrl":"https:\/\/www.gaveanews.com\/wp-content\/uploads\/Maracanao-escudo-Flamengo.webp","datePublished":"2025-03-29T19:05:00+00:00","author":{"@id":"https:\/\/www.gaveanews.com\/#\/schema\/person\/c79759ca337c40791ae8d08e2923d403"},"breadcrumb":{"@id":"https:\/\/www.gaveanews.com\/index.php\/2025\/03\/29\/saida-de-wesley-rival-sendo-ajudado-e-a-declaracao-de-tche-tche-as-ultimas-noticias-do-flamengo\/#breadcrumb"},"inLanguage":"pt-BR","potentialAction":[{"@type":"ReadAction","target":["https:\/\/www.gaveanews.com\/index.php\/2025\/03\/29\/saida-de-wesley-rival-sendo-ajudado-e-a-declaracao-de-tche-tche-as-ultimas-noticias-do-flamengo\/"]}]},{"@type":"ImageObject","inLanguage":"pt-BR","@id":"https:\/\/www.gaveanews.com\/index.php\/2025\/03\/29\/saida-de-wesley-rival-sendo-ajudado-e-a-declaracao-de-tche-tche-as-ultimas-noticias-do-flamengo\/#primaryimage","url":"https:\/\/www.gaveanews.com\/wp-content\/uploads\/Maracanao-escudo-Flamengo.webp","contentUrl":"https:\/\/www.gaveanews.com\/wp-content\/uploads\/Maracanao-escudo-Flamengo.webp","width":640,"height":427,"caption":"Escudo do Flamengo no gramado do Maracan\u00e3 (Foto: Reprodu\u00e7\u00e3o)"},{"@type":"BreadcrumbList","@id":"https:\/\/www.gaveanews.com\/index.php\/2025\/03\/29\/saida-de-wesley-rival-sendo-ajudado-e-a-declaracao-de-tche-tche-as-ultimas-noticias-do-flamengo\/#breadcrumb","itemListElement":[{"@type":"ListItem","position":1,"name":"Home","item":"https:\/\/www.gaveanews.com\/"},{"@type":"ListItem","position":2,"name":"Sa\u00edda de Wesley, rival sendo ajudado e a declara\u00e7\u00e3o de Tch\u00ea Tch\u00ea: as \u00faltimas not\u00edcias do Flamengo"}]},{"@type":"WebSite","@id":"https:\/\/www.gaveanews.com\/#website","url":"https:\/\/www.gaveanews.com\/","name":"G\u00e1vea News","description":"Veja todas as not\u00edcias sobre o Flamengo: Contrata\u00e7\u00f5es, categorias de base, resultados das partidas, tabela de classifica\u00e7\u00e3o, pr\u00f3ximos jogos!","potentialAction":[{"@type":"SearchAction","target":{"@type":"EntryPoint","urlTemplate":"https:\/\/www.gaveanews.com\/?s={search_term_string}"},"query-input":{"@type":"PropertyValueSpecification","valueRequired":true,"valueName":"search_term_string"}}],"inLanguage":"pt-BR"},{"@type":"Person","@id":"https:\/\/www.gaveanews.com\/#\/schema\/person\/c79759ca337c40791ae8d08e2923d403","name":"Brenda Cezillo","image":{"@type":"ImageObject","inLanguage":"pt-BR","@id":"https:\/\/www.gaveanews.com\/#\/schema\/person\/image\/","url":"https:\/\/secure.gravatar.com\/avatar\/1738d75cee7317f9c29ae61dd67620c5883d80a92e42a6fff88ae5d527af217a?s=96&d=mm&r=g","contentUrl":"https:\/\/secure.gravatar.com\/avatar\/1738d75cee7317f9c29ae61dd67620c5883d80a92e42a6fff88ae5d527af217a?s=96&d=mm&r=g","caption":"Brenda Cezillo"}}]}},"_links":{"self":[{"href":"https:\/\/www.gaveanews.com\/index.php\/wp-json\/wp\/v2\/posts\/246349","targetHints":{"allow":["GET"]}}],"collection":[{"href":"https:\/\/www.gaveanews.com\/index.php\/wp-json\/wp\/v2\/posts"}],"about":[{"href":"https:\/\/www.gaveanews.com\/index.php\/wp-json\/wp\/v2\/types\/post"}],"author":[{"embeddable":true,"href":"https:\/\/www.gaveanews.com\/index.php\/wp-json\/wp\/v2\/users\/33"}],"replies":[{"embeddable":true,"href":"https:\/\/www.gaveanews.com\/index.php\/wp-json\/wp\/v2\/comments?post=246349"}],"version-history":[{"count":1,"href":"https:\/\/www.gaveanews.com\/index.php\/wp-json\/wp\/v2\/posts\/246349\/revisions"}],"predecessor-version":[{"id":246404,"href":"https:\/\/www.gaveanews.com\/index.php\/wp-json\/wp\/v2\/posts\/246349\/revisions\/246404"}],"wp:featuredmedia":[{"embeddable":true,"href":"https:\/\/www.gaveanews.com\/index.php\/wp-json\/wp\/v2\/media\/101250"}],"wp:attachment":[{"href":"https:\/\/www.gaveanews.com\/index.php\/wp-json\/wp\/v2\/media?parent=246349"}],"wp:term":[{"taxonomy":"category","embeddable":true,"href":"https:\/\/www.gaveanews.com\/index.php\/wp-json\/wp\/v2\/categories?post=246349"},{"taxonomy":"post_tag","embeddable":true,"href":"https:\/\/www.gaveanews.com\/index.php\/wp-json\/wp\/v2\/tags?post=246349"}],"curies":[{"name":"wp","href":"https:\/\/api.w.org\/{rel}","templated":true}]}}