{"id":246355,"date":"2025-03-29T18:10:00","date_gmt":"2025-03-29T21:10:00","guid":{"rendered":"https:\/\/www.gaveanews.com\/?p=246355"},"modified":"2025-03-29T15:38:16","modified_gmt":"2025-03-29T18:38:16","slug":"a-declaracao-de-hugo-souza-direcionada-a-raphael-veiga","status":"publish","type":"post","link":"https:\/\/www.gaveanews.com\/index.php\/2025\/03\/29\/a-declaracao-de-hugo-souza-direcionada-a-raphael-veiga\/","title":{"rendered":"A declara\u00e7\u00e3o de Hugo Souza direcionada a Raphael Veiga"},"content":{"rendered":"\n<p>O goleiro Hugo Souza se tornou protagonista na final do Campeonato Paulista ao defender a cobran\u00e7a de p\u00eanalti de Raphael Veiga, meia-atacante do Palmeiras. Entretanto, o arqueiro corintiano revelou que a prepara\u00e7\u00e3o para esse momento exigiu um estudo minucioso do advers\u00e1rio, dada a complexidade do batedor.<\/p>\n\n\n\n<p>Durante entrevista ao Sele\u00e7\u00e3o SporTV, Hugo Souza detalhou as dificuldades encontradas ao analisar o estilo de cobran\u00e7a de Veiga, pois o considerou um dos batedores mais desafiadores que j\u00e1 enfrentou em sua carreira.<\/p>\n\n\n\n<p>O goleiro explicou sua percep\u00e7\u00e3o sobre o advers\u00e1rio, afirmando: &#8220;O Veiga \u00e9 um cara que talvez, at\u00e9 hoje, seja o mais dif\u00edcil que eu estudei. Ele bate muito bem p\u00eanaltis dos dois lados, bate no meio\u2026 \u00e9 um cara que tem uma porcentagem de acerto muito alta. \u00c9 um grande jogador&#8221;.<\/p>\n\n\n\n<p>Hugo Souza ressaltou ainda a alta taxa de convers\u00e3o do meia palmeirense, visto que Veiga acerta mais de 80% de suas cobran\u00e7as. Portanto, o goleiro corintiano dedicou tempo consider\u00e1vel ao estudo, embora o palmeirense n\u00e3o apresente um padr\u00e3o claro de batida.<\/p>\n\n\n\n<p>Nesse sentido, ele colaborou intensamente com a equipe de an\u00e1lise do Corinthians, a fim de tra\u00e7ar uma estrat\u00e9gia e direcionar o pensamento para a a\u00e7\u00e3o necess\u00e1ria no momento decisivo da defesa.<\/p>\n\n\n\n<h2 class=\"wp-block-heading\" id=\"h-estrategia-e-foco-mental-de-hugo-souza\">Estrat\u00e9gia e foco mental de Hugo Souza<\/h2>\n\n\n\n<p>Al\u00e9m da an\u00e1lise t\u00e9cnica, Hugo Souza destacou a import\u00e2ncia do controle emocional durante a cobran\u00e7a. Assim, ele procurou manter a calma, pois acredita que a press\u00e3o maior recai sobre o batedor, n\u00e3o sobre quem defende.<\/p>\n\n\n\n<p>O goleiro compartilhou sua mentalidade no momento: &#8220;Na minha cabe\u00e7a, a press\u00e3o \u00e9 do batedor. Tentei ser o mais frio poss\u00edvel para que a press\u00e3o seja toda dele e eu fa\u00e7a o que estudei. Tento respirar, ver o que estudei antes. Tem jogador que j\u00e1 vou com canto definido, tem jogador que decido na hora, mas n\u00e3o vou ficar falando do meu estudo&#8221;.<\/p>\n\n\n\n<h2 class=\"wp-block-heading\" id=\"h-reconhecimento-do-adversario\">Reconhecimento do advers\u00e1rio<\/h2>\n\n\n\n<p>Por outro lado, Raphael Veiga, mesmo lamentando a oportunidade perdida em um momento essencial, reconheceu a qualidade e o m\u00e9rito do advers\u00e1rio na jogada. O meia admitiu que desejava muito converter a cobran\u00e7a para ajudar sua equipe.<\/p>\n\n\n\n<figure class=\"wp-block-image size-full is-resized\"><img loading=\"lazy\" decoding=\"async\" width=\"576\" height=\"408\" src=\"http:\/\/www.gaveanews.com\/wp-content\/uploads\/Raphael-Veiga-pelo-Palmeiras.webp\" alt=\"\" class=\"wp-image-245851\" style=\"width:840px;height:auto\"\/><figcaption class=\"wp-element-caption\">Raphael Veiga pelo Palmeiras (Foto: Cesar Greco\/Palmeiras\/by Canon)<\/figcaption><\/figure>\n\n\n\n<p>Ele expressou seu sentimento e deu cr\u00e9dito ao goleiro: &#8220;Eu mais do que ningu\u00e9m queria ganhar esse jogo, mais do que ningu\u00e9m queria fazer o gol, queria ser campe\u00e3o. Tem que dar m\u00e9rito para o Hugo que \u00e9 um grande goleiro, pegou o p\u00eanalti.&#8221;<\/p>\n\n\n\n<p>Conforme observado, Veiga alterou sua t\u00e9cnica em rela\u00e7\u00e3o \u00e0 cobran\u00e7a efetuada na semifinal do Paulist\u00e3o, optando naquela ocasi\u00e3o por um chute mais rasteiro, o qual Hugo Souza conseguiu interceptar com sucesso.<\/p>\n\n\n\n<p><\/p>\n\n\n\n<p><\/p>\n\n\n\n<p><\/p>\n","protected":false},"excerpt":{"rendered":"<p>O goleiro Hugo Souza se tornou protagonista na final do Campeonato Paulista ao defender a cobran\u00e7a de p\u00eanalti de Raphael Veiga, meia-atacante do Palmeiras. Entretanto, o arqueiro corintiano revelou que a prepara\u00e7\u00e3o para esse momento exigiu um estudo minucioso do advers\u00e1rio, dada a complexidade do batedor. Durante entrevista ao Sele\u00e7\u00e3o SporTV, Hugo Souza detalhou as [&hellip;]<\/p>\n","protected":false},"author":28,"featured_media":155879,"comment_status":"open","ping_status":"closed","sticky":false,"template":"","format":"standard","meta":{"footnotes":""},"categories":[141,150],"tags":[],"class_list":["post-246355","post","type-post","status-publish","format-standard","has-post-thumbnail","hentry","category-corinthians","category-palmeiras"],"yoast_head":"<!-- This site is optimized with the Yoast SEO Premium plugin v24.2 (Yoast SEO v26.9) - https:\/\/yoast.com\/product\/yoast-seo-premium-wordpress\/ -->\n<title>A declara\u00e7\u00e3o de Hugo Souza direcionada a Raphael Veiga<\/title>\n<meta name=\"robots\" content=\"index, follow, max-snippet:-1, max-image-preview:large, max-video-preview:-1\" \/>\n<link rel=\"canonical\" href=\"https:\/\/www.gaveanews.com\/index.php\/2025\/03\/29\/a-declaracao-de-hugo-souza-direcionada-a-raphael-veiga\/\" \/>\n<meta property=\"og:locale\" content=\"pt_BR\" \/>\n<meta property=\"og:type\" content=\"article\" \/>\n<meta property=\"og:title\" content=\"A declara\u00e7\u00e3o de Hugo Souza direcionada a Raphael Veiga\" \/>\n<meta property=\"og:description\" content=\"O goleiro Hugo Souza se tornou protagonista na final do Campeonato Paulista ao defender a cobran\u00e7a de p\u00eanalti de Raphael Veiga, meia-atacante do Palmeiras. Entretanto, o arqueiro corintiano revelou que a prepara\u00e7\u00e3o para esse momento exigiu um estudo minucioso do advers\u00e1rio, dada a complexidade do batedor. Durante entrevista ao Sele\u00e7\u00e3o SporTV, Hugo Souza detalhou as [&hellip;]\" \/>\n<meta property=\"og:url\" content=\"https:\/\/www.gaveanews.com\/index.php\/2025\/03\/29\/a-declaracao-de-hugo-souza-direcionada-a-raphael-veiga\/\" \/>\n<meta property=\"og:site_name\" content=\"G\u00e1vea News\" \/>\n<meta property=\"article:publisher\" content=\"https:\/\/facebook.com\/gaveaNews\/\" \/>\n<meta property=\"article:published_time\" content=\"2025-03-29T21:10:00+00:00\" \/>\n<meta property=\"og:image\" content=\"https:\/\/www.gaveanews.com\/wp-content\/uploads\/IMG_0346-768x458-1.webp\" \/>\n\t<meta property=\"og:image:width\" content=\"768\" \/>\n\t<meta property=\"og:image:height\" content=\"458\" \/>\n\t<meta property=\"og:image:type\" content=\"image\/webp\" \/>\n<meta name=\"author\" content=\"Hudson Pereira\" \/>\n<meta name=\"twitter:card\" content=\"summary_large_image\" \/>\n<meta name=\"twitter:label1\" content=\"Escrito por\" \/>\n\t<meta name=\"twitter:data1\" content=\"Hudson Pereira\" \/>\n\t<meta name=\"twitter:label2\" content=\"Est. tempo de leitura\" \/>\n\t<meta name=\"twitter:data2\" content=\"3 minutos\" \/>\n<script type=\"application\/ld+json\" class=\"yoast-schema-graph\">{\"@context\":\"https:\/\/schema.org\",\"@graph\":[{\"@type\":\"NewsArticle\",\"@id\":\"https:\/\/www.gaveanews.com\/index.php\/2025\/03\/29\/a-declaracao-de-hugo-souza-direcionada-a-raphael-veiga\/#article\",\"isPartOf\":{\"@id\":\"https:\/\/www.gaveanews.com\/index.php\/2025\/03\/29\/a-declaracao-de-hugo-souza-direcionada-a-raphael-veiga\/\"},\"author\":{\"name\":\"Hudson Pereira\",\"@id\":\"https:\/\/www.gaveanews.com\/#\/schema\/person\/bd08f00534b403119b92741a6d469ef0\"},\"headline\":\"A declara\u00e7\u00e3o de Hugo Souza direcionada a Raphael Veiga\",\"datePublished\":\"2025-03-29T21:10:00+00:00\",\"mainEntityOfPage\":{\"@id\":\"https:\/\/www.gaveanews.com\/index.php\/2025\/03\/29\/a-declaracao-de-hugo-souza-direcionada-a-raphael-veiga\/\"},\"wordCount\":484,\"commentCount\":0,\"image\":{\"@id\":\"https:\/\/www.gaveanews.com\/index.php\/2025\/03\/29\/a-declaracao-de-hugo-souza-direcionada-a-raphael-veiga\/#primaryimage\"},\"thumbnailUrl\":\"https:\/\/www.gaveanews.com\/wp-content\/uploads\/IMG_0346-768x458-1.webp\",\"articleSection\":[\"Corinthians\",\"Palmeiras\"],\"inLanguage\":\"pt-BR\",\"potentialAction\":[{\"@type\":\"CommentAction\",\"name\":\"Comment\",\"target\":[\"https:\/\/www.gaveanews.com\/index.php\/2025\/03\/29\/a-declaracao-de-hugo-souza-direcionada-a-raphael-veiga\/#respond\"]}],\"copyrightYear\":\"2025\",\"copyrightHolder\":{\"@id\":\"https:\/\/www.gaveanews.com\/#organization\"}},{\"@type\":\"WebPage\",\"@id\":\"https:\/\/www.gaveanews.com\/index.php\/2025\/03\/29\/a-declaracao-de-hugo-souza-direcionada-a-raphael-veiga\/\",\"url\":\"https:\/\/www.gaveanews.com\/index.php\/2025\/03\/29\/a-declaracao-de-hugo-souza-direcionada-a-raphael-veiga\/\",\"name\":\"A declara\u00e7\u00e3o de Hugo Souza direcionada a Raphael Veiga\",\"isPartOf\":{\"@id\":\"https:\/\/www.gaveanews.com\/#website\"},\"primaryImageOfPage\":{\"@id\":\"https:\/\/www.gaveanews.com\/index.php\/2025\/03\/29\/a-declaracao-de-hugo-souza-direcionada-a-raphael-veiga\/#primaryimage\"},\"image\":{\"@id\":\"https:\/\/www.gaveanews.com\/index.php\/2025\/03\/29\/a-declaracao-de-hugo-souza-direcionada-a-raphael-veiga\/#primaryimage\"},\"thumbnailUrl\":\"https:\/\/www.gaveanews.com\/wp-content\/uploads\/IMG_0346-768x458-1.webp\",\"datePublished\":\"2025-03-29T21:10:00+00:00\",\"author\":{\"@id\":\"https:\/\/www.gaveanews.com\/#\/schema\/person\/bd08f00534b403119b92741a6d469ef0\"},\"breadcrumb\":{\"@id\":\"https:\/\/www.gaveanews.com\/index.php\/2025\/03\/29\/a-declaracao-de-hugo-souza-direcionada-a-raphael-veiga\/#breadcrumb\"},\"inLanguage\":\"pt-BR\",\"potentialAction\":[{\"@type\":\"ReadAction\",\"target\":[\"https:\/\/www.gaveanews.com\/index.php\/2025\/03\/29\/a-declaracao-de-hugo-souza-direcionada-a-raphael-veiga\/\"]}]},{\"@type\":\"ImageObject\",\"inLanguage\":\"pt-BR\",\"@id\":\"https:\/\/www.gaveanews.com\/index.php\/2025\/03\/29\/a-declaracao-de-hugo-souza-direcionada-a-raphael-veiga\/#primaryimage\",\"url\":\"https:\/\/www.gaveanews.com\/wp-content\/uploads\/IMG_0346-768x458-1.webp\",\"contentUrl\":\"https:\/\/www.gaveanews.com\/wp-content\/uploads\/IMG_0346-768x458-1.webp\",\"width\":768,\"height\":458,\"caption\":\"Hugo Souza, goleiro do Corinthians - Instagram \/ @hugosouza\"},{\"@type\":\"BreadcrumbList\",\"@id\":\"https:\/\/www.gaveanews.com\/index.php\/2025\/03\/29\/a-declaracao-de-hugo-souza-direcionada-a-raphael-veiga\/#breadcrumb\",\"itemListElement\":[{\"@type\":\"ListItem\",\"position\":1,\"name\":\"Home\",\"item\":\"https:\/\/www.gaveanews.com\/\"},{\"@type\":\"ListItem\",\"position\":2,\"name\":\"A declara\u00e7\u00e3o de Hugo Souza direcionada a Raphael Veiga\"}]},{\"@type\":\"WebSite\",\"@id\":\"https:\/\/www.gaveanews.com\/#website\",\"url\":\"https:\/\/www.gaveanews.com\/\",\"name\":\"G\u00e1vea News\",\"description\":\"Veja todas as not\u00edcias sobre o Flamengo: Contrata\u00e7\u00f5es, categorias de base, resultados das partidas, tabela de classifica\u00e7\u00e3o, pr\u00f3ximos jogos!\",\"potentialAction\":[{\"@type\":\"SearchAction\",\"target\":{\"@type\":\"EntryPoint\",\"urlTemplate\":\"https:\/\/www.gaveanews.com\/?s={search_term_string}\"},\"query-input\":{\"@type\":\"PropertyValueSpecification\",\"valueRequired\":true,\"valueName\":\"search_term_string\"}}],\"inLanguage\":\"pt-BR\"},{\"@type\":\"Person\",\"@id\":\"https:\/\/www.gaveanews.com\/#\/schema\/person\/bd08f00534b403119b92741a6d469ef0\",\"name\":\"Hudson Pereira\",\"image\":{\"@type\":\"ImageObject\",\"inLanguage\":\"pt-BR\",\"@id\":\"https:\/\/www.gaveanews.com\/#\/schema\/person\/image\/\",\"url\":\"https:\/\/secure.gravatar.com\/avatar\/ecc491b489e454e510efffc9b23c1052ce5fb4f2e05555768ba65819cd55f03e?s=96&d=mm&r=g\",\"contentUrl\":\"https:\/\/secure.gravatar.com\/avatar\/ecc491b489e454e510efffc9b23c1052ce5fb4f2e05555768ba65819cd55f03e?s=96&d=mm&r=g\",\"caption\":\"Hudson Pereira\"}}]}<\/script>\n<!-- \/ Yoast SEO Premium plugin. -->","yoast_head_json":{"title":"A declara\u00e7\u00e3o de Hugo Souza direcionada a Raphael Veiga","robots":{"index":"index","follow":"follow","max-snippet":"max-snippet:-1","max-image-preview":"max-image-preview:large","max-video-preview":"max-video-preview:-1"},"canonical":"https:\/\/www.gaveanews.com\/index.php\/2025\/03\/29\/a-declaracao-de-hugo-souza-direcionada-a-raphael-veiga\/","og_locale":"pt_BR","og_type":"article","og_title":"A declara\u00e7\u00e3o de Hugo Souza direcionada a Raphael Veiga","og_description":"O goleiro Hugo Souza se tornou protagonista na final do Campeonato Paulista ao defender a cobran\u00e7a de p\u00eanalti de Raphael Veiga, meia-atacante do Palmeiras. Entretanto, o arqueiro corintiano revelou que a prepara\u00e7\u00e3o para esse momento exigiu um estudo minucioso do advers\u00e1rio, dada a complexidade do batedor. Durante entrevista ao Sele\u00e7\u00e3o SporTV, Hugo Souza detalhou as [&hellip;]","og_url":"https:\/\/www.gaveanews.com\/index.php\/2025\/03\/29\/a-declaracao-de-hugo-souza-direcionada-a-raphael-veiga\/","og_site_name":"G\u00e1vea News","article_publisher":"https:\/\/facebook.com\/gaveaNews\/","article_published_time":"2025-03-29T21:10:00+00:00","og_image":[{"width":768,"height":458,"url":"https:\/\/www.gaveanews.com\/wp-content\/uploads\/IMG_0346-768x458-1.webp","type":"image\/webp"}],"author":"Hudson Pereira","twitter_card":"summary_large_image","twitter_misc":{"Escrito por":"Hudson Pereira","Est. tempo de leitura":"3 minutos"},"schema":{"@context":"https:\/\/schema.org","@graph":[{"@type":"NewsArticle","@id":"https:\/\/www.gaveanews.com\/index.php\/2025\/03\/29\/a-declaracao-de-hugo-souza-direcionada-a-raphael-veiga\/#article","isPartOf":{"@id":"https:\/\/www.gaveanews.com\/index.php\/2025\/03\/29\/a-declaracao-de-hugo-souza-direcionada-a-raphael-veiga\/"},"author":{"name":"Hudson Pereira","@id":"https:\/\/www.gaveanews.com\/#\/schema\/person\/bd08f00534b403119b92741a6d469ef0"},"headline":"A declara\u00e7\u00e3o de Hugo Souza direcionada a Raphael Veiga","datePublished":"2025-03-29T21:10:00+00:00","mainEntityOfPage":{"@id":"https:\/\/www.gaveanews.com\/index.php\/2025\/03\/29\/a-declaracao-de-hugo-souza-direcionada-a-raphael-veiga\/"},"wordCount":484,"commentCount":0,"image":{"@id":"https:\/\/www.gaveanews.com\/index.php\/2025\/03\/29\/a-declaracao-de-hugo-souza-direcionada-a-raphael-veiga\/#primaryimage"},"thumbnailUrl":"https:\/\/www.gaveanews.com\/wp-content\/uploads\/IMG_0346-768x458-1.webp","articleSection":["Corinthians","Palmeiras"],"inLanguage":"pt-BR","potentialAction":[{"@type":"CommentAction","name":"Comment","target":["https:\/\/www.gaveanews.com\/index.php\/2025\/03\/29\/a-declaracao-de-hugo-souza-direcionada-a-raphael-veiga\/#respond"]}],"copyrightYear":"2025","copyrightHolder":{"@id":"https:\/\/www.gaveanews.com\/#organization"}},{"@type":"WebPage","@id":"https:\/\/www.gaveanews.com\/index.php\/2025\/03\/29\/a-declaracao-de-hugo-souza-direcionada-a-raphael-veiga\/","url":"https:\/\/www.gaveanews.com\/index.php\/2025\/03\/29\/a-declaracao-de-hugo-souza-direcionada-a-raphael-veiga\/","name":"A declara\u00e7\u00e3o de Hugo Souza direcionada a Raphael Veiga","isPartOf":{"@id":"https:\/\/www.gaveanews.com\/#website"},"primaryImageOfPage":{"@id":"https:\/\/www.gaveanews.com\/index.php\/2025\/03\/29\/a-declaracao-de-hugo-souza-direcionada-a-raphael-veiga\/#primaryimage"},"image":{"@id":"https:\/\/www.gaveanews.com\/index.php\/2025\/03\/29\/a-declaracao-de-hugo-souza-direcionada-a-raphael-veiga\/#primaryimage"},"thumbnailUrl":"https:\/\/www.gaveanews.com\/wp-content\/uploads\/IMG_0346-768x458-1.webp","datePublished":"2025-03-29T21:10:00+00:00","author":{"@id":"https:\/\/www.gaveanews.com\/#\/schema\/person\/bd08f00534b403119b92741a6d469ef0"},"breadcrumb":{"@id":"https:\/\/www.gaveanews.com\/index.php\/2025\/03\/29\/a-declaracao-de-hugo-souza-direcionada-a-raphael-veiga\/#breadcrumb"},"inLanguage":"pt-BR","potentialAction":[{"@type":"ReadAction","target":["https:\/\/www.gaveanews.com\/index.php\/2025\/03\/29\/a-declaracao-de-hugo-souza-direcionada-a-raphael-veiga\/"]}]},{"@type":"ImageObject","inLanguage":"pt-BR","@id":"https:\/\/www.gaveanews.com\/index.php\/2025\/03\/29\/a-declaracao-de-hugo-souza-direcionada-a-raphael-veiga\/#primaryimage","url":"https:\/\/www.gaveanews.com\/wp-content\/uploads\/IMG_0346-768x458-1.webp","contentUrl":"https:\/\/www.gaveanews.com\/wp-content\/uploads\/IMG_0346-768x458-1.webp","width":768,"height":458,"caption":"Hugo Souza, goleiro do Corinthians - Instagram \/ @hugosouza"},{"@type":"BreadcrumbList","@id":"https:\/\/www.gaveanews.com\/index.php\/2025\/03\/29\/a-declaracao-de-hugo-souza-direcionada-a-raphael-veiga\/#breadcrumb","itemListElement":[{"@type":"ListItem","position":1,"name":"Home","item":"https:\/\/www.gaveanews.com\/"},{"@type":"ListItem","position":2,"name":"A declara\u00e7\u00e3o de Hugo Souza direcionada a Raphael Veiga"}]},{"@type":"WebSite","@id":"https:\/\/www.gaveanews.com\/#website","url":"https:\/\/www.gaveanews.com\/","name":"G\u00e1vea News","description":"Veja todas as not\u00edcias sobre o Flamengo: Contrata\u00e7\u00f5es, categorias de base, resultados das partidas, tabela de classifica\u00e7\u00e3o, pr\u00f3ximos jogos!","potentialAction":[{"@type":"SearchAction","target":{"@type":"EntryPoint","urlTemplate":"https:\/\/www.gaveanews.com\/?s={search_term_string}"},"query-input":{"@type":"PropertyValueSpecification","valueRequired":true,"valueName":"search_term_string"}}],"inLanguage":"pt-BR"},{"@type":"Person","@id":"https:\/\/www.gaveanews.com\/#\/schema\/person\/bd08f00534b403119b92741a6d469ef0","name":"Hudson Pereira","image":{"@type":"ImageObject","inLanguage":"pt-BR","@id":"https:\/\/www.gaveanews.com\/#\/schema\/person\/image\/","url":"https:\/\/secure.gravatar.com\/avatar\/ecc491b489e454e510efffc9b23c1052ce5fb4f2e05555768ba65819cd55f03e?s=96&d=mm&r=g","contentUrl":"https:\/\/secure.gravatar.com\/avatar\/ecc491b489e454e510efffc9b23c1052ce5fb4f2e05555768ba65819cd55f03e?s=96&d=mm&r=g","caption":"Hudson Pereira"}}]}},"_links":{"self":[{"href":"https:\/\/www.gaveanews.com\/index.php\/wp-json\/wp\/v2\/posts\/246355","targetHints":{"allow":["GET"]}}],"collection":[{"href":"https:\/\/www.gaveanews.com\/index.php\/wp-json\/wp\/v2\/posts"}],"about":[{"href":"https:\/\/www.gaveanews.com\/index.php\/wp-json\/wp\/v2\/types\/post"}],"author":[{"embeddable":true,"href":"https:\/\/www.gaveanews.com\/index.php\/wp-json\/wp\/v2\/users\/28"}],"replies":[{"embeddable":true,"href":"https:\/\/www.gaveanews.com\/index.php\/wp-json\/wp\/v2\/comments?post=246355"}],"version-history":[{"count":3,"href":"https:\/\/www.gaveanews.com\/index.php\/wp-json\/wp\/v2\/posts\/246355\/revisions"}],"predecessor-version":[{"id":246397,"href":"https:\/\/www.gaveanews.com\/index.php\/wp-json\/wp\/v2\/posts\/246355\/revisions\/246397"}],"wp:featuredmedia":[{"embeddable":true,"href":"https:\/\/www.gaveanews.com\/index.php\/wp-json\/wp\/v2\/media\/155879"}],"wp:attachment":[{"href":"https:\/\/www.gaveanews.com\/index.php\/wp-json\/wp\/v2\/media?parent=246355"}],"wp:term":[{"taxonomy":"category","embeddable":true,"href":"https:\/\/www.gaveanews.com\/index.php\/wp-json\/wp\/v2\/categories?post=246355"},{"taxonomy":"post_tag","embeddable":true,"href":"https:\/\/www.gaveanews.com\/index.php\/wp-json\/wp\/v2\/tags?post=246355"}],"curies":[{"name":"wp","href":"https:\/\/api.w.org\/{rel}","templated":true}]}}