{"id":246374,"date":"2025-03-29T16:15:00","date_gmt":"2025-03-29T19:15:00","guid":{"rendered":"https:\/\/www.gaveanews.com\/?p=246374"},"modified":"2025-03-29T14:31:47","modified_gmt":"2025-03-29T17:31:47","slug":"oscar-faz-revelacao-situacao-de-calleri-e-publicacao-de-zetti-as-ultimas-noticias-do-sao-paulo","status":"publish","type":"post","link":"https:\/\/www.gaveanews.com\/index.php\/2025\/03\/29\/oscar-faz-revelacao-situacao-de-calleri-e-publicacao-de-zetti-as-ultimas-noticias-do-sao-paulo\/","title":{"rendered":"Oscar faz revela\u00e7\u00e3o, situa\u00e7\u00e3o de Calleri e publica\u00e7\u00e3o de Zetti: as \u00faltimas not\u00edcias do S\u00e3o Paulo"},"content":{"rendered":"\n<p>Nas \u00faltimas horas, o foco das not\u00edcias sobre o S\u00e3o Paulo se concentram nos bastidores do clube, com destaques do dia a dia do time.<\/p>\n\n\n\n<p>Por conta deste contexto, leia abaixo um resumo preparado pela equipe do portal G\u00e1vea News para lhe manter muito bem informado!<\/p>\n\n\n\n<h2 class=\"wp-block-heading\" id=\"h-publicacao-de-zetti\">Publica\u00e7\u00e3o de Zetti<\/h2>\n\n\n\n<p>No \u00faltimo domingo (23), Zetti, \u00eddolo do S\u00e3o Paulo e ex-goleiro da Sele\u00e7\u00e3o Brasileira, utilizou suas redes sociais para homenagear Tel\u00ea Santana, lend\u00e1rio treinador com quem viveu grandes conquistas. Em sua publica\u00e7\u00e3o no Instagram, Zetti relembrou um trecho de entrevista antiga e expressou publicamente sua saudade e admira\u00e7\u00e3o pelo t\u00e9cnico que o comandou durante um dos per\u00edodos mais vitoriosos da hist\u00f3ria tricolor <strong><a href=\"https:\/\/www.gaveanews.com\/index.php\/2025\/03\/24\/a-publicacao-de-zetti-direcionada-a-tele-santana\/\">(leia a mat\u00e9ria completa).<\/a><\/strong><\/p>\n\n\n\n<figure class=\"wp-block-image size-full\"><img loading=\"lazy\" decoding=\"async\" width=\"729\" height=\"400\" src=\"http:\/\/www.gaveanews.com\/wp-content\/uploads\/Zetti-durante-coletiva-de-imprensa-no-CT-so-Sao-Paulo.webp\" alt=\"\" class=\"wp-image-154941\" srcset=\"https:\/\/www.gaveanews.com\/wp-content\/uploads\/Zetti-durante-coletiva-de-imprensa-no-CT-so-Sao-Paulo.webp 729w, https:\/\/www.gaveanews.com\/wp-content\/uploads\/Zetti-durante-coletiva-de-imprensa-no-CT-so-Sao-Paulo-300x165.webp 300w, https:\/\/www.gaveanews.com\/wp-content\/uploads\/Zetti-durante-coletiva-de-imprensa-no-CT-so-Sao-Paulo-640x350.webp 640w, https:\/\/www.gaveanews.com\/wp-content\/uploads\/Zetti-durante-coletiva-de-imprensa-no-CT-so-Sao-Paulo-681x374.webp 681w, https:\/\/www.gaveanews.com\/wp-content\/uploads\/Zetti-durante-coletiva-de-imprensa-no-CT-so-Sao-Paulo-100x55.webp 100w\" sizes=\"auto, (max-width: 729px) 100vw, 729px\" \/><figcaption class=\"wp-element-caption\">Zetti durante coletiva de imprensa no CT so S\u00e3o Paulo (Foto: Reprodu\u00e7\u00e3o\/S\u00e3o Paulo)<\/figcaption><\/figure>\n\n\n\n<p>A parceria entre Zetti e Tel\u00ea Santana come\u00e7ou no in\u00edcio da d\u00e9cada de 1990 e resultou em mais de 400 partidas juntos, marcadas por t\u00edtulos como a Libertadores e o Mundial de Clubes. <\/p>\n\n\n\n<p>O ex-goleiro destacou que todos os t\u00edtulos que conquistou no S\u00e3o Paulo vieram sob o comando do treinador, ressaltando o comprometimento de Tel\u00ea com os treinos e a constante busca por evolu\u00e7\u00e3o t\u00e9cnica e t\u00e1tica de seus jogadores, caracter\u00edstica que o diferenciava no cen\u00e1rio futebol\u00edstico.<\/p>\n\n\n\n<p>Atualmente, Zetti atua como coordenador de goleiros da base do S\u00e3o Paulo, mantendo seu v\u00ednculo com o clube e com o legado de Tel\u00ea. Seu trabalho agora \u00e9 formar novos talentos, com o desafio de revelar um goleiro oriundo de Cotia capaz de chegar \u00e0 sele\u00e7\u00e3o brasileira \u2014 objetivo tra\u00e7ado pela atual gest\u00e3o do clube. Assim, ele perpetua a dedica\u00e7\u00e3o e a filosofia de trabalho herdadas de seu mestre, influenciando diretamente as futuras gera\u00e7\u00f5es do Tricolor.<\/p>\n\n\n\n<h2 class=\"wp-block-heading\" id=\"h-situacao-de-calleri\">Situa\u00e7\u00e3o de Calleri<\/h2>\n\n\n\n<p>O atacante Jonathan Calleri est\u00e1 confirmado como refor\u00e7o para a estreia do S\u00e3o Paulo no Campeonato Brasileiro de 2025, contra o Sport. Ap\u00f3s seguir um cronograma f\u00edsico individualizado e ficar de fora do jogo-treino contra o S\u00e3o Bernardo, o argentino voltou a treinar normalmente no CT da Barra Funda. A equipe comandada por Luis Zubeld\u00eda, que busca um bom in\u00edcio de campanha na competi\u00e7\u00e3o, conta com o retorno de pe\u00e7as importantes para encorpar o elenco <strong><a href=\"https:\/\/www.gaveanews.com\/index.php\/2025\/03\/25\/atualizacao-sobre-a-situacao-de-calleri-no-sao-paulo\/\">(leia a mat\u00e9ria completa).<\/a><\/strong><\/p>\n\n\n\n<figure class=\"wp-block-image size-large\"><img loading=\"lazy\" decoding=\"async\" width=\"822\" height=\"1024\" src=\"http:\/\/www.gaveanews.com\/wp-content\/uploads\/Jonathan-Calleri-em-acao-pelo-Sao-Paulo-822x1024.webp\" alt=\"\" class=\"wp-image-148324\" srcset=\"https:\/\/www.gaveanews.com\/wp-content\/uploads\/Jonathan-Calleri-em-acao-pelo-Sao-Paulo-822x1024.webp 822w, https:\/\/www.gaveanews.com\/wp-content\/uploads\/Jonathan-Calleri-em-acao-pelo-Sao-Paulo-241x300.webp 241w, https:\/\/www.gaveanews.com\/wp-content\/uploads\/Jonathan-Calleri-em-acao-pelo-Sao-Paulo-768x957.webp 768w, https:\/\/www.gaveanews.com\/wp-content\/uploads\/Jonathan-Calleri-em-acao-pelo-Sao-Paulo-337x420.webp 337w, https:\/\/www.gaveanews.com\/wp-content\/uploads\/Jonathan-Calleri-em-acao-pelo-Sao-Paulo-674x840.webp 674w, https:\/\/www.gaveanews.com\/wp-content\/uploads\/Jonathan-Calleri-em-acao-pelo-Sao-Paulo-640x798.webp 640w, https:\/\/www.gaveanews.com\/wp-content\/uploads\/Jonathan-Calleri-em-acao-pelo-Sao-Paulo-681x849.webp 681w, https:\/\/www.gaveanews.com\/wp-content\/uploads\/Jonathan-Calleri-em-acao-pelo-Sao-Paulo-100x125.webp 100w, https:\/\/www.gaveanews.com\/wp-content\/uploads\/Jonathan-Calleri-em-acao-pelo-Sao-Paulo.webp 1080w\" sizes=\"auto, (max-width: 822px) 100vw, 822px\" \/><figcaption class=\"wp-element-caption\">Jonathan Calleri em a\u00e7\u00e3o pelo S\u00e3o Paulo (Foto: Reprodu\u00e7\u00e3o\/Instagram)<\/figcaption><\/figure>\n\n\n\n<p>Al\u00e9m de Calleri, o meia Rodriguinho, que se recuperava de um problema no joelho esquerdo, tamb\u00e9m participou das atividades e pode ser utilizado em breve. Outro nome que se aproxima de voltar a campo \u00e9 o volante Luiz Gustavo, que superou uma fratura no p\u00e9 e deve ser relacionado para o jogo de estreia. A comiss\u00e3o t\u00e9cnica tem intensificado os treinos t\u00e9cnicos e f\u00edsicos, com foco na preven\u00e7\u00e3o de les\u00f5es e no entrosamento da equipe titular.<\/p>\n\n\n\n<p>Ainda aguardando os retornos de Nahuel Ferraresi e Dami\u00e1n Bobadilla, que est\u00e3o em compromissos com suas sele\u00e7\u00f5es, o Tricolor segue ajustando os \u00faltimos detalhes antes do in\u00edcio da principal competi\u00e7\u00e3o nacional. A inten\u00e7\u00e3o \u00e9 montar uma equipe equilibrada entre defesa e ataque, e a presen\u00e7a de jogadores como Calleri amplia as possibilidades de varia\u00e7\u00e3o t\u00e1tica. A expectativa \u00e9 de que o S\u00e3o Paulo estreie com for\u00e7a total sob o comando de seu novo treinador.<\/p>\n\n\n\n<h2 class=\"wp-block-heading\" id=\"h-oscar-faz-revelacao\">Oscar faz revela\u00e7\u00e3o<\/h2>\n\n\n\n<p>O meia Oscar, com passagem marcante por clubes do Brasil e da China, optou por retornar ao S\u00e3o Paulo com um objetivo claro: reconquistar seu espa\u00e7o na Sele\u00e7\u00e3o Brasileira. Em entrevista recente, ele explicou que a decis\u00e3o de vestir novamente a camisa tricolor n\u00e3o foi apenas motivada por fatores emocionais, mas tamb\u00e9m estrat\u00e9gicos. Para o jogador, estar em evid\u00eancia em um clube de grande express\u00e3o aumenta suas chances de ser lembrado pela comiss\u00e3o t\u00e9cnica da sele\u00e7\u00e3o nacional<strong><a href=\"https:\/\/www.gaveanews.com\/index.php\/2025\/03\/24\/oscar-revela-objetivo-por-ter-voltado-para-ao-sao-paulo\/\"> (leia a mat\u00e9ria completa).<\/a><\/strong><\/p>\n\n\n\n<figure class=\"wp-block-image size-full\"><img loading=\"lazy\" decoding=\"async\" width=\"762\" height=\"530\" src=\"http:\/\/www.gaveanews.com\/wp-content\/uploads\/Oscar-pelo-Sao-Paulo.webp\" alt=\"\" class=\"wp-image-213569\" srcset=\"https:\/\/www.gaveanews.com\/wp-content\/uploads\/Oscar-pelo-Sao-Paulo.webp 762w, https:\/\/www.gaveanews.com\/wp-content\/uploads\/Oscar-pelo-Sao-Paulo-300x209.webp 300w, https:\/\/www.gaveanews.com\/wp-content\/uploads\/Oscar-pelo-Sao-Paulo-604x420.webp 604w, https:\/\/www.gaveanews.com\/wp-content\/uploads\/Oscar-pelo-Sao-Paulo-640x445.webp 640w, https:\/\/www.gaveanews.com\/wp-content\/uploads\/Oscar-pelo-Sao-Paulo-681x474.webp 681w, https:\/\/www.gaveanews.com\/wp-content\/uploads\/Oscar-pelo-Sao-Paulo-100x70.webp 100w\" sizes=\"auto, (max-width: 762px) 100vw, 762px\" \/><figcaption class=\"wp-element-caption\">Oscar pelo S\u00e3o Paulo (Cr\u00e9dito: Rubens Chiri \/ S\u00e3o Paulo FC)\n\n<\/figcaption><\/figure>\n\n\n\n<p>Durante a conversa, Oscar revelou que chegou a receber uma proposta do Corinthians, mas optou pelo S\u00e3o Paulo por acreditar que o clube lhe proporcionaria mais visibilidade. Al\u00e9m disso, destacou sua boa rela\u00e7\u00e3o com Neymar, lembrando os momentos de entrosamento que tiveram na Sele\u00e7\u00e3o. O meia expressou o desejo de reeditar essa parceria em futuras convoca\u00e7\u00f5es, apostando em seu retorno ao Brasil como um passo importante para isso.<\/p>\n\n\n\n<p>Com o objetivo de voltar \u00e0 elite do futebol internacional, Oscar v\u00ea no S\u00e3o Paulo uma plataforma para recuperar seu protagonismo. A expectativa da diretoria e da torcida \u00e9 que sua experi\u00eancia e talento contribuam significativamente para a busca por t\u00edtulos na temporada. Seu retorno simboliza n\u00e3o apenas uma reaproxima\u00e7\u00e3o com o futebol brasileiro, mas uma tentativa concreta de escrever novos cap\u00edtulos com a camisa da Sele\u00e7\u00e3o.<\/p>\n","protected":false},"excerpt":{"rendered":"<p>Nas \u00faltimas horas, o foco das not\u00edcias sobre o S\u00e3o Paulo se concentram nos bastidores do clube, com destaques do dia a dia do time. Por conta deste contexto, leia abaixo um resumo preparado pela equipe do portal G\u00e1vea News para lhe manter muito bem informado! Publica\u00e7\u00e3o de Zetti No \u00faltimo domingo (23), Zetti, \u00eddolo [&hellip;]<\/p>\n","protected":false},"author":33,"featured_media":157734,"comment_status":"open","ping_status":"closed","sticky":false,"template":"","format":"standard","meta":{"footnotes":""},"categories":[151],"tags":[],"class_list":["post-246374","post","type-post","status-publish","format-standard","has-post-thumbnail","hentry","category-sao-paulo"],"yoast_head":"<!-- This site is optimized with the Yoast SEO Premium plugin v24.2 (Yoast SEO v26.9) - https:\/\/yoast.com\/product\/yoast-seo-premium-wordpress\/ -->\n<title>Oscar faz revela\u00e7\u00e3o, situa\u00e7\u00e3o de Calleri e publica\u00e7\u00e3o de Zetti: as \u00faltimas not\u00edcias do S\u00e3o Paulo<\/title>\n<meta name=\"robots\" content=\"index, follow, max-snippet:-1, max-image-preview:large, max-video-preview:-1\" \/>\n<link rel=\"canonical\" href=\"https:\/\/www.gaveanews.com\/index.php\/2025\/03\/29\/oscar-faz-revelacao-situacao-de-calleri-e-publicacao-de-zetti-as-ultimas-noticias-do-sao-paulo\/\" \/>\n<meta property=\"og:locale\" content=\"pt_BR\" \/>\n<meta property=\"og:type\" content=\"article\" \/>\n<meta property=\"og:title\" content=\"Oscar faz revela\u00e7\u00e3o, situa\u00e7\u00e3o de Calleri e publica\u00e7\u00e3o de Zetti: as \u00faltimas not\u00edcias do S\u00e3o Paulo\" \/>\n<meta property=\"og:description\" content=\"Nas \u00faltimas horas, o foco das not\u00edcias sobre o S\u00e3o Paulo se concentram nos bastidores do clube, com destaques do dia a dia do time. Por conta deste contexto, leia abaixo um resumo preparado pela equipe do portal G\u00e1vea News para lhe manter muito bem informado! Publica\u00e7\u00e3o de Zetti No \u00faltimo domingo (23), Zetti, \u00eddolo [&hellip;]\" \/>\n<meta property=\"og:url\" content=\"https:\/\/www.gaveanews.com\/index.php\/2025\/03\/29\/oscar-faz-revelacao-situacao-de-calleri-e-publicacao-de-zetti-as-ultimas-noticias-do-sao-paulo\/\" \/>\n<meta property=\"og:site_name\" content=\"G\u00e1vea News\" \/>\n<meta property=\"article:publisher\" content=\"https:\/\/facebook.com\/gaveaNews\/\" \/>\n<meta property=\"article:published_time\" content=\"2025-03-29T19:15:00+00:00\" \/>\n<meta property=\"og:image\" content=\"https:\/\/www.gaveanews.com\/wp-content\/uploads\/Elenco-do-Sao-Paulo.webp\" \/>\n\t<meta property=\"og:image:width\" content=\"1242\" \/>\n\t<meta property=\"og:image:height\" content=\"1235\" \/>\n\t<meta property=\"og:image:type\" content=\"image\/jpeg\" \/>\n<meta name=\"author\" content=\"Brenda Cezillo\" \/>\n<meta name=\"twitter:card\" content=\"summary_large_image\" \/>\n<meta name=\"twitter:label1\" content=\"Escrito por\" \/>\n\t<meta name=\"twitter:data1\" content=\"Brenda Cezillo\" \/>\n\t<meta name=\"twitter:label2\" content=\"Est. tempo de leitura\" \/>\n\t<meta name=\"twitter:data2\" content=\"5 minutos\" \/>\n<script type=\"application\/ld+json\" class=\"yoast-schema-graph\">{\"@context\":\"https:\/\/schema.org\",\"@graph\":[{\"@type\":\"NewsArticle\",\"@id\":\"https:\/\/www.gaveanews.com\/index.php\/2025\/03\/29\/oscar-faz-revelacao-situacao-de-calleri-e-publicacao-de-zetti-as-ultimas-noticias-do-sao-paulo\/#article\",\"isPartOf\":{\"@id\":\"https:\/\/www.gaveanews.com\/index.php\/2025\/03\/29\/oscar-faz-revelacao-situacao-de-calleri-e-publicacao-de-zetti-as-ultimas-noticias-do-sao-paulo\/\"},\"author\":{\"name\":\"Brenda Cezillo\",\"@id\":\"https:\/\/www.gaveanews.com\/#\/schema\/person\/c79759ca337c40791ae8d08e2923d403\"},\"headline\":\"Oscar faz revela\u00e7\u00e3o, situa\u00e7\u00e3o de Calleri e publica\u00e7\u00e3o de Zetti: as \u00faltimas not\u00edcias do S\u00e3o Paulo\",\"datePublished\":\"2025-03-29T19:15:00+00:00\",\"mainEntityOfPage\":{\"@id\":\"https:\/\/www.gaveanews.com\/index.php\/2025\/03\/29\/oscar-faz-revelacao-situacao-de-calleri-e-publicacao-de-zetti-as-ultimas-noticias-do-sao-paulo\/\"},\"wordCount\":860,\"commentCount\":0,\"image\":{\"@id\":\"https:\/\/www.gaveanews.com\/index.php\/2025\/03\/29\/oscar-faz-revelacao-situacao-de-calleri-e-publicacao-de-zetti-as-ultimas-noticias-do-sao-paulo\/#primaryimage\"},\"thumbnailUrl\":\"https:\/\/www.gaveanews.com\/wp-content\/uploads\/Elenco-do-Sao-Paulo.webp\",\"articleSection\":[\"S\u00e3o Paulo\"],\"inLanguage\":\"pt-BR\",\"potentialAction\":[{\"@type\":\"CommentAction\",\"name\":\"Comment\",\"target\":[\"https:\/\/www.gaveanews.com\/index.php\/2025\/03\/29\/oscar-faz-revelacao-situacao-de-calleri-e-publicacao-de-zetti-as-ultimas-noticias-do-sao-paulo\/#respond\"]}],\"copyrightYear\":\"2025\",\"copyrightHolder\":{\"@id\":\"https:\/\/www.gaveanews.com\/#organization\"}},{\"@type\":\"WebPage\",\"@id\":\"https:\/\/www.gaveanews.com\/index.php\/2025\/03\/29\/oscar-faz-revelacao-situacao-de-calleri-e-publicacao-de-zetti-as-ultimas-noticias-do-sao-paulo\/\",\"url\":\"https:\/\/www.gaveanews.com\/index.php\/2025\/03\/29\/oscar-faz-revelacao-situacao-de-calleri-e-publicacao-de-zetti-as-ultimas-noticias-do-sao-paulo\/\",\"name\":\"Oscar faz revela\u00e7\u00e3o, situa\u00e7\u00e3o de Calleri e publica\u00e7\u00e3o de Zetti: as \u00faltimas not\u00edcias do S\u00e3o Paulo\",\"isPartOf\":{\"@id\":\"https:\/\/www.gaveanews.com\/#website\"},\"primaryImageOfPage\":{\"@id\":\"https:\/\/www.gaveanews.com\/index.php\/2025\/03\/29\/oscar-faz-revelacao-situacao-de-calleri-e-publicacao-de-zetti-as-ultimas-noticias-do-sao-paulo\/#primaryimage\"},\"image\":{\"@id\":\"https:\/\/www.gaveanews.com\/index.php\/2025\/03\/29\/oscar-faz-revelacao-situacao-de-calleri-e-publicacao-de-zetti-as-ultimas-noticias-do-sao-paulo\/#primaryimage\"},\"thumbnailUrl\":\"https:\/\/www.gaveanews.com\/wp-content\/uploads\/Elenco-do-Sao-Paulo.webp\",\"datePublished\":\"2025-03-29T19:15:00+00:00\",\"author\":{\"@id\":\"https:\/\/www.gaveanews.com\/#\/schema\/person\/c79759ca337c40791ae8d08e2923d403\"},\"breadcrumb\":{\"@id\":\"https:\/\/www.gaveanews.com\/index.php\/2025\/03\/29\/oscar-faz-revelacao-situacao-de-calleri-e-publicacao-de-zetti-as-ultimas-noticias-do-sao-paulo\/#breadcrumb\"},\"inLanguage\":\"pt-BR\",\"potentialAction\":[{\"@type\":\"ReadAction\",\"target\":[\"https:\/\/www.gaveanews.com\/index.php\/2025\/03\/29\/oscar-faz-revelacao-situacao-de-calleri-e-publicacao-de-zetti-as-ultimas-noticias-do-sao-paulo\/\"]}]},{\"@type\":\"ImageObject\",\"inLanguage\":\"pt-BR\",\"@id\":\"https:\/\/www.gaveanews.com\/index.php\/2025\/03\/29\/oscar-faz-revelacao-situacao-de-calleri-e-publicacao-de-zetti-as-ultimas-noticias-do-sao-paulo\/#primaryimage\",\"url\":\"https:\/\/www.gaveanews.com\/wp-content\/uploads\/Elenco-do-Sao-Paulo.webp\",\"contentUrl\":\"https:\/\/www.gaveanews.com\/wp-content\/uploads\/Elenco-do-Sao-Paulo.webp\",\"width\":1242,\"height\":1235,\"caption\":\"Elenco do S\u00e3o Paulo (Foto: Reprodu\u00e7\u00e3o\/Instagram)\"},{\"@type\":\"BreadcrumbList\",\"@id\":\"https:\/\/www.gaveanews.com\/index.php\/2025\/03\/29\/oscar-faz-revelacao-situacao-de-calleri-e-publicacao-de-zetti-as-ultimas-noticias-do-sao-paulo\/#breadcrumb\",\"itemListElement\":[{\"@type\":\"ListItem\",\"position\":1,\"name\":\"Home\",\"item\":\"https:\/\/www.gaveanews.com\/\"},{\"@type\":\"ListItem\",\"position\":2,\"name\":\"Oscar faz revela\u00e7\u00e3o, situa\u00e7\u00e3o de Calleri e publica\u00e7\u00e3o de Zetti: as \u00faltimas not\u00edcias do S\u00e3o Paulo\"}]},{\"@type\":\"WebSite\",\"@id\":\"https:\/\/www.gaveanews.com\/#website\",\"url\":\"https:\/\/www.gaveanews.com\/\",\"name\":\"G\u00e1vea News\",\"description\":\"Veja todas as not\u00edcias sobre o Flamengo: Contrata\u00e7\u00f5es, categorias de base, resultados das partidas, tabela de classifica\u00e7\u00e3o, pr\u00f3ximos jogos!\",\"potentialAction\":[{\"@type\":\"SearchAction\",\"target\":{\"@type\":\"EntryPoint\",\"urlTemplate\":\"https:\/\/www.gaveanews.com\/?s={search_term_string}\"},\"query-input\":{\"@type\":\"PropertyValueSpecification\",\"valueRequired\":true,\"valueName\":\"search_term_string\"}}],\"inLanguage\":\"pt-BR\"},{\"@type\":\"Person\",\"@id\":\"https:\/\/www.gaveanews.com\/#\/schema\/person\/c79759ca337c40791ae8d08e2923d403\",\"name\":\"Brenda Cezillo\",\"image\":{\"@type\":\"ImageObject\",\"inLanguage\":\"pt-BR\",\"@id\":\"https:\/\/www.gaveanews.com\/#\/schema\/person\/image\/\",\"url\":\"https:\/\/secure.gravatar.com\/avatar\/1738d75cee7317f9c29ae61dd67620c5883d80a92e42a6fff88ae5d527af217a?s=96&d=mm&r=g\",\"contentUrl\":\"https:\/\/secure.gravatar.com\/avatar\/1738d75cee7317f9c29ae61dd67620c5883d80a92e42a6fff88ae5d527af217a?s=96&d=mm&r=g\",\"caption\":\"Brenda Cezillo\"}}]}<\/script>\n<!-- \/ Yoast SEO Premium plugin. -->","yoast_head_json":{"title":"Oscar faz revela\u00e7\u00e3o, situa\u00e7\u00e3o de Calleri e publica\u00e7\u00e3o de Zetti: as \u00faltimas not\u00edcias do S\u00e3o Paulo","robots":{"index":"index","follow":"follow","max-snippet":"max-snippet:-1","max-image-preview":"max-image-preview:large","max-video-preview":"max-video-preview:-1"},"canonical":"https:\/\/www.gaveanews.com\/index.php\/2025\/03\/29\/oscar-faz-revelacao-situacao-de-calleri-e-publicacao-de-zetti-as-ultimas-noticias-do-sao-paulo\/","og_locale":"pt_BR","og_type":"article","og_title":"Oscar faz revela\u00e7\u00e3o, situa\u00e7\u00e3o de Calleri e publica\u00e7\u00e3o de Zetti: as \u00faltimas not\u00edcias do S\u00e3o Paulo","og_description":"Nas \u00faltimas horas, o foco das not\u00edcias sobre o S\u00e3o Paulo se concentram nos bastidores do clube, com destaques do dia a dia do time. Por conta deste contexto, leia abaixo um resumo preparado pela equipe do portal G\u00e1vea News para lhe manter muito bem informado! Publica\u00e7\u00e3o de Zetti No \u00faltimo domingo (23), Zetti, \u00eddolo [&hellip;]","og_url":"https:\/\/www.gaveanews.com\/index.php\/2025\/03\/29\/oscar-faz-revelacao-situacao-de-calleri-e-publicacao-de-zetti-as-ultimas-noticias-do-sao-paulo\/","og_site_name":"G\u00e1vea News","article_publisher":"https:\/\/facebook.com\/gaveaNews\/","article_published_time":"2025-03-29T19:15:00+00:00","og_image":[{"width":1242,"height":1235,"url":"https:\/\/www.gaveanews.com\/wp-content\/uploads\/Elenco-do-Sao-Paulo.webp","type":"image\/jpeg"}],"author":"Brenda Cezillo","twitter_card":"summary_large_image","twitter_misc":{"Escrito por":"Brenda Cezillo","Est. tempo de leitura":"5 minutos"},"schema":{"@context":"https:\/\/schema.org","@graph":[{"@type":"NewsArticle","@id":"https:\/\/www.gaveanews.com\/index.php\/2025\/03\/29\/oscar-faz-revelacao-situacao-de-calleri-e-publicacao-de-zetti-as-ultimas-noticias-do-sao-paulo\/#article","isPartOf":{"@id":"https:\/\/www.gaveanews.com\/index.php\/2025\/03\/29\/oscar-faz-revelacao-situacao-de-calleri-e-publicacao-de-zetti-as-ultimas-noticias-do-sao-paulo\/"},"author":{"name":"Brenda Cezillo","@id":"https:\/\/www.gaveanews.com\/#\/schema\/person\/c79759ca337c40791ae8d08e2923d403"},"headline":"Oscar faz revela\u00e7\u00e3o, situa\u00e7\u00e3o de Calleri e publica\u00e7\u00e3o de Zetti: as \u00faltimas not\u00edcias do S\u00e3o Paulo","datePublished":"2025-03-29T19:15:00+00:00","mainEntityOfPage":{"@id":"https:\/\/www.gaveanews.com\/index.php\/2025\/03\/29\/oscar-faz-revelacao-situacao-de-calleri-e-publicacao-de-zetti-as-ultimas-noticias-do-sao-paulo\/"},"wordCount":860,"commentCount":0,"image":{"@id":"https:\/\/www.gaveanews.com\/index.php\/2025\/03\/29\/oscar-faz-revelacao-situacao-de-calleri-e-publicacao-de-zetti-as-ultimas-noticias-do-sao-paulo\/#primaryimage"},"thumbnailUrl":"https:\/\/www.gaveanews.com\/wp-content\/uploads\/Elenco-do-Sao-Paulo.webp","articleSection":["S\u00e3o Paulo"],"inLanguage":"pt-BR","potentialAction":[{"@type":"CommentAction","name":"Comment","target":["https:\/\/www.gaveanews.com\/index.php\/2025\/03\/29\/oscar-faz-revelacao-situacao-de-calleri-e-publicacao-de-zetti-as-ultimas-noticias-do-sao-paulo\/#respond"]}],"copyrightYear":"2025","copyrightHolder":{"@id":"https:\/\/www.gaveanews.com\/#organization"}},{"@type":"WebPage","@id":"https:\/\/www.gaveanews.com\/index.php\/2025\/03\/29\/oscar-faz-revelacao-situacao-de-calleri-e-publicacao-de-zetti-as-ultimas-noticias-do-sao-paulo\/","url":"https:\/\/www.gaveanews.com\/index.php\/2025\/03\/29\/oscar-faz-revelacao-situacao-de-calleri-e-publicacao-de-zetti-as-ultimas-noticias-do-sao-paulo\/","name":"Oscar faz revela\u00e7\u00e3o, situa\u00e7\u00e3o de Calleri e publica\u00e7\u00e3o de Zetti: as \u00faltimas not\u00edcias do S\u00e3o Paulo","isPartOf":{"@id":"https:\/\/www.gaveanews.com\/#website"},"primaryImageOfPage":{"@id":"https:\/\/www.gaveanews.com\/index.php\/2025\/03\/29\/oscar-faz-revelacao-situacao-de-calleri-e-publicacao-de-zetti-as-ultimas-noticias-do-sao-paulo\/#primaryimage"},"image":{"@id":"https:\/\/www.gaveanews.com\/index.php\/2025\/03\/29\/oscar-faz-revelacao-situacao-de-calleri-e-publicacao-de-zetti-as-ultimas-noticias-do-sao-paulo\/#primaryimage"},"thumbnailUrl":"https:\/\/www.gaveanews.com\/wp-content\/uploads\/Elenco-do-Sao-Paulo.webp","datePublished":"2025-03-29T19:15:00+00:00","author":{"@id":"https:\/\/www.gaveanews.com\/#\/schema\/person\/c79759ca337c40791ae8d08e2923d403"},"breadcrumb":{"@id":"https:\/\/www.gaveanews.com\/index.php\/2025\/03\/29\/oscar-faz-revelacao-situacao-de-calleri-e-publicacao-de-zetti-as-ultimas-noticias-do-sao-paulo\/#breadcrumb"},"inLanguage":"pt-BR","potentialAction":[{"@type":"ReadAction","target":["https:\/\/www.gaveanews.com\/index.php\/2025\/03\/29\/oscar-faz-revelacao-situacao-de-calleri-e-publicacao-de-zetti-as-ultimas-noticias-do-sao-paulo\/"]}]},{"@type":"ImageObject","inLanguage":"pt-BR","@id":"https:\/\/www.gaveanews.com\/index.php\/2025\/03\/29\/oscar-faz-revelacao-situacao-de-calleri-e-publicacao-de-zetti-as-ultimas-noticias-do-sao-paulo\/#primaryimage","url":"https:\/\/www.gaveanews.com\/wp-content\/uploads\/Elenco-do-Sao-Paulo.webp","contentUrl":"https:\/\/www.gaveanews.com\/wp-content\/uploads\/Elenco-do-Sao-Paulo.webp","width":1242,"height":1235,"caption":"Elenco do S\u00e3o Paulo (Foto: Reprodu\u00e7\u00e3o\/Instagram)"},{"@type":"BreadcrumbList","@id":"https:\/\/www.gaveanews.com\/index.php\/2025\/03\/29\/oscar-faz-revelacao-situacao-de-calleri-e-publicacao-de-zetti-as-ultimas-noticias-do-sao-paulo\/#breadcrumb","itemListElement":[{"@type":"ListItem","position":1,"name":"Home","item":"https:\/\/www.gaveanews.com\/"},{"@type":"ListItem","position":2,"name":"Oscar faz revela\u00e7\u00e3o, situa\u00e7\u00e3o de Calleri e publica\u00e7\u00e3o de Zetti: as \u00faltimas not\u00edcias do S\u00e3o Paulo"}]},{"@type":"WebSite","@id":"https:\/\/www.gaveanews.com\/#website","url":"https:\/\/www.gaveanews.com\/","name":"G\u00e1vea News","description":"Veja todas as not\u00edcias sobre o Flamengo: Contrata\u00e7\u00f5es, categorias de base, resultados das partidas, tabela de classifica\u00e7\u00e3o, pr\u00f3ximos jogos!","potentialAction":[{"@type":"SearchAction","target":{"@type":"EntryPoint","urlTemplate":"https:\/\/www.gaveanews.com\/?s={search_term_string}"},"query-input":{"@type":"PropertyValueSpecification","valueRequired":true,"valueName":"search_term_string"}}],"inLanguage":"pt-BR"},{"@type":"Person","@id":"https:\/\/www.gaveanews.com\/#\/schema\/person\/c79759ca337c40791ae8d08e2923d403","name":"Brenda Cezillo","image":{"@type":"ImageObject","inLanguage":"pt-BR","@id":"https:\/\/www.gaveanews.com\/#\/schema\/person\/image\/","url":"https:\/\/secure.gravatar.com\/avatar\/1738d75cee7317f9c29ae61dd67620c5883d80a92e42a6fff88ae5d527af217a?s=96&d=mm&r=g","contentUrl":"https:\/\/secure.gravatar.com\/avatar\/1738d75cee7317f9c29ae61dd67620c5883d80a92e42a6fff88ae5d527af217a?s=96&d=mm&r=g","caption":"Brenda Cezillo"}}]}},"_links":{"self":[{"href":"https:\/\/www.gaveanews.com\/index.php\/wp-json\/wp\/v2\/posts\/246374","targetHints":{"allow":["GET"]}}],"collection":[{"href":"https:\/\/www.gaveanews.com\/index.php\/wp-json\/wp\/v2\/posts"}],"about":[{"href":"https:\/\/www.gaveanews.com\/index.php\/wp-json\/wp\/v2\/types\/post"}],"author":[{"embeddable":true,"href":"https:\/\/www.gaveanews.com\/index.php\/wp-json\/wp\/v2\/users\/33"}],"replies":[{"embeddable":true,"href":"https:\/\/www.gaveanews.com\/index.php\/wp-json\/wp\/v2\/comments?post=246374"}],"version-history":[{"count":1,"href":"https:\/\/www.gaveanews.com\/index.php\/wp-json\/wp\/v2\/posts\/246374\/revisions"}],"predecessor-version":[{"id":246409,"href":"https:\/\/www.gaveanews.com\/index.php\/wp-json\/wp\/v2\/posts\/246374\/revisions\/246409"}],"wp:featuredmedia":[{"embeddable":true,"href":"https:\/\/www.gaveanews.com\/index.php\/wp-json\/wp\/v2\/media\/157734"}],"wp:attachment":[{"href":"https:\/\/www.gaveanews.com\/index.php\/wp-json\/wp\/v2\/media?parent=246374"}],"wp:term":[{"taxonomy":"category","embeddable":true,"href":"https:\/\/www.gaveanews.com\/index.php\/wp-json\/wp\/v2\/categories?post=246374"},{"taxonomy":"post_tag","embeddable":true,"href":"https:\/\/www.gaveanews.com\/index.php\/wp-json\/wp\/v2\/tags?post=246374"}],"curies":[{"name":"wp","href":"https:\/\/api.w.org\/{rel}","templated":true}]}}