{"id":246378,"date":"2025-03-29T18:15:00","date_gmt":"2025-03-29T21:15:00","guid":{"rendered":"https:\/\/www.gaveanews.com\/?p=246378"},"modified":"2025-03-29T15:38:34","modified_gmt":"2025-03-29T18:38:34","slug":"a-declaracao-de-milly-lacombe-sobre-o-trabalho-de-rogerio-ceni-no-bahia","status":"publish","type":"post","link":"https:\/\/www.gaveanews.com\/index.php\/2025\/03\/29\/a-declaracao-de-milly-lacombe-sobre-o-trabalho-de-rogerio-ceni-no-bahia\/","title":{"rendered":"A declara\u00e7\u00e3o de Milly Lacombe sobre o trabalho de Rog\u00e9rio Ceni no Bahia"},"content":{"rendered":"\n<h2 class=\"wp-block-heading\" id=\"h-o-trabalho-dele-e-um-sucesso\">&#8220;O trabalho dele \u00e9 um sucesso&#8221;<\/h2>\n\n\n\n<p>Ap\u00f3s conquistar seu primeiro t\u00edtulo no comando t\u00e9cnico do Bahia, Rog\u00e9rio Ceni foi elogiado por alguns jornalistas. Milly Lacombe, do UOL, foi uma das profissionais da imprensa que analisou e opinou sobre o trabalho do treinador no Esquadr\u00e3o. <\/p>\n\n\n\n<p>Milly Lacombe analisou o trabalho at\u00e9 aqui do t\u00e9cnico Rog\u00e9rio Ceni e comentou sobre a SAF (Sociedade An\u00f4nima do Futebol) do Bahia. Para ela, clubes que s\u00e3o empresas possuem objetivos diferentes e que &#8220;n\u00e3o necessariamente \u00e9 ganhar&#8221;. <\/p>\n\n\n\n<p>&#8220;Nessas SAF, os objetivos n\u00e3o s\u00e3o necessariamente ganhar, \u00e9 classificar para Libertadores, \u00e9 chegar at\u00e9 quinto no campeonato, s\u00e3o objetivos diferentes do que a gente imagina. Ent\u00e3o o trabalho dele l\u00e1, sob esse aspecto, \u00e9 um sucesso&#8221;, iniciou. <\/p>\n\n\n\n<p>O Bahia venceu o estadual nesta temporada em cima do rival Vit\u00f3ria. Na ida disputada na Arena Fonte Nova, o Esquadr\u00e3o venceu por 2 a 0, tendo uma grande atua\u00e7\u00e3o. No Barrad\u00e3o, na segunda partida, um empate por 1 a 1 deu o t\u00edtulo ao Tricolor de A\u00e7o, que teve um desempenho abaixo do que no primeiro jogo, como a jornalista citou. <\/p>\n\n\n\n<p>Al\u00e9m de ter comparado as atua\u00e7\u00f5es do Bahia no primeiro e no segundo jogo, Milly falou sobre manter o treinador no cargo mesmo em meio \u00e0 tempestades e chegou a citar Vojvoda, do Fortaleza, como um exemplo dessa situa\u00e7\u00e3o. <\/p>\n\n\n\n<p>&#8220;O Bahia jogou muito no primeiro jogo, esse jogo agora foi ruim, mas o Bahia jogou muito no primeiro jogo, sobrou para cima do Vit\u00f3ria. Ent\u00e3o, coroa um trabalho longevo. A gente n\u00e3o est\u00e1 mesmo acostumado com esse trabalho, mas talvez a gente tenha que se acostumar&#8221;, disse, continuando: <\/p>\n\n\n\n<p>&#8220;A mesma coisa o Vojvoda, que perdeu o estadual agora com Fortaleza. Est\u00e1 numa fase dif\u00edcil com Fortaleza, mas j\u00e1 passou por outras fases dif\u00edceis e ficou. Ent\u00e3o, talvez esse seja o caminho, sabe? Eu gosto dessa ideia do planejamento e voc\u00ea mant\u00e9m, mesmo durante tempestades&#8221;, finalizou Milly Lacombe. <\/p>\n","protected":false},"excerpt":{"rendered":"<p>&#8220;O trabalho dele \u00e9 um sucesso&#8221; Ap\u00f3s conquistar seu primeiro t\u00edtulo no comando t\u00e9cnico do Bahia, Rog\u00e9rio Ceni foi elogiado por alguns jornalistas. Milly Lacombe, do UOL, foi uma das profissionais da imprensa que analisou e opinou sobre o trabalho do treinador no Esquadr\u00e3o. Milly Lacombe analisou o trabalho at\u00e9 aqui do t\u00e9cnico Rog\u00e9rio Ceni [&hellip;]<\/p>\n","protected":false},"author":21,"featured_media":148395,"comment_status":"open","ping_status":"closed","sticky":false,"template":"","format":"standard","meta":{"footnotes":""},"categories":[137],"tags":[],"class_list":["post-246378","post","type-post","status-publish","format-standard","has-post-thumbnail","hentry","category-bahia"],"yoast_head":"<!-- This site is optimized with the Yoast SEO Premium plugin v24.2 (Yoast SEO v26.9) - https:\/\/yoast.com\/product\/yoast-seo-premium-wordpress\/ -->\n<title>A declara\u00e7\u00e3o de Milly Lacombe sobre o trabalho de Rog\u00e9rio Ceni no Bahia<\/title>\n<meta name=\"robots\" content=\"index, follow, max-snippet:-1, max-image-preview:large, max-video-preview:-1\" \/>\n<link rel=\"canonical\" href=\"https:\/\/www.gaveanews.com\/index.php\/2025\/03\/29\/a-declaracao-de-milly-lacombe-sobre-o-trabalho-de-rogerio-ceni-no-bahia\/\" \/>\n<meta property=\"og:locale\" content=\"pt_BR\" \/>\n<meta property=\"og:type\" content=\"article\" \/>\n<meta property=\"og:title\" content=\"A declara\u00e7\u00e3o de Milly Lacombe sobre o trabalho de Rog\u00e9rio Ceni no Bahia\" \/>\n<meta property=\"og:description\" content=\"&#8220;O trabalho dele \u00e9 um sucesso&#8221; Ap\u00f3s conquistar seu primeiro t\u00edtulo no comando t\u00e9cnico do Bahia, Rog\u00e9rio Ceni foi elogiado por alguns jornalistas. Milly Lacombe, do UOL, foi uma das profissionais da imprensa que analisou e opinou sobre o trabalho do treinador no Esquadr\u00e3o. Milly Lacombe analisou o trabalho at\u00e9 aqui do t\u00e9cnico Rog\u00e9rio Ceni [&hellip;]\" \/>\n<meta property=\"og:url\" content=\"https:\/\/www.gaveanews.com\/index.php\/2025\/03\/29\/a-declaracao-de-milly-lacombe-sobre-o-trabalho-de-rogerio-ceni-no-bahia\/\" \/>\n<meta property=\"og:site_name\" content=\"G\u00e1vea News\" \/>\n<meta property=\"article:publisher\" content=\"https:\/\/facebook.com\/gaveaNews\/\" \/>\n<meta property=\"article:published_time\" content=\"2025-03-29T21:15:00+00:00\" \/>\n<meta property=\"og:image\" content=\"https:\/\/www.gaveanews.com\/wp-content\/uploads\/rogerio-ceni-bahia.webp\" \/>\n\t<meta property=\"og:image:width\" content=\"984\" \/>\n\t<meta property=\"og:image:height\" content=\"656\" \/>\n\t<meta property=\"og:image:type\" content=\"image\/webp\" \/>\n<meta name=\"author\" content=\"Andr\u00e9 Serra\" \/>\n<meta name=\"twitter:card\" content=\"summary_large_image\" \/>\n<meta name=\"twitter:label1\" content=\"Escrito por\" \/>\n\t<meta name=\"twitter:data1\" content=\"Andr\u00e9 Serra\" \/>\n\t<meta name=\"twitter:label2\" content=\"Est. tempo de leitura\" \/>\n\t<meta name=\"twitter:data2\" content=\"2 minutos\" \/>\n<script type=\"application\/ld+json\" class=\"yoast-schema-graph\">{\"@context\":\"https:\/\/schema.org\",\"@graph\":[{\"@type\":\"NewsArticle\",\"@id\":\"https:\/\/www.gaveanews.com\/index.php\/2025\/03\/29\/a-declaracao-de-milly-lacombe-sobre-o-trabalho-de-rogerio-ceni-no-bahia\/#article\",\"isPartOf\":{\"@id\":\"https:\/\/www.gaveanews.com\/index.php\/2025\/03\/29\/a-declaracao-de-milly-lacombe-sobre-o-trabalho-de-rogerio-ceni-no-bahia\/\"},\"author\":{\"name\":\"Andr\u00e9 Serra\",\"@id\":\"https:\/\/www.gaveanews.com\/#\/schema\/person\/0277a79a1289c451c281ec0411d84f0c\"},\"headline\":\"A declara\u00e7\u00e3o de Milly Lacombe sobre o trabalho de Rog\u00e9rio Ceni no Bahia\",\"datePublished\":\"2025-03-29T21:15:00+00:00\",\"mainEntityOfPage\":{\"@id\":\"https:\/\/www.gaveanews.com\/index.php\/2025\/03\/29\/a-declaracao-de-milly-lacombe-sobre-o-trabalho-de-rogerio-ceni-no-bahia\/\"},\"wordCount\":353,\"commentCount\":0,\"image\":{\"@id\":\"https:\/\/www.gaveanews.com\/index.php\/2025\/03\/29\/a-declaracao-de-milly-lacombe-sobre-o-trabalho-de-rogerio-ceni-no-bahia\/#primaryimage\"},\"thumbnailUrl\":\"https:\/\/www.gaveanews.com\/wp-content\/uploads\/rogerio-ceni-bahia.webp\",\"articleSection\":[\"Bahia\"],\"inLanguage\":\"pt-BR\",\"potentialAction\":[{\"@type\":\"CommentAction\",\"name\":\"Comment\",\"target\":[\"https:\/\/www.gaveanews.com\/index.php\/2025\/03\/29\/a-declaracao-de-milly-lacombe-sobre-o-trabalho-de-rogerio-ceni-no-bahia\/#respond\"]}],\"copyrightYear\":\"2025\",\"copyrightHolder\":{\"@id\":\"https:\/\/www.gaveanews.com\/#organization\"}},{\"@type\":\"WebPage\",\"@id\":\"https:\/\/www.gaveanews.com\/index.php\/2025\/03\/29\/a-declaracao-de-milly-lacombe-sobre-o-trabalho-de-rogerio-ceni-no-bahia\/\",\"url\":\"https:\/\/www.gaveanews.com\/index.php\/2025\/03\/29\/a-declaracao-de-milly-lacombe-sobre-o-trabalho-de-rogerio-ceni-no-bahia\/\",\"name\":\"A declara\u00e7\u00e3o de Milly Lacombe sobre o trabalho de Rog\u00e9rio Ceni no Bahia\",\"isPartOf\":{\"@id\":\"https:\/\/www.gaveanews.com\/#website\"},\"primaryImageOfPage\":{\"@id\":\"https:\/\/www.gaveanews.com\/index.php\/2025\/03\/29\/a-declaracao-de-milly-lacombe-sobre-o-trabalho-de-rogerio-ceni-no-bahia\/#primaryimage\"},\"image\":{\"@id\":\"https:\/\/www.gaveanews.com\/index.php\/2025\/03\/29\/a-declaracao-de-milly-lacombe-sobre-o-trabalho-de-rogerio-ceni-no-bahia\/#primaryimage\"},\"thumbnailUrl\":\"https:\/\/www.gaveanews.com\/wp-content\/uploads\/rogerio-ceni-bahia.webp\",\"datePublished\":\"2025-03-29T21:15:00+00:00\",\"author\":{\"@id\":\"https:\/\/www.gaveanews.com\/#\/schema\/person\/0277a79a1289c451c281ec0411d84f0c\"},\"breadcrumb\":{\"@id\":\"https:\/\/www.gaveanews.com\/index.php\/2025\/03\/29\/a-declaracao-de-milly-lacombe-sobre-o-trabalho-de-rogerio-ceni-no-bahia\/#breadcrumb\"},\"inLanguage\":\"pt-BR\",\"potentialAction\":[{\"@type\":\"ReadAction\",\"target\":[\"https:\/\/www.gaveanews.com\/index.php\/2025\/03\/29\/a-declaracao-de-milly-lacombe-sobre-o-trabalho-de-rogerio-ceni-no-bahia\/\"]}]},{\"@type\":\"ImageObject\",\"inLanguage\":\"pt-BR\",\"@id\":\"https:\/\/www.gaveanews.com\/index.php\/2025\/03\/29\/a-declaracao-de-milly-lacombe-sobre-o-trabalho-de-rogerio-ceni-no-bahia\/#primaryimage\",\"url\":\"https:\/\/www.gaveanews.com\/wp-content\/uploads\/rogerio-ceni-bahia.webp\",\"contentUrl\":\"https:\/\/www.gaveanews.com\/wp-content\/uploads\/rogerio-ceni-bahia.webp\",\"width\":984,\"height\":656,\"caption\":\"Rog\u00e9rio Ceni comanda treino do Bahia (Foto: Felipe Oliveira\/EC Bahia)\"},{\"@type\":\"BreadcrumbList\",\"@id\":\"https:\/\/www.gaveanews.com\/index.php\/2025\/03\/29\/a-declaracao-de-milly-lacombe-sobre-o-trabalho-de-rogerio-ceni-no-bahia\/#breadcrumb\",\"itemListElement\":[{\"@type\":\"ListItem\",\"position\":1,\"name\":\"Home\",\"item\":\"https:\/\/www.gaveanews.com\/\"},{\"@type\":\"ListItem\",\"position\":2,\"name\":\"A declara\u00e7\u00e3o de Milly Lacombe sobre o trabalho de Rog\u00e9rio Ceni no Bahia\"}]},{\"@type\":\"WebSite\",\"@id\":\"https:\/\/www.gaveanews.com\/#website\",\"url\":\"https:\/\/www.gaveanews.com\/\",\"name\":\"G\u00e1vea News\",\"description\":\"Veja todas as not\u00edcias sobre o Flamengo: Contrata\u00e7\u00f5es, categorias de base, resultados das partidas, tabela de classifica\u00e7\u00e3o, pr\u00f3ximos jogos!\",\"potentialAction\":[{\"@type\":\"SearchAction\",\"target\":{\"@type\":\"EntryPoint\",\"urlTemplate\":\"https:\/\/www.gaveanews.com\/?s={search_term_string}\"},\"query-input\":{\"@type\":\"PropertyValueSpecification\",\"valueRequired\":true,\"valueName\":\"search_term_string\"}}],\"inLanguage\":\"pt-BR\"},{\"@type\":\"Person\",\"@id\":\"https:\/\/www.gaveanews.com\/#\/schema\/person\/0277a79a1289c451c281ec0411d84f0c\",\"name\":\"Andr\u00e9 Serra\",\"image\":{\"@type\":\"ImageObject\",\"inLanguage\":\"pt-BR\",\"@id\":\"https:\/\/www.gaveanews.com\/#\/schema\/person\/image\/\",\"url\":\"https:\/\/secure.gravatar.com\/avatar\/d7231369fe48db93292b3e88eb2162dbd9a34a47a8437d9ef3bcaca2a86a83d7?s=96&d=mm&r=g\",\"contentUrl\":\"https:\/\/secure.gravatar.com\/avatar\/d7231369fe48db93292b3e88eb2162dbd9a34a47a8437d9ef3bcaca2a86a83d7?s=96&d=mm&r=g\",\"caption\":\"Andr\u00e9 Serra\"}}]}<\/script>\n<!-- \/ Yoast SEO Premium plugin. -->","yoast_head_json":{"title":"A declara\u00e7\u00e3o de Milly Lacombe sobre o trabalho de Rog\u00e9rio Ceni no Bahia","robots":{"index":"index","follow":"follow","max-snippet":"max-snippet:-1","max-image-preview":"max-image-preview:large","max-video-preview":"max-video-preview:-1"},"canonical":"https:\/\/www.gaveanews.com\/index.php\/2025\/03\/29\/a-declaracao-de-milly-lacombe-sobre-o-trabalho-de-rogerio-ceni-no-bahia\/","og_locale":"pt_BR","og_type":"article","og_title":"A declara\u00e7\u00e3o de Milly Lacombe sobre o trabalho de Rog\u00e9rio Ceni no Bahia","og_description":"&#8220;O trabalho dele \u00e9 um sucesso&#8221; Ap\u00f3s conquistar seu primeiro t\u00edtulo no comando t\u00e9cnico do Bahia, Rog\u00e9rio Ceni foi elogiado por alguns jornalistas. Milly Lacombe, do UOL, foi uma das profissionais da imprensa que analisou e opinou sobre o trabalho do treinador no Esquadr\u00e3o. Milly Lacombe analisou o trabalho at\u00e9 aqui do t\u00e9cnico Rog\u00e9rio Ceni [&hellip;]","og_url":"https:\/\/www.gaveanews.com\/index.php\/2025\/03\/29\/a-declaracao-de-milly-lacombe-sobre-o-trabalho-de-rogerio-ceni-no-bahia\/","og_site_name":"G\u00e1vea News","article_publisher":"https:\/\/facebook.com\/gaveaNews\/","article_published_time":"2025-03-29T21:15:00+00:00","og_image":[{"width":984,"height":656,"url":"https:\/\/www.gaveanews.com\/wp-content\/uploads\/rogerio-ceni-bahia.webp","type":"image\/webp"}],"author":"Andr\u00e9 Serra","twitter_card":"summary_large_image","twitter_misc":{"Escrito por":"Andr\u00e9 Serra","Est. tempo de leitura":"2 minutos"},"schema":{"@context":"https:\/\/schema.org","@graph":[{"@type":"NewsArticle","@id":"https:\/\/www.gaveanews.com\/index.php\/2025\/03\/29\/a-declaracao-de-milly-lacombe-sobre-o-trabalho-de-rogerio-ceni-no-bahia\/#article","isPartOf":{"@id":"https:\/\/www.gaveanews.com\/index.php\/2025\/03\/29\/a-declaracao-de-milly-lacombe-sobre-o-trabalho-de-rogerio-ceni-no-bahia\/"},"author":{"name":"Andr\u00e9 Serra","@id":"https:\/\/www.gaveanews.com\/#\/schema\/person\/0277a79a1289c451c281ec0411d84f0c"},"headline":"A declara\u00e7\u00e3o de Milly Lacombe sobre o trabalho de Rog\u00e9rio Ceni no Bahia","datePublished":"2025-03-29T21:15:00+00:00","mainEntityOfPage":{"@id":"https:\/\/www.gaveanews.com\/index.php\/2025\/03\/29\/a-declaracao-de-milly-lacombe-sobre-o-trabalho-de-rogerio-ceni-no-bahia\/"},"wordCount":353,"commentCount":0,"image":{"@id":"https:\/\/www.gaveanews.com\/index.php\/2025\/03\/29\/a-declaracao-de-milly-lacombe-sobre-o-trabalho-de-rogerio-ceni-no-bahia\/#primaryimage"},"thumbnailUrl":"https:\/\/www.gaveanews.com\/wp-content\/uploads\/rogerio-ceni-bahia.webp","articleSection":["Bahia"],"inLanguage":"pt-BR","potentialAction":[{"@type":"CommentAction","name":"Comment","target":["https:\/\/www.gaveanews.com\/index.php\/2025\/03\/29\/a-declaracao-de-milly-lacombe-sobre-o-trabalho-de-rogerio-ceni-no-bahia\/#respond"]}],"copyrightYear":"2025","copyrightHolder":{"@id":"https:\/\/www.gaveanews.com\/#organization"}},{"@type":"WebPage","@id":"https:\/\/www.gaveanews.com\/index.php\/2025\/03\/29\/a-declaracao-de-milly-lacombe-sobre-o-trabalho-de-rogerio-ceni-no-bahia\/","url":"https:\/\/www.gaveanews.com\/index.php\/2025\/03\/29\/a-declaracao-de-milly-lacombe-sobre-o-trabalho-de-rogerio-ceni-no-bahia\/","name":"A declara\u00e7\u00e3o de Milly Lacombe sobre o trabalho de Rog\u00e9rio Ceni no Bahia","isPartOf":{"@id":"https:\/\/www.gaveanews.com\/#website"},"primaryImageOfPage":{"@id":"https:\/\/www.gaveanews.com\/index.php\/2025\/03\/29\/a-declaracao-de-milly-lacombe-sobre-o-trabalho-de-rogerio-ceni-no-bahia\/#primaryimage"},"image":{"@id":"https:\/\/www.gaveanews.com\/index.php\/2025\/03\/29\/a-declaracao-de-milly-lacombe-sobre-o-trabalho-de-rogerio-ceni-no-bahia\/#primaryimage"},"thumbnailUrl":"https:\/\/www.gaveanews.com\/wp-content\/uploads\/rogerio-ceni-bahia.webp","datePublished":"2025-03-29T21:15:00+00:00","author":{"@id":"https:\/\/www.gaveanews.com\/#\/schema\/person\/0277a79a1289c451c281ec0411d84f0c"},"breadcrumb":{"@id":"https:\/\/www.gaveanews.com\/index.php\/2025\/03\/29\/a-declaracao-de-milly-lacombe-sobre-o-trabalho-de-rogerio-ceni-no-bahia\/#breadcrumb"},"inLanguage":"pt-BR","potentialAction":[{"@type":"ReadAction","target":["https:\/\/www.gaveanews.com\/index.php\/2025\/03\/29\/a-declaracao-de-milly-lacombe-sobre-o-trabalho-de-rogerio-ceni-no-bahia\/"]}]},{"@type":"ImageObject","inLanguage":"pt-BR","@id":"https:\/\/www.gaveanews.com\/index.php\/2025\/03\/29\/a-declaracao-de-milly-lacombe-sobre-o-trabalho-de-rogerio-ceni-no-bahia\/#primaryimage","url":"https:\/\/www.gaveanews.com\/wp-content\/uploads\/rogerio-ceni-bahia.webp","contentUrl":"https:\/\/www.gaveanews.com\/wp-content\/uploads\/rogerio-ceni-bahia.webp","width":984,"height":656,"caption":"Rog\u00e9rio Ceni comanda treino do Bahia (Foto: Felipe Oliveira\/EC Bahia)"},{"@type":"BreadcrumbList","@id":"https:\/\/www.gaveanews.com\/index.php\/2025\/03\/29\/a-declaracao-de-milly-lacombe-sobre-o-trabalho-de-rogerio-ceni-no-bahia\/#breadcrumb","itemListElement":[{"@type":"ListItem","position":1,"name":"Home","item":"https:\/\/www.gaveanews.com\/"},{"@type":"ListItem","position":2,"name":"A declara\u00e7\u00e3o de Milly Lacombe sobre o trabalho de Rog\u00e9rio Ceni no Bahia"}]},{"@type":"WebSite","@id":"https:\/\/www.gaveanews.com\/#website","url":"https:\/\/www.gaveanews.com\/","name":"G\u00e1vea News","description":"Veja todas as not\u00edcias sobre o Flamengo: Contrata\u00e7\u00f5es, categorias de base, resultados das partidas, tabela de classifica\u00e7\u00e3o, pr\u00f3ximos jogos!","potentialAction":[{"@type":"SearchAction","target":{"@type":"EntryPoint","urlTemplate":"https:\/\/www.gaveanews.com\/?s={search_term_string}"},"query-input":{"@type":"PropertyValueSpecification","valueRequired":true,"valueName":"search_term_string"}}],"inLanguage":"pt-BR"},{"@type":"Person","@id":"https:\/\/www.gaveanews.com\/#\/schema\/person\/0277a79a1289c451c281ec0411d84f0c","name":"Andr\u00e9 Serra","image":{"@type":"ImageObject","inLanguage":"pt-BR","@id":"https:\/\/www.gaveanews.com\/#\/schema\/person\/image\/","url":"https:\/\/secure.gravatar.com\/avatar\/d7231369fe48db93292b3e88eb2162dbd9a34a47a8437d9ef3bcaca2a86a83d7?s=96&d=mm&r=g","contentUrl":"https:\/\/secure.gravatar.com\/avatar\/d7231369fe48db93292b3e88eb2162dbd9a34a47a8437d9ef3bcaca2a86a83d7?s=96&d=mm&r=g","caption":"Andr\u00e9 Serra"}}]}},"_links":{"self":[{"href":"https:\/\/www.gaveanews.com\/index.php\/wp-json\/wp\/v2\/posts\/246378","targetHints":{"allow":["GET"]}}],"collection":[{"href":"https:\/\/www.gaveanews.com\/index.php\/wp-json\/wp\/v2\/posts"}],"about":[{"href":"https:\/\/www.gaveanews.com\/index.php\/wp-json\/wp\/v2\/types\/post"}],"author":[{"embeddable":true,"href":"https:\/\/www.gaveanews.com\/index.php\/wp-json\/wp\/v2\/users\/21"}],"replies":[{"embeddable":true,"href":"https:\/\/www.gaveanews.com\/index.php\/wp-json\/wp\/v2\/comments?post=246378"}],"version-history":[{"count":1,"href":"https:\/\/www.gaveanews.com\/index.php\/wp-json\/wp\/v2\/posts\/246378\/revisions"}],"predecessor-version":[{"id":246392,"href":"https:\/\/www.gaveanews.com\/index.php\/wp-json\/wp\/v2\/posts\/246378\/revisions\/246392"}],"wp:featuredmedia":[{"embeddable":true,"href":"https:\/\/www.gaveanews.com\/index.php\/wp-json\/wp\/v2\/media\/148395"}],"wp:attachment":[{"href":"https:\/\/www.gaveanews.com\/index.php\/wp-json\/wp\/v2\/media?parent=246378"}],"wp:term":[{"taxonomy":"category","embeddable":true,"href":"https:\/\/www.gaveanews.com\/index.php\/wp-json\/wp\/v2\/categories?post=246378"},{"taxonomy":"post_tag","embeddable":true,"href":"https:\/\/www.gaveanews.com\/index.php\/wp-json\/wp\/v2\/tags?post=246378"}],"curies":[{"name":"wp","href":"https:\/\/api.w.org\/{rel}","templated":true}]}}