{"id":246381,"date":"2025-03-29T14:40:00","date_gmt":"2025-03-29T17:40:00","guid":{"rendered":"https:\/\/www.gaveanews.com\/?p=246381"},"modified":"2025-03-29T14:16:02","modified_gmt":"2025-03-29T17:16:02","slug":"anibal-moreno-emiliano-martinez-estevao-flaco-lopez-gustavo-gomez-mauricio-murilo-paulinho-piquerez-raphael-veiga-richard-rios-vitor-roque-e-weverton-os-jogadores-inscritos-pelo-palmeiras","status":"publish","type":"post","link":"https:\/\/www.gaveanews.com\/index.php\/2025\/03\/29\/anibal-moreno-emiliano-martinez-estevao-flaco-lopez-gustavo-gomez-mauricio-murilo-paulinho-piquerez-raphael-veiga-richard-rios-vitor-roque-e-weverton-os-jogadores-inscritos-pelo-palmeiras\/","title":{"rendered":"An\u00edbal Moreno, Emiliano Mart\u00ednez, Est\u00eav\u00e3o, Flaco L\u00f3pez, Gustavo G\u00f3mez, Mauricio, Murilo, Paulinho, Piquerez, Raphael Veiga, Richard R\u00edos, Vitor Roque e Weverton: os jogadores inscritos pelo Palmeiras na Libertadores"},"content":{"rendered":"\n<p>O Palmeiras definiu a lista de atletas inscritos para a disputa da Conmebol Libertadores 2025. O clube registrou 50 jogadores, n\u00famero m\u00e1ximo permitido pela entidade para a fase de grupos da competi\u00e7\u00e3o. A estreia est\u00e1 marcada para quinta-feira (03 de abril), \u00e0s 19h (hor\u00e1rio de Bras\u00edlia), contra o Sporting Cristal, no Est\u00e1dio Nacional de Lima, no Peru.<\/p>\n\n\n\n<p>O Verd\u00e3o est\u00e1 no Grupo G, que conta tamb\u00e9m com o Cerro Porte\u00f1o, do Paraguai, e o Bol\u00edvar, da Bol\u00edvia. Ao longo da primeira fase, o time comandado por Abel Ferreira enfrentar\u00e1 cada um dos advers\u00e1rios em jogos de ida e volta, com a \u00faltima partida prevista para quarta-feira (28 de maio), contra o Sporting Cristal, em casa.<\/p>\n\n\n\n<p>Entre os jogadores inscritos, h\u00e1 uma mescla de atletas experientes do elenco principal e jovens promessas reveladas pelas categorias de base. O meia Lucas Evangelista, \u00faltimo refor\u00e7o anunciado, j\u00e1 teve o nome inclu\u00eddo. Tamb\u00e9m figuram na rela\u00e7\u00e3o nomes como Est\u00eav\u00e3o, Kau\u00e3 Lira e Gilberto, que atuam nas divis\u00f5es inferiores.<\/p>\n\n\n\n<p>Alguns jogadores aparecem na lista mesmo estando em processo de recupera\u00e7\u00e3o f\u00edsica. \u00c9 o caso de Bruno Rodrigues, que se recupera de cirurgia no joelho e est\u00e1 h\u00e1 mais de um ano afastado dos gramados. Na mesma condi\u00e7\u00e3o est\u00e1 Figueiredo, que ainda passar\u00e1 por novo procedimento no joelho. Ambos seguem integrados ao grupo.<\/p>\n\n\n\n<p>\u201cA inscri\u00e7\u00e3o de jogadores das categorias de base \u00e9 uma pr\u00e1tica estrat\u00e9gica. D\u00e1 ao clube mais op\u00e7\u00f5es durante a competi\u00e7\u00e3o e valoriza o trabalho de forma\u00e7\u00e3o\u201d, afirmou um integrante da comiss\u00e3o t\u00e9cnica.<\/p>\n\n\n\n<p>Campe\u00e3o da Libertadores em 1999, 2020 e 2021, o Palmeiras vai em busca de mais um t\u00edtulo continental. Conforme o regulamento, o clube pode realizar substitui\u00e7\u00f5es na lista em fases seguintes, o que permite eventuais ajustes no elenco ao longo do torneio.<\/p>\n\n\n\n<h2 class=\"wp-block-heading\" id=\"h-veja-lista-de-inscritos-do-palmeiras\">Veja lista de inscritos do Palmeiras<\/h2>\n\n\n\n<p><strong>Goleiros:<\/strong><\/p>\n\n\n\n<ul class=\"wp-block-list\">\n<li>1 &#8211; Mateus<\/li>\n\n\n\n<li>14 &#8211; Marcelo Lomba<\/li>\n\n\n\n<li>21 &#8211; Weverton<\/li>\n\n\n\n<li>24 &#8211; Aranha (sub-20)<\/li>\n\n\n\n<li>52 &#8211; Luiz S\u00e1 (sub-20)<\/li>\n<\/ul>\n\n\n\n<p><strong>Laterais:<\/strong><\/p>\n\n\n\n<ul class=\"wp-block-list\">\n<li>2 &#8211; Marcos Rocha<\/li>\n\n\n\n<li>4 &#8211; Giay<\/li>\n\n\n\n<li>6 &#8211; Vanderlan<\/li>\n\n\n\n<li>22 &#8211; Piquerez<\/li>\n\n\n\n<li>52 &#8211; Gilberto (sub-20)<\/li>\n\n\n\n<li>56 &#8211; Arthur (sub-20)<\/li>\n<\/ul>\n\n\n\n<p><strong>Zagueiros:<\/strong><\/p>\n\n\n\n<ul class=\"wp-block-list\">\n<li>3 &#8211; Bruno Fuchs<\/li>\n\n\n\n<li>13 &#8211; Micael<\/li>\n\n\n\n<li>15 &#8211; Gustavo G\u00f3mez<\/li>\n\n\n\n<li>26 &#8211; Murilo<\/li>\n\n\n\n<li>34 &#8211; Naves<\/li>\n\n\n\n<li>53 &#8211; Diogo (sub-20)<\/li>\n\n\n\n<li>54 &#8211; Thiago (sub-20)<\/li>\n\n\n\n<li>43 &#8211; Benedetti<\/li>\n\n\n\n<li>68 &#8211; Robson (sub-20)<\/li>\n<\/ul>\n\n\n\n<p><strong>Meio-campistas<\/strong><\/p>\n\n\n\n<ul class=\"wp-block-list\">\n<li>5 &#8211; An\u00edbal Moreno<\/li>\n\n\n\n<li>7 &#8211; Felipe Anderson<\/li>\n\n\n\n<li>8 &#8211; Richard R\u00edos<\/li>\n\n\n\n<li>20 &#8211; Mauricio<\/li>\n\n\n\n<li>23 &#8211; Raphael Veiga<\/li>\n\n\n\n<li>30 &#8211; Lucas Evangelista<\/li>\n\n\n\n<li>32 &#8211; Emiliano Mart\u00ednez<\/li>\n\n\n\n<li>38 &#8211; Figueiredo<\/li>\n\n\n\n<li>40 &#8211; Allan<\/li>\n\n\n\n<li>45 &#8211; Erick Bel\u00e9 (sub-20)<\/li>\n\n\n\n<li>47 &#8211; Ramon (sub-20)<\/li>\n\n\n\n<li>48 &#8211; Larson (sub-20)<\/li>\n\n\n\n<li>50 &#8211; Luis Pacheco (sub-17)<\/li>\n\n\n\n<li>55 &#8211; Rafael Coutinho (sub-20)<\/li>\n\n\n\n<li>58 &#8211; Gabriel Azevedo (sub-20)<\/li>\n\n\n\n<li>65 &#8211; Jo\u00e3o Victor (sub-20)<\/li>\n\n\n\n<li>98 &#8211; Agner (sub-20)<\/li>\n\n\n\n<li>99 &#8211; Kau\u00e3 Lira (sub-20)<\/li>\n<\/ul>\n\n\n\n<p><strong>Atacantes<\/strong><\/p>\n\n\n\n<ul class=\"wp-block-list\">\n<li>9 &#8211; Vitor Roque<\/li>\n\n\n\n<li>10 &#8211; Paulinho<\/li>\n\n\n\n<li>11 &#8211; Bruno Rodrigues<\/li>\n\n\n\n<li>17 &#8211; Facundo Torres<\/li>\n\n\n\n<li>31 &#8211; Luighi<\/li>\n\n\n\n<li>37 &#8211; Riquelme Fillipi (sub-20)<\/li>\n\n\n\n<li>39 &#8211; Thalys<\/li>\n\n\n\n<li>41 &#8211; Est\u00eav\u00e3o<\/li>\n\n\n\n<li>42 &#8211; Flaco L\u00f3pez<\/li>\n\n\n\n<li>67 &#8211; Marcio Vitor (sub-20)<\/li>\n\n\n\n<li>97 &#8211; Wesley (sub-17)<\/li>\n<\/ul>\n","protected":false},"excerpt":{"rendered":"<p>O Palmeiras definiu a lista de atletas inscritos para a disputa da Conmebol Libertadores 2025. O clube registrou 50 jogadores, n\u00famero m\u00e1ximo permitido pela entidade para a fase de grupos da competi\u00e7\u00e3o. A estreia est\u00e1 marcada para quinta-feira (03 de abril), \u00e0s 19h (hor\u00e1rio de Bras\u00edlia), contra o Sporting Cristal, no Est\u00e1dio Nacional de Lima, [&hellip;]<\/p>\n","protected":false},"author":18,"featured_media":245851,"comment_status":"open","ping_status":"closed","sticky":false,"template":"","format":"standard","meta":{"footnotes":""},"categories":[150],"tags":[],"class_list":["post-246381","post","type-post","status-publish","format-standard","has-post-thumbnail","hentry","category-palmeiras"],"yoast_head":"<!-- This site is optimized with the Yoast SEO Premium plugin v24.2 (Yoast SEO v26.9) - https:\/\/yoast.com\/product\/yoast-seo-premium-wordpress\/ -->\n<title>An\u00edbal Moreno, Emiliano Mart\u00ednez, Est\u00eav\u00e3o, Flaco L\u00f3pez, Gustavo G\u00f3mez, Mauricio, Murilo, Paulinho, Piquerez, Raphael Veiga, Richard R\u00edos, Vitor Roque e Weverton: os jogadores inscritos pelo Palmeiras na Libertadores<\/title>\n<meta name=\"robots\" content=\"index, follow, max-snippet:-1, max-image-preview:large, max-video-preview:-1\" \/>\n<link rel=\"canonical\" href=\"https:\/\/www.gaveanews.com\/index.php\/2025\/03\/29\/anibal-moreno-emiliano-martinez-estevao-flaco-lopez-gustavo-gomez-mauricio-murilo-paulinho-piquerez-raphael-veiga-richard-rios-vitor-roque-e-weverton-os-jogadores-inscritos-pelo-palmeiras\/\" \/>\n<meta property=\"og:locale\" content=\"pt_BR\" \/>\n<meta property=\"og:type\" content=\"article\" \/>\n<meta property=\"og:title\" content=\"An\u00edbal Moreno, Emiliano Mart\u00ednez, Est\u00eav\u00e3o, Flaco L\u00f3pez, Gustavo G\u00f3mez, Mauricio, Murilo, Paulinho, Piquerez, Raphael Veiga, Richard R\u00edos, Vitor Roque e Weverton: os jogadores inscritos pelo Palmeiras na Libertadores\" \/>\n<meta property=\"og:description\" content=\"O Palmeiras definiu a lista de atletas inscritos para a disputa da Conmebol Libertadores 2025. O clube registrou 50 jogadores, n\u00famero m\u00e1ximo permitido pela entidade para a fase de grupos da competi\u00e7\u00e3o. A estreia est\u00e1 marcada para quinta-feira (03 de abril), \u00e0s 19h (hor\u00e1rio de Bras\u00edlia), contra o Sporting Cristal, no Est\u00e1dio Nacional de Lima, [&hellip;]\" \/>\n<meta property=\"og:url\" content=\"https:\/\/www.gaveanews.com\/index.php\/2025\/03\/29\/anibal-moreno-emiliano-martinez-estevao-flaco-lopez-gustavo-gomez-mauricio-murilo-paulinho-piquerez-raphael-veiga-richard-rios-vitor-roque-e-weverton-os-jogadores-inscritos-pelo-palmeiras\/\" \/>\n<meta property=\"og:site_name\" content=\"G\u00e1vea News\" \/>\n<meta property=\"article:publisher\" content=\"https:\/\/facebook.com\/gaveaNews\/\" \/>\n<meta property=\"article:published_time\" content=\"2025-03-29T17:40:00+00:00\" \/>\n<meta property=\"og:image\" content=\"https:\/\/www.gaveanews.com\/wp-content\/uploads\/Raphael-Veiga-pelo-Palmeiras.webp\" \/>\n\t<meta property=\"og:image:width\" content=\"576\" \/>\n\t<meta property=\"og:image:height\" content=\"408\" \/>\n\t<meta property=\"og:image:type\" content=\"image\/jpeg\" \/>\n<meta name=\"author\" content=\"Paula Silva\" \/>\n<meta name=\"twitter:card\" content=\"summary_large_image\" \/>\n<meta name=\"twitter:label1\" content=\"Escrito por\" \/>\n\t<meta name=\"twitter:data1\" content=\"Paula Silva\" \/>\n\t<meta name=\"twitter:label2\" content=\"Est. tempo de leitura\" \/>\n\t<meta name=\"twitter:data2\" content=\"3 minutos\" \/>\n<script type=\"application\/ld+json\" class=\"yoast-schema-graph\">{\"@context\":\"https:\/\/schema.org\",\"@graph\":[{\"@type\":\"NewsArticle\",\"@id\":\"https:\/\/www.gaveanews.com\/index.php\/2025\/03\/29\/anibal-moreno-emiliano-martinez-estevao-flaco-lopez-gustavo-gomez-mauricio-murilo-paulinho-piquerez-raphael-veiga-richard-rios-vitor-roque-e-weverton-os-jogadores-inscritos-pelo-palmeiras\/#article\",\"isPartOf\":{\"@id\":\"https:\/\/www.gaveanews.com\/index.php\/2025\/03\/29\/anibal-moreno-emiliano-martinez-estevao-flaco-lopez-gustavo-gomez-mauricio-murilo-paulinho-piquerez-raphael-veiga-richard-rios-vitor-roque-e-weverton-os-jogadores-inscritos-pelo-palmeiras\/\"},\"author\":{\"name\":\"Paula Silva\",\"@id\":\"https:\/\/www.gaveanews.com\/#\/schema\/person\/daf63eec72e1164eb13dc35096c2b8da\"},\"headline\":\"An\u00edbal Moreno, Emiliano Mart\u00ednez, Est\u00eav\u00e3o, Flaco L\u00f3pez, Gustavo G\u00f3mez, Mauricio, Murilo, Paulinho, Piquerez, Raphael Veiga, Richard R\u00edos, Vitor Roque e Weverton: os jogadores inscritos pelo Palmeiras na Libertadores\",\"datePublished\":\"2025-03-29T17:40:00+00:00\",\"mainEntityOfPage\":{\"@id\":\"https:\/\/www.gaveanews.com\/index.php\/2025\/03\/29\/anibal-moreno-emiliano-martinez-estevao-flaco-lopez-gustavo-gomez-mauricio-murilo-paulinho-piquerez-raphael-veiga-richard-rios-vitor-roque-e-weverton-os-jogadores-inscritos-pelo-palmeiras\/\"},\"wordCount\":509,\"commentCount\":0,\"image\":{\"@id\":\"https:\/\/www.gaveanews.com\/index.php\/2025\/03\/29\/anibal-moreno-emiliano-martinez-estevao-flaco-lopez-gustavo-gomez-mauricio-murilo-paulinho-piquerez-raphael-veiga-richard-rios-vitor-roque-e-weverton-os-jogadores-inscritos-pelo-palmeiras\/#primaryimage\"},\"thumbnailUrl\":\"https:\/\/www.gaveanews.com\/wp-content\/uploads\/Raphael-Veiga-pelo-Palmeiras.webp\",\"articleSection\":[\"Palmeiras\"],\"inLanguage\":\"pt-BR\",\"potentialAction\":[{\"@type\":\"CommentAction\",\"name\":\"Comment\",\"target\":[\"https:\/\/www.gaveanews.com\/index.php\/2025\/03\/29\/anibal-moreno-emiliano-martinez-estevao-flaco-lopez-gustavo-gomez-mauricio-murilo-paulinho-piquerez-raphael-veiga-richard-rios-vitor-roque-e-weverton-os-jogadores-inscritos-pelo-palmeiras\/#respond\"]}],\"copyrightYear\":\"2025\",\"copyrightHolder\":{\"@id\":\"https:\/\/www.gaveanews.com\/#organization\"}},{\"@type\":\"WebPage\",\"@id\":\"https:\/\/www.gaveanews.com\/index.php\/2025\/03\/29\/anibal-moreno-emiliano-martinez-estevao-flaco-lopez-gustavo-gomez-mauricio-murilo-paulinho-piquerez-raphael-veiga-richard-rios-vitor-roque-e-weverton-os-jogadores-inscritos-pelo-palmeiras\/\",\"url\":\"https:\/\/www.gaveanews.com\/index.php\/2025\/03\/29\/anibal-moreno-emiliano-martinez-estevao-flaco-lopez-gustavo-gomez-mauricio-murilo-paulinho-piquerez-raphael-veiga-richard-rios-vitor-roque-e-weverton-os-jogadores-inscritos-pelo-palmeiras\/\",\"name\":\"An\u00edbal Moreno, Emiliano Mart\u00ednez, Est\u00eav\u00e3o, Flaco L\u00f3pez, Gustavo G\u00f3mez, Mauricio, Murilo, Paulinho, Piquerez, Raphael Veiga, Richard R\u00edos, Vitor Roque e Weverton: os jogadores inscritos pelo Palmeiras na Libertadores\",\"isPartOf\":{\"@id\":\"https:\/\/www.gaveanews.com\/#website\"},\"primaryImageOfPage\":{\"@id\":\"https:\/\/www.gaveanews.com\/index.php\/2025\/03\/29\/anibal-moreno-emiliano-martinez-estevao-flaco-lopez-gustavo-gomez-mauricio-murilo-paulinho-piquerez-raphael-veiga-richard-rios-vitor-roque-e-weverton-os-jogadores-inscritos-pelo-palmeiras\/#primaryimage\"},\"image\":{\"@id\":\"https:\/\/www.gaveanews.com\/index.php\/2025\/03\/29\/anibal-moreno-emiliano-martinez-estevao-flaco-lopez-gustavo-gomez-mauricio-murilo-paulinho-piquerez-raphael-veiga-richard-rios-vitor-roque-e-weverton-os-jogadores-inscritos-pelo-palmeiras\/#primaryimage\"},\"thumbnailUrl\":\"https:\/\/www.gaveanews.com\/wp-content\/uploads\/Raphael-Veiga-pelo-Palmeiras.webp\",\"datePublished\":\"2025-03-29T17:40:00+00:00\",\"author\":{\"@id\":\"https:\/\/www.gaveanews.com\/#\/schema\/person\/daf63eec72e1164eb13dc35096c2b8da\"},\"breadcrumb\":{\"@id\":\"https:\/\/www.gaveanews.com\/index.php\/2025\/03\/29\/anibal-moreno-emiliano-martinez-estevao-flaco-lopez-gustavo-gomez-mauricio-murilo-paulinho-piquerez-raphael-veiga-richard-rios-vitor-roque-e-weverton-os-jogadores-inscritos-pelo-palmeiras\/#breadcrumb\"},\"inLanguage\":\"pt-BR\",\"potentialAction\":[{\"@type\":\"ReadAction\",\"target\":[\"https:\/\/www.gaveanews.com\/index.php\/2025\/03\/29\/anibal-moreno-emiliano-martinez-estevao-flaco-lopez-gustavo-gomez-mauricio-murilo-paulinho-piquerez-raphael-veiga-richard-rios-vitor-roque-e-weverton-os-jogadores-inscritos-pelo-palmeiras\/\"]}]},{\"@type\":\"ImageObject\",\"inLanguage\":\"pt-BR\",\"@id\":\"https:\/\/www.gaveanews.com\/index.php\/2025\/03\/29\/anibal-moreno-emiliano-martinez-estevao-flaco-lopez-gustavo-gomez-mauricio-murilo-paulinho-piquerez-raphael-veiga-richard-rios-vitor-roque-e-weverton-os-jogadores-inscritos-pelo-palmeiras\/#primaryimage\",\"url\":\"https:\/\/www.gaveanews.com\/wp-content\/uploads\/Raphael-Veiga-pelo-Palmeiras.webp\",\"contentUrl\":\"https:\/\/www.gaveanews.com\/wp-content\/uploads\/Raphael-Veiga-pelo-Palmeiras.webp\",\"width\":576,\"height\":408,\"caption\":\"Raphael Veiga pelo Palmeiras (Foto: Cesar Greco\/Palmeiras\/by Canon)\"},{\"@type\":\"BreadcrumbList\",\"@id\":\"https:\/\/www.gaveanews.com\/index.php\/2025\/03\/29\/anibal-moreno-emiliano-martinez-estevao-flaco-lopez-gustavo-gomez-mauricio-murilo-paulinho-piquerez-raphael-veiga-richard-rios-vitor-roque-e-weverton-os-jogadores-inscritos-pelo-palmeiras\/#breadcrumb\",\"itemListElement\":[{\"@type\":\"ListItem\",\"position\":1,\"name\":\"Home\",\"item\":\"https:\/\/www.gaveanews.com\/\"},{\"@type\":\"ListItem\",\"position\":2,\"name\":\"An\u00edbal Moreno, Emiliano Mart\u00ednez, Est\u00eav\u00e3o, Flaco L\u00f3pez, Gustavo G\u00f3mez, Mauricio, Murilo, Paulinho, Piquerez, Raphael Veiga, Richard R\u00edos, Vitor Roque e Weverton: os jogadores inscritos pelo Palmeiras na Libertadores\"}]},{\"@type\":\"WebSite\",\"@id\":\"https:\/\/www.gaveanews.com\/#website\",\"url\":\"https:\/\/www.gaveanews.com\/\",\"name\":\"G\u00e1vea News\",\"description\":\"Veja todas as not\u00edcias sobre o Flamengo: Contrata\u00e7\u00f5es, categorias de base, resultados das partidas, tabela de classifica\u00e7\u00e3o, pr\u00f3ximos jogos!\",\"potentialAction\":[{\"@type\":\"SearchAction\",\"target\":{\"@type\":\"EntryPoint\",\"urlTemplate\":\"https:\/\/www.gaveanews.com\/?s={search_term_string}\"},\"query-input\":{\"@type\":\"PropertyValueSpecification\",\"valueRequired\":true,\"valueName\":\"search_term_string\"}}],\"inLanguage\":\"pt-BR\"},{\"@type\":\"Person\",\"@id\":\"https:\/\/www.gaveanews.com\/#\/schema\/person\/daf63eec72e1164eb13dc35096c2b8da\",\"name\":\"Paula Silva\",\"image\":{\"@type\":\"ImageObject\",\"inLanguage\":\"pt-BR\",\"@id\":\"https:\/\/www.gaveanews.com\/#\/schema\/person\/image\/\",\"url\":\"https:\/\/secure.gravatar.com\/avatar\/eda381c845527cc5d64c13b901833cda29d97500ba040d3e6461f76f51d163bb?s=96&d=mm&r=g\",\"contentUrl\":\"https:\/\/secure.gravatar.com\/avatar\/eda381c845527cc5d64c13b901833cda29d97500ba040d3e6461f76f51d163bb?s=96&d=mm&r=g\",\"caption\":\"Paula Silva\"}}]}<\/script>\n<!-- \/ Yoast SEO Premium plugin. -->","yoast_head_json":{"title":"An\u00edbal Moreno, Emiliano Mart\u00ednez, Est\u00eav\u00e3o, Flaco L\u00f3pez, Gustavo G\u00f3mez, Mauricio, Murilo, Paulinho, Piquerez, Raphael Veiga, Richard R\u00edos, Vitor Roque e Weverton: os jogadores inscritos pelo Palmeiras na Libertadores","robots":{"index":"index","follow":"follow","max-snippet":"max-snippet:-1","max-image-preview":"max-image-preview:large","max-video-preview":"max-video-preview:-1"},"canonical":"https:\/\/www.gaveanews.com\/index.php\/2025\/03\/29\/anibal-moreno-emiliano-martinez-estevao-flaco-lopez-gustavo-gomez-mauricio-murilo-paulinho-piquerez-raphael-veiga-richard-rios-vitor-roque-e-weverton-os-jogadores-inscritos-pelo-palmeiras\/","og_locale":"pt_BR","og_type":"article","og_title":"An\u00edbal Moreno, Emiliano Mart\u00ednez, Est\u00eav\u00e3o, Flaco L\u00f3pez, Gustavo G\u00f3mez, Mauricio, Murilo, Paulinho, Piquerez, Raphael Veiga, Richard R\u00edos, Vitor Roque e Weverton: os jogadores inscritos pelo Palmeiras na Libertadores","og_description":"O Palmeiras definiu a lista de atletas inscritos para a disputa da Conmebol Libertadores 2025. O clube registrou 50 jogadores, n\u00famero m\u00e1ximo permitido pela entidade para a fase de grupos da competi\u00e7\u00e3o. A estreia est\u00e1 marcada para quinta-feira (03 de abril), \u00e0s 19h (hor\u00e1rio de Bras\u00edlia), contra o Sporting Cristal, no Est\u00e1dio Nacional de Lima, [&hellip;]","og_url":"https:\/\/www.gaveanews.com\/index.php\/2025\/03\/29\/anibal-moreno-emiliano-martinez-estevao-flaco-lopez-gustavo-gomez-mauricio-murilo-paulinho-piquerez-raphael-veiga-richard-rios-vitor-roque-e-weverton-os-jogadores-inscritos-pelo-palmeiras\/","og_site_name":"G\u00e1vea News","article_publisher":"https:\/\/facebook.com\/gaveaNews\/","article_published_time":"2025-03-29T17:40:00+00:00","og_image":[{"width":576,"height":408,"url":"https:\/\/www.gaveanews.com\/wp-content\/uploads\/Raphael-Veiga-pelo-Palmeiras.webp","type":"image\/jpeg"}],"author":"Paula Silva","twitter_card":"summary_large_image","twitter_misc":{"Escrito por":"Paula Silva","Est. tempo de leitura":"3 minutos"},"schema":{"@context":"https:\/\/schema.org","@graph":[{"@type":"NewsArticle","@id":"https:\/\/www.gaveanews.com\/index.php\/2025\/03\/29\/anibal-moreno-emiliano-martinez-estevao-flaco-lopez-gustavo-gomez-mauricio-murilo-paulinho-piquerez-raphael-veiga-richard-rios-vitor-roque-e-weverton-os-jogadores-inscritos-pelo-palmeiras\/#article","isPartOf":{"@id":"https:\/\/www.gaveanews.com\/index.php\/2025\/03\/29\/anibal-moreno-emiliano-martinez-estevao-flaco-lopez-gustavo-gomez-mauricio-murilo-paulinho-piquerez-raphael-veiga-richard-rios-vitor-roque-e-weverton-os-jogadores-inscritos-pelo-palmeiras\/"},"author":{"name":"Paula Silva","@id":"https:\/\/www.gaveanews.com\/#\/schema\/person\/daf63eec72e1164eb13dc35096c2b8da"},"headline":"An\u00edbal Moreno, Emiliano Mart\u00ednez, Est\u00eav\u00e3o, Flaco L\u00f3pez, Gustavo G\u00f3mez, Mauricio, Murilo, Paulinho, Piquerez, Raphael Veiga, Richard R\u00edos, Vitor Roque e Weverton: os jogadores inscritos pelo Palmeiras na Libertadores","datePublished":"2025-03-29T17:40:00+00:00","mainEntityOfPage":{"@id":"https:\/\/www.gaveanews.com\/index.php\/2025\/03\/29\/anibal-moreno-emiliano-martinez-estevao-flaco-lopez-gustavo-gomez-mauricio-murilo-paulinho-piquerez-raphael-veiga-richard-rios-vitor-roque-e-weverton-os-jogadores-inscritos-pelo-palmeiras\/"},"wordCount":509,"commentCount":0,"image":{"@id":"https:\/\/www.gaveanews.com\/index.php\/2025\/03\/29\/anibal-moreno-emiliano-martinez-estevao-flaco-lopez-gustavo-gomez-mauricio-murilo-paulinho-piquerez-raphael-veiga-richard-rios-vitor-roque-e-weverton-os-jogadores-inscritos-pelo-palmeiras\/#primaryimage"},"thumbnailUrl":"https:\/\/www.gaveanews.com\/wp-content\/uploads\/Raphael-Veiga-pelo-Palmeiras.webp","articleSection":["Palmeiras"],"inLanguage":"pt-BR","potentialAction":[{"@type":"CommentAction","name":"Comment","target":["https:\/\/www.gaveanews.com\/index.php\/2025\/03\/29\/anibal-moreno-emiliano-martinez-estevao-flaco-lopez-gustavo-gomez-mauricio-murilo-paulinho-piquerez-raphael-veiga-richard-rios-vitor-roque-e-weverton-os-jogadores-inscritos-pelo-palmeiras\/#respond"]}],"copyrightYear":"2025","copyrightHolder":{"@id":"https:\/\/www.gaveanews.com\/#organization"}},{"@type":"WebPage","@id":"https:\/\/www.gaveanews.com\/index.php\/2025\/03\/29\/anibal-moreno-emiliano-martinez-estevao-flaco-lopez-gustavo-gomez-mauricio-murilo-paulinho-piquerez-raphael-veiga-richard-rios-vitor-roque-e-weverton-os-jogadores-inscritos-pelo-palmeiras\/","url":"https:\/\/www.gaveanews.com\/index.php\/2025\/03\/29\/anibal-moreno-emiliano-martinez-estevao-flaco-lopez-gustavo-gomez-mauricio-murilo-paulinho-piquerez-raphael-veiga-richard-rios-vitor-roque-e-weverton-os-jogadores-inscritos-pelo-palmeiras\/","name":"An\u00edbal Moreno, Emiliano Mart\u00ednez, Est\u00eav\u00e3o, Flaco L\u00f3pez, Gustavo G\u00f3mez, Mauricio, Murilo, Paulinho, Piquerez, Raphael Veiga, Richard R\u00edos, Vitor Roque e Weverton: os jogadores inscritos pelo Palmeiras na Libertadores","isPartOf":{"@id":"https:\/\/www.gaveanews.com\/#website"},"primaryImageOfPage":{"@id":"https:\/\/www.gaveanews.com\/index.php\/2025\/03\/29\/anibal-moreno-emiliano-martinez-estevao-flaco-lopez-gustavo-gomez-mauricio-murilo-paulinho-piquerez-raphael-veiga-richard-rios-vitor-roque-e-weverton-os-jogadores-inscritos-pelo-palmeiras\/#primaryimage"},"image":{"@id":"https:\/\/www.gaveanews.com\/index.php\/2025\/03\/29\/anibal-moreno-emiliano-martinez-estevao-flaco-lopez-gustavo-gomez-mauricio-murilo-paulinho-piquerez-raphael-veiga-richard-rios-vitor-roque-e-weverton-os-jogadores-inscritos-pelo-palmeiras\/#primaryimage"},"thumbnailUrl":"https:\/\/www.gaveanews.com\/wp-content\/uploads\/Raphael-Veiga-pelo-Palmeiras.webp","datePublished":"2025-03-29T17:40:00+00:00","author":{"@id":"https:\/\/www.gaveanews.com\/#\/schema\/person\/daf63eec72e1164eb13dc35096c2b8da"},"breadcrumb":{"@id":"https:\/\/www.gaveanews.com\/index.php\/2025\/03\/29\/anibal-moreno-emiliano-martinez-estevao-flaco-lopez-gustavo-gomez-mauricio-murilo-paulinho-piquerez-raphael-veiga-richard-rios-vitor-roque-e-weverton-os-jogadores-inscritos-pelo-palmeiras\/#breadcrumb"},"inLanguage":"pt-BR","potentialAction":[{"@type":"ReadAction","target":["https:\/\/www.gaveanews.com\/index.php\/2025\/03\/29\/anibal-moreno-emiliano-martinez-estevao-flaco-lopez-gustavo-gomez-mauricio-murilo-paulinho-piquerez-raphael-veiga-richard-rios-vitor-roque-e-weverton-os-jogadores-inscritos-pelo-palmeiras\/"]}]},{"@type":"ImageObject","inLanguage":"pt-BR","@id":"https:\/\/www.gaveanews.com\/index.php\/2025\/03\/29\/anibal-moreno-emiliano-martinez-estevao-flaco-lopez-gustavo-gomez-mauricio-murilo-paulinho-piquerez-raphael-veiga-richard-rios-vitor-roque-e-weverton-os-jogadores-inscritos-pelo-palmeiras\/#primaryimage","url":"https:\/\/www.gaveanews.com\/wp-content\/uploads\/Raphael-Veiga-pelo-Palmeiras.webp","contentUrl":"https:\/\/www.gaveanews.com\/wp-content\/uploads\/Raphael-Veiga-pelo-Palmeiras.webp","width":576,"height":408,"caption":"Raphael Veiga pelo Palmeiras (Foto: Cesar Greco\/Palmeiras\/by Canon)"},{"@type":"BreadcrumbList","@id":"https:\/\/www.gaveanews.com\/index.php\/2025\/03\/29\/anibal-moreno-emiliano-martinez-estevao-flaco-lopez-gustavo-gomez-mauricio-murilo-paulinho-piquerez-raphael-veiga-richard-rios-vitor-roque-e-weverton-os-jogadores-inscritos-pelo-palmeiras\/#breadcrumb","itemListElement":[{"@type":"ListItem","position":1,"name":"Home","item":"https:\/\/www.gaveanews.com\/"},{"@type":"ListItem","position":2,"name":"An\u00edbal Moreno, Emiliano Mart\u00ednez, Est\u00eav\u00e3o, Flaco L\u00f3pez, Gustavo G\u00f3mez, Mauricio, Murilo, Paulinho, Piquerez, Raphael Veiga, Richard R\u00edos, Vitor Roque e Weverton: os jogadores inscritos pelo Palmeiras na Libertadores"}]},{"@type":"WebSite","@id":"https:\/\/www.gaveanews.com\/#website","url":"https:\/\/www.gaveanews.com\/","name":"G\u00e1vea News","description":"Veja todas as not\u00edcias sobre o Flamengo: Contrata\u00e7\u00f5es, categorias de base, resultados das partidas, tabela de classifica\u00e7\u00e3o, pr\u00f3ximos jogos!","potentialAction":[{"@type":"SearchAction","target":{"@type":"EntryPoint","urlTemplate":"https:\/\/www.gaveanews.com\/?s={search_term_string}"},"query-input":{"@type":"PropertyValueSpecification","valueRequired":true,"valueName":"search_term_string"}}],"inLanguage":"pt-BR"},{"@type":"Person","@id":"https:\/\/www.gaveanews.com\/#\/schema\/person\/daf63eec72e1164eb13dc35096c2b8da","name":"Paula Silva","image":{"@type":"ImageObject","inLanguage":"pt-BR","@id":"https:\/\/www.gaveanews.com\/#\/schema\/person\/image\/","url":"https:\/\/secure.gravatar.com\/avatar\/eda381c845527cc5d64c13b901833cda29d97500ba040d3e6461f76f51d163bb?s=96&d=mm&r=g","contentUrl":"https:\/\/secure.gravatar.com\/avatar\/eda381c845527cc5d64c13b901833cda29d97500ba040d3e6461f76f51d163bb?s=96&d=mm&r=g","caption":"Paula Silva"}}]}},"_links":{"self":[{"href":"https:\/\/www.gaveanews.com\/index.php\/wp-json\/wp\/v2\/posts\/246381","targetHints":{"allow":["GET"]}}],"collection":[{"href":"https:\/\/www.gaveanews.com\/index.php\/wp-json\/wp\/v2\/posts"}],"about":[{"href":"https:\/\/www.gaveanews.com\/index.php\/wp-json\/wp\/v2\/types\/post"}],"author":[{"embeddable":true,"href":"https:\/\/www.gaveanews.com\/index.php\/wp-json\/wp\/v2\/users\/18"}],"replies":[{"embeddable":true,"href":"https:\/\/www.gaveanews.com\/index.php\/wp-json\/wp\/v2\/comments?post=246381"}],"version-history":[{"count":1,"href":"https:\/\/www.gaveanews.com\/index.php\/wp-json\/wp\/v2\/posts\/246381\/revisions"}],"predecessor-version":[{"id":246383,"href":"https:\/\/www.gaveanews.com\/index.php\/wp-json\/wp\/v2\/posts\/246381\/revisions\/246383"}],"wp:featuredmedia":[{"embeddable":true,"href":"https:\/\/www.gaveanews.com\/index.php\/wp-json\/wp\/v2\/media\/245851"}],"wp:attachment":[{"href":"https:\/\/www.gaveanews.com\/index.php\/wp-json\/wp\/v2\/media?parent=246381"}],"wp:term":[{"taxonomy":"category","embeddable":true,"href":"https:\/\/www.gaveanews.com\/index.php\/wp-json\/wp\/v2\/categories?post=246381"},{"taxonomy":"post_tag","embeddable":true,"href":"https:\/\/www.gaveanews.com\/index.php\/wp-json\/wp\/v2\/tags?post=246381"}],"curies":[{"name":"wp","href":"https:\/\/api.w.org\/{rel}","templated":true}]}}