{"id":246385,"date":"2025-03-29T14:45:00","date_gmt":"2025-03-29T17:45:00","guid":{"rendered":"https:\/\/www.gaveanews.com\/?p=246385"},"modified":"2025-03-29T14:18:34","modified_gmt":"2025-03-29T17:18:34","slug":"leo-ortiz-aponta-desafios-do-flamengo-em-2025","status":"publish","type":"post","link":"https:\/\/www.gaveanews.com\/index.php\/2025\/03\/29\/leo-ortiz-aponta-desafios-do-flamengo-em-2025\/","title":{"rendered":"L\u00e9o Ortiz aponta desafios do Flamengo em 2025"},"content":{"rendered":"\n<p>L\u00e9o Ortiz vive um momento de empolga\u00e7\u00e3o no Flamengo. Ap\u00f3s conquistar a Supercopa do Brasil e o Campeonato Carioca, o zagueiro destacou o desempenho coletivo do elenco sob o comando de Filipe Lu\u00eds. Segundo ele, o n\u00edvel das atua\u00e7\u00f5es d\u00e1 confian\u00e7a para pensar em voos mais altos ao longo da temporada.<\/p>\n\n\n\n<p>Durante evento de premia\u00e7\u00e3o do Carioca, onde foi eleito um dos melhores zagueiros, Ortiz comentou sobre os objetivos para 2025. \u201cSabemos que vai ser um ano com muitas competi\u00e7\u00f5es, ent\u00e3o temos que estar preparados. Nosso grupo \u00e9 forte e qualificado. Esperamos conquistar t\u00edtulos ainda maiores com a camisa do Flamengo\u201d, declarou.<\/p>\n\n\n\n<p>Apesar do bom in\u00edcio de ano, o defensor reconhece que as les\u00f5es seguem como um desafio para a equipe. \u201cTemos que colocar em contexto. Muitos jogadores voltaram de cirurgias e les\u00f5es complicadas. Algumas contus\u00f5es s\u00e3o normais nesse processo de readapta\u00e7\u00e3o\u201d, explicou, ao comentar as aus\u00eancias de nomes como Arrascaeta e Danilo.<\/p>\n\n\n\n<p>Ortiz tamb\u00e9m relembrou os problemas f\u00edsicos que afetaram o desempenho do time em 2024. Para ele, evitar novos casos graves ser\u00e1 fundamental. <strong>\u201cMinimizar as les\u00f5es ser\u00e1 primordial para brigarmos em todas as frentes esse ano. Isso nos atrapalhou um pouco no ano passado\u201d<\/strong>, afirmou.<\/p>\n\n\n\n<p>At\u00e9 agora, dez jogadores do elenco j\u00e1 sofreram algum tipo de problema f\u00edsico em 2025. Al\u00e9m de Arrascaeta e Danilo, Gerson, Bruno Henrique, Ayrton Lucas, Cebolinha e outros tamb\u00e9m estiveram no departamento m\u00e9dico. Pedro e Vi\u00f1a ainda se recuperam de les\u00f5es graves sofridas anteriormente.<\/p>\n\n\n\n<p>Mesmo com os obst\u00e1culos, a equipe mant\u00e9m otimismo. Ortiz valorizou o trabalho feito pela prepara\u00e7\u00e3o f\u00edsica do clube, inclusive com acompanhamento \u00e0 dist\u00e2ncia quando est\u00e1 a servi\u00e7o da Sele\u00e7\u00e3o. Para o zagueiro, a estrutura oferecida pode ser um diferencial decisivo ao longo da temporada.<\/p>\n\n\n\n<p>Com dois t\u00edtulos j\u00e1 na bagagem, o Flamengo de L\u00e9o Ortiz inicia a campanha no Brasileir\u00e3o neste s\u00e1bado (29). O Rubro-Negro vai enfrentar o Internacional, no Maracan\u00e3, \u00e0s 21h (de Bras\u00edlia), pela primeira rodada do torneio nacional. <\/p>\n","protected":false},"excerpt":{"rendered":"<p>L\u00e9o Ortiz vive um momento de empolga\u00e7\u00e3o no Flamengo. Ap\u00f3s conquistar a Supercopa do Brasil e o Campeonato Carioca, o zagueiro destacou o desempenho coletivo do elenco sob o comando de Filipe Lu\u00eds. Segundo ele, o n\u00edvel das atua\u00e7\u00f5es d\u00e1 confian\u00e7a para pensar em voos mais altos ao longo da temporada. Durante evento de premia\u00e7\u00e3o [&hellip;]<\/p>\n","protected":false},"author":18,"featured_media":171098,"comment_status":"open","ping_status":"closed","sticky":false,"template":"","format":"standard","meta":{"footnotes":""},"categories":[1],"tags":[],"class_list":["post-246385","post","type-post","status-publish","format-standard","has-post-thumbnail","hentry","category-flamengo"],"yoast_head":"<!-- This site is optimized with the Yoast SEO Premium plugin v24.2 (Yoast SEO v26.9) - https:\/\/yoast.com\/product\/yoast-seo-premium-wordpress\/ -->\n<title>L\u00e9o Ortiz aponta desafios do Flamengo em 2025<\/title>\n<meta name=\"robots\" content=\"index, follow, max-snippet:-1, max-image-preview:large, max-video-preview:-1\" \/>\n<link rel=\"canonical\" href=\"https:\/\/www.gaveanews.com\/index.php\/2025\/03\/29\/leo-ortiz-aponta-desafios-do-flamengo-em-2025\/\" \/>\n<meta property=\"og:locale\" content=\"pt_BR\" \/>\n<meta property=\"og:type\" content=\"article\" \/>\n<meta property=\"og:title\" content=\"L\u00e9o Ortiz aponta desafios do Flamengo em 2025\" \/>\n<meta property=\"og:description\" content=\"L\u00e9o Ortiz vive um momento de empolga\u00e7\u00e3o no Flamengo. Ap\u00f3s conquistar a Supercopa do Brasil e o Campeonato Carioca, o zagueiro destacou o desempenho coletivo do elenco sob o comando de Filipe Lu\u00eds. Segundo ele, o n\u00edvel das atua\u00e7\u00f5es d\u00e1 confian\u00e7a para pensar em voos mais altos ao longo da temporada. Durante evento de premia\u00e7\u00e3o [&hellip;]\" \/>\n<meta property=\"og:url\" content=\"https:\/\/www.gaveanews.com\/index.php\/2025\/03\/29\/leo-ortiz-aponta-desafios-do-flamengo-em-2025\/\" \/>\n<meta property=\"og:site_name\" content=\"G\u00e1vea News\" \/>\n<meta property=\"article:publisher\" content=\"https:\/\/facebook.com\/gaveaNews\/\" \/>\n<meta property=\"article:published_time\" content=\"2025-03-29T17:45:00+00:00\" \/>\n<meta property=\"og:image\" content=\"https:\/\/www.gaveanews.com\/wp-content\/uploads\/Leo-Ortiz-durante-jogo-contra-o-Corinthians-no-Maracana-pela-semifinal-da-Copa-do-Brasil.webp\" \/>\n\t<meta property=\"og:image:width\" content=\"750\" \/>\n\t<meta property=\"og:image:height\" content=\"499\" \/>\n\t<meta property=\"og:image:type\" content=\"image\/jpeg\" \/>\n<meta name=\"author\" content=\"Paula Silva\" \/>\n<meta name=\"twitter:card\" content=\"summary_large_image\" \/>\n<meta name=\"twitter:label1\" content=\"Escrito por\" \/>\n\t<meta name=\"twitter:data1\" content=\"Paula Silva\" \/>\n\t<meta name=\"twitter:label2\" content=\"Est. tempo de leitura\" \/>\n\t<meta name=\"twitter:data2\" content=\"2 minutos\" \/>\n<script type=\"application\/ld+json\" class=\"yoast-schema-graph\">{\"@context\":\"https:\/\/schema.org\",\"@graph\":[{\"@type\":\"NewsArticle\",\"@id\":\"https:\/\/www.gaveanews.com\/index.php\/2025\/03\/29\/leo-ortiz-aponta-desafios-do-flamengo-em-2025\/#article\",\"isPartOf\":{\"@id\":\"https:\/\/www.gaveanews.com\/index.php\/2025\/03\/29\/leo-ortiz-aponta-desafios-do-flamengo-em-2025\/\"},\"author\":{\"name\":\"Paula Silva\",\"@id\":\"https:\/\/www.gaveanews.com\/#\/schema\/person\/daf63eec72e1164eb13dc35096c2b8da\"},\"headline\":\"L\u00e9o Ortiz aponta desafios do Flamengo em 2025\",\"datePublished\":\"2025-03-29T17:45:00+00:00\",\"mainEntityOfPage\":{\"@id\":\"https:\/\/www.gaveanews.com\/index.php\/2025\/03\/29\/leo-ortiz-aponta-desafios-do-flamengo-em-2025\/\"},\"wordCount\":363,\"commentCount\":0,\"image\":{\"@id\":\"https:\/\/www.gaveanews.com\/index.php\/2025\/03\/29\/leo-ortiz-aponta-desafios-do-flamengo-em-2025\/#primaryimage\"},\"thumbnailUrl\":\"https:\/\/www.gaveanews.com\/wp-content\/uploads\/Leo-Ortiz-durante-jogo-contra-o-Corinthians-no-Maracana-pela-semifinal-da-Copa-do-Brasil.webp\",\"articleSection\":[\"Flamengo\"],\"inLanguage\":\"pt-BR\",\"potentialAction\":[{\"@type\":\"CommentAction\",\"name\":\"Comment\",\"target\":[\"https:\/\/www.gaveanews.com\/index.php\/2025\/03\/29\/leo-ortiz-aponta-desafios-do-flamengo-em-2025\/#respond\"]}],\"copyrightYear\":\"2025\",\"copyrightHolder\":{\"@id\":\"https:\/\/www.gaveanews.com\/#organization\"}},{\"@type\":\"WebPage\",\"@id\":\"https:\/\/www.gaveanews.com\/index.php\/2025\/03\/29\/leo-ortiz-aponta-desafios-do-flamengo-em-2025\/\",\"url\":\"https:\/\/www.gaveanews.com\/index.php\/2025\/03\/29\/leo-ortiz-aponta-desafios-do-flamengo-em-2025\/\",\"name\":\"L\u00e9o Ortiz aponta desafios do Flamengo em 2025\",\"isPartOf\":{\"@id\":\"https:\/\/www.gaveanews.com\/#website\"},\"primaryImageOfPage\":{\"@id\":\"https:\/\/www.gaveanews.com\/index.php\/2025\/03\/29\/leo-ortiz-aponta-desafios-do-flamengo-em-2025\/#primaryimage\"},\"image\":{\"@id\":\"https:\/\/www.gaveanews.com\/index.php\/2025\/03\/29\/leo-ortiz-aponta-desafios-do-flamengo-em-2025\/#primaryimage\"},\"thumbnailUrl\":\"https:\/\/www.gaveanews.com\/wp-content\/uploads\/Leo-Ortiz-durante-jogo-contra-o-Corinthians-no-Maracana-pela-semifinal-da-Copa-do-Brasil.webp\",\"datePublished\":\"2025-03-29T17:45:00+00:00\",\"author\":{\"@id\":\"https:\/\/www.gaveanews.com\/#\/schema\/person\/daf63eec72e1164eb13dc35096c2b8da\"},\"breadcrumb\":{\"@id\":\"https:\/\/www.gaveanews.com\/index.php\/2025\/03\/29\/leo-ortiz-aponta-desafios-do-flamengo-em-2025\/#breadcrumb\"},\"inLanguage\":\"pt-BR\",\"potentialAction\":[{\"@type\":\"ReadAction\",\"target\":[\"https:\/\/www.gaveanews.com\/index.php\/2025\/03\/29\/leo-ortiz-aponta-desafios-do-flamengo-em-2025\/\"]}]},{\"@type\":\"ImageObject\",\"inLanguage\":\"pt-BR\",\"@id\":\"https:\/\/www.gaveanews.com\/index.php\/2025\/03\/29\/leo-ortiz-aponta-desafios-do-flamengo-em-2025\/#primaryimage\",\"url\":\"https:\/\/www.gaveanews.com\/wp-content\/uploads\/Leo-Ortiz-durante-jogo-contra-o-Corinthians-no-Maracana-pela-semifinal-da-Copa-do-Brasil.webp\",\"contentUrl\":\"https:\/\/www.gaveanews.com\/wp-content\/uploads\/Leo-Ortiz-durante-jogo-contra-o-Corinthians-no-Maracana-pela-semifinal-da-Copa-do-Brasil.webp\",\"width\":750,\"height\":499,\"caption\":\"L\u00e9o Ortiz durante jogo contra o Corinthians, no Maracan\u00e3, pela semifinal da Copa do Brasil (Foto: Gilvan de Souza\/Flamengo)\"},{\"@type\":\"BreadcrumbList\",\"@id\":\"https:\/\/www.gaveanews.com\/index.php\/2025\/03\/29\/leo-ortiz-aponta-desafios-do-flamengo-em-2025\/#breadcrumb\",\"itemListElement\":[{\"@type\":\"ListItem\",\"position\":1,\"name\":\"Home\",\"item\":\"https:\/\/www.gaveanews.com\/\"},{\"@type\":\"ListItem\",\"position\":2,\"name\":\"L\u00e9o Ortiz aponta desafios do Flamengo em 2025\"}]},{\"@type\":\"WebSite\",\"@id\":\"https:\/\/www.gaveanews.com\/#website\",\"url\":\"https:\/\/www.gaveanews.com\/\",\"name\":\"G\u00e1vea News\",\"description\":\"Veja todas as not\u00edcias sobre o Flamengo: Contrata\u00e7\u00f5es, categorias de base, resultados das partidas, tabela de classifica\u00e7\u00e3o, pr\u00f3ximos jogos!\",\"potentialAction\":[{\"@type\":\"SearchAction\",\"target\":{\"@type\":\"EntryPoint\",\"urlTemplate\":\"https:\/\/www.gaveanews.com\/?s={search_term_string}\"},\"query-input\":{\"@type\":\"PropertyValueSpecification\",\"valueRequired\":true,\"valueName\":\"search_term_string\"}}],\"inLanguage\":\"pt-BR\"},{\"@type\":\"Person\",\"@id\":\"https:\/\/www.gaveanews.com\/#\/schema\/person\/daf63eec72e1164eb13dc35096c2b8da\",\"name\":\"Paula Silva\",\"image\":{\"@type\":\"ImageObject\",\"inLanguage\":\"pt-BR\",\"@id\":\"https:\/\/www.gaveanews.com\/#\/schema\/person\/image\/\",\"url\":\"https:\/\/secure.gravatar.com\/avatar\/eda381c845527cc5d64c13b901833cda29d97500ba040d3e6461f76f51d163bb?s=96&d=mm&r=g\",\"contentUrl\":\"https:\/\/secure.gravatar.com\/avatar\/eda381c845527cc5d64c13b901833cda29d97500ba040d3e6461f76f51d163bb?s=96&d=mm&r=g\",\"caption\":\"Paula Silva\"}}]}<\/script>\n<!-- \/ Yoast SEO Premium plugin. -->","yoast_head_json":{"title":"L\u00e9o Ortiz aponta desafios do Flamengo em 2025","robots":{"index":"index","follow":"follow","max-snippet":"max-snippet:-1","max-image-preview":"max-image-preview:large","max-video-preview":"max-video-preview:-1"},"canonical":"https:\/\/www.gaveanews.com\/index.php\/2025\/03\/29\/leo-ortiz-aponta-desafios-do-flamengo-em-2025\/","og_locale":"pt_BR","og_type":"article","og_title":"L\u00e9o Ortiz aponta desafios do Flamengo em 2025","og_description":"L\u00e9o Ortiz vive um momento de empolga\u00e7\u00e3o no Flamengo. Ap\u00f3s conquistar a Supercopa do Brasil e o Campeonato Carioca, o zagueiro destacou o desempenho coletivo do elenco sob o comando de Filipe Lu\u00eds. Segundo ele, o n\u00edvel das atua\u00e7\u00f5es d\u00e1 confian\u00e7a para pensar em voos mais altos ao longo da temporada. Durante evento de premia\u00e7\u00e3o [&hellip;]","og_url":"https:\/\/www.gaveanews.com\/index.php\/2025\/03\/29\/leo-ortiz-aponta-desafios-do-flamengo-em-2025\/","og_site_name":"G\u00e1vea News","article_publisher":"https:\/\/facebook.com\/gaveaNews\/","article_published_time":"2025-03-29T17:45:00+00:00","og_image":[{"width":750,"height":499,"url":"https:\/\/www.gaveanews.com\/wp-content\/uploads\/Leo-Ortiz-durante-jogo-contra-o-Corinthians-no-Maracana-pela-semifinal-da-Copa-do-Brasil.webp","type":"image\/jpeg"}],"author":"Paula Silva","twitter_card":"summary_large_image","twitter_misc":{"Escrito por":"Paula Silva","Est. tempo de leitura":"2 minutos"},"schema":{"@context":"https:\/\/schema.org","@graph":[{"@type":"NewsArticle","@id":"https:\/\/www.gaveanews.com\/index.php\/2025\/03\/29\/leo-ortiz-aponta-desafios-do-flamengo-em-2025\/#article","isPartOf":{"@id":"https:\/\/www.gaveanews.com\/index.php\/2025\/03\/29\/leo-ortiz-aponta-desafios-do-flamengo-em-2025\/"},"author":{"name":"Paula Silva","@id":"https:\/\/www.gaveanews.com\/#\/schema\/person\/daf63eec72e1164eb13dc35096c2b8da"},"headline":"L\u00e9o Ortiz aponta desafios do Flamengo em 2025","datePublished":"2025-03-29T17:45:00+00:00","mainEntityOfPage":{"@id":"https:\/\/www.gaveanews.com\/index.php\/2025\/03\/29\/leo-ortiz-aponta-desafios-do-flamengo-em-2025\/"},"wordCount":363,"commentCount":0,"image":{"@id":"https:\/\/www.gaveanews.com\/index.php\/2025\/03\/29\/leo-ortiz-aponta-desafios-do-flamengo-em-2025\/#primaryimage"},"thumbnailUrl":"https:\/\/www.gaveanews.com\/wp-content\/uploads\/Leo-Ortiz-durante-jogo-contra-o-Corinthians-no-Maracana-pela-semifinal-da-Copa-do-Brasil.webp","articleSection":["Flamengo"],"inLanguage":"pt-BR","potentialAction":[{"@type":"CommentAction","name":"Comment","target":["https:\/\/www.gaveanews.com\/index.php\/2025\/03\/29\/leo-ortiz-aponta-desafios-do-flamengo-em-2025\/#respond"]}],"copyrightYear":"2025","copyrightHolder":{"@id":"https:\/\/www.gaveanews.com\/#organization"}},{"@type":"WebPage","@id":"https:\/\/www.gaveanews.com\/index.php\/2025\/03\/29\/leo-ortiz-aponta-desafios-do-flamengo-em-2025\/","url":"https:\/\/www.gaveanews.com\/index.php\/2025\/03\/29\/leo-ortiz-aponta-desafios-do-flamengo-em-2025\/","name":"L\u00e9o Ortiz aponta desafios do Flamengo em 2025","isPartOf":{"@id":"https:\/\/www.gaveanews.com\/#website"},"primaryImageOfPage":{"@id":"https:\/\/www.gaveanews.com\/index.php\/2025\/03\/29\/leo-ortiz-aponta-desafios-do-flamengo-em-2025\/#primaryimage"},"image":{"@id":"https:\/\/www.gaveanews.com\/index.php\/2025\/03\/29\/leo-ortiz-aponta-desafios-do-flamengo-em-2025\/#primaryimage"},"thumbnailUrl":"https:\/\/www.gaveanews.com\/wp-content\/uploads\/Leo-Ortiz-durante-jogo-contra-o-Corinthians-no-Maracana-pela-semifinal-da-Copa-do-Brasil.webp","datePublished":"2025-03-29T17:45:00+00:00","author":{"@id":"https:\/\/www.gaveanews.com\/#\/schema\/person\/daf63eec72e1164eb13dc35096c2b8da"},"breadcrumb":{"@id":"https:\/\/www.gaveanews.com\/index.php\/2025\/03\/29\/leo-ortiz-aponta-desafios-do-flamengo-em-2025\/#breadcrumb"},"inLanguage":"pt-BR","potentialAction":[{"@type":"ReadAction","target":["https:\/\/www.gaveanews.com\/index.php\/2025\/03\/29\/leo-ortiz-aponta-desafios-do-flamengo-em-2025\/"]}]},{"@type":"ImageObject","inLanguage":"pt-BR","@id":"https:\/\/www.gaveanews.com\/index.php\/2025\/03\/29\/leo-ortiz-aponta-desafios-do-flamengo-em-2025\/#primaryimage","url":"https:\/\/www.gaveanews.com\/wp-content\/uploads\/Leo-Ortiz-durante-jogo-contra-o-Corinthians-no-Maracana-pela-semifinal-da-Copa-do-Brasil.webp","contentUrl":"https:\/\/www.gaveanews.com\/wp-content\/uploads\/Leo-Ortiz-durante-jogo-contra-o-Corinthians-no-Maracana-pela-semifinal-da-Copa-do-Brasil.webp","width":750,"height":499,"caption":"L\u00e9o Ortiz durante jogo contra o Corinthians, no Maracan\u00e3, pela semifinal da Copa do Brasil (Foto: Gilvan de Souza\/Flamengo)"},{"@type":"BreadcrumbList","@id":"https:\/\/www.gaveanews.com\/index.php\/2025\/03\/29\/leo-ortiz-aponta-desafios-do-flamengo-em-2025\/#breadcrumb","itemListElement":[{"@type":"ListItem","position":1,"name":"Home","item":"https:\/\/www.gaveanews.com\/"},{"@type":"ListItem","position":2,"name":"L\u00e9o Ortiz aponta desafios do Flamengo em 2025"}]},{"@type":"WebSite","@id":"https:\/\/www.gaveanews.com\/#website","url":"https:\/\/www.gaveanews.com\/","name":"G\u00e1vea News","description":"Veja todas as not\u00edcias sobre o Flamengo: Contrata\u00e7\u00f5es, categorias de base, resultados das partidas, tabela de classifica\u00e7\u00e3o, pr\u00f3ximos jogos!","potentialAction":[{"@type":"SearchAction","target":{"@type":"EntryPoint","urlTemplate":"https:\/\/www.gaveanews.com\/?s={search_term_string}"},"query-input":{"@type":"PropertyValueSpecification","valueRequired":true,"valueName":"search_term_string"}}],"inLanguage":"pt-BR"},{"@type":"Person","@id":"https:\/\/www.gaveanews.com\/#\/schema\/person\/daf63eec72e1164eb13dc35096c2b8da","name":"Paula Silva","image":{"@type":"ImageObject","inLanguage":"pt-BR","@id":"https:\/\/www.gaveanews.com\/#\/schema\/person\/image\/","url":"https:\/\/secure.gravatar.com\/avatar\/eda381c845527cc5d64c13b901833cda29d97500ba040d3e6461f76f51d163bb?s=96&d=mm&r=g","contentUrl":"https:\/\/secure.gravatar.com\/avatar\/eda381c845527cc5d64c13b901833cda29d97500ba040d3e6461f76f51d163bb?s=96&d=mm&r=g","caption":"Paula Silva"}}]}},"_links":{"self":[{"href":"https:\/\/www.gaveanews.com\/index.php\/wp-json\/wp\/v2\/posts\/246385","targetHints":{"allow":["GET"]}}],"collection":[{"href":"https:\/\/www.gaveanews.com\/index.php\/wp-json\/wp\/v2\/posts"}],"about":[{"href":"https:\/\/www.gaveanews.com\/index.php\/wp-json\/wp\/v2\/types\/post"}],"author":[{"embeddable":true,"href":"https:\/\/www.gaveanews.com\/index.php\/wp-json\/wp\/v2\/users\/18"}],"replies":[{"embeddable":true,"href":"https:\/\/www.gaveanews.com\/index.php\/wp-json\/wp\/v2\/comments?post=246385"}],"version-history":[{"count":1,"href":"https:\/\/www.gaveanews.com\/index.php\/wp-json\/wp\/v2\/posts\/246385\/revisions"}],"predecessor-version":[{"id":246389,"href":"https:\/\/www.gaveanews.com\/index.php\/wp-json\/wp\/v2\/posts\/246385\/revisions\/246389"}],"wp:featuredmedia":[{"embeddable":true,"href":"https:\/\/www.gaveanews.com\/index.php\/wp-json\/wp\/v2\/media\/171098"}],"wp:attachment":[{"href":"https:\/\/www.gaveanews.com\/index.php\/wp-json\/wp\/v2\/media?parent=246385"}],"wp:term":[{"taxonomy":"category","embeddable":true,"href":"https:\/\/www.gaveanews.com\/index.php\/wp-json\/wp\/v2\/categories?post=246385"},{"taxonomy":"post_tag","embeddable":true,"href":"https:\/\/www.gaveanews.com\/index.php\/wp-json\/wp\/v2\/tags?post=246385"}],"curies":[{"name":"wp","href":"https:\/\/api.w.org\/{rel}","templated":true}]}}