{"id":246400,"date":"2025-03-29T17:00:00","date_gmt":"2025-03-29T20:00:00","guid":{"rendered":"https:\/\/www.gaveanews.com\/?p=246400"},"modified":"2025-03-29T15:34:11","modified_gmt":"2025-03-29T18:34:11","slug":"a-declaracao-de-gustavo-henrique-sobre-seu-futuro-no-corinthians","status":"publish","type":"post","link":"https:\/\/www.gaveanews.com\/index.php\/2025\/03\/29\/a-declaracao-de-gustavo-henrique-sobre-seu-futuro-no-corinthians\/","title":{"rendered":"A declara\u00e7\u00e3o de Gustavo Henrique sobre seu futuro no Corinthians"},"content":{"rendered":"\n<p>Com a recente conquista do Campeonato Paulista pelo Corinthians sobre o Palmeiras, na \u00faltima quinta-feira (27), a situa\u00e7\u00e3o contratual do zagueiro Gustavo Henrique entrou em pauta. O v\u00ednculo atual do defensor com o Tim\u00e3o encerra-se em dezembro deste ano, consequentemente, seu futuro no clube permanece uma inc\u00f3gnita.<\/p>\n\n\n\n<p>O pr\u00f3prio jogador expressou publicamente seu desejo de continuar defendendo as cores do Corinthians. Todavia, ele adota uma postura cautelosa e evita fazer progn\u00f3sticos sobre as negocia\u00e7\u00f5es para a renova\u00e7\u00e3o de seu contrato.<\/p>\n\n\n\n<p>Gustavo Henrique prefere delegar as tratativas diretamente ao seu empres\u00e1rio, mantendo assim seu foco total nas responsabilidades dentro de campo. Em entrevista concedida \u00e0 R\u00e1dio Itatiaia, ele abordou brevemente o assunto.<\/p>\n\n\n\n<p>&#8220;Nem procuro saber muito (renova\u00e7\u00e3o contratual), deixo isso para meu empres\u00e1rio&#8221;, comentou o zagueiro. Ele complementou: &#8220;Estava focado em trabalhar para conseguir esse t\u00edtulo, gra\u00e7as a Deus conseguimos. E o futuro a Deus pertence. Quero muito ficar, gosto do clube, espero que d\u00ea tudo certo\u201d.<\/p>\n\n\n\n<h2 class=\"wp-block-heading\" id=\"h-desejo-de-permanencia-e-foco-no-agente\">Desejo de Perman\u00eancia e Foco no Agente<\/h2>\n\n\n\n<p>Gustavo Henrique firmou-se como pe\u00e7a fundamental no esquema defensivo montado pelo t\u00e9cnico Ram\u00f3n D\u00edaz, ocupando a titularidade absoluta na zaga. Embora tenha come\u00e7ado a temporada afastado por les\u00e3o, o jogador recuperou sua condi\u00e7\u00e3o f\u00edsica e engatou uma importante sequ\u00eancia de seis jogos consecutivos entre os titulares.<\/p>\n\n\n\n<p>Informa\u00e7\u00f5es do portal &#8216;Itatiaia&#8217; indicam que a diretoria corintiana tem, de fato, interesse em estender o v\u00ednculo com o atleta. Contudo, o clube ainda est\u00e1 na fase de alinhar os detalhes e os termos financeiros da proposta que ser\u00e1 formalizada.<\/p>\n\n\n\n<figure class=\"wp-block-image size-full\"><img loading=\"lazy\" decoding=\"async\" width=\"941\" height=\"764\" src=\"http:\/\/www.gaveanews.com\/wp-content\/uploads\/Ramon-Diaz-e-Fabinho-Soldado-durante-treino-do-Corinthians.webp\" alt=\"\" class=\"wp-image-207951\" srcset=\"https:\/\/www.gaveanews.com\/wp-content\/uploads\/Ramon-Diaz-e-Fabinho-Soldado-durante-treino-do-Corinthians.webp 941w, https:\/\/www.gaveanews.com\/wp-content\/uploads\/Ramon-Diaz-e-Fabinho-Soldado-durante-treino-do-Corinthians-300x244.webp 300w, https:\/\/www.gaveanews.com\/wp-content\/uploads\/Ramon-Diaz-e-Fabinho-Soldado-durante-treino-do-Corinthians-768x624.webp 768w, https:\/\/www.gaveanews.com\/wp-content\/uploads\/Ramon-Diaz-e-Fabinho-Soldado-durante-treino-do-Corinthians-517x420.webp 517w, https:\/\/www.gaveanews.com\/wp-content\/uploads\/Ramon-Diaz-e-Fabinho-Soldado-durante-treino-do-Corinthians-640x520.webp 640w, https:\/\/www.gaveanews.com\/wp-content\/uploads\/Ramon-Diaz-e-Fabinho-Soldado-durante-treino-do-Corinthians-681x553.webp 681w, https:\/\/www.gaveanews.com\/wp-content\/uploads\/Ramon-Diaz-e-Fabinho-Soldado-durante-treino-do-Corinthians-100x81.webp 100w\" sizes=\"auto, (max-width: 941px) 100vw, 941px\" \/><figcaption class=\"wp-element-caption\">Ramon Diaz e Fabinho Soldado durante treino do Corinthians (Foto: Rodrigo Coca\/Ag\u00eancia Corinthians)<\/figcaption><\/figure>\n\n\n\n<h2 class=\"wp-block-heading\" id=\"h-importancia-no-elenco-e-interesse-do-clube\">Import\u00e2ncia no elenco e interesse do clube<\/h2>\n\n\n\n<p>A gest\u00e3o do Corinthians demonstra certa preocupa\u00e7\u00e3o com o setor defensivo, sobretudo por conta da oscila\u00e7\u00e3o apresentada por outros nomes da posi\u00e7\u00e3o. Jogadores como Andr\u00e9 Ramalho, F\u00e9lix Torres, Cac\u00e1 e Jo\u00e3o Pedro Tchoca n\u00e3o conseguiram manter uma regularidade consistente, por isso a perman\u00eancia de Gustavo Henrique ganha relev\u00e2ncia.<\/p>\n\n\n\n<p>Aos 32 anos, o zagueiro \u00e9 tamb\u00e9m uma figura de lideran\u00e7a reconhecida no vesti\u00e1rio alvinegro. Sua contrata\u00e7\u00e3o ocorreu na primeira janela de transfer\u00eancias de 2024, logo ap\u00f3s sua passagem pelo Real Valladolid, da Espanha.<\/p>\n\n\n\n<p>Com Gustavo Henrique em campo na decis\u00e3o, o Corinthians assegurou o empate sem gols contra o Palmeiras na Neo Qu\u00edmica Arena. O resultado, somado \u00e0 vit\u00f3ria por 1 a 0 no jogo de ida no Allianz Parque, garantiu ao Tim\u00e3o seu 31\u00ba t\u00edtulo do Campeonato Paulista.<\/p>\n\n\n\n<p>Superada a celebra\u00e7\u00e3o estadual, a equipe j\u00e1 direciona suas aten\u00e7\u00f5es para a estreia no Campeonato Brasileiro. O primeiro desafio do Corinthians na competi\u00e7\u00e3o nacional ser\u00e1 contra o Bahia, neste domingo, \u00e0s 20h (hor\u00e1rio de Bras\u00edlia), na Arena Fonte Nova.<\/p>\n","protected":false},"excerpt":{"rendered":"<p>Com a recente conquista do Campeonato Paulista pelo Corinthians sobre o Palmeiras, na \u00faltima quinta-feira (27), a situa\u00e7\u00e3o contratual do zagueiro Gustavo Henrique entrou em pauta. O v\u00ednculo atual do defensor com o Tim\u00e3o encerra-se em dezembro deste ano, consequentemente, seu futuro no clube permanece uma inc\u00f3gnita. O pr\u00f3prio jogador expressou publicamente seu desejo de [&hellip;]<\/p>\n","protected":false},"author":28,"featured_media":162593,"comment_status":"open","ping_status":"closed","sticky":false,"template":"","format":"standard","meta":{"footnotes":""},"categories":[141],"tags":[],"class_list":["post-246400","post","type-post","status-publish","format-standard","has-post-thumbnail","hentry","category-corinthians"],"yoast_head":"<!-- This site is optimized with the Yoast SEO Premium plugin v24.2 (Yoast SEO v26.9) - https:\/\/yoast.com\/product\/yoast-seo-premium-wordpress\/ -->\n<title>A declara\u00e7\u00e3o de Gustavo Henrique sobre seu futuro no Corinthians<\/title>\n<meta name=\"robots\" content=\"index, follow, max-snippet:-1, max-image-preview:large, max-video-preview:-1\" \/>\n<link rel=\"canonical\" href=\"https:\/\/www.gaveanews.com\/index.php\/2025\/03\/29\/a-declaracao-de-gustavo-henrique-sobre-seu-futuro-no-corinthians\/\" \/>\n<meta property=\"og:locale\" content=\"pt_BR\" \/>\n<meta property=\"og:type\" content=\"article\" \/>\n<meta property=\"og:title\" content=\"A declara\u00e7\u00e3o de Gustavo Henrique sobre seu futuro no Corinthians\" \/>\n<meta property=\"og:description\" content=\"Com a recente conquista do Campeonato Paulista pelo Corinthians sobre o Palmeiras, na \u00faltima quinta-feira (27), a situa\u00e7\u00e3o contratual do zagueiro Gustavo Henrique entrou em pauta. O v\u00ednculo atual do defensor com o Tim\u00e3o encerra-se em dezembro deste ano, consequentemente, seu futuro no clube permanece uma inc\u00f3gnita. O pr\u00f3prio jogador expressou publicamente seu desejo de [&hellip;]\" \/>\n<meta property=\"og:url\" content=\"https:\/\/www.gaveanews.com\/index.php\/2025\/03\/29\/a-declaracao-de-gustavo-henrique-sobre-seu-futuro-no-corinthians\/\" \/>\n<meta property=\"og:site_name\" content=\"G\u00e1vea News\" \/>\n<meta property=\"article:publisher\" content=\"https:\/\/facebook.com\/gaveaNews\/\" \/>\n<meta property=\"article:published_time\" content=\"2025-03-29T20:00:00+00:00\" \/>\n<meta property=\"og:image\" content=\"https:\/\/www.gaveanews.com\/wp-content\/uploads\/gustavo-henrique-860x484-1.webp\" \/>\n\t<meta property=\"og:image:width\" content=\"860\" \/>\n\t<meta property=\"og:image:height\" content=\"484\" \/>\n\t<meta property=\"og:image:type\" content=\"image\/webp\" \/>\n<meta name=\"author\" content=\"Hudson Pereira\" \/>\n<meta name=\"twitter:card\" content=\"summary_large_image\" \/>\n<meta name=\"twitter:label1\" content=\"Escrito por\" \/>\n\t<meta name=\"twitter:data1\" content=\"Hudson Pereira\" \/>\n\t<meta name=\"twitter:label2\" content=\"Est. tempo de leitura\" \/>\n\t<meta name=\"twitter:data2\" content=\"3 minutos\" \/>\n<script type=\"application\/ld+json\" class=\"yoast-schema-graph\">{\"@context\":\"https:\/\/schema.org\",\"@graph\":[{\"@type\":\"NewsArticle\",\"@id\":\"https:\/\/www.gaveanews.com\/index.php\/2025\/03\/29\/a-declaracao-de-gustavo-henrique-sobre-seu-futuro-no-corinthians\/#article\",\"isPartOf\":{\"@id\":\"https:\/\/www.gaveanews.com\/index.php\/2025\/03\/29\/a-declaracao-de-gustavo-henrique-sobre-seu-futuro-no-corinthians\/\"},\"author\":{\"name\":\"Hudson Pereira\",\"@id\":\"https:\/\/www.gaveanews.com\/#\/schema\/person\/bd08f00534b403119b92741a6d469ef0\"},\"headline\":\"A declara\u00e7\u00e3o de Gustavo Henrique sobre seu futuro no Corinthians\",\"datePublished\":\"2025-03-29T20:00:00+00:00\",\"mainEntityOfPage\":{\"@id\":\"https:\/\/www.gaveanews.com\/index.php\/2025\/03\/29\/a-declaracao-de-gustavo-henrique-sobre-seu-futuro-no-corinthians\/\"},\"wordCount\":492,\"commentCount\":0,\"image\":{\"@id\":\"https:\/\/www.gaveanews.com\/index.php\/2025\/03\/29\/a-declaracao-de-gustavo-henrique-sobre-seu-futuro-no-corinthians\/#primaryimage\"},\"thumbnailUrl\":\"https:\/\/www.gaveanews.com\/wp-content\/uploads\/gustavo-henrique-860x484-1.webp\",\"articleSection\":[\"Corinthians\"],\"inLanguage\":\"pt-BR\",\"potentialAction\":[{\"@type\":\"CommentAction\",\"name\":\"Comment\",\"target\":[\"https:\/\/www.gaveanews.com\/index.php\/2025\/03\/29\/a-declaracao-de-gustavo-henrique-sobre-seu-futuro-no-corinthians\/#respond\"]}],\"copyrightYear\":\"2025\",\"copyrightHolder\":{\"@id\":\"https:\/\/www.gaveanews.com\/#organization\"}},{\"@type\":\"WebPage\",\"@id\":\"https:\/\/www.gaveanews.com\/index.php\/2025\/03\/29\/a-declaracao-de-gustavo-henrique-sobre-seu-futuro-no-corinthians\/\",\"url\":\"https:\/\/www.gaveanews.com\/index.php\/2025\/03\/29\/a-declaracao-de-gustavo-henrique-sobre-seu-futuro-no-corinthians\/\",\"name\":\"A declara\u00e7\u00e3o de Gustavo Henrique sobre seu futuro no Corinthians\",\"isPartOf\":{\"@id\":\"https:\/\/www.gaveanews.com\/#website\"},\"primaryImageOfPage\":{\"@id\":\"https:\/\/www.gaveanews.com\/index.php\/2025\/03\/29\/a-declaracao-de-gustavo-henrique-sobre-seu-futuro-no-corinthians\/#primaryimage\"},\"image\":{\"@id\":\"https:\/\/www.gaveanews.com\/index.php\/2025\/03\/29\/a-declaracao-de-gustavo-henrique-sobre-seu-futuro-no-corinthians\/#primaryimage\"},\"thumbnailUrl\":\"https:\/\/www.gaveanews.com\/wp-content\/uploads\/gustavo-henrique-860x484-1.webp\",\"datePublished\":\"2025-03-29T20:00:00+00:00\",\"author\":{\"@id\":\"https:\/\/www.gaveanews.com\/#\/schema\/person\/bd08f00534b403119b92741a6d469ef0\"},\"breadcrumb\":{\"@id\":\"https:\/\/www.gaveanews.com\/index.php\/2025\/03\/29\/a-declaracao-de-gustavo-henrique-sobre-seu-futuro-no-corinthians\/#breadcrumb\"},\"inLanguage\":\"pt-BR\",\"potentialAction\":[{\"@type\":\"ReadAction\",\"target\":[\"https:\/\/www.gaveanews.com\/index.php\/2025\/03\/29\/a-declaracao-de-gustavo-henrique-sobre-seu-futuro-no-corinthians\/\"]}]},{\"@type\":\"ImageObject\",\"inLanguage\":\"pt-BR\",\"@id\":\"https:\/\/www.gaveanews.com\/index.php\/2025\/03\/29\/a-declaracao-de-gustavo-henrique-sobre-seu-futuro-no-corinthians\/#primaryimage\",\"url\":\"https:\/\/www.gaveanews.com\/wp-content\/uploads\/gustavo-henrique-860x484-1.webp\",\"contentUrl\":\"https:\/\/www.gaveanews.com\/wp-content\/uploads\/gustavo-henrique-860x484-1.webp\",\"width\":860,\"height\":484,\"caption\":\"Gustavo Henrique - Foto: Reprodu\u00e7\u00e3o\/Premiere\"},{\"@type\":\"BreadcrumbList\",\"@id\":\"https:\/\/www.gaveanews.com\/index.php\/2025\/03\/29\/a-declaracao-de-gustavo-henrique-sobre-seu-futuro-no-corinthians\/#breadcrumb\",\"itemListElement\":[{\"@type\":\"ListItem\",\"position\":1,\"name\":\"Home\",\"item\":\"https:\/\/www.gaveanews.com\/\"},{\"@type\":\"ListItem\",\"position\":2,\"name\":\"A declara\u00e7\u00e3o de Gustavo Henrique sobre seu futuro no Corinthians\"}]},{\"@type\":\"WebSite\",\"@id\":\"https:\/\/www.gaveanews.com\/#website\",\"url\":\"https:\/\/www.gaveanews.com\/\",\"name\":\"G\u00e1vea News\",\"description\":\"Veja todas as not\u00edcias sobre o Flamengo: Contrata\u00e7\u00f5es, categorias de base, resultados das partidas, tabela de classifica\u00e7\u00e3o, pr\u00f3ximos jogos!\",\"potentialAction\":[{\"@type\":\"SearchAction\",\"target\":{\"@type\":\"EntryPoint\",\"urlTemplate\":\"https:\/\/www.gaveanews.com\/?s={search_term_string}\"},\"query-input\":{\"@type\":\"PropertyValueSpecification\",\"valueRequired\":true,\"valueName\":\"search_term_string\"}}],\"inLanguage\":\"pt-BR\"},{\"@type\":\"Person\",\"@id\":\"https:\/\/www.gaveanews.com\/#\/schema\/person\/bd08f00534b403119b92741a6d469ef0\",\"name\":\"Hudson Pereira\",\"image\":{\"@type\":\"ImageObject\",\"inLanguage\":\"pt-BR\",\"@id\":\"https:\/\/www.gaveanews.com\/#\/schema\/person\/image\/\",\"url\":\"https:\/\/secure.gravatar.com\/avatar\/ecc491b489e454e510efffc9b23c1052ce5fb4f2e05555768ba65819cd55f03e?s=96&d=mm&r=g\",\"contentUrl\":\"https:\/\/secure.gravatar.com\/avatar\/ecc491b489e454e510efffc9b23c1052ce5fb4f2e05555768ba65819cd55f03e?s=96&d=mm&r=g\",\"caption\":\"Hudson Pereira\"}}]}<\/script>\n<!-- \/ Yoast SEO Premium plugin. -->","yoast_head_json":{"title":"A declara\u00e7\u00e3o de Gustavo Henrique sobre seu futuro no Corinthians","robots":{"index":"index","follow":"follow","max-snippet":"max-snippet:-1","max-image-preview":"max-image-preview:large","max-video-preview":"max-video-preview:-1"},"canonical":"https:\/\/www.gaveanews.com\/index.php\/2025\/03\/29\/a-declaracao-de-gustavo-henrique-sobre-seu-futuro-no-corinthians\/","og_locale":"pt_BR","og_type":"article","og_title":"A declara\u00e7\u00e3o de Gustavo Henrique sobre seu futuro no Corinthians","og_description":"Com a recente conquista do Campeonato Paulista pelo Corinthians sobre o Palmeiras, na \u00faltima quinta-feira (27), a situa\u00e7\u00e3o contratual do zagueiro Gustavo Henrique entrou em pauta. O v\u00ednculo atual do defensor com o Tim\u00e3o encerra-se em dezembro deste ano, consequentemente, seu futuro no clube permanece uma inc\u00f3gnita. O pr\u00f3prio jogador expressou publicamente seu desejo de [&hellip;]","og_url":"https:\/\/www.gaveanews.com\/index.php\/2025\/03\/29\/a-declaracao-de-gustavo-henrique-sobre-seu-futuro-no-corinthians\/","og_site_name":"G\u00e1vea News","article_publisher":"https:\/\/facebook.com\/gaveaNews\/","article_published_time":"2025-03-29T20:00:00+00:00","og_image":[{"width":860,"height":484,"url":"https:\/\/www.gaveanews.com\/wp-content\/uploads\/gustavo-henrique-860x484-1.webp","type":"image\/webp"}],"author":"Hudson Pereira","twitter_card":"summary_large_image","twitter_misc":{"Escrito por":"Hudson Pereira","Est. tempo de leitura":"3 minutos"},"schema":{"@context":"https:\/\/schema.org","@graph":[{"@type":"NewsArticle","@id":"https:\/\/www.gaveanews.com\/index.php\/2025\/03\/29\/a-declaracao-de-gustavo-henrique-sobre-seu-futuro-no-corinthians\/#article","isPartOf":{"@id":"https:\/\/www.gaveanews.com\/index.php\/2025\/03\/29\/a-declaracao-de-gustavo-henrique-sobre-seu-futuro-no-corinthians\/"},"author":{"name":"Hudson Pereira","@id":"https:\/\/www.gaveanews.com\/#\/schema\/person\/bd08f00534b403119b92741a6d469ef0"},"headline":"A declara\u00e7\u00e3o de Gustavo Henrique sobre seu futuro no Corinthians","datePublished":"2025-03-29T20:00:00+00:00","mainEntityOfPage":{"@id":"https:\/\/www.gaveanews.com\/index.php\/2025\/03\/29\/a-declaracao-de-gustavo-henrique-sobre-seu-futuro-no-corinthians\/"},"wordCount":492,"commentCount":0,"image":{"@id":"https:\/\/www.gaveanews.com\/index.php\/2025\/03\/29\/a-declaracao-de-gustavo-henrique-sobre-seu-futuro-no-corinthians\/#primaryimage"},"thumbnailUrl":"https:\/\/www.gaveanews.com\/wp-content\/uploads\/gustavo-henrique-860x484-1.webp","articleSection":["Corinthians"],"inLanguage":"pt-BR","potentialAction":[{"@type":"CommentAction","name":"Comment","target":["https:\/\/www.gaveanews.com\/index.php\/2025\/03\/29\/a-declaracao-de-gustavo-henrique-sobre-seu-futuro-no-corinthians\/#respond"]}],"copyrightYear":"2025","copyrightHolder":{"@id":"https:\/\/www.gaveanews.com\/#organization"}},{"@type":"WebPage","@id":"https:\/\/www.gaveanews.com\/index.php\/2025\/03\/29\/a-declaracao-de-gustavo-henrique-sobre-seu-futuro-no-corinthians\/","url":"https:\/\/www.gaveanews.com\/index.php\/2025\/03\/29\/a-declaracao-de-gustavo-henrique-sobre-seu-futuro-no-corinthians\/","name":"A declara\u00e7\u00e3o de Gustavo Henrique sobre seu futuro no Corinthians","isPartOf":{"@id":"https:\/\/www.gaveanews.com\/#website"},"primaryImageOfPage":{"@id":"https:\/\/www.gaveanews.com\/index.php\/2025\/03\/29\/a-declaracao-de-gustavo-henrique-sobre-seu-futuro-no-corinthians\/#primaryimage"},"image":{"@id":"https:\/\/www.gaveanews.com\/index.php\/2025\/03\/29\/a-declaracao-de-gustavo-henrique-sobre-seu-futuro-no-corinthians\/#primaryimage"},"thumbnailUrl":"https:\/\/www.gaveanews.com\/wp-content\/uploads\/gustavo-henrique-860x484-1.webp","datePublished":"2025-03-29T20:00:00+00:00","author":{"@id":"https:\/\/www.gaveanews.com\/#\/schema\/person\/bd08f00534b403119b92741a6d469ef0"},"breadcrumb":{"@id":"https:\/\/www.gaveanews.com\/index.php\/2025\/03\/29\/a-declaracao-de-gustavo-henrique-sobre-seu-futuro-no-corinthians\/#breadcrumb"},"inLanguage":"pt-BR","potentialAction":[{"@type":"ReadAction","target":["https:\/\/www.gaveanews.com\/index.php\/2025\/03\/29\/a-declaracao-de-gustavo-henrique-sobre-seu-futuro-no-corinthians\/"]}]},{"@type":"ImageObject","inLanguage":"pt-BR","@id":"https:\/\/www.gaveanews.com\/index.php\/2025\/03\/29\/a-declaracao-de-gustavo-henrique-sobre-seu-futuro-no-corinthians\/#primaryimage","url":"https:\/\/www.gaveanews.com\/wp-content\/uploads\/gustavo-henrique-860x484-1.webp","contentUrl":"https:\/\/www.gaveanews.com\/wp-content\/uploads\/gustavo-henrique-860x484-1.webp","width":860,"height":484,"caption":"Gustavo Henrique - Foto: Reprodu\u00e7\u00e3o\/Premiere"},{"@type":"BreadcrumbList","@id":"https:\/\/www.gaveanews.com\/index.php\/2025\/03\/29\/a-declaracao-de-gustavo-henrique-sobre-seu-futuro-no-corinthians\/#breadcrumb","itemListElement":[{"@type":"ListItem","position":1,"name":"Home","item":"https:\/\/www.gaveanews.com\/"},{"@type":"ListItem","position":2,"name":"A declara\u00e7\u00e3o de Gustavo Henrique sobre seu futuro no Corinthians"}]},{"@type":"WebSite","@id":"https:\/\/www.gaveanews.com\/#website","url":"https:\/\/www.gaveanews.com\/","name":"G\u00e1vea News","description":"Veja todas as not\u00edcias sobre o Flamengo: Contrata\u00e7\u00f5es, categorias de base, resultados das partidas, tabela de classifica\u00e7\u00e3o, pr\u00f3ximos jogos!","potentialAction":[{"@type":"SearchAction","target":{"@type":"EntryPoint","urlTemplate":"https:\/\/www.gaveanews.com\/?s={search_term_string}"},"query-input":{"@type":"PropertyValueSpecification","valueRequired":true,"valueName":"search_term_string"}}],"inLanguage":"pt-BR"},{"@type":"Person","@id":"https:\/\/www.gaveanews.com\/#\/schema\/person\/bd08f00534b403119b92741a6d469ef0","name":"Hudson Pereira","image":{"@type":"ImageObject","inLanguage":"pt-BR","@id":"https:\/\/www.gaveanews.com\/#\/schema\/person\/image\/","url":"https:\/\/secure.gravatar.com\/avatar\/ecc491b489e454e510efffc9b23c1052ce5fb4f2e05555768ba65819cd55f03e?s=96&d=mm&r=g","contentUrl":"https:\/\/secure.gravatar.com\/avatar\/ecc491b489e454e510efffc9b23c1052ce5fb4f2e05555768ba65819cd55f03e?s=96&d=mm&r=g","caption":"Hudson Pereira"}}]}},"_links":{"self":[{"href":"https:\/\/www.gaveanews.com\/index.php\/wp-json\/wp\/v2\/posts\/246400","targetHints":{"allow":["GET"]}}],"collection":[{"href":"https:\/\/www.gaveanews.com\/index.php\/wp-json\/wp\/v2\/posts"}],"about":[{"href":"https:\/\/www.gaveanews.com\/index.php\/wp-json\/wp\/v2\/types\/post"}],"author":[{"embeddable":true,"href":"https:\/\/www.gaveanews.com\/index.php\/wp-json\/wp\/v2\/users\/28"}],"replies":[{"embeddable":true,"href":"https:\/\/www.gaveanews.com\/index.php\/wp-json\/wp\/v2\/comments?post=246400"}],"version-history":[{"count":1,"href":"https:\/\/www.gaveanews.com\/index.php\/wp-json\/wp\/v2\/posts\/246400\/revisions"}],"predecessor-version":[{"id":246425,"href":"https:\/\/www.gaveanews.com\/index.php\/wp-json\/wp\/v2\/posts\/246400\/revisions\/246425"}],"wp:featuredmedia":[{"embeddable":true,"href":"https:\/\/www.gaveanews.com\/index.php\/wp-json\/wp\/v2\/media\/162593"}],"wp:attachment":[{"href":"https:\/\/www.gaveanews.com\/index.php\/wp-json\/wp\/v2\/media?parent=246400"}],"wp:term":[{"taxonomy":"category","embeddable":true,"href":"https:\/\/www.gaveanews.com\/index.php\/wp-json\/wp\/v2\/categories?post=246400"},{"taxonomy":"post_tag","embeddable":true,"href":"https:\/\/www.gaveanews.com\/index.php\/wp-json\/wp\/v2\/tags?post=246400"}],"curies":[{"name":"wp","href":"https:\/\/api.w.org\/{rel}","templated":true}]}}